{"id":67572,"date":"2026-01-20T15:03:03","date_gmt":"2026-01-20T14:03:03","guid":{"rendered":"https:\/\/www.livemag.it\/index.php\/2026\/01\/20\/crans-montana-sala-il-comune-di-milano-potrebbe-costituirsi-parte-civile\/"},"modified":"2026-01-20T15:03:03","modified_gmt":"2026-01-20T14:03:03","slug":"crans-montana-sala-il-comune-di-milano-potrebbe-costituirsi-parte-civile","status":"publish","type":"post","link":"https:\/\/www.livemag.it\/index.php\/2026\/01\/20\/crans-montana-sala-il-comune-di-milano-potrebbe-costituirsi-parte-civile\/","title":{"rendered":"<div>Crans Montana, Sala &#8220;Il Comune di Milano potrebbe costituirsi parte civile&#8221;<\/div>"},"content":{"rendered":"<p>    <video-js id=\"videojs69f1568c795d8\" class=\"vjs-big-play-centered\" controls preload=\"auto\" playsinline data-setup='{\"fluid\": true}'>\r\n        <source src=\"https:\/\/video.italpress.com\/play\/mp4\/video\/Jxqy\" type=\"video\/mp4\" \/>\r\n    <\/video-js>\r\n           <br \/>\n<\/p>\n<div> MILANO (ITALPRESS) &#8211; &#8220;Ho fatto una visita per vedere le condizioni dei ragazzi&#8221; coinvolti nei fatti di Crans Montana ricoverati al Niguarda &#8220;e per parlare con le famiglie che erano presenti. Il Niguarda \u00e8 una struttura veramente straordinaria. La situazione per alcuni casi \u00e8 ancora delicata, per altri invece \u00e8 in risoluzione. Certamente di fronte a questa tragedia credo che il ruolo che debba avere il Comune di Milano \u00e8 essere uniti per chiedere giustizia perch\u00e9 non questa tragedia non nasce dal caso ma da qualcosa di pi\u00f9 di un errore&#8221;. Cos\u00ec il sindaco di Milano, Giuseppe Sala, durante l&#8217;inaugurazione della nuova centrale operativa della Polizia locale. &#8220;Altri investigheranno, per\u00f2 noi saremo partecipi insieme alle famiglie. Potr\u00e0 essere una costituzione a parte civile, vedremo con la nostra avvocatura qual \u00e8 il modo migliore &#8211; ha spiegato poi il sindaco &#8211; . Ovviamente noi non vogliamo avere nessun protagonismo ma essere vicini alla famiglia&#8221;. <\/p>\n<p>xm4\/trl\/mca1<\/p><\/div>\n","protected":false},"excerpt":{"rendered":"<p>MILANO (ITALPRESS) &#8211; &#8220;Ho fatto una visita per vedere le condizioni dei ragazzi&#8221; coinvolti nei fatti di Crans Montana ricoverati al Niguarda &#8220;e per parlare con le famiglie che erano presenti. Il Niguarda \u00e8 una struttura veramente straordinaria. La situazione per alcuni casi \u00e8 ancora delicata, per altri invece \u00e8 in risoluzione. Certamente di fronte [&hellip;]<\/p>\n","protected":false},"author":16,"featured_media":67573,"comment_status":"closed","ping_status":"closed","sticky":false,"template":"","format":"video","meta":{"jnews-multi-image_gallery":[],"jnews_single_post":[],"jnews_primary_category":[],"jnews_social_meta":[],"jnews_override_counter":[],"jnews_post_split":[],"footnotes":""},"categories":[1171],"tags":[],"class_list":["post-67572","post","type-post","status-publish","format-video","has-post-thumbnail","hentry","category-video","post_format-post-format-video"],"yoast_head":"<!-- This site is optimized with the Yoast SEO plugin v27.5 - https:\/\/yoast.com\/product\/yoast-seo-wordpress\/ -->\n<title>Crans Montana, Sala &quot;Il Comune di Milano potrebbe costituirsi parte civile&quot; - Live Magazine<\/title>\n<meta name=\"robots\" content=\"index, follow, max-snippet:-1, max-image-preview:large, max-video-preview:-1\" \/>\n<link rel=\"canonical\" href=\"https:\/\/www.livemag.it\/index.php\/2026\/01\/20\/crans-montana-sala-il-comune-di-milano-potrebbe-costituirsi-parte-civile\/\" \/>\n<meta property=\"og:locale\" content=\"it_IT\" \/>\n<meta property=\"og:type\" content=\"article\" \/>\n<meta property=\"og:title\" content=\"Crans Montana, Sala &quot;Il Comune di Milano potrebbe costituirsi parte civile&quot; - Live Magazine\" \/>\n<meta property=\"og:description\" content=\"MILANO (ITALPRESS) &#8211; &#8220;Ho fatto una visita per vedere le condizioni dei ragazzi&#8221; coinvolti nei fatti di Crans Montana ricoverati al Niguarda &#8220;e per parlare con le famiglie che erano presenti. Il Niguarda \u00e8 una struttura veramente straordinaria. La situazione per alcuni casi \u00e8 ancora delicata, per altri invece \u00e8 in risoluzione. Certamente di fronte [&hellip;]\" \/>\n<meta property=\"og:url\" content=\"https:\/\/www.livemag.it\/index.php\/2026\/01\/20\/crans-montana-sala-il-comune-di-milano-potrebbe-costituirsi-parte-civile\/\" \/>\n<meta property=\"og:site_name\" content=\"Live Magazine\" \/>\n<meta property=\"article:publisher\" content=\"https:\/\/www.facebook.com\/LiveMag\/\" \/>\n<meta property=\"article:published_time\" content=\"2026-01-20T14:03:03+00:00\" \/>\n<meta property=\"og:image\" content=\"https:\/\/www.livemag.it\/wp-content\/uploads\/2024\/02\/ograph.jpg\" \/>\n\t<meta property=\"og:image:width\" content=\"1200\" \/>\n\t<meta property=\"og:image:height\" content=\"675\" \/>\n\t<meta property=\"og:image:type\" content=\"image\/jpeg\" \/>\n<meta name=\"author\" content=\"italpress\" \/>\n<meta name=\"twitter:card\" content=\"summary_large_image\" \/>\n<meta name=\"twitter:creator\" content=\"@LiveNotizie\" \/>\n<meta name=\"twitter:site\" content=\"@LiveNotizie\" \/>\n<meta name=\"twitter:label1\" content=\"Scritto da\" \/>\n\t<meta name=\"twitter:data1\" content=\"italpress\" \/>\n\t<meta name=\"twitter:label2\" content=\"Tempo di lettura stimato\" \/>\n\t<meta name=\"twitter:data2\" content=\"1 minuto\" \/>\n<script type=\"application\/ld+json\" class=\"yoast-schema-graph\">{\"@context\":\"https:\\\/\\\/schema.org\",\"@graph\":[{\"@type\":\"Article\",\"@id\":\"https:\\\/\\\/www.livemag.it\\\/index.php\\\/2026\\\/01\\\/20\\\/crans-montana-sala-il-comune-di-milano-potrebbe-costituirsi-parte-civile\\\/#article\",\"isPartOf\":{\"@id\":\"https:\\\/\\\/www.livemag.it\\\/index.php\\\/2026\\\/01\\\/20\\\/crans-montana-sala-il-comune-di-milano-potrebbe-costituirsi-parte-civile\\\/\"},\"author\":{\"name\":\"italpress\",\"@id\":\"https:\\\/\\\/www.livemag.it\\\/#\\\/schema\\\/person\\\/b62c5f44451fdcdaeb0afe6c2424e73c\"},\"headline\":\"Crans Montana, Sala &#8220;Il Comune di Milano potrebbe costituirsi parte civile&#8221;\",\"datePublished\":\"2026-01-20T14:03:03+00:00\",\"mainEntityOfPage\":{\"@id\":\"https:\\\/\\\/www.livemag.it\\\/index.php\\\/2026\\\/01\\\/20\\\/crans-montana-sala-il-comune-di-milano-potrebbe-costituirsi-parte-civile\\\/\"},\"wordCount\":173,\"publisher\":{\"@id\":\"https:\\\/\\\/www.livemag.it\\\/#organization\"},\"image\":{\"@id\":\"https:\\\/\\\/www.livemag.it\\\/index.php\\\/2026\\\/01\\\/20\\\/crans-montana-sala-il-comune-di-milano-potrebbe-costituirsi-parte-civile\\\/#primaryimage\"},\"thumbnailUrl\":\"https:\\\/\\\/www.livemag.it\\\/wp-content\\\/uploads\\\/2026\\\/01\\\/Jxqy.jpg\",\"articleSection\":[\"Video\"],\"inLanguage\":\"it-IT\"},{\"@type\":\"WebPage\",\"@id\":\"https:\\\/\\\/www.livemag.it\\\/index.php\\\/2026\\\/01\\\/20\\\/crans-montana-sala-il-comune-di-milano-potrebbe-costituirsi-parte-civile\\\/\",\"url\":\"https:\\\/\\\/www.livemag.it\\\/index.php\\\/2026\\\/01\\\/20\\\/crans-montana-sala-il-comune-di-milano-potrebbe-costituirsi-parte-civile\\\/\",\"name\":\"Crans Montana, Sala \\\"Il Comune di Milano potrebbe costituirsi parte civile\\\" - Live Magazine\",\"isPartOf\":{\"@id\":\"https:\\\/\\\/www.livemag.it\\\/#website\"},\"primaryImageOfPage\":{\"@id\":\"https:\\\/\\\/www.livemag.it\\\/index.php\\\/2026\\\/01\\\/20\\\/crans-montana-sala-il-comune-di-milano-potrebbe-costituirsi-parte-civile\\\/#primaryimage\"},\"image\":{\"@id\":\"https:\\\/\\\/www.livemag.it\\\/index.php\\\/2026\\\/01\\\/20\\\/crans-montana-sala-il-comune-di-milano-potrebbe-costituirsi-parte-civile\\\/#primaryimage\"},\"thumbnailUrl\":\"https:\\\/\\\/www.livemag.it\\\/wp-content\\\/uploads\\\/2026\\\/01\\\/Jxqy.jpg\",\"datePublished\":\"2026-01-20T14:03:03+00:00\",\"breadcrumb\":{\"@id\":\"https:\\\/\\\/www.livemag.it\\\/index.php\\\/2026\\\/01\\\/20\\\/crans-montana-sala-il-comune-di-milano-potrebbe-costituirsi-parte-civile\\\/#breadcrumb\"},\"inLanguage\":\"it-IT\",\"potentialAction\":[{\"@type\":\"ReadAction\",\"target\":[\"https:\\\/\\\/www.livemag.it\\\/index.php\\\/2026\\\/01\\\/20\\\/crans-montana-sala-il-comune-di-milano-potrebbe-costituirsi-parte-civile\\\/\"]}]},{\"@type\":\"ImageObject\",\"inLanguage\":\"it-IT\",\"@id\":\"https:\\\/\\\/www.livemag.it\\\/index.php\\\/2026\\\/01\\\/20\\\/crans-montana-sala-il-comune-di-milano-potrebbe-costituirsi-parte-civile\\\/#primaryimage\",\"url\":\"https:\\\/\\\/www.livemag.it\\\/wp-content\\\/uploads\\\/2026\\\/01\\\/Jxqy.jpg\",\"contentUrl\":\"https:\\\/\\\/www.livemag.it\\\/wp-content\\\/uploads\\\/2026\\\/01\\\/Jxqy.jpg\",\"width\":1920,\"height\":1080},{\"@type\":\"BreadcrumbList\",\"@id\":\"https:\\\/\\\/www.livemag.it\\\/index.php\\\/2026\\\/01\\\/20\\\/crans-montana-sala-il-comune-di-milano-potrebbe-costituirsi-parte-civile\\\/#breadcrumb\",\"itemListElement\":[{\"@type\":\"ListItem\",\"position\":1,\"name\":\"Home\",\"item\":\"https:\\\/\\\/www.livemag.it\\\/\"},{\"@type\":\"ListItem\",\"position\":2,\"name\":\"Crans Montana, Sala &#8220;Il Comune di Milano potrebbe costituirsi parte civile&#8221;\"}]},{\"@type\":\"WebSite\",\"@id\":\"https:\\\/\\\/www.livemag.it\\\/#website\",\"url\":\"https:\\\/\\\/www.livemag.it\\\/\",\"name\":\"Live Magazine\",\"description\":\"Varie ed eventi\",\"publisher\":{\"@id\":\"https:\\\/\\\/www.livemag.it\\\/#organization\"},\"potentialAction\":[{\"@type\":\"SearchAction\",\"target\":{\"@type\":\"EntryPoint\",\"urlTemplate\":\"https:\\\/\\\/www.livemag.it\\\/?s={search_term_string}\"},\"query-input\":{\"@type\":\"PropertyValueSpecification\",\"valueRequired\":true,\"valueName\":\"search_term_string\"}}],\"inLanguage\":\"it-IT\"},{\"@type\":\"Organization\",\"@id\":\"https:\\\/\\\/www.livemag.it\\\/#organization\",\"name\":\"LiveMag\",\"alternateName\":\"LiveMag News ed eventi\",\"url\":\"https:\\\/\\\/www.livemag.it\\\/\",\"logo\":{\"@type\":\"ImageObject\",\"inLanguage\":\"it-IT\",\"@id\":\"https:\\\/\\\/www.livemag.it\\\/#\\\/schema\\\/logo\\\/image\\\/\",\"url\":\"https:\\\/\\\/www.livemag.it\\\/wp-content\\\/uploads\\\/2024\\\/02\\\/immagine-sito.jpg\",\"contentUrl\":\"https:\\\/\\\/www.livemag.it\\\/wp-content\\\/uploads\\\/2024\\\/02\\\/immagine-sito.jpg\",\"width\":696,\"height\":696,\"caption\":\"LiveMag\"},\"image\":{\"@id\":\"https:\\\/\\\/www.livemag.it\\\/#\\\/schema\\\/logo\\\/image\\\/\"},\"sameAs\":[\"https:\\\/\\\/www.facebook.com\\\/LiveMag\\\/\",\"https:\\\/\\\/x.com\\\/LiveNotizie\",\"https:\\\/\\\/www.instagram.com\\\/livemag\\\/\"]},{\"@type\":\"Person\",\"@id\":\"https:\\\/\\\/www.livemag.it\\\/#\\\/schema\\\/person\\\/b62c5f44451fdcdaeb0afe6c2424e73c\",\"name\":\"italpress\",\"image\":{\"@type\":\"ImageObject\",\"inLanguage\":\"it-IT\",\"@id\":\"https:\\\/\\\/secure.gravatar.com\\\/avatar\\\/b6a21695fc713ce7ee312cf57c97e2e641feb365be72d8745574d3c3e2b59066?s=96&r=g\",\"url\":\"https:\\\/\\\/secure.gravatar.com\\\/avatar\\\/b6a21695fc713ce7ee312cf57c97e2e641feb365be72d8745574d3c3e2b59066?s=96&r=g\",\"contentUrl\":\"https:\\\/\\\/secure.gravatar.com\\\/avatar\\\/b6a21695fc713ce7ee312cf57c97e2e641feb365be72d8745574d3c3e2b59066?s=96&r=g\",\"caption\":\"italpress\"},\"description\":\"Italpress \u00e8 un'agenzia di stampa italiana a carattere nazionale.\",\"url\":\"https:\\\/\\\/www.livemag.it\\\/index.php\\\/author\\\/italpress\\\/\"}]}<\/script>\n<!-- \/ Yoast SEO plugin. -->","yoast_head_json":{"title":"Crans Montana, Sala \"Il Comune di Milano potrebbe costituirsi parte civile\" - Live Magazine","robots":{"index":"index","follow":"follow","max-snippet":"max-snippet:-1","max-image-preview":"max-image-preview:large","max-video-preview":"max-video-preview:-1"},"canonical":"https:\/\/www.livemag.it\/index.php\/2026\/01\/20\/crans-montana-sala-il-comune-di-milano-potrebbe-costituirsi-parte-civile\/","og_locale":"it_IT","og_type":"article","og_title":"Crans Montana, Sala \"Il Comune di Milano potrebbe costituirsi parte civile\" - Live Magazine","og_description":"MILANO (ITALPRESS) &#8211; &#8220;Ho fatto una visita per vedere le condizioni dei ragazzi&#8221; coinvolti nei fatti di Crans Montana ricoverati al Niguarda &#8220;e per parlare con le famiglie che erano presenti. Il Niguarda \u00e8 una struttura veramente straordinaria. La situazione per alcuni casi \u00e8 ancora delicata, per altri invece \u00e8 in risoluzione. Certamente di fronte [&hellip;]","og_url":"https:\/\/www.livemag.it\/index.php\/2026\/01\/20\/crans-montana-sala-il-comune-di-milano-potrebbe-costituirsi-parte-civile\/","og_site_name":"Live Magazine","article_publisher":"https:\/\/www.facebook.com\/LiveMag\/","article_published_time":"2026-01-20T14:03:03+00:00","og_image":[{"width":1200,"height":675,"url":"https:\/\/www.livemag.it\/wp-content\/uploads\/2024\/02\/ograph.jpg","type":"image\/jpeg"}],"author":"italpress","twitter_card":"summary_large_image","twitter_creator":"@LiveNotizie","twitter_site":"@LiveNotizie","twitter_misc":{"Scritto da":"italpress","Tempo di lettura stimato":"1 minuto"},"schema":{"@context":"https:\/\/schema.org","@graph":[{"@type":"Article","@id":"https:\/\/www.livemag.it\/index.php\/2026\/01\/20\/crans-montana-sala-il-comune-di-milano-potrebbe-costituirsi-parte-civile\/#article","isPartOf":{"@id":"https:\/\/www.livemag.it\/index.php\/2026\/01\/20\/crans-montana-sala-il-comune-di-milano-potrebbe-costituirsi-parte-civile\/"},"author":{"name":"italpress","@id":"https:\/\/www.livemag.it\/#\/schema\/person\/b62c5f44451fdcdaeb0afe6c2424e73c"},"headline":"Crans Montana, Sala &#8220;Il Comune di Milano potrebbe costituirsi parte civile&#8221;","datePublished":"2026-01-20T14:03:03+00:00","mainEntityOfPage":{"@id":"https:\/\/www.livemag.it\/index.php\/2026\/01\/20\/crans-montana-sala-il-comune-di-milano-potrebbe-costituirsi-parte-civile\/"},"wordCount":173,"publisher":{"@id":"https:\/\/www.livemag.it\/#organization"},"image":{"@id":"https:\/\/www.livemag.it\/index.php\/2026\/01\/20\/crans-montana-sala-il-comune-di-milano-potrebbe-costituirsi-parte-civile\/#primaryimage"},"thumbnailUrl":"https:\/\/www.livemag.it\/wp-content\/uploads\/2026\/01\/Jxqy.jpg","articleSection":["Video"],"inLanguage":"it-IT"},{"@type":"WebPage","@id":"https:\/\/www.livemag.it\/index.php\/2026\/01\/20\/crans-montana-sala-il-comune-di-milano-potrebbe-costituirsi-parte-civile\/","url":"https:\/\/www.livemag.it\/index.php\/2026\/01\/20\/crans-montana-sala-il-comune-di-milano-potrebbe-costituirsi-parte-civile\/","name":"Crans Montana, Sala \"Il Comune di Milano potrebbe costituirsi parte civile\" - Live Magazine","isPartOf":{"@id":"https:\/\/www.livemag.it\/#website"},"primaryImageOfPage":{"@id":"https:\/\/www.livemag.it\/index.php\/2026\/01\/20\/crans-montana-sala-il-comune-di-milano-potrebbe-costituirsi-parte-civile\/#primaryimage"},"image":{"@id":"https:\/\/www.livemag.it\/index.php\/2026\/01\/20\/crans-montana-sala-il-comune-di-milano-potrebbe-costituirsi-parte-civile\/#primaryimage"},"thumbnailUrl":"https:\/\/www.livemag.it\/wp-content\/uploads\/2026\/01\/Jxqy.jpg","datePublished":"2026-01-20T14:03:03+00:00","breadcrumb":{"@id":"https:\/\/www.livemag.it\/index.php\/2026\/01\/20\/crans-montana-sala-il-comune-di-milano-potrebbe-costituirsi-parte-civile\/#breadcrumb"},"inLanguage":"it-IT","potentialAction":[{"@type":"ReadAction","target":["https:\/\/www.livemag.it\/index.php\/2026\/01\/20\/crans-montana-sala-il-comune-di-milano-potrebbe-costituirsi-parte-civile\/"]}]},{"@type":"ImageObject","inLanguage":"it-IT","@id":"https:\/\/www.livemag.it\/index.php\/2026\/01\/20\/crans-montana-sala-il-comune-di-milano-potrebbe-costituirsi-parte-civile\/#primaryimage","url":"https:\/\/www.livemag.it\/wp-content\/uploads\/2026\/01\/Jxqy.jpg","contentUrl":"https:\/\/www.livemag.it\/wp-content\/uploads\/2026\/01\/Jxqy.jpg","width":1920,"height":1080},{"@type":"BreadcrumbList","@id":"https:\/\/www.livemag.it\/index.php\/2026\/01\/20\/crans-montana-sala-il-comune-di-milano-potrebbe-costituirsi-parte-civile\/#breadcrumb","itemListElement":[{"@type":"ListItem","position":1,"name":"Home","item":"https:\/\/www.livemag.it\/"},{"@type":"ListItem","position":2,"name":"Crans Montana, Sala &#8220;Il Comune di Milano potrebbe costituirsi parte civile&#8221;"}]},{"@type":"WebSite","@id":"https:\/\/www.livemag.it\/#website","url":"https:\/\/www.livemag.it\/","name":"Live Magazine","description":"Varie ed eventi","publisher":{"@id":"https:\/\/www.livemag.it\/#organization"},"potentialAction":[{"@type":"SearchAction","target":{"@type":"EntryPoint","urlTemplate":"https:\/\/www.livemag.it\/?s={search_term_string}"},"query-input":{"@type":"PropertyValueSpecification","valueRequired":true,"valueName":"search_term_string"}}],"inLanguage":"it-IT"},{"@type":"Organization","@id":"https:\/\/www.livemag.it\/#organization","name":"LiveMag","alternateName":"LiveMag News ed eventi","url":"https:\/\/www.livemag.it\/","logo":{"@type":"ImageObject","inLanguage":"it-IT","@id":"https:\/\/www.livemag.it\/#\/schema\/logo\/image\/","url":"https:\/\/www.livemag.it\/wp-content\/uploads\/2024\/02\/immagine-sito.jpg","contentUrl":"https:\/\/www.livemag.it\/wp-content\/uploads\/2024\/02\/immagine-sito.jpg","width":696,"height":696,"caption":"LiveMag"},"image":{"@id":"https:\/\/www.livemag.it\/#\/schema\/logo\/image\/"},"sameAs":["https:\/\/www.facebook.com\/LiveMag\/","https:\/\/x.com\/LiveNotizie","https:\/\/www.instagram.com\/livemag\/"]},{"@type":"Person","@id":"https:\/\/www.livemag.it\/#\/schema\/person\/b62c5f44451fdcdaeb0afe6c2424e73c","name":"italpress","image":{"@type":"ImageObject","inLanguage":"it-IT","@id":"https:\/\/secure.gravatar.com\/avatar\/b6a21695fc713ce7ee312cf57c97e2e641feb365be72d8745574d3c3e2b59066?s=96&r=g","url":"https:\/\/secure.gravatar.com\/avatar\/b6a21695fc713ce7ee312cf57c97e2e641feb365be72d8745574d3c3e2b59066?s=96&r=g","contentUrl":"https:\/\/secure.gravatar.com\/avatar\/b6a21695fc713ce7ee312cf57c97e2e641feb365be72d8745574d3c3e2b59066?s=96&r=g","caption":"italpress"},"description":"Italpress \u00e8 un'agenzia di stampa italiana a carattere nazionale.","url":"https:\/\/www.livemag.it\/index.php\/author\/italpress\/"}]}},"jetpack_featured_media_url":"https:\/\/www.livemag.it\/wp-content\/uploads\/2026\/01\/Jxqy.jpg","_links":{"self":[{"href":"https:\/\/www.livemag.it\/index.php\/wp-json\/wp\/v2\/posts\/67572","targetHints":{"allow":["GET"]}}],"collection":[{"href":"https:\/\/www.livemag.it\/index.php\/wp-json\/wp\/v2\/posts"}],"about":[{"href":"https:\/\/www.livemag.it\/index.php\/wp-json\/wp\/v2\/types\/post"}],"author":[{"embeddable":true,"href":"https:\/\/www.livemag.it\/index.php\/wp-json\/wp\/v2\/users\/16"}],"replies":[{"embeddable":true,"href":"https:\/\/www.livemag.it\/index.php\/wp-json\/wp\/v2\/comments?post=67572"}],"version-history":[{"count":0,"href":"https:\/\/www.livemag.it\/index.php\/wp-json\/wp\/v2\/posts\/67572\/revisions"}],"wp:featuredmedia":[{"embeddable":true,"href":"https:\/\/www.livemag.it\/index.php\/wp-json\/wp\/v2\/media\/67573"}],"wp:attachment":[{"href":"https:\/\/www.livemag.it\/index.php\/wp-json\/wp\/v2\/media?parent=67572"}],"wp:term":[{"taxonomy":"category","embeddable":true,"href":"https:\/\/www.livemag.it\/index.php\/wp-json\/wp\/v2\/categories?post=67572"},{"taxonomy":"post_tag","embeddable":true,"href":"https:\/\/www.livemag.it\/index.php\/wp-json\/wp\/v2\/tags?post=67572"}],"curies":[{"name":"wp","href":"https:\/\/api.w.org\/{rel}","templated":true}]}}