{"id":67509,"date":"2026-01-19T18:02:55","date_gmt":"2026-01-19T17:02:55","guid":{"rendered":"https:\/\/www.livemag.it\/index.php\/2026\/01\/19\/anas-aperto-al-traffico-in-lombardia-il-nuovo-ponte-manzoni\/"},"modified":"2026-01-19T18:02:55","modified_gmt":"2026-01-19T17:02:55","slug":"anas-aperto-al-traffico-in-lombardia-il-nuovo-ponte-manzoni","status":"publish","type":"post","link":"https:\/\/www.livemag.it\/index.php\/2026\/01\/19\/anas-aperto-al-traffico-in-lombardia-il-nuovo-ponte-manzoni\/","title":{"rendered":"Anas, aperto al traffico in Lombardia il nuovo Ponte Manzoni"},"content":{"rendered":"<div>\n<p>LECCO (ITALPRESS) \u2013 In anticipo rispetto al cronoprogramma \u00e8 stato aperto oggi al traffico il nuovo Ponte Manzoni lungo la strada statale 36 \u201cdel Lago di Como e dello Spluga\u201d. L\u2019opera, realizzata da Anas in affiancamento al ponte esistente, migliora in modo significativo la viabilit\u00e0 tra le due sponde dell\u2019Adda nel territorio di Lecco e Pescate lungo uno degli assi strategici tra Milano e la Valtellina. Alla cerimonia erano presenti il Vicepresidente del Consiglio e Ministro delle Infrastrutture e dei Trasporti, Matteo Salvini, e l\u2019Amministratore delegato di Anas, Claudio Andrea Gemme. Hanno partecipato, tra gli altri, il presidente della Regione Lombardia Attilio Fontana, il prefetto di Lecco Paolo Giuseppe Alfredo Ponta, la presidente della Provincia di Lecco Alessandra Hofmann, il sindaco di Pescate Dante De Capitani e il sindaco di Lecco Mauro Gattinoni. <br \/>\u201cQuesta nuova infrastruttura rappresenta un passo decisivo per il miglioramento della viabilit\u00e0 locale e regionale \u2013 ha detto l\u2019AD di Anas Gemme \u2013 l\u2019opera, al termine delle Olimpiadi Milano Cortina 2026, garantir\u00e0 una mobilit\u00e0 pi\u00f9 sostenibile nel collegamento tra le due sponde dell\u2019Adda. Con grande soddisfazione siamo qui in un momento cos\u00ec significativo per il territorio lombardo. Abbiamo raggiunto un obiettivo sfidante grazie all\u2019impegno di Anas svolto in sinergia con il MIT\u201d. <br \/>A dare il via ai lavori con la posa della prima pietra era stato proprio il ministro Salvini il 1\u00b0 marzo 2024 con l\u2019impegno di rendere fruibile il tracciato prima dell\u2019avvio dell\u2019evento olimpico. Obiettivo oggi rispettato in pieno. <br \/>Da oggi il nuovo Ponte Manzoni \u00e8 operativo: destinato a migliorare la circolazione tra le due sponde dell\u2019Adda e a rendere pi\u00f9 scorrevole il principale collegamento tra Milano e la Valtellina. Quello gi\u00e0 esistente, costruito negli anni Ottanta, ha servito per decenni il territorio e ha sostenuto volumi di traffico sempre pi\u00f9 elevati. L\u2019adeguamento a tre corsie dell\u2019opera originaria, reso possibile dalla realizzazione del nuovo ponte, risponde all\u2019esigenza di separare il traffico urbano da quello di lunga percorrenza cos\u00ec da garantire spostamenti pi\u00f9 fluidi e sicuri. <br \/>La nuova infrastruttura ha una lunghezza complessiva di 780 metri con una piattaforma stradale larga 10,50 metri. Il ponte principale a scavalco dell\u2019Adda, realizzato con impalcato in acciaio, \u00e8 composto da quattro campate per una lunghezza totale di 366,6 metri. <br \/>Il nuovo ponte \u00e8 dotato anche di una pista ciclabile larga 2,50 metri, che attraversa il fiume Adda, per favorire la mobilit\u00e0 dolce. <br \/>L\u2019investimento complessivo per la nuova infrastruttura ammonta a 35,6 milioni di euro. <br \/>Oggi \u00e8 stato aperto anche il nuovo svincolo di Piona lungo la S.S. 36 in comune di Colico al termine dei lavori finalizzati al potenziamento dell\u2019opera anch\u2019essa rientrante fra gli interventi strategici per i Giochi Olimpici Invernali 2026. <br \/>I lavori completano e migliorano l\u2019esistente svincolo attraverso la costruzione di una rampa di ingresso alla S.S. 36 in direzione Sondrio e una rampa di uscita verso il centro cittadino di Colico. Cos\u00ec da permettere all\u2019utenza di svolgere in sicurezza tutte le manovre di connessione tra la strada statale e la viabilit\u00e0 provinciale. Lungo la S.P. 72 \u00e8 stata realizzata una rotatoria che ottimizza e fluidifica ulteriormente la circolazione veicolare. L\u2019investimento complessivo per il nuovo svincolo ammonta a oltre 8 milioni di euro. <\/p>\n<p>\u2013 foto ufficio stampa Anas \u2013<br \/>(ITALPRESS).<\/p>\n<\/div>\n","protected":false},"excerpt":{"rendered":"<p>LECCO (ITALPRESS) \u2013 In anticipo rispetto al cronoprogramma \u00e8 stato aperto oggi al traffico il nuovo Ponte Manzoni lungo la strada statale 36 \u201cdel Lago di Como e dello Spluga\u201d. L\u2019opera, realizzata da Anas in affiancamento al ponte esistente, migliora in modo significativo la viabilit\u00e0 tra le due sponde dell\u2019Adda nel territorio di Lecco e [&hellip;]<\/p>\n","protected":false},"author":16,"featured_media":67510,"comment_status":"closed","ping_status":"closed","sticky":false,"template":"","format":"standard","meta":{"jnews-multi-image_gallery":[],"jnews_single_post":[],"jnews_primary_category":[],"jnews_social_meta":[],"jnews_override_counter":[],"jnews_post_split":[],"footnotes":""},"categories":[1129],"tags":[],"class_list":["post-67509","post","type-post","status-publish","format-standard","has-post-thumbnail","hentry","category-mondo"],"yoast_head":"<!-- This site is optimized with the Yoast SEO plugin v27.5 - https:\/\/yoast.com\/product\/yoast-seo-wordpress\/ -->\n<title>Anas, aperto al traffico in Lombardia il nuovo Ponte Manzoni - Live Magazine<\/title>\n<meta name=\"robots\" content=\"index, follow, max-snippet:-1, max-image-preview:large, max-video-preview:-1\" \/>\n<link rel=\"canonical\" href=\"https:\/\/www.livemag.it\/index.php\/2026\/01\/19\/anas-aperto-al-traffico-in-lombardia-il-nuovo-ponte-manzoni\/\" \/>\n<meta property=\"og:locale\" content=\"it_IT\" \/>\n<meta property=\"og:type\" content=\"article\" \/>\n<meta property=\"og:title\" content=\"Anas, aperto al traffico in Lombardia il nuovo Ponte Manzoni - Live Magazine\" \/>\n<meta property=\"og:description\" content=\"LECCO (ITALPRESS) \u2013 In anticipo rispetto al cronoprogramma \u00e8 stato aperto oggi al traffico il nuovo Ponte Manzoni lungo la strada statale 36 \u201cdel Lago di Como e dello Spluga\u201d. L\u2019opera, realizzata da Anas in affiancamento al ponte esistente, migliora in modo significativo la viabilit\u00e0 tra le due sponde dell\u2019Adda nel territorio di Lecco e [&hellip;]\" \/>\n<meta property=\"og:url\" content=\"https:\/\/www.livemag.it\/index.php\/2026\/01\/19\/anas-aperto-al-traffico-in-lombardia-il-nuovo-ponte-manzoni\/\" \/>\n<meta property=\"og:site_name\" content=\"Live Magazine\" \/>\n<meta property=\"article:publisher\" content=\"https:\/\/www.facebook.com\/LiveMag\/\" \/>\n<meta property=\"article:published_time\" content=\"2026-01-19T17:02:55+00:00\" \/>\n<meta property=\"og:image\" content=\"https:\/\/www.livemag.it\/wp-content\/uploads\/2024\/02\/ograph.jpg\" \/>\n\t<meta property=\"og:image:width\" content=\"1200\" \/>\n\t<meta property=\"og:image:height\" content=\"675\" \/>\n\t<meta property=\"og:image:type\" content=\"image\/jpeg\" \/>\n<meta name=\"author\" content=\"italpress\" \/>\n<meta name=\"twitter:card\" content=\"summary_large_image\" \/>\n<meta name=\"twitter:creator\" content=\"@LiveNotizie\" \/>\n<meta name=\"twitter:site\" content=\"@LiveNotizie\" \/>\n<meta name=\"twitter:label1\" content=\"Scritto da\" \/>\n\t<meta name=\"twitter:data1\" content=\"italpress\" \/>\n\t<meta name=\"twitter:label2\" content=\"Tempo di lettura stimato\" \/>\n\t<meta name=\"twitter:data2\" content=\"3 minuti\" \/>\n<script type=\"application\/ld+json\" class=\"yoast-schema-graph\">{\"@context\":\"https:\\\/\\\/schema.org\",\"@graph\":[{\"@type\":\"Article\",\"@id\":\"https:\\\/\\\/www.livemag.it\\\/index.php\\\/2026\\\/01\\\/19\\\/anas-aperto-al-traffico-in-lombardia-il-nuovo-ponte-manzoni\\\/#article\",\"isPartOf\":{\"@id\":\"https:\\\/\\\/www.livemag.it\\\/index.php\\\/2026\\\/01\\\/19\\\/anas-aperto-al-traffico-in-lombardia-il-nuovo-ponte-manzoni\\\/\"},\"author\":{\"name\":\"italpress\",\"@id\":\"https:\\\/\\\/www.livemag.it\\\/#\\\/schema\\\/person\\\/b62c5f44451fdcdaeb0afe6c2424e73c\"},\"headline\":\"Anas, aperto al traffico in Lombardia il nuovo Ponte Manzoni\",\"datePublished\":\"2026-01-19T17:02:55+00:00\",\"mainEntityOfPage\":{\"@id\":\"https:\\\/\\\/www.livemag.it\\\/index.php\\\/2026\\\/01\\\/19\\\/anas-aperto-al-traffico-in-lombardia-il-nuovo-ponte-manzoni\\\/\"},\"wordCount\":541,\"publisher\":{\"@id\":\"https:\\\/\\\/www.livemag.it\\\/#organization\"},\"image\":{\"@id\":\"https:\\\/\\\/www.livemag.it\\\/index.php\\\/2026\\\/01\\\/19\\\/anas-aperto-al-traffico-in-lombardia-il-nuovo-ponte-manzoni\\\/#primaryimage\"},\"thumbnailUrl\":\"https:\\\/\\\/www.livemag.it\\\/wp-content\\\/uploads\\\/2026\\\/01\\\/20260119_1722.jpg\",\"articleSection\":[\"Mondo\"],\"inLanguage\":\"it-IT\"},{\"@type\":\"WebPage\",\"@id\":\"https:\\\/\\\/www.livemag.it\\\/index.php\\\/2026\\\/01\\\/19\\\/anas-aperto-al-traffico-in-lombardia-il-nuovo-ponte-manzoni\\\/\",\"url\":\"https:\\\/\\\/www.livemag.it\\\/index.php\\\/2026\\\/01\\\/19\\\/anas-aperto-al-traffico-in-lombardia-il-nuovo-ponte-manzoni\\\/\",\"name\":\"Anas, aperto al traffico in Lombardia il nuovo Ponte Manzoni - Live Magazine\",\"isPartOf\":{\"@id\":\"https:\\\/\\\/www.livemag.it\\\/#website\"},\"primaryImageOfPage\":{\"@id\":\"https:\\\/\\\/www.livemag.it\\\/index.php\\\/2026\\\/01\\\/19\\\/anas-aperto-al-traffico-in-lombardia-il-nuovo-ponte-manzoni\\\/#primaryimage\"},\"image\":{\"@id\":\"https:\\\/\\\/www.livemag.it\\\/index.php\\\/2026\\\/01\\\/19\\\/anas-aperto-al-traffico-in-lombardia-il-nuovo-ponte-manzoni\\\/#primaryimage\"},\"thumbnailUrl\":\"https:\\\/\\\/www.livemag.it\\\/wp-content\\\/uploads\\\/2026\\\/01\\\/20260119_1722.jpg\",\"datePublished\":\"2026-01-19T17:02:55+00:00\",\"breadcrumb\":{\"@id\":\"https:\\\/\\\/www.livemag.it\\\/index.php\\\/2026\\\/01\\\/19\\\/anas-aperto-al-traffico-in-lombardia-il-nuovo-ponte-manzoni\\\/#breadcrumb\"},\"inLanguage\":\"it-IT\",\"potentialAction\":[{\"@type\":\"ReadAction\",\"target\":[\"https:\\\/\\\/www.livemag.it\\\/index.php\\\/2026\\\/01\\\/19\\\/anas-aperto-al-traffico-in-lombardia-il-nuovo-ponte-manzoni\\\/\"]}]},{\"@type\":\"ImageObject\",\"inLanguage\":\"it-IT\",\"@id\":\"https:\\\/\\\/www.livemag.it\\\/index.php\\\/2026\\\/01\\\/19\\\/anas-aperto-al-traffico-in-lombardia-il-nuovo-ponte-manzoni\\\/#primaryimage\",\"url\":\"https:\\\/\\\/www.livemag.it\\\/wp-content\\\/uploads\\\/2026\\\/01\\\/20260119_1722.jpg\",\"contentUrl\":\"https:\\\/\\\/www.livemag.it\\\/wp-content\\\/uploads\\\/2026\\\/01\\\/20260119_1722.jpg\",\"width\":1024,\"height\":576},{\"@type\":\"BreadcrumbList\",\"@id\":\"https:\\\/\\\/www.livemag.it\\\/index.php\\\/2026\\\/01\\\/19\\\/anas-aperto-al-traffico-in-lombardia-il-nuovo-ponte-manzoni\\\/#breadcrumb\",\"itemListElement\":[{\"@type\":\"ListItem\",\"position\":1,\"name\":\"Home\",\"item\":\"https:\\\/\\\/www.livemag.it\\\/\"},{\"@type\":\"ListItem\",\"position\":2,\"name\":\"Anas, aperto al traffico in Lombardia il nuovo Ponte Manzoni\"}]},{\"@type\":\"WebSite\",\"@id\":\"https:\\\/\\\/www.livemag.it\\\/#website\",\"url\":\"https:\\\/\\\/www.livemag.it\\\/\",\"name\":\"Live Magazine\",\"description\":\"Varie ed eventi\",\"publisher\":{\"@id\":\"https:\\\/\\\/www.livemag.it\\\/#organization\"},\"potentialAction\":[{\"@type\":\"SearchAction\",\"target\":{\"@type\":\"EntryPoint\",\"urlTemplate\":\"https:\\\/\\\/www.livemag.it\\\/?s={search_term_string}\"},\"query-input\":{\"@type\":\"PropertyValueSpecification\",\"valueRequired\":true,\"valueName\":\"search_term_string\"}}],\"inLanguage\":\"it-IT\"},{\"@type\":\"Organization\",\"@id\":\"https:\\\/\\\/www.livemag.it\\\/#organization\",\"name\":\"LiveMag\",\"alternateName\":\"LiveMag News ed eventi\",\"url\":\"https:\\\/\\\/www.livemag.it\\\/\",\"logo\":{\"@type\":\"ImageObject\",\"inLanguage\":\"it-IT\",\"@id\":\"https:\\\/\\\/www.livemag.it\\\/#\\\/schema\\\/logo\\\/image\\\/\",\"url\":\"https:\\\/\\\/www.livemag.it\\\/wp-content\\\/uploads\\\/2024\\\/02\\\/immagine-sito.jpg\",\"contentUrl\":\"https:\\\/\\\/www.livemag.it\\\/wp-content\\\/uploads\\\/2024\\\/02\\\/immagine-sito.jpg\",\"width\":696,\"height\":696,\"caption\":\"LiveMag\"},\"image\":{\"@id\":\"https:\\\/\\\/www.livemag.it\\\/#\\\/schema\\\/logo\\\/image\\\/\"},\"sameAs\":[\"https:\\\/\\\/www.facebook.com\\\/LiveMag\\\/\",\"https:\\\/\\\/x.com\\\/LiveNotizie\",\"https:\\\/\\\/www.instagram.com\\\/livemag\\\/\"]},{\"@type\":\"Person\",\"@id\":\"https:\\\/\\\/www.livemag.it\\\/#\\\/schema\\\/person\\\/b62c5f44451fdcdaeb0afe6c2424e73c\",\"name\":\"italpress\",\"image\":{\"@type\":\"ImageObject\",\"inLanguage\":\"it-IT\",\"@id\":\"https:\\\/\\\/secure.gravatar.com\\\/avatar\\\/b6a21695fc713ce7ee312cf57c97e2e641feb365be72d8745574d3c3e2b59066?s=96&r=g\",\"url\":\"https:\\\/\\\/secure.gravatar.com\\\/avatar\\\/b6a21695fc713ce7ee312cf57c97e2e641feb365be72d8745574d3c3e2b59066?s=96&r=g\",\"contentUrl\":\"https:\\\/\\\/secure.gravatar.com\\\/avatar\\\/b6a21695fc713ce7ee312cf57c97e2e641feb365be72d8745574d3c3e2b59066?s=96&r=g\",\"caption\":\"italpress\"},\"description\":\"Italpress \u00e8 un'agenzia di stampa italiana a carattere nazionale.\",\"url\":\"https:\\\/\\\/www.livemag.it\\\/index.php\\\/author\\\/italpress\\\/\"}]}<\/script>\n<!-- \/ Yoast SEO plugin. -->","yoast_head_json":{"title":"Anas, aperto al traffico in Lombardia il nuovo Ponte Manzoni - Live Magazine","robots":{"index":"index","follow":"follow","max-snippet":"max-snippet:-1","max-image-preview":"max-image-preview:large","max-video-preview":"max-video-preview:-1"},"canonical":"https:\/\/www.livemag.it\/index.php\/2026\/01\/19\/anas-aperto-al-traffico-in-lombardia-il-nuovo-ponte-manzoni\/","og_locale":"it_IT","og_type":"article","og_title":"Anas, aperto al traffico in Lombardia il nuovo Ponte Manzoni - Live Magazine","og_description":"LECCO (ITALPRESS) \u2013 In anticipo rispetto al cronoprogramma \u00e8 stato aperto oggi al traffico il nuovo Ponte Manzoni lungo la strada statale 36 \u201cdel Lago di Como e dello Spluga\u201d. L\u2019opera, realizzata da Anas in affiancamento al ponte esistente, migliora in modo significativo la viabilit\u00e0 tra le due sponde dell\u2019Adda nel territorio di Lecco e [&hellip;]","og_url":"https:\/\/www.livemag.it\/index.php\/2026\/01\/19\/anas-aperto-al-traffico-in-lombardia-il-nuovo-ponte-manzoni\/","og_site_name":"Live Magazine","article_publisher":"https:\/\/www.facebook.com\/LiveMag\/","article_published_time":"2026-01-19T17:02:55+00:00","og_image":[{"width":1200,"height":675,"url":"https:\/\/www.livemag.it\/wp-content\/uploads\/2024\/02\/ograph.jpg","type":"image\/jpeg"}],"author":"italpress","twitter_card":"summary_large_image","twitter_creator":"@LiveNotizie","twitter_site":"@LiveNotizie","twitter_misc":{"Scritto da":"italpress","Tempo di lettura stimato":"3 minuti"},"schema":{"@context":"https:\/\/schema.org","@graph":[{"@type":"Article","@id":"https:\/\/www.livemag.it\/index.php\/2026\/01\/19\/anas-aperto-al-traffico-in-lombardia-il-nuovo-ponte-manzoni\/#article","isPartOf":{"@id":"https:\/\/www.livemag.it\/index.php\/2026\/01\/19\/anas-aperto-al-traffico-in-lombardia-il-nuovo-ponte-manzoni\/"},"author":{"name":"italpress","@id":"https:\/\/www.livemag.it\/#\/schema\/person\/b62c5f44451fdcdaeb0afe6c2424e73c"},"headline":"Anas, aperto al traffico in Lombardia il nuovo Ponte Manzoni","datePublished":"2026-01-19T17:02:55+00:00","mainEntityOfPage":{"@id":"https:\/\/www.livemag.it\/index.php\/2026\/01\/19\/anas-aperto-al-traffico-in-lombardia-il-nuovo-ponte-manzoni\/"},"wordCount":541,"publisher":{"@id":"https:\/\/www.livemag.it\/#organization"},"image":{"@id":"https:\/\/www.livemag.it\/index.php\/2026\/01\/19\/anas-aperto-al-traffico-in-lombardia-il-nuovo-ponte-manzoni\/#primaryimage"},"thumbnailUrl":"https:\/\/www.livemag.it\/wp-content\/uploads\/2026\/01\/20260119_1722.jpg","articleSection":["Mondo"],"inLanguage":"it-IT"},{"@type":"WebPage","@id":"https:\/\/www.livemag.it\/index.php\/2026\/01\/19\/anas-aperto-al-traffico-in-lombardia-il-nuovo-ponte-manzoni\/","url":"https:\/\/www.livemag.it\/index.php\/2026\/01\/19\/anas-aperto-al-traffico-in-lombardia-il-nuovo-ponte-manzoni\/","name":"Anas, aperto al traffico in Lombardia il nuovo Ponte Manzoni - Live Magazine","isPartOf":{"@id":"https:\/\/www.livemag.it\/#website"},"primaryImageOfPage":{"@id":"https:\/\/www.livemag.it\/index.php\/2026\/01\/19\/anas-aperto-al-traffico-in-lombardia-il-nuovo-ponte-manzoni\/#primaryimage"},"image":{"@id":"https:\/\/www.livemag.it\/index.php\/2026\/01\/19\/anas-aperto-al-traffico-in-lombardia-il-nuovo-ponte-manzoni\/#primaryimage"},"thumbnailUrl":"https:\/\/www.livemag.it\/wp-content\/uploads\/2026\/01\/20260119_1722.jpg","datePublished":"2026-01-19T17:02:55+00:00","breadcrumb":{"@id":"https:\/\/www.livemag.it\/index.php\/2026\/01\/19\/anas-aperto-al-traffico-in-lombardia-il-nuovo-ponte-manzoni\/#breadcrumb"},"inLanguage":"it-IT","potentialAction":[{"@type":"ReadAction","target":["https:\/\/www.livemag.it\/index.php\/2026\/01\/19\/anas-aperto-al-traffico-in-lombardia-il-nuovo-ponte-manzoni\/"]}]},{"@type":"ImageObject","inLanguage":"it-IT","@id":"https:\/\/www.livemag.it\/index.php\/2026\/01\/19\/anas-aperto-al-traffico-in-lombardia-il-nuovo-ponte-manzoni\/#primaryimage","url":"https:\/\/www.livemag.it\/wp-content\/uploads\/2026\/01\/20260119_1722.jpg","contentUrl":"https:\/\/www.livemag.it\/wp-content\/uploads\/2026\/01\/20260119_1722.jpg","width":1024,"height":576},{"@type":"BreadcrumbList","@id":"https:\/\/www.livemag.it\/index.php\/2026\/01\/19\/anas-aperto-al-traffico-in-lombardia-il-nuovo-ponte-manzoni\/#breadcrumb","itemListElement":[{"@type":"ListItem","position":1,"name":"Home","item":"https:\/\/www.livemag.it\/"},{"@type":"ListItem","position":2,"name":"Anas, aperto al traffico in Lombardia il nuovo Ponte Manzoni"}]},{"@type":"WebSite","@id":"https:\/\/www.livemag.it\/#website","url":"https:\/\/www.livemag.it\/","name":"Live Magazine","description":"Varie ed eventi","publisher":{"@id":"https:\/\/www.livemag.it\/#organization"},"potentialAction":[{"@type":"SearchAction","target":{"@type":"EntryPoint","urlTemplate":"https:\/\/www.livemag.it\/?s={search_term_string}"},"query-input":{"@type":"PropertyValueSpecification","valueRequired":true,"valueName":"search_term_string"}}],"inLanguage":"it-IT"},{"@type":"Organization","@id":"https:\/\/www.livemag.it\/#organization","name":"LiveMag","alternateName":"LiveMag News ed eventi","url":"https:\/\/www.livemag.it\/","logo":{"@type":"ImageObject","inLanguage":"it-IT","@id":"https:\/\/www.livemag.it\/#\/schema\/logo\/image\/","url":"https:\/\/www.livemag.it\/wp-content\/uploads\/2024\/02\/immagine-sito.jpg","contentUrl":"https:\/\/www.livemag.it\/wp-content\/uploads\/2024\/02\/immagine-sito.jpg","width":696,"height":696,"caption":"LiveMag"},"image":{"@id":"https:\/\/www.livemag.it\/#\/schema\/logo\/image\/"},"sameAs":["https:\/\/www.facebook.com\/LiveMag\/","https:\/\/x.com\/LiveNotizie","https:\/\/www.instagram.com\/livemag\/"]},{"@type":"Person","@id":"https:\/\/www.livemag.it\/#\/schema\/person\/b62c5f44451fdcdaeb0afe6c2424e73c","name":"italpress","image":{"@type":"ImageObject","inLanguage":"it-IT","@id":"https:\/\/secure.gravatar.com\/avatar\/b6a21695fc713ce7ee312cf57c97e2e641feb365be72d8745574d3c3e2b59066?s=96&r=g","url":"https:\/\/secure.gravatar.com\/avatar\/b6a21695fc713ce7ee312cf57c97e2e641feb365be72d8745574d3c3e2b59066?s=96&r=g","contentUrl":"https:\/\/secure.gravatar.com\/avatar\/b6a21695fc713ce7ee312cf57c97e2e641feb365be72d8745574d3c3e2b59066?s=96&r=g","caption":"italpress"},"description":"Italpress \u00e8 un'agenzia di stampa italiana a carattere nazionale.","url":"https:\/\/www.livemag.it\/index.php\/author\/italpress\/"}]}},"jetpack_featured_media_url":"https:\/\/www.livemag.it\/wp-content\/uploads\/2026\/01\/20260119_1722.jpg","_links":{"self":[{"href":"https:\/\/www.livemag.it\/index.php\/wp-json\/wp\/v2\/posts\/67509","targetHints":{"allow":["GET"]}}],"collection":[{"href":"https:\/\/www.livemag.it\/index.php\/wp-json\/wp\/v2\/posts"}],"about":[{"href":"https:\/\/www.livemag.it\/index.php\/wp-json\/wp\/v2\/types\/post"}],"author":[{"embeddable":true,"href":"https:\/\/www.livemag.it\/index.php\/wp-json\/wp\/v2\/users\/16"}],"replies":[{"embeddable":true,"href":"https:\/\/www.livemag.it\/index.php\/wp-json\/wp\/v2\/comments?post=67509"}],"version-history":[{"count":0,"href":"https:\/\/www.livemag.it\/index.php\/wp-json\/wp\/v2\/posts\/67509\/revisions"}],"wp:featuredmedia":[{"embeddable":true,"href":"https:\/\/www.livemag.it\/index.php\/wp-json\/wp\/v2\/media\/67510"}],"wp:attachment":[{"href":"https:\/\/www.livemag.it\/index.php\/wp-json\/wp\/v2\/media?parent=67509"}],"wp:term":[{"taxonomy":"category","embeddable":true,"href":"https:\/\/www.livemag.it\/index.php\/wp-json\/wp\/v2\/categories?post=67509"},{"taxonomy":"post_tag","embeddable":true,"href":"https:\/\/www.livemag.it\/index.php\/wp-json\/wp\/v2\/tags?post=67509"}],"curies":[{"name":"wp","href":"https:\/\/api.w.org\/{rel}","templated":true}]}}