{"id":67490,"date":"2026-01-19T15:02:57","date_gmt":"2026-01-19T14:02:57","guid":{"rendered":"https:\/\/www.livemag.it\/index.php\/2026\/01\/19\/mcdonalds-ampia-adesione-volontaria-dei-licenziatari-al-contratto-integrativo\/"},"modified":"2026-01-19T15:02:57","modified_gmt":"2026-01-19T14:02:57","slug":"mcdonalds-ampia-adesione-volontaria-dei-licenziatari-al-contratto-integrativo","status":"publish","type":"post","link":"https:\/\/www.livemag.it\/index.php\/2026\/01\/19\/mcdonalds-ampia-adesione-volontaria-dei-licenziatari-al-contratto-integrativo\/","title":{"rendered":"McDonald\u2019s, ampia adesione volontaria dei licenziatari al Contratto Integrativo"},"content":{"rendered":"<div>\n<p>MILANO (ITALPRESS) \u2013 Lo scorso ottobre McDonald\u2019s Italia e le Organizzazioni Sindacali Filcams Cgil, Fisascat Cisl e Uiltucs hanno sottoscritto il Contratto Integrativo Aziendale per i 3.600 dipendenti diretti. Contestualmente il modello di contratto prevedeva l\u2019opportunit\u00e0 di adesione al CIA da parte dei licenziatari su base volontaria. \u201cConsiderando le adesioni dei licenziatari finora pervenute, l\u2019applicazione dello strumento riguarda oltre 14.000 lavoratrici e lavoratori \u2013 fa sapere McDonald\u2019s attraverso una nota -. Un dato che pone l\u2019operazione tra quelle di maggiore successo in Italia per contratti integrativi e benchmark per il proprio settore. L\u2019accordo riserva particolare attenzione ai temi della sicurezza. E\u2019 prevista l\u2019installazione nei ristoranti del Bottone d\u2019Emergenza, collegato direttamente alle Forze dell\u2019Ordine, e il rafforzamento delle misure per il contrasto alla violenza di genere, attraverso l\u2019impegno di McDonald\u2019s e la collaborazione con il numero nazionale antiviolenza 1522\u201d.<br \/>\u201cQuesto risultato positivo \u00e8 un\u2019ulteriore conferma della centralit\u00e0 delle persone nella cultura aziendale di McDonald\u2019s e dell\u2019impegno concreto e costante dei nostri licenziatari per i propri dipendenti e per le comunit\u00e0 in cui operano \u2013 ha detto Giorgia Favaro, Amministratrice Delegata di McDonald\u2019s Italia -. Ogni licenziatario \u00e8 libero di scegliere se aderire al CIA e ringrazio chi lo ha gi\u00e0 fatto. Ricordo inoltre che oltre il 90% della rete gi\u00e0 applicava misure di welfare aggiuntive al contratto di primo livello, in base alle esigenze dei propri territori: tali buone pratiche sono state recepite nel recente accordo. Infine, da sempre la nostra rete di licenziatari sviluppa presso le proprie comunit\u00e0 i nostri progetti di impatto sociale nazionali come la donazione di pasti caldi ai pi\u00f9 bisognosi e le giornate di volontariato aziendale dedicate al ripristino del decoro urbano\u201d. <br \/>Il CIA per i dipendenti McDonald\u2019s Italia introduce nuove misure di welfare a sostegno del reddito e della conciliazione vita-lavoro, con congedi parentali rafforzati, permessi per studenti e caregiver e maggiore flessibilit\u00e0 per le lavoratrici in maternit\u00e0. E\u2019 prevista una banca ore solidale, con il contributo dell\u2019azienda, per supportare i dipendenti in situazioni di grave necessit\u00e0.<\/p>\n<p>\u2013 foto ufficio stampa McDonald\u2019s \u2013<br \/>(ITALPRESS).<\/p>\n<\/div>\n","protected":false},"excerpt":{"rendered":"<p>MILANO (ITALPRESS) \u2013 Lo scorso ottobre McDonald\u2019s Italia e le Organizzazioni Sindacali Filcams Cgil, Fisascat Cisl e Uiltucs hanno sottoscritto il Contratto Integrativo Aziendale per i 3.600 dipendenti diretti. Contestualmente il modello di contratto prevedeva l\u2019opportunit\u00e0 di adesione al CIA da parte dei licenziatari su base volontaria. \u201cConsiderando le adesioni dei licenziatari finora pervenute, l\u2019applicazione [&hellip;]<\/p>\n","protected":false},"author":16,"featured_media":67491,"comment_status":"closed","ping_status":"closed","sticky":false,"template":"","format":"standard","meta":{"jnews-multi-image_gallery":[],"jnews_single_post":[],"jnews_primary_category":[],"jnews_social_meta":[],"jnews_override_counter":[],"jnews_post_split":[],"footnotes":""},"categories":[1129],"tags":[],"class_list":["post-67490","post","type-post","status-publish","format-standard","has-post-thumbnail","hentry","category-mondo"],"yoast_head":"<!-- This site is optimized with the Yoast SEO plugin v27.5 - https:\/\/yoast.com\/product\/yoast-seo-wordpress\/ -->\n<title>McDonald\u2019s, ampia adesione volontaria dei licenziatari al Contratto Integrativo - Live Magazine<\/title>\n<meta name=\"robots\" content=\"index, follow, max-snippet:-1, max-image-preview:large, max-video-preview:-1\" \/>\n<link rel=\"canonical\" href=\"https:\/\/www.livemag.it\/index.php\/2026\/01\/19\/mcdonalds-ampia-adesione-volontaria-dei-licenziatari-al-contratto-integrativo\/\" \/>\n<meta property=\"og:locale\" content=\"it_IT\" \/>\n<meta property=\"og:type\" content=\"article\" \/>\n<meta property=\"og:title\" content=\"McDonald\u2019s, ampia adesione volontaria dei licenziatari al Contratto Integrativo - Live Magazine\" \/>\n<meta property=\"og:description\" content=\"MILANO (ITALPRESS) \u2013 Lo scorso ottobre McDonald\u2019s Italia e le Organizzazioni Sindacali Filcams Cgil, Fisascat Cisl e Uiltucs hanno sottoscritto il Contratto Integrativo Aziendale per i 3.600 dipendenti diretti. Contestualmente il modello di contratto prevedeva l\u2019opportunit\u00e0 di adesione al CIA da parte dei licenziatari su base volontaria. \u201cConsiderando le adesioni dei licenziatari finora pervenute, l\u2019applicazione [&hellip;]\" \/>\n<meta property=\"og:url\" content=\"https:\/\/www.livemag.it\/index.php\/2026\/01\/19\/mcdonalds-ampia-adesione-volontaria-dei-licenziatari-al-contratto-integrativo\/\" \/>\n<meta property=\"og:site_name\" content=\"Live Magazine\" \/>\n<meta property=\"article:publisher\" content=\"https:\/\/www.facebook.com\/LiveMag\/\" \/>\n<meta property=\"article:published_time\" content=\"2026-01-19T14:02:57+00:00\" \/>\n<meta property=\"og:image\" content=\"https:\/\/www.livemag.it\/wp-content\/uploads\/2024\/02\/ograph.jpg\" \/>\n\t<meta property=\"og:image:width\" content=\"1200\" \/>\n\t<meta property=\"og:image:height\" content=\"675\" \/>\n\t<meta property=\"og:image:type\" content=\"image\/jpeg\" \/>\n<meta name=\"author\" content=\"italpress\" \/>\n<meta name=\"twitter:card\" content=\"summary_large_image\" \/>\n<meta name=\"twitter:creator\" content=\"@LiveNotizie\" \/>\n<meta name=\"twitter:site\" content=\"@LiveNotizie\" \/>\n<meta name=\"twitter:label1\" content=\"Scritto da\" \/>\n\t<meta name=\"twitter:data1\" content=\"italpress\" \/>\n\t<meta name=\"twitter:label2\" content=\"Tempo di lettura stimato\" \/>\n\t<meta name=\"twitter:data2\" content=\"2 minuti\" \/>\n<script type=\"application\/ld+json\" class=\"yoast-schema-graph\">{\"@context\":\"https:\\\/\\\/schema.org\",\"@graph\":[{\"@type\":\"Article\",\"@id\":\"https:\\\/\\\/www.livemag.it\\\/index.php\\\/2026\\\/01\\\/19\\\/mcdonalds-ampia-adesione-volontaria-dei-licenziatari-al-contratto-integrativo\\\/#article\",\"isPartOf\":{\"@id\":\"https:\\\/\\\/www.livemag.it\\\/index.php\\\/2026\\\/01\\\/19\\\/mcdonalds-ampia-adesione-volontaria-dei-licenziatari-al-contratto-integrativo\\\/\"},\"author\":{\"name\":\"italpress\",\"@id\":\"https:\\\/\\\/www.livemag.it\\\/#\\\/schema\\\/person\\\/b62c5f44451fdcdaeb0afe6c2424e73c\"},\"headline\":\"McDonald\u2019s, ampia adesione volontaria dei licenziatari al Contratto Integrativo\",\"datePublished\":\"2026-01-19T14:02:57+00:00\",\"mainEntityOfPage\":{\"@id\":\"https:\\\/\\\/www.livemag.it\\\/index.php\\\/2026\\\/01\\\/19\\\/mcdonalds-ampia-adesione-volontaria-dei-licenziatari-al-contratto-integrativo\\\/\"},\"wordCount\":356,\"publisher\":{\"@id\":\"https:\\\/\\\/www.livemag.it\\\/#organization\"},\"image\":{\"@id\":\"https:\\\/\\\/www.livemag.it\\\/index.php\\\/2026\\\/01\\\/19\\\/mcdonalds-ampia-adesione-volontaria-dei-licenziatari-al-contratto-integrativo\\\/#primaryimage\"},\"thumbnailUrl\":\"https:\\\/\\\/www.livemag.it\\\/wp-content\\\/uploads\\\/2026\\\/01\\\/20260119_0713.jpg\",\"articleSection\":[\"Mondo\"],\"inLanguage\":\"it-IT\"},{\"@type\":\"WebPage\",\"@id\":\"https:\\\/\\\/www.livemag.it\\\/index.php\\\/2026\\\/01\\\/19\\\/mcdonalds-ampia-adesione-volontaria-dei-licenziatari-al-contratto-integrativo\\\/\",\"url\":\"https:\\\/\\\/www.livemag.it\\\/index.php\\\/2026\\\/01\\\/19\\\/mcdonalds-ampia-adesione-volontaria-dei-licenziatari-al-contratto-integrativo\\\/\",\"name\":\"McDonald\u2019s, ampia adesione volontaria dei licenziatari al Contratto Integrativo - Live Magazine\",\"isPartOf\":{\"@id\":\"https:\\\/\\\/www.livemag.it\\\/#website\"},\"primaryImageOfPage\":{\"@id\":\"https:\\\/\\\/www.livemag.it\\\/index.php\\\/2026\\\/01\\\/19\\\/mcdonalds-ampia-adesione-volontaria-dei-licenziatari-al-contratto-integrativo\\\/#primaryimage\"},\"image\":{\"@id\":\"https:\\\/\\\/www.livemag.it\\\/index.php\\\/2026\\\/01\\\/19\\\/mcdonalds-ampia-adesione-volontaria-dei-licenziatari-al-contratto-integrativo\\\/#primaryimage\"},\"thumbnailUrl\":\"https:\\\/\\\/www.livemag.it\\\/wp-content\\\/uploads\\\/2026\\\/01\\\/20260119_0713.jpg\",\"datePublished\":\"2026-01-19T14:02:57+00:00\",\"breadcrumb\":{\"@id\":\"https:\\\/\\\/www.livemag.it\\\/index.php\\\/2026\\\/01\\\/19\\\/mcdonalds-ampia-adesione-volontaria-dei-licenziatari-al-contratto-integrativo\\\/#breadcrumb\"},\"inLanguage\":\"it-IT\",\"potentialAction\":[{\"@type\":\"ReadAction\",\"target\":[\"https:\\\/\\\/www.livemag.it\\\/index.php\\\/2026\\\/01\\\/19\\\/mcdonalds-ampia-adesione-volontaria-dei-licenziatari-al-contratto-integrativo\\\/\"]}]},{\"@type\":\"ImageObject\",\"inLanguage\":\"it-IT\",\"@id\":\"https:\\\/\\\/www.livemag.it\\\/index.php\\\/2026\\\/01\\\/19\\\/mcdonalds-ampia-adesione-volontaria-dei-licenziatari-al-contratto-integrativo\\\/#primaryimage\",\"url\":\"https:\\\/\\\/www.livemag.it\\\/wp-content\\\/uploads\\\/2026\\\/01\\\/20260119_0713.jpg\",\"contentUrl\":\"https:\\\/\\\/www.livemag.it\\\/wp-content\\\/uploads\\\/2026\\\/01\\\/20260119_0713.jpg\",\"width\":1024,\"height\":683},{\"@type\":\"BreadcrumbList\",\"@id\":\"https:\\\/\\\/www.livemag.it\\\/index.php\\\/2026\\\/01\\\/19\\\/mcdonalds-ampia-adesione-volontaria-dei-licenziatari-al-contratto-integrativo\\\/#breadcrumb\",\"itemListElement\":[{\"@type\":\"ListItem\",\"position\":1,\"name\":\"Home\",\"item\":\"https:\\\/\\\/www.livemag.it\\\/\"},{\"@type\":\"ListItem\",\"position\":2,\"name\":\"McDonald\u2019s, ampia adesione volontaria dei licenziatari al Contratto Integrativo\"}]},{\"@type\":\"WebSite\",\"@id\":\"https:\\\/\\\/www.livemag.it\\\/#website\",\"url\":\"https:\\\/\\\/www.livemag.it\\\/\",\"name\":\"Live Magazine\",\"description\":\"Varie ed eventi\",\"publisher\":{\"@id\":\"https:\\\/\\\/www.livemag.it\\\/#organization\"},\"potentialAction\":[{\"@type\":\"SearchAction\",\"target\":{\"@type\":\"EntryPoint\",\"urlTemplate\":\"https:\\\/\\\/www.livemag.it\\\/?s={search_term_string}\"},\"query-input\":{\"@type\":\"PropertyValueSpecification\",\"valueRequired\":true,\"valueName\":\"search_term_string\"}}],\"inLanguage\":\"it-IT\"},{\"@type\":\"Organization\",\"@id\":\"https:\\\/\\\/www.livemag.it\\\/#organization\",\"name\":\"LiveMag\",\"alternateName\":\"LiveMag News ed eventi\",\"url\":\"https:\\\/\\\/www.livemag.it\\\/\",\"logo\":{\"@type\":\"ImageObject\",\"inLanguage\":\"it-IT\",\"@id\":\"https:\\\/\\\/www.livemag.it\\\/#\\\/schema\\\/logo\\\/image\\\/\",\"url\":\"https:\\\/\\\/www.livemag.it\\\/wp-content\\\/uploads\\\/2024\\\/02\\\/immagine-sito.jpg\",\"contentUrl\":\"https:\\\/\\\/www.livemag.it\\\/wp-content\\\/uploads\\\/2024\\\/02\\\/immagine-sito.jpg\",\"width\":696,\"height\":696,\"caption\":\"LiveMag\"},\"image\":{\"@id\":\"https:\\\/\\\/www.livemag.it\\\/#\\\/schema\\\/logo\\\/image\\\/\"},\"sameAs\":[\"https:\\\/\\\/www.facebook.com\\\/LiveMag\\\/\",\"https:\\\/\\\/x.com\\\/LiveNotizie\",\"https:\\\/\\\/www.instagram.com\\\/livemag\\\/\"]},{\"@type\":\"Person\",\"@id\":\"https:\\\/\\\/www.livemag.it\\\/#\\\/schema\\\/person\\\/b62c5f44451fdcdaeb0afe6c2424e73c\",\"name\":\"italpress\",\"image\":{\"@type\":\"ImageObject\",\"inLanguage\":\"it-IT\",\"@id\":\"https:\\\/\\\/secure.gravatar.com\\\/avatar\\\/b6a21695fc713ce7ee312cf57c97e2e641feb365be72d8745574d3c3e2b59066?s=96&r=g\",\"url\":\"https:\\\/\\\/secure.gravatar.com\\\/avatar\\\/b6a21695fc713ce7ee312cf57c97e2e641feb365be72d8745574d3c3e2b59066?s=96&r=g\",\"contentUrl\":\"https:\\\/\\\/secure.gravatar.com\\\/avatar\\\/b6a21695fc713ce7ee312cf57c97e2e641feb365be72d8745574d3c3e2b59066?s=96&r=g\",\"caption\":\"italpress\"},\"description\":\"Italpress \u00e8 un'agenzia di stampa italiana a carattere nazionale.\",\"url\":\"https:\\\/\\\/www.livemag.it\\\/index.php\\\/author\\\/italpress\\\/\"}]}<\/script>\n<!-- \/ Yoast SEO plugin. -->","yoast_head_json":{"title":"McDonald\u2019s, ampia adesione volontaria dei licenziatari al Contratto Integrativo - Live Magazine","robots":{"index":"index","follow":"follow","max-snippet":"max-snippet:-1","max-image-preview":"max-image-preview:large","max-video-preview":"max-video-preview:-1"},"canonical":"https:\/\/www.livemag.it\/index.php\/2026\/01\/19\/mcdonalds-ampia-adesione-volontaria-dei-licenziatari-al-contratto-integrativo\/","og_locale":"it_IT","og_type":"article","og_title":"McDonald\u2019s, ampia adesione volontaria dei licenziatari al Contratto Integrativo - Live Magazine","og_description":"MILANO (ITALPRESS) \u2013 Lo scorso ottobre McDonald\u2019s Italia e le Organizzazioni Sindacali Filcams Cgil, Fisascat Cisl e Uiltucs hanno sottoscritto il Contratto Integrativo Aziendale per i 3.600 dipendenti diretti. Contestualmente il modello di contratto prevedeva l\u2019opportunit\u00e0 di adesione al CIA da parte dei licenziatari su base volontaria. \u201cConsiderando le adesioni dei licenziatari finora pervenute, l\u2019applicazione [&hellip;]","og_url":"https:\/\/www.livemag.it\/index.php\/2026\/01\/19\/mcdonalds-ampia-adesione-volontaria-dei-licenziatari-al-contratto-integrativo\/","og_site_name":"Live Magazine","article_publisher":"https:\/\/www.facebook.com\/LiveMag\/","article_published_time":"2026-01-19T14:02:57+00:00","og_image":[{"width":1200,"height":675,"url":"https:\/\/www.livemag.it\/wp-content\/uploads\/2024\/02\/ograph.jpg","type":"image\/jpeg"}],"author":"italpress","twitter_card":"summary_large_image","twitter_creator":"@LiveNotizie","twitter_site":"@LiveNotizie","twitter_misc":{"Scritto da":"italpress","Tempo di lettura stimato":"2 minuti"},"schema":{"@context":"https:\/\/schema.org","@graph":[{"@type":"Article","@id":"https:\/\/www.livemag.it\/index.php\/2026\/01\/19\/mcdonalds-ampia-adesione-volontaria-dei-licenziatari-al-contratto-integrativo\/#article","isPartOf":{"@id":"https:\/\/www.livemag.it\/index.php\/2026\/01\/19\/mcdonalds-ampia-adesione-volontaria-dei-licenziatari-al-contratto-integrativo\/"},"author":{"name":"italpress","@id":"https:\/\/www.livemag.it\/#\/schema\/person\/b62c5f44451fdcdaeb0afe6c2424e73c"},"headline":"McDonald\u2019s, ampia adesione volontaria dei licenziatari al Contratto Integrativo","datePublished":"2026-01-19T14:02:57+00:00","mainEntityOfPage":{"@id":"https:\/\/www.livemag.it\/index.php\/2026\/01\/19\/mcdonalds-ampia-adesione-volontaria-dei-licenziatari-al-contratto-integrativo\/"},"wordCount":356,"publisher":{"@id":"https:\/\/www.livemag.it\/#organization"},"image":{"@id":"https:\/\/www.livemag.it\/index.php\/2026\/01\/19\/mcdonalds-ampia-adesione-volontaria-dei-licenziatari-al-contratto-integrativo\/#primaryimage"},"thumbnailUrl":"https:\/\/www.livemag.it\/wp-content\/uploads\/2026\/01\/20260119_0713.jpg","articleSection":["Mondo"],"inLanguage":"it-IT"},{"@type":"WebPage","@id":"https:\/\/www.livemag.it\/index.php\/2026\/01\/19\/mcdonalds-ampia-adesione-volontaria-dei-licenziatari-al-contratto-integrativo\/","url":"https:\/\/www.livemag.it\/index.php\/2026\/01\/19\/mcdonalds-ampia-adesione-volontaria-dei-licenziatari-al-contratto-integrativo\/","name":"McDonald\u2019s, ampia adesione volontaria dei licenziatari al Contratto Integrativo - Live Magazine","isPartOf":{"@id":"https:\/\/www.livemag.it\/#website"},"primaryImageOfPage":{"@id":"https:\/\/www.livemag.it\/index.php\/2026\/01\/19\/mcdonalds-ampia-adesione-volontaria-dei-licenziatari-al-contratto-integrativo\/#primaryimage"},"image":{"@id":"https:\/\/www.livemag.it\/index.php\/2026\/01\/19\/mcdonalds-ampia-adesione-volontaria-dei-licenziatari-al-contratto-integrativo\/#primaryimage"},"thumbnailUrl":"https:\/\/www.livemag.it\/wp-content\/uploads\/2026\/01\/20260119_0713.jpg","datePublished":"2026-01-19T14:02:57+00:00","breadcrumb":{"@id":"https:\/\/www.livemag.it\/index.php\/2026\/01\/19\/mcdonalds-ampia-adesione-volontaria-dei-licenziatari-al-contratto-integrativo\/#breadcrumb"},"inLanguage":"it-IT","potentialAction":[{"@type":"ReadAction","target":["https:\/\/www.livemag.it\/index.php\/2026\/01\/19\/mcdonalds-ampia-adesione-volontaria-dei-licenziatari-al-contratto-integrativo\/"]}]},{"@type":"ImageObject","inLanguage":"it-IT","@id":"https:\/\/www.livemag.it\/index.php\/2026\/01\/19\/mcdonalds-ampia-adesione-volontaria-dei-licenziatari-al-contratto-integrativo\/#primaryimage","url":"https:\/\/www.livemag.it\/wp-content\/uploads\/2026\/01\/20260119_0713.jpg","contentUrl":"https:\/\/www.livemag.it\/wp-content\/uploads\/2026\/01\/20260119_0713.jpg","width":1024,"height":683},{"@type":"BreadcrumbList","@id":"https:\/\/www.livemag.it\/index.php\/2026\/01\/19\/mcdonalds-ampia-adesione-volontaria-dei-licenziatari-al-contratto-integrativo\/#breadcrumb","itemListElement":[{"@type":"ListItem","position":1,"name":"Home","item":"https:\/\/www.livemag.it\/"},{"@type":"ListItem","position":2,"name":"McDonald\u2019s, ampia adesione volontaria dei licenziatari al Contratto Integrativo"}]},{"@type":"WebSite","@id":"https:\/\/www.livemag.it\/#website","url":"https:\/\/www.livemag.it\/","name":"Live Magazine","description":"Varie ed eventi","publisher":{"@id":"https:\/\/www.livemag.it\/#organization"},"potentialAction":[{"@type":"SearchAction","target":{"@type":"EntryPoint","urlTemplate":"https:\/\/www.livemag.it\/?s={search_term_string}"},"query-input":{"@type":"PropertyValueSpecification","valueRequired":true,"valueName":"search_term_string"}}],"inLanguage":"it-IT"},{"@type":"Organization","@id":"https:\/\/www.livemag.it\/#organization","name":"LiveMag","alternateName":"LiveMag News ed eventi","url":"https:\/\/www.livemag.it\/","logo":{"@type":"ImageObject","inLanguage":"it-IT","@id":"https:\/\/www.livemag.it\/#\/schema\/logo\/image\/","url":"https:\/\/www.livemag.it\/wp-content\/uploads\/2024\/02\/immagine-sito.jpg","contentUrl":"https:\/\/www.livemag.it\/wp-content\/uploads\/2024\/02\/immagine-sito.jpg","width":696,"height":696,"caption":"LiveMag"},"image":{"@id":"https:\/\/www.livemag.it\/#\/schema\/logo\/image\/"},"sameAs":["https:\/\/www.facebook.com\/LiveMag\/","https:\/\/x.com\/LiveNotizie","https:\/\/www.instagram.com\/livemag\/"]},{"@type":"Person","@id":"https:\/\/www.livemag.it\/#\/schema\/person\/b62c5f44451fdcdaeb0afe6c2424e73c","name":"italpress","image":{"@type":"ImageObject","inLanguage":"it-IT","@id":"https:\/\/secure.gravatar.com\/avatar\/b6a21695fc713ce7ee312cf57c97e2e641feb365be72d8745574d3c3e2b59066?s=96&r=g","url":"https:\/\/secure.gravatar.com\/avatar\/b6a21695fc713ce7ee312cf57c97e2e641feb365be72d8745574d3c3e2b59066?s=96&r=g","contentUrl":"https:\/\/secure.gravatar.com\/avatar\/b6a21695fc713ce7ee312cf57c97e2e641feb365be72d8745574d3c3e2b59066?s=96&r=g","caption":"italpress"},"description":"Italpress \u00e8 un'agenzia di stampa italiana a carattere nazionale.","url":"https:\/\/www.livemag.it\/index.php\/author\/italpress\/"}]}},"jetpack_featured_media_url":"https:\/\/www.livemag.it\/wp-content\/uploads\/2026\/01\/20260119_0713.jpg","_links":{"self":[{"href":"https:\/\/www.livemag.it\/index.php\/wp-json\/wp\/v2\/posts\/67490","targetHints":{"allow":["GET"]}}],"collection":[{"href":"https:\/\/www.livemag.it\/index.php\/wp-json\/wp\/v2\/posts"}],"about":[{"href":"https:\/\/www.livemag.it\/index.php\/wp-json\/wp\/v2\/types\/post"}],"author":[{"embeddable":true,"href":"https:\/\/www.livemag.it\/index.php\/wp-json\/wp\/v2\/users\/16"}],"replies":[{"embeddable":true,"href":"https:\/\/www.livemag.it\/index.php\/wp-json\/wp\/v2\/comments?post=67490"}],"version-history":[{"count":0,"href":"https:\/\/www.livemag.it\/index.php\/wp-json\/wp\/v2\/posts\/67490\/revisions"}],"wp:featuredmedia":[{"embeddable":true,"href":"https:\/\/www.livemag.it\/index.php\/wp-json\/wp\/v2\/media\/67491"}],"wp:attachment":[{"href":"https:\/\/www.livemag.it\/index.php\/wp-json\/wp\/v2\/media?parent=67490"}],"wp:term":[{"taxonomy":"category","embeddable":true,"href":"https:\/\/www.livemag.it\/index.php\/wp-json\/wp\/v2\/categories?post=67490"},{"taxonomy":"post_tag","embeddable":true,"href":"https:\/\/www.livemag.it\/index.php\/wp-json\/wp\/v2\/tags?post=67490"}],"curies":[{"name":"wp","href":"https:\/\/api.w.org\/{rel}","templated":true}]}}