{"id":65233,"date":"2025-12-11T15:14:21","date_gmt":"2025-12-11T14:14:21","guid":{"rendered":"https:\/\/www.livemag.it\/index.php\/2025\/12\/11\/oltre-lorizzonte-dellinnovazione-a-roma-la-4-edizione-di-futures-di-sisal\/"},"modified":"2025-12-11T15:14:21","modified_gmt":"2025-12-11T14:14:21","slug":"oltre-lorizzonte-dellinnovazione-a-roma-la-4-edizione-di-futures-di-sisal","status":"publish","type":"post","link":"https:\/\/www.livemag.it\/index.php\/2025\/12\/11\/oltre-lorizzonte-dellinnovazione-a-roma-la-4-edizione-di-futures-di-sisal\/","title":{"rendered":"\u201cOltre l\u2019orizzonte dell\u2019innovazione\u201d, a Roma la 4^ edizione di FutureS di Sisal"},"content":{"rendered":"<div>\n<p>ROMA (ITALPRESS) \u2013 Favorire il confronto tra istituzioni, aziende e stakeholder e discutere delle sfide e delle opportunit\u00e0 legate all\u2019innovazione digitale. Questi gli obiettivi della quarta edizione di FutureS, \u201cOltre l\u2019orizzonte dell\u2019innovazione\u201d, evento organizzato a Roma da Sisal, in cui sono stati celebrati anche gli 80 anni di storia dell\u2019azienda. Al centro dell\u2019attenzione di questa edizione di FutureS l\u2019innovazione intesa come identit\u00e0, ambizione e responsabilit\u00e0 delle aziende, una tensione che permette di trasformare il cambiamento in opportunit\u00e0 trasformative per l\u2019impresa e la Societ\u00e0. Una visione che guida Sisal fin dal 1945, anno della sua fondazione. Durante l\u2019evento, Carlo Alberto Carnevale Maff\u00e8, Professor of Strategy della SDA Bocconi School of Management, in un\u2019intervista con la giornalista Barbara Carfagna ha sviluppato una riflessione ampia sul significato dell\u2019innovazione nell\u2019attuale scenario competitivo. Nel corso del dialogo sono stati affrontati i temi legati alla capacit\u00e0 delle imprese di anticipare i futuri possibili e di costruire, anzich\u00e8 inseguire, l\u2019accelerazione in atto con particolare riferimento all\u2019Intelligenza Artificiale e allo sviluppo delle tecnologie \u2018dual us\u00e8 in ambito civile e militare.<br \/>A seguire, nel corso del panel \u201cCostruire il Futuro: Innovazione, Fiducia e Sviluppo digitale\u201d moderato da Barbara Carfagna, sono intervenuti Camilla Folladori, Chief Strategy Officer di Sisal e Max Pellegrini, CEO di Namirial, che hanno offerto una riflessione sulla transizione verso un\u2019economia in cui identit\u00e0 digitale e intelligenza artificiale diventano infrastruttura critica per le imprese che devono cos\u00ec prepararsi a integrare velocit\u00e0, governance e responsabilit\u00e0 nelle proprie strategie.<br \/>Nel panel conclusivo \u201cCostruire il Futuro: Sisal, lo Sport e l\u2019Italia che cambia\u201d, Francesco Durante, Amministratore Delegato di Sisal, e Carlo Mornati, Segretario Generale del CONI, hanno dialogato sul valore sociale e culturale dell\u2019innovazione e sul ruolo che Sisal ha avuto nel sostenere la crescita dello sport italiano.<br \/>\u201cFutureS \u00e8 la nostra piattaforma per contribuire al dibattito sul futuro del Paese, portando un\u2019idea di innovazione che unisca tecnologia, responsabilit\u00e0 e valore sociale \u2013 ha dichiarato Francesco Durante, Amministratore Delegato di Sisal -. E\u2019 un impegno che nasce da 80 anni di storia: Sisal ha sempre accompagnato le trasformazioni dell\u2019Italia, investendo in persone, competenze e sistemi moderni. Oggi rinnoviamo questa missione con ancora pi\u00f9 determinazione: mettere la nostra esperienza al servizio del cambiamento per costruire un futuro pi\u00f9 responsabile\u201d.<br \/>Questa edizione di FutureS ha messo in luce la necessit\u00e0 di un ecosistema digitale fondato su interoperabilit\u00e0, fiducia e collaborazione. In un contesto segnato da rapide innovazioni tecnologiche e nuovi equilibri geopolitici, imprese e istituzioni sono chiamate a sviluppare strategie condivise che integrino visione, governance e responsabilit\u00e0. Centrale anche il ruolo di un dialogo continuo tra settore pubblico e privato, condizione indispensabile per trasformare la trasformazione digitale in crescita sostenibile e per affrontarne con chiarezza le complessit\u00e0 in uno scenario globale in costante evoluzione.<br \/>Durante l\u2019evento \u00e8 stato presentato il libro \u201cSisal. Ottant\u2019anni di Innovazione\u201d, a cura di Luca Masia, edito da Allemandi. <\/p>\n<p>\u2013 foto ufficio stampa Sisal \u2013<br \/>(ITALPRESS).<\/p>\n<\/div>\n","protected":false},"excerpt":{"rendered":"<p>ROMA (ITALPRESS) \u2013 Favorire il confronto tra istituzioni, aziende e stakeholder e discutere delle sfide e delle opportunit\u00e0 legate all\u2019innovazione digitale. Questi gli obiettivi della quarta edizione di FutureS, \u201cOltre l\u2019orizzonte dell\u2019innovazione\u201d, evento organizzato a Roma da Sisal, in cui sono stati celebrati anche gli 80 anni di storia dell\u2019azienda. Al centro dell\u2019attenzione di questa [&hellip;]<\/p>\n","protected":false},"author":16,"featured_media":65234,"comment_status":"closed","ping_status":"closed","sticky":false,"template":"","format":"standard","meta":{"jnews-multi-image_gallery":[],"jnews_single_post":[],"jnews_primary_category":[],"jnews_social_meta":[],"jnews_override_counter":[],"jnews_post_split":[],"footnotes":""},"categories":[1129],"tags":[],"class_list":["post-65233","post","type-post","status-publish","format-standard","has-post-thumbnail","hentry","category-mondo"],"yoast_head":"<!-- This site is optimized with the Yoast SEO plugin v27.5 - https:\/\/yoast.com\/product\/yoast-seo-wordpress\/ -->\n<title>\u201cOltre l\u2019orizzonte dell\u2019innovazione\u201d, a Roma la 4^ edizione di FutureS di Sisal - Live Magazine<\/title>\n<meta name=\"robots\" content=\"index, follow, max-snippet:-1, max-image-preview:large, max-video-preview:-1\" \/>\n<link rel=\"canonical\" href=\"https:\/\/www.livemag.it\/index.php\/2025\/12\/11\/oltre-lorizzonte-dellinnovazione-a-roma-la-4-edizione-di-futures-di-sisal\/\" \/>\n<meta property=\"og:locale\" content=\"it_IT\" \/>\n<meta property=\"og:type\" content=\"article\" \/>\n<meta property=\"og:title\" content=\"\u201cOltre l\u2019orizzonte dell\u2019innovazione\u201d, a Roma la 4^ edizione di FutureS di Sisal - Live Magazine\" \/>\n<meta property=\"og:description\" content=\"ROMA (ITALPRESS) \u2013 Favorire il confronto tra istituzioni, aziende e stakeholder e discutere delle sfide e delle opportunit\u00e0 legate all\u2019innovazione digitale. Questi gli obiettivi della quarta edizione di FutureS, \u201cOltre l\u2019orizzonte dell\u2019innovazione\u201d, evento organizzato a Roma da Sisal, in cui sono stati celebrati anche gli 80 anni di storia dell\u2019azienda. Al centro dell\u2019attenzione di questa [&hellip;]\" \/>\n<meta property=\"og:url\" content=\"https:\/\/www.livemag.it\/index.php\/2025\/12\/11\/oltre-lorizzonte-dellinnovazione-a-roma-la-4-edizione-di-futures-di-sisal\/\" \/>\n<meta property=\"og:site_name\" content=\"Live Magazine\" \/>\n<meta property=\"article:publisher\" content=\"https:\/\/www.facebook.com\/LiveMag\/\" \/>\n<meta property=\"article:published_time\" content=\"2025-12-11T14:14:21+00:00\" \/>\n<meta property=\"og:image\" content=\"https:\/\/www.livemag.it\/wp-content\/uploads\/2024\/02\/ograph.jpg\" \/>\n\t<meta property=\"og:image:width\" content=\"1200\" \/>\n\t<meta property=\"og:image:height\" content=\"675\" \/>\n\t<meta property=\"og:image:type\" content=\"image\/jpeg\" \/>\n<meta name=\"author\" content=\"italpress\" \/>\n<meta name=\"twitter:card\" content=\"summary_large_image\" \/>\n<meta name=\"twitter:creator\" content=\"@LiveNotizie\" \/>\n<meta name=\"twitter:site\" content=\"@LiveNotizie\" \/>\n<meta name=\"twitter:label1\" content=\"Scritto da\" \/>\n\t<meta name=\"twitter:data1\" content=\"italpress\" \/>\n\t<meta name=\"twitter:label2\" content=\"Tempo di lettura stimato\" \/>\n\t<meta name=\"twitter:data2\" content=\"2 minuti\" \/>\n<script type=\"application\/ld+json\" class=\"yoast-schema-graph\">{\"@context\":\"https:\\\/\\\/schema.org\",\"@graph\":[{\"@type\":\"Article\",\"@id\":\"https:\\\/\\\/www.livemag.it\\\/index.php\\\/2025\\\/12\\\/11\\\/oltre-lorizzonte-dellinnovazione-a-roma-la-4-edizione-di-futures-di-sisal\\\/#article\",\"isPartOf\":{\"@id\":\"https:\\\/\\\/www.livemag.it\\\/index.php\\\/2025\\\/12\\\/11\\\/oltre-lorizzonte-dellinnovazione-a-roma-la-4-edizione-di-futures-di-sisal\\\/\"},\"author\":{\"name\":\"italpress\",\"@id\":\"https:\\\/\\\/www.livemag.it\\\/#\\\/schema\\\/person\\\/b62c5f44451fdcdaeb0afe6c2424e73c\"},\"headline\":\"\u201cOltre l\u2019orizzonte dell\u2019innovazione\u201d, a Roma la 4^ edizione di FutureS di Sisal\",\"datePublished\":\"2025-12-11T14:14:21+00:00\",\"mainEntityOfPage\":{\"@id\":\"https:\\\/\\\/www.livemag.it\\\/index.php\\\/2025\\\/12\\\/11\\\/oltre-lorizzonte-dellinnovazione-a-roma-la-4-edizione-di-futures-di-sisal\\\/\"},\"wordCount\":502,\"publisher\":{\"@id\":\"https:\\\/\\\/www.livemag.it\\\/#organization\"},\"image\":{\"@id\":\"https:\\\/\\\/www.livemag.it\\\/index.php\\\/2025\\\/12\\\/11\\\/oltre-lorizzonte-dellinnovazione-a-roma-la-4-edizione-di-futures-di-sisal\\\/#primaryimage\"},\"thumbnailUrl\":\"https:\\\/\\\/www.livemag.it\\\/wp-content\\\/uploads\\\/2025\\\/12\\\/20251211_0824.jpg\",\"articleSection\":[\"Mondo\"],\"inLanguage\":\"it-IT\"},{\"@type\":\"WebPage\",\"@id\":\"https:\\\/\\\/www.livemag.it\\\/index.php\\\/2025\\\/12\\\/11\\\/oltre-lorizzonte-dellinnovazione-a-roma-la-4-edizione-di-futures-di-sisal\\\/\",\"url\":\"https:\\\/\\\/www.livemag.it\\\/index.php\\\/2025\\\/12\\\/11\\\/oltre-lorizzonte-dellinnovazione-a-roma-la-4-edizione-di-futures-di-sisal\\\/\",\"name\":\"\u201cOltre l\u2019orizzonte dell\u2019innovazione\u201d, a Roma la 4^ edizione di FutureS di Sisal - Live Magazine\",\"isPartOf\":{\"@id\":\"https:\\\/\\\/www.livemag.it\\\/#website\"},\"primaryImageOfPage\":{\"@id\":\"https:\\\/\\\/www.livemag.it\\\/index.php\\\/2025\\\/12\\\/11\\\/oltre-lorizzonte-dellinnovazione-a-roma-la-4-edizione-di-futures-di-sisal\\\/#primaryimage\"},\"image\":{\"@id\":\"https:\\\/\\\/www.livemag.it\\\/index.php\\\/2025\\\/12\\\/11\\\/oltre-lorizzonte-dellinnovazione-a-roma-la-4-edizione-di-futures-di-sisal\\\/#primaryimage\"},\"thumbnailUrl\":\"https:\\\/\\\/www.livemag.it\\\/wp-content\\\/uploads\\\/2025\\\/12\\\/20251211_0824.jpg\",\"datePublished\":\"2025-12-11T14:14:21+00:00\",\"breadcrumb\":{\"@id\":\"https:\\\/\\\/www.livemag.it\\\/index.php\\\/2025\\\/12\\\/11\\\/oltre-lorizzonte-dellinnovazione-a-roma-la-4-edizione-di-futures-di-sisal\\\/#breadcrumb\"},\"inLanguage\":\"it-IT\",\"potentialAction\":[{\"@type\":\"ReadAction\",\"target\":[\"https:\\\/\\\/www.livemag.it\\\/index.php\\\/2025\\\/12\\\/11\\\/oltre-lorizzonte-dellinnovazione-a-roma-la-4-edizione-di-futures-di-sisal\\\/\"]}]},{\"@type\":\"ImageObject\",\"inLanguage\":\"it-IT\",\"@id\":\"https:\\\/\\\/www.livemag.it\\\/index.php\\\/2025\\\/12\\\/11\\\/oltre-lorizzonte-dellinnovazione-a-roma-la-4-edizione-di-futures-di-sisal\\\/#primaryimage\",\"url\":\"https:\\\/\\\/www.livemag.it\\\/wp-content\\\/uploads\\\/2025\\\/12\\\/20251211_0824.jpg\",\"contentUrl\":\"https:\\\/\\\/www.livemag.it\\\/wp-content\\\/uploads\\\/2025\\\/12\\\/20251211_0824.jpg\",\"width\":1024,\"height\":753},{\"@type\":\"BreadcrumbList\",\"@id\":\"https:\\\/\\\/www.livemag.it\\\/index.php\\\/2025\\\/12\\\/11\\\/oltre-lorizzonte-dellinnovazione-a-roma-la-4-edizione-di-futures-di-sisal\\\/#breadcrumb\",\"itemListElement\":[{\"@type\":\"ListItem\",\"position\":1,\"name\":\"Home\",\"item\":\"https:\\\/\\\/www.livemag.it\\\/\"},{\"@type\":\"ListItem\",\"position\":2,\"name\":\"\u201cOltre l\u2019orizzonte dell\u2019innovazione\u201d, a Roma la 4^ edizione di FutureS di Sisal\"}]},{\"@type\":\"WebSite\",\"@id\":\"https:\\\/\\\/www.livemag.it\\\/#website\",\"url\":\"https:\\\/\\\/www.livemag.it\\\/\",\"name\":\"Live Magazine\",\"description\":\"Varie ed eventi\",\"publisher\":{\"@id\":\"https:\\\/\\\/www.livemag.it\\\/#organization\"},\"potentialAction\":[{\"@type\":\"SearchAction\",\"target\":{\"@type\":\"EntryPoint\",\"urlTemplate\":\"https:\\\/\\\/www.livemag.it\\\/?s={search_term_string}\"},\"query-input\":{\"@type\":\"PropertyValueSpecification\",\"valueRequired\":true,\"valueName\":\"search_term_string\"}}],\"inLanguage\":\"it-IT\"},{\"@type\":\"Organization\",\"@id\":\"https:\\\/\\\/www.livemag.it\\\/#organization\",\"name\":\"LiveMag\",\"alternateName\":\"LiveMag News ed eventi\",\"url\":\"https:\\\/\\\/www.livemag.it\\\/\",\"logo\":{\"@type\":\"ImageObject\",\"inLanguage\":\"it-IT\",\"@id\":\"https:\\\/\\\/www.livemag.it\\\/#\\\/schema\\\/logo\\\/image\\\/\",\"url\":\"https:\\\/\\\/www.livemag.it\\\/wp-content\\\/uploads\\\/2024\\\/02\\\/immagine-sito.jpg\",\"contentUrl\":\"https:\\\/\\\/www.livemag.it\\\/wp-content\\\/uploads\\\/2024\\\/02\\\/immagine-sito.jpg\",\"width\":696,\"height\":696,\"caption\":\"LiveMag\"},\"image\":{\"@id\":\"https:\\\/\\\/www.livemag.it\\\/#\\\/schema\\\/logo\\\/image\\\/\"},\"sameAs\":[\"https:\\\/\\\/www.facebook.com\\\/LiveMag\\\/\",\"https:\\\/\\\/x.com\\\/LiveNotizie\",\"https:\\\/\\\/www.instagram.com\\\/livemag\\\/\"]},{\"@type\":\"Person\",\"@id\":\"https:\\\/\\\/www.livemag.it\\\/#\\\/schema\\\/person\\\/b62c5f44451fdcdaeb0afe6c2424e73c\",\"name\":\"italpress\",\"image\":{\"@type\":\"ImageObject\",\"inLanguage\":\"it-IT\",\"@id\":\"https:\\\/\\\/secure.gravatar.com\\\/avatar\\\/b6a21695fc713ce7ee312cf57c97e2e641feb365be72d8745574d3c3e2b59066?s=96&r=g\",\"url\":\"https:\\\/\\\/secure.gravatar.com\\\/avatar\\\/b6a21695fc713ce7ee312cf57c97e2e641feb365be72d8745574d3c3e2b59066?s=96&r=g\",\"contentUrl\":\"https:\\\/\\\/secure.gravatar.com\\\/avatar\\\/b6a21695fc713ce7ee312cf57c97e2e641feb365be72d8745574d3c3e2b59066?s=96&r=g\",\"caption\":\"italpress\"},\"description\":\"Italpress \u00e8 un'agenzia di stampa italiana a carattere nazionale.\",\"url\":\"https:\\\/\\\/www.livemag.it\\\/index.php\\\/author\\\/italpress\\\/\"}]}<\/script>\n<!-- \/ Yoast SEO plugin. -->","yoast_head_json":{"title":"\u201cOltre l\u2019orizzonte dell\u2019innovazione\u201d, a Roma la 4^ edizione di FutureS di Sisal - Live Magazine","robots":{"index":"index","follow":"follow","max-snippet":"max-snippet:-1","max-image-preview":"max-image-preview:large","max-video-preview":"max-video-preview:-1"},"canonical":"https:\/\/www.livemag.it\/index.php\/2025\/12\/11\/oltre-lorizzonte-dellinnovazione-a-roma-la-4-edizione-di-futures-di-sisal\/","og_locale":"it_IT","og_type":"article","og_title":"\u201cOltre l\u2019orizzonte dell\u2019innovazione\u201d, a Roma la 4^ edizione di FutureS di Sisal - Live Magazine","og_description":"ROMA (ITALPRESS) \u2013 Favorire il confronto tra istituzioni, aziende e stakeholder e discutere delle sfide e delle opportunit\u00e0 legate all\u2019innovazione digitale. Questi gli obiettivi della quarta edizione di FutureS, \u201cOltre l\u2019orizzonte dell\u2019innovazione\u201d, evento organizzato a Roma da Sisal, in cui sono stati celebrati anche gli 80 anni di storia dell\u2019azienda. Al centro dell\u2019attenzione di questa [&hellip;]","og_url":"https:\/\/www.livemag.it\/index.php\/2025\/12\/11\/oltre-lorizzonte-dellinnovazione-a-roma-la-4-edizione-di-futures-di-sisal\/","og_site_name":"Live Magazine","article_publisher":"https:\/\/www.facebook.com\/LiveMag\/","article_published_time":"2025-12-11T14:14:21+00:00","og_image":[{"width":1200,"height":675,"url":"https:\/\/www.livemag.it\/wp-content\/uploads\/2024\/02\/ograph.jpg","type":"image\/jpeg"}],"author":"italpress","twitter_card":"summary_large_image","twitter_creator":"@LiveNotizie","twitter_site":"@LiveNotizie","twitter_misc":{"Scritto da":"italpress","Tempo di lettura stimato":"2 minuti"},"schema":{"@context":"https:\/\/schema.org","@graph":[{"@type":"Article","@id":"https:\/\/www.livemag.it\/index.php\/2025\/12\/11\/oltre-lorizzonte-dellinnovazione-a-roma-la-4-edizione-di-futures-di-sisal\/#article","isPartOf":{"@id":"https:\/\/www.livemag.it\/index.php\/2025\/12\/11\/oltre-lorizzonte-dellinnovazione-a-roma-la-4-edizione-di-futures-di-sisal\/"},"author":{"name":"italpress","@id":"https:\/\/www.livemag.it\/#\/schema\/person\/b62c5f44451fdcdaeb0afe6c2424e73c"},"headline":"\u201cOltre l\u2019orizzonte dell\u2019innovazione\u201d, a Roma la 4^ edizione di FutureS di Sisal","datePublished":"2025-12-11T14:14:21+00:00","mainEntityOfPage":{"@id":"https:\/\/www.livemag.it\/index.php\/2025\/12\/11\/oltre-lorizzonte-dellinnovazione-a-roma-la-4-edizione-di-futures-di-sisal\/"},"wordCount":502,"publisher":{"@id":"https:\/\/www.livemag.it\/#organization"},"image":{"@id":"https:\/\/www.livemag.it\/index.php\/2025\/12\/11\/oltre-lorizzonte-dellinnovazione-a-roma-la-4-edizione-di-futures-di-sisal\/#primaryimage"},"thumbnailUrl":"https:\/\/www.livemag.it\/wp-content\/uploads\/2025\/12\/20251211_0824.jpg","articleSection":["Mondo"],"inLanguage":"it-IT"},{"@type":"WebPage","@id":"https:\/\/www.livemag.it\/index.php\/2025\/12\/11\/oltre-lorizzonte-dellinnovazione-a-roma-la-4-edizione-di-futures-di-sisal\/","url":"https:\/\/www.livemag.it\/index.php\/2025\/12\/11\/oltre-lorizzonte-dellinnovazione-a-roma-la-4-edizione-di-futures-di-sisal\/","name":"\u201cOltre l\u2019orizzonte dell\u2019innovazione\u201d, a Roma la 4^ edizione di FutureS di Sisal - Live Magazine","isPartOf":{"@id":"https:\/\/www.livemag.it\/#website"},"primaryImageOfPage":{"@id":"https:\/\/www.livemag.it\/index.php\/2025\/12\/11\/oltre-lorizzonte-dellinnovazione-a-roma-la-4-edizione-di-futures-di-sisal\/#primaryimage"},"image":{"@id":"https:\/\/www.livemag.it\/index.php\/2025\/12\/11\/oltre-lorizzonte-dellinnovazione-a-roma-la-4-edizione-di-futures-di-sisal\/#primaryimage"},"thumbnailUrl":"https:\/\/www.livemag.it\/wp-content\/uploads\/2025\/12\/20251211_0824.jpg","datePublished":"2025-12-11T14:14:21+00:00","breadcrumb":{"@id":"https:\/\/www.livemag.it\/index.php\/2025\/12\/11\/oltre-lorizzonte-dellinnovazione-a-roma-la-4-edizione-di-futures-di-sisal\/#breadcrumb"},"inLanguage":"it-IT","potentialAction":[{"@type":"ReadAction","target":["https:\/\/www.livemag.it\/index.php\/2025\/12\/11\/oltre-lorizzonte-dellinnovazione-a-roma-la-4-edizione-di-futures-di-sisal\/"]}]},{"@type":"ImageObject","inLanguage":"it-IT","@id":"https:\/\/www.livemag.it\/index.php\/2025\/12\/11\/oltre-lorizzonte-dellinnovazione-a-roma-la-4-edizione-di-futures-di-sisal\/#primaryimage","url":"https:\/\/www.livemag.it\/wp-content\/uploads\/2025\/12\/20251211_0824.jpg","contentUrl":"https:\/\/www.livemag.it\/wp-content\/uploads\/2025\/12\/20251211_0824.jpg","width":1024,"height":753},{"@type":"BreadcrumbList","@id":"https:\/\/www.livemag.it\/index.php\/2025\/12\/11\/oltre-lorizzonte-dellinnovazione-a-roma-la-4-edizione-di-futures-di-sisal\/#breadcrumb","itemListElement":[{"@type":"ListItem","position":1,"name":"Home","item":"https:\/\/www.livemag.it\/"},{"@type":"ListItem","position":2,"name":"\u201cOltre l\u2019orizzonte dell\u2019innovazione\u201d, a Roma la 4^ edizione di FutureS di Sisal"}]},{"@type":"WebSite","@id":"https:\/\/www.livemag.it\/#website","url":"https:\/\/www.livemag.it\/","name":"Live Magazine","description":"Varie ed eventi","publisher":{"@id":"https:\/\/www.livemag.it\/#organization"},"potentialAction":[{"@type":"SearchAction","target":{"@type":"EntryPoint","urlTemplate":"https:\/\/www.livemag.it\/?s={search_term_string}"},"query-input":{"@type":"PropertyValueSpecification","valueRequired":true,"valueName":"search_term_string"}}],"inLanguage":"it-IT"},{"@type":"Organization","@id":"https:\/\/www.livemag.it\/#organization","name":"LiveMag","alternateName":"LiveMag News ed eventi","url":"https:\/\/www.livemag.it\/","logo":{"@type":"ImageObject","inLanguage":"it-IT","@id":"https:\/\/www.livemag.it\/#\/schema\/logo\/image\/","url":"https:\/\/www.livemag.it\/wp-content\/uploads\/2024\/02\/immagine-sito.jpg","contentUrl":"https:\/\/www.livemag.it\/wp-content\/uploads\/2024\/02\/immagine-sito.jpg","width":696,"height":696,"caption":"LiveMag"},"image":{"@id":"https:\/\/www.livemag.it\/#\/schema\/logo\/image\/"},"sameAs":["https:\/\/www.facebook.com\/LiveMag\/","https:\/\/x.com\/LiveNotizie","https:\/\/www.instagram.com\/livemag\/"]},{"@type":"Person","@id":"https:\/\/www.livemag.it\/#\/schema\/person\/b62c5f44451fdcdaeb0afe6c2424e73c","name":"italpress","image":{"@type":"ImageObject","inLanguage":"it-IT","@id":"https:\/\/secure.gravatar.com\/avatar\/b6a21695fc713ce7ee312cf57c97e2e641feb365be72d8745574d3c3e2b59066?s=96&r=g","url":"https:\/\/secure.gravatar.com\/avatar\/b6a21695fc713ce7ee312cf57c97e2e641feb365be72d8745574d3c3e2b59066?s=96&r=g","contentUrl":"https:\/\/secure.gravatar.com\/avatar\/b6a21695fc713ce7ee312cf57c97e2e641feb365be72d8745574d3c3e2b59066?s=96&r=g","caption":"italpress"},"description":"Italpress \u00e8 un'agenzia di stampa italiana a carattere nazionale.","url":"https:\/\/www.livemag.it\/index.php\/author\/italpress\/"}]}},"jetpack_featured_media_url":"https:\/\/www.livemag.it\/wp-content\/uploads\/2025\/12\/20251211_0824.jpg","_links":{"self":[{"href":"https:\/\/www.livemag.it\/index.php\/wp-json\/wp\/v2\/posts\/65233","targetHints":{"allow":["GET"]}}],"collection":[{"href":"https:\/\/www.livemag.it\/index.php\/wp-json\/wp\/v2\/posts"}],"about":[{"href":"https:\/\/www.livemag.it\/index.php\/wp-json\/wp\/v2\/types\/post"}],"author":[{"embeddable":true,"href":"https:\/\/www.livemag.it\/index.php\/wp-json\/wp\/v2\/users\/16"}],"replies":[{"embeddable":true,"href":"https:\/\/www.livemag.it\/index.php\/wp-json\/wp\/v2\/comments?post=65233"}],"version-history":[{"count":0,"href":"https:\/\/www.livemag.it\/index.php\/wp-json\/wp\/v2\/posts\/65233\/revisions"}],"wp:featuredmedia":[{"embeddable":true,"href":"https:\/\/www.livemag.it\/index.php\/wp-json\/wp\/v2\/media\/65234"}],"wp:attachment":[{"href":"https:\/\/www.livemag.it\/index.php\/wp-json\/wp\/v2\/media?parent=65233"}],"wp:term":[{"taxonomy":"category","embeddable":true,"href":"https:\/\/www.livemag.it\/index.php\/wp-json\/wp\/v2\/categories?post=65233"},{"taxonomy":"post_tag","embeddable":true,"href":"https:\/\/www.livemag.it\/index.php\/wp-json\/wp\/v2\/tags?post=65233"}],"curies":[{"name":"wp","href":"https:\/\/api.w.org\/{rel}","templated":true}]}}