{"id":65210,"date":"2025-12-11T12:02:53","date_gmt":"2025-12-11T11:02:53","guid":{"rendered":"https:\/\/www.livemag.it\/index.php\/2025\/12\/11\/inchiesta-urbanistica-sequestrato-cantiere-in-zona-brera-a-milano\/"},"modified":"2025-12-11T12:02:53","modified_gmt":"2025-12-11T11:02:53","slug":"inchiesta-urbanistica-sequestrato-cantiere-in-zona-brera-a-milano","status":"publish","type":"post","link":"https:\/\/www.livemag.it\/index.php\/2025\/12\/11\/inchiesta-urbanistica-sequestrato-cantiere-in-zona-brera-a-milano\/","title":{"rendered":"Inchiesta urbanistica, sequestrato cantiere in zona Brera a Milano"},"content":{"rendered":"<div>\n<p>MILANO (ITALPRESS) \u2013 Il Nucleo di Polizia Economico Finanziaria della Guardia di Finanza di Milano ha eseguito un decreto di sequestro preventivo, disposto dal G.I.P. alla sede, di un cantiere a Milano, in via Anfiteatro 7, dove sono in corso di realizzazione due edifici residenziali rispettivamente di 4 e 11 piani. <br \/>Risultano indagate 27 persone, accusate a vario titolo dei reati di abusi edilizi, lottizzazione abusiva e falso ideologico commessa dal pubblico ufficiale in atti pubblici. <br \/>L\u2019attivit\u00e0 si inquadra in una pi\u00f9 ampia indagine delegata dalla locale Procura della Repubblica riguardante pi\u00f9 progetti urbanistici di rilevante valore economico insistenti sul territorio del Comune di Milano, in corso di realizzazione in violazione della normativa urbanistica, con conseguente quantificazione sottostimata degli oneri di urbanizzazione e un illecito aumento delle superfici e cubature realizzabili. <\/p>\n<p>\u2013 Foto Ipa Agency \u2013 <\/p>\n<p>(ITALPRESS).<\/p>\n<\/div>\n","protected":false},"excerpt":{"rendered":"<p>MILANO (ITALPRESS) \u2013 Il Nucleo di Polizia Economico Finanziaria della Guardia di Finanza di Milano ha eseguito un decreto di sequestro preventivo, disposto dal G.I.P. alla sede, di un cantiere a Milano, in via Anfiteatro 7, dove sono in corso di realizzazione due edifici residenziali rispettivamente di 4 e 11 piani. Risultano indagate 27 persone, [&hellip;]<\/p>\n","protected":false},"author":16,"featured_media":65211,"comment_status":"closed","ping_status":"closed","sticky":false,"template":"","format":"standard","meta":{"jnews-multi-image_gallery":[],"jnews_single_post":[],"jnews_primary_category":[],"jnews_social_meta":[],"jnews_override_counter":[],"jnews_post_split":[],"footnotes":""},"categories":[1129],"tags":[],"class_list":["post-65210","post","type-post","status-publish","format-standard","has-post-thumbnail","hentry","category-mondo"],"yoast_head":"<!-- This site is optimized with the Yoast SEO plugin v27.5 - https:\/\/yoast.com\/product\/yoast-seo-wordpress\/ -->\n<title>Inchiesta urbanistica, sequestrato cantiere in zona Brera a Milano - Live Magazine<\/title>\n<meta name=\"robots\" content=\"index, follow, max-snippet:-1, max-image-preview:large, max-video-preview:-1\" \/>\n<link rel=\"canonical\" href=\"https:\/\/www.livemag.it\/index.php\/2025\/12\/11\/inchiesta-urbanistica-sequestrato-cantiere-in-zona-brera-a-milano\/\" \/>\n<meta property=\"og:locale\" content=\"it_IT\" \/>\n<meta property=\"og:type\" content=\"article\" \/>\n<meta property=\"og:title\" content=\"Inchiesta urbanistica, sequestrato cantiere in zona Brera a Milano - Live Magazine\" \/>\n<meta property=\"og:description\" content=\"MILANO (ITALPRESS) \u2013 Il Nucleo di Polizia Economico Finanziaria della Guardia di Finanza di Milano ha eseguito un decreto di sequestro preventivo, disposto dal G.I.P. alla sede, di un cantiere a Milano, in via Anfiteatro 7, dove sono in corso di realizzazione due edifici residenziali rispettivamente di 4 e 11 piani. Risultano indagate 27 persone, [&hellip;]\" \/>\n<meta property=\"og:url\" content=\"https:\/\/www.livemag.it\/index.php\/2025\/12\/11\/inchiesta-urbanistica-sequestrato-cantiere-in-zona-brera-a-milano\/\" \/>\n<meta property=\"og:site_name\" content=\"Live Magazine\" \/>\n<meta property=\"article:publisher\" content=\"https:\/\/www.facebook.com\/LiveMag\/\" \/>\n<meta property=\"article:published_time\" content=\"2025-12-11T11:02:53+00:00\" \/>\n<meta property=\"og:image\" content=\"https:\/\/www.livemag.it\/wp-content\/uploads\/2024\/02\/ograph.jpg\" \/>\n\t<meta property=\"og:image:width\" content=\"1200\" \/>\n\t<meta property=\"og:image:height\" content=\"675\" \/>\n\t<meta property=\"og:image:type\" content=\"image\/jpeg\" \/>\n<meta name=\"author\" content=\"italpress\" \/>\n<meta name=\"twitter:card\" content=\"summary_large_image\" \/>\n<meta name=\"twitter:creator\" content=\"@LiveNotizie\" \/>\n<meta name=\"twitter:site\" content=\"@LiveNotizie\" \/>\n<meta name=\"twitter:label1\" content=\"Scritto da\" \/>\n\t<meta name=\"twitter:data1\" content=\"italpress\" \/>\n\t<meta name=\"twitter:label2\" content=\"Tempo di lettura stimato\" \/>\n\t<meta name=\"twitter:data2\" content=\"1 minuto\" \/>\n<script type=\"application\/ld+json\" class=\"yoast-schema-graph\">{\"@context\":\"https:\\\/\\\/schema.org\",\"@graph\":[{\"@type\":\"Article\",\"@id\":\"https:\\\/\\\/www.livemag.it\\\/index.php\\\/2025\\\/12\\\/11\\\/inchiesta-urbanistica-sequestrato-cantiere-in-zona-brera-a-milano\\\/#article\",\"isPartOf\":{\"@id\":\"https:\\\/\\\/www.livemag.it\\\/index.php\\\/2025\\\/12\\\/11\\\/inchiesta-urbanistica-sequestrato-cantiere-in-zona-brera-a-milano\\\/\"},\"author\":{\"name\":\"italpress\",\"@id\":\"https:\\\/\\\/www.livemag.it\\\/#\\\/schema\\\/person\\\/b62c5f44451fdcdaeb0afe6c2424e73c\"},\"headline\":\"Inchiesta urbanistica, sequestrato cantiere in zona Brera a Milano\",\"datePublished\":\"2025-12-11T11:02:53+00:00\",\"mainEntityOfPage\":{\"@id\":\"https:\\\/\\\/www.livemag.it\\\/index.php\\\/2025\\\/12\\\/11\\\/inchiesta-urbanistica-sequestrato-cantiere-in-zona-brera-a-milano\\\/\"},\"wordCount\":142,\"publisher\":{\"@id\":\"https:\\\/\\\/www.livemag.it\\\/#organization\"},\"image\":{\"@id\":\"https:\\\/\\\/www.livemag.it\\\/index.php\\\/2025\\\/12\\\/11\\\/inchiesta-urbanistica-sequestrato-cantiere-in-zona-brera-a-milano\\\/#primaryimage\"},\"thumbnailUrl\":\"https:\\\/\\\/www.livemag.it\\\/wp-content\\\/uploads\\\/2025\\\/12\\\/20251211_0191.jpg\",\"articleSection\":[\"Mondo\"],\"inLanguage\":\"it-IT\"},{\"@type\":\"WebPage\",\"@id\":\"https:\\\/\\\/www.livemag.it\\\/index.php\\\/2025\\\/12\\\/11\\\/inchiesta-urbanistica-sequestrato-cantiere-in-zona-brera-a-milano\\\/\",\"url\":\"https:\\\/\\\/www.livemag.it\\\/index.php\\\/2025\\\/12\\\/11\\\/inchiesta-urbanistica-sequestrato-cantiere-in-zona-brera-a-milano\\\/\",\"name\":\"Inchiesta urbanistica, sequestrato cantiere in zona Brera a Milano - Live Magazine\",\"isPartOf\":{\"@id\":\"https:\\\/\\\/www.livemag.it\\\/#website\"},\"primaryImageOfPage\":{\"@id\":\"https:\\\/\\\/www.livemag.it\\\/index.php\\\/2025\\\/12\\\/11\\\/inchiesta-urbanistica-sequestrato-cantiere-in-zona-brera-a-milano\\\/#primaryimage\"},\"image\":{\"@id\":\"https:\\\/\\\/www.livemag.it\\\/index.php\\\/2025\\\/12\\\/11\\\/inchiesta-urbanistica-sequestrato-cantiere-in-zona-brera-a-milano\\\/#primaryimage\"},\"thumbnailUrl\":\"https:\\\/\\\/www.livemag.it\\\/wp-content\\\/uploads\\\/2025\\\/12\\\/20251211_0191.jpg\",\"datePublished\":\"2025-12-11T11:02:53+00:00\",\"breadcrumb\":{\"@id\":\"https:\\\/\\\/www.livemag.it\\\/index.php\\\/2025\\\/12\\\/11\\\/inchiesta-urbanistica-sequestrato-cantiere-in-zona-brera-a-milano\\\/#breadcrumb\"},\"inLanguage\":\"it-IT\",\"potentialAction\":[{\"@type\":\"ReadAction\",\"target\":[\"https:\\\/\\\/www.livemag.it\\\/index.php\\\/2025\\\/12\\\/11\\\/inchiesta-urbanistica-sequestrato-cantiere-in-zona-brera-a-milano\\\/\"]}]},{\"@type\":\"ImageObject\",\"inLanguage\":\"it-IT\",\"@id\":\"https:\\\/\\\/www.livemag.it\\\/index.php\\\/2025\\\/12\\\/11\\\/inchiesta-urbanistica-sequestrato-cantiere-in-zona-brera-a-milano\\\/#primaryimage\",\"url\":\"https:\\\/\\\/www.livemag.it\\\/wp-content\\\/uploads\\\/2025\\\/12\\\/20251211_0191.jpg\",\"contentUrl\":\"https:\\\/\\\/www.livemag.it\\\/wp-content\\\/uploads\\\/2025\\\/12\\\/20251211_0191.jpg\",\"width\":1024,\"height\":685},{\"@type\":\"BreadcrumbList\",\"@id\":\"https:\\\/\\\/www.livemag.it\\\/index.php\\\/2025\\\/12\\\/11\\\/inchiesta-urbanistica-sequestrato-cantiere-in-zona-brera-a-milano\\\/#breadcrumb\",\"itemListElement\":[{\"@type\":\"ListItem\",\"position\":1,\"name\":\"Home\",\"item\":\"https:\\\/\\\/www.livemag.it\\\/\"},{\"@type\":\"ListItem\",\"position\":2,\"name\":\"Inchiesta urbanistica, sequestrato cantiere in zona Brera a Milano\"}]},{\"@type\":\"WebSite\",\"@id\":\"https:\\\/\\\/www.livemag.it\\\/#website\",\"url\":\"https:\\\/\\\/www.livemag.it\\\/\",\"name\":\"Live Magazine\",\"description\":\"Varie ed eventi\",\"publisher\":{\"@id\":\"https:\\\/\\\/www.livemag.it\\\/#organization\"},\"potentialAction\":[{\"@type\":\"SearchAction\",\"target\":{\"@type\":\"EntryPoint\",\"urlTemplate\":\"https:\\\/\\\/www.livemag.it\\\/?s={search_term_string}\"},\"query-input\":{\"@type\":\"PropertyValueSpecification\",\"valueRequired\":true,\"valueName\":\"search_term_string\"}}],\"inLanguage\":\"it-IT\"},{\"@type\":\"Organization\",\"@id\":\"https:\\\/\\\/www.livemag.it\\\/#organization\",\"name\":\"LiveMag\",\"alternateName\":\"LiveMag News ed eventi\",\"url\":\"https:\\\/\\\/www.livemag.it\\\/\",\"logo\":{\"@type\":\"ImageObject\",\"inLanguage\":\"it-IT\",\"@id\":\"https:\\\/\\\/www.livemag.it\\\/#\\\/schema\\\/logo\\\/image\\\/\",\"url\":\"https:\\\/\\\/www.livemag.it\\\/wp-content\\\/uploads\\\/2024\\\/02\\\/immagine-sito.jpg\",\"contentUrl\":\"https:\\\/\\\/www.livemag.it\\\/wp-content\\\/uploads\\\/2024\\\/02\\\/immagine-sito.jpg\",\"width\":696,\"height\":696,\"caption\":\"LiveMag\"},\"image\":{\"@id\":\"https:\\\/\\\/www.livemag.it\\\/#\\\/schema\\\/logo\\\/image\\\/\"},\"sameAs\":[\"https:\\\/\\\/www.facebook.com\\\/LiveMag\\\/\",\"https:\\\/\\\/x.com\\\/LiveNotizie\",\"https:\\\/\\\/www.instagram.com\\\/livemag\\\/\"]},{\"@type\":\"Person\",\"@id\":\"https:\\\/\\\/www.livemag.it\\\/#\\\/schema\\\/person\\\/b62c5f44451fdcdaeb0afe6c2424e73c\",\"name\":\"italpress\",\"image\":{\"@type\":\"ImageObject\",\"inLanguage\":\"it-IT\",\"@id\":\"https:\\\/\\\/secure.gravatar.com\\\/avatar\\\/b6a21695fc713ce7ee312cf57c97e2e641feb365be72d8745574d3c3e2b59066?s=96&r=g\",\"url\":\"https:\\\/\\\/secure.gravatar.com\\\/avatar\\\/b6a21695fc713ce7ee312cf57c97e2e641feb365be72d8745574d3c3e2b59066?s=96&r=g\",\"contentUrl\":\"https:\\\/\\\/secure.gravatar.com\\\/avatar\\\/b6a21695fc713ce7ee312cf57c97e2e641feb365be72d8745574d3c3e2b59066?s=96&r=g\",\"caption\":\"italpress\"},\"description\":\"Italpress \u00e8 un'agenzia di stampa italiana a carattere nazionale.\",\"url\":\"https:\\\/\\\/www.livemag.it\\\/index.php\\\/author\\\/italpress\\\/\"}]}<\/script>\n<!-- \/ Yoast SEO plugin. -->","yoast_head_json":{"title":"Inchiesta urbanistica, sequestrato cantiere in zona Brera a Milano - Live Magazine","robots":{"index":"index","follow":"follow","max-snippet":"max-snippet:-1","max-image-preview":"max-image-preview:large","max-video-preview":"max-video-preview:-1"},"canonical":"https:\/\/www.livemag.it\/index.php\/2025\/12\/11\/inchiesta-urbanistica-sequestrato-cantiere-in-zona-brera-a-milano\/","og_locale":"it_IT","og_type":"article","og_title":"Inchiesta urbanistica, sequestrato cantiere in zona Brera a Milano - Live Magazine","og_description":"MILANO (ITALPRESS) \u2013 Il Nucleo di Polizia Economico Finanziaria della Guardia di Finanza di Milano ha eseguito un decreto di sequestro preventivo, disposto dal G.I.P. alla sede, di un cantiere a Milano, in via Anfiteatro 7, dove sono in corso di realizzazione due edifici residenziali rispettivamente di 4 e 11 piani. Risultano indagate 27 persone, [&hellip;]","og_url":"https:\/\/www.livemag.it\/index.php\/2025\/12\/11\/inchiesta-urbanistica-sequestrato-cantiere-in-zona-brera-a-milano\/","og_site_name":"Live Magazine","article_publisher":"https:\/\/www.facebook.com\/LiveMag\/","article_published_time":"2025-12-11T11:02:53+00:00","og_image":[{"width":1200,"height":675,"url":"https:\/\/www.livemag.it\/wp-content\/uploads\/2024\/02\/ograph.jpg","type":"image\/jpeg"}],"author":"italpress","twitter_card":"summary_large_image","twitter_creator":"@LiveNotizie","twitter_site":"@LiveNotizie","twitter_misc":{"Scritto da":"italpress","Tempo di lettura stimato":"1 minuto"},"schema":{"@context":"https:\/\/schema.org","@graph":[{"@type":"Article","@id":"https:\/\/www.livemag.it\/index.php\/2025\/12\/11\/inchiesta-urbanistica-sequestrato-cantiere-in-zona-brera-a-milano\/#article","isPartOf":{"@id":"https:\/\/www.livemag.it\/index.php\/2025\/12\/11\/inchiesta-urbanistica-sequestrato-cantiere-in-zona-brera-a-milano\/"},"author":{"name":"italpress","@id":"https:\/\/www.livemag.it\/#\/schema\/person\/b62c5f44451fdcdaeb0afe6c2424e73c"},"headline":"Inchiesta urbanistica, sequestrato cantiere in zona Brera a Milano","datePublished":"2025-12-11T11:02:53+00:00","mainEntityOfPage":{"@id":"https:\/\/www.livemag.it\/index.php\/2025\/12\/11\/inchiesta-urbanistica-sequestrato-cantiere-in-zona-brera-a-milano\/"},"wordCount":142,"publisher":{"@id":"https:\/\/www.livemag.it\/#organization"},"image":{"@id":"https:\/\/www.livemag.it\/index.php\/2025\/12\/11\/inchiesta-urbanistica-sequestrato-cantiere-in-zona-brera-a-milano\/#primaryimage"},"thumbnailUrl":"https:\/\/www.livemag.it\/wp-content\/uploads\/2025\/12\/20251211_0191.jpg","articleSection":["Mondo"],"inLanguage":"it-IT"},{"@type":"WebPage","@id":"https:\/\/www.livemag.it\/index.php\/2025\/12\/11\/inchiesta-urbanistica-sequestrato-cantiere-in-zona-brera-a-milano\/","url":"https:\/\/www.livemag.it\/index.php\/2025\/12\/11\/inchiesta-urbanistica-sequestrato-cantiere-in-zona-brera-a-milano\/","name":"Inchiesta urbanistica, sequestrato cantiere in zona Brera a Milano - Live Magazine","isPartOf":{"@id":"https:\/\/www.livemag.it\/#website"},"primaryImageOfPage":{"@id":"https:\/\/www.livemag.it\/index.php\/2025\/12\/11\/inchiesta-urbanistica-sequestrato-cantiere-in-zona-brera-a-milano\/#primaryimage"},"image":{"@id":"https:\/\/www.livemag.it\/index.php\/2025\/12\/11\/inchiesta-urbanistica-sequestrato-cantiere-in-zona-brera-a-milano\/#primaryimage"},"thumbnailUrl":"https:\/\/www.livemag.it\/wp-content\/uploads\/2025\/12\/20251211_0191.jpg","datePublished":"2025-12-11T11:02:53+00:00","breadcrumb":{"@id":"https:\/\/www.livemag.it\/index.php\/2025\/12\/11\/inchiesta-urbanistica-sequestrato-cantiere-in-zona-brera-a-milano\/#breadcrumb"},"inLanguage":"it-IT","potentialAction":[{"@type":"ReadAction","target":["https:\/\/www.livemag.it\/index.php\/2025\/12\/11\/inchiesta-urbanistica-sequestrato-cantiere-in-zona-brera-a-milano\/"]}]},{"@type":"ImageObject","inLanguage":"it-IT","@id":"https:\/\/www.livemag.it\/index.php\/2025\/12\/11\/inchiesta-urbanistica-sequestrato-cantiere-in-zona-brera-a-milano\/#primaryimage","url":"https:\/\/www.livemag.it\/wp-content\/uploads\/2025\/12\/20251211_0191.jpg","contentUrl":"https:\/\/www.livemag.it\/wp-content\/uploads\/2025\/12\/20251211_0191.jpg","width":1024,"height":685},{"@type":"BreadcrumbList","@id":"https:\/\/www.livemag.it\/index.php\/2025\/12\/11\/inchiesta-urbanistica-sequestrato-cantiere-in-zona-brera-a-milano\/#breadcrumb","itemListElement":[{"@type":"ListItem","position":1,"name":"Home","item":"https:\/\/www.livemag.it\/"},{"@type":"ListItem","position":2,"name":"Inchiesta urbanistica, sequestrato cantiere in zona Brera a Milano"}]},{"@type":"WebSite","@id":"https:\/\/www.livemag.it\/#website","url":"https:\/\/www.livemag.it\/","name":"Live Magazine","description":"Varie ed eventi","publisher":{"@id":"https:\/\/www.livemag.it\/#organization"},"potentialAction":[{"@type":"SearchAction","target":{"@type":"EntryPoint","urlTemplate":"https:\/\/www.livemag.it\/?s={search_term_string}"},"query-input":{"@type":"PropertyValueSpecification","valueRequired":true,"valueName":"search_term_string"}}],"inLanguage":"it-IT"},{"@type":"Organization","@id":"https:\/\/www.livemag.it\/#organization","name":"LiveMag","alternateName":"LiveMag News ed eventi","url":"https:\/\/www.livemag.it\/","logo":{"@type":"ImageObject","inLanguage":"it-IT","@id":"https:\/\/www.livemag.it\/#\/schema\/logo\/image\/","url":"https:\/\/www.livemag.it\/wp-content\/uploads\/2024\/02\/immagine-sito.jpg","contentUrl":"https:\/\/www.livemag.it\/wp-content\/uploads\/2024\/02\/immagine-sito.jpg","width":696,"height":696,"caption":"LiveMag"},"image":{"@id":"https:\/\/www.livemag.it\/#\/schema\/logo\/image\/"},"sameAs":["https:\/\/www.facebook.com\/LiveMag\/","https:\/\/x.com\/LiveNotizie","https:\/\/www.instagram.com\/livemag\/"]},{"@type":"Person","@id":"https:\/\/www.livemag.it\/#\/schema\/person\/b62c5f44451fdcdaeb0afe6c2424e73c","name":"italpress","image":{"@type":"ImageObject","inLanguage":"it-IT","@id":"https:\/\/secure.gravatar.com\/avatar\/b6a21695fc713ce7ee312cf57c97e2e641feb365be72d8745574d3c3e2b59066?s=96&r=g","url":"https:\/\/secure.gravatar.com\/avatar\/b6a21695fc713ce7ee312cf57c97e2e641feb365be72d8745574d3c3e2b59066?s=96&r=g","contentUrl":"https:\/\/secure.gravatar.com\/avatar\/b6a21695fc713ce7ee312cf57c97e2e641feb365be72d8745574d3c3e2b59066?s=96&r=g","caption":"italpress"},"description":"Italpress \u00e8 un'agenzia di stampa italiana a carattere nazionale.","url":"https:\/\/www.livemag.it\/index.php\/author\/italpress\/"}]}},"jetpack_featured_media_url":"https:\/\/www.livemag.it\/wp-content\/uploads\/2025\/12\/20251211_0191.jpg","_links":{"self":[{"href":"https:\/\/www.livemag.it\/index.php\/wp-json\/wp\/v2\/posts\/65210","targetHints":{"allow":["GET"]}}],"collection":[{"href":"https:\/\/www.livemag.it\/index.php\/wp-json\/wp\/v2\/posts"}],"about":[{"href":"https:\/\/www.livemag.it\/index.php\/wp-json\/wp\/v2\/types\/post"}],"author":[{"embeddable":true,"href":"https:\/\/www.livemag.it\/index.php\/wp-json\/wp\/v2\/users\/16"}],"replies":[{"embeddable":true,"href":"https:\/\/www.livemag.it\/index.php\/wp-json\/wp\/v2\/comments?post=65210"}],"version-history":[{"count":0,"href":"https:\/\/www.livemag.it\/index.php\/wp-json\/wp\/v2\/posts\/65210\/revisions"}],"wp:featuredmedia":[{"embeddable":true,"href":"https:\/\/www.livemag.it\/index.php\/wp-json\/wp\/v2\/media\/65211"}],"wp:attachment":[{"href":"https:\/\/www.livemag.it\/index.php\/wp-json\/wp\/v2\/media?parent=65210"}],"wp:term":[{"taxonomy":"category","embeddable":true,"href":"https:\/\/www.livemag.it\/index.php\/wp-json\/wp\/v2\/categories?post=65210"},{"taxonomy":"post_tag","embeddable":true,"href":"https:\/\/www.livemag.it\/index.php\/wp-json\/wp\/v2\/tags?post=65210"}],"curies":[{"name":"wp","href":"https:\/\/api.w.org\/{rel}","templated":true}]}}