{"id":65132,"date":"2025-12-10T12:02:56","date_gmt":"2025-12-10T11:02:56","guid":{"rendered":"https:\/\/www.livemag.it\/index.php\/2025\/12\/10\/mattarella-impedire-che-la-violenza-prevalga-su-regole-e-dignita-umana\/"},"modified":"2025-12-10T12:02:56","modified_gmt":"2025-12-10T11:02:56","slug":"mattarella-impedire-che-la-violenza-prevalga-su-regole-e-dignita-umana","status":"publish","type":"post","link":"https:\/\/www.livemag.it\/index.php\/2025\/12\/10\/mattarella-impedire-che-la-violenza-prevalga-su-regole-e-dignita-umana\/","title":{"rendered":"Mattarella \u201cImpedire che la violenza prevalga su regole e dignit\u00e0 umana\u201d"},"content":{"rendered":"<div>\n<p>ROMA (ITALPRESS) \u2013 <em>\u201cSettantasei anni fa, la Dichiarazione Universale dei Diritti Umani pose al centro dell\u2019ordinamento internazionale un principio semplice e rivoluzionario: <strong>ogni persona, in quanto tale, \u00e8 titolare di diritti inviolabili.<\/strong> E\u2019 questo il messaggio che la comunit\u00e0 internazionale volle affidare al futuro, traendo lezione dalle macerie morali e materiali dei conflitti mondiali. E\u2019 un messaggio che continua a sollecitare la nostra coscienza collettiva\u201d.<\/em> Lo afferma il presidente della Repubblica,<strong> Sergio Mattarella, in occasione della Giornata Mondiale dei Diritti Umani.<\/strong><\/p>\n<p><strong><em>\u201cAncora oggi, infatti, i diritti umani subiscono molteplici attacchi<\/em> <\/strong>\u2013 prosegue il capo dello Stato -.<em> Le guerre \u2013 vecchie e nuove \u2013 tornano a proiettare la loro ombra sulle popolazioni civili, causando vittime inermi e portando ovunque sofferenza e distruzione, come la cronaca dei conflitti contemporanei dolorosamente conferma. Le violenze contro donne e minori, le discriminazioni, l\u2019erosione delle libert\u00e0 democratiche, assumono spesso la forma di un generale arretramento della civilt\u00e0 giuridica rispetto a traguardi che credevamo acquisiti. Di nuovo, <strong>vediamo riaffiorare razzismo, aggressioni, disuguaglianze: fenomeni che la storia aveva gi\u00e0 ammonito a non ripetere.<\/strong> <\/em><em>Esiste un rapporto inscindibile tra diritti umani e pace: il rispetto dei primi \u00e8 premessa essenziale della seconda, mentre l\u2019assenza di pace smorza la speranza di proteggere diritti e libert\u00e0\u201d.<\/em><\/p>\n<p><em><strong>\u201cL\u2019evidenza di tale relazione aiuta a comprendere come la pace sia il risultato di un impegno quotidiano e di una responsabilit\u00e0 condivisa<\/strong>, che trova il suo fondamento nella tutela della dignit\u00e0 di ogni persona e nel rifiuto della logica della sopraffazione. A tal riguardo, il diritto internazionale e le istituzioni multilaterali rivestono un ruolo decisivo, in quanto strumenti concreti di protezione per gli Stati come per ciascun singolo essere umano<\/em> \u2013 sottolinea Mattarella -.<em><strong> Indebolirli significa esporre ogni individuo, in particolare, i pi\u00f9 vulnerabili al rischio che l\u2019esistenza finisca per essere regolata dalla prevaricazione e dall\u2019abuso della forza.<\/strong> La Repubblica Italiana, in questa Giornata, rinnova il suo convinto sostegno a un ordine internazionale basato sul rispetto dei diritti umani. E\u2019 un impegno che discende dalla nostra storia e dai valori scolpiti nella Costituzione: il ripudio della guerra, la promozione della giustizia, l\u2019affermazione della solidariet\u00e0, dell\u2019uguaglianza e della libert\u00e0. Sono gli stessi valori che hanno ispirato la costruzione europea, divenuta nel tempo uno spazio di pace e di diritti senza precedenti. Ricordare la centralit\u00e0 dei diritti umani non significa indulgere nella memoria del dolore, ma assumere quella memoria come guida per l\u2019azione<\/em> \u2013 conclude Mattarella -. <em><strong>E\u2019 a questa responsabilit\u00e0 che siamo chiamati: impedire che la violenza prevalga sulle regole<\/strong>, affermare l\u2019universalit\u00e0 dei principi che tutelano la dignit\u00e0 umana, affinch\u00e8 la Dichiarazione del 1948 non resti solo un enunciato di alti ideali ma sia concreto codice di condotta cui tutti gli Stati scelgano di conformarsi\u201d.<\/em><\/p>\n<p>\u2013 Foto ufficio stampa Quirinale \u2013<\/p>\n<p>(ITALPRESS).<\/p>\n<\/div>\n","protected":false},"excerpt":{"rendered":"<p>ROMA (ITALPRESS) \u2013 \u201cSettantasei anni fa, la Dichiarazione Universale dei Diritti Umani pose al centro dell\u2019ordinamento internazionale un principio semplice e rivoluzionario: ogni persona, in quanto tale, \u00e8 titolare di diritti inviolabili. E\u2019 questo il messaggio che la comunit\u00e0 internazionale volle affidare al futuro, traendo lezione dalle macerie morali e materiali dei conflitti mondiali. E\u2019 [&hellip;]<\/p>\n","protected":false},"author":16,"featured_media":65133,"comment_status":"closed","ping_status":"closed","sticky":false,"template":"","format":"standard","meta":{"jnews-multi-image_gallery":[],"jnews_single_post":[],"jnews_primary_category":[],"jnews_social_meta":[],"jnews_override_counter":[],"jnews_post_split":[],"footnotes":""},"categories":[1129],"tags":[],"class_list":["post-65132","post","type-post","status-publish","format-standard","has-post-thumbnail","hentry","category-mondo"],"yoast_head":"<!-- This site is optimized with the Yoast SEO plugin v27.5 - https:\/\/yoast.com\/product\/yoast-seo-wordpress\/ -->\n<title>Mattarella \u201cImpedire che la violenza prevalga su regole e dignit\u00e0 umana\u201d - Live Magazine<\/title>\n<meta name=\"robots\" content=\"index, follow, max-snippet:-1, max-image-preview:large, max-video-preview:-1\" \/>\n<link rel=\"canonical\" href=\"https:\/\/www.livemag.it\/index.php\/2025\/12\/10\/mattarella-impedire-che-la-violenza-prevalga-su-regole-e-dignita-umana\/\" \/>\n<meta property=\"og:locale\" content=\"it_IT\" \/>\n<meta property=\"og:type\" content=\"article\" \/>\n<meta property=\"og:title\" content=\"Mattarella \u201cImpedire che la violenza prevalga su regole e dignit\u00e0 umana\u201d - Live Magazine\" \/>\n<meta property=\"og:description\" content=\"ROMA (ITALPRESS) \u2013 \u201cSettantasei anni fa, la Dichiarazione Universale dei Diritti Umani pose al centro dell\u2019ordinamento internazionale un principio semplice e rivoluzionario: ogni persona, in quanto tale, \u00e8 titolare di diritti inviolabili. E\u2019 questo il messaggio che la comunit\u00e0 internazionale volle affidare al futuro, traendo lezione dalle macerie morali e materiali dei conflitti mondiali. E\u2019 [&hellip;]\" \/>\n<meta property=\"og:url\" content=\"https:\/\/www.livemag.it\/index.php\/2025\/12\/10\/mattarella-impedire-che-la-violenza-prevalga-su-regole-e-dignita-umana\/\" \/>\n<meta property=\"og:site_name\" content=\"Live Magazine\" \/>\n<meta property=\"article:publisher\" content=\"https:\/\/www.facebook.com\/LiveMag\/\" \/>\n<meta property=\"article:published_time\" content=\"2025-12-10T11:02:56+00:00\" \/>\n<meta property=\"og:image\" content=\"https:\/\/www.livemag.it\/wp-content\/uploads\/2024\/02\/ograph.jpg\" \/>\n\t<meta property=\"og:image:width\" content=\"1200\" \/>\n\t<meta property=\"og:image:height\" content=\"675\" \/>\n\t<meta property=\"og:image:type\" content=\"image\/jpeg\" \/>\n<meta name=\"author\" content=\"italpress\" \/>\n<meta name=\"twitter:card\" content=\"summary_large_image\" \/>\n<meta name=\"twitter:creator\" content=\"@LiveNotizie\" \/>\n<meta name=\"twitter:site\" content=\"@LiveNotizie\" \/>\n<meta name=\"twitter:label1\" content=\"Scritto da\" \/>\n\t<meta name=\"twitter:data1\" content=\"italpress\" \/>\n\t<meta name=\"twitter:label2\" content=\"Tempo di lettura stimato\" \/>\n\t<meta name=\"twitter:data2\" content=\"2 minuti\" \/>\n<script type=\"application\/ld+json\" class=\"yoast-schema-graph\">{\"@context\":\"https:\\\/\\\/schema.org\",\"@graph\":[{\"@type\":\"Article\",\"@id\":\"https:\\\/\\\/www.livemag.it\\\/index.php\\\/2025\\\/12\\\/10\\\/mattarella-impedire-che-la-violenza-prevalga-su-regole-e-dignita-umana\\\/#article\",\"isPartOf\":{\"@id\":\"https:\\\/\\\/www.livemag.it\\\/index.php\\\/2025\\\/12\\\/10\\\/mattarella-impedire-che-la-violenza-prevalga-su-regole-e-dignita-umana\\\/\"},\"author\":{\"name\":\"italpress\",\"@id\":\"https:\\\/\\\/www.livemag.it\\\/#\\\/schema\\\/person\\\/b62c5f44451fdcdaeb0afe6c2424e73c\"},\"headline\":\"Mattarella \u201cImpedire che la violenza prevalga su regole e dignit\u00e0 umana\u201d\",\"datePublished\":\"2025-12-10T11:02:56+00:00\",\"mainEntityOfPage\":{\"@id\":\"https:\\\/\\\/www.livemag.it\\\/index.php\\\/2025\\\/12\\\/10\\\/mattarella-impedire-che-la-violenza-prevalga-su-regole-e-dignita-umana\\\/\"},\"wordCount\":467,\"publisher\":{\"@id\":\"https:\\\/\\\/www.livemag.it\\\/#organization\"},\"image\":{\"@id\":\"https:\\\/\\\/www.livemag.it\\\/index.php\\\/2025\\\/12\\\/10\\\/mattarella-impedire-che-la-violenza-prevalga-su-regole-e-dignita-umana\\\/#primaryimage\"},\"thumbnailUrl\":\"https:\\\/\\\/www.livemag.it\\\/wp-content\\\/uploads\\\/2025\\\/12\\\/20251210_0190.jpg\",\"articleSection\":[\"Mondo\"],\"inLanguage\":\"it-IT\"},{\"@type\":\"WebPage\",\"@id\":\"https:\\\/\\\/www.livemag.it\\\/index.php\\\/2025\\\/12\\\/10\\\/mattarella-impedire-che-la-violenza-prevalga-su-regole-e-dignita-umana\\\/\",\"url\":\"https:\\\/\\\/www.livemag.it\\\/index.php\\\/2025\\\/12\\\/10\\\/mattarella-impedire-che-la-violenza-prevalga-su-regole-e-dignita-umana\\\/\",\"name\":\"Mattarella \u201cImpedire che la violenza prevalga su regole e dignit\u00e0 umana\u201d - Live Magazine\",\"isPartOf\":{\"@id\":\"https:\\\/\\\/www.livemag.it\\\/#website\"},\"primaryImageOfPage\":{\"@id\":\"https:\\\/\\\/www.livemag.it\\\/index.php\\\/2025\\\/12\\\/10\\\/mattarella-impedire-che-la-violenza-prevalga-su-regole-e-dignita-umana\\\/#primaryimage\"},\"image\":{\"@id\":\"https:\\\/\\\/www.livemag.it\\\/index.php\\\/2025\\\/12\\\/10\\\/mattarella-impedire-che-la-violenza-prevalga-su-regole-e-dignita-umana\\\/#primaryimage\"},\"thumbnailUrl\":\"https:\\\/\\\/www.livemag.it\\\/wp-content\\\/uploads\\\/2025\\\/12\\\/20251210_0190.jpg\",\"datePublished\":\"2025-12-10T11:02:56+00:00\",\"breadcrumb\":{\"@id\":\"https:\\\/\\\/www.livemag.it\\\/index.php\\\/2025\\\/12\\\/10\\\/mattarella-impedire-che-la-violenza-prevalga-su-regole-e-dignita-umana\\\/#breadcrumb\"},\"inLanguage\":\"it-IT\",\"potentialAction\":[{\"@type\":\"ReadAction\",\"target\":[\"https:\\\/\\\/www.livemag.it\\\/index.php\\\/2025\\\/12\\\/10\\\/mattarella-impedire-che-la-violenza-prevalga-su-regole-e-dignita-umana\\\/\"]}]},{\"@type\":\"ImageObject\",\"inLanguage\":\"it-IT\",\"@id\":\"https:\\\/\\\/www.livemag.it\\\/index.php\\\/2025\\\/12\\\/10\\\/mattarella-impedire-che-la-violenza-prevalga-su-regole-e-dignita-umana\\\/#primaryimage\",\"url\":\"https:\\\/\\\/www.livemag.it\\\/wp-content\\\/uploads\\\/2025\\\/12\\\/20251210_0190.jpg\",\"contentUrl\":\"https:\\\/\\\/www.livemag.it\\\/wp-content\\\/uploads\\\/2025\\\/12\\\/20251210_0190.jpg\",\"width\":1200,\"height\":1017},{\"@type\":\"BreadcrumbList\",\"@id\":\"https:\\\/\\\/www.livemag.it\\\/index.php\\\/2025\\\/12\\\/10\\\/mattarella-impedire-che-la-violenza-prevalga-su-regole-e-dignita-umana\\\/#breadcrumb\",\"itemListElement\":[{\"@type\":\"ListItem\",\"position\":1,\"name\":\"Home\",\"item\":\"https:\\\/\\\/www.livemag.it\\\/\"},{\"@type\":\"ListItem\",\"position\":2,\"name\":\"Mattarella \u201cImpedire che la violenza prevalga su regole e dignit\u00e0 umana\u201d\"}]},{\"@type\":\"WebSite\",\"@id\":\"https:\\\/\\\/www.livemag.it\\\/#website\",\"url\":\"https:\\\/\\\/www.livemag.it\\\/\",\"name\":\"Live Magazine\",\"description\":\"Varie ed eventi\",\"publisher\":{\"@id\":\"https:\\\/\\\/www.livemag.it\\\/#organization\"},\"potentialAction\":[{\"@type\":\"SearchAction\",\"target\":{\"@type\":\"EntryPoint\",\"urlTemplate\":\"https:\\\/\\\/www.livemag.it\\\/?s={search_term_string}\"},\"query-input\":{\"@type\":\"PropertyValueSpecification\",\"valueRequired\":true,\"valueName\":\"search_term_string\"}}],\"inLanguage\":\"it-IT\"},{\"@type\":\"Organization\",\"@id\":\"https:\\\/\\\/www.livemag.it\\\/#organization\",\"name\":\"LiveMag\",\"alternateName\":\"LiveMag News ed eventi\",\"url\":\"https:\\\/\\\/www.livemag.it\\\/\",\"logo\":{\"@type\":\"ImageObject\",\"inLanguage\":\"it-IT\",\"@id\":\"https:\\\/\\\/www.livemag.it\\\/#\\\/schema\\\/logo\\\/image\\\/\",\"url\":\"https:\\\/\\\/www.livemag.it\\\/wp-content\\\/uploads\\\/2024\\\/02\\\/immagine-sito.jpg\",\"contentUrl\":\"https:\\\/\\\/www.livemag.it\\\/wp-content\\\/uploads\\\/2024\\\/02\\\/immagine-sito.jpg\",\"width\":696,\"height\":696,\"caption\":\"LiveMag\"},\"image\":{\"@id\":\"https:\\\/\\\/www.livemag.it\\\/#\\\/schema\\\/logo\\\/image\\\/\"},\"sameAs\":[\"https:\\\/\\\/www.facebook.com\\\/LiveMag\\\/\",\"https:\\\/\\\/x.com\\\/LiveNotizie\",\"https:\\\/\\\/www.instagram.com\\\/livemag\\\/\"]},{\"@type\":\"Person\",\"@id\":\"https:\\\/\\\/www.livemag.it\\\/#\\\/schema\\\/person\\\/b62c5f44451fdcdaeb0afe6c2424e73c\",\"name\":\"italpress\",\"image\":{\"@type\":\"ImageObject\",\"inLanguage\":\"it-IT\",\"@id\":\"https:\\\/\\\/secure.gravatar.com\\\/avatar\\\/b6a21695fc713ce7ee312cf57c97e2e641feb365be72d8745574d3c3e2b59066?s=96&r=g\",\"url\":\"https:\\\/\\\/secure.gravatar.com\\\/avatar\\\/b6a21695fc713ce7ee312cf57c97e2e641feb365be72d8745574d3c3e2b59066?s=96&r=g\",\"contentUrl\":\"https:\\\/\\\/secure.gravatar.com\\\/avatar\\\/b6a21695fc713ce7ee312cf57c97e2e641feb365be72d8745574d3c3e2b59066?s=96&r=g\",\"caption\":\"italpress\"},\"description\":\"Italpress \u00e8 un'agenzia di stampa italiana a carattere nazionale.\",\"url\":\"https:\\\/\\\/www.livemag.it\\\/index.php\\\/author\\\/italpress\\\/\"}]}<\/script>\n<!-- \/ Yoast SEO plugin. -->","yoast_head_json":{"title":"Mattarella \u201cImpedire che la violenza prevalga su regole e dignit\u00e0 umana\u201d - Live Magazine","robots":{"index":"index","follow":"follow","max-snippet":"max-snippet:-1","max-image-preview":"max-image-preview:large","max-video-preview":"max-video-preview:-1"},"canonical":"https:\/\/www.livemag.it\/index.php\/2025\/12\/10\/mattarella-impedire-che-la-violenza-prevalga-su-regole-e-dignita-umana\/","og_locale":"it_IT","og_type":"article","og_title":"Mattarella \u201cImpedire che la violenza prevalga su regole e dignit\u00e0 umana\u201d - Live Magazine","og_description":"ROMA (ITALPRESS) \u2013 \u201cSettantasei anni fa, la Dichiarazione Universale dei Diritti Umani pose al centro dell\u2019ordinamento internazionale un principio semplice e rivoluzionario: ogni persona, in quanto tale, \u00e8 titolare di diritti inviolabili. E\u2019 questo il messaggio che la comunit\u00e0 internazionale volle affidare al futuro, traendo lezione dalle macerie morali e materiali dei conflitti mondiali. E\u2019 [&hellip;]","og_url":"https:\/\/www.livemag.it\/index.php\/2025\/12\/10\/mattarella-impedire-che-la-violenza-prevalga-su-regole-e-dignita-umana\/","og_site_name":"Live Magazine","article_publisher":"https:\/\/www.facebook.com\/LiveMag\/","article_published_time":"2025-12-10T11:02:56+00:00","og_image":[{"width":1200,"height":675,"url":"https:\/\/www.livemag.it\/wp-content\/uploads\/2024\/02\/ograph.jpg","type":"image\/jpeg"}],"author":"italpress","twitter_card":"summary_large_image","twitter_creator":"@LiveNotizie","twitter_site":"@LiveNotizie","twitter_misc":{"Scritto da":"italpress","Tempo di lettura stimato":"2 minuti"},"schema":{"@context":"https:\/\/schema.org","@graph":[{"@type":"Article","@id":"https:\/\/www.livemag.it\/index.php\/2025\/12\/10\/mattarella-impedire-che-la-violenza-prevalga-su-regole-e-dignita-umana\/#article","isPartOf":{"@id":"https:\/\/www.livemag.it\/index.php\/2025\/12\/10\/mattarella-impedire-che-la-violenza-prevalga-su-regole-e-dignita-umana\/"},"author":{"name":"italpress","@id":"https:\/\/www.livemag.it\/#\/schema\/person\/b62c5f44451fdcdaeb0afe6c2424e73c"},"headline":"Mattarella \u201cImpedire che la violenza prevalga su regole e dignit\u00e0 umana\u201d","datePublished":"2025-12-10T11:02:56+00:00","mainEntityOfPage":{"@id":"https:\/\/www.livemag.it\/index.php\/2025\/12\/10\/mattarella-impedire-che-la-violenza-prevalga-su-regole-e-dignita-umana\/"},"wordCount":467,"publisher":{"@id":"https:\/\/www.livemag.it\/#organization"},"image":{"@id":"https:\/\/www.livemag.it\/index.php\/2025\/12\/10\/mattarella-impedire-che-la-violenza-prevalga-su-regole-e-dignita-umana\/#primaryimage"},"thumbnailUrl":"https:\/\/www.livemag.it\/wp-content\/uploads\/2025\/12\/20251210_0190.jpg","articleSection":["Mondo"],"inLanguage":"it-IT"},{"@type":"WebPage","@id":"https:\/\/www.livemag.it\/index.php\/2025\/12\/10\/mattarella-impedire-che-la-violenza-prevalga-su-regole-e-dignita-umana\/","url":"https:\/\/www.livemag.it\/index.php\/2025\/12\/10\/mattarella-impedire-che-la-violenza-prevalga-su-regole-e-dignita-umana\/","name":"Mattarella \u201cImpedire che la violenza prevalga su regole e dignit\u00e0 umana\u201d - Live Magazine","isPartOf":{"@id":"https:\/\/www.livemag.it\/#website"},"primaryImageOfPage":{"@id":"https:\/\/www.livemag.it\/index.php\/2025\/12\/10\/mattarella-impedire-che-la-violenza-prevalga-su-regole-e-dignita-umana\/#primaryimage"},"image":{"@id":"https:\/\/www.livemag.it\/index.php\/2025\/12\/10\/mattarella-impedire-che-la-violenza-prevalga-su-regole-e-dignita-umana\/#primaryimage"},"thumbnailUrl":"https:\/\/www.livemag.it\/wp-content\/uploads\/2025\/12\/20251210_0190.jpg","datePublished":"2025-12-10T11:02:56+00:00","breadcrumb":{"@id":"https:\/\/www.livemag.it\/index.php\/2025\/12\/10\/mattarella-impedire-che-la-violenza-prevalga-su-regole-e-dignita-umana\/#breadcrumb"},"inLanguage":"it-IT","potentialAction":[{"@type":"ReadAction","target":["https:\/\/www.livemag.it\/index.php\/2025\/12\/10\/mattarella-impedire-che-la-violenza-prevalga-su-regole-e-dignita-umana\/"]}]},{"@type":"ImageObject","inLanguage":"it-IT","@id":"https:\/\/www.livemag.it\/index.php\/2025\/12\/10\/mattarella-impedire-che-la-violenza-prevalga-su-regole-e-dignita-umana\/#primaryimage","url":"https:\/\/www.livemag.it\/wp-content\/uploads\/2025\/12\/20251210_0190.jpg","contentUrl":"https:\/\/www.livemag.it\/wp-content\/uploads\/2025\/12\/20251210_0190.jpg","width":1200,"height":1017},{"@type":"BreadcrumbList","@id":"https:\/\/www.livemag.it\/index.php\/2025\/12\/10\/mattarella-impedire-che-la-violenza-prevalga-su-regole-e-dignita-umana\/#breadcrumb","itemListElement":[{"@type":"ListItem","position":1,"name":"Home","item":"https:\/\/www.livemag.it\/"},{"@type":"ListItem","position":2,"name":"Mattarella \u201cImpedire che la violenza prevalga su regole e dignit\u00e0 umana\u201d"}]},{"@type":"WebSite","@id":"https:\/\/www.livemag.it\/#website","url":"https:\/\/www.livemag.it\/","name":"Live Magazine","description":"Varie ed eventi","publisher":{"@id":"https:\/\/www.livemag.it\/#organization"},"potentialAction":[{"@type":"SearchAction","target":{"@type":"EntryPoint","urlTemplate":"https:\/\/www.livemag.it\/?s={search_term_string}"},"query-input":{"@type":"PropertyValueSpecification","valueRequired":true,"valueName":"search_term_string"}}],"inLanguage":"it-IT"},{"@type":"Organization","@id":"https:\/\/www.livemag.it\/#organization","name":"LiveMag","alternateName":"LiveMag News ed eventi","url":"https:\/\/www.livemag.it\/","logo":{"@type":"ImageObject","inLanguage":"it-IT","@id":"https:\/\/www.livemag.it\/#\/schema\/logo\/image\/","url":"https:\/\/www.livemag.it\/wp-content\/uploads\/2024\/02\/immagine-sito.jpg","contentUrl":"https:\/\/www.livemag.it\/wp-content\/uploads\/2024\/02\/immagine-sito.jpg","width":696,"height":696,"caption":"LiveMag"},"image":{"@id":"https:\/\/www.livemag.it\/#\/schema\/logo\/image\/"},"sameAs":["https:\/\/www.facebook.com\/LiveMag\/","https:\/\/x.com\/LiveNotizie","https:\/\/www.instagram.com\/livemag\/"]},{"@type":"Person","@id":"https:\/\/www.livemag.it\/#\/schema\/person\/b62c5f44451fdcdaeb0afe6c2424e73c","name":"italpress","image":{"@type":"ImageObject","inLanguage":"it-IT","@id":"https:\/\/secure.gravatar.com\/avatar\/b6a21695fc713ce7ee312cf57c97e2e641feb365be72d8745574d3c3e2b59066?s=96&r=g","url":"https:\/\/secure.gravatar.com\/avatar\/b6a21695fc713ce7ee312cf57c97e2e641feb365be72d8745574d3c3e2b59066?s=96&r=g","contentUrl":"https:\/\/secure.gravatar.com\/avatar\/b6a21695fc713ce7ee312cf57c97e2e641feb365be72d8745574d3c3e2b59066?s=96&r=g","caption":"italpress"},"description":"Italpress \u00e8 un'agenzia di stampa italiana a carattere nazionale.","url":"https:\/\/www.livemag.it\/index.php\/author\/italpress\/"}]}},"jetpack_featured_media_url":"https:\/\/www.livemag.it\/wp-content\/uploads\/2025\/12\/20251210_0190.jpg","_links":{"self":[{"href":"https:\/\/www.livemag.it\/index.php\/wp-json\/wp\/v2\/posts\/65132","targetHints":{"allow":["GET"]}}],"collection":[{"href":"https:\/\/www.livemag.it\/index.php\/wp-json\/wp\/v2\/posts"}],"about":[{"href":"https:\/\/www.livemag.it\/index.php\/wp-json\/wp\/v2\/types\/post"}],"author":[{"embeddable":true,"href":"https:\/\/www.livemag.it\/index.php\/wp-json\/wp\/v2\/users\/16"}],"replies":[{"embeddable":true,"href":"https:\/\/www.livemag.it\/index.php\/wp-json\/wp\/v2\/comments?post=65132"}],"version-history":[{"count":0,"href":"https:\/\/www.livemag.it\/index.php\/wp-json\/wp\/v2\/posts\/65132\/revisions"}],"wp:featuredmedia":[{"embeddable":true,"href":"https:\/\/www.livemag.it\/index.php\/wp-json\/wp\/v2\/media\/65133"}],"wp:attachment":[{"href":"https:\/\/www.livemag.it\/index.php\/wp-json\/wp\/v2\/media?parent=65132"}],"wp:term":[{"taxonomy":"category","embeddable":true,"href":"https:\/\/www.livemag.it\/index.php\/wp-json\/wp\/v2\/categories?post=65132"},{"taxonomy":"post_tag","embeddable":true,"href":"https:\/\/www.livemag.it\/index.php\/wp-json\/wp\/v2\/tags?post=65132"}],"curies":[{"name":"wp","href":"https:\/\/api.w.org\/{rel}","templated":true}]}}