{"id":65117,"date":"2025-12-10T09:05:55","date_gmt":"2025-12-10T08:05:55","guid":{"rendered":"https:\/\/www.livemag.it\/?p=65117"},"modified":"2025-12-10T13:36:39","modified_gmt":"2025-12-10T12:36:39","slug":"vittorio-menozzi-dal-piccolo-schermo-al-set-internazionale","status":"publish","type":"post","link":"https:\/\/www.livemag.it\/index.php\/2025\/12\/10\/vittorio-menozzi-dal-piccolo-schermo-al-set-internazionale\/","title":{"rendered":"Vittorio Menozzi: Dal piccolo schermo al set Internazionale"},"content":{"rendered":"\n<p>Da volto emergente del piccolo schermo italiano a nome sempre pi\u00f9 presente nelle produzioni internazionali, Vittorio Menozzi sta vivendo una fase decisiva della sua carriera. Oggi il giovane attore Gestisto dal Manager Alex Pacifico molto ambito dai giovani talenti entra ufficialmente nel cast di The Saint. il nuovo attesissimo film di Martin Scorsese. Un traguardo che pochi avrebbero immaginato qualche anno fa. Ma che lui ha costruito \u201cpasso dopo passo\u201d, come ripete spesso. Con studio, determinazione e una dedizione totale al mestiere.<\/p>\n\n\n<div class=\"wp-block-image\">\n<figure class=\"aligncenter size-large is-resized\"><img fetchpriority=\"high\" decoding=\"async\" width=\"931\" height=\"1024\" src=\"https:\/\/www.livemag.it\/wp-content\/uploads\/2025\/12\/Unknown-17-931x1024.jpeg\" alt=\"\" class=\"wp-image-65119\" style=\"width:393px;height:auto\" srcset=\"https:\/\/www.livemag.it\/wp-content\/uploads\/2025\/12\/Unknown-17-931x1024.jpeg 931w, https:\/\/www.livemag.it\/wp-content\/uploads\/2025\/12\/Unknown-17-273x300.jpeg 273w, https:\/\/www.livemag.it\/wp-content\/uploads\/2025\/12\/Unknown-17-768x845.jpeg 768w, https:\/\/www.livemag.it\/wp-content\/uploads\/2025\/12\/Unknown-17-750x825.jpeg 750w, https:\/\/www.livemag.it\/wp-content\/uploads\/2025\/12\/Unknown-17.jpeg 1085w\" sizes=\"(max-width: 931px) 100vw, 931px\" \/><\/figure>\n<\/div>\n\n\n<h4 class=\"wp-block-heading\">Dalle prime apparizioni alla formazione continua<\/h4>\n\n\n\n<p>Il pubblico italiano ha imparato a conoscerlo attraverso diverse apparizioni televisive, dove Menozzi si \u00e8 distinto per una presenza scenica naturale e una sensibilit\u00e0 interpretativa notevole. Ma dietro quelle performance si nasconde un percorso fatto di disciplina: corsi di recitazione, workshop intensivi, training fisico e vocale, oltre a un lavoro costante sulla costruzione dei personaggi.<\/p>\n\n\n\n<p>La sua filosofia \u00e8 semplice ma potente: \u00abNon basta il talento, bisogna lavorare ogni giorno per meritarselo\u00bb.<\/p>\n\n\n\n<h4 class=\"wp-block-heading\">Il salto internazionale<\/h4>\n\n\n\n<p>L\u2019incontro con la produzione americana rappresenta il vero punto di svolta. Menozzi, dopo varie audizioni, ha attirato l\u2019attenzione del team di Scorsese grazie alla sua capacit\u00e0 di unire autenticit\u00e0 e rigore tecnico. Il regista sarebbe rimasto colpito dalla profondit\u00e0 delle sue interpretazioni e dalla maturit\u00e0 artistica nonostante la giovane et\u00e0.<\/p>\n\n\n\n<p>Il ruolo che interpreter\u00e0 in The Saint \u00e8 ancora in gran parte avvolto dal riserbo, ma fonti vicine alla produzione parlano di un personaggio complesso, centrale nello sviluppo della storia e costruito su misura per valorizzarne le potenzialit\u00e0.<\/p>\n\n\n<div class=\"wp-block-image\">\n<figure class=\"aligncenter size-large is-resized\"><img decoding=\"async\" width=\"914\" height=\"1024\" src=\"https:\/\/www.livemag.it\/wp-content\/uploads\/2025\/12\/Unknown-16-914x1024.jpeg\" alt=\"\" class=\"wp-image-65120\" style=\"width:388px;height:auto\" srcset=\"https:\/\/www.livemag.it\/wp-content\/uploads\/2025\/12\/Unknown-16-914x1024.jpeg 914w, https:\/\/www.livemag.it\/wp-content\/uploads\/2025\/12\/Unknown-16-268x300.jpeg 268w, https:\/\/www.livemag.it\/wp-content\/uploads\/2025\/12\/Unknown-16-768x861.jpeg 768w, https:\/\/www.livemag.it\/wp-content\/uploads\/2025\/12\/Unknown-16-750x841.jpeg 750w, https:\/\/www.livemag.it\/wp-content\/uploads\/2025\/12\/Unknown-16-1140x1278.jpeg 1140w, https:\/\/www.livemag.it\/wp-content\/uploads\/2025\/12\/Unknown-16.jpeg 1290w\" sizes=\"(max-width: 914px) 100vw, 914px\" \/><\/figure>\n<\/div>\n\n\n<h4 class=\"wp-block-heading\">Un futuro in ascesa<\/h4>\n\n\n\n<p>Per Menozzi, questa occasione rappresenta molto pi\u00f9 di una semplice parte in un film importante: \u00e8 la conferma che il suo percorso, fatto di sacrifici e scelte coraggiose, sta dando i suoi frutti. L\u2019attore ha sempre dichiarato di voler crescere \u201csenza bruciare le tappe\u201d, costruendo una carriera solida e internazionale. E oggi questo obiettivo sembra sempre pi\u00f9 vicino.<\/p>\n\n\n\n<p>Con il set di The Saint alle porte e nuovi progetti in valutazione, Vittorio Menozzi si prepara a vivere l\u2019anno pi\u00f9 importante della sua carriera. Un talento italiano che, con impegno e passione, dimostra che i sogni possono diventare realt\u00e0 \u2014 un passo alla volta.<\/p>\n\n\n\n<p><\/p>\n","protected":false},"excerpt":{"rendered":"<p>Da volto emergente del piccolo schermo italiano a nome sempre pi\u00f9 presente nelle produzioni internazionali, Vittorio Menozzi sta vivendo una fase decisiva della sua carriera. Oggi il giovane attore Gestisto dal Manager Alex Pacifico molto ambito dai giovani talenti entra ufficialmente nel cast di The Saint. il nuovo attesissimo film di Martin Scorsese. Un traguardo [&hellip;]<\/p>\n","protected":false},"author":1,"featured_media":65142,"comment_status":"open","ping_status":"open","sticky":false,"template":"","format":"standard","meta":{"jnews-multi-image_gallery":[],"jnews_single_post":{"format":"standard"},"jnews_primary_category":[],"jnews_social_meta":[],"jnews_override_counter":[],"jnews_post_split":[],"footnotes":""},"categories":[3,2,83,24],"tags":[],"class_list":["post-65117","post","type-post","status-publish","format-standard","has-post-thumbnail","hentry","category-livenews","category-livepeople","category-livevip","category-prima-pagina"],"yoast_head":"<!-- This site is optimized with the Yoast SEO plugin v27.5 - https:\/\/yoast.com\/product\/yoast-seo-wordpress\/ -->\n<title>Vittorio Menozzi: Dal piccolo schermo al set Internazionale - Live Magazine<\/title>\n<meta name=\"description\" content=\"Da volto emergente del piccolo schermo italiano a nome sempre pi\u00f9 presente nelle produzioni internazionali, Vittorio Menozzi sta v\" \/>\n<meta name=\"robots\" content=\"index, follow, max-snippet:-1, max-image-preview:large, max-video-preview:-1\" \/>\n<link rel=\"canonical\" href=\"https:\/\/www.livemag.it\/index.php\/2025\/12\/10\/vittorio-menozzi-dal-piccolo-schermo-al-set-internazionale\/\" \/>\n<meta property=\"og:locale\" content=\"it_IT\" \/>\n<meta property=\"og:type\" content=\"article\" \/>\n<meta property=\"og:title\" content=\"Vittorio Menozzi: Dal piccolo schermo al set Internazionale - Live Magazine\" \/>\n<meta property=\"og:description\" content=\"Da volto emergente del piccolo schermo italiano a nome sempre pi\u00f9 presente nelle produzioni internazionali, Vittorio Menozzi sta v\" \/>\n<meta property=\"og:url\" content=\"https:\/\/www.livemag.it\/index.php\/2025\/12\/10\/vittorio-menozzi-dal-piccolo-schermo-al-set-internazionale\/\" \/>\n<meta property=\"og:site_name\" content=\"Live Magazine\" \/>\n<meta property=\"article:publisher\" content=\"https:\/\/www.facebook.com\/LiveMag\/\" \/>\n<meta property=\"article:published_time\" content=\"2025-12-10T08:05:55+00:00\" \/>\n<meta property=\"article:modified_time\" content=\"2025-12-10T12:36:39+00:00\" \/>\n<meta property=\"og:image\" content=\"https:\/\/www.livemag.it\/wp-content\/uploads\/2025\/12\/VittorioMenozzi.jpeg\" \/>\n\t<meta property=\"og:image:width\" content=\"576\" \/>\n\t<meta property=\"og:image:height\" content=\"366\" \/>\n\t<meta property=\"og:image:type\" content=\"image\/jpeg\" \/>\n<meta name=\"author\" content=\"Redazione\" \/>\n<meta name=\"twitter:card\" content=\"summary_large_image\" \/>\n<meta name=\"twitter:creator\" content=\"@LiveNotizie\" \/>\n<meta name=\"twitter:site\" content=\"@LiveNotizie\" \/>\n<meta name=\"twitter:label1\" content=\"Scritto da\" \/>\n\t<meta name=\"twitter:data1\" content=\"Redazione\" \/>\n\t<meta name=\"twitter:label2\" content=\"Tempo di lettura stimato\" \/>\n\t<meta name=\"twitter:data2\" content=\"3 minuti\" \/>\n<script type=\"application\/ld+json\" class=\"yoast-schema-graph\">{\"@context\":\"https:\\\/\\\/schema.org\",\"@graph\":[{\"@type\":\"Article\",\"@id\":\"https:\\\/\\\/www.livemag.it\\\/index.php\\\/2025\\\/12\\\/10\\\/vittorio-menozzi-dal-piccolo-schermo-al-set-internazionale\\\/#article\",\"isPartOf\":{\"@id\":\"https:\\\/\\\/www.livemag.it\\\/index.php\\\/2025\\\/12\\\/10\\\/vittorio-menozzi-dal-piccolo-schermo-al-set-internazionale\\\/\"},\"author\":{\"name\":\"Redazione\",\"@id\":\"https:\\\/\\\/www.livemag.it\\\/#\\\/schema\\\/person\\\/7191e402a6eb1110174f9d71f53edea9\"},\"headline\":\"Vittorio Menozzi: Dal piccolo schermo al set Internazionale\",\"datePublished\":\"2025-12-10T08:05:55+00:00\",\"dateModified\":\"2025-12-10T12:36:39+00:00\",\"mainEntityOfPage\":{\"@id\":\"https:\\\/\\\/www.livemag.it\\\/index.php\\\/2025\\\/12\\\/10\\\/vittorio-menozzi-dal-piccolo-schermo-al-set-internazionale\\\/\"},\"wordCount\":365,\"commentCount\":0,\"publisher\":{\"@id\":\"https:\\\/\\\/www.livemag.it\\\/#organization\"},\"image\":{\"@id\":\"https:\\\/\\\/www.livemag.it\\\/index.php\\\/2025\\\/12\\\/10\\\/vittorio-menozzi-dal-piccolo-schermo-al-set-internazionale\\\/#primaryimage\"},\"thumbnailUrl\":\"https:\\\/\\\/www.livemag.it\\\/wp-content\\\/uploads\\\/2025\\\/12\\\/VittorioMenozzi.jpeg\",\"articleSection\":[\"LiveNews\",\"LivePeople\",\"LiveVIP\",\"Prima Pagina\"],\"inLanguage\":\"it-IT\",\"potentialAction\":[{\"@type\":\"CommentAction\",\"name\":\"Comment\",\"target\":[\"https:\\\/\\\/www.livemag.it\\\/index.php\\\/2025\\\/12\\\/10\\\/vittorio-menozzi-dal-piccolo-schermo-al-set-internazionale\\\/#respond\"]}]},{\"@type\":\"WebPage\",\"@id\":\"https:\\\/\\\/www.livemag.it\\\/index.php\\\/2025\\\/12\\\/10\\\/vittorio-menozzi-dal-piccolo-schermo-al-set-internazionale\\\/\",\"url\":\"https:\\\/\\\/www.livemag.it\\\/index.php\\\/2025\\\/12\\\/10\\\/vittorio-menozzi-dal-piccolo-schermo-al-set-internazionale\\\/\",\"name\":\"Vittorio Menozzi: Dal piccolo schermo al set Internazionale - Live Magazine\",\"isPartOf\":{\"@id\":\"https:\\\/\\\/www.livemag.it\\\/#website\"},\"primaryImageOfPage\":{\"@id\":\"https:\\\/\\\/www.livemag.it\\\/index.php\\\/2025\\\/12\\\/10\\\/vittorio-menozzi-dal-piccolo-schermo-al-set-internazionale\\\/#primaryimage\"},\"image\":{\"@id\":\"https:\\\/\\\/www.livemag.it\\\/index.php\\\/2025\\\/12\\\/10\\\/vittorio-menozzi-dal-piccolo-schermo-al-set-internazionale\\\/#primaryimage\"},\"thumbnailUrl\":\"https:\\\/\\\/www.livemag.it\\\/wp-content\\\/uploads\\\/2025\\\/12\\\/VittorioMenozzi.jpeg\",\"datePublished\":\"2025-12-10T08:05:55+00:00\",\"dateModified\":\"2025-12-10T12:36:39+00:00\",\"description\":\"Da volto emergente del piccolo schermo italiano a nome sempre pi\u00f9 presente nelle produzioni internazionali, Vittorio Menozzi sta v\",\"breadcrumb\":{\"@id\":\"https:\\\/\\\/www.livemag.it\\\/index.php\\\/2025\\\/12\\\/10\\\/vittorio-menozzi-dal-piccolo-schermo-al-set-internazionale\\\/#breadcrumb\"},\"inLanguage\":\"it-IT\",\"potentialAction\":[{\"@type\":\"ReadAction\",\"target\":[\"https:\\\/\\\/www.livemag.it\\\/index.php\\\/2025\\\/12\\\/10\\\/vittorio-menozzi-dal-piccolo-schermo-al-set-internazionale\\\/\"]}]},{\"@type\":\"ImageObject\",\"inLanguage\":\"it-IT\",\"@id\":\"https:\\\/\\\/www.livemag.it\\\/index.php\\\/2025\\\/12\\\/10\\\/vittorio-menozzi-dal-piccolo-schermo-al-set-internazionale\\\/#primaryimage\",\"url\":\"https:\\\/\\\/www.livemag.it\\\/wp-content\\\/uploads\\\/2025\\\/12\\\/VittorioMenozzi.jpeg\",\"contentUrl\":\"https:\\\/\\\/www.livemag.it\\\/wp-content\\\/uploads\\\/2025\\\/12\\\/VittorioMenozzi.jpeg\",\"width\":576,\"height\":366},{\"@type\":\"BreadcrumbList\",\"@id\":\"https:\\\/\\\/www.livemag.it\\\/index.php\\\/2025\\\/12\\\/10\\\/vittorio-menozzi-dal-piccolo-schermo-al-set-internazionale\\\/#breadcrumb\",\"itemListElement\":[{\"@type\":\"ListItem\",\"position\":1,\"name\":\"Home\",\"item\":\"https:\\\/\\\/www.livemag.it\\\/\"},{\"@type\":\"ListItem\",\"position\":2,\"name\":\"Vittorio Menozzi: Dal piccolo schermo al set Internazionale\"}]},{\"@type\":\"WebSite\",\"@id\":\"https:\\\/\\\/www.livemag.it\\\/#website\",\"url\":\"https:\\\/\\\/www.livemag.it\\\/\",\"name\":\"Live Magazine\",\"description\":\"Varie ed eventi\",\"publisher\":{\"@id\":\"https:\\\/\\\/www.livemag.it\\\/#organization\"},\"potentialAction\":[{\"@type\":\"SearchAction\",\"target\":{\"@type\":\"EntryPoint\",\"urlTemplate\":\"https:\\\/\\\/www.livemag.it\\\/?s={search_term_string}\"},\"query-input\":{\"@type\":\"PropertyValueSpecification\",\"valueRequired\":true,\"valueName\":\"search_term_string\"}}],\"inLanguage\":\"it-IT\"},{\"@type\":\"Organization\",\"@id\":\"https:\\\/\\\/www.livemag.it\\\/#organization\",\"name\":\"LiveMag\",\"alternateName\":\"LiveMag News ed eventi\",\"url\":\"https:\\\/\\\/www.livemag.it\\\/\",\"logo\":{\"@type\":\"ImageObject\",\"inLanguage\":\"it-IT\",\"@id\":\"https:\\\/\\\/www.livemag.it\\\/#\\\/schema\\\/logo\\\/image\\\/\",\"url\":\"https:\\\/\\\/www.livemag.it\\\/wp-content\\\/uploads\\\/2024\\\/02\\\/immagine-sito.jpg\",\"contentUrl\":\"https:\\\/\\\/www.livemag.it\\\/wp-content\\\/uploads\\\/2024\\\/02\\\/immagine-sito.jpg\",\"width\":696,\"height\":696,\"caption\":\"LiveMag\"},\"image\":{\"@id\":\"https:\\\/\\\/www.livemag.it\\\/#\\\/schema\\\/logo\\\/image\\\/\"},\"sameAs\":[\"https:\\\/\\\/www.facebook.com\\\/LiveMag\\\/\",\"https:\\\/\\\/x.com\\\/LiveNotizie\",\"https:\\\/\\\/www.instagram.com\\\/livemag\\\/\"]},{\"@type\":\"Person\",\"@id\":\"https:\\\/\\\/www.livemag.it\\\/#\\\/schema\\\/person\\\/7191e402a6eb1110174f9d71f53edea9\",\"name\":\"Redazione\",\"image\":{\"@type\":\"ImageObject\",\"inLanguage\":\"it-IT\",\"@id\":\"https:\\\/\\\/secure.gravatar.com\\\/avatar\\\/b20eb33510695f1259c3f61c8dfc966b174a5d33f605fb2d514d9b271222597e?s=96&r=g\",\"url\":\"https:\\\/\\\/secure.gravatar.com\\\/avatar\\\/b20eb33510695f1259c3f61c8dfc966b174a5d33f605fb2d514d9b271222597e?s=96&r=g\",\"contentUrl\":\"https:\\\/\\\/secure.gravatar.com\\\/avatar\\\/b20eb33510695f1259c3f61c8dfc966b174a5d33f605fb2d514d9b271222597e?s=96&r=g\",\"caption\":\"Redazione\"},\"url\":\"https:\\\/\\\/www.livemag.it\\\/index.php\\\/author\\\/admin6640\\\/\"}]}<\/script>\n<!-- \/ Yoast SEO plugin. -->","yoast_head_json":{"title":"Vittorio Menozzi: Dal piccolo schermo al set Internazionale - Live Magazine","description":"Da volto emergente del piccolo schermo italiano a nome sempre pi\u00f9 presente nelle produzioni internazionali, Vittorio Menozzi sta v","robots":{"index":"index","follow":"follow","max-snippet":"max-snippet:-1","max-image-preview":"max-image-preview:large","max-video-preview":"max-video-preview:-1"},"canonical":"https:\/\/www.livemag.it\/index.php\/2025\/12\/10\/vittorio-menozzi-dal-piccolo-schermo-al-set-internazionale\/","og_locale":"it_IT","og_type":"article","og_title":"Vittorio Menozzi: Dal piccolo schermo al set Internazionale - Live Magazine","og_description":"Da volto emergente del piccolo schermo italiano a nome sempre pi\u00f9 presente nelle produzioni internazionali, Vittorio Menozzi sta v","og_url":"https:\/\/www.livemag.it\/index.php\/2025\/12\/10\/vittorio-menozzi-dal-piccolo-schermo-al-set-internazionale\/","og_site_name":"Live Magazine","article_publisher":"https:\/\/www.facebook.com\/LiveMag\/","article_published_time":"2025-12-10T08:05:55+00:00","article_modified_time":"2025-12-10T12:36:39+00:00","og_image":[{"width":576,"height":366,"url":"https:\/\/www.livemag.it\/wp-content\/uploads\/2025\/12\/VittorioMenozzi.jpeg","type":"image\/jpeg"}],"author":"Redazione","twitter_card":"summary_large_image","twitter_creator":"@LiveNotizie","twitter_site":"@LiveNotizie","twitter_misc":{"Scritto da":"Redazione","Tempo di lettura stimato":"3 minuti"},"schema":{"@context":"https:\/\/schema.org","@graph":[{"@type":"Article","@id":"https:\/\/www.livemag.it\/index.php\/2025\/12\/10\/vittorio-menozzi-dal-piccolo-schermo-al-set-internazionale\/#article","isPartOf":{"@id":"https:\/\/www.livemag.it\/index.php\/2025\/12\/10\/vittorio-menozzi-dal-piccolo-schermo-al-set-internazionale\/"},"author":{"name":"Redazione","@id":"https:\/\/www.livemag.it\/#\/schema\/person\/7191e402a6eb1110174f9d71f53edea9"},"headline":"Vittorio Menozzi: Dal piccolo schermo al set Internazionale","datePublished":"2025-12-10T08:05:55+00:00","dateModified":"2025-12-10T12:36:39+00:00","mainEntityOfPage":{"@id":"https:\/\/www.livemag.it\/index.php\/2025\/12\/10\/vittorio-menozzi-dal-piccolo-schermo-al-set-internazionale\/"},"wordCount":365,"commentCount":0,"publisher":{"@id":"https:\/\/www.livemag.it\/#organization"},"image":{"@id":"https:\/\/www.livemag.it\/index.php\/2025\/12\/10\/vittorio-menozzi-dal-piccolo-schermo-al-set-internazionale\/#primaryimage"},"thumbnailUrl":"https:\/\/www.livemag.it\/wp-content\/uploads\/2025\/12\/VittorioMenozzi.jpeg","articleSection":["LiveNews","LivePeople","LiveVIP","Prima Pagina"],"inLanguage":"it-IT","potentialAction":[{"@type":"CommentAction","name":"Comment","target":["https:\/\/www.livemag.it\/index.php\/2025\/12\/10\/vittorio-menozzi-dal-piccolo-schermo-al-set-internazionale\/#respond"]}]},{"@type":"WebPage","@id":"https:\/\/www.livemag.it\/index.php\/2025\/12\/10\/vittorio-menozzi-dal-piccolo-schermo-al-set-internazionale\/","url":"https:\/\/www.livemag.it\/index.php\/2025\/12\/10\/vittorio-menozzi-dal-piccolo-schermo-al-set-internazionale\/","name":"Vittorio Menozzi: Dal piccolo schermo al set Internazionale - Live Magazine","isPartOf":{"@id":"https:\/\/www.livemag.it\/#website"},"primaryImageOfPage":{"@id":"https:\/\/www.livemag.it\/index.php\/2025\/12\/10\/vittorio-menozzi-dal-piccolo-schermo-al-set-internazionale\/#primaryimage"},"image":{"@id":"https:\/\/www.livemag.it\/index.php\/2025\/12\/10\/vittorio-menozzi-dal-piccolo-schermo-al-set-internazionale\/#primaryimage"},"thumbnailUrl":"https:\/\/www.livemag.it\/wp-content\/uploads\/2025\/12\/VittorioMenozzi.jpeg","datePublished":"2025-12-10T08:05:55+00:00","dateModified":"2025-12-10T12:36:39+00:00","description":"Da volto emergente del piccolo schermo italiano a nome sempre pi\u00f9 presente nelle produzioni internazionali, Vittorio Menozzi sta v","breadcrumb":{"@id":"https:\/\/www.livemag.it\/index.php\/2025\/12\/10\/vittorio-menozzi-dal-piccolo-schermo-al-set-internazionale\/#breadcrumb"},"inLanguage":"it-IT","potentialAction":[{"@type":"ReadAction","target":["https:\/\/www.livemag.it\/index.php\/2025\/12\/10\/vittorio-menozzi-dal-piccolo-schermo-al-set-internazionale\/"]}]},{"@type":"ImageObject","inLanguage":"it-IT","@id":"https:\/\/www.livemag.it\/index.php\/2025\/12\/10\/vittorio-menozzi-dal-piccolo-schermo-al-set-internazionale\/#primaryimage","url":"https:\/\/www.livemag.it\/wp-content\/uploads\/2025\/12\/VittorioMenozzi.jpeg","contentUrl":"https:\/\/www.livemag.it\/wp-content\/uploads\/2025\/12\/VittorioMenozzi.jpeg","width":576,"height":366},{"@type":"BreadcrumbList","@id":"https:\/\/www.livemag.it\/index.php\/2025\/12\/10\/vittorio-menozzi-dal-piccolo-schermo-al-set-internazionale\/#breadcrumb","itemListElement":[{"@type":"ListItem","position":1,"name":"Home","item":"https:\/\/www.livemag.it\/"},{"@type":"ListItem","position":2,"name":"Vittorio Menozzi: Dal piccolo schermo al set Internazionale"}]},{"@type":"WebSite","@id":"https:\/\/www.livemag.it\/#website","url":"https:\/\/www.livemag.it\/","name":"Live Magazine","description":"Varie ed eventi","publisher":{"@id":"https:\/\/www.livemag.it\/#organization"},"potentialAction":[{"@type":"SearchAction","target":{"@type":"EntryPoint","urlTemplate":"https:\/\/www.livemag.it\/?s={search_term_string}"},"query-input":{"@type":"PropertyValueSpecification","valueRequired":true,"valueName":"search_term_string"}}],"inLanguage":"it-IT"},{"@type":"Organization","@id":"https:\/\/www.livemag.it\/#organization","name":"LiveMag","alternateName":"LiveMag News ed eventi","url":"https:\/\/www.livemag.it\/","logo":{"@type":"ImageObject","inLanguage":"it-IT","@id":"https:\/\/www.livemag.it\/#\/schema\/logo\/image\/","url":"https:\/\/www.livemag.it\/wp-content\/uploads\/2024\/02\/immagine-sito.jpg","contentUrl":"https:\/\/www.livemag.it\/wp-content\/uploads\/2024\/02\/immagine-sito.jpg","width":696,"height":696,"caption":"LiveMag"},"image":{"@id":"https:\/\/www.livemag.it\/#\/schema\/logo\/image\/"},"sameAs":["https:\/\/www.facebook.com\/LiveMag\/","https:\/\/x.com\/LiveNotizie","https:\/\/www.instagram.com\/livemag\/"]},{"@type":"Person","@id":"https:\/\/www.livemag.it\/#\/schema\/person\/7191e402a6eb1110174f9d71f53edea9","name":"Redazione","image":{"@type":"ImageObject","inLanguage":"it-IT","@id":"https:\/\/secure.gravatar.com\/avatar\/b20eb33510695f1259c3f61c8dfc966b174a5d33f605fb2d514d9b271222597e?s=96&r=g","url":"https:\/\/secure.gravatar.com\/avatar\/b20eb33510695f1259c3f61c8dfc966b174a5d33f605fb2d514d9b271222597e?s=96&r=g","contentUrl":"https:\/\/secure.gravatar.com\/avatar\/b20eb33510695f1259c3f61c8dfc966b174a5d33f605fb2d514d9b271222597e?s=96&r=g","caption":"Redazione"},"url":"https:\/\/www.livemag.it\/index.php\/author\/admin6640\/"}]}},"jetpack_featured_media_url":"https:\/\/www.livemag.it\/wp-content\/uploads\/2025\/12\/VittorioMenozzi.jpeg","_links":{"self":[{"href":"https:\/\/www.livemag.it\/index.php\/wp-json\/wp\/v2\/posts\/65117","targetHints":{"allow":["GET"]}}],"collection":[{"href":"https:\/\/www.livemag.it\/index.php\/wp-json\/wp\/v2\/posts"}],"about":[{"href":"https:\/\/www.livemag.it\/index.php\/wp-json\/wp\/v2\/types\/post"}],"author":[{"embeddable":true,"href":"https:\/\/www.livemag.it\/index.php\/wp-json\/wp\/v2\/users\/1"}],"replies":[{"embeddable":true,"href":"https:\/\/www.livemag.it\/index.php\/wp-json\/wp\/v2\/comments?post=65117"}],"version-history":[{"count":1,"href":"https:\/\/www.livemag.it\/index.php\/wp-json\/wp\/v2\/posts\/65117\/revisions"}],"predecessor-version":[{"id":65121,"href":"https:\/\/www.livemag.it\/index.php\/wp-json\/wp\/v2\/posts\/65117\/revisions\/65121"}],"wp:featuredmedia":[{"embeddable":true,"href":"https:\/\/www.livemag.it\/index.php\/wp-json\/wp\/v2\/media\/65142"}],"wp:attachment":[{"href":"https:\/\/www.livemag.it\/index.php\/wp-json\/wp\/v2\/media?parent=65117"}],"wp:term":[{"taxonomy":"category","embeddable":true,"href":"https:\/\/www.livemag.it\/index.php\/wp-json\/wp\/v2\/categories?post=65117"},{"taxonomy":"post_tag","embeddable":true,"href":"https:\/\/www.livemag.it\/index.php\/wp-json\/wp\/v2\/tags?post=65117"}],"curies":[{"name":"wp","href":"https:\/\/api.w.org\/{rel}","templated":true}]}}