{"id":65109,"date":"2025-12-10T00:03:21","date_gmt":"2025-12-09T23:03:21","guid":{"rendered":"https:\/\/www.livemag.it\/index.php\/2025\/12\/10\/conte-col-benfica-servira-una-gara-intensa-e-tosta\/"},"modified":"2025-12-10T00:03:21","modified_gmt":"2025-12-09T23:03:21","slug":"conte-col-benfica-servira-una-gara-intensa-e-tosta","status":"publish","type":"post","link":"https:\/\/www.livemag.it\/index.php\/2025\/12\/10\/conte-col-benfica-servira-una-gara-intensa-e-tosta\/","title":{"rendered":"Conte \u201cCol Benfica servir\u00e0 una gara intensa e tosta\u201d"},"content":{"rendered":"<div>\n<p>LISBONA (PORTOGALLO) (ITALPRESS) \u2013 <em><strong>\u201cAffrontiamo una squadra in salute, in uno stadio molto caldo.<\/strong> Veniamo da buone prestazioni, con buone energie dimostrate in campo. Ho cercato di fare recuperare i giocatori, domani ci vorr\u00e0 una gara bella intensa, tosta, con tanta energia, come stiamo facendo ultimamente\u201d.<\/em> Antonio Conte vuole rivedere il \u201csuo\u201d Napoli domani a Lisbona contro il Benfica nella sesta giornata della League Phase di Champions. I partenopei hanno perso le ultime due trasferte in Europa (\u201cma col City eravamo rimasti in dieci dopo 10 minuti, col Psv \u00e8 stata una brutta sconfitta\u201d) ma arrivano da 5 vittorie di fila, l\u2019ultima delle quali surclassando la Juve.<\/p>\n<p><em>\u201cE\u2019 stata una partita giocata a ritmi molto intensi<\/em> \u2013 sottolinea Conte a Sky Sport \u2013 <em>Da un bel p\u00f2 stiamo lavorando su questo concetto, cerchiamo di portare ritmi intensi, di pressare, correndo in avanti si difende meglio. <strong>Domani dovremo avere voglia di non lasciare un centimetro in campo, di combattere per quel centimetro,<\/strong> \u00e8 una partita da affrontare con coraggio e sfrontatezza per lasciare il campo senza recriminazioni\u201d.<\/em><\/p>\n<p>Felice di ritrovare Mourinho come avversario (<em>\u201c\u00e8 un vincente, sar\u00e0 un piacere incontrarlo e salutarlo\u201d<\/em>), Conte recupera McTominay<strong>: <\/strong><em><strong>\u201cE\u2019 un momento in cui i giocatori stanno dimostrando grande senso di responsabilit\u00e0 e se c\u2019\u00e8 qualche piccolo problema bisogna superarlo tutti insieme.<\/strong> Avremmo delle difficolt\u00e0 a sostituire certi giocatori, specie in mezzo al campo, ma i ragazzi hanno dato piena disponibilit\u00e0, quelli dell\u2019ultima partita ci sono tutti\u201d.<\/em><\/p>\n<p>Ex di turno David Neres:<em> \u201cPer noi \u00e8 molto importante cercare di portare a casa i tre punti, sappiamo quello che dobbiamo fare e che bisogna giocare un grande match. Io voglio sempre dare il mio meglio per la squadra, il nostro obiettivo \u00e8 sempre vincere, ma so che non \u00e8 facile farlo in ogni gara. Non \u00e8 importante che io segni ma solo che vinca la squadra\u201d.<\/em><\/p>\n<p>\u2013 foto Ipa Agency \u2013<br \/>\n(ITALPRESS).<\/p>\n<\/div>\n","protected":false},"excerpt":{"rendered":"<p>LISBONA (PORTOGALLO) (ITALPRESS) \u2013 \u201cAffrontiamo una squadra in salute, in uno stadio molto caldo. Veniamo da buone prestazioni, con buone energie dimostrate in campo. Ho cercato di fare recuperare i giocatori, domani ci vorr\u00e0 una gara bella intensa, tosta, con tanta energia, come stiamo facendo ultimamente\u201d. Antonio Conte vuole rivedere il \u201csuo\u201d Napoli domani a [&hellip;]<\/p>\n","protected":false},"author":16,"featured_media":65110,"comment_status":"closed","ping_status":"closed","sticky":false,"template":"","format":"standard","meta":{"jnews-multi-image_gallery":[],"jnews_single_post":[],"jnews_primary_category":[],"jnews_social_meta":[],"jnews_override_counter":[],"jnews_post_split":[],"footnotes":""},"categories":[1129],"tags":[],"class_list":["post-65109","post","type-post","status-publish","format-standard","has-post-thumbnail","hentry","category-mondo"],"yoast_head":"<!-- This site is optimized with the Yoast SEO plugin v27.5 - https:\/\/yoast.com\/product\/yoast-seo-wordpress\/ -->\n<title>Conte \u201cCol Benfica servir\u00e0 una gara intensa e tosta\u201d - Live Magazine<\/title>\n<meta name=\"robots\" content=\"index, follow, max-snippet:-1, max-image-preview:large, max-video-preview:-1\" \/>\n<link rel=\"canonical\" href=\"https:\/\/www.livemag.it\/index.php\/2025\/12\/10\/conte-col-benfica-servira-una-gara-intensa-e-tosta\/\" \/>\n<meta property=\"og:locale\" content=\"it_IT\" \/>\n<meta property=\"og:type\" content=\"article\" \/>\n<meta property=\"og:title\" content=\"Conte \u201cCol Benfica servir\u00e0 una gara intensa e tosta\u201d - Live Magazine\" \/>\n<meta property=\"og:description\" content=\"LISBONA (PORTOGALLO) (ITALPRESS) \u2013 \u201cAffrontiamo una squadra in salute, in uno stadio molto caldo. Veniamo da buone prestazioni, con buone energie dimostrate in campo. Ho cercato di fare recuperare i giocatori, domani ci vorr\u00e0 una gara bella intensa, tosta, con tanta energia, come stiamo facendo ultimamente\u201d. Antonio Conte vuole rivedere il \u201csuo\u201d Napoli domani a [&hellip;]\" \/>\n<meta property=\"og:url\" content=\"https:\/\/www.livemag.it\/index.php\/2025\/12\/10\/conte-col-benfica-servira-una-gara-intensa-e-tosta\/\" \/>\n<meta property=\"og:site_name\" content=\"Live Magazine\" \/>\n<meta property=\"article:publisher\" content=\"https:\/\/www.facebook.com\/LiveMag\/\" \/>\n<meta property=\"article:published_time\" content=\"2025-12-09T23:03:21+00:00\" \/>\n<meta property=\"og:image\" content=\"https:\/\/www.livemag.it\/wp-content\/uploads\/2024\/02\/ograph.jpg\" \/>\n\t<meta property=\"og:image:width\" content=\"1200\" \/>\n\t<meta property=\"og:image:height\" content=\"675\" \/>\n\t<meta property=\"og:image:type\" content=\"image\/jpeg\" \/>\n<meta name=\"author\" content=\"italpress\" \/>\n<meta name=\"twitter:card\" content=\"summary_large_image\" \/>\n<meta name=\"twitter:creator\" content=\"@LiveNotizie\" \/>\n<meta name=\"twitter:site\" content=\"@LiveNotizie\" \/>\n<meta name=\"twitter:label1\" content=\"Scritto da\" \/>\n\t<meta name=\"twitter:data1\" content=\"italpress\" \/>\n\t<meta name=\"twitter:label2\" content=\"Tempo di lettura stimato\" \/>\n\t<meta name=\"twitter:data2\" content=\"2 minuti\" \/>\n<script type=\"application\/ld+json\" class=\"yoast-schema-graph\">{\"@context\":\"https:\\\/\\\/schema.org\",\"@graph\":[{\"@type\":\"Article\",\"@id\":\"https:\\\/\\\/www.livemag.it\\\/index.php\\\/2025\\\/12\\\/10\\\/conte-col-benfica-servira-una-gara-intensa-e-tosta\\\/#article\",\"isPartOf\":{\"@id\":\"https:\\\/\\\/www.livemag.it\\\/index.php\\\/2025\\\/12\\\/10\\\/conte-col-benfica-servira-una-gara-intensa-e-tosta\\\/\"},\"author\":{\"name\":\"italpress\",\"@id\":\"https:\\\/\\\/www.livemag.it\\\/#\\\/schema\\\/person\\\/b62c5f44451fdcdaeb0afe6c2424e73c\"},\"headline\":\"Conte \u201cCol Benfica servir\u00e0 una gara intensa e tosta\u201d\",\"datePublished\":\"2025-12-09T23:03:21+00:00\",\"mainEntityOfPage\":{\"@id\":\"https:\\\/\\\/www.livemag.it\\\/index.php\\\/2025\\\/12\\\/10\\\/conte-col-benfica-servira-una-gara-intensa-e-tosta\\\/\"},\"wordCount\":313,\"publisher\":{\"@id\":\"https:\\\/\\\/www.livemag.it\\\/#organization\"},\"image\":{\"@id\":\"https:\\\/\\\/www.livemag.it\\\/index.php\\\/2025\\\/12\\\/10\\\/conte-col-benfica-servira-una-gara-intensa-e-tosta\\\/#primaryimage\"},\"thumbnailUrl\":\"https:\\\/\\\/www.livemag.it\\\/wp-content\\\/uploads\\\/2025\\\/12\\\/20251209_4613.jpg\",\"articleSection\":[\"Mondo\"],\"inLanguage\":\"it-IT\"},{\"@type\":\"WebPage\",\"@id\":\"https:\\\/\\\/www.livemag.it\\\/index.php\\\/2025\\\/12\\\/10\\\/conte-col-benfica-servira-una-gara-intensa-e-tosta\\\/\",\"url\":\"https:\\\/\\\/www.livemag.it\\\/index.php\\\/2025\\\/12\\\/10\\\/conte-col-benfica-servira-una-gara-intensa-e-tosta\\\/\",\"name\":\"Conte \u201cCol Benfica servir\u00e0 una gara intensa e tosta\u201d - Live Magazine\",\"isPartOf\":{\"@id\":\"https:\\\/\\\/www.livemag.it\\\/#website\"},\"primaryImageOfPage\":{\"@id\":\"https:\\\/\\\/www.livemag.it\\\/index.php\\\/2025\\\/12\\\/10\\\/conte-col-benfica-servira-una-gara-intensa-e-tosta\\\/#primaryimage\"},\"image\":{\"@id\":\"https:\\\/\\\/www.livemag.it\\\/index.php\\\/2025\\\/12\\\/10\\\/conte-col-benfica-servira-una-gara-intensa-e-tosta\\\/#primaryimage\"},\"thumbnailUrl\":\"https:\\\/\\\/www.livemag.it\\\/wp-content\\\/uploads\\\/2025\\\/12\\\/20251209_4613.jpg\",\"datePublished\":\"2025-12-09T23:03:21+00:00\",\"breadcrumb\":{\"@id\":\"https:\\\/\\\/www.livemag.it\\\/index.php\\\/2025\\\/12\\\/10\\\/conte-col-benfica-servira-una-gara-intensa-e-tosta\\\/#breadcrumb\"},\"inLanguage\":\"it-IT\",\"potentialAction\":[{\"@type\":\"ReadAction\",\"target\":[\"https:\\\/\\\/www.livemag.it\\\/index.php\\\/2025\\\/12\\\/10\\\/conte-col-benfica-servira-una-gara-intensa-e-tosta\\\/\"]}]},{\"@type\":\"ImageObject\",\"inLanguage\":\"it-IT\",\"@id\":\"https:\\\/\\\/www.livemag.it\\\/index.php\\\/2025\\\/12\\\/10\\\/conte-col-benfica-servira-una-gara-intensa-e-tosta\\\/#primaryimage\",\"url\":\"https:\\\/\\\/www.livemag.it\\\/wp-content\\\/uploads\\\/2025\\\/12\\\/20251209_4613.jpg\",\"contentUrl\":\"https:\\\/\\\/www.livemag.it\\\/wp-content\\\/uploads\\\/2025\\\/12\\\/20251209_4613.jpg\",\"width\":1200,\"height\":800},{\"@type\":\"BreadcrumbList\",\"@id\":\"https:\\\/\\\/www.livemag.it\\\/index.php\\\/2025\\\/12\\\/10\\\/conte-col-benfica-servira-una-gara-intensa-e-tosta\\\/#breadcrumb\",\"itemListElement\":[{\"@type\":\"ListItem\",\"position\":1,\"name\":\"Home\",\"item\":\"https:\\\/\\\/www.livemag.it\\\/\"},{\"@type\":\"ListItem\",\"position\":2,\"name\":\"Conte \u201cCol Benfica servir\u00e0 una gara intensa e tosta\u201d\"}]},{\"@type\":\"WebSite\",\"@id\":\"https:\\\/\\\/www.livemag.it\\\/#website\",\"url\":\"https:\\\/\\\/www.livemag.it\\\/\",\"name\":\"Live Magazine\",\"description\":\"Varie ed eventi\",\"publisher\":{\"@id\":\"https:\\\/\\\/www.livemag.it\\\/#organization\"},\"potentialAction\":[{\"@type\":\"SearchAction\",\"target\":{\"@type\":\"EntryPoint\",\"urlTemplate\":\"https:\\\/\\\/www.livemag.it\\\/?s={search_term_string}\"},\"query-input\":{\"@type\":\"PropertyValueSpecification\",\"valueRequired\":true,\"valueName\":\"search_term_string\"}}],\"inLanguage\":\"it-IT\"},{\"@type\":\"Organization\",\"@id\":\"https:\\\/\\\/www.livemag.it\\\/#organization\",\"name\":\"LiveMag\",\"alternateName\":\"LiveMag News ed eventi\",\"url\":\"https:\\\/\\\/www.livemag.it\\\/\",\"logo\":{\"@type\":\"ImageObject\",\"inLanguage\":\"it-IT\",\"@id\":\"https:\\\/\\\/www.livemag.it\\\/#\\\/schema\\\/logo\\\/image\\\/\",\"url\":\"https:\\\/\\\/www.livemag.it\\\/wp-content\\\/uploads\\\/2024\\\/02\\\/immagine-sito.jpg\",\"contentUrl\":\"https:\\\/\\\/www.livemag.it\\\/wp-content\\\/uploads\\\/2024\\\/02\\\/immagine-sito.jpg\",\"width\":696,\"height\":696,\"caption\":\"LiveMag\"},\"image\":{\"@id\":\"https:\\\/\\\/www.livemag.it\\\/#\\\/schema\\\/logo\\\/image\\\/\"},\"sameAs\":[\"https:\\\/\\\/www.facebook.com\\\/LiveMag\\\/\",\"https:\\\/\\\/x.com\\\/LiveNotizie\",\"https:\\\/\\\/www.instagram.com\\\/livemag\\\/\"]},{\"@type\":\"Person\",\"@id\":\"https:\\\/\\\/www.livemag.it\\\/#\\\/schema\\\/person\\\/b62c5f44451fdcdaeb0afe6c2424e73c\",\"name\":\"italpress\",\"image\":{\"@type\":\"ImageObject\",\"inLanguage\":\"it-IT\",\"@id\":\"https:\\\/\\\/secure.gravatar.com\\\/avatar\\\/b6a21695fc713ce7ee312cf57c97e2e641feb365be72d8745574d3c3e2b59066?s=96&r=g\",\"url\":\"https:\\\/\\\/secure.gravatar.com\\\/avatar\\\/b6a21695fc713ce7ee312cf57c97e2e641feb365be72d8745574d3c3e2b59066?s=96&r=g\",\"contentUrl\":\"https:\\\/\\\/secure.gravatar.com\\\/avatar\\\/b6a21695fc713ce7ee312cf57c97e2e641feb365be72d8745574d3c3e2b59066?s=96&r=g\",\"caption\":\"italpress\"},\"description\":\"Italpress \u00e8 un'agenzia di stampa italiana a carattere nazionale.\",\"url\":\"https:\\\/\\\/www.livemag.it\\\/index.php\\\/author\\\/italpress\\\/\"}]}<\/script>\n<!-- \/ Yoast SEO plugin. -->","yoast_head_json":{"title":"Conte \u201cCol Benfica servir\u00e0 una gara intensa e tosta\u201d - Live Magazine","robots":{"index":"index","follow":"follow","max-snippet":"max-snippet:-1","max-image-preview":"max-image-preview:large","max-video-preview":"max-video-preview:-1"},"canonical":"https:\/\/www.livemag.it\/index.php\/2025\/12\/10\/conte-col-benfica-servira-una-gara-intensa-e-tosta\/","og_locale":"it_IT","og_type":"article","og_title":"Conte \u201cCol Benfica servir\u00e0 una gara intensa e tosta\u201d - Live Magazine","og_description":"LISBONA (PORTOGALLO) (ITALPRESS) \u2013 \u201cAffrontiamo una squadra in salute, in uno stadio molto caldo. Veniamo da buone prestazioni, con buone energie dimostrate in campo. Ho cercato di fare recuperare i giocatori, domani ci vorr\u00e0 una gara bella intensa, tosta, con tanta energia, come stiamo facendo ultimamente\u201d. Antonio Conte vuole rivedere il \u201csuo\u201d Napoli domani a [&hellip;]","og_url":"https:\/\/www.livemag.it\/index.php\/2025\/12\/10\/conte-col-benfica-servira-una-gara-intensa-e-tosta\/","og_site_name":"Live Magazine","article_publisher":"https:\/\/www.facebook.com\/LiveMag\/","article_published_time":"2025-12-09T23:03:21+00:00","og_image":[{"width":1200,"height":675,"url":"https:\/\/www.livemag.it\/wp-content\/uploads\/2024\/02\/ograph.jpg","type":"image\/jpeg"}],"author":"italpress","twitter_card":"summary_large_image","twitter_creator":"@LiveNotizie","twitter_site":"@LiveNotizie","twitter_misc":{"Scritto da":"italpress","Tempo di lettura stimato":"2 minuti"},"schema":{"@context":"https:\/\/schema.org","@graph":[{"@type":"Article","@id":"https:\/\/www.livemag.it\/index.php\/2025\/12\/10\/conte-col-benfica-servira-una-gara-intensa-e-tosta\/#article","isPartOf":{"@id":"https:\/\/www.livemag.it\/index.php\/2025\/12\/10\/conte-col-benfica-servira-una-gara-intensa-e-tosta\/"},"author":{"name":"italpress","@id":"https:\/\/www.livemag.it\/#\/schema\/person\/b62c5f44451fdcdaeb0afe6c2424e73c"},"headline":"Conte \u201cCol Benfica servir\u00e0 una gara intensa e tosta\u201d","datePublished":"2025-12-09T23:03:21+00:00","mainEntityOfPage":{"@id":"https:\/\/www.livemag.it\/index.php\/2025\/12\/10\/conte-col-benfica-servira-una-gara-intensa-e-tosta\/"},"wordCount":313,"publisher":{"@id":"https:\/\/www.livemag.it\/#organization"},"image":{"@id":"https:\/\/www.livemag.it\/index.php\/2025\/12\/10\/conte-col-benfica-servira-una-gara-intensa-e-tosta\/#primaryimage"},"thumbnailUrl":"https:\/\/www.livemag.it\/wp-content\/uploads\/2025\/12\/20251209_4613.jpg","articleSection":["Mondo"],"inLanguage":"it-IT"},{"@type":"WebPage","@id":"https:\/\/www.livemag.it\/index.php\/2025\/12\/10\/conte-col-benfica-servira-una-gara-intensa-e-tosta\/","url":"https:\/\/www.livemag.it\/index.php\/2025\/12\/10\/conte-col-benfica-servira-una-gara-intensa-e-tosta\/","name":"Conte \u201cCol Benfica servir\u00e0 una gara intensa e tosta\u201d - Live Magazine","isPartOf":{"@id":"https:\/\/www.livemag.it\/#website"},"primaryImageOfPage":{"@id":"https:\/\/www.livemag.it\/index.php\/2025\/12\/10\/conte-col-benfica-servira-una-gara-intensa-e-tosta\/#primaryimage"},"image":{"@id":"https:\/\/www.livemag.it\/index.php\/2025\/12\/10\/conte-col-benfica-servira-una-gara-intensa-e-tosta\/#primaryimage"},"thumbnailUrl":"https:\/\/www.livemag.it\/wp-content\/uploads\/2025\/12\/20251209_4613.jpg","datePublished":"2025-12-09T23:03:21+00:00","breadcrumb":{"@id":"https:\/\/www.livemag.it\/index.php\/2025\/12\/10\/conte-col-benfica-servira-una-gara-intensa-e-tosta\/#breadcrumb"},"inLanguage":"it-IT","potentialAction":[{"@type":"ReadAction","target":["https:\/\/www.livemag.it\/index.php\/2025\/12\/10\/conte-col-benfica-servira-una-gara-intensa-e-tosta\/"]}]},{"@type":"ImageObject","inLanguage":"it-IT","@id":"https:\/\/www.livemag.it\/index.php\/2025\/12\/10\/conte-col-benfica-servira-una-gara-intensa-e-tosta\/#primaryimage","url":"https:\/\/www.livemag.it\/wp-content\/uploads\/2025\/12\/20251209_4613.jpg","contentUrl":"https:\/\/www.livemag.it\/wp-content\/uploads\/2025\/12\/20251209_4613.jpg","width":1200,"height":800},{"@type":"BreadcrumbList","@id":"https:\/\/www.livemag.it\/index.php\/2025\/12\/10\/conte-col-benfica-servira-una-gara-intensa-e-tosta\/#breadcrumb","itemListElement":[{"@type":"ListItem","position":1,"name":"Home","item":"https:\/\/www.livemag.it\/"},{"@type":"ListItem","position":2,"name":"Conte \u201cCol Benfica servir\u00e0 una gara intensa e tosta\u201d"}]},{"@type":"WebSite","@id":"https:\/\/www.livemag.it\/#website","url":"https:\/\/www.livemag.it\/","name":"Live Magazine","description":"Varie ed eventi","publisher":{"@id":"https:\/\/www.livemag.it\/#organization"},"potentialAction":[{"@type":"SearchAction","target":{"@type":"EntryPoint","urlTemplate":"https:\/\/www.livemag.it\/?s={search_term_string}"},"query-input":{"@type":"PropertyValueSpecification","valueRequired":true,"valueName":"search_term_string"}}],"inLanguage":"it-IT"},{"@type":"Organization","@id":"https:\/\/www.livemag.it\/#organization","name":"LiveMag","alternateName":"LiveMag News ed eventi","url":"https:\/\/www.livemag.it\/","logo":{"@type":"ImageObject","inLanguage":"it-IT","@id":"https:\/\/www.livemag.it\/#\/schema\/logo\/image\/","url":"https:\/\/www.livemag.it\/wp-content\/uploads\/2024\/02\/immagine-sito.jpg","contentUrl":"https:\/\/www.livemag.it\/wp-content\/uploads\/2024\/02\/immagine-sito.jpg","width":696,"height":696,"caption":"LiveMag"},"image":{"@id":"https:\/\/www.livemag.it\/#\/schema\/logo\/image\/"},"sameAs":["https:\/\/www.facebook.com\/LiveMag\/","https:\/\/x.com\/LiveNotizie","https:\/\/www.instagram.com\/livemag\/"]},{"@type":"Person","@id":"https:\/\/www.livemag.it\/#\/schema\/person\/b62c5f44451fdcdaeb0afe6c2424e73c","name":"italpress","image":{"@type":"ImageObject","inLanguage":"it-IT","@id":"https:\/\/secure.gravatar.com\/avatar\/b6a21695fc713ce7ee312cf57c97e2e641feb365be72d8745574d3c3e2b59066?s=96&r=g","url":"https:\/\/secure.gravatar.com\/avatar\/b6a21695fc713ce7ee312cf57c97e2e641feb365be72d8745574d3c3e2b59066?s=96&r=g","contentUrl":"https:\/\/secure.gravatar.com\/avatar\/b6a21695fc713ce7ee312cf57c97e2e641feb365be72d8745574d3c3e2b59066?s=96&r=g","caption":"italpress"},"description":"Italpress \u00e8 un'agenzia di stampa italiana a carattere nazionale.","url":"https:\/\/www.livemag.it\/index.php\/author\/italpress\/"}]}},"jetpack_featured_media_url":"https:\/\/www.livemag.it\/wp-content\/uploads\/2025\/12\/20251209_4613.jpg","_links":{"self":[{"href":"https:\/\/www.livemag.it\/index.php\/wp-json\/wp\/v2\/posts\/65109","targetHints":{"allow":["GET"]}}],"collection":[{"href":"https:\/\/www.livemag.it\/index.php\/wp-json\/wp\/v2\/posts"}],"about":[{"href":"https:\/\/www.livemag.it\/index.php\/wp-json\/wp\/v2\/types\/post"}],"author":[{"embeddable":true,"href":"https:\/\/www.livemag.it\/index.php\/wp-json\/wp\/v2\/users\/16"}],"replies":[{"embeddable":true,"href":"https:\/\/www.livemag.it\/index.php\/wp-json\/wp\/v2\/comments?post=65109"}],"version-history":[{"count":0,"href":"https:\/\/www.livemag.it\/index.php\/wp-json\/wp\/v2\/posts\/65109\/revisions"}],"wp:featuredmedia":[{"embeddable":true,"href":"https:\/\/www.livemag.it\/index.php\/wp-json\/wp\/v2\/media\/65110"}],"wp:attachment":[{"href":"https:\/\/www.livemag.it\/index.php\/wp-json\/wp\/v2\/media?parent=65109"}],"wp:term":[{"taxonomy":"category","embeddable":true,"href":"https:\/\/www.livemag.it\/index.php\/wp-json\/wp\/v2\/categories?post=65109"},{"taxonomy":"post_tag","embeddable":true,"href":"https:\/\/www.livemag.it\/index.php\/wp-json\/wp\/v2\/tags?post=65109"}],"curies":[{"name":"wp","href":"https:\/\/api.w.org\/{rel}","templated":true}]}}