{"id":65101,"date":"2025-12-09T21:02:49","date_gmt":"2025-12-09T20:02:49","guid":{"rendered":"https:\/\/www.livemag.it\/index.php\/2025\/12\/09\/spalletti-a-napoli-ho-sbagliato-io-yildiz-puo-crescere-ancora\/"},"modified":"2025-12-09T21:02:49","modified_gmt":"2025-12-09T20:02:49","slug":"spalletti-a-napoli-ho-sbagliato-io-yildiz-puo-crescere-ancora","status":"publish","type":"post","link":"https:\/\/www.livemag.it\/index.php\/2025\/12\/09\/spalletti-a-napoli-ho-sbagliato-io-yildiz-puo-crescere-ancora\/","title":{"rendered":"Spalletti \u201cA Napoli ho sbagliato io, Yildiz pu\u00f2 crescere ancora\u201d"},"content":{"rendered":"<div>\n<p>TORINO (ITALPRESS) \u2013 <em>\u201cHo le stesse intenzioni, le stesse certezze di quando ho accettato di venire qui. Vedo questi giocatori migliorare in allenamento anche se poi mi arrabbio e mi tranquillizzo allo stesso tempo, ma si cerca di trovare una spiegazione a quello che \u00e8 avvenuto e prevedere quello che sar\u00e0\u201d<\/em>. Luciano <strong>Spalletti<\/strong> va avanti per la sua strada alla vigilia della sfida di Champions contro il <strong>Pafos,<\/strong> assumendosi anche la responsabilit\u00e0 della sconfitta di Napoli e in particolare di un primo tempo in cui la <strong>Juve<\/strong> \u00e8 stata surclassata dai rivali. <em>\u201cHo giocato in quel modo, senza punte, perch\u00e8 pensavo fosse quello giusto, ai giocatori ho detto che non li ho messi nelle condizioni per poter dare il meglio. \u201cCon quello che ho scelto vi ho danneggiato\u201d, sono state queste le mie parole\u201d<\/em>, racconta Spalletti, con Pierre Kalulu a fianco che conferma.<em> \u201cOra ho un\u2019esperienza in pi\u00f9, dolorosissima, perch\u00e8 ho creato delle difficolt\u00e0 ai miei giocatori. I numeri sono quelli non desiderati, sia a livello di risultati che di individualit\u00e0<\/em> \u2013 ammette il tecnico bianconero \u2013 <em>Ora conosco di pi\u00f9 i giocatori, alcune cose sono migliorate ma non siamo bravi a ripeterle spesso dentro la partita. Ho visto fare delle belle giocate ai nostri attaccanti \u2013 a Napoli abbiamo fatto un bellissimo gol \u2013 ma bisogna convincersene e ripeterle pi\u00f9 spesso\u201d.<\/em><\/p>\n<p>Tornano a disposizione Bremer e Rugani (\u201cDomani saranno in panchina, ma non so se saranno della partita\u201d) mentre su Yildiz e su quanto detto a proposito del turco dopo la gara del Maradona chiarisce:<em> \u201cC\u2019\u00e8 ancora molto potenziale da vedere, lui ce la sta mettendo tutta e sta crescendo di partita in partita ma ha margini di miglioramento incredibili. Lo dicevo anche di Kvara, pu\u00f2 diventare un calciatore super top\u201d.<\/em> Infine, sull\u2019avversario di domani, avverte:<em> \u201cIl Pafos \u00e8 una squadra tosta, con molti brasiliani e portoghesi che sanno giocare a calcio, che ha fatto brutta figura solo col Bayern e che nelle altre gare ha preso solo pochi gol. Dal punto di vista fisico \u00e8 una squadra tignosa, cerca di metterla sul contrasto, sono organizzati sui calci piazzati. Dobbiamo essere bravi a non subire le ripartenze perch\u00e8 hanno qualit\u00e0 nel ribaltare l\u2019azione\u201d.<\/em><\/p>\n<p>Al fianco di Spalletti, come detto, c\u2019era Pierre <strong>Kalulu:<\/strong> <em>\u201cSiamo vogliosi di fare bene, di dimostrare di essere all\u2019altezza. Da ogni partita, che sia positiva o negativa, devi trarre insegnamento per andare avanti. Domenica \u00e8 successo quello che \u00e8 successo, dobbiamo prendere le cose positive che ci sono state e lavorare su quello che non ha funzionato\u201d<\/em>. L\u2019ex Milan non vede una stagione simile a quella dello scorso anno, <em>\u201cper me \u00e8 tutto diverso. Tutte le squadre hanno alti e bassi, possiamo fare di pi\u00f9 ma non \u00e8 una questione tattica o mentale. Non siamo ancora dove vorremmo essere ma le potenzialit\u00e0 ci sono. Il ritorno in gruppo di Bremer? Siamo un gruppo unito, il suo ritorno fa piacere, \u00e8 un giocatore che ha esperienza e ci dar\u00e0 una mano\u201d.<\/em><\/p>\n<p>\u2013 foto Ipa Agency \u2013<\/p>\n<p>(ITALPRESS).<\/p>\n<\/div>\n","protected":false},"excerpt":{"rendered":"<p>TORINO (ITALPRESS) \u2013 \u201cHo le stesse intenzioni, le stesse certezze di quando ho accettato di venire qui. Vedo questi giocatori migliorare in allenamento anche se poi mi arrabbio e mi tranquillizzo allo stesso tempo, ma si cerca di trovare una spiegazione a quello che \u00e8 avvenuto e prevedere quello che sar\u00e0\u201d. Luciano Spalletti va avanti [&hellip;]<\/p>\n","protected":false},"author":16,"featured_media":65102,"comment_status":"closed","ping_status":"closed","sticky":false,"template":"","format":"standard","meta":{"jnews-multi-image_gallery":[],"jnews_single_post":[],"jnews_primary_category":[],"jnews_social_meta":[],"jnews_override_counter":[],"jnews_post_split":[],"footnotes":""},"categories":[1129],"tags":[],"class_list":["post-65101","post","type-post","status-publish","format-standard","has-post-thumbnail","hentry","category-mondo"],"yoast_head":"<!-- This site is optimized with the Yoast SEO plugin v27.5 - https:\/\/yoast.com\/product\/yoast-seo-wordpress\/ -->\n<title>Spalletti \u201cA Napoli ho sbagliato io, Yildiz pu\u00f2 crescere ancora\u201d - Live Magazine<\/title>\n<meta name=\"robots\" content=\"index, follow, max-snippet:-1, max-image-preview:large, max-video-preview:-1\" \/>\n<link rel=\"canonical\" href=\"https:\/\/www.livemag.it\/index.php\/2025\/12\/09\/spalletti-a-napoli-ho-sbagliato-io-yildiz-puo-crescere-ancora\/\" \/>\n<meta property=\"og:locale\" content=\"it_IT\" \/>\n<meta property=\"og:type\" content=\"article\" \/>\n<meta property=\"og:title\" content=\"Spalletti \u201cA Napoli ho sbagliato io, Yildiz pu\u00f2 crescere ancora\u201d - Live Magazine\" \/>\n<meta property=\"og:description\" content=\"TORINO (ITALPRESS) \u2013 \u201cHo le stesse intenzioni, le stesse certezze di quando ho accettato di venire qui. Vedo questi giocatori migliorare in allenamento anche se poi mi arrabbio e mi tranquillizzo allo stesso tempo, ma si cerca di trovare una spiegazione a quello che \u00e8 avvenuto e prevedere quello che sar\u00e0\u201d. Luciano Spalletti va avanti [&hellip;]\" \/>\n<meta property=\"og:url\" content=\"https:\/\/www.livemag.it\/index.php\/2025\/12\/09\/spalletti-a-napoli-ho-sbagliato-io-yildiz-puo-crescere-ancora\/\" \/>\n<meta property=\"og:site_name\" content=\"Live Magazine\" \/>\n<meta property=\"article:publisher\" content=\"https:\/\/www.facebook.com\/LiveMag\/\" \/>\n<meta property=\"article:published_time\" content=\"2025-12-09T20:02:49+00:00\" \/>\n<meta property=\"og:image\" content=\"https:\/\/www.livemag.it\/wp-content\/uploads\/2024\/02\/ograph.jpg\" \/>\n\t<meta property=\"og:image:width\" content=\"1200\" \/>\n\t<meta property=\"og:image:height\" content=\"675\" \/>\n\t<meta property=\"og:image:type\" content=\"image\/jpeg\" \/>\n<meta name=\"author\" content=\"italpress\" \/>\n<meta name=\"twitter:card\" content=\"summary_large_image\" \/>\n<meta name=\"twitter:creator\" content=\"@LiveNotizie\" \/>\n<meta name=\"twitter:site\" content=\"@LiveNotizie\" \/>\n<meta name=\"twitter:label1\" content=\"Scritto da\" \/>\n\t<meta name=\"twitter:data1\" content=\"italpress\" \/>\n\t<meta name=\"twitter:label2\" content=\"Tempo di lettura stimato\" \/>\n\t<meta name=\"twitter:data2\" content=\"2 minuti\" \/>\n<script type=\"application\/ld+json\" class=\"yoast-schema-graph\">{\"@context\":\"https:\\\/\\\/schema.org\",\"@graph\":[{\"@type\":\"Article\",\"@id\":\"https:\\\/\\\/www.livemag.it\\\/index.php\\\/2025\\\/12\\\/09\\\/spalletti-a-napoli-ho-sbagliato-io-yildiz-puo-crescere-ancora\\\/#article\",\"isPartOf\":{\"@id\":\"https:\\\/\\\/www.livemag.it\\\/index.php\\\/2025\\\/12\\\/09\\\/spalletti-a-napoli-ho-sbagliato-io-yildiz-puo-crescere-ancora\\\/\"},\"author\":{\"name\":\"italpress\",\"@id\":\"https:\\\/\\\/www.livemag.it\\\/#\\\/schema\\\/person\\\/b62c5f44451fdcdaeb0afe6c2424e73c\"},\"headline\":\"Spalletti \u201cA Napoli ho sbagliato io, Yildiz pu\u00f2 crescere ancora\u201d\",\"datePublished\":\"2025-12-09T20:02:49+00:00\",\"mainEntityOfPage\":{\"@id\":\"https:\\\/\\\/www.livemag.it\\\/index.php\\\/2025\\\/12\\\/09\\\/spalletti-a-napoli-ho-sbagliato-io-yildiz-puo-crescere-ancora\\\/\"},\"wordCount\":500,\"publisher\":{\"@id\":\"https:\\\/\\\/www.livemag.it\\\/#organization\"},\"image\":{\"@id\":\"https:\\\/\\\/www.livemag.it\\\/index.php\\\/2025\\\/12\\\/09\\\/spalletti-a-napoli-ho-sbagliato-io-yildiz-puo-crescere-ancora\\\/#primaryimage\"},\"thumbnailUrl\":\"https:\\\/\\\/www.livemag.it\\\/wp-content\\\/uploads\\\/2025\\\/12\\\/20251209_4283.jpg\",\"articleSection\":[\"Mondo\"],\"inLanguage\":\"it-IT\"},{\"@type\":\"WebPage\",\"@id\":\"https:\\\/\\\/www.livemag.it\\\/index.php\\\/2025\\\/12\\\/09\\\/spalletti-a-napoli-ho-sbagliato-io-yildiz-puo-crescere-ancora\\\/\",\"url\":\"https:\\\/\\\/www.livemag.it\\\/index.php\\\/2025\\\/12\\\/09\\\/spalletti-a-napoli-ho-sbagliato-io-yildiz-puo-crescere-ancora\\\/\",\"name\":\"Spalletti \u201cA Napoli ho sbagliato io, Yildiz pu\u00f2 crescere ancora\u201d - Live Magazine\",\"isPartOf\":{\"@id\":\"https:\\\/\\\/www.livemag.it\\\/#website\"},\"primaryImageOfPage\":{\"@id\":\"https:\\\/\\\/www.livemag.it\\\/index.php\\\/2025\\\/12\\\/09\\\/spalletti-a-napoli-ho-sbagliato-io-yildiz-puo-crescere-ancora\\\/#primaryimage\"},\"image\":{\"@id\":\"https:\\\/\\\/www.livemag.it\\\/index.php\\\/2025\\\/12\\\/09\\\/spalletti-a-napoli-ho-sbagliato-io-yildiz-puo-crescere-ancora\\\/#primaryimage\"},\"thumbnailUrl\":\"https:\\\/\\\/www.livemag.it\\\/wp-content\\\/uploads\\\/2025\\\/12\\\/20251209_4283.jpg\",\"datePublished\":\"2025-12-09T20:02:49+00:00\",\"breadcrumb\":{\"@id\":\"https:\\\/\\\/www.livemag.it\\\/index.php\\\/2025\\\/12\\\/09\\\/spalletti-a-napoli-ho-sbagliato-io-yildiz-puo-crescere-ancora\\\/#breadcrumb\"},\"inLanguage\":\"it-IT\",\"potentialAction\":[{\"@type\":\"ReadAction\",\"target\":[\"https:\\\/\\\/www.livemag.it\\\/index.php\\\/2025\\\/12\\\/09\\\/spalletti-a-napoli-ho-sbagliato-io-yildiz-puo-crescere-ancora\\\/\"]}]},{\"@type\":\"ImageObject\",\"inLanguage\":\"it-IT\",\"@id\":\"https:\\\/\\\/www.livemag.it\\\/index.php\\\/2025\\\/12\\\/09\\\/spalletti-a-napoli-ho-sbagliato-io-yildiz-puo-crescere-ancora\\\/#primaryimage\",\"url\":\"https:\\\/\\\/www.livemag.it\\\/wp-content\\\/uploads\\\/2025\\\/12\\\/20251209_4283.jpg\",\"contentUrl\":\"https:\\\/\\\/www.livemag.it\\\/wp-content\\\/uploads\\\/2025\\\/12\\\/20251209_4283.jpg\",\"width\":1200,\"height\":800},{\"@type\":\"BreadcrumbList\",\"@id\":\"https:\\\/\\\/www.livemag.it\\\/index.php\\\/2025\\\/12\\\/09\\\/spalletti-a-napoli-ho-sbagliato-io-yildiz-puo-crescere-ancora\\\/#breadcrumb\",\"itemListElement\":[{\"@type\":\"ListItem\",\"position\":1,\"name\":\"Home\",\"item\":\"https:\\\/\\\/www.livemag.it\\\/\"},{\"@type\":\"ListItem\",\"position\":2,\"name\":\"Spalletti \u201cA Napoli ho sbagliato io, Yildiz pu\u00f2 crescere ancora\u201d\"}]},{\"@type\":\"WebSite\",\"@id\":\"https:\\\/\\\/www.livemag.it\\\/#website\",\"url\":\"https:\\\/\\\/www.livemag.it\\\/\",\"name\":\"Live Magazine\",\"description\":\"Varie ed eventi\",\"publisher\":{\"@id\":\"https:\\\/\\\/www.livemag.it\\\/#organization\"},\"potentialAction\":[{\"@type\":\"SearchAction\",\"target\":{\"@type\":\"EntryPoint\",\"urlTemplate\":\"https:\\\/\\\/www.livemag.it\\\/?s={search_term_string}\"},\"query-input\":{\"@type\":\"PropertyValueSpecification\",\"valueRequired\":true,\"valueName\":\"search_term_string\"}}],\"inLanguage\":\"it-IT\"},{\"@type\":\"Organization\",\"@id\":\"https:\\\/\\\/www.livemag.it\\\/#organization\",\"name\":\"LiveMag\",\"alternateName\":\"LiveMag News ed eventi\",\"url\":\"https:\\\/\\\/www.livemag.it\\\/\",\"logo\":{\"@type\":\"ImageObject\",\"inLanguage\":\"it-IT\",\"@id\":\"https:\\\/\\\/www.livemag.it\\\/#\\\/schema\\\/logo\\\/image\\\/\",\"url\":\"https:\\\/\\\/www.livemag.it\\\/wp-content\\\/uploads\\\/2024\\\/02\\\/immagine-sito.jpg\",\"contentUrl\":\"https:\\\/\\\/www.livemag.it\\\/wp-content\\\/uploads\\\/2024\\\/02\\\/immagine-sito.jpg\",\"width\":696,\"height\":696,\"caption\":\"LiveMag\"},\"image\":{\"@id\":\"https:\\\/\\\/www.livemag.it\\\/#\\\/schema\\\/logo\\\/image\\\/\"},\"sameAs\":[\"https:\\\/\\\/www.facebook.com\\\/LiveMag\\\/\",\"https:\\\/\\\/x.com\\\/LiveNotizie\",\"https:\\\/\\\/www.instagram.com\\\/livemag\\\/\"]},{\"@type\":\"Person\",\"@id\":\"https:\\\/\\\/www.livemag.it\\\/#\\\/schema\\\/person\\\/b62c5f44451fdcdaeb0afe6c2424e73c\",\"name\":\"italpress\",\"image\":{\"@type\":\"ImageObject\",\"inLanguage\":\"it-IT\",\"@id\":\"https:\\\/\\\/secure.gravatar.com\\\/avatar\\\/b6a21695fc713ce7ee312cf57c97e2e641feb365be72d8745574d3c3e2b59066?s=96&r=g\",\"url\":\"https:\\\/\\\/secure.gravatar.com\\\/avatar\\\/b6a21695fc713ce7ee312cf57c97e2e641feb365be72d8745574d3c3e2b59066?s=96&r=g\",\"contentUrl\":\"https:\\\/\\\/secure.gravatar.com\\\/avatar\\\/b6a21695fc713ce7ee312cf57c97e2e641feb365be72d8745574d3c3e2b59066?s=96&r=g\",\"caption\":\"italpress\"},\"description\":\"Italpress \u00e8 un'agenzia di stampa italiana a carattere nazionale.\",\"url\":\"https:\\\/\\\/www.livemag.it\\\/index.php\\\/author\\\/italpress\\\/\"}]}<\/script>\n<!-- \/ Yoast SEO plugin. -->","yoast_head_json":{"title":"Spalletti \u201cA Napoli ho sbagliato io, Yildiz pu\u00f2 crescere ancora\u201d - Live Magazine","robots":{"index":"index","follow":"follow","max-snippet":"max-snippet:-1","max-image-preview":"max-image-preview:large","max-video-preview":"max-video-preview:-1"},"canonical":"https:\/\/www.livemag.it\/index.php\/2025\/12\/09\/spalletti-a-napoli-ho-sbagliato-io-yildiz-puo-crescere-ancora\/","og_locale":"it_IT","og_type":"article","og_title":"Spalletti \u201cA Napoli ho sbagliato io, Yildiz pu\u00f2 crescere ancora\u201d - Live Magazine","og_description":"TORINO (ITALPRESS) \u2013 \u201cHo le stesse intenzioni, le stesse certezze di quando ho accettato di venire qui. Vedo questi giocatori migliorare in allenamento anche se poi mi arrabbio e mi tranquillizzo allo stesso tempo, ma si cerca di trovare una spiegazione a quello che \u00e8 avvenuto e prevedere quello che sar\u00e0\u201d. Luciano Spalletti va avanti [&hellip;]","og_url":"https:\/\/www.livemag.it\/index.php\/2025\/12\/09\/spalletti-a-napoli-ho-sbagliato-io-yildiz-puo-crescere-ancora\/","og_site_name":"Live Magazine","article_publisher":"https:\/\/www.facebook.com\/LiveMag\/","article_published_time":"2025-12-09T20:02:49+00:00","og_image":[{"width":1200,"height":675,"url":"https:\/\/www.livemag.it\/wp-content\/uploads\/2024\/02\/ograph.jpg","type":"image\/jpeg"}],"author":"italpress","twitter_card":"summary_large_image","twitter_creator":"@LiveNotizie","twitter_site":"@LiveNotizie","twitter_misc":{"Scritto da":"italpress","Tempo di lettura stimato":"2 minuti"},"schema":{"@context":"https:\/\/schema.org","@graph":[{"@type":"Article","@id":"https:\/\/www.livemag.it\/index.php\/2025\/12\/09\/spalletti-a-napoli-ho-sbagliato-io-yildiz-puo-crescere-ancora\/#article","isPartOf":{"@id":"https:\/\/www.livemag.it\/index.php\/2025\/12\/09\/spalletti-a-napoli-ho-sbagliato-io-yildiz-puo-crescere-ancora\/"},"author":{"name":"italpress","@id":"https:\/\/www.livemag.it\/#\/schema\/person\/b62c5f44451fdcdaeb0afe6c2424e73c"},"headline":"Spalletti \u201cA Napoli ho sbagliato io, Yildiz pu\u00f2 crescere ancora\u201d","datePublished":"2025-12-09T20:02:49+00:00","mainEntityOfPage":{"@id":"https:\/\/www.livemag.it\/index.php\/2025\/12\/09\/spalletti-a-napoli-ho-sbagliato-io-yildiz-puo-crescere-ancora\/"},"wordCount":500,"publisher":{"@id":"https:\/\/www.livemag.it\/#organization"},"image":{"@id":"https:\/\/www.livemag.it\/index.php\/2025\/12\/09\/spalletti-a-napoli-ho-sbagliato-io-yildiz-puo-crescere-ancora\/#primaryimage"},"thumbnailUrl":"https:\/\/www.livemag.it\/wp-content\/uploads\/2025\/12\/20251209_4283.jpg","articleSection":["Mondo"],"inLanguage":"it-IT"},{"@type":"WebPage","@id":"https:\/\/www.livemag.it\/index.php\/2025\/12\/09\/spalletti-a-napoli-ho-sbagliato-io-yildiz-puo-crescere-ancora\/","url":"https:\/\/www.livemag.it\/index.php\/2025\/12\/09\/spalletti-a-napoli-ho-sbagliato-io-yildiz-puo-crescere-ancora\/","name":"Spalletti \u201cA Napoli ho sbagliato io, Yildiz pu\u00f2 crescere ancora\u201d - Live Magazine","isPartOf":{"@id":"https:\/\/www.livemag.it\/#website"},"primaryImageOfPage":{"@id":"https:\/\/www.livemag.it\/index.php\/2025\/12\/09\/spalletti-a-napoli-ho-sbagliato-io-yildiz-puo-crescere-ancora\/#primaryimage"},"image":{"@id":"https:\/\/www.livemag.it\/index.php\/2025\/12\/09\/spalletti-a-napoli-ho-sbagliato-io-yildiz-puo-crescere-ancora\/#primaryimage"},"thumbnailUrl":"https:\/\/www.livemag.it\/wp-content\/uploads\/2025\/12\/20251209_4283.jpg","datePublished":"2025-12-09T20:02:49+00:00","breadcrumb":{"@id":"https:\/\/www.livemag.it\/index.php\/2025\/12\/09\/spalletti-a-napoli-ho-sbagliato-io-yildiz-puo-crescere-ancora\/#breadcrumb"},"inLanguage":"it-IT","potentialAction":[{"@type":"ReadAction","target":["https:\/\/www.livemag.it\/index.php\/2025\/12\/09\/spalletti-a-napoli-ho-sbagliato-io-yildiz-puo-crescere-ancora\/"]}]},{"@type":"ImageObject","inLanguage":"it-IT","@id":"https:\/\/www.livemag.it\/index.php\/2025\/12\/09\/spalletti-a-napoli-ho-sbagliato-io-yildiz-puo-crescere-ancora\/#primaryimage","url":"https:\/\/www.livemag.it\/wp-content\/uploads\/2025\/12\/20251209_4283.jpg","contentUrl":"https:\/\/www.livemag.it\/wp-content\/uploads\/2025\/12\/20251209_4283.jpg","width":1200,"height":800},{"@type":"BreadcrumbList","@id":"https:\/\/www.livemag.it\/index.php\/2025\/12\/09\/spalletti-a-napoli-ho-sbagliato-io-yildiz-puo-crescere-ancora\/#breadcrumb","itemListElement":[{"@type":"ListItem","position":1,"name":"Home","item":"https:\/\/www.livemag.it\/"},{"@type":"ListItem","position":2,"name":"Spalletti \u201cA Napoli ho sbagliato io, Yildiz pu\u00f2 crescere ancora\u201d"}]},{"@type":"WebSite","@id":"https:\/\/www.livemag.it\/#website","url":"https:\/\/www.livemag.it\/","name":"Live Magazine","description":"Varie ed eventi","publisher":{"@id":"https:\/\/www.livemag.it\/#organization"},"potentialAction":[{"@type":"SearchAction","target":{"@type":"EntryPoint","urlTemplate":"https:\/\/www.livemag.it\/?s={search_term_string}"},"query-input":{"@type":"PropertyValueSpecification","valueRequired":true,"valueName":"search_term_string"}}],"inLanguage":"it-IT"},{"@type":"Organization","@id":"https:\/\/www.livemag.it\/#organization","name":"LiveMag","alternateName":"LiveMag News ed eventi","url":"https:\/\/www.livemag.it\/","logo":{"@type":"ImageObject","inLanguage":"it-IT","@id":"https:\/\/www.livemag.it\/#\/schema\/logo\/image\/","url":"https:\/\/www.livemag.it\/wp-content\/uploads\/2024\/02\/immagine-sito.jpg","contentUrl":"https:\/\/www.livemag.it\/wp-content\/uploads\/2024\/02\/immagine-sito.jpg","width":696,"height":696,"caption":"LiveMag"},"image":{"@id":"https:\/\/www.livemag.it\/#\/schema\/logo\/image\/"},"sameAs":["https:\/\/www.facebook.com\/LiveMag\/","https:\/\/x.com\/LiveNotizie","https:\/\/www.instagram.com\/livemag\/"]},{"@type":"Person","@id":"https:\/\/www.livemag.it\/#\/schema\/person\/b62c5f44451fdcdaeb0afe6c2424e73c","name":"italpress","image":{"@type":"ImageObject","inLanguage":"it-IT","@id":"https:\/\/secure.gravatar.com\/avatar\/b6a21695fc713ce7ee312cf57c97e2e641feb365be72d8745574d3c3e2b59066?s=96&r=g","url":"https:\/\/secure.gravatar.com\/avatar\/b6a21695fc713ce7ee312cf57c97e2e641feb365be72d8745574d3c3e2b59066?s=96&r=g","contentUrl":"https:\/\/secure.gravatar.com\/avatar\/b6a21695fc713ce7ee312cf57c97e2e641feb365be72d8745574d3c3e2b59066?s=96&r=g","caption":"italpress"},"description":"Italpress \u00e8 un'agenzia di stampa italiana a carattere nazionale.","url":"https:\/\/www.livemag.it\/index.php\/author\/italpress\/"}]}},"jetpack_featured_media_url":"https:\/\/www.livemag.it\/wp-content\/uploads\/2025\/12\/20251209_4283.jpg","_links":{"self":[{"href":"https:\/\/www.livemag.it\/index.php\/wp-json\/wp\/v2\/posts\/65101","targetHints":{"allow":["GET"]}}],"collection":[{"href":"https:\/\/www.livemag.it\/index.php\/wp-json\/wp\/v2\/posts"}],"about":[{"href":"https:\/\/www.livemag.it\/index.php\/wp-json\/wp\/v2\/types\/post"}],"author":[{"embeddable":true,"href":"https:\/\/www.livemag.it\/index.php\/wp-json\/wp\/v2\/users\/16"}],"replies":[{"embeddable":true,"href":"https:\/\/www.livemag.it\/index.php\/wp-json\/wp\/v2\/comments?post=65101"}],"version-history":[{"count":0,"href":"https:\/\/www.livemag.it\/index.php\/wp-json\/wp\/v2\/posts\/65101\/revisions"}],"wp:featuredmedia":[{"embeddable":true,"href":"https:\/\/www.livemag.it\/index.php\/wp-json\/wp\/v2\/media\/65102"}],"wp:attachment":[{"href":"https:\/\/www.livemag.it\/index.php\/wp-json\/wp\/v2\/media?parent=65101"}],"wp:term":[{"taxonomy":"category","embeddable":true,"href":"https:\/\/www.livemag.it\/index.php\/wp-json\/wp\/v2\/categories?post=65101"},{"taxonomy":"post_tag","embeddable":true,"href":"https:\/\/www.livemag.it\/index.php\/wp-json\/wp\/v2\/tags?post=65101"}],"curies":[{"name":"wp","href":"https:\/\/api.w.org\/{rel}","templated":true}]}}