{"id":65089,"date":"2025-12-09T18:03:28","date_gmt":"2025-12-09T17:03:28","guid":{"rendered":"https:\/\/www.livemag.it\/index.php\/2025\/12\/09\/unitelmasapienza-nuovo-anno-accademico-al-via-con-un-focus-sullia\/"},"modified":"2025-12-09T18:03:28","modified_gmt":"2025-12-09T17:03:28","slug":"unitelmasapienza-nuovo-anno-accademico-al-via-con-un-focus-sullia","status":"publish","type":"post","link":"https:\/\/www.livemag.it\/index.php\/2025\/12\/09\/unitelmasapienza-nuovo-anno-accademico-al-via-con-un-focus-sullia\/","title":{"rendered":"UnitelmaSapienza, nuovo anno accademico al via con un focus sull\u2019IA"},"content":{"rendered":"<div>\n<p>ROMA (ITALPRESS) \u2013 UnitelmaSapienza fra tradizioni e novit\u00e0. L\u2019ateneo telematico romano ha inaugurato il ventunesimo anno accademico nel corso di un evento alla presenza del Rettore di UnitelmaSapienza, Bruno Botta, e della Rettrice della Sapienza, Antonella Polimeni. Un\u2019universit\u00e0 che punta a mantenere i suoi punti di forza, certificati di recente in alcune classifiche di settore, cercando per\u00f2 sempre di innovarsi, con nuovi corsi di laurea e un\u2019apertura sempre maggiore a studenti internazionali. Protagonista della giornata, l\u2019intelligenza artificiale assieme alle nuove sfide della tecnologia, grazie anche a una lectio brevis di Paolo Benanti, professore di filosofia morale dell\u2019Universit\u00e0 LUISS Guido Carli.<br \/>\u201cAbbiamo tanti bei risultati raggiunti di recente, ma ci\u00f2 che \u00e8 meraviglioso sono i nuovi corsi di laurea, come quello di Fashion theory and practices inaugurato pochi giorni fa \u2013 le parole del rettore Botta -. Gli obiettivi futuri? Bisogna continuare sulla strada dell\u2019internazionalizzazione. Stiamo attivando anche dei dottorati internazionali. Se non ci si apre verso l\u2019esterno, si rischia di rimanere cos\u00ec come siamo. I nuovi corsi di laurea su cui stiamo lavorando sono tutti internazionali\u201d.<br \/>\u201cHo partecipato con piacere all\u2019inaugurazione dell\u2019anno accademico di UnitelmaSapienza, impreziosita dal contributo del professor Paolo Benanti sul tema dell\u2019algoretica, la formazione e l\u2019importanza delle innovazioni digitali \u2013 ha commentato la rettrice Polimeni -. Si \u00e8 parlato di come l\u2019intelligenza artificiale vada accompagnata nella sua formazione, e quindi del ruolo delle universit\u00e0 nel tracciare la strada per il futuro dell\u2019intelligenza artificiale, letta e portata avanti anche in una chiave etica\u201d.<br \/>\u201cPensare alle sfide delle universit\u00e0 ci ha spinto a pensare alla nuova realt\u00e0 in cui abitiamo, una realt\u00e0 in cui gli oggetti hanno conosciuto la dimensione della realt\u00e0 definita dal software \u2013 ha detto padre Benanti -. Chi controlla il software controlla la realt\u00e0, ecco perch\u00e8 abbiamo inaugurato il nuovo anno accademico guardando alle sfide di poter riaffermare una societ\u00e0 democratica all\u2019interno di questa trasformazione\u201d. <br \/>\u201cE\u2019 stata una giornata importante, densa e piena di suggestioni. Abbiamo voluto affrontare il tema dell\u2019intelligenza artificiale alla presenza di uno dei pi\u00f9 autorevoli esperti e studiosi di questa materia, come il professor Benanti \u2013 le parole di Mauro Giustozzi, direttore generale di UnitelmaSapienza -. Se posso utilizzare due termini per sintetizzare lo stato d\u2019animo, da un lato la grande suggestione che scaturisce dagli scenari che stiamo affrontando, di grande novit\u00e0, innovazione e cambiamento, dall\u2019altro l\u2019inquietudine generata dal nuovo e da ci\u00f2 che non si conosce\u201d.<br \/>\u201cAbbiamo voluto rimarcare l\u2019importanza di un\u2019universit\u00e0 digitale che non si sostituisce all\u2019universit\u00e0 in presenza ma la completa \u2013 ha detto infine Carlo Garzia, rappresentante degli studenti nel consiglio d\u2019amministrazione di UnitelmaSapienza -. Riusciamo a raggiungere platee di persone che altrimenti non saprebbero come frequentare l\u2019universit\u00e0, e negare loro la possibilit\u00e0 di frequentare l\u2019universit\u00e0 telematica equivale a negare loro il diritto allo studio\u201d.<\/p>\n<p>\u2013 foto ufficio stampa UnitelmaSapienza \u2013<br \/>(ITALPRESS).<\/p>\n<\/div>\n","protected":false},"excerpt":{"rendered":"<p>ROMA (ITALPRESS) \u2013 UnitelmaSapienza fra tradizioni e novit\u00e0. L\u2019ateneo telematico romano ha inaugurato il ventunesimo anno accademico nel corso di un evento alla presenza del Rettore di UnitelmaSapienza, Bruno Botta, e della Rettrice della Sapienza, Antonella Polimeni. Un\u2019universit\u00e0 che punta a mantenere i suoi punti di forza, certificati di recente in alcune classifiche di settore, [&hellip;]<\/p>\n","protected":false},"author":16,"featured_media":65090,"comment_status":"closed","ping_status":"closed","sticky":false,"template":"","format":"standard","meta":{"jnews-multi-image_gallery":[],"jnews_single_post":[],"jnews_primary_category":[],"jnews_social_meta":[],"jnews_override_counter":[],"jnews_post_split":[],"footnotes":""},"categories":[1129],"tags":[],"class_list":["post-65089","post","type-post","status-publish","format-standard","has-post-thumbnail","hentry","category-mondo"],"yoast_head":"<!-- This site is optimized with the Yoast SEO plugin v27.5 - https:\/\/yoast.com\/product\/yoast-seo-wordpress\/ -->\n<title>UnitelmaSapienza, nuovo anno accademico al via con un focus sull\u2019IA - Live Magazine<\/title>\n<meta name=\"robots\" content=\"index, follow, max-snippet:-1, max-image-preview:large, max-video-preview:-1\" \/>\n<link rel=\"canonical\" href=\"https:\/\/www.livemag.it\/index.php\/2025\/12\/09\/unitelmasapienza-nuovo-anno-accademico-al-via-con-un-focus-sullia\/\" \/>\n<meta property=\"og:locale\" content=\"it_IT\" \/>\n<meta property=\"og:type\" content=\"article\" \/>\n<meta property=\"og:title\" content=\"UnitelmaSapienza, nuovo anno accademico al via con un focus sull\u2019IA - Live Magazine\" \/>\n<meta property=\"og:description\" content=\"ROMA (ITALPRESS) \u2013 UnitelmaSapienza fra tradizioni e novit\u00e0. L\u2019ateneo telematico romano ha inaugurato il ventunesimo anno accademico nel corso di un evento alla presenza del Rettore di UnitelmaSapienza, Bruno Botta, e della Rettrice della Sapienza, Antonella Polimeni. Un\u2019universit\u00e0 che punta a mantenere i suoi punti di forza, certificati di recente in alcune classifiche di settore, [&hellip;]\" \/>\n<meta property=\"og:url\" content=\"https:\/\/www.livemag.it\/index.php\/2025\/12\/09\/unitelmasapienza-nuovo-anno-accademico-al-via-con-un-focus-sullia\/\" \/>\n<meta property=\"og:site_name\" content=\"Live Magazine\" \/>\n<meta property=\"article:publisher\" content=\"https:\/\/www.facebook.com\/LiveMag\/\" \/>\n<meta property=\"article:published_time\" content=\"2025-12-09T17:03:28+00:00\" \/>\n<meta property=\"og:image\" content=\"https:\/\/www.livemag.it\/wp-content\/uploads\/2024\/02\/ograph.jpg\" \/>\n\t<meta property=\"og:image:width\" content=\"1200\" \/>\n\t<meta property=\"og:image:height\" content=\"675\" \/>\n\t<meta property=\"og:image:type\" content=\"image\/jpeg\" \/>\n<meta name=\"author\" content=\"italpress\" \/>\n<meta name=\"twitter:card\" content=\"summary_large_image\" \/>\n<meta name=\"twitter:creator\" content=\"@LiveNotizie\" \/>\n<meta name=\"twitter:site\" content=\"@LiveNotizie\" \/>\n<meta name=\"twitter:label1\" content=\"Scritto da\" \/>\n\t<meta name=\"twitter:data1\" content=\"italpress\" \/>\n\t<meta name=\"twitter:label2\" content=\"Tempo di lettura stimato\" \/>\n\t<meta name=\"twitter:data2\" content=\"2 minuti\" \/>\n<script type=\"application\/ld+json\" class=\"yoast-schema-graph\">{\"@context\":\"https:\\\/\\\/schema.org\",\"@graph\":[{\"@type\":\"Article\",\"@id\":\"https:\\\/\\\/www.livemag.it\\\/index.php\\\/2025\\\/12\\\/09\\\/unitelmasapienza-nuovo-anno-accademico-al-via-con-un-focus-sullia\\\/#article\",\"isPartOf\":{\"@id\":\"https:\\\/\\\/www.livemag.it\\\/index.php\\\/2025\\\/12\\\/09\\\/unitelmasapienza-nuovo-anno-accademico-al-via-con-un-focus-sullia\\\/\"},\"author\":{\"name\":\"italpress\",\"@id\":\"https:\\\/\\\/www.livemag.it\\\/#\\\/schema\\\/person\\\/b62c5f44451fdcdaeb0afe6c2424e73c\"},\"headline\":\"UnitelmaSapienza, nuovo anno accademico al via con un focus sull\u2019IA\",\"datePublished\":\"2025-12-09T17:03:28+00:00\",\"mainEntityOfPage\":{\"@id\":\"https:\\\/\\\/www.livemag.it\\\/index.php\\\/2025\\\/12\\\/09\\\/unitelmasapienza-nuovo-anno-accademico-al-via-con-un-focus-sullia\\\/\"},\"wordCount\":490,\"publisher\":{\"@id\":\"https:\\\/\\\/www.livemag.it\\\/#organization\"},\"image\":{\"@id\":\"https:\\\/\\\/www.livemag.it\\\/index.php\\\/2025\\\/12\\\/09\\\/unitelmasapienza-nuovo-anno-accademico-al-via-con-un-focus-sullia\\\/#primaryimage\"},\"thumbnailUrl\":\"https:\\\/\\\/www.livemag.it\\\/wp-content\\\/uploads\\\/2025\\\/12\\\/20251209_3387.jpg\",\"articleSection\":[\"Mondo\"],\"inLanguage\":\"it-IT\"},{\"@type\":\"WebPage\",\"@id\":\"https:\\\/\\\/www.livemag.it\\\/index.php\\\/2025\\\/12\\\/09\\\/unitelmasapienza-nuovo-anno-accademico-al-via-con-un-focus-sullia\\\/\",\"url\":\"https:\\\/\\\/www.livemag.it\\\/index.php\\\/2025\\\/12\\\/09\\\/unitelmasapienza-nuovo-anno-accademico-al-via-con-un-focus-sullia\\\/\",\"name\":\"UnitelmaSapienza, nuovo anno accademico al via con un focus sull\u2019IA - Live Magazine\",\"isPartOf\":{\"@id\":\"https:\\\/\\\/www.livemag.it\\\/#website\"},\"primaryImageOfPage\":{\"@id\":\"https:\\\/\\\/www.livemag.it\\\/index.php\\\/2025\\\/12\\\/09\\\/unitelmasapienza-nuovo-anno-accademico-al-via-con-un-focus-sullia\\\/#primaryimage\"},\"image\":{\"@id\":\"https:\\\/\\\/www.livemag.it\\\/index.php\\\/2025\\\/12\\\/09\\\/unitelmasapienza-nuovo-anno-accademico-al-via-con-un-focus-sullia\\\/#primaryimage\"},\"thumbnailUrl\":\"https:\\\/\\\/www.livemag.it\\\/wp-content\\\/uploads\\\/2025\\\/12\\\/20251209_3387.jpg\",\"datePublished\":\"2025-12-09T17:03:28+00:00\",\"breadcrumb\":{\"@id\":\"https:\\\/\\\/www.livemag.it\\\/index.php\\\/2025\\\/12\\\/09\\\/unitelmasapienza-nuovo-anno-accademico-al-via-con-un-focus-sullia\\\/#breadcrumb\"},\"inLanguage\":\"it-IT\",\"potentialAction\":[{\"@type\":\"ReadAction\",\"target\":[\"https:\\\/\\\/www.livemag.it\\\/index.php\\\/2025\\\/12\\\/09\\\/unitelmasapienza-nuovo-anno-accademico-al-via-con-un-focus-sullia\\\/\"]}]},{\"@type\":\"ImageObject\",\"inLanguage\":\"it-IT\",\"@id\":\"https:\\\/\\\/www.livemag.it\\\/index.php\\\/2025\\\/12\\\/09\\\/unitelmasapienza-nuovo-anno-accademico-al-via-con-un-focus-sullia\\\/#primaryimage\",\"url\":\"https:\\\/\\\/www.livemag.it\\\/wp-content\\\/uploads\\\/2025\\\/12\\\/20251209_3387.jpg\",\"contentUrl\":\"https:\\\/\\\/www.livemag.it\\\/wp-content\\\/uploads\\\/2025\\\/12\\\/20251209_3387.jpg\",\"width\":1024,\"height\":832},{\"@type\":\"BreadcrumbList\",\"@id\":\"https:\\\/\\\/www.livemag.it\\\/index.php\\\/2025\\\/12\\\/09\\\/unitelmasapienza-nuovo-anno-accademico-al-via-con-un-focus-sullia\\\/#breadcrumb\",\"itemListElement\":[{\"@type\":\"ListItem\",\"position\":1,\"name\":\"Home\",\"item\":\"https:\\\/\\\/www.livemag.it\\\/\"},{\"@type\":\"ListItem\",\"position\":2,\"name\":\"UnitelmaSapienza, nuovo anno accademico al via con un focus sull\u2019IA\"}]},{\"@type\":\"WebSite\",\"@id\":\"https:\\\/\\\/www.livemag.it\\\/#website\",\"url\":\"https:\\\/\\\/www.livemag.it\\\/\",\"name\":\"Live Magazine\",\"description\":\"Varie ed eventi\",\"publisher\":{\"@id\":\"https:\\\/\\\/www.livemag.it\\\/#organization\"},\"potentialAction\":[{\"@type\":\"SearchAction\",\"target\":{\"@type\":\"EntryPoint\",\"urlTemplate\":\"https:\\\/\\\/www.livemag.it\\\/?s={search_term_string}\"},\"query-input\":{\"@type\":\"PropertyValueSpecification\",\"valueRequired\":true,\"valueName\":\"search_term_string\"}}],\"inLanguage\":\"it-IT\"},{\"@type\":\"Organization\",\"@id\":\"https:\\\/\\\/www.livemag.it\\\/#organization\",\"name\":\"LiveMag\",\"alternateName\":\"LiveMag News ed eventi\",\"url\":\"https:\\\/\\\/www.livemag.it\\\/\",\"logo\":{\"@type\":\"ImageObject\",\"inLanguage\":\"it-IT\",\"@id\":\"https:\\\/\\\/www.livemag.it\\\/#\\\/schema\\\/logo\\\/image\\\/\",\"url\":\"https:\\\/\\\/www.livemag.it\\\/wp-content\\\/uploads\\\/2024\\\/02\\\/immagine-sito.jpg\",\"contentUrl\":\"https:\\\/\\\/www.livemag.it\\\/wp-content\\\/uploads\\\/2024\\\/02\\\/immagine-sito.jpg\",\"width\":696,\"height\":696,\"caption\":\"LiveMag\"},\"image\":{\"@id\":\"https:\\\/\\\/www.livemag.it\\\/#\\\/schema\\\/logo\\\/image\\\/\"},\"sameAs\":[\"https:\\\/\\\/www.facebook.com\\\/LiveMag\\\/\",\"https:\\\/\\\/x.com\\\/LiveNotizie\",\"https:\\\/\\\/www.instagram.com\\\/livemag\\\/\"]},{\"@type\":\"Person\",\"@id\":\"https:\\\/\\\/www.livemag.it\\\/#\\\/schema\\\/person\\\/b62c5f44451fdcdaeb0afe6c2424e73c\",\"name\":\"italpress\",\"image\":{\"@type\":\"ImageObject\",\"inLanguage\":\"it-IT\",\"@id\":\"https:\\\/\\\/secure.gravatar.com\\\/avatar\\\/b6a21695fc713ce7ee312cf57c97e2e641feb365be72d8745574d3c3e2b59066?s=96&r=g\",\"url\":\"https:\\\/\\\/secure.gravatar.com\\\/avatar\\\/b6a21695fc713ce7ee312cf57c97e2e641feb365be72d8745574d3c3e2b59066?s=96&r=g\",\"contentUrl\":\"https:\\\/\\\/secure.gravatar.com\\\/avatar\\\/b6a21695fc713ce7ee312cf57c97e2e641feb365be72d8745574d3c3e2b59066?s=96&r=g\",\"caption\":\"italpress\"},\"description\":\"Italpress \u00e8 un'agenzia di stampa italiana a carattere nazionale.\",\"url\":\"https:\\\/\\\/www.livemag.it\\\/index.php\\\/author\\\/italpress\\\/\"}]}<\/script>\n<!-- \/ Yoast SEO plugin. -->","yoast_head_json":{"title":"UnitelmaSapienza, nuovo anno accademico al via con un focus sull\u2019IA - Live Magazine","robots":{"index":"index","follow":"follow","max-snippet":"max-snippet:-1","max-image-preview":"max-image-preview:large","max-video-preview":"max-video-preview:-1"},"canonical":"https:\/\/www.livemag.it\/index.php\/2025\/12\/09\/unitelmasapienza-nuovo-anno-accademico-al-via-con-un-focus-sullia\/","og_locale":"it_IT","og_type":"article","og_title":"UnitelmaSapienza, nuovo anno accademico al via con un focus sull\u2019IA - Live Magazine","og_description":"ROMA (ITALPRESS) \u2013 UnitelmaSapienza fra tradizioni e novit\u00e0. L\u2019ateneo telematico romano ha inaugurato il ventunesimo anno accademico nel corso di un evento alla presenza del Rettore di UnitelmaSapienza, Bruno Botta, e della Rettrice della Sapienza, Antonella Polimeni. Un\u2019universit\u00e0 che punta a mantenere i suoi punti di forza, certificati di recente in alcune classifiche di settore, [&hellip;]","og_url":"https:\/\/www.livemag.it\/index.php\/2025\/12\/09\/unitelmasapienza-nuovo-anno-accademico-al-via-con-un-focus-sullia\/","og_site_name":"Live Magazine","article_publisher":"https:\/\/www.facebook.com\/LiveMag\/","article_published_time":"2025-12-09T17:03:28+00:00","og_image":[{"width":1200,"height":675,"url":"https:\/\/www.livemag.it\/wp-content\/uploads\/2024\/02\/ograph.jpg","type":"image\/jpeg"}],"author":"italpress","twitter_card":"summary_large_image","twitter_creator":"@LiveNotizie","twitter_site":"@LiveNotizie","twitter_misc":{"Scritto da":"italpress","Tempo di lettura stimato":"2 minuti"},"schema":{"@context":"https:\/\/schema.org","@graph":[{"@type":"Article","@id":"https:\/\/www.livemag.it\/index.php\/2025\/12\/09\/unitelmasapienza-nuovo-anno-accademico-al-via-con-un-focus-sullia\/#article","isPartOf":{"@id":"https:\/\/www.livemag.it\/index.php\/2025\/12\/09\/unitelmasapienza-nuovo-anno-accademico-al-via-con-un-focus-sullia\/"},"author":{"name":"italpress","@id":"https:\/\/www.livemag.it\/#\/schema\/person\/b62c5f44451fdcdaeb0afe6c2424e73c"},"headline":"UnitelmaSapienza, nuovo anno accademico al via con un focus sull\u2019IA","datePublished":"2025-12-09T17:03:28+00:00","mainEntityOfPage":{"@id":"https:\/\/www.livemag.it\/index.php\/2025\/12\/09\/unitelmasapienza-nuovo-anno-accademico-al-via-con-un-focus-sullia\/"},"wordCount":490,"publisher":{"@id":"https:\/\/www.livemag.it\/#organization"},"image":{"@id":"https:\/\/www.livemag.it\/index.php\/2025\/12\/09\/unitelmasapienza-nuovo-anno-accademico-al-via-con-un-focus-sullia\/#primaryimage"},"thumbnailUrl":"https:\/\/www.livemag.it\/wp-content\/uploads\/2025\/12\/20251209_3387.jpg","articleSection":["Mondo"],"inLanguage":"it-IT"},{"@type":"WebPage","@id":"https:\/\/www.livemag.it\/index.php\/2025\/12\/09\/unitelmasapienza-nuovo-anno-accademico-al-via-con-un-focus-sullia\/","url":"https:\/\/www.livemag.it\/index.php\/2025\/12\/09\/unitelmasapienza-nuovo-anno-accademico-al-via-con-un-focus-sullia\/","name":"UnitelmaSapienza, nuovo anno accademico al via con un focus sull\u2019IA - Live Magazine","isPartOf":{"@id":"https:\/\/www.livemag.it\/#website"},"primaryImageOfPage":{"@id":"https:\/\/www.livemag.it\/index.php\/2025\/12\/09\/unitelmasapienza-nuovo-anno-accademico-al-via-con-un-focus-sullia\/#primaryimage"},"image":{"@id":"https:\/\/www.livemag.it\/index.php\/2025\/12\/09\/unitelmasapienza-nuovo-anno-accademico-al-via-con-un-focus-sullia\/#primaryimage"},"thumbnailUrl":"https:\/\/www.livemag.it\/wp-content\/uploads\/2025\/12\/20251209_3387.jpg","datePublished":"2025-12-09T17:03:28+00:00","breadcrumb":{"@id":"https:\/\/www.livemag.it\/index.php\/2025\/12\/09\/unitelmasapienza-nuovo-anno-accademico-al-via-con-un-focus-sullia\/#breadcrumb"},"inLanguage":"it-IT","potentialAction":[{"@type":"ReadAction","target":["https:\/\/www.livemag.it\/index.php\/2025\/12\/09\/unitelmasapienza-nuovo-anno-accademico-al-via-con-un-focus-sullia\/"]}]},{"@type":"ImageObject","inLanguage":"it-IT","@id":"https:\/\/www.livemag.it\/index.php\/2025\/12\/09\/unitelmasapienza-nuovo-anno-accademico-al-via-con-un-focus-sullia\/#primaryimage","url":"https:\/\/www.livemag.it\/wp-content\/uploads\/2025\/12\/20251209_3387.jpg","contentUrl":"https:\/\/www.livemag.it\/wp-content\/uploads\/2025\/12\/20251209_3387.jpg","width":1024,"height":832},{"@type":"BreadcrumbList","@id":"https:\/\/www.livemag.it\/index.php\/2025\/12\/09\/unitelmasapienza-nuovo-anno-accademico-al-via-con-un-focus-sullia\/#breadcrumb","itemListElement":[{"@type":"ListItem","position":1,"name":"Home","item":"https:\/\/www.livemag.it\/"},{"@type":"ListItem","position":2,"name":"UnitelmaSapienza, nuovo anno accademico al via con un focus sull\u2019IA"}]},{"@type":"WebSite","@id":"https:\/\/www.livemag.it\/#website","url":"https:\/\/www.livemag.it\/","name":"Live Magazine","description":"Varie ed eventi","publisher":{"@id":"https:\/\/www.livemag.it\/#organization"},"potentialAction":[{"@type":"SearchAction","target":{"@type":"EntryPoint","urlTemplate":"https:\/\/www.livemag.it\/?s={search_term_string}"},"query-input":{"@type":"PropertyValueSpecification","valueRequired":true,"valueName":"search_term_string"}}],"inLanguage":"it-IT"},{"@type":"Organization","@id":"https:\/\/www.livemag.it\/#organization","name":"LiveMag","alternateName":"LiveMag News ed eventi","url":"https:\/\/www.livemag.it\/","logo":{"@type":"ImageObject","inLanguage":"it-IT","@id":"https:\/\/www.livemag.it\/#\/schema\/logo\/image\/","url":"https:\/\/www.livemag.it\/wp-content\/uploads\/2024\/02\/immagine-sito.jpg","contentUrl":"https:\/\/www.livemag.it\/wp-content\/uploads\/2024\/02\/immagine-sito.jpg","width":696,"height":696,"caption":"LiveMag"},"image":{"@id":"https:\/\/www.livemag.it\/#\/schema\/logo\/image\/"},"sameAs":["https:\/\/www.facebook.com\/LiveMag\/","https:\/\/x.com\/LiveNotizie","https:\/\/www.instagram.com\/livemag\/"]},{"@type":"Person","@id":"https:\/\/www.livemag.it\/#\/schema\/person\/b62c5f44451fdcdaeb0afe6c2424e73c","name":"italpress","image":{"@type":"ImageObject","inLanguage":"it-IT","@id":"https:\/\/secure.gravatar.com\/avatar\/b6a21695fc713ce7ee312cf57c97e2e641feb365be72d8745574d3c3e2b59066?s=96&r=g","url":"https:\/\/secure.gravatar.com\/avatar\/b6a21695fc713ce7ee312cf57c97e2e641feb365be72d8745574d3c3e2b59066?s=96&r=g","contentUrl":"https:\/\/secure.gravatar.com\/avatar\/b6a21695fc713ce7ee312cf57c97e2e641feb365be72d8745574d3c3e2b59066?s=96&r=g","caption":"italpress"},"description":"Italpress \u00e8 un'agenzia di stampa italiana a carattere nazionale.","url":"https:\/\/www.livemag.it\/index.php\/author\/italpress\/"}]}},"jetpack_featured_media_url":"https:\/\/www.livemag.it\/wp-content\/uploads\/2025\/12\/20251209_3387.jpg","_links":{"self":[{"href":"https:\/\/www.livemag.it\/index.php\/wp-json\/wp\/v2\/posts\/65089","targetHints":{"allow":["GET"]}}],"collection":[{"href":"https:\/\/www.livemag.it\/index.php\/wp-json\/wp\/v2\/posts"}],"about":[{"href":"https:\/\/www.livemag.it\/index.php\/wp-json\/wp\/v2\/types\/post"}],"author":[{"embeddable":true,"href":"https:\/\/www.livemag.it\/index.php\/wp-json\/wp\/v2\/users\/16"}],"replies":[{"embeddable":true,"href":"https:\/\/www.livemag.it\/index.php\/wp-json\/wp\/v2\/comments?post=65089"}],"version-history":[{"count":0,"href":"https:\/\/www.livemag.it\/index.php\/wp-json\/wp\/v2\/posts\/65089\/revisions"}],"wp:featuredmedia":[{"embeddable":true,"href":"https:\/\/www.livemag.it\/index.php\/wp-json\/wp\/v2\/media\/65090"}],"wp:attachment":[{"href":"https:\/\/www.livemag.it\/index.php\/wp-json\/wp\/v2\/media?parent=65089"}],"wp:term":[{"taxonomy":"category","embeddable":true,"href":"https:\/\/www.livemag.it\/index.php\/wp-json\/wp\/v2\/categories?post=65089"},{"taxonomy":"post_tag","embeddable":true,"href":"https:\/\/www.livemag.it\/index.php\/wp-json\/wp\/v2\/tags?post=65089"}],"curies":[{"name":"wp","href":"https:\/\/api.w.org\/{rel}","templated":true}]}}