{"id":65025,"date":"2025-12-08T15:02:47","date_gmt":"2025-12-08T14:02:47","guid":{"rendered":"https:\/\/www.livemag.it\/index.php\/2025\/12\/08\/al-gran-gala-di-firenze-celebrate-le-eccellenze-azzurre-del-canottaggio\/"},"modified":"2025-12-08T15:02:47","modified_gmt":"2025-12-08T14:02:47","slug":"al-gran-gala-di-firenze-celebrate-le-eccellenze-azzurre-del-canottaggio","status":"publish","type":"post","link":"https:\/\/www.livemag.it\/index.php\/2025\/12\/08\/al-gran-gala-di-firenze-celebrate-le-eccellenze-azzurre-del-canottaggio\/","title":{"rendered":"Al Gran Gala di Firenze celebrate le eccellenze azzurre del canottaggio"},"content":{"rendered":"<div>\n<p>FIRENZE (ITALPRESS) \u2013 Il Salone dei Cinquecento di Palazzo Vecchio a Firenze per celebrare le eccellenze dell\u2019Italremo.<strong> La Federcanottaggio rende merito alle medaglie d\u2019oro della stagione 2025 e consegna i premi \u201cProtagonisti\u201d e \u201cPassione per il Canottaggio\u201d<\/strong>. Sul palco 45 azzurri tra campioni mondiali, europei, vincitori di Coppa del Mondo, Universiadi e Coupe de la Jeunesse, insieme a Giacomo Perini che la Fic ha voluto festeggiare dopo la vittoria del ricorso al Tas per l\u2019assegnazione del bronzo vinto sul campo alle Paralimpiadi di Parigi 2024. E poi il gran finale con il quattro di coppia maschile campione mondiale a Shanghai con Luca Chiumento, Luca Rambaldi, Andrea Panizza e Giacomo Gentili e vincitore in Coppa del Mondo a Varese con Matteo Sartori al posto di Chiumento.<\/p>\n<p>\u201c<em>Dopo l\u2019argento di Parigi, tutti quanti ci siamo presi un periodo di pausa<\/em> \u2013 le parole di Gentili \u2013 I<em>o forse pi\u00f9 di tutti, pertanto ringrazio i miei compagni per la fiducia che mi hanno saputo dare nel giusto momento. La serenit\u00e0 raggiunta poco prima del Mondiale e il divertimento che ci regala il nostro sport ci hanno portato l\u2019oro di Shanghai\u201d<\/em>.<em> \u201cOrmai siamo un quartetto rodato da tempo, sappiamo quando dobbiamo rimanere uniti nei momenti di difficolt\u00e0 di un compagno<\/em> \u2013 ha aggiunto Panizza \u2013<em> Sappiamo quando occorre esser pronti per affrontare le gare pi\u00f9 importanti della stagione\u201d<\/em>. Rambaldi ha parlato di<em> \u201canno in salita, gli Europei sono stati la gara peggiore disputata in questi sette anni. Ci \u00e8 servita e fatto capire che dovevamo rimboccarci le maniche e archiviare l\u2019argento di Parigi. Abbiamo costruito una barca veramente solida verso Shanghai, soprattutto durante l\u2019estate, e questo ci ha dato grande forza\u201d.<\/em> Chiumento ha poi sottolineato che<em> \u201camore e passione per il canottaggio mi hanno spinto ad andare sempre avanti, a superare le difficolt\u00e0 registrate quest\u2019anno. La tenacia \u00e8 l\u2019arma in pi\u00f9 che posso metter in campo e offrire ad esempio per i giovani\u201d<\/em>.<\/p>\n<p>Sartori ha infine ringraziato i compagni per la condivisione del loro bagaglio di esperienza. Il 2025 \u00e8 stato anche l\u2019anno della prima medaglia d\u2019oro in Coppa del Mondo nel due senza femminile, l\u2019argento agli Europei, il quarto posto ai Mondiali, oltre al secondo posto nell\u2019otto misto. <em>\u201cC\u2019\u00e8 ancora molto da conquistare, ma il punto di partenza, in direzione Los Angeles 2028, \u00e8 stato piuttosto buono<\/em> \u2013 ha detto Alice Codato \u2013 <em>E\u2019 stato molto bello condividere questa avventura con Laura perch\u00e8 ci siamo divertite molto\u201d<\/em>. Per Laura Meriano,<em> \u201c\u00e8 stata una fortuna trovare da subito questa sintonia con Alice. Ci siamo trovate molto bene, avevamo le stesse idee e filosofia in barca. Cos\u00ec tutto ha funzionato\u201d<\/em>. Ovazione per Giacomo Perini:<em> \u201cPreparare il ricorso non \u00e8 stata una passeggiata di salute ma eravamo certi, grazie ad Aniene, Fic e Cip, di non aver commesso alcun illecito. Pertanto eravamo sereni nell\u2019affrontare una battaglia gi\u00e0 vinta sul campo con il terzo posto. Anno non facile ma sono contento di poter finalmente dire che dopo 16 anni il canottaggio \u00e8 tornato sul podio alle Paralimpiadi\u201d<\/em>.<\/p>\n<p>In campo giovanile spiccano i campioni europei Under 19 dell\u2019otto maschile (Matteo Cecotti, Roberto Valentino Strazzulla, Roberto Terranova, Novak Mitrovic, Pietro Blasig, Mattia Mari, Loris Piscia e Federico Bordo, tim. Morgana Maroni), dell\u2019otto femminile (Giorgia Canale, Lara Bernardinello, Elisa Marzella, Marta Ravizza, Margherita Garis, Mariabianca Tosi, Veronica Poletti e Arianna Tosi, timoniera Margherita Fanchi) e del quattro senza femminile (Letizia Martorana, Carolina Cassani, Matilde Orsetti, Elisa Marconcini). Applausi per il due senza di Neve Aroldi e Aurora Gerosa, oro alla Coupe de la Jeunesse, e per il doppio femminile (Elena Sali, Sar\u00e0 Borghi) e il quattro di coppia misto (Lorenzo Baldo, Alice Ramella, Martina Fanfani e Tommaso Vianello) vincitori delle Universiadi. Capitolo Mondiali Under 23. Ad aprire le danze sono stati Tito Christoforakis e Giacomo Matteucci, iridati nel doppio pesi leggeri maschile, seguiti dalla singolista leggera Melissa Schincariol, dal doppio maschile di Marco Prati e Josef Giorgio Marcuvic. Passerella anche per Marco Selva, campione d\u2019Europa nel singolo maschile. Nel beach Sprint \u00e8 stato festeggiato il titolo continentale Under 19 di Maria Lanciano. Celebrate la SC Gavirate, societ\u00e0 vincitrice della classifica generale 2025 della Coppa Mont\u00f9, e il CC Aniene, leader della classifica nazionale giovanile abbinata al Trofeo d\u2019Aloja. Nel corso della serata sono stati consegnati anche i riconoscimenti ai protagonisti dell\u2019anno: Giudice Arbitro (Jessica Lisi), Dirigente (Andrea Pignoli), Tecnico (Massimiliano Candotti), Equipaggio (quattro di coppia campione mondiale a Shanghai), Giornalista (Franco Morabito), insieme al Premio Azelio Mondini (Giancarlo Muscella) e al Premio Coraggio e Altruismo (Federico Vitale). Premi dedicati alla passione remiera sono andati a Gianluca Atlante, Riccardo Armeni e Antonio Baldacci.<\/p>\n<p><em>\u201cAbbiamo portato il canottaggio nel cuore del Rinascimento, siamo felici di poter celebrare le nostre campionesse e i nostri campioni in questo contesto davvero unico grazie alla collaborazione messa in campo dal Comune e dalla Canottieri Firenze<\/em> \u2013 il commento del presidente federale Davide Tizzano <em>\u2013 Ringrazio tutte le societ\u00e0 di appartenenza di atlete e atleti per lo splendido gioco di squadra con il nostro staff federale. Puntiamo in questo quadriennio ad allargare la famiglia del nostro Canottaggio\u201d.<\/em> Presenti anche il governatore della Toscana Eugenio Giani, l\u2019assessora comunale allo Sport di Firenze Letizia Perini e il segretario generale del Comitato Internazionale dei Giochi del Mediterraneo Iakovos Filippousis.<\/p>\n<p>\u2013 foto ufficio stampa Federcanottaggio \u2013<\/p>\n<p>(ITALPRESS).<\/p>\n<\/div>\n","protected":false},"excerpt":{"rendered":"<p>FIRENZE (ITALPRESS) \u2013 Il Salone dei Cinquecento di Palazzo Vecchio a Firenze per celebrare le eccellenze dell\u2019Italremo. La Federcanottaggio rende merito alle medaglie d\u2019oro della stagione 2025 e consegna i premi \u201cProtagonisti\u201d e \u201cPassione per il Canottaggio\u201d. Sul palco 45 azzurri tra campioni mondiali, europei, vincitori di Coppa del Mondo, Universiadi e Coupe de la [&hellip;]<\/p>\n","protected":false},"author":16,"featured_media":65026,"comment_status":"closed","ping_status":"closed","sticky":false,"template":"","format":"standard","meta":{"jnews-multi-image_gallery":[],"jnews_single_post":[],"jnews_primary_category":[],"jnews_social_meta":[],"jnews_override_counter":[],"jnews_post_split":[],"footnotes":""},"categories":[1129],"tags":[],"class_list":["post-65025","post","type-post","status-publish","format-standard","has-post-thumbnail","hentry","category-mondo"],"yoast_head":"<!-- This site is optimized with the Yoast SEO plugin v27.5 - https:\/\/yoast.com\/product\/yoast-seo-wordpress\/ -->\n<title>Al Gran Gala di Firenze celebrate le eccellenze azzurre del canottaggio - Live Magazine<\/title>\n<meta name=\"robots\" content=\"index, follow, max-snippet:-1, max-image-preview:large, max-video-preview:-1\" \/>\n<link rel=\"canonical\" href=\"https:\/\/www.livemag.it\/index.php\/2025\/12\/08\/al-gran-gala-di-firenze-celebrate-le-eccellenze-azzurre-del-canottaggio\/\" \/>\n<meta property=\"og:locale\" content=\"it_IT\" \/>\n<meta property=\"og:type\" content=\"article\" \/>\n<meta property=\"og:title\" content=\"Al Gran Gala di Firenze celebrate le eccellenze azzurre del canottaggio - Live Magazine\" \/>\n<meta property=\"og:description\" content=\"FIRENZE (ITALPRESS) \u2013 Il Salone dei Cinquecento di Palazzo Vecchio a Firenze per celebrare le eccellenze dell\u2019Italremo. La Federcanottaggio rende merito alle medaglie d\u2019oro della stagione 2025 e consegna i premi \u201cProtagonisti\u201d e \u201cPassione per il Canottaggio\u201d. Sul palco 45 azzurri tra campioni mondiali, europei, vincitori di Coppa del Mondo, Universiadi e Coupe de la [&hellip;]\" \/>\n<meta property=\"og:url\" content=\"https:\/\/www.livemag.it\/index.php\/2025\/12\/08\/al-gran-gala-di-firenze-celebrate-le-eccellenze-azzurre-del-canottaggio\/\" \/>\n<meta property=\"og:site_name\" content=\"Live Magazine\" \/>\n<meta property=\"article:publisher\" content=\"https:\/\/www.facebook.com\/LiveMag\/\" \/>\n<meta property=\"article:published_time\" content=\"2025-12-08T14:02:47+00:00\" \/>\n<meta property=\"og:image\" content=\"https:\/\/www.livemag.it\/wp-content\/uploads\/2024\/02\/ograph.jpg\" \/>\n\t<meta property=\"og:image:width\" content=\"1200\" \/>\n\t<meta property=\"og:image:height\" content=\"675\" \/>\n\t<meta property=\"og:image:type\" content=\"image\/jpeg\" \/>\n<meta name=\"author\" content=\"italpress\" \/>\n<meta name=\"twitter:card\" content=\"summary_large_image\" \/>\n<meta name=\"twitter:creator\" content=\"@LiveNotizie\" \/>\n<meta name=\"twitter:site\" content=\"@LiveNotizie\" \/>\n<meta name=\"twitter:label1\" content=\"Scritto da\" \/>\n\t<meta name=\"twitter:data1\" content=\"italpress\" \/>\n\t<meta name=\"twitter:label2\" content=\"Tempo di lettura stimato\" \/>\n\t<meta name=\"twitter:data2\" content=\"4 minuti\" \/>\n<script type=\"application\/ld+json\" class=\"yoast-schema-graph\">{\"@context\":\"https:\\\/\\\/schema.org\",\"@graph\":[{\"@type\":\"Article\",\"@id\":\"https:\\\/\\\/www.livemag.it\\\/index.php\\\/2025\\\/12\\\/08\\\/al-gran-gala-di-firenze-celebrate-le-eccellenze-azzurre-del-canottaggio\\\/#article\",\"isPartOf\":{\"@id\":\"https:\\\/\\\/www.livemag.it\\\/index.php\\\/2025\\\/12\\\/08\\\/al-gran-gala-di-firenze-celebrate-le-eccellenze-azzurre-del-canottaggio\\\/\"},\"author\":{\"name\":\"italpress\",\"@id\":\"https:\\\/\\\/www.livemag.it\\\/#\\\/schema\\\/person\\\/b62c5f44451fdcdaeb0afe6c2424e73c\"},\"headline\":\"Al Gran Gala di Firenze celebrate le eccellenze azzurre del canottaggio\",\"datePublished\":\"2025-12-08T14:02:47+00:00\",\"mainEntityOfPage\":{\"@id\":\"https:\\\/\\\/www.livemag.it\\\/index.php\\\/2025\\\/12\\\/08\\\/al-gran-gala-di-firenze-celebrate-le-eccellenze-azzurre-del-canottaggio\\\/\"},\"wordCount\":878,\"publisher\":{\"@id\":\"https:\\\/\\\/www.livemag.it\\\/#organization\"},\"image\":{\"@id\":\"https:\\\/\\\/www.livemag.it\\\/index.php\\\/2025\\\/12\\\/08\\\/al-gran-gala-di-firenze-celebrate-le-eccellenze-azzurre-del-canottaggio\\\/#primaryimage\"},\"thumbnailUrl\":\"https:\\\/\\\/www.livemag.it\\\/wp-content\\\/uploads\\\/2025\\\/12\\\/20251208_0225.jpg\",\"articleSection\":[\"Mondo\"],\"inLanguage\":\"it-IT\"},{\"@type\":\"WebPage\",\"@id\":\"https:\\\/\\\/www.livemag.it\\\/index.php\\\/2025\\\/12\\\/08\\\/al-gran-gala-di-firenze-celebrate-le-eccellenze-azzurre-del-canottaggio\\\/\",\"url\":\"https:\\\/\\\/www.livemag.it\\\/index.php\\\/2025\\\/12\\\/08\\\/al-gran-gala-di-firenze-celebrate-le-eccellenze-azzurre-del-canottaggio\\\/\",\"name\":\"Al Gran Gala di Firenze celebrate le eccellenze azzurre del canottaggio - Live Magazine\",\"isPartOf\":{\"@id\":\"https:\\\/\\\/www.livemag.it\\\/#website\"},\"primaryImageOfPage\":{\"@id\":\"https:\\\/\\\/www.livemag.it\\\/index.php\\\/2025\\\/12\\\/08\\\/al-gran-gala-di-firenze-celebrate-le-eccellenze-azzurre-del-canottaggio\\\/#primaryimage\"},\"image\":{\"@id\":\"https:\\\/\\\/www.livemag.it\\\/index.php\\\/2025\\\/12\\\/08\\\/al-gran-gala-di-firenze-celebrate-le-eccellenze-azzurre-del-canottaggio\\\/#primaryimage\"},\"thumbnailUrl\":\"https:\\\/\\\/www.livemag.it\\\/wp-content\\\/uploads\\\/2025\\\/12\\\/20251208_0225.jpg\",\"datePublished\":\"2025-12-08T14:02:47+00:00\",\"breadcrumb\":{\"@id\":\"https:\\\/\\\/www.livemag.it\\\/index.php\\\/2025\\\/12\\\/08\\\/al-gran-gala-di-firenze-celebrate-le-eccellenze-azzurre-del-canottaggio\\\/#breadcrumb\"},\"inLanguage\":\"it-IT\",\"potentialAction\":[{\"@type\":\"ReadAction\",\"target\":[\"https:\\\/\\\/www.livemag.it\\\/index.php\\\/2025\\\/12\\\/08\\\/al-gran-gala-di-firenze-celebrate-le-eccellenze-azzurre-del-canottaggio\\\/\"]}]},{\"@type\":\"ImageObject\",\"inLanguage\":\"it-IT\",\"@id\":\"https:\\\/\\\/www.livemag.it\\\/index.php\\\/2025\\\/12\\\/08\\\/al-gran-gala-di-firenze-celebrate-le-eccellenze-azzurre-del-canottaggio\\\/#primaryimage\",\"url\":\"https:\\\/\\\/www.livemag.it\\\/wp-content\\\/uploads\\\/2025\\\/12\\\/20251208_0225.jpg\",\"contentUrl\":\"https:\\\/\\\/www.livemag.it\\\/wp-content\\\/uploads\\\/2025\\\/12\\\/20251208_0225.jpg\",\"width\":1200,\"height\":801},{\"@type\":\"BreadcrumbList\",\"@id\":\"https:\\\/\\\/www.livemag.it\\\/index.php\\\/2025\\\/12\\\/08\\\/al-gran-gala-di-firenze-celebrate-le-eccellenze-azzurre-del-canottaggio\\\/#breadcrumb\",\"itemListElement\":[{\"@type\":\"ListItem\",\"position\":1,\"name\":\"Home\",\"item\":\"https:\\\/\\\/www.livemag.it\\\/\"},{\"@type\":\"ListItem\",\"position\":2,\"name\":\"Al Gran Gala di Firenze celebrate le eccellenze azzurre del canottaggio\"}]},{\"@type\":\"WebSite\",\"@id\":\"https:\\\/\\\/www.livemag.it\\\/#website\",\"url\":\"https:\\\/\\\/www.livemag.it\\\/\",\"name\":\"Live Magazine\",\"description\":\"Varie ed eventi\",\"publisher\":{\"@id\":\"https:\\\/\\\/www.livemag.it\\\/#organization\"},\"potentialAction\":[{\"@type\":\"SearchAction\",\"target\":{\"@type\":\"EntryPoint\",\"urlTemplate\":\"https:\\\/\\\/www.livemag.it\\\/?s={search_term_string}\"},\"query-input\":{\"@type\":\"PropertyValueSpecification\",\"valueRequired\":true,\"valueName\":\"search_term_string\"}}],\"inLanguage\":\"it-IT\"},{\"@type\":\"Organization\",\"@id\":\"https:\\\/\\\/www.livemag.it\\\/#organization\",\"name\":\"LiveMag\",\"alternateName\":\"LiveMag News ed eventi\",\"url\":\"https:\\\/\\\/www.livemag.it\\\/\",\"logo\":{\"@type\":\"ImageObject\",\"inLanguage\":\"it-IT\",\"@id\":\"https:\\\/\\\/www.livemag.it\\\/#\\\/schema\\\/logo\\\/image\\\/\",\"url\":\"https:\\\/\\\/www.livemag.it\\\/wp-content\\\/uploads\\\/2024\\\/02\\\/immagine-sito.jpg\",\"contentUrl\":\"https:\\\/\\\/www.livemag.it\\\/wp-content\\\/uploads\\\/2024\\\/02\\\/immagine-sito.jpg\",\"width\":696,\"height\":696,\"caption\":\"LiveMag\"},\"image\":{\"@id\":\"https:\\\/\\\/www.livemag.it\\\/#\\\/schema\\\/logo\\\/image\\\/\"},\"sameAs\":[\"https:\\\/\\\/www.facebook.com\\\/LiveMag\\\/\",\"https:\\\/\\\/x.com\\\/LiveNotizie\",\"https:\\\/\\\/www.instagram.com\\\/livemag\\\/\"]},{\"@type\":\"Person\",\"@id\":\"https:\\\/\\\/www.livemag.it\\\/#\\\/schema\\\/person\\\/b62c5f44451fdcdaeb0afe6c2424e73c\",\"name\":\"italpress\",\"image\":{\"@type\":\"ImageObject\",\"inLanguage\":\"it-IT\",\"@id\":\"https:\\\/\\\/secure.gravatar.com\\\/avatar\\\/b6a21695fc713ce7ee312cf57c97e2e641feb365be72d8745574d3c3e2b59066?s=96&r=g\",\"url\":\"https:\\\/\\\/secure.gravatar.com\\\/avatar\\\/b6a21695fc713ce7ee312cf57c97e2e641feb365be72d8745574d3c3e2b59066?s=96&r=g\",\"contentUrl\":\"https:\\\/\\\/secure.gravatar.com\\\/avatar\\\/b6a21695fc713ce7ee312cf57c97e2e641feb365be72d8745574d3c3e2b59066?s=96&r=g\",\"caption\":\"italpress\"},\"description\":\"Italpress \u00e8 un'agenzia di stampa italiana a carattere nazionale.\",\"url\":\"https:\\\/\\\/www.livemag.it\\\/index.php\\\/author\\\/italpress\\\/\"}]}<\/script>\n<!-- \/ Yoast SEO plugin. -->","yoast_head_json":{"title":"Al Gran Gala di Firenze celebrate le eccellenze azzurre del canottaggio - Live Magazine","robots":{"index":"index","follow":"follow","max-snippet":"max-snippet:-1","max-image-preview":"max-image-preview:large","max-video-preview":"max-video-preview:-1"},"canonical":"https:\/\/www.livemag.it\/index.php\/2025\/12\/08\/al-gran-gala-di-firenze-celebrate-le-eccellenze-azzurre-del-canottaggio\/","og_locale":"it_IT","og_type":"article","og_title":"Al Gran Gala di Firenze celebrate le eccellenze azzurre del canottaggio - Live Magazine","og_description":"FIRENZE (ITALPRESS) \u2013 Il Salone dei Cinquecento di Palazzo Vecchio a Firenze per celebrare le eccellenze dell\u2019Italremo. La Federcanottaggio rende merito alle medaglie d\u2019oro della stagione 2025 e consegna i premi \u201cProtagonisti\u201d e \u201cPassione per il Canottaggio\u201d. Sul palco 45 azzurri tra campioni mondiali, europei, vincitori di Coppa del Mondo, Universiadi e Coupe de la [&hellip;]","og_url":"https:\/\/www.livemag.it\/index.php\/2025\/12\/08\/al-gran-gala-di-firenze-celebrate-le-eccellenze-azzurre-del-canottaggio\/","og_site_name":"Live Magazine","article_publisher":"https:\/\/www.facebook.com\/LiveMag\/","article_published_time":"2025-12-08T14:02:47+00:00","og_image":[{"width":1200,"height":675,"url":"https:\/\/www.livemag.it\/wp-content\/uploads\/2024\/02\/ograph.jpg","type":"image\/jpeg"}],"author":"italpress","twitter_card":"summary_large_image","twitter_creator":"@LiveNotizie","twitter_site":"@LiveNotizie","twitter_misc":{"Scritto da":"italpress","Tempo di lettura stimato":"4 minuti"},"schema":{"@context":"https:\/\/schema.org","@graph":[{"@type":"Article","@id":"https:\/\/www.livemag.it\/index.php\/2025\/12\/08\/al-gran-gala-di-firenze-celebrate-le-eccellenze-azzurre-del-canottaggio\/#article","isPartOf":{"@id":"https:\/\/www.livemag.it\/index.php\/2025\/12\/08\/al-gran-gala-di-firenze-celebrate-le-eccellenze-azzurre-del-canottaggio\/"},"author":{"name":"italpress","@id":"https:\/\/www.livemag.it\/#\/schema\/person\/b62c5f44451fdcdaeb0afe6c2424e73c"},"headline":"Al Gran Gala di Firenze celebrate le eccellenze azzurre del canottaggio","datePublished":"2025-12-08T14:02:47+00:00","mainEntityOfPage":{"@id":"https:\/\/www.livemag.it\/index.php\/2025\/12\/08\/al-gran-gala-di-firenze-celebrate-le-eccellenze-azzurre-del-canottaggio\/"},"wordCount":878,"publisher":{"@id":"https:\/\/www.livemag.it\/#organization"},"image":{"@id":"https:\/\/www.livemag.it\/index.php\/2025\/12\/08\/al-gran-gala-di-firenze-celebrate-le-eccellenze-azzurre-del-canottaggio\/#primaryimage"},"thumbnailUrl":"https:\/\/www.livemag.it\/wp-content\/uploads\/2025\/12\/20251208_0225.jpg","articleSection":["Mondo"],"inLanguage":"it-IT"},{"@type":"WebPage","@id":"https:\/\/www.livemag.it\/index.php\/2025\/12\/08\/al-gran-gala-di-firenze-celebrate-le-eccellenze-azzurre-del-canottaggio\/","url":"https:\/\/www.livemag.it\/index.php\/2025\/12\/08\/al-gran-gala-di-firenze-celebrate-le-eccellenze-azzurre-del-canottaggio\/","name":"Al Gran Gala di Firenze celebrate le eccellenze azzurre del canottaggio - Live Magazine","isPartOf":{"@id":"https:\/\/www.livemag.it\/#website"},"primaryImageOfPage":{"@id":"https:\/\/www.livemag.it\/index.php\/2025\/12\/08\/al-gran-gala-di-firenze-celebrate-le-eccellenze-azzurre-del-canottaggio\/#primaryimage"},"image":{"@id":"https:\/\/www.livemag.it\/index.php\/2025\/12\/08\/al-gran-gala-di-firenze-celebrate-le-eccellenze-azzurre-del-canottaggio\/#primaryimage"},"thumbnailUrl":"https:\/\/www.livemag.it\/wp-content\/uploads\/2025\/12\/20251208_0225.jpg","datePublished":"2025-12-08T14:02:47+00:00","breadcrumb":{"@id":"https:\/\/www.livemag.it\/index.php\/2025\/12\/08\/al-gran-gala-di-firenze-celebrate-le-eccellenze-azzurre-del-canottaggio\/#breadcrumb"},"inLanguage":"it-IT","potentialAction":[{"@type":"ReadAction","target":["https:\/\/www.livemag.it\/index.php\/2025\/12\/08\/al-gran-gala-di-firenze-celebrate-le-eccellenze-azzurre-del-canottaggio\/"]}]},{"@type":"ImageObject","inLanguage":"it-IT","@id":"https:\/\/www.livemag.it\/index.php\/2025\/12\/08\/al-gran-gala-di-firenze-celebrate-le-eccellenze-azzurre-del-canottaggio\/#primaryimage","url":"https:\/\/www.livemag.it\/wp-content\/uploads\/2025\/12\/20251208_0225.jpg","contentUrl":"https:\/\/www.livemag.it\/wp-content\/uploads\/2025\/12\/20251208_0225.jpg","width":1200,"height":801},{"@type":"BreadcrumbList","@id":"https:\/\/www.livemag.it\/index.php\/2025\/12\/08\/al-gran-gala-di-firenze-celebrate-le-eccellenze-azzurre-del-canottaggio\/#breadcrumb","itemListElement":[{"@type":"ListItem","position":1,"name":"Home","item":"https:\/\/www.livemag.it\/"},{"@type":"ListItem","position":2,"name":"Al Gran Gala di Firenze celebrate le eccellenze azzurre del canottaggio"}]},{"@type":"WebSite","@id":"https:\/\/www.livemag.it\/#website","url":"https:\/\/www.livemag.it\/","name":"Live Magazine","description":"Varie ed eventi","publisher":{"@id":"https:\/\/www.livemag.it\/#organization"},"potentialAction":[{"@type":"SearchAction","target":{"@type":"EntryPoint","urlTemplate":"https:\/\/www.livemag.it\/?s={search_term_string}"},"query-input":{"@type":"PropertyValueSpecification","valueRequired":true,"valueName":"search_term_string"}}],"inLanguage":"it-IT"},{"@type":"Organization","@id":"https:\/\/www.livemag.it\/#organization","name":"LiveMag","alternateName":"LiveMag News ed eventi","url":"https:\/\/www.livemag.it\/","logo":{"@type":"ImageObject","inLanguage":"it-IT","@id":"https:\/\/www.livemag.it\/#\/schema\/logo\/image\/","url":"https:\/\/www.livemag.it\/wp-content\/uploads\/2024\/02\/immagine-sito.jpg","contentUrl":"https:\/\/www.livemag.it\/wp-content\/uploads\/2024\/02\/immagine-sito.jpg","width":696,"height":696,"caption":"LiveMag"},"image":{"@id":"https:\/\/www.livemag.it\/#\/schema\/logo\/image\/"},"sameAs":["https:\/\/www.facebook.com\/LiveMag\/","https:\/\/x.com\/LiveNotizie","https:\/\/www.instagram.com\/livemag\/"]},{"@type":"Person","@id":"https:\/\/www.livemag.it\/#\/schema\/person\/b62c5f44451fdcdaeb0afe6c2424e73c","name":"italpress","image":{"@type":"ImageObject","inLanguage":"it-IT","@id":"https:\/\/secure.gravatar.com\/avatar\/b6a21695fc713ce7ee312cf57c97e2e641feb365be72d8745574d3c3e2b59066?s=96&r=g","url":"https:\/\/secure.gravatar.com\/avatar\/b6a21695fc713ce7ee312cf57c97e2e641feb365be72d8745574d3c3e2b59066?s=96&r=g","contentUrl":"https:\/\/secure.gravatar.com\/avatar\/b6a21695fc713ce7ee312cf57c97e2e641feb365be72d8745574d3c3e2b59066?s=96&r=g","caption":"italpress"},"description":"Italpress \u00e8 un'agenzia di stampa italiana a carattere nazionale.","url":"https:\/\/www.livemag.it\/index.php\/author\/italpress\/"}]}},"jetpack_featured_media_url":"https:\/\/www.livemag.it\/wp-content\/uploads\/2025\/12\/20251208_0225.jpg","_links":{"self":[{"href":"https:\/\/www.livemag.it\/index.php\/wp-json\/wp\/v2\/posts\/65025","targetHints":{"allow":["GET"]}}],"collection":[{"href":"https:\/\/www.livemag.it\/index.php\/wp-json\/wp\/v2\/posts"}],"about":[{"href":"https:\/\/www.livemag.it\/index.php\/wp-json\/wp\/v2\/types\/post"}],"author":[{"embeddable":true,"href":"https:\/\/www.livemag.it\/index.php\/wp-json\/wp\/v2\/users\/16"}],"replies":[{"embeddable":true,"href":"https:\/\/www.livemag.it\/index.php\/wp-json\/wp\/v2\/comments?post=65025"}],"version-history":[{"count":0,"href":"https:\/\/www.livemag.it\/index.php\/wp-json\/wp\/v2\/posts\/65025\/revisions"}],"wp:featuredmedia":[{"embeddable":true,"href":"https:\/\/www.livemag.it\/index.php\/wp-json\/wp\/v2\/media\/65026"}],"wp:attachment":[{"href":"https:\/\/www.livemag.it\/index.php\/wp-json\/wp\/v2\/media?parent=65025"}],"wp:term":[{"taxonomy":"category","embeddable":true,"href":"https:\/\/www.livemag.it\/index.php\/wp-json\/wp\/v2\/categories?post=65025"},{"taxonomy":"post_tag","embeddable":true,"href":"https:\/\/www.livemag.it\/index.php\/wp-json\/wp\/v2\/tags?post=65025"}],"curies":[{"name":"wp","href":"https:\/\/api.w.org\/{rel}","templated":true}]}}