{"id":64914,"date":"2025-12-06T12:52:43","date_gmt":"2025-12-06T11:52:43","guid":{"rendered":"https:\/\/www.livemag.it\/?p=64914"},"modified":"2025-12-06T12:52:49","modified_gmt":"2025-12-06T11:52:49","slug":"il-classico-di-natale-trasformato-ascoltate-questa-nuova-voce","status":"publish","type":"post","link":"https:\/\/www.livemag.it\/index.php\/2025\/12\/06\/il-classico-di-natale-trasformato-ascoltate-questa-nuova-voce\/","title":{"rendered":"Il classico di Natale trasformato: ascoltate questa nuova voce"},"content":{"rendered":"\n<h2 class=\"wp-block-heading\">Tony Renis torna protagonista del Natale con una versione rinnovata della sua hit, affidata alla voce cristallina di Dolcevita Noor\u00e8<\/h2>\n\n\n\n<p><strong>Tony Renis<\/strong>, instancabile protagonista della musica italiana, torna alla ribalta con una collaborazione dal sapore natalizio. Il celebre autore e produttore ha infatti rilanciato uno dei suoi brani pi\u00f9 amati, <strong>Merry Christmas in Love<\/strong>, affidandone la nuova interpretazione alla voce raffinata di <strong>Dolcevita Noor\u00e8<\/strong>. L\u2019artista, nome d\u2019arte di <strong>Eleonora Porciatti<\/strong>, \u00e8 la solista del trio vocale <strong>Le Dolce Vita<\/strong>.<\/p>\n\n\n\n<p><strong>Renis<\/strong>, noto per la sua energia senza tempo, continua a sorprendere. <em>\u00abTony Renis avr\u00e0 anche superato gli \u201canta\u201d, ma a mio parere rimane uno dei cantautori pi\u00f9 giovani che ci siano sul mercato: non conosce un attimo di tregua e ha lo stesso entusiasmo di quando io ho iniziato a lavorare, tanti anni fa\u00bb<\/em>, racconta chi lo conosce bene.<\/p>\n\n\n\n<h3 class=\"wp-block-heading\">Una nuova vita per il brano natalizio<\/h3>\n\n\n\n<p>La nuova versione di <strong>Merry Christmas in Love<\/strong> nasce dal desiderio di rinnovare un classico senza tradirne l\u2019anima. L&#8217;interprete americana <strong>Renee Olstead<\/strong> aveva portato al successo internazionale il brano, scritto da <strong>Tony Renis<\/strong> per la musica e da <strong>Marva Jan Marrow<\/strong> per il testo.<\/p>\n\n\n\n<p>Oggi, grazie alla collaborazione con <strong>Tony Labriola<\/strong>, creatore e scopritore del trio <strong>Le Dolce Vita<\/strong>, la canzone si veste di una freschezza moderna. <strong>Dolcevita Noor\u00e8<\/strong> interpreta il brano con eleganza e delicatezza, regalando al pubblico una nuova emozione natalizia.<\/p>\n\n\n\n<h3 class=\"wp-block-heading\">L&#8217;entusiasmo di Tony Renis<\/h3>\n\n\n\n<p><strong>Renis<\/strong> non nasconde l\u2019entusiasmo per il progetto: <em>\u00abRoberto\u00bb<\/em>, racconta, <em>\u00abti piacer\u00e0 senz\u2019altro e questa ragazza \u00e8 davvero un talento: \u00e8 una delizia sentirla cantare\u00bb<\/em>. E le sue parole trovano conferma al primo ascolto di questa versione.<\/p>\n\n\n\n<p>La voce calda e luminosa di <strong>Noor\u00e8<\/strong> si fonde con l\u2019arrangiamento elegante del pezzo, mantenendo intatta la magia originale ma introducendo un tocco contemporaneo. \u00c8 una rielaborazione che unisce tradizione e modernit\u00e0, proprio nello stile di <strong>Renis<\/strong>.<\/p>\n\n\n\n<h3 class=\"wp-block-heading\">Musica ed emozioni sotto l&#8217;albero<\/h3>\n\n\n\n<p>Con questa nuova collaborazione, <strong>Tony Renis<\/strong> conferma ancora una volta la sua capacit\u00e0 di scoprire e valorizzare talenti, senza mai fermarsi davanti al tempo. <em>\u00abAveva ragione: la canzone \u00e8 bellissima (ma quello lo sapevo) e bravissima \u00e8 pure Noor\u00e8\u00bb<\/em>, riporta il comunicato.<\/p>\n\n\n\n<p>Una dichiarazione che sintetizza perfettamente lo spirito di questa rinascita musicale: un <strong>Natale<\/strong> fatto di musica, emozione e condivisione \u2014 come solo <strong>Tony Renis<\/strong> sa fare.<\/p>\n\n\n\n<p><\/p>\n","protected":false},"excerpt":{"rendered":"<p>Tony Renis torna protagonista del Natale con una versione rinnovata della sua hit, affidata alla voce cristallina di Dolcevita Noor\u00e8 Tony Renis, instancabile protagonista della musica italiana, torna alla ribalta con una collaborazione dal sapore natalizio. Il celebre autore e produttore ha infatti rilanciato uno dei suoi brani pi\u00f9 amati, Merry Christmas in Love, affidandone [&hellip;]<\/p>\n","protected":false},"author":20,"featured_media":64917,"comment_status":"open","ping_status":"open","sticky":false,"template":"","format":"standard","meta":{"jnews-multi-image_gallery":[],"jnews_single_post":{"format":"standard"},"jnews_primary_category":[],"jnews_social_meta":[],"jnews_override_counter":[],"jnews_post_split":[],"footnotes":""},"categories":[8,1],"tags":[174,61,6934],"class_list":["post-64914","post","type-post","status-publish","format-standard","has-post-thumbnail","hentry","category-livemusic","category-senza-categoria","tag-musica","tag-natale","tag-tony-renis"],"yoast_head":"<!-- This site is optimized with the Yoast SEO plugin v27.5 - https:\/\/yoast.com\/product\/yoast-seo-wordpress\/ -->\n<title>Il classico di Natale trasformato: ascoltate questa nuova voce<\/title>\n<meta name=\"description\" content=\"Tony Renis, instancabile protagonista della musica italiana, torna alla ribalta con una collaborazione dal sapore natalizio. I\" \/>\n<meta name=\"robots\" content=\"index, follow, max-snippet:-1, max-image-preview:large, max-video-preview:-1\" \/>\n<link rel=\"canonical\" href=\"https:\/\/www.livemag.it\/index.php\/2025\/12\/06\/il-classico-di-natale-trasformato-ascoltate-questa-nuova-voce\/\" \/>\n<meta property=\"og:locale\" content=\"it_IT\" \/>\n<meta property=\"og:type\" content=\"article\" \/>\n<meta property=\"og:title\" content=\"Il classico di Natale trasformato: ascoltate questa nuova voce\" \/>\n<meta property=\"og:description\" content=\"Tony Renis, instancabile protagonista della musica italiana, torna alla ribalta con una collaborazione dal sapore natalizio. I\" \/>\n<meta property=\"og:url\" content=\"https:\/\/www.livemag.it\/index.php\/2025\/12\/06\/il-classico-di-natale-trasformato-ascoltate-questa-nuova-voce\/\" \/>\n<meta property=\"og:site_name\" content=\"Live Magazine\" \/>\n<meta property=\"article:publisher\" content=\"https:\/\/www.facebook.com\/LiveMag\/\" \/>\n<meta property=\"article:published_time\" content=\"2025-12-06T11:52:43+00:00\" \/>\n<meta property=\"article:modified_time\" content=\"2025-12-06T11:52:49+00:00\" \/>\n<meta property=\"og:image\" content=\"https:\/\/www.livemag.it\/wp-content\/uploads\/2025\/12\/Tony-Renis-Novella-2000-PH-Press.png\" \/>\n\t<meta property=\"og:image:width\" content=\"1000\" \/>\n\t<meta property=\"og:image:height\" content=\"667\" \/>\n\t<meta property=\"og:image:type\" content=\"image\/png\" \/>\n<meta name=\"author\" content=\"Mario Altomura\" \/>\n<meta name=\"twitter:card\" content=\"summary_large_image\" \/>\n<meta name=\"twitter:title\" content=\"Il classico di Natale trasformato: ascoltate questa nuova voce\" \/>\n<meta name=\"twitter:description\" content=\"Tony Renis, instancabile protagonista della musica italiana, torna alla ribalta con una collaborazione dal sapore natalizio. I\" \/>\n<meta name=\"twitter:image\" content=\"https:\/\/www.livemag.it\/wp-content\/uploads\/2025\/12\/Tony-Renis-Novella-2000-PH-Press.png\" \/>\n<meta name=\"twitter:creator\" content=\"@LiveNotizie\" \/>\n<meta name=\"twitter:site\" content=\"@LiveNotizie\" \/>\n<meta name=\"twitter:label1\" content=\"Scritto da\" \/>\n\t<meta name=\"twitter:data1\" content=\"Mario Altomura\" \/>\n\t<meta name=\"twitter:label2\" content=\"Tempo di lettura stimato\" \/>\n\t<meta name=\"twitter:data2\" content=\"3 minuti\" \/>\n<script type=\"application\/ld+json\" class=\"yoast-schema-graph\">{\"@context\":\"https:\\\/\\\/schema.org\",\"@graph\":[{\"@type\":\"Article\",\"@id\":\"https:\\\/\\\/www.livemag.it\\\/index.php\\\/2025\\\/12\\\/06\\\/il-classico-di-natale-trasformato-ascoltate-questa-nuova-voce\\\/#article\",\"isPartOf\":{\"@id\":\"https:\\\/\\\/www.livemag.it\\\/index.php\\\/2025\\\/12\\\/06\\\/il-classico-di-natale-trasformato-ascoltate-questa-nuova-voce\\\/\"},\"author\":{\"name\":\"Mario Altomura\",\"@id\":\"https:\\\/\\\/www.livemag.it\\\/#\\\/schema\\\/person\\\/cc097583ef7f4da9e9fe62e8b552ab72\"},\"headline\":\"Il classico di Natale trasformato: ascoltate questa nuova voce\",\"datePublished\":\"2025-12-06T11:52:43+00:00\",\"dateModified\":\"2025-12-06T11:52:49+00:00\",\"mainEntityOfPage\":{\"@id\":\"https:\\\/\\\/www.livemag.it\\\/index.php\\\/2025\\\/12\\\/06\\\/il-classico-di-natale-trasformato-ascoltate-questa-nuova-voce\\\/\"},\"wordCount\":389,\"commentCount\":0,\"publisher\":{\"@id\":\"https:\\\/\\\/www.livemag.it\\\/#organization\"},\"image\":{\"@id\":\"https:\\\/\\\/www.livemag.it\\\/index.php\\\/2025\\\/12\\\/06\\\/il-classico-di-natale-trasformato-ascoltate-questa-nuova-voce\\\/#primaryimage\"},\"thumbnailUrl\":\"https:\\\/\\\/www.livemag.it\\\/wp-content\\\/uploads\\\/2025\\\/12\\\/Tony-Renis-Novella-2000-PH-Press.png\",\"keywords\":[\"musica\",\"natale\",\"Tony Renis\"],\"articleSection\":[\"LiveMusic\"],\"inLanguage\":\"it-IT\",\"potentialAction\":[{\"@type\":\"CommentAction\",\"name\":\"Comment\",\"target\":[\"https:\\\/\\\/www.livemag.it\\\/index.php\\\/2025\\\/12\\\/06\\\/il-classico-di-natale-trasformato-ascoltate-questa-nuova-voce\\\/#respond\"]}]},{\"@type\":\"WebPage\",\"@id\":\"https:\\\/\\\/www.livemag.it\\\/index.php\\\/2025\\\/12\\\/06\\\/il-classico-di-natale-trasformato-ascoltate-questa-nuova-voce\\\/\",\"url\":\"https:\\\/\\\/www.livemag.it\\\/index.php\\\/2025\\\/12\\\/06\\\/il-classico-di-natale-trasformato-ascoltate-questa-nuova-voce\\\/\",\"name\":\"Il classico di Natale trasformato: ascoltate questa nuova voce\",\"isPartOf\":{\"@id\":\"https:\\\/\\\/www.livemag.it\\\/#website\"},\"primaryImageOfPage\":{\"@id\":\"https:\\\/\\\/www.livemag.it\\\/index.php\\\/2025\\\/12\\\/06\\\/il-classico-di-natale-trasformato-ascoltate-questa-nuova-voce\\\/#primaryimage\"},\"image\":{\"@id\":\"https:\\\/\\\/www.livemag.it\\\/index.php\\\/2025\\\/12\\\/06\\\/il-classico-di-natale-trasformato-ascoltate-questa-nuova-voce\\\/#primaryimage\"},\"thumbnailUrl\":\"https:\\\/\\\/www.livemag.it\\\/wp-content\\\/uploads\\\/2025\\\/12\\\/Tony-Renis-Novella-2000-PH-Press.png\",\"datePublished\":\"2025-12-06T11:52:43+00:00\",\"dateModified\":\"2025-12-06T11:52:49+00:00\",\"description\":\"Tony Renis, instancabile protagonista della musica italiana, torna alla ribalta con una collaborazione dal sapore natalizio. I\",\"breadcrumb\":{\"@id\":\"https:\\\/\\\/www.livemag.it\\\/index.php\\\/2025\\\/12\\\/06\\\/il-classico-di-natale-trasformato-ascoltate-questa-nuova-voce\\\/#breadcrumb\"},\"inLanguage\":\"it-IT\",\"potentialAction\":[{\"@type\":\"ReadAction\",\"target\":[\"https:\\\/\\\/www.livemag.it\\\/index.php\\\/2025\\\/12\\\/06\\\/il-classico-di-natale-trasformato-ascoltate-questa-nuova-voce\\\/\"]}]},{\"@type\":\"ImageObject\",\"inLanguage\":\"it-IT\",\"@id\":\"https:\\\/\\\/www.livemag.it\\\/index.php\\\/2025\\\/12\\\/06\\\/il-classico-di-natale-trasformato-ascoltate-questa-nuova-voce\\\/#primaryimage\",\"url\":\"https:\\\/\\\/www.livemag.it\\\/wp-content\\\/uploads\\\/2025\\\/12\\\/Tony-Renis-Novella-2000-PH-Press.png\",\"contentUrl\":\"https:\\\/\\\/www.livemag.it\\\/wp-content\\\/uploads\\\/2025\\\/12\\\/Tony-Renis-Novella-2000-PH-Press.png\",\"width\":1000,\"height\":667},{\"@type\":\"BreadcrumbList\",\"@id\":\"https:\\\/\\\/www.livemag.it\\\/index.php\\\/2025\\\/12\\\/06\\\/il-classico-di-natale-trasformato-ascoltate-questa-nuova-voce\\\/#breadcrumb\",\"itemListElement\":[{\"@type\":\"ListItem\",\"position\":1,\"name\":\"Home\",\"item\":\"https:\\\/\\\/www.livemag.it\\\/\"},{\"@type\":\"ListItem\",\"position\":2,\"name\":\"Il classico di Natale trasformato: ascoltate questa nuova voce\"}]},{\"@type\":\"WebSite\",\"@id\":\"https:\\\/\\\/www.livemag.it\\\/#website\",\"url\":\"https:\\\/\\\/www.livemag.it\\\/\",\"name\":\"Live Magazine\",\"description\":\"Varie ed eventi\",\"publisher\":{\"@id\":\"https:\\\/\\\/www.livemag.it\\\/#organization\"},\"potentialAction\":[{\"@type\":\"SearchAction\",\"target\":{\"@type\":\"EntryPoint\",\"urlTemplate\":\"https:\\\/\\\/www.livemag.it\\\/?s={search_term_string}\"},\"query-input\":{\"@type\":\"PropertyValueSpecification\",\"valueRequired\":true,\"valueName\":\"search_term_string\"}}],\"inLanguage\":\"it-IT\"},{\"@type\":\"Organization\",\"@id\":\"https:\\\/\\\/www.livemag.it\\\/#organization\",\"name\":\"LiveMag\",\"alternateName\":\"LiveMag News ed eventi\",\"url\":\"https:\\\/\\\/www.livemag.it\\\/\",\"logo\":{\"@type\":\"ImageObject\",\"inLanguage\":\"it-IT\",\"@id\":\"https:\\\/\\\/www.livemag.it\\\/#\\\/schema\\\/logo\\\/image\\\/\",\"url\":\"https:\\\/\\\/www.livemag.it\\\/wp-content\\\/uploads\\\/2024\\\/02\\\/immagine-sito.jpg\",\"contentUrl\":\"https:\\\/\\\/www.livemag.it\\\/wp-content\\\/uploads\\\/2024\\\/02\\\/immagine-sito.jpg\",\"width\":696,\"height\":696,\"caption\":\"LiveMag\"},\"image\":{\"@id\":\"https:\\\/\\\/www.livemag.it\\\/#\\\/schema\\\/logo\\\/image\\\/\"},\"sameAs\":[\"https:\\\/\\\/www.facebook.com\\\/LiveMag\\\/\",\"https:\\\/\\\/x.com\\\/LiveNotizie\",\"https:\\\/\\\/www.instagram.com\\\/livemag\\\/\"]},{\"@type\":\"Person\",\"@id\":\"https:\\\/\\\/www.livemag.it\\\/#\\\/schema\\\/person\\\/cc097583ef7f4da9e9fe62e8b552ab72\",\"name\":\"Mario Altomura\",\"image\":{\"@type\":\"ImageObject\",\"inLanguage\":\"it-IT\",\"@id\":\"https:\\\/\\\/secure.gravatar.com\\\/avatar\\\/3c7d3ce72a2bed6bab5e3681d59712a49247bdd227b4ef67de56814084f945dd?s=96&r=g\",\"url\":\"https:\\\/\\\/secure.gravatar.com\\\/avatar\\\/3c7d3ce72a2bed6bab5e3681d59712a49247bdd227b4ef67de56814084f945dd?s=96&r=g\",\"contentUrl\":\"https:\\\/\\\/secure.gravatar.com\\\/avatar\\\/3c7d3ce72a2bed6bab5e3681d59712a49247bdd227b4ef67de56814084f945dd?s=96&r=g\",\"caption\":\"Mario Altomura\"},\"description\":\"fotografo celebrity\",\"url\":\"https:\\\/\\\/www.livemag.it\\\/index.php\\\/author\\\/fabio-scarpati\\\/\"}]}<\/script>\n<!-- \/ Yoast SEO plugin. -->","yoast_head_json":{"title":"Il classico di Natale trasformato: ascoltate questa nuova voce","description":"Tony Renis, instancabile protagonista della musica italiana, torna alla ribalta con una collaborazione dal sapore natalizio. I","robots":{"index":"index","follow":"follow","max-snippet":"max-snippet:-1","max-image-preview":"max-image-preview:large","max-video-preview":"max-video-preview:-1"},"canonical":"https:\/\/www.livemag.it\/index.php\/2025\/12\/06\/il-classico-di-natale-trasformato-ascoltate-questa-nuova-voce\/","og_locale":"it_IT","og_type":"article","og_title":"Il classico di Natale trasformato: ascoltate questa nuova voce","og_description":"Tony Renis, instancabile protagonista della musica italiana, torna alla ribalta con una collaborazione dal sapore natalizio. I","og_url":"https:\/\/www.livemag.it\/index.php\/2025\/12\/06\/il-classico-di-natale-trasformato-ascoltate-questa-nuova-voce\/","og_site_name":"Live Magazine","article_publisher":"https:\/\/www.facebook.com\/LiveMag\/","article_published_time":"2025-12-06T11:52:43+00:00","article_modified_time":"2025-12-06T11:52:49+00:00","og_image":[{"width":1000,"height":667,"url":"https:\/\/www.livemag.it\/wp-content\/uploads\/2025\/12\/Tony-Renis-Novella-2000-PH-Press.png","type":"image\/png"}],"author":"Mario Altomura","twitter_card":"summary_large_image","twitter_title":"Il classico di Natale trasformato: ascoltate questa nuova voce","twitter_description":"Tony Renis, instancabile protagonista della musica italiana, torna alla ribalta con una collaborazione dal sapore natalizio. I","twitter_image":"https:\/\/www.livemag.it\/wp-content\/uploads\/2025\/12\/Tony-Renis-Novella-2000-PH-Press.png","twitter_creator":"@LiveNotizie","twitter_site":"@LiveNotizie","twitter_misc":{"Scritto da":"Mario Altomura","Tempo di lettura stimato":"3 minuti"},"schema":{"@context":"https:\/\/schema.org","@graph":[{"@type":"Article","@id":"https:\/\/www.livemag.it\/index.php\/2025\/12\/06\/il-classico-di-natale-trasformato-ascoltate-questa-nuova-voce\/#article","isPartOf":{"@id":"https:\/\/www.livemag.it\/index.php\/2025\/12\/06\/il-classico-di-natale-trasformato-ascoltate-questa-nuova-voce\/"},"author":{"name":"Mario Altomura","@id":"https:\/\/www.livemag.it\/#\/schema\/person\/cc097583ef7f4da9e9fe62e8b552ab72"},"headline":"Il classico di Natale trasformato: ascoltate questa nuova voce","datePublished":"2025-12-06T11:52:43+00:00","dateModified":"2025-12-06T11:52:49+00:00","mainEntityOfPage":{"@id":"https:\/\/www.livemag.it\/index.php\/2025\/12\/06\/il-classico-di-natale-trasformato-ascoltate-questa-nuova-voce\/"},"wordCount":389,"commentCount":0,"publisher":{"@id":"https:\/\/www.livemag.it\/#organization"},"image":{"@id":"https:\/\/www.livemag.it\/index.php\/2025\/12\/06\/il-classico-di-natale-trasformato-ascoltate-questa-nuova-voce\/#primaryimage"},"thumbnailUrl":"https:\/\/www.livemag.it\/wp-content\/uploads\/2025\/12\/Tony-Renis-Novella-2000-PH-Press.png","keywords":["musica","natale","Tony Renis"],"articleSection":["LiveMusic"],"inLanguage":"it-IT","potentialAction":[{"@type":"CommentAction","name":"Comment","target":["https:\/\/www.livemag.it\/index.php\/2025\/12\/06\/il-classico-di-natale-trasformato-ascoltate-questa-nuova-voce\/#respond"]}]},{"@type":"WebPage","@id":"https:\/\/www.livemag.it\/index.php\/2025\/12\/06\/il-classico-di-natale-trasformato-ascoltate-questa-nuova-voce\/","url":"https:\/\/www.livemag.it\/index.php\/2025\/12\/06\/il-classico-di-natale-trasformato-ascoltate-questa-nuova-voce\/","name":"Il classico di Natale trasformato: ascoltate questa nuova voce","isPartOf":{"@id":"https:\/\/www.livemag.it\/#website"},"primaryImageOfPage":{"@id":"https:\/\/www.livemag.it\/index.php\/2025\/12\/06\/il-classico-di-natale-trasformato-ascoltate-questa-nuova-voce\/#primaryimage"},"image":{"@id":"https:\/\/www.livemag.it\/index.php\/2025\/12\/06\/il-classico-di-natale-trasformato-ascoltate-questa-nuova-voce\/#primaryimage"},"thumbnailUrl":"https:\/\/www.livemag.it\/wp-content\/uploads\/2025\/12\/Tony-Renis-Novella-2000-PH-Press.png","datePublished":"2025-12-06T11:52:43+00:00","dateModified":"2025-12-06T11:52:49+00:00","description":"Tony Renis, instancabile protagonista della musica italiana, torna alla ribalta con una collaborazione dal sapore natalizio. I","breadcrumb":{"@id":"https:\/\/www.livemag.it\/index.php\/2025\/12\/06\/il-classico-di-natale-trasformato-ascoltate-questa-nuova-voce\/#breadcrumb"},"inLanguage":"it-IT","potentialAction":[{"@type":"ReadAction","target":["https:\/\/www.livemag.it\/index.php\/2025\/12\/06\/il-classico-di-natale-trasformato-ascoltate-questa-nuova-voce\/"]}]},{"@type":"ImageObject","inLanguage":"it-IT","@id":"https:\/\/www.livemag.it\/index.php\/2025\/12\/06\/il-classico-di-natale-trasformato-ascoltate-questa-nuova-voce\/#primaryimage","url":"https:\/\/www.livemag.it\/wp-content\/uploads\/2025\/12\/Tony-Renis-Novella-2000-PH-Press.png","contentUrl":"https:\/\/www.livemag.it\/wp-content\/uploads\/2025\/12\/Tony-Renis-Novella-2000-PH-Press.png","width":1000,"height":667},{"@type":"BreadcrumbList","@id":"https:\/\/www.livemag.it\/index.php\/2025\/12\/06\/il-classico-di-natale-trasformato-ascoltate-questa-nuova-voce\/#breadcrumb","itemListElement":[{"@type":"ListItem","position":1,"name":"Home","item":"https:\/\/www.livemag.it\/"},{"@type":"ListItem","position":2,"name":"Il classico di Natale trasformato: ascoltate questa nuova voce"}]},{"@type":"WebSite","@id":"https:\/\/www.livemag.it\/#website","url":"https:\/\/www.livemag.it\/","name":"Live Magazine","description":"Varie ed eventi","publisher":{"@id":"https:\/\/www.livemag.it\/#organization"},"potentialAction":[{"@type":"SearchAction","target":{"@type":"EntryPoint","urlTemplate":"https:\/\/www.livemag.it\/?s={search_term_string}"},"query-input":{"@type":"PropertyValueSpecification","valueRequired":true,"valueName":"search_term_string"}}],"inLanguage":"it-IT"},{"@type":"Organization","@id":"https:\/\/www.livemag.it\/#organization","name":"LiveMag","alternateName":"LiveMag News ed eventi","url":"https:\/\/www.livemag.it\/","logo":{"@type":"ImageObject","inLanguage":"it-IT","@id":"https:\/\/www.livemag.it\/#\/schema\/logo\/image\/","url":"https:\/\/www.livemag.it\/wp-content\/uploads\/2024\/02\/immagine-sito.jpg","contentUrl":"https:\/\/www.livemag.it\/wp-content\/uploads\/2024\/02\/immagine-sito.jpg","width":696,"height":696,"caption":"LiveMag"},"image":{"@id":"https:\/\/www.livemag.it\/#\/schema\/logo\/image\/"},"sameAs":["https:\/\/www.facebook.com\/LiveMag\/","https:\/\/x.com\/LiveNotizie","https:\/\/www.instagram.com\/livemag\/"]},{"@type":"Person","@id":"https:\/\/www.livemag.it\/#\/schema\/person\/cc097583ef7f4da9e9fe62e8b552ab72","name":"Mario Altomura","image":{"@type":"ImageObject","inLanguage":"it-IT","@id":"https:\/\/secure.gravatar.com\/avatar\/3c7d3ce72a2bed6bab5e3681d59712a49247bdd227b4ef67de56814084f945dd?s=96&r=g","url":"https:\/\/secure.gravatar.com\/avatar\/3c7d3ce72a2bed6bab5e3681d59712a49247bdd227b4ef67de56814084f945dd?s=96&r=g","contentUrl":"https:\/\/secure.gravatar.com\/avatar\/3c7d3ce72a2bed6bab5e3681d59712a49247bdd227b4ef67de56814084f945dd?s=96&r=g","caption":"Mario Altomura"},"description":"fotografo celebrity","url":"https:\/\/www.livemag.it\/index.php\/author\/fabio-scarpati\/"}]}},"jetpack_featured_media_url":"https:\/\/www.livemag.it\/wp-content\/uploads\/2025\/12\/Tony-Renis-Novella-2000-PH-Press.png","_links":{"self":[{"href":"https:\/\/www.livemag.it\/index.php\/wp-json\/wp\/v2\/posts\/64914","targetHints":{"allow":["GET"]}}],"collection":[{"href":"https:\/\/www.livemag.it\/index.php\/wp-json\/wp\/v2\/posts"}],"about":[{"href":"https:\/\/www.livemag.it\/index.php\/wp-json\/wp\/v2\/types\/post"}],"author":[{"embeddable":true,"href":"https:\/\/www.livemag.it\/index.php\/wp-json\/wp\/v2\/users\/20"}],"replies":[{"embeddable":true,"href":"https:\/\/www.livemag.it\/index.php\/wp-json\/wp\/v2\/comments?post=64914"}],"version-history":[{"count":2,"href":"https:\/\/www.livemag.it\/index.php\/wp-json\/wp\/v2\/posts\/64914\/revisions"}],"predecessor-version":[{"id":64935,"href":"https:\/\/www.livemag.it\/index.php\/wp-json\/wp\/v2\/posts\/64914\/revisions\/64935"}],"wp:featuredmedia":[{"embeddable":true,"href":"https:\/\/www.livemag.it\/index.php\/wp-json\/wp\/v2\/media\/64917"}],"wp:attachment":[{"href":"https:\/\/www.livemag.it\/index.php\/wp-json\/wp\/v2\/media?parent=64914"}],"wp:term":[{"taxonomy":"category","embeddable":true,"href":"https:\/\/www.livemag.it\/index.php\/wp-json\/wp\/v2\/categories?post=64914"},{"taxonomy":"post_tag","embeddable":true,"href":"https:\/\/www.livemag.it\/index.php\/wp-json\/wp\/v2\/tags?post=64914"}],"curies":[{"name":"wp","href":"https:\/\/api.w.org\/{rel}","templated":true}]}}