{"id":64892,"date":"2025-12-05T21:02:43","date_gmt":"2025-12-05T20:02:43","guid":{"rendered":"https:\/\/www.livemag.it\/index.php\/2025\/12\/05\/discorso-delpini-fontana-dallarcivescovo-richiamo-alla-responsabilita\/"},"modified":"2025-12-05T21:02:43","modified_gmt":"2025-12-05T20:02:43","slug":"discorso-delpini-fontana-dallarcivescovo-richiamo-alla-responsabilita","status":"publish","type":"post","link":"https:\/\/www.livemag.it\/index.php\/2025\/12\/05\/discorso-delpini-fontana-dallarcivescovo-richiamo-alla-responsabilita\/","title":{"rendered":"<div>Discorso Delpini, Fontana &#8220;Dall&#8217;Arcivescovo richiamo alla responsabilit\u00e0&#8221;<\/div>"},"content":{"rendered":"<p>    <video-js id=\"videojs69f16df7693e2\" class=\"vjs-big-play-centered\" controls preload=\"auto\" playsinline data-setup='{\"fluid\": true}'>\r\n        <source src=\"https:\/\/video.italpress.com\/play\/mp4\/video\/OzXB\" type=\"video\/mp4\" \/>\r\n    <\/video-js>\r\n           <br \/>\n<\/p>\n<div> MILANO (ITALPRESS) &#8211; &#8220;Il richiamo alla responsabilit\u00e0 \u00e8 un richiamo a cui noi siamo sempre molto attenti e che cerchiamo di mettere in tutte le nostre attivit\u00e0. Poi, se qualche volta non ci riusciamo, non \u00e8 sicuramente mancanza di volont\u00e0. Ci sono situazioni oggettive che, nonostante la responsabilit\u00e0, non riusciamo a risolvere&#8221;. Cos\u00ec il presidente di Regione Lombardia Attilio Fontana commentando il discorso alla citt\u00e0 dell&#8217;Arcivescovo di Milano Mario Delpini. Per il governatore, quello di quest&#8217;anno \u00e8 stato un discorso &#8220;molto duro nell&#8217;analisi della nostra societ\u00e0, ma molto positivo poi nella capacit\u00e0 di vedere un futuro in cui la parte buona della nostra societ\u00e0 riuscir\u00e0 a reagire e a superare queste difficolt\u00e0&#8221;. Interpellato poi sul passaggio del discorso dell&#8217;arcivescovo sulla sanit\u00e0 e i suoi disagi, Fontana ha risposto che &#8220;bisogna analizzare le cause e vedere i motivi per cui ci sono queste situazioni. Nessuno lo fa certamente come scelta e poi \u00e8 un problema che si riferisce a tutto il paese e al quale tutto il paese deve porre una risposta&#8221;.<\/p>\n<p>xh7\/pc\/mca1<\/p><\/div>\n","protected":false},"excerpt":{"rendered":"<p>MILANO (ITALPRESS) &#8211; &#8220;Il richiamo alla responsabilit\u00e0 \u00e8 un richiamo a cui noi siamo sempre molto attenti e che cerchiamo di mettere in tutte le nostre attivit\u00e0. Poi, se qualche volta non ci riusciamo, non \u00e8 sicuramente mancanza di volont\u00e0. Ci sono situazioni oggettive che, nonostante la responsabilit\u00e0, non riusciamo a risolvere&#8221;. Cos\u00ec il presidente [&hellip;]<\/p>\n","protected":false},"author":16,"featured_media":64893,"comment_status":"closed","ping_status":"closed","sticky":false,"template":"","format":"video","meta":{"jnews-multi-image_gallery":[],"jnews_single_post":[],"jnews_primary_category":[],"jnews_social_meta":[],"jnews_override_counter":[],"jnews_post_split":[],"footnotes":""},"categories":[1171],"tags":[],"class_list":["post-64892","post","type-post","status-publish","format-video","has-post-thumbnail","hentry","category-video","post_format-post-format-video"],"yoast_head":"<!-- This site is optimized with the Yoast SEO plugin v27.5 - https:\/\/yoast.com\/product\/yoast-seo-wordpress\/ -->\n<title>Discorso Delpini, Fontana &quot;Dall&#039;Arcivescovo richiamo alla responsabilit\u00e0&quot; - Live Magazine<\/title>\n<meta name=\"robots\" content=\"index, follow, max-snippet:-1, max-image-preview:large, max-video-preview:-1\" \/>\n<link rel=\"canonical\" href=\"https:\/\/www.livemag.it\/index.php\/2025\/12\/05\/discorso-delpini-fontana-dallarcivescovo-richiamo-alla-responsabilita\/\" \/>\n<meta property=\"og:locale\" content=\"it_IT\" \/>\n<meta property=\"og:type\" content=\"article\" \/>\n<meta property=\"og:title\" content=\"Discorso Delpini, Fontana &quot;Dall&#039;Arcivescovo richiamo alla responsabilit\u00e0&quot; - Live Magazine\" \/>\n<meta property=\"og:description\" content=\"MILANO (ITALPRESS) &#8211; &#8220;Il richiamo alla responsabilit\u00e0 \u00e8 un richiamo a cui noi siamo sempre molto attenti e che cerchiamo di mettere in tutte le nostre attivit\u00e0. Poi, se qualche volta non ci riusciamo, non \u00e8 sicuramente mancanza di volont\u00e0. Ci sono situazioni oggettive che, nonostante la responsabilit\u00e0, non riusciamo a risolvere&#8221;. Cos\u00ec il presidente [&hellip;]\" \/>\n<meta property=\"og:url\" content=\"https:\/\/www.livemag.it\/index.php\/2025\/12\/05\/discorso-delpini-fontana-dallarcivescovo-richiamo-alla-responsabilita\/\" \/>\n<meta property=\"og:site_name\" content=\"Live Magazine\" \/>\n<meta property=\"article:publisher\" content=\"https:\/\/www.facebook.com\/LiveMag\/\" \/>\n<meta property=\"article:published_time\" content=\"2025-12-05T20:02:43+00:00\" \/>\n<meta property=\"og:image\" content=\"https:\/\/www.livemag.it\/wp-content\/uploads\/2024\/02\/ograph.jpg\" \/>\n\t<meta property=\"og:image:width\" content=\"1200\" \/>\n\t<meta property=\"og:image:height\" content=\"675\" \/>\n\t<meta property=\"og:image:type\" content=\"image\/jpeg\" \/>\n<meta name=\"author\" content=\"italpress\" \/>\n<meta name=\"twitter:card\" content=\"summary_large_image\" \/>\n<meta name=\"twitter:creator\" content=\"@LiveNotizie\" \/>\n<meta name=\"twitter:site\" content=\"@LiveNotizie\" \/>\n<meta name=\"twitter:label1\" content=\"Scritto da\" \/>\n\t<meta name=\"twitter:data1\" content=\"italpress\" \/>\n\t<meta name=\"twitter:label2\" content=\"Tempo di lettura stimato\" \/>\n\t<meta name=\"twitter:data2\" content=\"1 minuto\" \/>\n<script type=\"application\/ld+json\" class=\"yoast-schema-graph\">{\"@context\":\"https:\\\/\\\/schema.org\",\"@graph\":[{\"@type\":\"Article\",\"@id\":\"https:\\\/\\\/www.livemag.it\\\/index.php\\\/2025\\\/12\\\/05\\\/discorso-delpini-fontana-dallarcivescovo-richiamo-alla-responsabilita\\\/#article\",\"isPartOf\":{\"@id\":\"https:\\\/\\\/www.livemag.it\\\/index.php\\\/2025\\\/12\\\/05\\\/discorso-delpini-fontana-dallarcivescovo-richiamo-alla-responsabilita\\\/\"},\"author\":{\"name\":\"italpress\",\"@id\":\"https:\\\/\\\/www.livemag.it\\\/#\\\/schema\\\/person\\\/b62c5f44451fdcdaeb0afe6c2424e73c\"},\"headline\":\"Discorso Delpini, Fontana &#8220;Dall&#8217;Arcivescovo richiamo alla responsabilit\u00e0&#8221;\",\"datePublished\":\"2025-12-05T20:02:43+00:00\",\"mainEntityOfPage\":{\"@id\":\"https:\\\/\\\/www.livemag.it\\\/index.php\\\/2025\\\/12\\\/05\\\/discorso-delpini-fontana-dallarcivescovo-richiamo-alla-responsabilita\\\/\"},\"wordCount\":193,\"publisher\":{\"@id\":\"https:\\\/\\\/www.livemag.it\\\/#organization\"},\"image\":{\"@id\":\"https:\\\/\\\/www.livemag.it\\\/index.php\\\/2025\\\/12\\\/05\\\/discorso-delpini-fontana-dallarcivescovo-richiamo-alla-responsabilita\\\/#primaryimage\"},\"thumbnailUrl\":\"https:\\\/\\\/www.livemag.it\\\/wp-content\\\/uploads\\\/2025\\\/12\\\/OzXB.jpg\",\"articleSection\":[\"Video\"],\"inLanguage\":\"it-IT\"},{\"@type\":\"WebPage\",\"@id\":\"https:\\\/\\\/www.livemag.it\\\/index.php\\\/2025\\\/12\\\/05\\\/discorso-delpini-fontana-dallarcivescovo-richiamo-alla-responsabilita\\\/\",\"url\":\"https:\\\/\\\/www.livemag.it\\\/index.php\\\/2025\\\/12\\\/05\\\/discorso-delpini-fontana-dallarcivescovo-richiamo-alla-responsabilita\\\/\",\"name\":\"Discorso Delpini, Fontana \\\"Dall'Arcivescovo richiamo alla responsabilit\u00e0\\\" - Live Magazine\",\"isPartOf\":{\"@id\":\"https:\\\/\\\/www.livemag.it\\\/#website\"},\"primaryImageOfPage\":{\"@id\":\"https:\\\/\\\/www.livemag.it\\\/index.php\\\/2025\\\/12\\\/05\\\/discorso-delpini-fontana-dallarcivescovo-richiamo-alla-responsabilita\\\/#primaryimage\"},\"image\":{\"@id\":\"https:\\\/\\\/www.livemag.it\\\/index.php\\\/2025\\\/12\\\/05\\\/discorso-delpini-fontana-dallarcivescovo-richiamo-alla-responsabilita\\\/#primaryimage\"},\"thumbnailUrl\":\"https:\\\/\\\/www.livemag.it\\\/wp-content\\\/uploads\\\/2025\\\/12\\\/OzXB.jpg\",\"datePublished\":\"2025-12-05T20:02:43+00:00\",\"breadcrumb\":{\"@id\":\"https:\\\/\\\/www.livemag.it\\\/index.php\\\/2025\\\/12\\\/05\\\/discorso-delpini-fontana-dallarcivescovo-richiamo-alla-responsabilita\\\/#breadcrumb\"},\"inLanguage\":\"it-IT\",\"potentialAction\":[{\"@type\":\"ReadAction\",\"target\":[\"https:\\\/\\\/www.livemag.it\\\/index.php\\\/2025\\\/12\\\/05\\\/discorso-delpini-fontana-dallarcivescovo-richiamo-alla-responsabilita\\\/\"]}]},{\"@type\":\"ImageObject\",\"inLanguage\":\"it-IT\",\"@id\":\"https:\\\/\\\/www.livemag.it\\\/index.php\\\/2025\\\/12\\\/05\\\/discorso-delpini-fontana-dallarcivescovo-richiamo-alla-responsabilita\\\/#primaryimage\",\"url\":\"https:\\\/\\\/www.livemag.it\\\/wp-content\\\/uploads\\\/2025\\\/12\\\/OzXB.jpg\",\"contentUrl\":\"https:\\\/\\\/www.livemag.it\\\/wp-content\\\/uploads\\\/2025\\\/12\\\/OzXB.jpg\",\"width\":1920,\"height\":1080},{\"@type\":\"BreadcrumbList\",\"@id\":\"https:\\\/\\\/www.livemag.it\\\/index.php\\\/2025\\\/12\\\/05\\\/discorso-delpini-fontana-dallarcivescovo-richiamo-alla-responsabilita\\\/#breadcrumb\",\"itemListElement\":[{\"@type\":\"ListItem\",\"position\":1,\"name\":\"Home\",\"item\":\"https:\\\/\\\/www.livemag.it\\\/\"},{\"@type\":\"ListItem\",\"position\":2,\"name\":\"Discorso Delpini, Fontana &#8220;Dall&#8217;Arcivescovo richiamo alla responsabilit\u00e0&#8221;\"}]},{\"@type\":\"WebSite\",\"@id\":\"https:\\\/\\\/www.livemag.it\\\/#website\",\"url\":\"https:\\\/\\\/www.livemag.it\\\/\",\"name\":\"Live Magazine\",\"description\":\"Varie ed eventi\",\"publisher\":{\"@id\":\"https:\\\/\\\/www.livemag.it\\\/#organization\"},\"potentialAction\":[{\"@type\":\"SearchAction\",\"target\":{\"@type\":\"EntryPoint\",\"urlTemplate\":\"https:\\\/\\\/www.livemag.it\\\/?s={search_term_string}\"},\"query-input\":{\"@type\":\"PropertyValueSpecification\",\"valueRequired\":true,\"valueName\":\"search_term_string\"}}],\"inLanguage\":\"it-IT\"},{\"@type\":\"Organization\",\"@id\":\"https:\\\/\\\/www.livemag.it\\\/#organization\",\"name\":\"LiveMag\",\"alternateName\":\"LiveMag News ed eventi\",\"url\":\"https:\\\/\\\/www.livemag.it\\\/\",\"logo\":{\"@type\":\"ImageObject\",\"inLanguage\":\"it-IT\",\"@id\":\"https:\\\/\\\/www.livemag.it\\\/#\\\/schema\\\/logo\\\/image\\\/\",\"url\":\"https:\\\/\\\/www.livemag.it\\\/wp-content\\\/uploads\\\/2024\\\/02\\\/immagine-sito.jpg\",\"contentUrl\":\"https:\\\/\\\/www.livemag.it\\\/wp-content\\\/uploads\\\/2024\\\/02\\\/immagine-sito.jpg\",\"width\":696,\"height\":696,\"caption\":\"LiveMag\"},\"image\":{\"@id\":\"https:\\\/\\\/www.livemag.it\\\/#\\\/schema\\\/logo\\\/image\\\/\"},\"sameAs\":[\"https:\\\/\\\/www.facebook.com\\\/LiveMag\\\/\",\"https:\\\/\\\/x.com\\\/LiveNotizie\",\"https:\\\/\\\/www.instagram.com\\\/livemag\\\/\"]},{\"@type\":\"Person\",\"@id\":\"https:\\\/\\\/www.livemag.it\\\/#\\\/schema\\\/person\\\/b62c5f44451fdcdaeb0afe6c2424e73c\",\"name\":\"italpress\",\"image\":{\"@type\":\"ImageObject\",\"inLanguage\":\"it-IT\",\"@id\":\"https:\\\/\\\/secure.gravatar.com\\\/avatar\\\/b6a21695fc713ce7ee312cf57c97e2e641feb365be72d8745574d3c3e2b59066?s=96&r=g\",\"url\":\"https:\\\/\\\/secure.gravatar.com\\\/avatar\\\/b6a21695fc713ce7ee312cf57c97e2e641feb365be72d8745574d3c3e2b59066?s=96&r=g\",\"contentUrl\":\"https:\\\/\\\/secure.gravatar.com\\\/avatar\\\/b6a21695fc713ce7ee312cf57c97e2e641feb365be72d8745574d3c3e2b59066?s=96&r=g\",\"caption\":\"italpress\"},\"description\":\"Italpress \u00e8 un'agenzia di stampa italiana a carattere nazionale.\",\"url\":\"https:\\\/\\\/www.livemag.it\\\/index.php\\\/author\\\/italpress\\\/\"}]}<\/script>\n<!-- \/ Yoast SEO plugin. -->","yoast_head_json":{"title":"Discorso Delpini, Fontana \"Dall'Arcivescovo richiamo alla responsabilit\u00e0\" - Live Magazine","robots":{"index":"index","follow":"follow","max-snippet":"max-snippet:-1","max-image-preview":"max-image-preview:large","max-video-preview":"max-video-preview:-1"},"canonical":"https:\/\/www.livemag.it\/index.php\/2025\/12\/05\/discorso-delpini-fontana-dallarcivescovo-richiamo-alla-responsabilita\/","og_locale":"it_IT","og_type":"article","og_title":"Discorso Delpini, Fontana \"Dall'Arcivescovo richiamo alla responsabilit\u00e0\" - Live Magazine","og_description":"MILANO (ITALPRESS) &#8211; &#8220;Il richiamo alla responsabilit\u00e0 \u00e8 un richiamo a cui noi siamo sempre molto attenti e che cerchiamo di mettere in tutte le nostre attivit\u00e0. Poi, se qualche volta non ci riusciamo, non \u00e8 sicuramente mancanza di volont\u00e0. Ci sono situazioni oggettive che, nonostante la responsabilit\u00e0, non riusciamo a risolvere&#8221;. Cos\u00ec il presidente [&hellip;]","og_url":"https:\/\/www.livemag.it\/index.php\/2025\/12\/05\/discorso-delpini-fontana-dallarcivescovo-richiamo-alla-responsabilita\/","og_site_name":"Live Magazine","article_publisher":"https:\/\/www.facebook.com\/LiveMag\/","article_published_time":"2025-12-05T20:02:43+00:00","og_image":[{"width":1200,"height":675,"url":"https:\/\/www.livemag.it\/wp-content\/uploads\/2024\/02\/ograph.jpg","type":"image\/jpeg"}],"author":"italpress","twitter_card":"summary_large_image","twitter_creator":"@LiveNotizie","twitter_site":"@LiveNotizie","twitter_misc":{"Scritto da":"italpress","Tempo di lettura stimato":"1 minuto"},"schema":{"@context":"https:\/\/schema.org","@graph":[{"@type":"Article","@id":"https:\/\/www.livemag.it\/index.php\/2025\/12\/05\/discorso-delpini-fontana-dallarcivescovo-richiamo-alla-responsabilita\/#article","isPartOf":{"@id":"https:\/\/www.livemag.it\/index.php\/2025\/12\/05\/discorso-delpini-fontana-dallarcivescovo-richiamo-alla-responsabilita\/"},"author":{"name":"italpress","@id":"https:\/\/www.livemag.it\/#\/schema\/person\/b62c5f44451fdcdaeb0afe6c2424e73c"},"headline":"Discorso Delpini, Fontana &#8220;Dall&#8217;Arcivescovo richiamo alla responsabilit\u00e0&#8221;","datePublished":"2025-12-05T20:02:43+00:00","mainEntityOfPage":{"@id":"https:\/\/www.livemag.it\/index.php\/2025\/12\/05\/discorso-delpini-fontana-dallarcivescovo-richiamo-alla-responsabilita\/"},"wordCount":193,"publisher":{"@id":"https:\/\/www.livemag.it\/#organization"},"image":{"@id":"https:\/\/www.livemag.it\/index.php\/2025\/12\/05\/discorso-delpini-fontana-dallarcivescovo-richiamo-alla-responsabilita\/#primaryimage"},"thumbnailUrl":"https:\/\/www.livemag.it\/wp-content\/uploads\/2025\/12\/OzXB.jpg","articleSection":["Video"],"inLanguage":"it-IT"},{"@type":"WebPage","@id":"https:\/\/www.livemag.it\/index.php\/2025\/12\/05\/discorso-delpini-fontana-dallarcivescovo-richiamo-alla-responsabilita\/","url":"https:\/\/www.livemag.it\/index.php\/2025\/12\/05\/discorso-delpini-fontana-dallarcivescovo-richiamo-alla-responsabilita\/","name":"Discorso Delpini, Fontana \"Dall'Arcivescovo richiamo alla responsabilit\u00e0\" - Live Magazine","isPartOf":{"@id":"https:\/\/www.livemag.it\/#website"},"primaryImageOfPage":{"@id":"https:\/\/www.livemag.it\/index.php\/2025\/12\/05\/discorso-delpini-fontana-dallarcivescovo-richiamo-alla-responsabilita\/#primaryimage"},"image":{"@id":"https:\/\/www.livemag.it\/index.php\/2025\/12\/05\/discorso-delpini-fontana-dallarcivescovo-richiamo-alla-responsabilita\/#primaryimage"},"thumbnailUrl":"https:\/\/www.livemag.it\/wp-content\/uploads\/2025\/12\/OzXB.jpg","datePublished":"2025-12-05T20:02:43+00:00","breadcrumb":{"@id":"https:\/\/www.livemag.it\/index.php\/2025\/12\/05\/discorso-delpini-fontana-dallarcivescovo-richiamo-alla-responsabilita\/#breadcrumb"},"inLanguage":"it-IT","potentialAction":[{"@type":"ReadAction","target":["https:\/\/www.livemag.it\/index.php\/2025\/12\/05\/discorso-delpini-fontana-dallarcivescovo-richiamo-alla-responsabilita\/"]}]},{"@type":"ImageObject","inLanguage":"it-IT","@id":"https:\/\/www.livemag.it\/index.php\/2025\/12\/05\/discorso-delpini-fontana-dallarcivescovo-richiamo-alla-responsabilita\/#primaryimage","url":"https:\/\/www.livemag.it\/wp-content\/uploads\/2025\/12\/OzXB.jpg","contentUrl":"https:\/\/www.livemag.it\/wp-content\/uploads\/2025\/12\/OzXB.jpg","width":1920,"height":1080},{"@type":"BreadcrumbList","@id":"https:\/\/www.livemag.it\/index.php\/2025\/12\/05\/discorso-delpini-fontana-dallarcivescovo-richiamo-alla-responsabilita\/#breadcrumb","itemListElement":[{"@type":"ListItem","position":1,"name":"Home","item":"https:\/\/www.livemag.it\/"},{"@type":"ListItem","position":2,"name":"Discorso Delpini, Fontana &#8220;Dall&#8217;Arcivescovo richiamo alla responsabilit\u00e0&#8221;"}]},{"@type":"WebSite","@id":"https:\/\/www.livemag.it\/#website","url":"https:\/\/www.livemag.it\/","name":"Live Magazine","description":"Varie ed eventi","publisher":{"@id":"https:\/\/www.livemag.it\/#organization"},"potentialAction":[{"@type":"SearchAction","target":{"@type":"EntryPoint","urlTemplate":"https:\/\/www.livemag.it\/?s={search_term_string}"},"query-input":{"@type":"PropertyValueSpecification","valueRequired":true,"valueName":"search_term_string"}}],"inLanguage":"it-IT"},{"@type":"Organization","@id":"https:\/\/www.livemag.it\/#organization","name":"LiveMag","alternateName":"LiveMag News ed eventi","url":"https:\/\/www.livemag.it\/","logo":{"@type":"ImageObject","inLanguage":"it-IT","@id":"https:\/\/www.livemag.it\/#\/schema\/logo\/image\/","url":"https:\/\/www.livemag.it\/wp-content\/uploads\/2024\/02\/immagine-sito.jpg","contentUrl":"https:\/\/www.livemag.it\/wp-content\/uploads\/2024\/02\/immagine-sito.jpg","width":696,"height":696,"caption":"LiveMag"},"image":{"@id":"https:\/\/www.livemag.it\/#\/schema\/logo\/image\/"},"sameAs":["https:\/\/www.facebook.com\/LiveMag\/","https:\/\/x.com\/LiveNotizie","https:\/\/www.instagram.com\/livemag\/"]},{"@type":"Person","@id":"https:\/\/www.livemag.it\/#\/schema\/person\/b62c5f44451fdcdaeb0afe6c2424e73c","name":"italpress","image":{"@type":"ImageObject","inLanguage":"it-IT","@id":"https:\/\/secure.gravatar.com\/avatar\/b6a21695fc713ce7ee312cf57c97e2e641feb365be72d8745574d3c3e2b59066?s=96&r=g","url":"https:\/\/secure.gravatar.com\/avatar\/b6a21695fc713ce7ee312cf57c97e2e641feb365be72d8745574d3c3e2b59066?s=96&r=g","contentUrl":"https:\/\/secure.gravatar.com\/avatar\/b6a21695fc713ce7ee312cf57c97e2e641feb365be72d8745574d3c3e2b59066?s=96&r=g","caption":"italpress"},"description":"Italpress \u00e8 un'agenzia di stampa italiana a carattere nazionale.","url":"https:\/\/www.livemag.it\/index.php\/author\/italpress\/"}]}},"jetpack_featured_media_url":"https:\/\/www.livemag.it\/wp-content\/uploads\/2025\/12\/OzXB.jpg","_links":{"self":[{"href":"https:\/\/www.livemag.it\/index.php\/wp-json\/wp\/v2\/posts\/64892","targetHints":{"allow":["GET"]}}],"collection":[{"href":"https:\/\/www.livemag.it\/index.php\/wp-json\/wp\/v2\/posts"}],"about":[{"href":"https:\/\/www.livemag.it\/index.php\/wp-json\/wp\/v2\/types\/post"}],"author":[{"embeddable":true,"href":"https:\/\/www.livemag.it\/index.php\/wp-json\/wp\/v2\/users\/16"}],"replies":[{"embeddable":true,"href":"https:\/\/www.livemag.it\/index.php\/wp-json\/wp\/v2\/comments?post=64892"}],"version-history":[{"count":0,"href":"https:\/\/www.livemag.it\/index.php\/wp-json\/wp\/v2\/posts\/64892\/revisions"}],"wp:featuredmedia":[{"embeddable":true,"href":"https:\/\/www.livemag.it\/index.php\/wp-json\/wp\/v2\/media\/64893"}],"wp:attachment":[{"href":"https:\/\/www.livemag.it\/index.php\/wp-json\/wp\/v2\/media?parent=64892"}],"wp:term":[{"taxonomy":"category","embeddable":true,"href":"https:\/\/www.livemag.it\/index.php\/wp-json\/wp\/v2\/categories?post=64892"},{"taxonomy":"post_tag","embeddable":true,"href":"https:\/\/www.livemag.it\/index.php\/wp-json\/wp\/v2\/tags?post=64892"}],"curies":[{"name":"wp","href":"https:\/\/api.w.org\/{rel}","templated":true}]}}