{"id":64881,"date":"2025-12-05T18:03:02","date_gmt":"2025-12-05T17:03:02","guid":{"rendered":"https:\/\/www.livemag.it\/index.php\/2025\/12\/05\/metro-c-webuild-a-piazza-venezia-terza-opera-murales-dedicata-al-lavoro\/"},"modified":"2025-12-05T18:03:02","modified_gmt":"2025-12-05T17:03:02","slug":"metro-c-webuild-a-piazza-venezia-terza-opera-murales-dedicata-al-lavoro","status":"publish","type":"post","link":"https:\/\/www.livemag.it\/index.php\/2025\/12\/05\/metro-c-webuild-a-piazza-venezia-terza-opera-murales-dedicata-al-lavoro\/","title":{"rendered":"Metro C: Webuild, a Piazza Venezia terza opera \u2018Murales\u2019 dedicata al lavoro"},"content":{"rendered":"<div>\n<p>ROMA (ITALPRESS) \u2013 Piazza Venezia si conferma palcoscenico di arte pubblica con l\u2019inaugurazione di \u2018TOOLS\u2019 di Elisabetta Benassi, la terza installazione del ciclo \u2018MURALES. Arte contemporanea in metr\u00f2, opera omaggio alla comunit\u00e0 dei lavoratori \u2013 archeologi e operai \u2013 i veri \u2018Eroi Nascost\u00ec, il cui sforzo quotidiano \u00e8 oggi motore della trasformazione infrastrutturale di Roma. Il progetto artistico \u00e8 realizzato grazie al consorzio costruttore della Linea C della Metropolitana di Roma guidato da Webuild e Vianini Lavori, con il patrocinio di Roma Capitale e in collaborazione con le Soprintendenze competenti, con l\u2019obiettivo di trasformare il cantiere in un simbolo di innovazione e rigenerazione urbana, coniugando la bellezza di Roma con la sua necessit\u00e0 di evolvere. Alla cerimonia di svelamento dell\u2019opera hanno partecipato il sindaco di Roma Roberto Gualtieri, Renata Cristina Mazzantini Direttrice della Galleria d\u2019Arte Moderna e Contemporanea di Roma e presidente del Comitato Scientifico del progetto Murales e l\u2019artista Elisabetta Benassi, insieme a Pietro Salini, Amministratore Delegato di Webuild e Vincenzo Onorato, Amministratore Delegato di Vianini Lavori. Presenti inoltre per il consorzio Metro C, Franco Cristini e Fabrizio Paolo Di Paola, rispettivamente Presidente ed Amministratore Delegato della societ\u00e0. \u201cRoma \u00e8 nata dal lavoro, dalla stratificazione incessante generata da mani, visioni e materiali, che hanno costruito la sua storia millenaria \u2013 ha dichiarato Salini \u2013 E\u2019 questa la forza che l\u2019opera celebra: il lavoro collettivo degli operai e degli archeologi che sta trasformando il sottosuolo per costruire la Roma moderna. Questo cantiere, che con il progetto \u2018MURALES\u2019 diventa una piattaforma culturale, \u00e8 la testimonianza visibile di un impegno che va oltre l\u2019ingegneria. Stiamo lavorando per contribuire a dare a questa citt\u00e0 infrastrutture essenziali per la mobilit\u00e0 e la connettivit\u00e0. La Linea C \u00e8 una spina dorsale della citt\u00e0 realizzata in condizioni ingegneristiche e archeologiche complesse, che procede anche grazie alla stretta collaborazione tra imprese, istituzioni e comunit\u00e0, con l\u2019obiettivo comune di rendere Roma sempre pi\u00f9 moderna e all\u2019avanguardia\u201d.<br \/>In \u2018TOOLS\u2019, l\u2019artista si \u00e8 concentrata sulle mani degli operai e degli archeologi del cantiere, fotografate mentre stringono gli strumenti del loro lavoro quotidiano (chiavi inglesi, scalpelli, cavi elettrici, catene, bulloni, spugne), per costruire ma anche per riportare alla luce reperti preziosi dal passato. L\u2019opera stabilisce un legame simbolico e storico profondo con la citt\u00e0, ispirandosi ai simboli utilizzati per gli Angeli del Bernini su Ponte Sant\u2019Angelo a Roma, che recano gli strumenti della Passione di Cristo. Come quegli angeli, sette lavoratori del cantiere tengono in mano i loro strumenti di lavoro, unendo sacro e laico, antico e contemporaneo in un\u2019immagine doppia. Se gli strumenti del Bernini raccontano un momento drammatico, quelli rappresentati dall\u2019operaevocano l\u2019epicit\u00e0 del lavoro quotidiano \u2013 stringere, serrare, pulire, scalpellare, scavare \u2013 celebrando la forza simbolica della creazione e del saper fare. La nuova opera inedita, dedicata al tema del lavoro, nell\u2019ambito del progetto \u2018MURALES\u2019 a cura di Spazio Taverna, prende il posto di \u2018Ci eleviamo sollevando gli altr\u00ec di Marinella Senatore, a sua volta succeduta a \u2018Costellazioni di Rom\u00e0 di Pietro Ruffo, continuando a trasformare i silos del cantiere della Stazione Venezia in una monumentale installazione a cielo aperto. Il progetto \u2018MURALES\u2019 si inserisce in un quadro di avanzamento dei lavori cruciali per la Capitale: nel cantiere di Stazione Venezia ha visto completare la prima macrofase dei lavori, con scavi fino a 85 metri di profondit\u00e0 che porteranno alla luce l\u2019antica Via Flaminia, per passare poi alla nuova macrofase. In parallelo, il consorzio costruttore ha consegnato due archeo-stazioni cruciali, Colosseo\/Fori Imperiali e Porta Metronia, la cui apertura al pubblico \u00e8 prevista il 16 dicembre. Queste stazioni sono un modello internazionale di successo frutto di una stretta collaborazione tra istituzioni e imprese, che ha permesso tra l\u2019altro di valorizzare il ritrovamento di una caserma romana a Porta Metronia. L\u2019impegno del consorzio prosegue anche per la progettazione esecutiva della Tratta T2 (Venezia-Clodio\/Mazzini) che include due nuove archeo-stazioni, San Pietro e Chiesa Nuova.<\/p>\n<p>\u2013 Foto ufficio stampa Webuild \u2013<\/p>\n<p>(ITALPRESS).<\/p>\n<\/div>\n","protected":false},"excerpt":{"rendered":"<p>ROMA (ITALPRESS) \u2013 Piazza Venezia si conferma palcoscenico di arte pubblica con l\u2019inaugurazione di \u2018TOOLS\u2019 di Elisabetta Benassi, la terza installazione del ciclo \u2018MURALES. Arte contemporanea in metr\u00f2, opera omaggio alla comunit\u00e0 dei lavoratori \u2013 archeologi e operai \u2013 i veri \u2018Eroi Nascost\u00ec, il cui sforzo quotidiano \u00e8 oggi motore della trasformazione infrastrutturale di Roma. [&hellip;]<\/p>\n","protected":false},"author":16,"featured_media":64882,"comment_status":"closed","ping_status":"closed","sticky":false,"template":"","format":"standard","meta":{"jnews-multi-image_gallery":[],"jnews_single_post":[],"jnews_primary_category":[],"jnews_social_meta":[],"jnews_override_counter":[],"jnews_post_split":[],"footnotes":""},"categories":[1129],"tags":[],"class_list":["post-64881","post","type-post","status-publish","format-standard","has-post-thumbnail","hentry","category-mondo"],"yoast_head":"<!-- This site is optimized with the Yoast SEO plugin v27.5 - https:\/\/yoast.com\/product\/yoast-seo-wordpress\/ -->\n<title>Metro C: Webuild, a Piazza Venezia terza opera \u2018Murales\u2019 dedicata al lavoro - Live Magazine<\/title>\n<meta name=\"robots\" content=\"index, follow, max-snippet:-1, max-image-preview:large, max-video-preview:-1\" \/>\n<link rel=\"canonical\" href=\"https:\/\/www.livemag.it\/index.php\/2025\/12\/05\/metro-c-webuild-a-piazza-venezia-terza-opera-murales-dedicata-al-lavoro\/\" \/>\n<meta property=\"og:locale\" content=\"it_IT\" \/>\n<meta property=\"og:type\" content=\"article\" \/>\n<meta property=\"og:title\" content=\"Metro C: Webuild, a Piazza Venezia terza opera \u2018Murales\u2019 dedicata al lavoro - Live Magazine\" \/>\n<meta property=\"og:description\" content=\"ROMA (ITALPRESS) \u2013 Piazza Venezia si conferma palcoscenico di arte pubblica con l\u2019inaugurazione di \u2018TOOLS\u2019 di Elisabetta Benassi, la terza installazione del ciclo \u2018MURALES. Arte contemporanea in metr\u00f2, opera omaggio alla comunit\u00e0 dei lavoratori \u2013 archeologi e operai \u2013 i veri \u2018Eroi Nascost\u00ec, il cui sforzo quotidiano \u00e8 oggi motore della trasformazione infrastrutturale di Roma. [&hellip;]\" \/>\n<meta property=\"og:url\" content=\"https:\/\/www.livemag.it\/index.php\/2025\/12\/05\/metro-c-webuild-a-piazza-venezia-terza-opera-murales-dedicata-al-lavoro\/\" \/>\n<meta property=\"og:site_name\" content=\"Live Magazine\" \/>\n<meta property=\"article:publisher\" content=\"https:\/\/www.facebook.com\/LiveMag\/\" \/>\n<meta property=\"article:published_time\" content=\"2025-12-05T17:03:02+00:00\" \/>\n<meta property=\"og:image\" content=\"https:\/\/www.livemag.it\/wp-content\/uploads\/2024\/02\/ograph.jpg\" \/>\n\t<meta property=\"og:image:width\" content=\"1200\" \/>\n\t<meta property=\"og:image:height\" content=\"675\" \/>\n\t<meta property=\"og:image:type\" content=\"image\/jpeg\" \/>\n<meta name=\"author\" content=\"italpress\" \/>\n<meta name=\"twitter:card\" content=\"summary_large_image\" \/>\n<meta name=\"twitter:creator\" content=\"@LiveNotizie\" \/>\n<meta name=\"twitter:site\" content=\"@LiveNotizie\" \/>\n<meta name=\"twitter:label1\" content=\"Scritto da\" \/>\n\t<meta name=\"twitter:data1\" content=\"italpress\" \/>\n\t<meta name=\"twitter:label2\" content=\"Tempo di lettura stimato\" \/>\n\t<meta name=\"twitter:data2\" content=\"3 minuti\" \/>\n<script type=\"application\/ld+json\" class=\"yoast-schema-graph\">{\"@context\":\"https:\\\/\\\/schema.org\",\"@graph\":[{\"@type\":\"Article\",\"@id\":\"https:\\\/\\\/www.livemag.it\\\/index.php\\\/2025\\\/12\\\/05\\\/metro-c-webuild-a-piazza-venezia-terza-opera-murales-dedicata-al-lavoro\\\/#article\",\"isPartOf\":{\"@id\":\"https:\\\/\\\/www.livemag.it\\\/index.php\\\/2025\\\/12\\\/05\\\/metro-c-webuild-a-piazza-venezia-terza-opera-murales-dedicata-al-lavoro\\\/\"},\"author\":{\"name\":\"italpress\",\"@id\":\"https:\\\/\\\/www.livemag.it\\\/#\\\/schema\\\/person\\\/b62c5f44451fdcdaeb0afe6c2424e73c\"},\"headline\":\"Metro C: Webuild, a Piazza Venezia terza opera \u2018Murales\u2019 dedicata al lavoro\",\"datePublished\":\"2025-12-05T17:03:02+00:00\",\"mainEntityOfPage\":{\"@id\":\"https:\\\/\\\/www.livemag.it\\\/index.php\\\/2025\\\/12\\\/05\\\/metro-c-webuild-a-piazza-venezia-terza-opera-murales-dedicata-al-lavoro\\\/\"},\"wordCount\":664,\"publisher\":{\"@id\":\"https:\\\/\\\/www.livemag.it\\\/#organization\"},\"image\":{\"@id\":\"https:\\\/\\\/www.livemag.it\\\/index.php\\\/2025\\\/12\\\/05\\\/metro-c-webuild-a-piazza-venezia-terza-opera-murales-dedicata-al-lavoro\\\/#primaryimage\"},\"thumbnailUrl\":\"https:\\\/\\\/www.livemag.it\\\/wp-content\\\/uploads\\\/2025\\\/12\\\/20251205_1948.jpg\",\"articleSection\":[\"Mondo\"],\"inLanguage\":\"it-IT\"},{\"@type\":\"WebPage\",\"@id\":\"https:\\\/\\\/www.livemag.it\\\/index.php\\\/2025\\\/12\\\/05\\\/metro-c-webuild-a-piazza-venezia-terza-opera-murales-dedicata-al-lavoro\\\/\",\"url\":\"https:\\\/\\\/www.livemag.it\\\/index.php\\\/2025\\\/12\\\/05\\\/metro-c-webuild-a-piazza-venezia-terza-opera-murales-dedicata-al-lavoro\\\/\",\"name\":\"Metro C: Webuild, a Piazza Venezia terza opera \u2018Murales\u2019 dedicata al lavoro - Live Magazine\",\"isPartOf\":{\"@id\":\"https:\\\/\\\/www.livemag.it\\\/#website\"},\"primaryImageOfPage\":{\"@id\":\"https:\\\/\\\/www.livemag.it\\\/index.php\\\/2025\\\/12\\\/05\\\/metro-c-webuild-a-piazza-venezia-terza-opera-murales-dedicata-al-lavoro\\\/#primaryimage\"},\"image\":{\"@id\":\"https:\\\/\\\/www.livemag.it\\\/index.php\\\/2025\\\/12\\\/05\\\/metro-c-webuild-a-piazza-venezia-terza-opera-murales-dedicata-al-lavoro\\\/#primaryimage\"},\"thumbnailUrl\":\"https:\\\/\\\/www.livemag.it\\\/wp-content\\\/uploads\\\/2025\\\/12\\\/20251205_1948.jpg\",\"datePublished\":\"2025-12-05T17:03:02+00:00\",\"breadcrumb\":{\"@id\":\"https:\\\/\\\/www.livemag.it\\\/index.php\\\/2025\\\/12\\\/05\\\/metro-c-webuild-a-piazza-venezia-terza-opera-murales-dedicata-al-lavoro\\\/#breadcrumb\"},\"inLanguage\":\"it-IT\",\"potentialAction\":[{\"@type\":\"ReadAction\",\"target\":[\"https:\\\/\\\/www.livemag.it\\\/index.php\\\/2025\\\/12\\\/05\\\/metro-c-webuild-a-piazza-venezia-terza-opera-murales-dedicata-al-lavoro\\\/\"]}]},{\"@type\":\"ImageObject\",\"inLanguage\":\"it-IT\",\"@id\":\"https:\\\/\\\/www.livemag.it\\\/index.php\\\/2025\\\/12\\\/05\\\/metro-c-webuild-a-piazza-venezia-terza-opera-murales-dedicata-al-lavoro\\\/#primaryimage\",\"url\":\"https:\\\/\\\/www.livemag.it\\\/wp-content\\\/uploads\\\/2025\\\/12\\\/20251205_1948.jpg\",\"contentUrl\":\"https:\\\/\\\/www.livemag.it\\\/wp-content\\\/uploads\\\/2025\\\/12\\\/20251205_1948.jpg\",\"width\":1200,\"height\":801},{\"@type\":\"BreadcrumbList\",\"@id\":\"https:\\\/\\\/www.livemag.it\\\/index.php\\\/2025\\\/12\\\/05\\\/metro-c-webuild-a-piazza-venezia-terza-opera-murales-dedicata-al-lavoro\\\/#breadcrumb\",\"itemListElement\":[{\"@type\":\"ListItem\",\"position\":1,\"name\":\"Home\",\"item\":\"https:\\\/\\\/www.livemag.it\\\/\"},{\"@type\":\"ListItem\",\"position\":2,\"name\":\"Metro C: Webuild, a Piazza Venezia terza opera \u2018Murales\u2019 dedicata al lavoro\"}]},{\"@type\":\"WebSite\",\"@id\":\"https:\\\/\\\/www.livemag.it\\\/#website\",\"url\":\"https:\\\/\\\/www.livemag.it\\\/\",\"name\":\"Live Magazine\",\"description\":\"Varie ed eventi\",\"publisher\":{\"@id\":\"https:\\\/\\\/www.livemag.it\\\/#organization\"},\"potentialAction\":[{\"@type\":\"SearchAction\",\"target\":{\"@type\":\"EntryPoint\",\"urlTemplate\":\"https:\\\/\\\/www.livemag.it\\\/?s={search_term_string}\"},\"query-input\":{\"@type\":\"PropertyValueSpecification\",\"valueRequired\":true,\"valueName\":\"search_term_string\"}}],\"inLanguage\":\"it-IT\"},{\"@type\":\"Organization\",\"@id\":\"https:\\\/\\\/www.livemag.it\\\/#organization\",\"name\":\"LiveMag\",\"alternateName\":\"LiveMag News ed eventi\",\"url\":\"https:\\\/\\\/www.livemag.it\\\/\",\"logo\":{\"@type\":\"ImageObject\",\"inLanguage\":\"it-IT\",\"@id\":\"https:\\\/\\\/www.livemag.it\\\/#\\\/schema\\\/logo\\\/image\\\/\",\"url\":\"https:\\\/\\\/www.livemag.it\\\/wp-content\\\/uploads\\\/2024\\\/02\\\/immagine-sito.jpg\",\"contentUrl\":\"https:\\\/\\\/www.livemag.it\\\/wp-content\\\/uploads\\\/2024\\\/02\\\/immagine-sito.jpg\",\"width\":696,\"height\":696,\"caption\":\"LiveMag\"},\"image\":{\"@id\":\"https:\\\/\\\/www.livemag.it\\\/#\\\/schema\\\/logo\\\/image\\\/\"},\"sameAs\":[\"https:\\\/\\\/www.facebook.com\\\/LiveMag\\\/\",\"https:\\\/\\\/x.com\\\/LiveNotizie\",\"https:\\\/\\\/www.instagram.com\\\/livemag\\\/\"]},{\"@type\":\"Person\",\"@id\":\"https:\\\/\\\/www.livemag.it\\\/#\\\/schema\\\/person\\\/b62c5f44451fdcdaeb0afe6c2424e73c\",\"name\":\"italpress\",\"image\":{\"@type\":\"ImageObject\",\"inLanguage\":\"it-IT\",\"@id\":\"https:\\\/\\\/secure.gravatar.com\\\/avatar\\\/b6a21695fc713ce7ee312cf57c97e2e641feb365be72d8745574d3c3e2b59066?s=96&r=g\",\"url\":\"https:\\\/\\\/secure.gravatar.com\\\/avatar\\\/b6a21695fc713ce7ee312cf57c97e2e641feb365be72d8745574d3c3e2b59066?s=96&r=g\",\"contentUrl\":\"https:\\\/\\\/secure.gravatar.com\\\/avatar\\\/b6a21695fc713ce7ee312cf57c97e2e641feb365be72d8745574d3c3e2b59066?s=96&r=g\",\"caption\":\"italpress\"},\"description\":\"Italpress \u00e8 un'agenzia di stampa italiana a carattere nazionale.\",\"url\":\"https:\\\/\\\/www.livemag.it\\\/index.php\\\/author\\\/italpress\\\/\"}]}<\/script>\n<!-- \/ Yoast SEO plugin. -->","yoast_head_json":{"title":"Metro C: Webuild, a Piazza Venezia terza opera \u2018Murales\u2019 dedicata al lavoro - Live Magazine","robots":{"index":"index","follow":"follow","max-snippet":"max-snippet:-1","max-image-preview":"max-image-preview:large","max-video-preview":"max-video-preview:-1"},"canonical":"https:\/\/www.livemag.it\/index.php\/2025\/12\/05\/metro-c-webuild-a-piazza-venezia-terza-opera-murales-dedicata-al-lavoro\/","og_locale":"it_IT","og_type":"article","og_title":"Metro C: Webuild, a Piazza Venezia terza opera \u2018Murales\u2019 dedicata al lavoro - Live Magazine","og_description":"ROMA (ITALPRESS) \u2013 Piazza Venezia si conferma palcoscenico di arte pubblica con l\u2019inaugurazione di \u2018TOOLS\u2019 di Elisabetta Benassi, la terza installazione del ciclo \u2018MURALES. Arte contemporanea in metr\u00f2, opera omaggio alla comunit\u00e0 dei lavoratori \u2013 archeologi e operai \u2013 i veri \u2018Eroi Nascost\u00ec, il cui sforzo quotidiano \u00e8 oggi motore della trasformazione infrastrutturale di Roma. [&hellip;]","og_url":"https:\/\/www.livemag.it\/index.php\/2025\/12\/05\/metro-c-webuild-a-piazza-venezia-terza-opera-murales-dedicata-al-lavoro\/","og_site_name":"Live Magazine","article_publisher":"https:\/\/www.facebook.com\/LiveMag\/","article_published_time":"2025-12-05T17:03:02+00:00","og_image":[{"width":1200,"height":675,"url":"https:\/\/www.livemag.it\/wp-content\/uploads\/2024\/02\/ograph.jpg","type":"image\/jpeg"}],"author":"italpress","twitter_card":"summary_large_image","twitter_creator":"@LiveNotizie","twitter_site":"@LiveNotizie","twitter_misc":{"Scritto da":"italpress","Tempo di lettura stimato":"3 minuti"},"schema":{"@context":"https:\/\/schema.org","@graph":[{"@type":"Article","@id":"https:\/\/www.livemag.it\/index.php\/2025\/12\/05\/metro-c-webuild-a-piazza-venezia-terza-opera-murales-dedicata-al-lavoro\/#article","isPartOf":{"@id":"https:\/\/www.livemag.it\/index.php\/2025\/12\/05\/metro-c-webuild-a-piazza-venezia-terza-opera-murales-dedicata-al-lavoro\/"},"author":{"name":"italpress","@id":"https:\/\/www.livemag.it\/#\/schema\/person\/b62c5f44451fdcdaeb0afe6c2424e73c"},"headline":"Metro C: Webuild, a Piazza Venezia terza opera \u2018Murales\u2019 dedicata al lavoro","datePublished":"2025-12-05T17:03:02+00:00","mainEntityOfPage":{"@id":"https:\/\/www.livemag.it\/index.php\/2025\/12\/05\/metro-c-webuild-a-piazza-venezia-terza-opera-murales-dedicata-al-lavoro\/"},"wordCount":664,"publisher":{"@id":"https:\/\/www.livemag.it\/#organization"},"image":{"@id":"https:\/\/www.livemag.it\/index.php\/2025\/12\/05\/metro-c-webuild-a-piazza-venezia-terza-opera-murales-dedicata-al-lavoro\/#primaryimage"},"thumbnailUrl":"https:\/\/www.livemag.it\/wp-content\/uploads\/2025\/12\/20251205_1948.jpg","articleSection":["Mondo"],"inLanguage":"it-IT"},{"@type":"WebPage","@id":"https:\/\/www.livemag.it\/index.php\/2025\/12\/05\/metro-c-webuild-a-piazza-venezia-terza-opera-murales-dedicata-al-lavoro\/","url":"https:\/\/www.livemag.it\/index.php\/2025\/12\/05\/metro-c-webuild-a-piazza-venezia-terza-opera-murales-dedicata-al-lavoro\/","name":"Metro C: Webuild, a Piazza Venezia terza opera \u2018Murales\u2019 dedicata al lavoro - Live Magazine","isPartOf":{"@id":"https:\/\/www.livemag.it\/#website"},"primaryImageOfPage":{"@id":"https:\/\/www.livemag.it\/index.php\/2025\/12\/05\/metro-c-webuild-a-piazza-venezia-terza-opera-murales-dedicata-al-lavoro\/#primaryimage"},"image":{"@id":"https:\/\/www.livemag.it\/index.php\/2025\/12\/05\/metro-c-webuild-a-piazza-venezia-terza-opera-murales-dedicata-al-lavoro\/#primaryimage"},"thumbnailUrl":"https:\/\/www.livemag.it\/wp-content\/uploads\/2025\/12\/20251205_1948.jpg","datePublished":"2025-12-05T17:03:02+00:00","breadcrumb":{"@id":"https:\/\/www.livemag.it\/index.php\/2025\/12\/05\/metro-c-webuild-a-piazza-venezia-terza-opera-murales-dedicata-al-lavoro\/#breadcrumb"},"inLanguage":"it-IT","potentialAction":[{"@type":"ReadAction","target":["https:\/\/www.livemag.it\/index.php\/2025\/12\/05\/metro-c-webuild-a-piazza-venezia-terza-opera-murales-dedicata-al-lavoro\/"]}]},{"@type":"ImageObject","inLanguage":"it-IT","@id":"https:\/\/www.livemag.it\/index.php\/2025\/12\/05\/metro-c-webuild-a-piazza-venezia-terza-opera-murales-dedicata-al-lavoro\/#primaryimage","url":"https:\/\/www.livemag.it\/wp-content\/uploads\/2025\/12\/20251205_1948.jpg","contentUrl":"https:\/\/www.livemag.it\/wp-content\/uploads\/2025\/12\/20251205_1948.jpg","width":1200,"height":801},{"@type":"BreadcrumbList","@id":"https:\/\/www.livemag.it\/index.php\/2025\/12\/05\/metro-c-webuild-a-piazza-venezia-terza-opera-murales-dedicata-al-lavoro\/#breadcrumb","itemListElement":[{"@type":"ListItem","position":1,"name":"Home","item":"https:\/\/www.livemag.it\/"},{"@type":"ListItem","position":2,"name":"Metro C: Webuild, a Piazza Venezia terza opera \u2018Murales\u2019 dedicata al lavoro"}]},{"@type":"WebSite","@id":"https:\/\/www.livemag.it\/#website","url":"https:\/\/www.livemag.it\/","name":"Live Magazine","description":"Varie ed eventi","publisher":{"@id":"https:\/\/www.livemag.it\/#organization"},"potentialAction":[{"@type":"SearchAction","target":{"@type":"EntryPoint","urlTemplate":"https:\/\/www.livemag.it\/?s={search_term_string}"},"query-input":{"@type":"PropertyValueSpecification","valueRequired":true,"valueName":"search_term_string"}}],"inLanguage":"it-IT"},{"@type":"Organization","@id":"https:\/\/www.livemag.it\/#organization","name":"LiveMag","alternateName":"LiveMag News ed eventi","url":"https:\/\/www.livemag.it\/","logo":{"@type":"ImageObject","inLanguage":"it-IT","@id":"https:\/\/www.livemag.it\/#\/schema\/logo\/image\/","url":"https:\/\/www.livemag.it\/wp-content\/uploads\/2024\/02\/immagine-sito.jpg","contentUrl":"https:\/\/www.livemag.it\/wp-content\/uploads\/2024\/02\/immagine-sito.jpg","width":696,"height":696,"caption":"LiveMag"},"image":{"@id":"https:\/\/www.livemag.it\/#\/schema\/logo\/image\/"},"sameAs":["https:\/\/www.facebook.com\/LiveMag\/","https:\/\/x.com\/LiveNotizie","https:\/\/www.instagram.com\/livemag\/"]},{"@type":"Person","@id":"https:\/\/www.livemag.it\/#\/schema\/person\/b62c5f44451fdcdaeb0afe6c2424e73c","name":"italpress","image":{"@type":"ImageObject","inLanguage":"it-IT","@id":"https:\/\/secure.gravatar.com\/avatar\/b6a21695fc713ce7ee312cf57c97e2e641feb365be72d8745574d3c3e2b59066?s=96&r=g","url":"https:\/\/secure.gravatar.com\/avatar\/b6a21695fc713ce7ee312cf57c97e2e641feb365be72d8745574d3c3e2b59066?s=96&r=g","contentUrl":"https:\/\/secure.gravatar.com\/avatar\/b6a21695fc713ce7ee312cf57c97e2e641feb365be72d8745574d3c3e2b59066?s=96&r=g","caption":"italpress"},"description":"Italpress \u00e8 un'agenzia di stampa italiana a carattere nazionale.","url":"https:\/\/www.livemag.it\/index.php\/author\/italpress\/"}]}},"jetpack_featured_media_url":"https:\/\/www.livemag.it\/wp-content\/uploads\/2025\/12\/20251205_1948.jpg","_links":{"self":[{"href":"https:\/\/www.livemag.it\/index.php\/wp-json\/wp\/v2\/posts\/64881","targetHints":{"allow":["GET"]}}],"collection":[{"href":"https:\/\/www.livemag.it\/index.php\/wp-json\/wp\/v2\/posts"}],"about":[{"href":"https:\/\/www.livemag.it\/index.php\/wp-json\/wp\/v2\/types\/post"}],"author":[{"embeddable":true,"href":"https:\/\/www.livemag.it\/index.php\/wp-json\/wp\/v2\/users\/16"}],"replies":[{"embeddable":true,"href":"https:\/\/www.livemag.it\/index.php\/wp-json\/wp\/v2\/comments?post=64881"}],"version-history":[{"count":0,"href":"https:\/\/www.livemag.it\/index.php\/wp-json\/wp\/v2\/posts\/64881\/revisions"}],"wp:featuredmedia":[{"embeddable":true,"href":"https:\/\/www.livemag.it\/index.php\/wp-json\/wp\/v2\/media\/64882"}],"wp:attachment":[{"href":"https:\/\/www.livemag.it\/index.php\/wp-json\/wp\/v2\/media?parent=64881"}],"wp:term":[{"taxonomy":"category","embeddable":true,"href":"https:\/\/www.livemag.it\/index.php\/wp-json\/wp\/v2\/categories?post=64881"},{"taxonomy":"post_tag","embeddable":true,"href":"https:\/\/www.livemag.it\/index.php\/wp-json\/wp\/v2\/tags?post=64881"}],"curies":[{"name":"wp","href":"https:\/\/api.w.org\/{rel}","templated":true}]}}