{"id":64875,"date":"2025-12-05T18:02:56","date_gmt":"2025-12-05T17:02:56","guid":{"rendered":"https:\/\/www.livemag.it\/index.php\/2025\/12\/05\/lilt-nasce-il-manifesto-per-lumanizzazione-delle-cure-per-il-paziente-oncologico\/"},"modified":"2025-12-05T18:02:56","modified_gmt":"2025-12-05T17:02:56","slug":"lilt-nasce-il-manifesto-per-lumanizzazione-delle-cure-per-il-paziente-oncologico","status":"publish","type":"post","link":"https:\/\/www.livemag.it\/index.php\/2025\/12\/05\/lilt-nasce-il-manifesto-per-lumanizzazione-delle-cure-per-il-paziente-oncologico\/","title":{"rendered":"Lilt, nasce il Manifesto per l\u2019umanizzazione delle cure per il paziente oncologico"},"content":{"rendered":"<div>\n<p>LECCE (ITALPRESS) \u2013 Un modello di cura oncologica che \u201crimetta al centro la persona nella sua interezza\u201d. Dalla necessit\u00e0 di ascoltare le storie dei pazienti alla costruzione di percorsi personalizzati, dal valore della prevenzione alla collaborazione con il terzo settore, fino alla tutela del benessere degli operatori. Un appello lanciato dal palco del Teatro Paisiello di Lecce, dove \u00e8 stato presentato il Manifesto per l\u2019umanizzazione delle cure per il paziente oncologico. L\u2019occasione \u00e8 il secondo congresso nazionale della Lilt, inserito negli Stati generali itineranti per l\u2019umanizzazione delle cure e il benessere organizzativo. Dalla necessit\u00e0 di ascoltare le storie dei pazienti alla costruzione di percorsi personalizzati, dal valore della prevenzione alla collaborazione con il terzo settore, fino alla tutela del benessere degli operatori, il documento delinea una visione etica, organizzativa e culturale dell\u2019oncologia in cui la tecnologia sostiene \u2013 senza sostituire \u2013 la relazione, e in cui equit\u00e0, continuit\u00e0 assistenziale e sostenibilit\u00e0 diventano pilastri irrinunciabili. E\u2019 su queste basi che si apre la riflessione presentata a Lecce, con una premessa netta: umanizzare la cura oncologica \u00e8 un atto di civilt\u00e0. La malattia non \u00e8 mai solo clinica; entra nella vita emotiva, sociale e lavorativa della persona e ne ridefinisce significati e priorit\u00e0. Per questo il Manifesto invita a un approccio globale, biopsicosociale, in cui il paziente viene accompagnato non solo nelle decisioni terapeutiche, ma anche nel recupero di dignit\u00e0, identit\u00e0 e senso, diventando parte attiva del proprio percorso. Nel documento presentato ampio spazio \u00e8 dedicato al valore dell\u2019ascolto. Accogliere la narrazione della malattia, le paure e le speranze, \u00e8 riconosciuto come elemento terapeutico a tutti gli effetti: \u201cle storie aiutano a costruire fiducia e ad alleare pazienti, famiglie e professionisti in un percorso comune\u201d. <br \/>Allo stesso tempo, il Manifesto ribadisce il ruolo decisivo della prevenzione e della diagnosi precoce, sottolineando come scelte salutari e adesione ai programmi di sorveglianza migliorino la qualit\u00e0 della vita e rafforzino il rapporto tra cittadini e sistema sanitario. Il documento valorizza inoltre la rete del terzo settore, considerata fondamentale per offrire supporto psicologico, orientamento ai servizi e tutela dei diritti. E, se da un lato invita a utilizzare le tecnologie come strumenti agili per migliorare l\u2019accessibilit\u00e0, dall\u2019altro ricorda che nessuna innovazione pu\u00f2 sostituire lo sguardo, il tocco e la presenza empatica di chi cura.<br \/>\u201cDobbiamo cercare di deburocratizzare questa sanit\u00e0 e di renderla, sotto questo aspetto, pi\u00f9 umana \u2013 ha commentato Francesco Schittulli, presidente nazionale della Lilt -. Invece di perdere tanto tempo per gestire il paziente, dobbiamo saperlo gestire dal punto di vista umano, oltre che scientifico. Il manifesto si muove proprio in questa direzione\u201d.<br \/>\u201cL\u2019umanizzazione \u00e8 l\u2019aspetto fondamentale \u2013 ha spiegato Giovanni Leonardi, Capo Dipartimento One Health del ministero della Salute \u2013 il paziente deve essere al centro e ascoltato in tutto. E\u2019 un lavoro che parte dal locale e si estende a tutta la nazione, da qui nasce la collaborazione tra Ministero e Lilt che si \u00e8 fatta sempre pi\u00f9 forte\u201d.<br \/>Tra i punti chiave emergono anche il benessere degli operatori, la semplificazione dell\u2019accesso ai servizi, la sicurezza dei dati sanitari e la sostenibilit\u00e0 ambientale ed economica, vista come responsabilit\u00e0 intergenerazionale. Infine, il Manifesto pone attenzione sulla medicina di genere, ritenuta essenziale per garantire equit\u00e0 e appropriatezza nelle cure.<\/p>\n<p>\u2013 foto f06\/Italpress \u2013<br \/>(ITALPRESS).<\/p>\n<\/div>\n","protected":false},"excerpt":{"rendered":"<p>LECCE (ITALPRESS) \u2013 Un modello di cura oncologica che \u201crimetta al centro la persona nella sua interezza\u201d. Dalla necessit\u00e0 di ascoltare le storie dei pazienti alla costruzione di percorsi personalizzati, dal valore della prevenzione alla collaborazione con il terzo settore, fino alla tutela del benessere degli operatori. Un appello lanciato dal palco del Teatro Paisiello [&hellip;]<\/p>\n","protected":false},"author":16,"featured_media":64876,"comment_status":"closed","ping_status":"closed","sticky":false,"template":"","format":"standard","meta":{"jnews-multi-image_gallery":[],"jnews_single_post":[],"jnews_primary_category":[],"jnews_social_meta":[],"jnews_override_counter":[],"jnews_post_split":[],"footnotes":""},"categories":[1129],"tags":[],"class_list":["post-64875","post","type-post","status-publish","format-standard","has-post-thumbnail","hentry","category-mondo"],"yoast_head":"<!-- This site is optimized with the Yoast SEO plugin v27.5 - https:\/\/yoast.com\/product\/yoast-seo-wordpress\/ -->\n<title>Lilt, nasce il Manifesto per l\u2019umanizzazione delle cure per il paziente oncologico - Live Magazine<\/title>\n<meta name=\"robots\" content=\"index, follow, max-snippet:-1, max-image-preview:large, max-video-preview:-1\" \/>\n<link rel=\"canonical\" href=\"https:\/\/www.livemag.it\/index.php\/2025\/12\/05\/lilt-nasce-il-manifesto-per-lumanizzazione-delle-cure-per-il-paziente-oncologico\/\" \/>\n<meta property=\"og:locale\" content=\"it_IT\" \/>\n<meta property=\"og:type\" content=\"article\" \/>\n<meta property=\"og:title\" content=\"Lilt, nasce il Manifesto per l\u2019umanizzazione delle cure per il paziente oncologico - Live Magazine\" \/>\n<meta property=\"og:description\" content=\"LECCE (ITALPRESS) \u2013 Un modello di cura oncologica che \u201crimetta al centro la persona nella sua interezza\u201d. Dalla necessit\u00e0 di ascoltare le storie dei pazienti alla costruzione di percorsi personalizzati, dal valore della prevenzione alla collaborazione con il terzo settore, fino alla tutela del benessere degli operatori. Un appello lanciato dal palco del Teatro Paisiello [&hellip;]\" \/>\n<meta property=\"og:url\" content=\"https:\/\/www.livemag.it\/index.php\/2025\/12\/05\/lilt-nasce-il-manifesto-per-lumanizzazione-delle-cure-per-il-paziente-oncologico\/\" \/>\n<meta property=\"og:site_name\" content=\"Live Magazine\" \/>\n<meta property=\"article:publisher\" content=\"https:\/\/www.facebook.com\/LiveMag\/\" \/>\n<meta property=\"article:published_time\" content=\"2025-12-05T17:02:56+00:00\" \/>\n<meta property=\"og:image\" content=\"https:\/\/www.livemag.it\/wp-content\/uploads\/2024\/02\/ograph.jpg\" \/>\n\t<meta property=\"og:image:width\" content=\"1200\" \/>\n\t<meta property=\"og:image:height\" content=\"675\" \/>\n\t<meta property=\"og:image:type\" content=\"image\/jpeg\" \/>\n<meta name=\"author\" content=\"italpress\" \/>\n<meta name=\"twitter:card\" content=\"summary_large_image\" \/>\n<meta name=\"twitter:creator\" content=\"@LiveNotizie\" \/>\n<meta name=\"twitter:site\" content=\"@LiveNotizie\" \/>\n<meta name=\"twitter:label1\" content=\"Scritto da\" \/>\n\t<meta name=\"twitter:data1\" content=\"italpress\" \/>\n\t<meta name=\"twitter:label2\" content=\"Tempo di lettura stimato\" \/>\n\t<meta name=\"twitter:data2\" content=\"3 minuti\" \/>\n<script type=\"application\/ld+json\" class=\"yoast-schema-graph\">{\"@context\":\"https:\\\/\\\/schema.org\",\"@graph\":[{\"@type\":\"Article\",\"@id\":\"https:\\\/\\\/www.livemag.it\\\/index.php\\\/2025\\\/12\\\/05\\\/lilt-nasce-il-manifesto-per-lumanizzazione-delle-cure-per-il-paziente-oncologico\\\/#article\",\"isPartOf\":{\"@id\":\"https:\\\/\\\/www.livemag.it\\\/index.php\\\/2025\\\/12\\\/05\\\/lilt-nasce-il-manifesto-per-lumanizzazione-delle-cure-per-il-paziente-oncologico\\\/\"},\"author\":{\"name\":\"italpress\",\"@id\":\"https:\\\/\\\/www.livemag.it\\\/#\\\/schema\\\/person\\\/b62c5f44451fdcdaeb0afe6c2424e73c\"},\"headline\":\"Lilt, nasce il Manifesto per l\u2019umanizzazione delle cure per il paziente oncologico\",\"datePublished\":\"2025-12-05T17:02:56+00:00\",\"mainEntityOfPage\":{\"@id\":\"https:\\\/\\\/www.livemag.it\\\/index.php\\\/2025\\\/12\\\/05\\\/lilt-nasce-il-manifesto-per-lumanizzazione-delle-cure-per-il-paziente-oncologico\\\/\"},\"wordCount\":549,\"publisher\":{\"@id\":\"https:\\\/\\\/www.livemag.it\\\/#organization\"},\"image\":{\"@id\":\"https:\\\/\\\/www.livemag.it\\\/index.php\\\/2025\\\/12\\\/05\\\/lilt-nasce-il-manifesto-per-lumanizzazione-delle-cure-per-il-paziente-oncologico\\\/#primaryimage\"},\"thumbnailUrl\":\"https:\\\/\\\/www.livemag.it\\\/wp-content\\\/uploads\\\/2025\\\/12\\\/20251205_1149.jpg\",\"articleSection\":[\"Mondo\"],\"inLanguage\":\"it-IT\"},{\"@type\":\"WebPage\",\"@id\":\"https:\\\/\\\/www.livemag.it\\\/index.php\\\/2025\\\/12\\\/05\\\/lilt-nasce-il-manifesto-per-lumanizzazione-delle-cure-per-il-paziente-oncologico\\\/\",\"url\":\"https:\\\/\\\/www.livemag.it\\\/index.php\\\/2025\\\/12\\\/05\\\/lilt-nasce-il-manifesto-per-lumanizzazione-delle-cure-per-il-paziente-oncologico\\\/\",\"name\":\"Lilt, nasce il Manifesto per l\u2019umanizzazione delle cure per il paziente oncologico - Live Magazine\",\"isPartOf\":{\"@id\":\"https:\\\/\\\/www.livemag.it\\\/#website\"},\"primaryImageOfPage\":{\"@id\":\"https:\\\/\\\/www.livemag.it\\\/index.php\\\/2025\\\/12\\\/05\\\/lilt-nasce-il-manifesto-per-lumanizzazione-delle-cure-per-il-paziente-oncologico\\\/#primaryimage\"},\"image\":{\"@id\":\"https:\\\/\\\/www.livemag.it\\\/index.php\\\/2025\\\/12\\\/05\\\/lilt-nasce-il-manifesto-per-lumanizzazione-delle-cure-per-il-paziente-oncologico\\\/#primaryimage\"},\"thumbnailUrl\":\"https:\\\/\\\/www.livemag.it\\\/wp-content\\\/uploads\\\/2025\\\/12\\\/20251205_1149.jpg\",\"datePublished\":\"2025-12-05T17:02:56+00:00\",\"breadcrumb\":{\"@id\":\"https:\\\/\\\/www.livemag.it\\\/index.php\\\/2025\\\/12\\\/05\\\/lilt-nasce-il-manifesto-per-lumanizzazione-delle-cure-per-il-paziente-oncologico\\\/#breadcrumb\"},\"inLanguage\":\"it-IT\",\"potentialAction\":[{\"@type\":\"ReadAction\",\"target\":[\"https:\\\/\\\/www.livemag.it\\\/index.php\\\/2025\\\/12\\\/05\\\/lilt-nasce-il-manifesto-per-lumanizzazione-delle-cure-per-il-paziente-oncologico\\\/\"]}]},{\"@type\":\"ImageObject\",\"inLanguage\":\"it-IT\",\"@id\":\"https:\\\/\\\/www.livemag.it\\\/index.php\\\/2025\\\/12\\\/05\\\/lilt-nasce-il-manifesto-per-lumanizzazione-delle-cure-per-il-paziente-oncologico\\\/#primaryimage\",\"url\":\"https:\\\/\\\/www.livemag.it\\\/wp-content\\\/uploads\\\/2025\\\/12\\\/20251205_1149.jpg\",\"contentUrl\":\"https:\\\/\\\/www.livemag.it\\\/wp-content\\\/uploads\\\/2025\\\/12\\\/20251205_1149.jpg\",\"width\":1620,\"height\":1080},{\"@type\":\"BreadcrumbList\",\"@id\":\"https:\\\/\\\/www.livemag.it\\\/index.php\\\/2025\\\/12\\\/05\\\/lilt-nasce-il-manifesto-per-lumanizzazione-delle-cure-per-il-paziente-oncologico\\\/#breadcrumb\",\"itemListElement\":[{\"@type\":\"ListItem\",\"position\":1,\"name\":\"Home\",\"item\":\"https:\\\/\\\/www.livemag.it\\\/\"},{\"@type\":\"ListItem\",\"position\":2,\"name\":\"Lilt, nasce il Manifesto per l\u2019umanizzazione delle cure per il paziente oncologico\"}]},{\"@type\":\"WebSite\",\"@id\":\"https:\\\/\\\/www.livemag.it\\\/#website\",\"url\":\"https:\\\/\\\/www.livemag.it\\\/\",\"name\":\"Live Magazine\",\"description\":\"Varie ed eventi\",\"publisher\":{\"@id\":\"https:\\\/\\\/www.livemag.it\\\/#organization\"},\"potentialAction\":[{\"@type\":\"SearchAction\",\"target\":{\"@type\":\"EntryPoint\",\"urlTemplate\":\"https:\\\/\\\/www.livemag.it\\\/?s={search_term_string}\"},\"query-input\":{\"@type\":\"PropertyValueSpecification\",\"valueRequired\":true,\"valueName\":\"search_term_string\"}}],\"inLanguage\":\"it-IT\"},{\"@type\":\"Organization\",\"@id\":\"https:\\\/\\\/www.livemag.it\\\/#organization\",\"name\":\"LiveMag\",\"alternateName\":\"LiveMag News ed eventi\",\"url\":\"https:\\\/\\\/www.livemag.it\\\/\",\"logo\":{\"@type\":\"ImageObject\",\"inLanguage\":\"it-IT\",\"@id\":\"https:\\\/\\\/www.livemag.it\\\/#\\\/schema\\\/logo\\\/image\\\/\",\"url\":\"https:\\\/\\\/www.livemag.it\\\/wp-content\\\/uploads\\\/2024\\\/02\\\/immagine-sito.jpg\",\"contentUrl\":\"https:\\\/\\\/www.livemag.it\\\/wp-content\\\/uploads\\\/2024\\\/02\\\/immagine-sito.jpg\",\"width\":696,\"height\":696,\"caption\":\"LiveMag\"},\"image\":{\"@id\":\"https:\\\/\\\/www.livemag.it\\\/#\\\/schema\\\/logo\\\/image\\\/\"},\"sameAs\":[\"https:\\\/\\\/www.facebook.com\\\/LiveMag\\\/\",\"https:\\\/\\\/x.com\\\/LiveNotizie\",\"https:\\\/\\\/www.instagram.com\\\/livemag\\\/\"]},{\"@type\":\"Person\",\"@id\":\"https:\\\/\\\/www.livemag.it\\\/#\\\/schema\\\/person\\\/b62c5f44451fdcdaeb0afe6c2424e73c\",\"name\":\"italpress\",\"image\":{\"@type\":\"ImageObject\",\"inLanguage\":\"it-IT\",\"@id\":\"https:\\\/\\\/secure.gravatar.com\\\/avatar\\\/b6a21695fc713ce7ee312cf57c97e2e641feb365be72d8745574d3c3e2b59066?s=96&r=g\",\"url\":\"https:\\\/\\\/secure.gravatar.com\\\/avatar\\\/b6a21695fc713ce7ee312cf57c97e2e641feb365be72d8745574d3c3e2b59066?s=96&r=g\",\"contentUrl\":\"https:\\\/\\\/secure.gravatar.com\\\/avatar\\\/b6a21695fc713ce7ee312cf57c97e2e641feb365be72d8745574d3c3e2b59066?s=96&r=g\",\"caption\":\"italpress\"},\"description\":\"Italpress \u00e8 un'agenzia di stampa italiana a carattere nazionale.\",\"url\":\"https:\\\/\\\/www.livemag.it\\\/index.php\\\/author\\\/italpress\\\/\"}]}<\/script>\n<!-- \/ Yoast SEO plugin. -->","yoast_head_json":{"title":"Lilt, nasce il Manifesto per l\u2019umanizzazione delle cure per il paziente oncologico - Live Magazine","robots":{"index":"index","follow":"follow","max-snippet":"max-snippet:-1","max-image-preview":"max-image-preview:large","max-video-preview":"max-video-preview:-1"},"canonical":"https:\/\/www.livemag.it\/index.php\/2025\/12\/05\/lilt-nasce-il-manifesto-per-lumanizzazione-delle-cure-per-il-paziente-oncologico\/","og_locale":"it_IT","og_type":"article","og_title":"Lilt, nasce il Manifesto per l\u2019umanizzazione delle cure per il paziente oncologico - Live Magazine","og_description":"LECCE (ITALPRESS) \u2013 Un modello di cura oncologica che \u201crimetta al centro la persona nella sua interezza\u201d. Dalla necessit\u00e0 di ascoltare le storie dei pazienti alla costruzione di percorsi personalizzati, dal valore della prevenzione alla collaborazione con il terzo settore, fino alla tutela del benessere degli operatori. Un appello lanciato dal palco del Teatro Paisiello [&hellip;]","og_url":"https:\/\/www.livemag.it\/index.php\/2025\/12\/05\/lilt-nasce-il-manifesto-per-lumanizzazione-delle-cure-per-il-paziente-oncologico\/","og_site_name":"Live Magazine","article_publisher":"https:\/\/www.facebook.com\/LiveMag\/","article_published_time":"2025-12-05T17:02:56+00:00","og_image":[{"width":1200,"height":675,"url":"https:\/\/www.livemag.it\/wp-content\/uploads\/2024\/02\/ograph.jpg","type":"image\/jpeg"}],"author":"italpress","twitter_card":"summary_large_image","twitter_creator":"@LiveNotizie","twitter_site":"@LiveNotizie","twitter_misc":{"Scritto da":"italpress","Tempo di lettura stimato":"3 minuti"},"schema":{"@context":"https:\/\/schema.org","@graph":[{"@type":"Article","@id":"https:\/\/www.livemag.it\/index.php\/2025\/12\/05\/lilt-nasce-il-manifesto-per-lumanizzazione-delle-cure-per-il-paziente-oncologico\/#article","isPartOf":{"@id":"https:\/\/www.livemag.it\/index.php\/2025\/12\/05\/lilt-nasce-il-manifesto-per-lumanizzazione-delle-cure-per-il-paziente-oncologico\/"},"author":{"name":"italpress","@id":"https:\/\/www.livemag.it\/#\/schema\/person\/b62c5f44451fdcdaeb0afe6c2424e73c"},"headline":"Lilt, nasce il Manifesto per l\u2019umanizzazione delle cure per il paziente oncologico","datePublished":"2025-12-05T17:02:56+00:00","mainEntityOfPage":{"@id":"https:\/\/www.livemag.it\/index.php\/2025\/12\/05\/lilt-nasce-il-manifesto-per-lumanizzazione-delle-cure-per-il-paziente-oncologico\/"},"wordCount":549,"publisher":{"@id":"https:\/\/www.livemag.it\/#organization"},"image":{"@id":"https:\/\/www.livemag.it\/index.php\/2025\/12\/05\/lilt-nasce-il-manifesto-per-lumanizzazione-delle-cure-per-il-paziente-oncologico\/#primaryimage"},"thumbnailUrl":"https:\/\/www.livemag.it\/wp-content\/uploads\/2025\/12\/20251205_1149.jpg","articleSection":["Mondo"],"inLanguage":"it-IT"},{"@type":"WebPage","@id":"https:\/\/www.livemag.it\/index.php\/2025\/12\/05\/lilt-nasce-il-manifesto-per-lumanizzazione-delle-cure-per-il-paziente-oncologico\/","url":"https:\/\/www.livemag.it\/index.php\/2025\/12\/05\/lilt-nasce-il-manifesto-per-lumanizzazione-delle-cure-per-il-paziente-oncologico\/","name":"Lilt, nasce il Manifesto per l\u2019umanizzazione delle cure per il paziente oncologico - Live Magazine","isPartOf":{"@id":"https:\/\/www.livemag.it\/#website"},"primaryImageOfPage":{"@id":"https:\/\/www.livemag.it\/index.php\/2025\/12\/05\/lilt-nasce-il-manifesto-per-lumanizzazione-delle-cure-per-il-paziente-oncologico\/#primaryimage"},"image":{"@id":"https:\/\/www.livemag.it\/index.php\/2025\/12\/05\/lilt-nasce-il-manifesto-per-lumanizzazione-delle-cure-per-il-paziente-oncologico\/#primaryimage"},"thumbnailUrl":"https:\/\/www.livemag.it\/wp-content\/uploads\/2025\/12\/20251205_1149.jpg","datePublished":"2025-12-05T17:02:56+00:00","breadcrumb":{"@id":"https:\/\/www.livemag.it\/index.php\/2025\/12\/05\/lilt-nasce-il-manifesto-per-lumanizzazione-delle-cure-per-il-paziente-oncologico\/#breadcrumb"},"inLanguage":"it-IT","potentialAction":[{"@type":"ReadAction","target":["https:\/\/www.livemag.it\/index.php\/2025\/12\/05\/lilt-nasce-il-manifesto-per-lumanizzazione-delle-cure-per-il-paziente-oncologico\/"]}]},{"@type":"ImageObject","inLanguage":"it-IT","@id":"https:\/\/www.livemag.it\/index.php\/2025\/12\/05\/lilt-nasce-il-manifesto-per-lumanizzazione-delle-cure-per-il-paziente-oncologico\/#primaryimage","url":"https:\/\/www.livemag.it\/wp-content\/uploads\/2025\/12\/20251205_1149.jpg","contentUrl":"https:\/\/www.livemag.it\/wp-content\/uploads\/2025\/12\/20251205_1149.jpg","width":1620,"height":1080},{"@type":"BreadcrumbList","@id":"https:\/\/www.livemag.it\/index.php\/2025\/12\/05\/lilt-nasce-il-manifesto-per-lumanizzazione-delle-cure-per-il-paziente-oncologico\/#breadcrumb","itemListElement":[{"@type":"ListItem","position":1,"name":"Home","item":"https:\/\/www.livemag.it\/"},{"@type":"ListItem","position":2,"name":"Lilt, nasce il Manifesto per l\u2019umanizzazione delle cure per il paziente oncologico"}]},{"@type":"WebSite","@id":"https:\/\/www.livemag.it\/#website","url":"https:\/\/www.livemag.it\/","name":"Live Magazine","description":"Varie ed eventi","publisher":{"@id":"https:\/\/www.livemag.it\/#organization"},"potentialAction":[{"@type":"SearchAction","target":{"@type":"EntryPoint","urlTemplate":"https:\/\/www.livemag.it\/?s={search_term_string}"},"query-input":{"@type":"PropertyValueSpecification","valueRequired":true,"valueName":"search_term_string"}}],"inLanguage":"it-IT"},{"@type":"Organization","@id":"https:\/\/www.livemag.it\/#organization","name":"LiveMag","alternateName":"LiveMag News ed eventi","url":"https:\/\/www.livemag.it\/","logo":{"@type":"ImageObject","inLanguage":"it-IT","@id":"https:\/\/www.livemag.it\/#\/schema\/logo\/image\/","url":"https:\/\/www.livemag.it\/wp-content\/uploads\/2024\/02\/immagine-sito.jpg","contentUrl":"https:\/\/www.livemag.it\/wp-content\/uploads\/2024\/02\/immagine-sito.jpg","width":696,"height":696,"caption":"LiveMag"},"image":{"@id":"https:\/\/www.livemag.it\/#\/schema\/logo\/image\/"},"sameAs":["https:\/\/www.facebook.com\/LiveMag\/","https:\/\/x.com\/LiveNotizie","https:\/\/www.instagram.com\/livemag\/"]},{"@type":"Person","@id":"https:\/\/www.livemag.it\/#\/schema\/person\/b62c5f44451fdcdaeb0afe6c2424e73c","name":"italpress","image":{"@type":"ImageObject","inLanguage":"it-IT","@id":"https:\/\/secure.gravatar.com\/avatar\/b6a21695fc713ce7ee312cf57c97e2e641feb365be72d8745574d3c3e2b59066?s=96&r=g","url":"https:\/\/secure.gravatar.com\/avatar\/b6a21695fc713ce7ee312cf57c97e2e641feb365be72d8745574d3c3e2b59066?s=96&r=g","contentUrl":"https:\/\/secure.gravatar.com\/avatar\/b6a21695fc713ce7ee312cf57c97e2e641feb365be72d8745574d3c3e2b59066?s=96&r=g","caption":"italpress"},"description":"Italpress \u00e8 un'agenzia di stampa italiana a carattere nazionale.","url":"https:\/\/www.livemag.it\/index.php\/author\/italpress\/"}]}},"jetpack_featured_media_url":"https:\/\/www.livemag.it\/wp-content\/uploads\/2025\/12\/20251205_1149.jpg","_links":{"self":[{"href":"https:\/\/www.livemag.it\/index.php\/wp-json\/wp\/v2\/posts\/64875","targetHints":{"allow":["GET"]}}],"collection":[{"href":"https:\/\/www.livemag.it\/index.php\/wp-json\/wp\/v2\/posts"}],"about":[{"href":"https:\/\/www.livemag.it\/index.php\/wp-json\/wp\/v2\/types\/post"}],"author":[{"embeddable":true,"href":"https:\/\/www.livemag.it\/index.php\/wp-json\/wp\/v2\/users\/16"}],"replies":[{"embeddable":true,"href":"https:\/\/www.livemag.it\/index.php\/wp-json\/wp\/v2\/comments?post=64875"}],"version-history":[{"count":0,"href":"https:\/\/www.livemag.it\/index.php\/wp-json\/wp\/v2\/posts\/64875\/revisions"}],"wp:featuredmedia":[{"embeddable":true,"href":"https:\/\/www.livemag.it\/index.php\/wp-json\/wp\/v2\/media\/64876"}],"wp:attachment":[{"href":"https:\/\/www.livemag.it\/index.php\/wp-json\/wp\/v2\/media?parent=64875"}],"wp:term":[{"taxonomy":"category","embeddable":true,"href":"https:\/\/www.livemag.it\/index.php\/wp-json\/wp\/v2\/categories?post=64875"},{"taxonomy":"post_tag","embeddable":true,"href":"https:\/\/www.livemag.it\/index.php\/wp-json\/wp\/v2\/tags?post=64875"}],"curies":[{"name":"wp","href":"https:\/\/api.w.org\/{rel}","templated":true}]}}