{"id":64871,"date":"2025-12-05T18:02:48","date_gmt":"2025-12-05T17:02:48","guid":{"rendered":"https:\/\/www.livemag.it\/index.php\/2025\/12\/05\/ponte-dellimmacolata-14-milioni-di-italiani-in-viaggio\/"},"modified":"2025-12-05T18:02:48","modified_gmt":"2025-12-05T17:02:48","slug":"ponte-dellimmacolata-14-milioni-di-italiani-in-viaggio","status":"publish","type":"post","link":"https:\/\/www.livemag.it\/index.php\/2025\/12\/05\/ponte-dellimmacolata-14-milioni-di-italiani-in-viaggio\/","title":{"rendered":"<div>Ponte dell&#8217;Immacolata, 14 milioni di italiani in viaggio<\/div>"},"content":{"rendered":"<p>    <video-js id=\"videojs69f1c3a9a7766\" class=\"vjs-big-play-centered\" controls preload=\"auto\" playsinline data-setup='{\"fluid\": true}'>\r\n        <source src=\"https:\/\/video.italpress.com\/play\/mp4\/video\/MxBB\" type=\"video\/mp4\" \/>\r\n    <\/video-js>\r\n           <br \/>\n<\/p>\n<div> ROMA (ITALPRESS) &#8211; Il ponte dell\u2019Immacolata si conferma l\u2019anticamera delle vacanze natalizie, con 14 milioni di italiani pronti a mettersi in viaggio. Le destinazioni pi\u00f9 richieste restano le citt\u00e0 d\u2019arte e le localit\u00e0 immerse nella natura, mentre per il soggiorno prevalgono l\u2019albergo e il villaggio turistico, soluzioni considerate ideali per trascorrere qualche giorno in pieno relax. La permanenza media sar\u00e0 di poco superiore ai quattro giorni. Secondo l\u2019indagine realizzata per Federalberghi da Tecn\u00e8, la maggior parte dei viaggiatori sceglier\u00e0 di rimanere in Italia, attratta dal patrimonio artistico e museale del Paese. Chi si spinger\u00e0 oltreconfine punter\u00e0 invece alle grandi capitali europee e intercontinentali. La spesa media prevista si aggira sui seicento euro a persona, generando un volume economico stimato in oltre otto miliardi di euro. Cresce anche l\u2019interesse per i mercatini natalizi, diventati tappe irrinunciabili per chi desidera immergersi nell\u2019atmosfera delle feste e riscoprire tradizioni locali ormai consolidate.<br \/>\nDurante questi giorni, le attivit\u00e0 principali consisteranno in passeggiate, visita a musei o mostre e a monumenti o aree archeologiche. Nel 46% dei casi gli intervistati dichiarano di aver rinunciato alla vacanza per motivi economici.<br \/>\nsat\/gtr<\/div>\n","protected":false},"excerpt":{"rendered":"<p>ROMA (ITALPRESS) &#8211; Il ponte dell\u2019Immacolata si conferma l\u2019anticamera delle vacanze natalizie, con 14 milioni di italiani pronti a mettersi in viaggio. Le destinazioni pi\u00f9 richieste restano le citt\u00e0 d\u2019arte e le localit\u00e0 immerse nella natura, mentre per il soggiorno prevalgono l\u2019albergo e il villaggio turistico, soluzioni considerate ideali per trascorrere qualche giorno in pieno [&hellip;]<\/p>\n","protected":false},"author":16,"featured_media":64872,"comment_status":"closed","ping_status":"closed","sticky":false,"template":"","format":"video","meta":{"jnews-multi-image_gallery":[],"jnews_single_post":[],"jnews_primary_category":[],"jnews_social_meta":[],"jnews_override_counter":[],"jnews_post_split":[],"footnotes":""},"categories":[1171],"tags":[],"class_list":["post-64871","post","type-post","status-publish","format-video","has-post-thumbnail","hentry","category-video","post_format-post-format-video"],"yoast_head":"<!-- This site is optimized with the Yoast SEO plugin v27.5 - https:\/\/yoast.com\/product\/yoast-seo-wordpress\/ -->\n<title>Ponte dell&#039;Immacolata, 14 milioni di italiani in viaggio - Live Magazine<\/title>\n<meta name=\"robots\" content=\"index, follow, max-snippet:-1, max-image-preview:large, max-video-preview:-1\" \/>\n<link rel=\"canonical\" href=\"https:\/\/www.livemag.it\/index.php\/2025\/12\/05\/ponte-dellimmacolata-14-milioni-di-italiani-in-viaggio\/\" \/>\n<meta property=\"og:locale\" content=\"it_IT\" \/>\n<meta property=\"og:type\" content=\"article\" \/>\n<meta property=\"og:title\" content=\"Ponte dell&#039;Immacolata, 14 milioni di italiani in viaggio - Live Magazine\" \/>\n<meta property=\"og:description\" content=\"ROMA (ITALPRESS) &#8211; Il ponte dell\u2019Immacolata si conferma l\u2019anticamera delle vacanze natalizie, con 14 milioni di italiani pronti a mettersi in viaggio. Le destinazioni pi\u00f9 richieste restano le citt\u00e0 d\u2019arte e le localit\u00e0 immerse nella natura, mentre per il soggiorno prevalgono l\u2019albergo e il villaggio turistico, soluzioni considerate ideali per trascorrere qualche giorno in pieno [&hellip;]\" \/>\n<meta property=\"og:url\" content=\"https:\/\/www.livemag.it\/index.php\/2025\/12\/05\/ponte-dellimmacolata-14-milioni-di-italiani-in-viaggio\/\" \/>\n<meta property=\"og:site_name\" content=\"Live Magazine\" \/>\n<meta property=\"article:publisher\" content=\"https:\/\/www.facebook.com\/LiveMag\/\" \/>\n<meta property=\"article:published_time\" content=\"2025-12-05T17:02:48+00:00\" \/>\n<meta property=\"og:image\" content=\"https:\/\/www.livemag.it\/wp-content\/uploads\/2024\/02\/ograph.jpg\" \/>\n\t<meta property=\"og:image:width\" content=\"1200\" \/>\n\t<meta property=\"og:image:height\" content=\"675\" \/>\n\t<meta property=\"og:image:type\" content=\"image\/jpeg\" \/>\n<meta name=\"author\" content=\"italpress\" \/>\n<meta name=\"twitter:card\" content=\"summary_large_image\" \/>\n<meta name=\"twitter:creator\" content=\"@LiveNotizie\" \/>\n<meta name=\"twitter:site\" content=\"@LiveNotizie\" \/>\n<meta name=\"twitter:label1\" content=\"Scritto da\" \/>\n\t<meta name=\"twitter:data1\" content=\"italpress\" \/>\n\t<meta name=\"twitter:label2\" content=\"Tempo di lettura stimato\" \/>\n\t<meta name=\"twitter:data2\" content=\"1 minuto\" \/>\n<script type=\"application\/ld+json\" class=\"yoast-schema-graph\">{\"@context\":\"https:\\\/\\\/schema.org\",\"@graph\":[{\"@type\":\"Article\",\"@id\":\"https:\\\/\\\/www.livemag.it\\\/index.php\\\/2025\\\/12\\\/05\\\/ponte-dellimmacolata-14-milioni-di-italiani-in-viaggio\\\/#article\",\"isPartOf\":{\"@id\":\"https:\\\/\\\/www.livemag.it\\\/index.php\\\/2025\\\/12\\\/05\\\/ponte-dellimmacolata-14-milioni-di-italiani-in-viaggio\\\/\"},\"author\":{\"name\":\"italpress\",\"@id\":\"https:\\\/\\\/www.livemag.it\\\/#\\\/schema\\\/person\\\/b62c5f44451fdcdaeb0afe6c2424e73c\"},\"headline\":\"Ponte dell&#8217;Immacolata, 14 milioni di italiani in viaggio\",\"datePublished\":\"2025-12-05T17:02:48+00:00\",\"mainEntityOfPage\":{\"@id\":\"https:\\\/\\\/www.livemag.it\\\/index.php\\\/2025\\\/12\\\/05\\\/ponte-dellimmacolata-14-milioni-di-italiani-in-viaggio\\\/\"},\"wordCount\":209,\"publisher\":{\"@id\":\"https:\\\/\\\/www.livemag.it\\\/#organization\"},\"image\":{\"@id\":\"https:\\\/\\\/www.livemag.it\\\/index.php\\\/2025\\\/12\\\/05\\\/ponte-dellimmacolata-14-milioni-di-italiani-in-viaggio\\\/#primaryimage\"},\"thumbnailUrl\":\"https:\\\/\\\/www.livemag.it\\\/wp-content\\\/uploads\\\/2025\\\/12\\\/MxBB.jpg\",\"articleSection\":[\"Video\"],\"inLanguage\":\"it-IT\"},{\"@type\":\"WebPage\",\"@id\":\"https:\\\/\\\/www.livemag.it\\\/index.php\\\/2025\\\/12\\\/05\\\/ponte-dellimmacolata-14-milioni-di-italiani-in-viaggio\\\/\",\"url\":\"https:\\\/\\\/www.livemag.it\\\/index.php\\\/2025\\\/12\\\/05\\\/ponte-dellimmacolata-14-milioni-di-italiani-in-viaggio\\\/\",\"name\":\"Ponte dell'Immacolata, 14 milioni di italiani in viaggio - Live Magazine\",\"isPartOf\":{\"@id\":\"https:\\\/\\\/www.livemag.it\\\/#website\"},\"primaryImageOfPage\":{\"@id\":\"https:\\\/\\\/www.livemag.it\\\/index.php\\\/2025\\\/12\\\/05\\\/ponte-dellimmacolata-14-milioni-di-italiani-in-viaggio\\\/#primaryimage\"},\"image\":{\"@id\":\"https:\\\/\\\/www.livemag.it\\\/index.php\\\/2025\\\/12\\\/05\\\/ponte-dellimmacolata-14-milioni-di-italiani-in-viaggio\\\/#primaryimage\"},\"thumbnailUrl\":\"https:\\\/\\\/www.livemag.it\\\/wp-content\\\/uploads\\\/2025\\\/12\\\/MxBB.jpg\",\"datePublished\":\"2025-12-05T17:02:48+00:00\",\"breadcrumb\":{\"@id\":\"https:\\\/\\\/www.livemag.it\\\/index.php\\\/2025\\\/12\\\/05\\\/ponte-dellimmacolata-14-milioni-di-italiani-in-viaggio\\\/#breadcrumb\"},\"inLanguage\":\"it-IT\",\"potentialAction\":[{\"@type\":\"ReadAction\",\"target\":[\"https:\\\/\\\/www.livemag.it\\\/index.php\\\/2025\\\/12\\\/05\\\/ponte-dellimmacolata-14-milioni-di-italiani-in-viaggio\\\/\"]}]},{\"@type\":\"ImageObject\",\"inLanguage\":\"it-IT\",\"@id\":\"https:\\\/\\\/www.livemag.it\\\/index.php\\\/2025\\\/12\\\/05\\\/ponte-dellimmacolata-14-milioni-di-italiani-in-viaggio\\\/#primaryimage\",\"url\":\"https:\\\/\\\/www.livemag.it\\\/wp-content\\\/uploads\\\/2025\\\/12\\\/MxBB.jpg\",\"contentUrl\":\"https:\\\/\\\/www.livemag.it\\\/wp-content\\\/uploads\\\/2025\\\/12\\\/MxBB.jpg\",\"width\":1920,\"height\":1080},{\"@type\":\"BreadcrumbList\",\"@id\":\"https:\\\/\\\/www.livemag.it\\\/index.php\\\/2025\\\/12\\\/05\\\/ponte-dellimmacolata-14-milioni-di-italiani-in-viaggio\\\/#breadcrumb\",\"itemListElement\":[{\"@type\":\"ListItem\",\"position\":1,\"name\":\"Home\",\"item\":\"https:\\\/\\\/www.livemag.it\\\/\"},{\"@type\":\"ListItem\",\"position\":2,\"name\":\"Ponte dell&#8217;Immacolata, 14 milioni di italiani in viaggio\"}]},{\"@type\":\"WebSite\",\"@id\":\"https:\\\/\\\/www.livemag.it\\\/#website\",\"url\":\"https:\\\/\\\/www.livemag.it\\\/\",\"name\":\"Live Magazine\",\"description\":\"Varie ed eventi\",\"publisher\":{\"@id\":\"https:\\\/\\\/www.livemag.it\\\/#organization\"},\"potentialAction\":[{\"@type\":\"SearchAction\",\"target\":{\"@type\":\"EntryPoint\",\"urlTemplate\":\"https:\\\/\\\/www.livemag.it\\\/?s={search_term_string}\"},\"query-input\":{\"@type\":\"PropertyValueSpecification\",\"valueRequired\":true,\"valueName\":\"search_term_string\"}}],\"inLanguage\":\"it-IT\"},{\"@type\":\"Organization\",\"@id\":\"https:\\\/\\\/www.livemag.it\\\/#organization\",\"name\":\"LiveMag\",\"alternateName\":\"LiveMag News ed eventi\",\"url\":\"https:\\\/\\\/www.livemag.it\\\/\",\"logo\":{\"@type\":\"ImageObject\",\"inLanguage\":\"it-IT\",\"@id\":\"https:\\\/\\\/www.livemag.it\\\/#\\\/schema\\\/logo\\\/image\\\/\",\"url\":\"https:\\\/\\\/www.livemag.it\\\/wp-content\\\/uploads\\\/2024\\\/02\\\/immagine-sito.jpg\",\"contentUrl\":\"https:\\\/\\\/www.livemag.it\\\/wp-content\\\/uploads\\\/2024\\\/02\\\/immagine-sito.jpg\",\"width\":696,\"height\":696,\"caption\":\"LiveMag\"},\"image\":{\"@id\":\"https:\\\/\\\/www.livemag.it\\\/#\\\/schema\\\/logo\\\/image\\\/\"},\"sameAs\":[\"https:\\\/\\\/www.facebook.com\\\/LiveMag\\\/\",\"https:\\\/\\\/x.com\\\/LiveNotizie\",\"https:\\\/\\\/www.instagram.com\\\/livemag\\\/\"]},{\"@type\":\"Person\",\"@id\":\"https:\\\/\\\/www.livemag.it\\\/#\\\/schema\\\/person\\\/b62c5f44451fdcdaeb0afe6c2424e73c\",\"name\":\"italpress\",\"image\":{\"@type\":\"ImageObject\",\"inLanguage\":\"it-IT\",\"@id\":\"https:\\\/\\\/secure.gravatar.com\\\/avatar\\\/b6a21695fc713ce7ee312cf57c97e2e641feb365be72d8745574d3c3e2b59066?s=96&r=g\",\"url\":\"https:\\\/\\\/secure.gravatar.com\\\/avatar\\\/b6a21695fc713ce7ee312cf57c97e2e641feb365be72d8745574d3c3e2b59066?s=96&r=g\",\"contentUrl\":\"https:\\\/\\\/secure.gravatar.com\\\/avatar\\\/b6a21695fc713ce7ee312cf57c97e2e641feb365be72d8745574d3c3e2b59066?s=96&r=g\",\"caption\":\"italpress\"},\"description\":\"Italpress \u00e8 un'agenzia di stampa italiana a carattere nazionale.\",\"url\":\"https:\\\/\\\/www.livemag.it\\\/index.php\\\/author\\\/italpress\\\/\"}]}<\/script>\n<!-- \/ Yoast SEO plugin. -->","yoast_head_json":{"title":"Ponte dell'Immacolata, 14 milioni di italiani in viaggio - Live Magazine","robots":{"index":"index","follow":"follow","max-snippet":"max-snippet:-1","max-image-preview":"max-image-preview:large","max-video-preview":"max-video-preview:-1"},"canonical":"https:\/\/www.livemag.it\/index.php\/2025\/12\/05\/ponte-dellimmacolata-14-milioni-di-italiani-in-viaggio\/","og_locale":"it_IT","og_type":"article","og_title":"Ponte dell'Immacolata, 14 milioni di italiani in viaggio - Live Magazine","og_description":"ROMA (ITALPRESS) &#8211; Il ponte dell\u2019Immacolata si conferma l\u2019anticamera delle vacanze natalizie, con 14 milioni di italiani pronti a mettersi in viaggio. Le destinazioni pi\u00f9 richieste restano le citt\u00e0 d\u2019arte e le localit\u00e0 immerse nella natura, mentre per il soggiorno prevalgono l\u2019albergo e il villaggio turistico, soluzioni considerate ideali per trascorrere qualche giorno in pieno [&hellip;]","og_url":"https:\/\/www.livemag.it\/index.php\/2025\/12\/05\/ponte-dellimmacolata-14-milioni-di-italiani-in-viaggio\/","og_site_name":"Live Magazine","article_publisher":"https:\/\/www.facebook.com\/LiveMag\/","article_published_time":"2025-12-05T17:02:48+00:00","og_image":[{"width":1200,"height":675,"url":"https:\/\/www.livemag.it\/wp-content\/uploads\/2024\/02\/ograph.jpg","type":"image\/jpeg"}],"author":"italpress","twitter_card":"summary_large_image","twitter_creator":"@LiveNotizie","twitter_site":"@LiveNotizie","twitter_misc":{"Scritto da":"italpress","Tempo di lettura stimato":"1 minuto"},"schema":{"@context":"https:\/\/schema.org","@graph":[{"@type":"Article","@id":"https:\/\/www.livemag.it\/index.php\/2025\/12\/05\/ponte-dellimmacolata-14-milioni-di-italiani-in-viaggio\/#article","isPartOf":{"@id":"https:\/\/www.livemag.it\/index.php\/2025\/12\/05\/ponte-dellimmacolata-14-milioni-di-italiani-in-viaggio\/"},"author":{"name":"italpress","@id":"https:\/\/www.livemag.it\/#\/schema\/person\/b62c5f44451fdcdaeb0afe6c2424e73c"},"headline":"Ponte dell&#8217;Immacolata, 14 milioni di italiani in viaggio","datePublished":"2025-12-05T17:02:48+00:00","mainEntityOfPage":{"@id":"https:\/\/www.livemag.it\/index.php\/2025\/12\/05\/ponte-dellimmacolata-14-milioni-di-italiani-in-viaggio\/"},"wordCount":209,"publisher":{"@id":"https:\/\/www.livemag.it\/#organization"},"image":{"@id":"https:\/\/www.livemag.it\/index.php\/2025\/12\/05\/ponte-dellimmacolata-14-milioni-di-italiani-in-viaggio\/#primaryimage"},"thumbnailUrl":"https:\/\/www.livemag.it\/wp-content\/uploads\/2025\/12\/MxBB.jpg","articleSection":["Video"],"inLanguage":"it-IT"},{"@type":"WebPage","@id":"https:\/\/www.livemag.it\/index.php\/2025\/12\/05\/ponte-dellimmacolata-14-milioni-di-italiani-in-viaggio\/","url":"https:\/\/www.livemag.it\/index.php\/2025\/12\/05\/ponte-dellimmacolata-14-milioni-di-italiani-in-viaggio\/","name":"Ponte dell'Immacolata, 14 milioni di italiani in viaggio - Live Magazine","isPartOf":{"@id":"https:\/\/www.livemag.it\/#website"},"primaryImageOfPage":{"@id":"https:\/\/www.livemag.it\/index.php\/2025\/12\/05\/ponte-dellimmacolata-14-milioni-di-italiani-in-viaggio\/#primaryimage"},"image":{"@id":"https:\/\/www.livemag.it\/index.php\/2025\/12\/05\/ponte-dellimmacolata-14-milioni-di-italiani-in-viaggio\/#primaryimage"},"thumbnailUrl":"https:\/\/www.livemag.it\/wp-content\/uploads\/2025\/12\/MxBB.jpg","datePublished":"2025-12-05T17:02:48+00:00","breadcrumb":{"@id":"https:\/\/www.livemag.it\/index.php\/2025\/12\/05\/ponte-dellimmacolata-14-milioni-di-italiani-in-viaggio\/#breadcrumb"},"inLanguage":"it-IT","potentialAction":[{"@type":"ReadAction","target":["https:\/\/www.livemag.it\/index.php\/2025\/12\/05\/ponte-dellimmacolata-14-milioni-di-italiani-in-viaggio\/"]}]},{"@type":"ImageObject","inLanguage":"it-IT","@id":"https:\/\/www.livemag.it\/index.php\/2025\/12\/05\/ponte-dellimmacolata-14-milioni-di-italiani-in-viaggio\/#primaryimage","url":"https:\/\/www.livemag.it\/wp-content\/uploads\/2025\/12\/MxBB.jpg","contentUrl":"https:\/\/www.livemag.it\/wp-content\/uploads\/2025\/12\/MxBB.jpg","width":1920,"height":1080},{"@type":"BreadcrumbList","@id":"https:\/\/www.livemag.it\/index.php\/2025\/12\/05\/ponte-dellimmacolata-14-milioni-di-italiani-in-viaggio\/#breadcrumb","itemListElement":[{"@type":"ListItem","position":1,"name":"Home","item":"https:\/\/www.livemag.it\/"},{"@type":"ListItem","position":2,"name":"Ponte dell&#8217;Immacolata, 14 milioni di italiani in viaggio"}]},{"@type":"WebSite","@id":"https:\/\/www.livemag.it\/#website","url":"https:\/\/www.livemag.it\/","name":"Live Magazine","description":"Varie ed eventi","publisher":{"@id":"https:\/\/www.livemag.it\/#organization"},"potentialAction":[{"@type":"SearchAction","target":{"@type":"EntryPoint","urlTemplate":"https:\/\/www.livemag.it\/?s={search_term_string}"},"query-input":{"@type":"PropertyValueSpecification","valueRequired":true,"valueName":"search_term_string"}}],"inLanguage":"it-IT"},{"@type":"Organization","@id":"https:\/\/www.livemag.it\/#organization","name":"LiveMag","alternateName":"LiveMag News ed eventi","url":"https:\/\/www.livemag.it\/","logo":{"@type":"ImageObject","inLanguage":"it-IT","@id":"https:\/\/www.livemag.it\/#\/schema\/logo\/image\/","url":"https:\/\/www.livemag.it\/wp-content\/uploads\/2024\/02\/immagine-sito.jpg","contentUrl":"https:\/\/www.livemag.it\/wp-content\/uploads\/2024\/02\/immagine-sito.jpg","width":696,"height":696,"caption":"LiveMag"},"image":{"@id":"https:\/\/www.livemag.it\/#\/schema\/logo\/image\/"},"sameAs":["https:\/\/www.facebook.com\/LiveMag\/","https:\/\/x.com\/LiveNotizie","https:\/\/www.instagram.com\/livemag\/"]},{"@type":"Person","@id":"https:\/\/www.livemag.it\/#\/schema\/person\/b62c5f44451fdcdaeb0afe6c2424e73c","name":"italpress","image":{"@type":"ImageObject","inLanguage":"it-IT","@id":"https:\/\/secure.gravatar.com\/avatar\/b6a21695fc713ce7ee312cf57c97e2e641feb365be72d8745574d3c3e2b59066?s=96&r=g","url":"https:\/\/secure.gravatar.com\/avatar\/b6a21695fc713ce7ee312cf57c97e2e641feb365be72d8745574d3c3e2b59066?s=96&r=g","contentUrl":"https:\/\/secure.gravatar.com\/avatar\/b6a21695fc713ce7ee312cf57c97e2e641feb365be72d8745574d3c3e2b59066?s=96&r=g","caption":"italpress"},"description":"Italpress \u00e8 un'agenzia di stampa italiana a carattere nazionale.","url":"https:\/\/www.livemag.it\/index.php\/author\/italpress\/"}]}},"jetpack_featured_media_url":"https:\/\/www.livemag.it\/wp-content\/uploads\/2025\/12\/MxBB.jpg","_links":{"self":[{"href":"https:\/\/www.livemag.it\/index.php\/wp-json\/wp\/v2\/posts\/64871","targetHints":{"allow":["GET"]}}],"collection":[{"href":"https:\/\/www.livemag.it\/index.php\/wp-json\/wp\/v2\/posts"}],"about":[{"href":"https:\/\/www.livemag.it\/index.php\/wp-json\/wp\/v2\/types\/post"}],"author":[{"embeddable":true,"href":"https:\/\/www.livemag.it\/index.php\/wp-json\/wp\/v2\/users\/16"}],"replies":[{"embeddable":true,"href":"https:\/\/www.livemag.it\/index.php\/wp-json\/wp\/v2\/comments?post=64871"}],"version-history":[{"count":0,"href":"https:\/\/www.livemag.it\/index.php\/wp-json\/wp\/v2\/posts\/64871\/revisions"}],"wp:featuredmedia":[{"embeddable":true,"href":"https:\/\/www.livemag.it\/index.php\/wp-json\/wp\/v2\/media\/64872"}],"wp:attachment":[{"href":"https:\/\/www.livemag.it\/index.php\/wp-json\/wp\/v2\/media?parent=64871"}],"wp:term":[{"taxonomy":"category","embeddable":true,"href":"https:\/\/www.livemag.it\/index.php\/wp-json\/wp\/v2\/categories?post=64871"},{"taxonomy":"post_tag","embeddable":true,"href":"https:\/\/www.livemag.it\/index.php\/wp-json\/wp\/v2\/tags?post=64871"}],"curies":[{"name":"wp","href":"https:\/\/api.w.org\/{rel}","templated":true}]}}