{"id":64689,"date":"2025-12-03T21:02:43","date_gmt":"2025-12-03T20:02:43","guid":{"rendered":"https:\/\/www.livemag.it\/index.php\/2025\/12\/03\/a-vienna-in-mostra-capolavori-della-citta-proibita-cinese\/"},"modified":"2025-12-03T21:02:43","modified_gmt":"2025-12-03T20:02:43","slug":"a-vienna-in-mostra-capolavori-della-citta-proibita-cinese","status":"publish","type":"post","link":"https:\/\/www.livemag.it\/index.php\/2025\/12\/03\/a-vienna-in-mostra-capolavori-della-citta-proibita-cinese\/","title":{"rendered":"A Vienna in mostra capolavori della Citt\u00e0 Proibita cinese"},"content":{"rendered":"<div>\n<p>VIENNA (AUSTRIA) (XINHUA\/ITALPRESS) \u2013 Una mostra dedicata all\u2019arte della Citt\u00e0 Proibita cinese si \u00e8 aperta marted\u00ec al Kunsthistorisches Museum di Vienna, esplorando i parallelismi e le contrapposizioni tra Oriente e Occidente nelle loro espressioni artistiche relative al potere, alla cultura e agli ideali di vita.<\/p>\n<p>Intitolata \u201cArte ed estetica della Citt\u00e0 Proibita cinese\u201d, la mostra speciale presenta 76 capolavori provenienti dal Museo del Palazzo di Pechino, la maggior parte dei quali esposti per la prima volta in Europa.<\/p>\n<p>Il Museo del Palazzo \u00e8 un museo leader a livello mondiale con una collezione assolutamente straordinaria, parte della quale \u00e8 visibile qui, ha dichiarato Jonathan Fine, direttore del Kunsthistorisches Museum.<\/p>\n<p>Le opere esposte includono giade, porcellane, reperti laccati e smaltati e orologi, riflettendo i risultati artistici e tecnici dell\u2019arte e dell\u2019artigianato cinesi di corte del XVIII secolo.<\/p>\n<p>Il pezzo forte della mostra \u00e8 uno scettro ruyi in filigrana di bronzo dorato con intarsi in giada. Il reperto dimostra non solo l\u2019eccezionale maestria della filigrana cinese, ma racchiude anche un significato di buon auspicio, \u201cfelicit\u00e0 e benedizione\u201d.<\/p>\n<p>\u201cQuesto evento \u00e8 un\u2019attivit\u00e0 culturale di punta per celebrare il 55esimo anniversario delle relazioni diplomatiche tra Cina e Austria nel 2026\u201d, ha dichiarato l\u2019ambasciatrice cinese in Austria, Qi Mei. Qi ha aggiunto che la mostra riflette l\u2019amicizia duratura tra le due nazioni, un legame che risale all\u2019antica Via della seta.<\/p>\n<p>Liu Zhenghong, vice direttore del Dipartimento di Storia della Corte del Museo del Palazzo, ha affermato che Vienna rimane una delle capitali culturali d\u2019Europa e che questa mostra crea un ponte culturale tra la citt\u00e0 austriaca e la Citt\u00e0 Proibita. Liu ha espresso l\u2019auspicio di ulteriori scambi e cooperazione tra il Museo del Palazzo e le istituzioni internazionali.<\/p>\n<p>Curata congiuntamente dal Museo del Palazzo e dal Kunsthistorisches Museum, la mostra rimarr\u00e0 aperta fino al 6 aprile 2026.<br \/>(ITALPRESS).<br \/> -Foto Xinhua-<\/p>\n<\/div>\n","protected":false},"excerpt":{"rendered":"<p>VIENNA (AUSTRIA) (XINHUA\/ITALPRESS) \u2013 Una mostra dedicata all\u2019arte della Citt\u00e0 Proibita cinese si \u00e8 aperta marted\u00ec al Kunsthistorisches Museum di Vienna, esplorando i parallelismi e le contrapposizioni tra Oriente e Occidente nelle loro espressioni artistiche relative al potere, alla cultura e agli ideali di vita. Intitolata \u201cArte ed estetica della Citt\u00e0 Proibita cinese\u201d, la mostra [&hellip;]<\/p>\n","protected":false},"author":16,"featured_media":64690,"comment_status":"closed","ping_status":"closed","sticky":false,"template":"","format":"standard","meta":{"jnews-multi-image_gallery":[],"jnews_single_post":[],"jnews_primary_category":[],"jnews_social_meta":[],"jnews_override_counter":[],"jnews_post_split":[],"footnotes":""},"categories":[1129],"tags":[],"class_list":["post-64689","post","type-post","status-publish","format-standard","has-post-thumbnail","hentry","category-mondo"],"yoast_head":"<!-- This site is optimized with the Yoast SEO plugin v27.4 - https:\/\/yoast.com\/product\/yoast-seo-wordpress\/ -->\n<title>A Vienna in mostra capolavori della Citt\u00e0 Proibita cinese - Live Magazine<\/title>\n<meta name=\"robots\" content=\"index, follow, max-snippet:-1, max-image-preview:large, max-video-preview:-1\" \/>\n<link rel=\"canonical\" href=\"https:\/\/www.livemag.it\/index.php\/2025\/12\/03\/a-vienna-in-mostra-capolavori-della-citta-proibita-cinese\/\" \/>\n<meta property=\"og:locale\" content=\"it_IT\" \/>\n<meta property=\"og:type\" content=\"article\" \/>\n<meta property=\"og:title\" content=\"A Vienna in mostra capolavori della Citt\u00e0 Proibita cinese - Live Magazine\" \/>\n<meta property=\"og:description\" content=\"VIENNA (AUSTRIA) (XINHUA\/ITALPRESS) \u2013 Una mostra dedicata all\u2019arte della Citt\u00e0 Proibita cinese si \u00e8 aperta marted\u00ec al Kunsthistorisches Museum di Vienna, esplorando i parallelismi e le contrapposizioni tra Oriente e Occidente nelle loro espressioni artistiche relative al potere, alla cultura e agli ideali di vita. Intitolata \u201cArte ed estetica della Citt\u00e0 Proibita cinese\u201d, la mostra [&hellip;]\" \/>\n<meta property=\"og:url\" content=\"https:\/\/www.livemag.it\/index.php\/2025\/12\/03\/a-vienna-in-mostra-capolavori-della-citta-proibita-cinese\/\" \/>\n<meta property=\"og:site_name\" content=\"Live Magazine\" \/>\n<meta property=\"article:publisher\" content=\"https:\/\/www.facebook.com\/LiveMag\/\" \/>\n<meta property=\"article:published_time\" content=\"2025-12-03T20:02:43+00:00\" \/>\n<meta property=\"og:image\" content=\"https:\/\/www.livemag.it\/wp-content\/uploads\/2024\/02\/ograph.jpg\" \/>\n\t<meta property=\"og:image:width\" content=\"1200\" \/>\n\t<meta property=\"og:image:height\" content=\"675\" \/>\n\t<meta property=\"og:image:type\" content=\"image\/jpeg\" \/>\n<meta name=\"author\" content=\"italpress\" \/>\n<meta name=\"twitter:card\" content=\"summary_large_image\" \/>\n<meta name=\"twitter:creator\" content=\"@LiveNotizie\" \/>\n<meta name=\"twitter:site\" content=\"@LiveNotizie\" \/>\n<meta name=\"twitter:label1\" content=\"Scritto da\" \/>\n\t<meta name=\"twitter:data1\" content=\"italpress\" \/>\n\t<meta name=\"twitter:label2\" content=\"Tempo di lettura stimato\" \/>\n\t<meta name=\"twitter:data2\" content=\"2 minuti\" \/>\n<script type=\"application\/ld+json\" class=\"yoast-schema-graph\">{\"@context\":\"https:\\\/\\\/schema.org\",\"@graph\":[{\"@type\":\"Article\",\"@id\":\"https:\\\/\\\/www.livemag.it\\\/index.php\\\/2025\\\/12\\\/03\\\/a-vienna-in-mostra-capolavori-della-citta-proibita-cinese\\\/#article\",\"isPartOf\":{\"@id\":\"https:\\\/\\\/www.livemag.it\\\/index.php\\\/2025\\\/12\\\/03\\\/a-vienna-in-mostra-capolavori-della-citta-proibita-cinese\\\/\"},\"author\":{\"name\":\"italpress\",\"@id\":\"https:\\\/\\\/www.livemag.it\\\/#\\\/schema\\\/person\\\/b62c5f44451fdcdaeb0afe6c2424e73c\"},\"headline\":\"A Vienna in mostra capolavori della Citt\u00e0 Proibita cinese\",\"datePublished\":\"2025-12-03T20:02:43+00:00\",\"mainEntityOfPage\":{\"@id\":\"https:\\\/\\\/www.livemag.it\\\/index.php\\\/2025\\\/12\\\/03\\\/a-vienna-in-mostra-capolavori-della-citta-proibita-cinese\\\/\"},\"wordCount\":314,\"publisher\":{\"@id\":\"https:\\\/\\\/www.livemag.it\\\/#organization\"},\"image\":{\"@id\":\"https:\\\/\\\/www.livemag.it\\\/index.php\\\/2025\\\/12\\\/03\\\/a-vienna-in-mostra-capolavori-della-citta-proibita-cinese\\\/#primaryimage\"},\"thumbnailUrl\":\"https:\\\/\\\/www.livemag.it\\\/wp-content\\\/uploads\\\/2025\\\/12\\\/20251203_2536.jpg\",\"articleSection\":[\"Mondo\"],\"inLanguage\":\"it-IT\"},{\"@type\":\"WebPage\",\"@id\":\"https:\\\/\\\/www.livemag.it\\\/index.php\\\/2025\\\/12\\\/03\\\/a-vienna-in-mostra-capolavori-della-citta-proibita-cinese\\\/\",\"url\":\"https:\\\/\\\/www.livemag.it\\\/index.php\\\/2025\\\/12\\\/03\\\/a-vienna-in-mostra-capolavori-della-citta-proibita-cinese\\\/\",\"name\":\"A Vienna in mostra capolavori della Citt\u00e0 Proibita cinese - Live Magazine\",\"isPartOf\":{\"@id\":\"https:\\\/\\\/www.livemag.it\\\/#website\"},\"primaryImageOfPage\":{\"@id\":\"https:\\\/\\\/www.livemag.it\\\/index.php\\\/2025\\\/12\\\/03\\\/a-vienna-in-mostra-capolavori-della-citta-proibita-cinese\\\/#primaryimage\"},\"image\":{\"@id\":\"https:\\\/\\\/www.livemag.it\\\/index.php\\\/2025\\\/12\\\/03\\\/a-vienna-in-mostra-capolavori-della-citta-proibita-cinese\\\/#primaryimage\"},\"thumbnailUrl\":\"https:\\\/\\\/www.livemag.it\\\/wp-content\\\/uploads\\\/2025\\\/12\\\/20251203_2536.jpg\",\"datePublished\":\"2025-12-03T20:02:43+00:00\",\"breadcrumb\":{\"@id\":\"https:\\\/\\\/www.livemag.it\\\/index.php\\\/2025\\\/12\\\/03\\\/a-vienna-in-mostra-capolavori-della-citta-proibita-cinese\\\/#breadcrumb\"},\"inLanguage\":\"it-IT\",\"potentialAction\":[{\"@type\":\"ReadAction\",\"target\":[\"https:\\\/\\\/www.livemag.it\\\/index.php\\\/2025\\\/12\\\/03\\\/a-vienna-in-mostra-capolavori-della-citta-proibita-cinese\\\/\"]}]},{\"@type\":\"ImageObject\",\"inLanguage\":\"it-IT\",\"@id\":\"https:\\\/\\\/www.livemag.it\\\/index.php\\\/2025\\\/12\\\/03\\\/a-vienna-in-mostra-capolavori-della-citta-proibita-cinese\\\/#primaryimage\",\"url\":\"https:\\\/\\\/www.livemag.it\\\/wp-content\\\/uploads\\\/2025\\\/12\\\/20251203_2536.jpg\",\"contentUrl\":\"https:\\\/\\\/www.livemag.it\\\/wp-content\\\/uploads\\\/2025\\\/12\\\/20251203_2536.jpg\",\"width\":1000,\"height\":715},{\"@type\":\"BreadcrumbList\",\"@id\":\"https:\\\/\\\/www.livemag.it\\\/index.php\\\/2025\\\/12\\\/03\\\/a-vienna-in-mostra-capolavori-della-citta-proibita-cinese\\\/#breadcrumb\",\"itemListElement\":[{\"@type\":\"ListItem\",\"position\":1,\"name\":\"Home\",\"item\":\"https:\\\/\\\/www.livemag.it\\\/\"},{\"@type\":\"ListItem\",\"position\":2,\"name\":\"A Vienna in mostra capolavori della Citt\u00e0 Proibita cinese\"}]},{\"@type\":\"WebSite\",\"@id\":\"https:\\\/\\\/www.livemag.it\\\/#website\",\"url\":\"https:\\\/\\\/www.livemag.it\\\/\",\"name\":\"Live Magazine\",\"description\":\"Varie ed eventi\",\"publisher\":{\"@id\":\"https:\\\/\\\/www.livemag.it\\\/#organization\"},\"potentialAction\":[{\"@type\":\"SearchAction\",\"target\":{\"@type\":\"EntryPoint\",\"urlTemplate\":\"https:\\\/\\\/www.livemag.it\\\/?s={search_term_string}\"},\"query-input\":{\"@type\":\"PropertyValueSpecification\",\"valueRequired\":true,\"valueName\":\"search_term_string\"}}],\"inLanguage\":\"it-IT\"},{\"@type\":\"Organization\",\"@id\":\"https:\\\/\\\/www.livemag.it\\\/#organization\",\"name\":\"LiveMag\",\"alternateName\":\"LiveMag News ed eventi\",\"url\":\"https:\\\/\\\/www.livemag.it\\\/\",\"logo\":{\"@type\":\"ImageObject\",\"inLanguage\":\"it-IT\",\"@id\":\"https:\\\/\\\/www.livemag.it\\\/#\\\/schema\\\/logo\\\/image\\\/\",\"url\":\"https:\\\/\\\/www.livemag.it\\\/wp-content\\\/uploads\\\/2024\\\/02\\\/immagine-sito.jpg\",\"contentUrl\":\"https:\\\/\\\/www.livemag.it\\\/wp-content\\\/uploads\\\/2024\\\/02\\\/immagine-sito.jpg\",\"width\":696,\"height\":696,\"caption\":\"LiveMag\"},\"image\":{\"@id\":\"https:\\\/\\\/www.livemag.it\\\/#\\\/schema\\\/logo\\\/image\\\/\"},\"sameAs\":[\"https:\\\/\\\/www.facebook.com\\\/LiveMag\\\/\",\"https:\\\/\\\/x.com\\\/LiveNotizie\",\"https:\\\/\\\/www.instagram.com\\\/livemag\\\/\"]},{\"@type\":\"Person\",\"@id\":\"https:\\\/\\\/www.livemag.it\\\/#\\\/schema\\\/person\\\/b62c5f44451fdcdaeb0afe6c2424e73c\",\"name\":\"italpress\",\"image\":{\"@type\":\"ImageObject\",\"inLanguage\":\"it-IT\",\"@id\":\"https:\\\/\\\/secure.gravatar.com\\\/avatar\\\/b6a21695fc713ce7ee312cf57c97e2e641feb365be72d8745574d3c3e2b59066?s=96&r=g\",\"url\":\"https:\\\/\\\/secure.gravatar.com\\\/avatar\\\/b6a21695fc713ce7ee312cf57c97e2e641feb365be72d8745574d3c3e2b59066?s=96&r=g\",\"contentUrl\":\"https:\\\/\\\/secure.gravatar.com\\\/avatar\\\/b6a21695fc713ce7ee312cf57c97e2e641feb365be72d8745574d3c3e2b59066?s=96&r=g\",\"caption\":\"italpress\"},\"description\":\"Italpress \u00e8 un'agenzia di stampa italiana a carattere nazionale.\",\"url\":\"https:\\\/\\\/www.livemag.it\\\/index.php\\\/author\\\/italpress\\\/\"}]}<\/script>\n<!-- \/ Yoast SEO plugin. -->","yoast_head_json":{"title":"A Vienna in mostra capolavori della Citt\u00e0 Proibita cinese - Live Magazine","robots":{"index":"index","follow":"follow","max-snippet":"max-snippet:-1","max-image-preview":"max-image-preview:large","max-video-preview":"max-video-preview:-1"},"canonical":"https:\/\/www.livemag.it\/index.php\/2025\/12\/03\/a-vienna-in-mostra-capolavori-della-citta-proibita-cinese\/","og_locale":"it_IT","og_type":"article","og_title":"A Vienna in mostra capolavori della Citt\u00e0 Proibita cinese - Live Magazine","og_description":"VIENNA (AUSTRIA) (XINHUA\/ITALPRESS) \u2013 Una mostra dedicata all\u2019arte della Citt\u00e0 Proibita cinese si \u00e8 aperta marted\u00ec al Kunsthistorisches Museum di Vienna, esplorando i parallelismi e le contrapposizioni tra Oriente e Occidente nelle loro espressioni artistiche relative al potere, alla cultura e agli ideali di vita. Intitolata \u201cArte ed estetica della Citt\u00e0 Proibita cinese\u201d, la mostra [&hellip;]","og_url":"https:\/\/www.livemag.it\/index.php\/2025\/12\/03\/a-vienna-in-mostra-capolavori-della-citta-proibita-cinese\/","og_site_name":"Live Magazine","article_publisher":"https:\/\/www.facebook.com\/LiveMag\/","article_published_time":"2025-12-03T20:02:43+00:00","og_image":[{"width":1200,"height":675,"url":"https:\/\/www.livemag.it\/wp-content\/uploads\/2024\/02\/ograph.jpg","type":"image\/jpeg"}],"author":"italpress","twitter_card":"summary_large_image","twitter_creator":"@LiveNotizie","twitter_site":"@LiveNotizie","twitter_misc":{"Scritto da":"italpress","Tempo di lettura stimato":"2 minuti"},"schema":{"@context":"https:\/\/schema.org","@graph":[{"@type":"Article","@id":"https:\/\/www.livemag.it\/index.php\/2025\/12\/03\/a-vienna-in-mostra-capolavori-della-citta-proibita-cinese\/#article","isPartOf":{"@id":"https:\/\/www.livemag.it\/index.php\/2025\/12\/03\/a-vienna-in-mostra-capolavori-della-citta-proibita-cinese\/"},"author":{"name":"italpress","@id":"https:\/\/www.livemag.it\/#\/schema\/person\/b62c5f44451fdcdaeb0afe6c2424e73c"},"headline":"A Vienna in mostra capolavori della Citt\u00e0 Proibita cinese","datePublished":"2025-12-03T20:02:43+00:00","mainEntityOfPage":{"@id":"https:\/\/www.livemag.it\/index.php\/2025\/12\/03\/a-vienna-in-mostra-capolavori-della-citta-proibita-cinese\/"},"wordCount":314,"publisher":{"@id":"https:\/\/www.livemag.it\/#organization"},"image":{"@id":"https:\/\/www.livemag.it\/index.php\/2025\/12\/03\/a-vienna-in-mostra-capolavori-della-citta-proibita-cinese\/#primaryimage"},"thumbnailUrl":"https:\/\/www.livemag.it\/wp-content\/uploads\/2025\/12\/20251203_2536.jpg","articleSection":["Mondo"],"inLanguage":"it-IT"},{"@type":"WebPage","@id":"https:\/\/www.livemag.it\/index.php\/2025\/12\/03\/a-vienna-in-mostra-capolavori-della-citta-proibita-cinese\/","url":"https:\/\/www.livemag.it\/index.php\/2025\/12\/03\/a-vienna-in-mostra-capolavori-della-citta-proibita-cinese\/","name":"A Vienna in mostra capolavori della Citt\u00e0 Proibita cinese - Live Magazine","isPartOf":{"@id":"https:\/\/www.livemag.it\/#website"},"primaryImageOfPage":{"@id":"https:\/\/www.livemag.it\/index.php\/2025\/12\/03\/a-vienna-in-mostra-capolavori-della-citta-proibita-cinese\/#primaryimage"},"image":{"@id":"https:\/\/www.livemag.it\/index.php\/2025\/12\/03\/a-vienna-in-mostra-capolavori-della-citta-proibita-cinese\/#primaryimage"},"thumbnailUrl":"https:\/\/www.livemag.it\/wp-content\/uploads\/2025\/12\/20251203_2536.jpg","datePublished":"2025-12-03T20:02:43+00:00","breadcrumb":{"@id":"https:\/\/www.livemag.it\/index.php\/2025\/12\/03\/a-vienna-in-mostra-capolavori-della-citta-proibita-cinese\/#breadcrumb"},"inLanguage":"it-IT","potentialAction":[{"@type":"ReadAction","target":["https:\/\/www.livemag.it\/index.php\/2025\/12\/03\/a-vienna-in-mostra-capolavori-della-citta-proibita-cinese\/"]}]},{"@type":"ImageObject","inLanguage":"it-IT","@id":"https:\/\/www.livemag.it\/index.php\/2025\/12\/03\/a-vienna-in-mostra-capolavori-della-citta-proibita-cinese\/#primaryimage","url":"https:\/\/www.livemag.it\/wp-content\/uploads\/2025\/12\/20251203_2536.jpg","contentUrl":"https:\/\/www.livemag.it\/wp-content\/uploads\/2025\/12\/20251203_2536.jpg","width":1000,"height":715},{"@type":"BreadcrumbList","@id":"https:\/\/www.livemag.it\/index.php\/2025\/12\/03\/a-vienna-in-mostra-capolavori-della-citta-proibita-cinese\/#breadcrumb","itemListElement":[{"@type":"ListItem","position":1,"name":"Home","item":"https:\/\/www.livemag.it\/"},{"@type":"ListItem","position":2,"name":"A Vienna in mostra capolavori della Citt\u00e0 Proibita cinese"}]},{"@type":"WebSite","@id":"https:\/\/www.livemag.it\/#website","url":"https:\/\/www.livemag.it\/","name":"Live Magazine","description":"Varie ed eventi","publisher":{"@id":"https:\/\/www.livemag.it\/#organization"},"potentialAction":[{"@type":"SearchAction","target":{"@type":"EntryPoint","urlTemplate":"https:\/\/www.livemag.it\/?s={search_term_string}"},"query-input":{"@type":"PropertyValueSpecification","valueRequired":true,"valueName":"search_term_string"}}],"inLanguage":"it-IT"},{"@type":"Organization","@id":"https:\/\/www.livemag.it\/#organization","name":"LiveMag","alternateName":"LiveMag News ed eventi","url":"https:\/\/www.livemag.it\/","logo":{"@type":"ImageObject","inLanguage":"it-IT","@id":"https:\/\/www.livemag.it\/#\/schema\/logo\/image\/","url":"https:\/\/www.livemag.it\/wp-content\/uploads\/2024\/02\/immagine-sito.jpg","contentUrl":"https:\/\/www.livemag.it\/wp-content\/uploads\/2024\/02\/immagine-sito.jpg","width":696,"height":696,"caption":"LiveMag"},"image":{"@id":"https:\/\/www.livemag.it\/#\/schema\/logo\/image\/"},"sameAs":["https:\/\/www.facebook.com\/LiveMag\/","https:\/\/x.com\/LiveNotizie","https:\/\/www.instagram.com\/livemag\/"]},{"@type":"Person","@id":"https:\/\/www.livemag.it\/#\/schema\/person\/b62c5f44451fdcdaeb0afe6c2424e73c","name":"italpress","image":{"@type":"ImageObject","inLanguage":"it-IT","@id":"https:\/\/secure.gravatar.com\/avatar\/b6a21695fc713ce7ee312cf57c97e2e641feb365be72d8745574d3c3e2b59066?s=96&r=g","url":"https:\/\/secure.gravatar.com\/avatar\/b6a21695fc713ce7ee312cf57c97e2e641feb365be72d8745574d3c3e2b59066?s=96&r=g","contentUrl":"https:\/\/secure.gravatar.com\/avatar\/b6a21695fc713ce7ee312cf57c97e2e641feb365be72d8745574d3c3e2b59066?s=96&r=g","caption":"italpress"},"description":"Italpress \u00e8 un'agenzia di stampa italiana a carattere nazionale.","url":"https:\/\/www.livemag.it\/index.php\/author\/italpress\/"}]}},"jetpack_featured_media_url":"https:\/\/www.livemag.it\/wp-content\/uploads\/2025\/12\/20251203_2536.jpg","_links":{"self":[{"href":"https:\/\/www.livemag.it\/index.php\/wp-json\/wp\/v2\/posts\/64689","targetHints":{"allow":["GET"]}}],"collection":[{"href":"https:\/\/www.livemag.it\/index.php\/wp-json\/wp\/v2\/posts"}],"about":[{"href":"https:\/\/www.livemag.it\/index.php\/wp-json\/wp\/v2\/types\/post"}],"author":[{"embeddable":true,"href":"https:\/\/www.livemag.it\/index.php\/wp-json\/wp\/v2\/users\/16"}],"replies":[{"embeddable":true,"href":"https:\/\/www.livemag.it\/index.php\/wp-json\/wp\/v2\/comments?post=64689"}],"version-history":[{"count":0,"href":"https:\/\/www.livemag.it\/index.php\/wp-json\/wp\/v2\/posts\/64689\/revisions"}],"wp:featuredmedia":[{"embeddable":true,"href":"https:\/\/www.livemag.it\/index.php\/wp-json\/wp\/v2\/media\/64690"}],"wp:attachment":[{"href":"https:\/\/www.livemag.it\/index.php\/wp-json\/wp\/v2\/media?parent=64689"}],"wp:term":[{"taxonomy":"category","embeddable":true,"href":"https:\/\/www.livemag.it\/index.php\/wp-json\/wp\/v2\/categories?post=64689"},{"taxonomy":"post_tag","embeddable":true,"href":"https:\/\/www.livemag.it\/index.php\/wp-json\/wp\/v2\/tags?post=64689"}],"curies":[{"name":"wp","href":"https:\/\/api.w.org\/{rel}","templated":true}]}}