{"id":64679,"date":"2025-12-03T18:02:54","date_gmt":"2025-12-03T17:02:54","guid":{"rendered":"https:\/\/www.livemag.it\/index.php\/2025\/12\/03\/intesa-sanpaolo-11-borse-di-studio-per-dottorati-umanistici-e-tesi-su-disabilita\/"},"modified":"2025-12-03T18:02:54","modified_gmt":"2025-12-03T17:02:54","slug":"intesa-sanpaolo-11-borse-di-studio-per-dottorati-umanistici-e-tesi-su-disabilita","status":"publish","type":"post","link":"https:\/\/www.livemag.it\/index.php\/2025\/12\/03\/intesa-sanpaolo-11-borse-di-studio-per-dottorati-umanistici-e-tesi-su-disabilita\/","title":{"rendered":"Intesa Sanpaolo, 11 borse di studio per dottorati umanistici e tesi su disabilit\u00e0"},"content":{"rendered":"<div>\n<p>MILANO (ITALPRESS) \u2013 La Fondazione Intesa Sanpaolo Ente Filantropico, ha consegnato alle Gallerie d\u2019Italia in Piazza della Scala a Milano, nel consueto evento annuale dedicato alle Universit\u00e0, le borse di studio che da nove anni eroga per i progetti di dottorato in discipline umanistiche. Questa edizione, che ha confermato l\u2019ammontare complessivo di 375 mila euro, ha premiato le Universit\u00e0 di Chieti-Pescara, Basilicata, Verona, Palermo e Foggia. Le borse di studio prevedono percorsi di ricerca della durata di tre anni finalizzati a valorizzare, promuovere e diffondere la conoscenza del patrimonio culturale italiano, con particolare attenzione ai temi di grande attualit\u00e0 quali l\u2019inclusione sociale dei soggetti svantaggiati, i nuovi scenari della formazione, la tutela e\/o valorizzazione del patrimonio storico, artistico e culturale, i linguaggi dell\u2019attualit\u00e0.<br \/>\u201cPer noi \u00e8 un momento importante nella vita della fondazione. Nel corso degli ultimi anni abbiamo anche aggiunto i premi di laurea sulla disabilit\u00e0, non dimentichiamo infatti che la tutela del diritto allo studio per le persone con pi\u00f9 bisogno \u00e8 uno degli asset fondamentali della fondazione. E ci fa particolarmente piacere, fra l\u2019altro, fare questa cerimonia e dare questi premi proprio nella giornata internazionale dei diritti dei disabili\u201d, ha commentato Roberto Cereda, Presidente della Fondazione Intesa Sanpaolo ente filantropico.<br \/>Nel corso degli anni, l\u2019impegno della Fondazione \u00e8 stato notevole: dalla sua nascita nel 2008, sono stati deliberati oltre 35,8 milioni di euro a favore delle persone di Intesa Sanpaolo in condizione di difficolt\u00e0, borse di studio universitario per giovani svantaggiati, sostegno a enti e progetti dedicati alla solidariet\u00e0 verso le persone bisognose e a favore di mense e dormitori. Di questi, circa 11 milioni di euro sono stati erogati per il diritto allo studio e per l\u2019alta formazione.<br \/>Nel corso del 2025 sono stati deliberati interventi relativi all\u2019attivit\u00e0 istituzionale per oltre 3,5 milioni di euro, di cui circa 600 mila euro destinati a dipendenti, pensionati e loro familiari in situazione di svantaggio; oltre 800 mila euro per borse di studio universitarie e progetti di dottorato e oltre 2,1 milioni di euro per interventi di solidariet\u00e0 \u2013 come mense e dormitori \u2013 e progetti a favore dei pi\u00f9 bisognosi.<br \/>Un altro motivo di apprezzamento \u00e8 la copertura nazionale dei progetti messi in campo dalla Fondazione, che arrivano a coinvolgere atenei da tutto il paese. \u201cViene coperta volutamente tutta Italia e ne siamo ben felici \u2013 ha aggiunto Cereda \u2013 Ringraziamo, tra l\u2019altro, tutte le universit\u00e0 che lavorano insieme a noi ormai da da anni, ci seguono e ci danno tutto il supporto per poter mettere a terra in modo sempre pi\u00f9 qualitativo queste iniziative. Abbiamo quindi una rappresentazione territoriale un p\u00f2 di tutto il paese: per noi \u00e8 un altro elemento importante avere la presenza di tutte le aree geografiche del paese proprio in virt\u00f9 di questo senso di sostegno completo e complessivo che la fondazione si prefigge di dare\u201d.<br \/>Nel giorno dedicato ai diritti delle persone con disabilit\u00e0, sono stati assegnati sei premi per tesi di laurea magistrale di ricerca sperimentale per il miglioramento delle condizioni di vita delle persone con disabilit\u00e0, in particolare se correlate al lavoro, all\u2019inserimento lavorativo, alla digitalizzazione come strumento compensativo, per un valore complessivo di 18 mila euro, confermando il ruolo cruciale della conoscenza nel promuovere inclusione, consapevolezza e partecipazione. I progetti vincitori di questa terza edizione provengono dalle Universit\u00e0 di Roma \u201cLa Sapienza\u201d, di Modena e Reggio Emilia, di Padova, di Catania e di Urbino \u201cCarlo Bo\u201d e hanno preso in considerazione studi metodologici e applicativi sul tema della disabilit\u00e0 in diversi ambiti, tra cui la comunicazione, l\u2019inclusione lavorativa, Scienze Biomediche e Biotecnologiche, Scienza dell\u2019Educazione. L\u2019iniziativa \u00e8 stata confermata anche per il prossimo anno.<br \/>Da parte loro i progetti vincitori delle borse di studio per dottorati in discipline umanistiche, oltre a riferirsi ad argomenti di peculiare interesse, si sono ricondotti alla tematica della dissonanza, intesa come tensione tra valori e comportamenti, tra identit\u00e0 e rappresentazioni, tra attese sociali e vissuti reali. Un elemento che accomuna i progetti dei dottorati ai premi assegnati alle tesi di laurea magistrale sul tema della disabilit\u00e0.<br \/>Tra i premi assegnati compare quello di Vanessa Casu, dottoressa magistrale in Scienze della Comunicazione all\u2019Universit\u00e0 La Sapienza di Roma con una tesi dal titolo \u201cLa narrazione della disabilit\u00e0 nei media: tra rappresentazioni mainstream e autorappresentazioni\u201d.<br \/>Non solo con la sua dissertazione, ma attraverso la sua stessa esperienza di vita ha cercato di mostrare come una disabilit\u00e0 fisica possa non essere un ostacolo cos\u00ec insormontabile.<br \/>\u201cRicevere questo premio in questa giornata fa assolutamente la differenza e per me \u00e8 stato doppiamente importante essendo io stessa una ragazza disabile che vince un premio per la tesi sulla disabilit\u00e0 \u2013 racconta -. Faccio molte cose nella mia vita: mi sono laureata con lode, sono una cantautrice polistrumentista e pratico kickboxing a livello agonistico. Ma prima di diventare chi sono oggi, molto di quello che avevo pensato prima di diventare una persona con disabilit\u00e0 non era vero: tutte le informazioni che avevo captato sulle disabilit\u00e0, soprattutto nel mondo della cecit\u00e0, erano errate\u201d.<br \/>Secondo Casu, questo avviene perch\u00e8 \u201cquando cerchiamo di informarci su internet o sui media a proposito di questo fenomeno, ci imbattiamo spesso in film dove il cieco \u00e8 stereotipato\u201d e rappresentato come la persona \u201cche si domanda come far\u00e0 da sola, sempre accompagnata, mai autonoma, limitata\u2026 E alla fine finisci per assumere quasi le sembianze di quanto stai apprendendo di quel mondo sconosciuto\u201d.<br \/>\u201cAllora ho deciso di fare la mia tesi proprio su questo: ho analizzato come i media tradizionali si siano evoluti verso i nuovi (serie TV, Amazon Prime, Netflix, le nuove piattaforme) e come l\u2019autorappresentazione sia stata tanto importante. Vedere lo stesso disabile che ti mostra la sua vita \u00e8 quello a cambiare davvero le cose, perch\u00e8 in tal caso tu non lo puoi pi\u00f9 immaginare perch\u00e8 lo stai vedendo davvero mentre si esprime e da l\u00ec capire davvero qual\u2019\u00e8 la vita di una persona con disabilit\u00e0, che poi \u00e8 quello che sto facendo io ad oggi. Il messaggio che lancio oggi \u00e8 che sei tu che puoi decidere se fare diventare la tua disabilit\u00e0 un limite o semplicemente una condizione diversa. Se vuoi, ce la puoi fare: puoi trovare il tuo modo di studiare e di fare tutto quello che vuoi nella vita\u201d.<\/p>\n<p>\u2013 Foto xh7\/Italpress \u2013<\/p>\n<p>(ITALPRESS).<\/p>\n<\/div>\n","protected":false},"excerpt":{"rendered":"<p>MILANO (ITALPRESS) \u2013 La Fondazione Intesa Sanpaolo Ente Filantropico, ha consegnato alle Gallerie d\u2019Italia in Piazza della Scala a Milano, nel consueto evento annuale dedicato alle Universit\u00e0, le borse di studio che da nove anni eroga per i progetti di dottorato in discipline umanistiche. Questa edizione, che ha confermato l\u2019ammontare complessivo di 375 mila euro, [&hellip;]<\/p>\n","protected":false},"author":16,"featured_media":64680,"comment_status":"closed","ping_status":"closed","sticky":false,"template":"","format":"standard","meta":{"jnews-multi-image_gallery":[],"jnews_single_post":[],"jnews_primary_category":[],"jnews_social_meta":[],"jnews_override_counter":[],"jnews_post_split":[],"footnotes":""},"categories":[1129],"tags":[],"class_list":["post-64679","post","type-post","status-publish","format-standard","has-post-thumbnail","hentry","category-mondo"],"yoast_head":"<!-- This site is optimized with the Yoast SEO plugin v27.4 - https:\/\/yoast.com\/product\/yoast-seo-wordpress\/ -->\n<title>Intesa Sanpaolo, 11 borse di studio per dottorati umanistici e tesi su disabilit\u00e0 - Live Magazine<\/title>\n<meta name=\"robots\" content=\"index, follow, max-snippet:-1, max-image-preview:large, max-video-preview:-1\" \/>\n<link rel=\"canonical\" href=\"https:\/\/www.livemag.it\/index.php\/2025\/12\/03\/intesa-sanpaolo-11-borse-di-studio-per-dottorati-umanistici-e-tesi-su-disabilita\/\" \/>\n<meta property=\"og:locale\" content=\"it_IT\" \/>\n<meta property=\"og:type\" content=\"article\" \/>\n<meta property=\"og:title\" content=\"Intesa Sanpaolo, 11 borse di studio per dottorati umanistici e tesi su disabilit\u00e0 - Live Magazine\" \/>\n<meta property=\"og:description\" content=\"MILANO (ITALPRESS) \u2013 La Fondazione Intesa Sanpaolo Ente Filantropico, ha consegnato alle Gallerie d\u2019Italia in Piazza della Scala a Milano, nel consueto evento annuale dedicato alle Universit\u00e0, le borse di studio che da nove anni eroga per i progetti di dottorato in discipline umanistiche. Questa edizione, che ha confermato l\u2019ammontare complessivo di 375 mila euro, [&hellip;]\" \/>\n<meta property=\"og:url\" content=\"https:\/\/www.livemag.it\/index.php\/2025\/12\/03\/intesa-sanpaolo-11-borse-di-studio-per-dottorati-umanistici-e-tesi-su-disabilita\/\" \/>\n<meta property=\"og:site_name\" content=\"Live Magazine\" \/>\n<meta property=\"article:publisher\" content=\"https:\/\/www.facebook.com\/LiveMag\/\" \/>\n<meta property=\"article:published_time\" content=\"2025-12-03T17:02:54+00:00\" \/>\n<meta property=\"og:image\" content=\"https:\/\/www.livemag.it\/wp-content\/uploads\/2024\/02\/ograph.jpg\" \/>\n\t<meta property=\"og:image:width\" content=\"1200\" \/>\n\t<meta property=\"og:image:height\" content=\"675\" \/>\n\t<meta property=\"og:image:type\" content=\"image\/jpeg\" \/>\n<meta name=\"author\" content=\"italpress\" \/>\n<meta name=\"twitter:card\" content=\"summary_large_image\" \/>\n<meta name=\"twitter:creator\" content=\"@LiveNotizie\" \/>\n<meta name=\"twitter:site\" content=\"@LiveNotizie\" \/>\n<meta name=\"twitter:label1\" content=\"Scritto da\" \/>\n\t<meta name=\"twitter:data1\" content=\"italpress\" \/>\n\t<meta name=\"twitter:label2\" content=\"Tempo di lettura stimato\" \/>\n\t<meta name=\"twitter:data2\" content=\"5 minuti\" \/>\n<script type=\"application\/ld+json\" class=\"yoast-schema-graph\">{\"@context\":\"https:\\\/\\\/schema.org\",\"@graph\":[{\"@type\":\"Article\",\"@id\":\"https:\\\/\\\/www.livemag.it\\\/index.php\\\/2025\\\/12\\\/03\\\/intesa-sanpaolo-11-borse-di-studio-per-dottorati-umanistici-e-tesi-su-disabilita\\\/#article\",\"isPartOf\":{\"@id\":\"https:\\\/\\\/www.livemag.it\\\/index.php\\\/2025\\\/12\\\/03\\\/intesa-sanpaolo-11-borse-di-studio-per-dottorati-umanistici-e-tesi-su-disabilita\\\/\"},\"author\":{\"name\":\"italpress\",\"@id\":\"https:\\\/\\\/www.livemag.it\\\/#\\\/schema\\\/person\\\/b62c5f44451fdcdaeb0afe6c2424e73c\"},\"headline\":\"Intesa Sanpaolo, 11 borse di studio per dottorati umanistici e tesi su disabilit\u00e0\",\"datePublished\":\"2025-12-03T17:02:54+00:00\",\"mainEntityOfPage\":{\"@id\":\"https:\\\/\\\/www.livemag.it\\\/index.php\\\/2025\\\/12\\\/03\\\/intesa-sanpaolo-11-borse-di-studio-per-dottorati-umanistici-e-tesi-su-disabilita\\\/\"},\"wordCount\":1041,\"publisher\":{\"@id\":\"https:\\\/\\\/www.livemag.it\\\/#organization\"},\"image\":{\"@id\":\"https:\\\/\\\/www.livemag.it\\\/index.php\\\/2025\\\/12\\\/03\\\/intesa-sanpaolo-11-borse-di-studio-per-dottorati-umanistici-e-tesi-su-disabilita\\\/#primaryimage\"},\"thumbnailUrl\":\"https:\\\/\\\/www.livemag.it\\\/wp-content\\\/uploads\\\/2025\\\/12\\\/20251203_1332.jpg\",\"articleSection\":[\"Mondo\"],\"inLanguage\":\"it-IT\"},{\"@type\":\"WebPage\",\"@id\":\"https:\\\/\\\/www.livemag.it\\\/index.php\\\/2025\\\/12\\\/03\\\/intesa-sanpaolo-11-borse-di-studio-per-dottorati-umanistici-e-tesi-su-disabilita\\\/\",\"url\":\"https:\\\/\\\/www.livemag.it\\\/index.php\\\/2025\\\/12\\\/03\\\/intesa-sanpaolo-11-borse-di-studio-per-dottorati-umanistici-e-tesi-su-disabilita\\\/\",\"name\":\"Intesa Sanpaolo, 11 borse di studio per dottorati umanistici e tesi su disabilit\u00e0 - Live Magazine\",\"isPartOf\":{\"@id\":\"https:\\\/\\\/www.livemag.it\\\/#website\"},\"primaryImageOfPage\":{\"@id\":\"https:\\\/\\\/www.livemag.it\\\/index.php\\\/2025\\\/12\\\/03\\\/intesa-sanpaolo-11-borse-di-studio-per-dottorati-umanistici-e-tesi-su-disabilita\\\/#primaryimage\"},\"image\":{\"@id\":\"https:\\\/\\\/www.livemag.it\\\/index.php\\\/2025\\\/12\\\/03\\\/intesa-sanpaolo-11-borse-di-studio-per-dottorati-umanistici-e-tesi-su-disabilita\\\/#primaryimage\"},\"thumbnailUrl\":\"https:\\\/\\\/www.livemag.it\\\/wp-content\\\/uploads\\\/2025\\\/12\\\/20251203_1332.jpg\",\"datePublished\":\"2025-12-03T17:02:54+00:00\",\"breadcrumb\":{\"@id\":\"https:\\\/\\\/www.livemag.it\\\/index.php\\\/2025\\\/12\\\/03\\\/intesa-sanpaolo-11-borse-di-studio-per-dottorati-umanistici-e-tesi-su-disabilita\\\/#breadcrumb\"},\"inLanguage\":\"it-IT\",\"potentialAction\":[{\"@type\":\"ReadAction\",\"target\":[\"https:\\\/\\\/www.livemag.it\\\/index.php\\\/2025\\\/12\\\/03\\\/intesa-sanpaolo-11-borse-di-studio-per-dottorati-umanistici-e-tesi-su-disabilita\\\/\"]}]},{\"@type\":\"ImageObject\",\"inLanguage\":\"it-IT\",\"@id\":\"https:\\\/\\\/www.livemag.it\\\/index.php\\\/2025\\\/12\\\/03\\\/intesa-sanpaolo-11-borse-di-studio-per-dottorati-umanistici-e-tesi-su-disabilita\\\/#primaryimage\",\"url\":\"https:\\\/\\\/www.livemag.it\\\/wp-content\\\/uploads\\\/2025\\\/12\\\/20251203_1332.jpg\",\"contentUrl\":\"https:\\\/\\\/www.livemag.it\\\/wp-content\\\/uploads\\\/2025\\\/12\\\/20251203_1332.jpg\",\"width\":1200,\"height\":900},{\"@type\":\"BreadcrumbList\",\"@id\":\"https:\\\/\\\/www.livemag.it\\\/index.php\\\/2025\\\/12\\\/03\\\/intesa-sanpaolo-11-borse-di-studio-per-dottorati-umanistici-e-tesi-su-disabilita\\\/#breadcrumb\",\"itemListElement\":[{\"@type\":\"ListItem\",\"position\":1,\"name\":\"Home\",\"item\":\"https:\\\/\\\/www.livemag.it\\\/\"},{\"@type\":\"ListItem\",\"position\":2,\"name\":\"Intesa Sanpaolo, 11 borse di studio per dottorati umanistici e tesi su disabilit\u00e0\"}]},{\"@type\":\"WebSite\",\"@id\":\"https:\\\/\\\/www.livemag.it\\\/#website\",\"url\":\"https:\\\/\\\/www.livemag.it\\\/\",\"name\":\"Live Magazine\",\"description\":\"Varie ed eventi\",\"publisher\":{\"@id\":\"https:\\\/\\\/www.livemag.it\\\/#organization\"},\"potentialAction\":[{\"@type\":\"SearchAction\",\"target\":{\"@type\":\"EntryPoint\",\"urlTemplate\":\"https:\\\/\\\/www.livemag.it\\\/?s={search_term_string}\"},\"query-input\":{\"@type\":\"PropertyValueSpecification\",\"valueRequired\":true,\"valueName\":\"search_term_string\"}}],\"inLanguage\":\"it-IT\"},{\"@type\":\"Organization\",\"@id\":\"https:\\\/\\\/www.livemag.it\\\/#organization\",\"name\":\"LiveMag\",\"alternateName\":\"LiveMag News ed eventi\",\"url\":\"https:\\\/\\\/www.livemag.it\\\/\",\"logo\":{\"@type\":\"ImageObject\",\"inLanguage\":\"it-IT\",\"@id\":\"https:\\\/\\\/www.livemag.it\\\/#\\\/schema\\\/logo\\\/image\\\/\",\"url\":\"https:\\\/\\\/www.livemag.it\\\/wp-content\\\/uploads\\\/2024\\\/02\\\/immagine-sito.jpg\",\"contentUrl\":\"https:\\\/\\\/www.livemag.it\\\/wp-content\\\/uploads\\\/2024\\\/02\\\/immagine-sito.jpg\",\"width\":696,\"height\":696,\"caption\":\"LiveMag\"},\"image\":{\"@id\":\"https:\\\/\\\/www.livemag.it\\\/#\\\/schema\\\/logo\\\/image\\\/\"},\"sameAs\":[\"https:\\\/\\\/www.facebook.com\\\/LiveMag\\\/\",\"https:\\\/\\\/x.com\\\/LiveNotizie\",\"https:\\\/\\\/www.instagram.com\\\/livemag\\\/\"]},{\"@type\":\"Person\",\"@id\":\"https:\\\/\\\/www.livemag.it\\\/#\\\/schema\\\/person\\\/b62c5f44451fdcdaeb0afe6c2424e73c\",\"name\":\"italpress\",\"image\":{\"@type\":\"ImageObject\",\"inLanguage\":\"it-IT\",\"@id\":\"https:\\\/\\\/secure.gravatar.com\\\/avatar\\\/b6a21695fc713ce7ee312cf57c97e2e641feb365be72d8745574d3c3e2b59066?s=96&r=g\",\"url\":\"https:\\\/\\\/secure.gravatar.com\\\/avatar\\\/b6a21695fc713ce7ee312cf57c97e2e641feb365be72d8745574d3c3e2b59066?s=96&r=g\",\"contentUrl\":\"https:\\\/\\\/secure.gravatar.com\\\/avatar\\\/b6a21695fc713ce7ee312cf57c97e2e641feb365be72d8745574d3c3e2b59066?s=96&r=g\",\"caption\":\"italpress\"},\"description\":\"Italpress \u00e8 un'agenzia di stampa italiana a carattere nazionale.\",\"url\":\"https:\\\/\\\/www.livemag.it\\\/index.php\\\/author\\\/italpress\\\/\"}]}<\/script>\n<!-- \/ Yoast SEO plugin. -->","yoast_head_json":{"title":"Intesa Sanpaolo, 11 borse di studio per dottorati umanistici e tesi su disabilit\u00e0 - Live Magazine","robots":{"index":"index","follow":"follow","max-snippet":"max-snippet:-1","max-image-preview":"max-image-preview:large","max-video-preview":"max-video-preview:-1"},"canonical":"https:\/\/www.livemag.it\/index.php\/2025\/12\/03\/intesa-sanpaolo-11-borse-di-studio-per-dottorati-umanistici-e-tesi-su-disabilita\/","og_locale":"it_IT","og_type":"article","og_title":"Intesa Sanpaolo, 11 borse di studio per dottorati umanistici e tesi su disabilit\u00e0 - Live Magazine","og_description":"MILANO (ITALPRESS) \u2013 La Fondazione Intesa Sanpaolo Ente Filantropico, ha consegnato alle Gallerie d\u2019Italia in Piazza della Scala a Milano, nel consueto evento annuale dedicato alle Universit\u00e0, le borse di studio che da nove anni eroga per i progetti di dottorato in discipline umanistiche. Questa edizione, che ha confermato l\u2019ammontare complessivo di 375 mila euro, [&hellip;]","og_url":"https:\/\/www.livemag.it\/index.php\/2025\/12\/03\/intesa-sanpaolo-11-borse-di-studio-per-dottorati-umanistici-e-tesi-su-disabilita\/","og_site_name":"Live Magazine","article_publisher":"https:\/\/www.facebook.com\/LiveMag\/","article_published_time":"2025-12-03T17:02:54+00:00","og_image":[{"width":1200,"height":675,"url":"https:\/\/www.livemag.it\/wp-content\/uploads\/2024\/02\/ograph.jpg","type":"image\/jpeg"}],"author":"italpress","twitter_card":"summary_large_image","twitter_creator":"@LiveNotizie","twitter_site":"@LiveNotizie","twitter_misc":{"Scritto da":"italpress","Tempo di lettura stimato":"5 minuti"},"schema":{"@context":"https:\/\/schema.org","@graph":[{"@type":"Article","@id":"https:\/\/www.livemag.it\/index.php\/2025\/12\/03\/intesa-sanpaolo-11-borse-di-studio-per-dottorati-umanistici-e-tesi-su-disabilita\/#article","isPartOf":{"@id":"https:\/\/www.livemag.it\/index.php\/2025\/12\/03\/intesa-sanpaolo-11-borse-di-studio-per-dottorati-umanistici-e-tesi-su-disabilita\/"},"author":{"name":"italpress","@id":"https:\/\/www.livemag.it\/#\/schema\/person\/b62c5f44451fdcdaeb0afe6c2424e73c"},"headline":"Intesa Sanpaolo, 11 borse di studio per dottorati umanistici e tesi su disabilit\u00e0","datePublished":"2025-12-03T17:02:54+00:00","mainEntityOfPage":{"@id":"https:\/\/www.livemag.it\/index.php\/2025\/12\/03\/intesa-sanpaolo-11-borse-di-studio-per-dottorati-umanistici-e-tesi-su-disabilita\/"},"wordCount":1041,"publisher":{"@id":"https:\/\/www.livemag.it\/#organization"},"image":{"@id":"https:\/\/www.livemag.it\/index.php\/2025\/12\/03\/intesa-sanpaolo-11-borse-di-studio-per-dottorati-umanistici-e-tesi-su-disabilita\/#primaryimage"},"thumbnailUrl":"https:\/\/www.livemag.it\/wp-content\/uploads\/2025\/12\/20251203_1332.jpg","articleSection":["Mondo"],"inLanguage":"it-IT"},{"@type":"WebPage","@id":"https:\/\/www.livemag.it\/index.php\/2025\/12\/03\/intesa-sanpaolo-11-borse-di-studio-per-dottorati-umanistici-e-tesi-su-disabilita\/","url":"https:\/\/www.livemag.it\/index.php\/2025\/12\/03\/intesa-sanpaolo-11-borse-di-studio-per-dottorati-umanistici-e-tesi-su-disabilita\/","name":"Intesa Sanpaolo, 11 borse di studio per dottorati umanistici e tesi su disabilit\u00e0 - Live Magazine","isPartOf":{"@id":"https:\/\/www.livemag.it\/#website"},"primaryImageOfPage":{"@id":"https:\/\/www.livemag.it\/index.php\/2025\/12\/03\/intesa-sanpaolo-11-borse-di-studio-per-dottorati-umanistici-e-tesi-su-disabilita\/#primaryimage"},"image":{"@id":"https:\/\/www.livemag.it\/index.php\/2025\/12\/03\/intesa-sanpaolo-11-borse-di-studio-per-dottorati-umanistici-e-tesi-su-disabilita\/#primaryimage"},"thumbnailUrl":"https:\/\/www.livemag.it\/wp-content\/uploads\/2025\/12\/20251203_1332.jpg","datePublished":"2025-12-03T17:02:54+00:00","breadcrumb":{"@id":"https:\/\/www.livemag.it\/index.php\/2025\/12\/03\/intesa-sanpaolo-11-borse-di-studio-per-dottorati-umanistici-e-tesi-su-disabilita\/#breadcrumb"},"inLanguage":"it-IT","potentialAction":[{"@type":"ReadAction","target":["https:\/\/www.livemag.it\/index.php\/2025\/12\/03\/intesa-sanpaolo-11-borse-di-studio-per-dottorati-umanistici-e-tesi-su-disabilita\/"]}]},{"@type":"ImageObject","inLanguage":"it-IT","@id":"https:\/\/www.livemag.it\/index.php\/2025\/12\/03\/intesa-sanpaolo-11-borse-di-studio-per-dottorati-umanistici-e-tesi-su-disabilita\/#primaryimage","url":"https:\/\/www.livemag.it\/wp-content\/uploads\/2025\/12\/20251203_1332.jpg","contentUrl":"https:\/\/www.livemag.it\/wp-content\/uploads\/2025\/12\/20251203_1332.jpg","width":1200,"height":900},{"@type":"BreadcrumbList","@id":"https:\/\/www.livemag.it\/index.php\/2025\/12\/03\/intesa-sanpaolo-11-borse-di-studio-per-dottorati-umanistici-e-tesi-su-disabilita\/#breadcrumb","itemListElement":[{"@type":"ListItem","position":1,"name":"Home","item":"https:\/\/www.livemag.it\/"},{"@type":"ListItem","position":2,"name":"Intesa Sanpaolo, 11 borse di studio per dottorati umanistici e tesi su disabilit\u00e0"}]},{"@type":"WebSite","@id":"https:\/\/www.livemag.it\/#website","url":"https:\/\/www.livemag.it\/","name":"Live Magazine","description":"Varie ed eventi","publisher":{"@id":"https:\/\/www.livemag.it\/#organization"},"potentialAction":[{"@type":"SearchAction","target":{"@type":"EntryPoint","urlTemplate":"https:\/\/www.livemag.it\/?s={search_term_string}"},"query-input":{"@type":"PropertyValueSpecification","valueRequired":true,"valueName":"search_term_string"}}],"inLanguage":"it-IT"},{"@type":"Organization","@id":"https:\/\/www.livemag.it\/#organization","name":"LiveMag","alternateName":"LiveMag News ed eventi","url":"https:\/\/www.livemag.it\/","logo":{"@type":"ImageObject","inLanguage":"it-IT","@id":"https:\/\/www.livemag.it\/#\/schema\/logo\/image\/","url":"https:\/\/www.livemag.it\/wp-content\/uploads\/2024\/02\/immagine-sito.jpg","contentUrl":"https:\/\/www.livemag.it\/wp-content\/uploads\/2024\/02\/immagine-sito.jpg","width":696,"height":696,"caption":"LiveMag"},"image":{"@id":"https:\/\/www.livemag.it\/#\/schema\/logo\/image\/"},"sameAs":["https:\/\/www.facebook.com\/LiveMag\/","https:\/\/x.com\/LiveNotizie","https:\/\/www.instagram.com\/livemag\/"]},{"@type":"Person","@id":"https:\/\/www.livemag.it\/#\/schema\/person\/b62c5f44451fdcdaeb0afe6c2424e73c","name":"italpress","image":{"@type":"ImageObject","inLanguage":"it-IT","@id":"https:\/\/secure.gravatar.com\/avatar\/b6a21695fc713ce7ee312cf57c97e2e641feb365be72d8745574d3c3e2b59066?s=96&r=g","url":"https:\/\/secure.gravatar.com\/avatar\/b6a21695fc713ce7ee312cf57c97e2e641feb365be72d8745574d3c3e2b59066?s=96&r=g","contentUrl":"https:\/\/secure.gravatar.com\/avatar\/b6a21695fc713ce7ee312cf57c97e2e641feb365be72d8745574d3c3e2b59066?s=96&r=g","caption":"italpress"},"description":"Italpress \u00e8 un'agenzia di stampa italiana a carattere nazionale.","url":"https:\/\/www.livemag.it\/index.php\/author\/italpress\/"}]}},"jetpack_featured_media_url":"https:\/\/www.livemag.it\/wp-content\/uploads\/2025\/12\/20251203_1332.jpg","_links":{"self":[{"href":"https:\/\/www.livemag.it\/index.php\/wp-json\/wp\/v2\/posts\/64679","targetHints":{"allow":["GET"]}}],"collection":[{"href":"https:\/\/www.livemag.it\/index.php\/wp-json\/wp\/v2\/posts"}],"about":[{"href":"https:\/\/www.livemag.it\/index.php\/wp-json\/wp\/v2\/types\/post"}],"author":[{"embeddable":true,"href":"https:\/\/www.livemag.it\/index.php\/wp-json\/wp\/v2\/users\/16"}],"replies":[{"embeddable":true,"href":"https:\/\/www.livemag.it\/index.php\/wp-json\/wp\/v2\/comments?post=64679"}],"version-history":[{"count":0,"href":"https:\/\/www.livemag.it\/index.php\/wp-json\/wp\/v2\/posts\/64679\/revisions"}],"wp:featuredmedia":[{"embeddable":true,"href":"https:\/\/www.livemag.it\/index.php\/wp-json\/wp\/v2\/media\/64680"}],"wp:attachment":[{"href":"https:\/\/www.livemag.it\/index.php\/wp-json\/wp\/v2\/media?parent=64679"}],"wp:term":[{"taxonomy":"category","embeddable":true,"href":"https:\/\/www.livemag.it\/index.php\/wp-json\/wp\/v2\/categories?post=64679"},{"taxonomy":"post_tag","embeddable":true,"href":"https:\/\/www.livemag.it\/index.php\/wp-json\/wp\/v2\/tags?post=64679"}],"curies":[{"name":"wp","href":"https:\/\/api.w.org\/{rel}","templated":true}]}}