{"id":64644,"date":"2025-12-03T12:02:57","date_gmt":"2025-12-03T11:02:57","guid":{"rendered":"https:\/\/www.livemag.it\/index.php\/2025\/12\/03\/disabilita-mattarella-linclusione-arricchisce-lintera-comunita\/"},"modified":"2025-12-03T12:02:57","modified_gmt":"2025-12-03T11:02:57","slug":"disabilita-mattarella-linclusione-arricchisce-lintera-comunita","status":"publish","type":"post","link":"https:\/\/www.livemag.it\/index.php\/2025\/12\/03\/disabilita-mattarella-linclusione-arricchisce-lintera-comunita\/","title":{"rendered":"Disabilit\u00e0, Mattarella \u201cL\u2019inclusione arricchisce l\u2019intera comunit\u00e0\u201d"},"content":{"rendered":"<div>\n<p>ROMA (ITALPRESS) \u2013 <em>\u201c<strong>La Costituzione garantisce a ogni donna e uomo, senza eccezioni, l\u2019esercizio dei propri diritti.<\/strong> E\u2019, sovente, un percorso arduo, specie per troppe persone con disabilit\u00e0, che vivono condizioni di solitudine ed emarginazione. <\/em><strong><em>Accade nella vita di ogni giorno, nelle strade dei nostri paesi e delle nostre citt\u00e0, nelle famiglie, nella scuola, nei servizi pubblici, nei luoghi di lavoro\u201d<\/em>.<\/strong> Cos\u00ec il <strong>presidente della Repubblica, Sergio Mattarella, in occasione della Giornata Internazionale delle persone con disabilit\u00e0.<br \/>\n<\/strong><br \/>\n<em>\u201cPregiudizi e stereotipi ostacolano la piena partecipazione alla vita della comunit\u00e0 e la messa in valore dei loro talenti. Le famiglie affrontano sfide enormi<\/em> \u2013 prosegue il capo dello Stato -. <em>Ritardi, dinieghi, complicazioni irragionevoli, aggravano il peso economico, organizzativo ed emotivo della cura delle persone con disabilit\u00e0, talvolta afflitte da abusi e maltrattamenti oltre che da discriminazioni. E\u2019 una ferita per l\u2019intera collettivit\u00e0 e a essa va posto riparo con politiche e scelte appropriate. L\u2019inclusione arricchisce l\u2019intera comunit\u00e0, contribuisce a un progresso sociale autentico e condiviso, in cui le persone con disabilit\u00e0 non vengono considerate un peso, bens\u00ec membri a pieno titolo della vita comune, alla quale sono chiamati a prendere parte con le capacit\u00e0 di cui sono dotati\u201d.<\/em><\/p>\n<p>\u2013 Foto ufficio stampa Quirinale \u2013<\/p>\n<p>(ITALPRESS).<\/p>\n<\/div>\n","protected":false},"excerpt":{"rendered":"<p>ROMA (ITALPRESS) \u2013 \u201cLa Costituzione garantisce a ogni donna e uomo, senza eccezioni, l\u2019esercizio dei propri diritti. E\u2019, sovente, un percorso arduo, specie per troppe persone con disabilit\u00e0, che vivono condizioni di solitudine ed emarginazione. Accade nella vita di ogni giorno, nelle strade dei nostri paesi e delle nostre citt\u00e0, nelle famiglie, nella scuola, nei [&hellip;]<\/p>\n","protected":false},"author":16,"featured_media":64645,"comment_status":"closed","ping_status":"closed","sticky":false,"template":"","format":"standard","meta":{"jnews-multi-image_gallery":[],"jnews_single_post":[],"jnews_primary_category":[],"jnews_social_meta":[],"jnews_override_counter":[],"jnews_post_split":[],"footnotes":""},"categories":[1129],"tags":[],"class_list":["post-64644","post","type-post","status-publish","format-standard","has-post-thumbnail","hentry","category-mondo"],"yoast_head":"<!-- This site is optimized with the Yoast SEO plugin v27.4 - https:\/\/yoast.com\/product\/yoast-seo-wordpress\/ -->\n<title>Disabilit\u00e0, Mattarella \u201cL\u2019inclusione arricchisce l\u2019intera comunit\u00e0\u201d - Live Magazine<\/title>\n<meta name=\"robots\" content=\"index, follow, max-snippet:-1, max-image-preview:large, max-video-preview:-1\" \/>\n<link rel=\"canonical\" href=\"https:\/\/www.livemag.it\/index.php\/2025\/12\/03\/disabilita-mattarella-linclusione-arricchisce-lintera-comunita\/\" \/>\n<meta property=\"og:locale\" content=\"it_IT\" \/>\n<meta property=\"og:type\" content=\"article\" \/>\n<meta property=\"og:title\" content=\"Disabilit\u00e0, Mattarella \u201cL\u2019inclusione arricchisce l\u2019intera comunit\u00e0\u201d - Live Magazine\" \/>\n<meta property=\"og:description\" content=\"ROMA (ITALPRESS) \u2013 \u201cLa Costituzione garantisce a ogni donna e uomo, senza eccezioni, l\u2019esercizio dei propri diritti. E\u2019, sovente, un percorso arduo, specie per troppe persone con disabilit\u00e0, che vivono condizioni di solitudine ed emarginazione. Accade nella vita di ogni giorno, nelle strade dei nostri paesi e delle nostre citt\u00e0, nelle famiglie, nella scuola, nei [&hellip;]\" \/>\n<meta property=\"og:url\" content=\"https:\/\/www.livemag.it\/index.php\/2025\/12\/03\/disabilita-mattarella-linclusione-arricchisce-lintera-comunita\/\" \/>\n<meta property=\"og:site_name\" content=\"Live Magazine\" \/>\n<meta property=\"article:publisher\" content=\"https:\/\/www.facebook.com\/LiveMag\/\" \/>\n<meta property=\"article:published_time\" content=\"2025-12-03T11:02:57+00:00\" \/>\n<meta property=\"og:image\" content=\"https:\/\/www.livemag.it\/wp-content\/uploads\/2024\/02\/ograph.jpg\" \/>\n\t<meta property=\"og:image:width\" content=\"1200\" \/>\n\t<meta property=\"og:image:height\" content=\"675\" \/>\n\t<meta property=\"og:image:type\" content=\"image\/jpeg\" \/>\n<meta name=\"author\" content=\"italpress\" \/>\n<meta name=\"twitter:card\" content=\"summary_large_image\" \/>\n<meta name=\"twitter:creator\" content=\"@LiveNotizie\" \/>\n<meta name=\"twitter:site\" content=\"@LiveNotizie\" \/>\n<meta name=\"twitter:label1\" content=\"Scritto da\" \/>\n\t<meta name=\"twitter:data1\" content=\"italpress\" \/>\n\t<meta name=\"twitter:label2\" content=\"Tempo di lettura stimato\" \/>\n\t<meta name=\"twitter:data2\" content=\"1 minuto\" \/>\n<script type=\"application\/ld+json\" class=\"yoast-schema-graph\">{\"@context\":\"https:\\\/\\\/schema.org\",\"@graph\":[{\"@type\":\"Article\",\"@id\":\"https:\\\/\\\/www.livemag.it\\\/index.php\\\/2025\\\/12\\\/03\\\/disabilita-mattarella-linclusione-arricchisce-lintera-comunita\\\/#article\",\"isPartOf\":{\"@id\":\"https:\\\/\\\/www.livemag.it\\\/index.php\\\/2025\\\/12\\\/03\\\/disabilita-mattarella-linclusione-arricchisce-lintera-comunita\\\/\"},\"author\":{\"name\":\"italpress\",\"@id\":\"https:\\\/\\\/www.livemag.it\\\/#\\\/schema\\\/person\\\/b62c5f44451fdcdaeb0afe6c2424e73c\"},\"headline\":\"Disabilit\u00e0, Mattarella \u201cL\u2019inclusione arricchisce l\u2019intera comunit\u00e0\u201d\",\"datePublished\":\"2025-12-03T11:02:57+00:00\",\"mainEntityOfPage\":{\"@id\":\"https:\\\/\\\/www.livemag.it\\\/index.php\\\/2025\\\/12\\\/03\\\/disabilita-mattarella-linclusione-arricchisce-lintera-comunita\\\/\"},\"wordCount\":212,\"publisher\":{\"@id\":\"https:\\\/\\\/www.livemag.it\\\/#organization\"},\"image\":{\"@id\":\"https:\\\/\\\/www.livemag.it\\\/index.php\\\/2025\\\/12\\\/03\\\/disabilita-mattarella-linclusione-arricchisce-lintera-comunita\\\/#primaryimage\"},\"thumbnailUrl\":\"https:\\\/\\\/www.livemag.it\\\/wp-content\\\/uploads\\\/2025\\\/12\\\/20251203_0234.jpg\",\"articleSection\":[\"Mondo\"],\"inLanguage\":\"it-IT\"},{\"@type\":\"WebPage\",\"@id\":\"https:\\\/\\\/www.livemag.it\\\/index.php\\\/2025\\\/12\\\/03\\\/disabilita-mattarella-linclusione-arricchisce-lintera-comunita\\\/\",\"url\":\"https:\\\/\\\/www.livemag.it\\\/index.php\\\/2025\\\/12\\\/03\\\/disabilita-mattarella-linclusione-arricchisce-lintera-comunita\\\/\",\"name\":\"Disabilit\u00e0, Mattarella \u201cL\u2019inclusione arricchisce l\u2019intera comunit\u00e0\u201d - Live Magazine\",\"isPartOf\":{\"@id\":\"https:\\\/\\\/www.livemag.it\\\/#website\"},\"primaryImageOfPage\":{\"@id\":\"https:\\\/\\\/www.livemag.it\\\/index.php\\\/2025\\\/12\\\/03\\\/disabilita-mattarella-linclusione-arricchisce-lintera-comunita\\\/#primaryimage\"},\"image\":{\"@id\":\"https:\\\/\\\/www.livemag.it\\\/index.php\\\/2025\\\/12\\\/03\\\/disabilita-mattarella-linclusione-arricchisce-lintera-comunita\\\/#primaryimage\"},\"thumbnailUrl\":\"https:\\\/\\\/www.livemag.it\\\/wp-content\\\/uploads\\\/2025\\\/12\\\/20251203_0234.jpg\",\"datePublished\":\"2025-12-03T11:02:57+00:00\",\"breadcrumb\":{\"@id\":\"https:\\\/\\\/www.livemag.it\\\/index.php\\\/2025\\\/12\\\/03\\\/disabilita-mattarella-linclusione-arricchisce-lintera-comunita\\\/#breadcrumb\"},\"inLanguage\":\"it-IT\",\"potentialAction\":[{\"@type\":\"ReadAction\",\"target\":[\"https:\\\/\\\/www.livemag.it\\\/index.php\\\/2025\\\/12\\\/03\\\/disabilita-mattarella-linclusione-arricchisce-lintera-comunita\\\/\"]}]},{\"@type\":\"ImageObject\",\"inLanguage\":\"it-IT\",\"@id\":\"https:\\\/\\\/www.livemag.it\\\/index.php\\\/2025\\\/12\\\/03\\\/disabilita-mattarella-linclusione-arricchisce-lintera-comunita\\\/#primaryimage\",\"url\":\"https:\\\/\\\/www.livemag.it\\\/wp-content\\\/uploads\\\/2025\\\/12\\\/20251203_0234.jpg\",\"contentUrl\":\"https:\\\/\\\/www.livemag.it\\\/wp-content\\\/uploads\\\/2025\\\/12\\\/20251203_0234.jpg\",\"width\":1200,\"height\":1017},{\"@type\":\"BreadcrumbList\",\"@id\":\"https:\\\/\\\/www.livemag.it\\\/index.php\\\/2025\\\/12\\\/03\\\/disabilita-mattarella-linclusione-arricchisce-lintera-comunita\\\/#breadcrumb\",\"itemListElement\":[{\"@type\":\"ListItem\",\"position\":1,\"name\":\"Home\",\"item\":\"https:\\\/\\\/www.livemag.it\\\/\"},{\"@type\":\"ListItem\",\"position\":2,\"name\":\"Disabilit\u00e0, Mattarella \u201cL\u2019inclusione arricchisce l\u2019intera comunit\u00e0\u201d\"}]},{\"@type\":\"WebSite\",\"@id\":\"https:\\\/\\\/www.livemag.it\\\/#website\",\"url\":\"https:\\\/\\\/www.livemag.it\\\/\",\"name\":\"Live Magazine\",\"description\":\"Varie ed eventi\",\"publisher\":{\"@id\":\"https:\\\/\\\/www.livemag.it\\\/#organization\"},\"potentialAction\":[{\"@type\":\"SearchAction\",\"target\":{\"@type\":\"EntryPoint\",\"urlTemplate\":\"https:\\\/\\\/www.livemag.it\\\/?s={search_term_string}\"},\"query-input\":{\"@type\":\"PropertyValueSpecification\",\"valueRequired\":true,\"valueName\":\"search_term_string\"}}],\"inLanguage\":\"it-IT\"},{\"@type\":\"Organization\",\"@id\":\"https:\\\/\\\/www.livemag.it\\\/#organization\",\"name\":\"LiveMag\",\"alternateName\":\"LiveMag News ed eventi\",\"url\":\"https:\\\/\\\/www.livemag.it\\\/\",\"logo\":{\"@type\":\"ImageObject\",\"inLanguage\":\"it-IT\",\"@id\":\"https:\\\/\\\/www.livemag.it\\\/#\\\/schema\\\/logo\\\/image\\\/\",\"url\":\"https:\\\/\\\/www.livemag.it\\\/wp-content\\\/uploads\\\/2024\\\/02\\\/immagine-sito.jpg\",\"contentUrl\":\"https:\\\/\\\/www.livemag.it\\\/wp-content\\\/uploads\\\/2024\\\/02\\\/immagine-sito.jpg\",\"width\":696,\"height\":696,\"caption\":\"LiveMag\"},\"image\":{\"@id\":\"https:\\\/\\\/www.livemag.it\\\/#\\\/schema\\\/logo\\\/image\\\/\"},\"sameAs\":[\"https:\\\/\\\/www.facebook.com\\\/LiveMag\\\/\",\"https:\\\/\\\/x.com\\\/LiveNotizie\",\"https:\\\/\\\/www.instagram.com\\\/livemag\\\/\"]},{\"@type\":\"Person\",\"@id\":\"https:\\\/\\\/www.livemag.it\\\/#\\\/schema\\\/person\\\/b62c5f44451fdcdaeb0afe6c2424e73c\",\"name\":\"italpress\",\"image\":{\"@type\":\"ImageObject\",\"inLanguage\":\"it-IT\",\"@id\":\"https:\\\/\\\/secure.gravatar.com\\\/avatar\\\/b6a21695fc713ce7ee312cf57c97e2e641feb365be72d8745574d3c3e2b59066?s=96&r=g\",\"url\":\"https:\\\/\\\/secure.gravatar.com\\\/avatar\\\/b6a21695fc713ce7ee312cf57c97e2e641feb365be72d8745574d3c3e2b59066?s=96&r=g\",\"contentUrl\":\"https:\\\/\\\/secure.gravatar.com\\\/avatar\\\/b6a21695fc713ce7ee312cf57c97e2e641feb365be72d8745574d3c3e2b59066?s=96&r=g\",\"caption\":\"italpress\"},\"description\":\"Italpress \u00e8 un'agenzia di stampa italiana a carattere nazionale.\",\"url\":\"https:\\\/\\\/www.livemag.it\\\/index.php\\\/author\\\/italpress\\\/\"}]}<\/script>\n<!-- \/ Yoast SEO plugin. -->","yoast_head_json":{"title":"Disabilit\u00e0, Mattarella \u201cL\u2019inclusione arricchisce l\u2019intera comunit\u00e0\u201d - Live Magazine","robots":{"index":"index","follow":"follow","max-snippet":"max-snippet:-1","max-image-preview":"max-image-preview:large","max-video-preview":"max-video-preview:-1"},"canonical":"https:\/\/www.livemag.it\/index.php\/2025\/12\/03\/disabilita-mattarella-linclusione-arricchisce-lintera-comunita\/","og_locale":"it_IT","og_type":"article","og_title":"Disabilit\u00e0, Mattarella \u201cL\u2019inclusione arricchisce l\u2019intera comunit\u00e0\u201d - Live Magazine","og_description":"ROMA (ITALPRESS) \u2013 \u201cLa Costituzione garantisce a ogni donna e uomo, senza eccezioni, l\u2019esercizio dei propri diritti. E\u2019, sovente, un percorso arduo, specie per troppe persone con disabilit\u00e0, che vivono condizioni di solitudine ed emarginazione. Accade nella vita di ogni giorno, nelle strade dei nostri paesi e delle nostre citt\u00e0, nelle famiglie, nella scuola, nei [&hellip;]","og_url":"https:\/\/www.livemag.it\/index.php\/2025\/12\/03\/disabilita-mattarella-linclusione-arricchisce-lintera-comunita\/","og_site_name":"Live Magazine","article_publisher":"https:\/\/www.facebook.com\/LiveMag\/","article_published_time":"2025-12-03T11:02:57+00:00","og_image":[{"width":1200,"height":675,"url":"https:\/\/www.livemag.it\/wp-content\/uploads\/2024\/02\/ograph.jpg","type":"image\/jpeg"}],"author":"italpress","twitter_card":"summary_large_image","twitter_creator":"@LiveNotizie","twitter_site":"@LiveNotizie","twitter_misc":{"Scritto da":"italpress","Tempo di lettura stimato":"1 minuto"},"schema":{"@context":"https:\/\/schema.org","@graph":[{"@type":"Article","@id":"https:\/\/www.livemag.it\/index.php\/2025\/12\/03\/disabilita-mattarella-linclusione-arricchisce-lintera-comunita\/#article","isPartOf":{"@id":"https:\/\/www.livemag.it\/index.php\/2025\/12\/03\/disabilita-mattarella-linclusione-arricchisce-lintera-comunita\/"},"author":{"name":"italpress","@id":"https:\/\/www.livemag.it\/#\/schema\/person\/b62c5f44451fdcdaeb0afe6c2424e73c"},"headline":"Disabilit\u00e0, Mattarella \u201cL\u2019inclusione arricchisce l\u2019intera comunit\u00e0\u201d","datePublished":"2025-12-03T11:02:57+00:00","mainEntityOfPage":{"@id":"https:\/\/www.livemag.it\/index.php\/2025\/12\/03\/disabilita-mattarella-linclusione-arricchisce-lintera-comunita\/"},"wordCount":212,"publisher":{"@id":"https:\/\/www.livemag.it\/#organization"},"image":{"@id":"https:\/\/www.livemag.it\/index.php\/2025\/12\/03\/disabilita-mattarella-linclusione-arricchisce-lintera-comunita\/#primaryimage"},"thumbnailUrl":"https:\/\/www.livemag.it\/wp-content\/uploads\/2025\/12\/20251203_0234.jpg","articleSection":["Mondo"],"inLanguage":"it-IT"},{"@type":"WebPage","@id":"https:\/\/www.livemag.it\/index.php\/2025\/12\/03\/disabilita-mattarella-linclusione-arricchisce-lintera-comunita\/","url":"https:\/\/www.livemag.it\/index.php\/2025\/12\/03\/disabilita-mattarella-linclusione-arricchisce-lintera-comunita\/","name":"Disabilit\u00e0, Mattarella \u201cL\u2019inclusione arricchisce l\u2019intera comunit\u00e0\u201d - Live Magazine","isPartOf":{"@id":"https:\/\/www.livemag.it\/#website"},"primaryImageOfPage":{"@id":"https:\/\/www.livemag.it\/index.php\/2025\/12\/03\/disabilita-mattarella-linclusione-arricchisce-lintera-comunita\/#primaryimage"},"image":{"@id":"https:\/\/www.livemag.it\/index.php\/2025\/12\/03\/disabilita-mattarella-linclusione-arricchisce-lintera-comunita\/#primaryimage"},"thumbnailUrl":"https:\/\/www.livemag.it\/wp-content\/uploads\/2025\/12\/20251203_0234.jpg","datePublished":"2025-12-03T11:02:57+00:00","breadcrumb":{"@id":"https:\/\/www.livemag.it\/index.php\/2025\/12\/03\/disabilita-mattarella-linclusione-arricchisce-lintera-comunita\/#breadcrumb"},"inLanguage":"it-IT","potentialAction":[{"@type":"ReadAction","target":["https:\/\/www.livemag.it\/index.php\/2025\/12\/03\/disabilita-mattarella-linclusione-arricchisce-lintera-comunita\/"]}]},{"@type":"ImageObject","inLanguage":"it-IT","@id":"https:\/\/www.livemag.it\/index.php\/2025\/12\/03\/disabilita-mattarella-linclusione-arricchisce-lintera-comunita\/#primaryimage","url":"https:\/\/www.livemag.it\/wp-content\/uploads\/2025\/12\/20251203_0234.jpg","contentUrl":"https:\/\/www.livemag.it\/wp-content\/uploads\/2025\/12\/20251203_0234.jpg","width":1200,"height":1017},{"@type":"BreadcrumbList","@id":"https:\/\/www.livemag.it\/index.php\/2025\/12\/03\/disabilita-mattarella-linclusione-arricchisce-lintera-comunita\/#breadcrumb","itemListElement":[{"@type":"ListItem","position":1,"name":"Home","item":"https:\/\/www.livemag.it\/"},{"@type":"ListItem","position":2,"name":"Disabilit\u00e0, Mattarella \u201cL\u2019inclusione arricchisce l\u2019intera comunit\u00e0\u201d"}]},{"@type":"WebSite","@id":"https:\/\/www.livemag.it\/#website","url":"https:\/\/www.livemag.it\/","name":"Live Magazine","description":"Varie ed eventi","publisher":{"@id":"https:\/\/www.livemag.it\/#organization"},"potentialAction":[{"@type":"SearchAction","target":{"@type":"EntryPoint","urlTemplate":"https:\/\/www.livemag.it\/?s={search_term_string}"},"query-input":{"@type":"PropertyValueSpecification","valueRequired":true,"valueName":"search_term_string"}}],"inLanguage":"it-IT"},{"@type":"Organization","@id":"https:\/\/www.livemag.it\/#organization","name":"LiveMag","alternateName":"LiveMag News ed eventi","url":"https:\/\/www.livemag.it\/","logo":{"@type":"ImageObject","inLanguage":"it-IT","@id":"https:\/\/www.livemag.it\/#\/schema\/logo\/image\/","url":"https:\/\/www.livemag.it\/wp-content\/uploads\/2024\/02\/immagine-sito.jpg","contentUrl":"https:\/\/www.livemag.it\/wp-content\/uploads\/2024\/02\/immagine-sito.jpg","width":696,"height":696,"caption":"LiveMag"},"image":{"@id":"https:\/\/www.livemag.it\/#\/schema\/logo\/image\/"},"sameAs":["https:\/\/www.facebook.com\/LiveMag\/","https:\/\/x.com\/LiveNotizie","https:\/\/www.instagram.com\/livemag\/"]},{"@type":"Person","@id":"https:\/\/www.livemag.it\/#\/schema\/person\/b62c5f44451fdcdaeb0afe6c2424e73c","name":"italpress","image":{"@type":"ImageObject","inLanguage":"it-IT","@id":"https:\/\/secure.gravatar.com\/avatar\/b6a21695fc713ce7ee312cf57c97e2e641feb365be72d8745574d3c3e2b59066?s=96&r=g","url":"https:\/\/secure.gravatar.com\/avatar\/b6a21695fc713ce7ee312cf57c97e2e641feb365be72d8745574d3c3e2b59066?s=96&r=g","contentUrl":"https:\/\/secure.gravatar.com\/avatar\/b6a21695fc713ce7ee312cf57c97e2e641feb365be72d8745574d3c3e2b59066?s=96&r=g","caption":"italpress"},"description":"Italpress \u00e8 un'agenzia di stampa italiana a carattere nazionale.","url":"https:\/\/www.livemag.it\/index.php\/author\/italpress\/"}]}},"jetpack_featured_media_url":"https:\/\/www.livemag.it\/wp-content\/uploads\/2025\/12\/20251203_0234.jpg","_links":{"self":[{"href":"https:\/\/www.livemag.it\/index.php\/wp-json\/wp\/v2\/posts\/64644","targetHints":{"allow":["GET"]}}],"collection":[{"href":"https:\/\/www.livemag.it\/index.php\/wp-json\/wp\/v2\/posts"}],"about":[{"href":"https:\/\/www.livemag.it\/index.php\/wp-json\/wp\/v2\/types\/post"}],"author":[{"embeddable":true,"href":"https:\/\/www.livemag.it\/index.php\/wp-json\/wp\/v2\/users\/16"}],"replies":[{"embeddable":true,"href":"https:\/\/www.livemag.it\/index.php\/wp-json\/wp\/v2\/comments?post=64644"}],"version-history":[{"count":0,"href":"https:\/\/www.livemag.it\/index.php\/wp-json\/wp\/v2\/posts\/64644\/revisions"}],"wp:featuredmedia":[{"embeddable":true,"href":"https:\/\/www.livemag.it\/index.php\/wp-json\/wp\/v2\/media\/64645"}],"wp:attachment":[{"href":"https:\/\/www.livemag.it\/index.php\/wp-json\/wp\/v2\/media?parent=64644"}],"wp:term":[{"taxonomy":"category","embeddable":true,"href":"https:\/\/www.livemag.it\/index.php\/wp-json\/wp\/v2\/categories?post=64644"},{"taxonomy":"post_tag","embeddable":true,"href":"https:\/\/www.livemag.it\/index.php\/wp-json\/wp\/v2\/tags?post=64644"}],"curies":[{"name":"wp","href":"https:\/\/api.w.org\/{rel}","templated":true}]}}