{"id":64607,"date":"2025-12-02T21:02:43","date_gmt":"2025-12-02T20:02:43","guid":{"rendered":"https:\/\/www.livemag.it\/index.php\/2025\/12\/02\/disabilita-corti-inclusione-fondamentale-in-sport-lavoro-e-tempo-libero\/"},"modified":"2025-12-02T21:02:43","modified_gmt":"2025-12-02T20:02:43","slug":"disabilita-corti-inclusione-fondamentale-in-sport-lavoro-e-tempo-libero","status":"publish","type":"post","link":"https:\/\/www.livemag.it\/index.php\/2025\/12\/02\/disabilita-corti-inclusione-fondamentale-in-sport-lavoro-e-tempo-libero\/","title":{"rendered":"<div>Disabilit\u00e0, Corti &#8220;Inclusione fondamentale in sport, lavoro e tempo libero&#8221;<\/div>"},"content":{"rendered":"<p>    <video-js id=\"videojs69ef3c7ac3896\" class=\"vjs-big-play-centered\" controls preload=\"auto\" playsinline data-setup='{\"fluid\": true}'>\r\n        <source src=\"https:\/\/video.italpress.com\/play\/mp4\/video\/BjQx\" type=\"video\/mp4\" \/>\r\n    <\/video-js>\r\n           <br \/>\n<\/p>\n<div> ROMA (ITALPRESS)  &#8211; &#8220;Come Fondazione Allianz UMANA MENTE e come gruppo Allianz crediamo fermamente nell&#8217;inclusione di tutti, per noi il diritto alle persone con disabilit\u00e0 \u00e8 fondamentale. Ogni anno vogliamo veramente celebrare questa Giornata internazionale delle persone con disabilit\u00e0, andando a raccontare quello che \u00e8 il nostro impegno concreto a 360 gradi, dando veramente valore ai diritti al tempo libero, danche alle vacanze, perch\u00e9 a volte famiglie con figli con disabilit\u00e0 non possono andare in vacanza. Attraverso il nostro progetto Hol4All diamo veramente una boccata di ossigeno alle famiglie, ma soprattutto le mettiamo in rete  con altre famiglie in un contesto di vacanza&#8221;. Cos\u00ec Nicola Corti, segretario generale della Fondazione Allianz UMANA MENTE, a margine della conferenza &#8220;Disabilit\u00e0: sport e lavoro trampolino per l&#8217;inclusione&#8221; in Senato. Anche &#8220;lo sport \u00e8 per tutti, siamo al fianco della Federazione Ciclismo Italiano e c&#8217;\u00e8 un diritto in pi\u00f9: gli atleti ciclisti con disabilit\u00e0 e con ritardo mentale fino all&#8217;anno scorso non potevano avere uno sbocco agonistico, ad oggi \u00e8 realt\u00e0. E poi gli sport invernali: siamo a ridosso di Milano-Cortina, siamo al fianco della Federazione Paralimpica e abbiamo fatto un&#8217;attivit\u00e0 per attrarre nuovi atleti ma soprattutto per pensare al futuro, per pensare a cosa c&#8217;\u00e8 dopo i Giochi. Abbiamo creato una squadra squadra Under 16 che non andr\u00e0 a Milano Cortina 2026 per et\u00e0, ma speriamo che possano essere gli atleti del futuro&#8221;.<\/p>\n<p>xi2\/sat\/mca1<\/p><\/div>\n","protected":false},"excerpt":{"rendered":"<p>ROMA (ITALPRESS) &#8211; &#8220;Come Fondazione Allianz UMANA MENTE e come gruppo Allianz crediamo fermamente nell&#8217;inclusione di tutti, per noi il diritto alle persone con disabilit\u00e0 \u00e8 fondamentale. Ogni anno vogliamo veramente celebrare questa Giornata internazionale delle persone con disabilit\u00e0, andando a raccontare quello che \u00e8 il nostro impegno concreto a 360 gradi, dando veramente valore [&hellip;]<\/p>\n","protected":false},"author":16,"featured_media":64608,"comment_status":"closed","ping_status":"closed","sticky":false,"template":"","format":"video","meta":{"jnews-multi-image_gallery":[],"jnews_single_post":[],"jnews_primary_category":[],"jnews_social_meta":[],"jnews_override_counter":[],"jnews_post_split":[],"footnotes":""},"categories":[1171],"tags":[],"class_list":["post-64607","post","type-post","status-publish","format-video","has-post-thumbnail","hentry","category-video","post_format-post-format-video"],"yoast_head":"<!-- This site is optimized with the Yoast SEO plugin v27.4 - https:\/\/yoast.com\/product\/yoast-seo-wordpress\/ -->\n<title>Disabilit\u00e0, Corti &quot;Inclusione fondamentale in sport, lavoro e tempo libero&quot; - Live Magazine<\/title>\n<meta name=\"robots\" content=\"index, follow, max-snippet:-1, max-image-preview:large, max-video-preview:-1\" \/>\n<link rel=\"canonical\" href=\"https:\/\/www.livemag.it\/index.php\/2025\/12\/02\/disabilita-corti-inclusione-fondamentale-in-sport-lavoro-e-tempo-libero\/\" \/>\n<meta property=\"og:locale\" content=\"it_IT\" \/>\n<meta property=\"og:type\" content=\"article\" \/>\n<meta property=\"og:title\" content=\"Disabilit\u00e0, Corti &quot;Inclusione fondamentale in sport, lavoro e tempo libero&quot; - Live Magazine\" \/>\n<meta property=\"og:description\" content=\"ROMA (ITALPRESS) &#8211; &#8220;Come Fondazione Allianz UMANA MENTE e come gruppo Allianz crediamo fermamente nell&#8217;inclusione di tutti, per noi il diritto alle persone con disabilit\u00e0 \u00e8 fondamentale. Ogni anno vogliamo veramente celebrare questa Giornata internazionale delle persone con disabilit\u00e0, andando a raccontare quello che \u00e8 il nostro impegno concreto a 360 gradi, dando veramente valore [&hellip;]\" \/>\n<meta property=\"og:url\" content=\"https:\/\/www.livemag.it\/index.php\/2025\/12\/02\/disabilita-corti-inclusione-fondamentale-in-sport-lavoro-e-tempo-libero\/\" \/>\n<meta property=\"og:site_name\" content=\"Live Magazine\" \/>\n<meta property=\"article:publisher\" content=\"https:\/\/www.facebook.com\/LiveMag\/\" \/>\n<meta property=\"article:published_time\" content=\"2025-12-02T20:02:43+00:00\" \/>\n<meta property=\"og:image\" content=\"https:\/\/www.livemag.it\/wp-content\/uploads\/2024\/02\/ograph.jpg\" \/>\n\t<meta property=\"og:image:width\" content=\"1200\" \/>\n\t<meta property=\"og:image:height\" content=\"675\" \/>\n\t<meta property=\"og:image:type\" content=\"image\/jpeg\" \/>\n<meta name=\"author\" content=\"italpress\" \/>\n<meta name=\"twitter:card\" content=\"summary_large_image\" \/>\n<meta name=\"twitter:creator\" content=\"@LiveNotizie\" \/>\n<meta name=\"twitter:site\" content=\"@LiveNotizie\" \/>\n<meta name=\"twitter:label1\" content=\"Scritto da\" \/>\n\t<meta name=\"twitter:data1\" content=\"italpress\" \/>\n\t<meta name=\"twitter:label2\" content=\"Tempo di lettura stimato\" \/>\n\t<meta name=\"twitter:data2\" content=\"1 minuto\" \/>\n<script type=\"application\/ld+json\" class=\"yoast-schema-graph\">{\"@context\":\"https:\\\/\\\/schema.org\",\"@graph\":[{\"@type\":\"Article\",\"@id\":\"https:\\\/\\\/www.livemag.it\\\/index.php\\\/2025\\\/12\\\/02\\\/disabilita-corti-inclusione-fondamentale-in-sport-lavoro-e-tempo-libero\\\/#article\",\"isPartOf\":{\"@id\":\"https:\\\/\\\/www.livemag.it\\\/index.php\\\/2025\\\/12\\\/02\\\/disabilita-corti-inclusione-fondamentale-in-sport-lavoro-e-tempo-libero\\\/\"},\"author\":{\"name\":\"italpress\",\"@id\":\"https:\\\/\\\/www.livemag.it\\\/#\\\/schema\\\/person\\\/b62c5f44451fdcdaeb0afe6c2424e73c\"},\"headline\":\"Disabilit\u00e0, Corti &#8220;Inclusione fondamentale in sport, lavoro e tempo libero&#8221;\",\"datePublished\":\"2025-12-02T20:02:43+00:00\",\"mainEntityOfPage\":{\"@id\":\"https:\\\/\\\/www.livemag.it\\\/index.php\\\/2025\\\/12\\\/02\\\/disabilita-corti-inclusione-fondamentale-in-sport-lavoro-e-tempo-libero\\\/\"},\"wordCount\":252,\"publisher\":{\"@id\":\"https:\\\/\\\/www.livemag.it\\\/#organization\"},\"image\":{\"@id\":\"https:\\\/\\\/www.livemag.it\\\/index.php\\\/2025\\\/12\\\/02\\\/disabilita-corti-inclusione-fondamentale-in-sport-lavoro-e-tempo-libero\\\/#primaryimage\"},\"thumbnailUrl\":\"https:\\\/\\\/www.livemag.it\\\/wp-content\\\/uploads\\\/2025\\\/12\\\/BjQx.jpg\",\"articleSection\":[\"Video\"],\"inLanguage\":\"it-IT\"},{\"@type\":\"WebPage\",\"@id\":\"https:\\\/\\\/www.livemag.it\\\/index.php\\\/2025\\\/12\\\/02\\\/disabilita-corti-inclusione-fondamentale-in-sport-lavoro-e-tempo-libero\\\/\",\"url\":\"https:\\\/\\\/www.livemag.it\\\/index.php\\\/2025\\\/12\\\/02\\\/disabilita-corti-inclusione-fondamentale-in-sport-lavoro-e-tempo-libero\\\/\",\"name\":\"Disabilit\u00e0, Corti \\\"Inclusione fondamentale in sport, lavoro e tempo libero\\\" - Live Magazine\",\"isPartOf\":{\"@id\":\"https:\\\/\\\/www.livemag.it\\\/#website\"},\"primaryImageOfPage\":{\"@id\":\"https:\\\/\\\/www.livemag.it\\\/index.php\\\/2025\\\/12\\\/02\\\/disabilita-corti-inclusione-fondamentale-in-sport-lavoro-e-tempo-libero\\\/#primaryimage\"},\"image\":{\"@id\":\"https:\\\/\\\/www.livemag.it\\\/index.php\\\/2025\\\/12\\\/02\\\/disabilita-corti-inclusione-fondamentale-in-sport-lavoro-e-tempo-libero\\\/#primaryimage\"},\"thumbnailUrl\":\"https:\\\/\\\/www.livemag.it\\\/wp-content\\\/uploads\\\/2025\\\/12\\\/BjQx.jpg\",\"datePublished\":\"2025-12-02T20:02:43+00:00\",\"breadcrumb\":{\"@id\":\"https:\\\/\\\/www.livemag.it\\\/index.php\\\/2025\\\/12\\\/02\\\/disabilita-corti-inclusione-fondamentale-in-sport-lavoro-e-tempo-libero\\\/#breadcrumb\"},\"inLanguage\":\"it-IT\",\"potentialAction\":[{\"@type\":\"ReadAction\",\"target\":[\"https:\\\/\\\/www.livemag.it\\\/index.php\\\/2025\\\/12\\\/02\\\/disabilita-corti-inclusione-fondamentale-in-sport-lavoro-e-tempo-libero\\\/\"]}]},{\"@type\":\"ImageObject\",\"inLanguage\":\"it-IT\",\"@id\":\"https:\\\/\\\/www.livemag.it\\\/index.php\\\/2025\\\/12\\\/02\\\/disabilita-corti-inclusione-fondamentale-in-sport-lavoro-e-tempo-libero\\\/#primaryimage\",\"url\":\"https:\\\/\\\/www.livemag.it\\\/wp-content\\\/uploads\\\/2025\\\/12\\\/BjQx.jpg\",\"contentUrl\":\"https:\\\/\\\/www.livemag.it\\\/wp-content\\\/uploads\\\/2025\\\/12\\\/BjQx.jpg\",\"width\":1920,\"height\":1080},{\"@type\":\"BreadcrumbList\",\"@id\":\"https:\\\/\\\/www.livemag.it\\\/index.php\\\/2025\\\/12\\\/02\\\/disabilita-corti-inclusione-fondamentale-in-sport-lavoro-e-tempo-libero\\\/#breadcrumb\",\"itemListElement\":[{\"@type\":\"ListItem\",\"position\":1,\"name\":\"Home\",\"item\":\"https:\\\/\\\/www.livemag.it\\\/\"},{\"@type\":\"ListItem\",\"position\":2,\"name\":\"Disabilit\u00e0, Corti &#8220;Inclusione fondamentale in sport, lavoro e tempo libero&#8221;\"}]},{\"@type\":\"WebSite\",\"@id\":\"https:\\\/\\\/www.livemag.it\\\/#website\",\"url\":\"https:\\\/\\\/www.livemag.it\\\/\",\"name\":\"Live Magazine\",\"description\":\"Varie ed eventi\",\"publisher\":{\"@id\":\"https:\\\/\\\/www.livemag.it\\\/#organization\"},\"potentialAction\":[{\"@type\":\"SearchAction\",\"target\":{\"@type\":\"EntryPoint\",\"urlTemplate\":\"https:\\\/\\\/www.livemag.it\\\/?s={search_term_string}\"},\"query-input\":{\"@type\":\"PropertyValueSpecification\",\"valueRequired\":true,\"valueName\":\"search_term_string\"}}],\"inLanguage\":\"it-IT\"},{\"@type\":\"Organization\",\"@id\":\"https:\\\/\\\/www.livemag.it\\\/#organization\",\"name\":\"LiveMag\",\"alternateName\":\"LiveMag News ed eventi\",\"url\":\"https:\\\/\\\/www.livemag.it\\\/\",\"logo\":{\"@type\":\"ImageObject\",\"inLanguage\":\"it-IT\",\"@id\":\"https:\\\/\\\/www.livemag.it\\\/#\\\/schema\\\/logo\\\/image\\\/\",\"url\":\"https:\\\/\\\/www.livemag.it\\\/wp-content\\\/uploads\\\/2024\\\/02\\\/immagine-sito.jpg\",\"contentUrl\":\"https:\\\/\\\/www.livemag.it\\\/wp-content\\\/uploads\\\/2024\\\/02\\\/immagine-sito.jpg\",\"width\":696,\"height\":696,\"caption\":\"LiveMag\"},\"image\":{\"@id\":\"https:\\\/\\\/www.livemag.it\\\/#\\\/schema\\\/logo\\\/image\\\/\"},\"sameAs\":[\"https:\\\/\\\/www.facebook.com\\\/LiveMag\\\/\",\"https:\\\/\\\/x.com\\\/LiveNotizie\",\"https:\\\/\\\/www.instagram.com\\\/livemag\\\/\"]},{\"@type\":\"Person\",\"@id\":\"https:\\\/\\\/www.livemag.it\\\/#\\\/schema\\\/person\\\/b62c5f44451fdcdaeb0afe6c2424e73c\",\"name\":\"italpress\",\"image\":{\"@type\":\"ImageObject\",\"inLanguage\":\"it-IT\",\"@id\":\"https:\\\/\\\/secure.gravatar.com\\\/avatar\\\/b6a21695fc713ce7ee312cf57c97e2e641feb365be72d8745574d3c3e2b59066?s=96&r=g\",\"url\":\"https:\\\/\\\/secure.gravatar.com\\\/avatar\\\/b6a21695fc713ce7ee312cf57c97e2e641feb365be72d8745574d3c3e2b59066?s=96&r=g\",\"contentUrl\":\"https:\\\/\\\/secure.gravatar.com\\\/avatar\\\/b6a21695fc713ce7ee312cf57c97e2e641feb365be72d8745574d3c3e2b59066?s=96&r=g\",\"caption\":\"italpress\"},\"description\":\"Italpress \u00e8 un'agenzia di stampa italiana a carattere nazionale.\",\"url\":\"https:\\\/\\\/www.livemag.it\\\/index.php\\\/author\\\/italpress\\\/\"}]}<\/script>\n<!-- \/ Yoast SEO plugin. -->","yoast_head_json":{"title":"Disabilit\u00e0, Corti \"Inclusione fondamentale in sport, lavoro e tempo libero\" - Live Magazine","robots":{"index":"index","follow":"follow","max-snippet":"max-snippet:-1","max-image-preview":"max-image-preview:large","max-video-preview":"max-video-preview:-1"},"canonical":"https:\/\/www.livemag.it\/index.php\/2025\/12\/02\/disabilita-corti-inclusione-fondamentale-in-sport-lavoro-e-tempo-libero\/","og_locale":"it_IT","og_type":"article","og_title":"Disabilit\u00e0, Corti \"Inclusione fondamentale in sport, lavoro e tempo libero\" - Live Magazine","og_description":"ROMA (ITALPRESS) &#8211; &#8220;Come Fondazione Allianz UMANA MENTE e come gruppo Allianz crediamo fermamente nell&#8217;inclusione di tutti, per noi il diritto alle persone con disabilit\u00e0 \u00e8 fondamentale. Ogni anno vogliamo veramente celebrare questa Giornata internazionale delle persone con disabilit\u00e0, andando a raccontare quello che \u00e8 il nostro impegno concreto a 360 gradi, dando veramente valore [&hellip;]","og_url":"https:\/\/www.livemag.it\/index.php\/2025\/12\/02\/disabilita-corti-inclusione-fondamentale-in-sport-lavoro-e-tempo-libero\/","og_site_name":"Live Magazine","article_publisher":"https:\/\/www.facebook.com\/LiveMag\/","article_published_time":"2025-12-02T20:02:43+00:00","og_image":[{"width":1200,"height":675,"url":"https:\/\/www.livemag.it\/wp-content\/uploads\/2024\/02\/ograph.jpg","type":"image\/jpeg"}],"author":"italpress","twitter_card":"summary_large_image","twitter_creator":"@LiveNotizie","twitter_site":"@LiveNotizie","twitter_misc":{"Scritto da":"italpress","Tempo di lettura stimato":"1 minuto"},"schema":{"@context":"https:\/\/schema.org","@graph":[{"@type":"Article","@id":"https:\/\/www.livemag.it\/index.php\/2025\/12\/02\/disabilita-corti-inclusione-fondamentale-in-sport-lavoro-e-tempo-libero\/#article","isPartOf":{"@id":"https:\/\/www.livemag.it\/index.php\/2025\/12\/02\/disabilita-corti-inclusione-fondamentale-in-sport-lavoro-e-tempo-libero\/"},"author":{"name":"italpress","@id":"https:\/\/www.livemag.it\/#\/schema\/person\/b62c5f44451fdcdaeb0afe6c2424e73c"},"headline":"Disabilit\u00e0, Corti &#8220;Inclusione fondamentale in sport, lavoro e tempo libero&#8221;","datePublished":"2025-12-02T20:02:43+00:00","mainEntityOfPage":{"@id":"https:\/\/www.livemag.it\/index.php\/2025\/12\/02\/disabilita-corti-inclusione-fondamentale-in-sport-lavoro-e-tempo-libero\/"},"wordCount":252,"publisher":{"@id":"https:\/\/www.livemag.it\/#organization"},"image":{"@id":"https:\/\/www.livemag.it\/index.php\/2025\/12\/02\/disabilita-corti-inclusione-fondamentale-in-sport-lavoro-e-tempo-libero\/#primaryimage"},"thumbnailUrl":"https:\/\/www.livemag.it\/wp-content\/uploads\/2025\/12\/BjQx.jpg","articleSection":["Video"],"inLanguage":"it-IT"},{"@type":"WebPage","@id":"https:\/\/www.livemag.it\/index.php\/2025\/12\/02\/disabilita-corti-inclusione-fondamentale-in-sport-lavoro-e-tempo-libero\/","url":"https:\/\/www.livemag.it\/index.php\/2025\/12\/02\/disabilita-corti-inclusione-fondamentale-in-sport-lavoro-e-tempo-libero\/","name":"Disabilit\u00e0, Corti \"Inclusione fondamentale in sport, lavoro e tempo libero\" - Live Magazine","isPartOf":{"@id":"https:\/\/www.livemag.it\/#website"},"primaryImageOfPage":{"@id":"https:\/\/www.livemag.it\/index.php\/2025\/12\/02\/disabilita-corti-inclusione-fondamentale-in-sport-lavoro-e-tempo-libero\/#primaryimage"},"image":{"@id":"https:\/\/www.livemag.it\/index.php\/2025\/12\/02\/disabilita-corti-inclusione-fondamentale-in-sport-lavoro-e-tempo-libero\/#primaryimage"},"thumbnailUrl":"https:\/\/www.livemag.it\/wp-content\/uploads\/2025\/12\/BjQx.jpg","datePublished":"2025-12-02T20:02:43+00:00","breadcrumb":{"@id":"https:\/\/www.livemag.it\/index.php\/2025\/12\/02\/disabilita-corti-inclusione-fondamentale-in-sport-lavoro-e-tempo-libero\/#breadcrumb"},"inLanguage":"it-IT","potentialAction":[{"@type":"ReadAction","target":["https:\/\/www.livemag.it\/index.php\/2025\/12\/02\/disabilita-corti-inclusione-fondamentale-in-sport-lavoro-e-tempo-libero\/"]}]},{"@type":"ImageObject","inLanguage":"it-IT","@id":"https:\/\/www.livemag.it\/index.php\/2025\/12\/02\/disabilita-corti-inclusione-fondamentale-in-sport-lavoro-e-tempo-libero\/#primaryimage","url":"https:\/\/www.livemag.it\/wp-content\/uploads\/2025\/12\/BjQx.jpg","contentUrl":"https:\/\/www.livemag.it\/wp-content\/uploads\/2025\/12\/BjQx.jpg","width":1920,"height":1080},{"@type":"BreadcrumbList","@id":"https:\/\/www.livemag.it\/index.php\/2025\/12\/02\/disabilita-corti-inclusione-fondamentale-in-sport-lavoro-e-tempo-libero\/#breadcrumb","itemListElement":[{"@type":"ListItem","position":1,"name":"Home","item":"https:\/\/www.livemag.it\/"},{"@type":"ListItem","position":2,"name":"Disabilit\u00e0, Corti &#8220;Inclusione fondamentale in sport, lavoro e tempo libero&#8221;"}]},{"@type":"WebSite","@id":"https:\/\/www.livemag.it\/#website","url":"https:\/\/www.livemag.it\/","name":"Live Magazine","description":"Varie ed eventi","publisher":{"@id":"https:\/\/www.livemag.it\/#organization"},"potentialAction":[{"@type":"SearchAction","target":{"@type":"EntryPoint","urlTemplate":"https:\/\/www.livemag.it\/?s={search_term_string}"},"query-input":{"@type":"PropertyValueSpecification","valueRequired":true,"valueName":"search_term_string"}}],"inLanguage":"it-IT"},{"@type":"Organization","@id":"https:\/\/www.livemag.it\/#organization","name":"LiveMag","alternateName":"LiveMag News ed eventi","url":"https:\/\/www.livemag.it\/","logo":{"@type":"ImageObject","inLanguage":"it-IT","@id":"https:\/\/www.livemag.it\/#\/schema\/logo\/image\/","url":"https:\/\/www.livemag.it\/wp-content\/uploads\/2024\/02\/immagine-sito.jpg","contentUrl":"https:\/\/www.livemag.it\/wp-content\/uploads\/2024\/02\/immagine-sito.jpg","width":696,"height":696,"caption":"LiveMag"},"image":{"@id":"https:\/\/www.livemag.it\/#\/schema\/logo\/image\/"},"sameAs":["https:\/\/www.facebook.com\/LiveMag\/","https:\/\/x.com\/LiveNotizie","https:\/\/www.instagram.com\/livemag\/"]},{"@type":"Person","@id":"https:\/\/www.livemag.it\/#\/schema\/person\/b62c5f44451fdcdaeb0afe6c2424e73c","name":"italpress","image":{"@type":"ImageObject","inLanguage":"it-IT","@id":"https:\/\/secure.gravatar.com\/avatar\/b6a21695fc713ce7ee312cf57c97e2e641feb365be72d8745574d3c3e2b59066?s=96&r=g","url":"https:\/\/secure.gravatar.com\/avatar\/b6a21695fc713ce7ee312cf57c97e2e641feb365be72d8745574d3c3e2b59066?s=96&r=g","contentUrl":"https:\/\/secure.gravatar.com\/avatar\/b6a21695fc713ce7ee312cf57c97e2e641feb365be72d8745574d3c3e2b59066?s=96&r=g","caption":"italpress"},"description":"Italpress \u00e8 un'agenzia di stampa italiana a carattere nazionale.","url":"https:\/\/www.livemag.it\/index.php\/author\/italpress\/"}]}},"jetpack_featured_media_url":"https:\/\/www.livemag.it\/wp-content\/uploads\/2025\/12\/BjQx.jpg","_links":{"self":[{"href":"https:\/\/www.livemag.it\/index.php\/wp-json\/wp\/v2\/posts\/64607","targetHints":{"allow":["GET"]}}],"collection":[{"href":"https:\/\/www.livemag.it\/index.php\/wp-json\/wp\/v2\/posts"}],"about":[{"href":"https:\/\/www.livemag.it\/index.php\/wp-json\/wp\/v2\/types\/post"}],"author":[{"embeddable":true,"href":"https:\/\/www.livemag.it\/index.php\/wp-json\/wp\/v2\/users\/16"}],"replies":[{"embeddable":true,"href":"https:\/\/www.livemag.it\/index.php\/wp-json\/wp\/v2\/comments?post=64607"}],"version-history":[{"count":0,"href":"https:\/\/www.livemag.it\/index.php\/wp-json\/wp\/v2\/posts\/64607\/revisions"}],"wp:featuredmedia":[{"embeddable":true,"href":"https:\/\/www.livemag.it\/index.php\/wp-json\/wp\/v2\/media\/64608"}],"wp:attachment":[{"href":"https:\/\/www.livemag.it\/index.php\/wp-json\/wp\/v2\/media?parent=64607"}],"wp:term":[{"taxonomy":"category","embeddable":true,"href":"https:\/\/www.livemag.it\/index.php\/wp-json\/wp\/v2\/categories?post=64607"},{"taxonomy":"post_tag","embeddable":true,"href":"https:\/\/www.livemag.it\/index.php\/wp-json\/wp\/v2\/tags?post=64607"}],"curies":[{"name":"wp","href":"https:\/\/api.w.org\/{rel}","templated":true}]}}