{"id":64593,"date":"2025-12-02T18:02:40","date_gmt":"2025-12-02T17:02:40","guid":{"rendered":"https:\/\/www.livemag.it\/index.php\/2025\/12\/02\/nasce-il-comitato-scientifico-multidisciplinare-per-la-salute-orale-e-sistemica\/"},"modified":"2025-12-02T18:02:40","modified_gmt":"2025-12-02T17:02:40","slug":"nasce-il-comitato-scientifico-multidisciplinare-per-la-salute-orale-e-sistemica","status":"publish","type":"post","link":"https:\/\/www.livemag.it\/index.php\/2025\/12\/02\/nasce-il-comitato-scientifico-multidisciplinare-per-la-salute-orale-e-sistemica\/","title":{"rendered":"Nasce il Comitato scientifico multidisciplinare per la salute orale e sistemica"},"content":{"rendered":"<div>\n<p>ROMA (ITALPRESS) \u2013 Nasce oggi il primo Comitato Scientifico Multidisciplinare per la Salute Orale e Sistemica, un tavolo di lavoro permanente che unisce la Federazione Italiana delle Societ\u00e0 Medico-Scientifiche (FISM), i principali esperti clinico-scientifici, due atenei prestigiosi come Sapienza Universit\u00e0 di Roma e l\u2019Universit\u00e0 Cattolica del Sacro Cuore, numerosi key opinion leader e, in qualit\u00e0 di major advisor il professor Enrico Gherlone, esperto nominato dal Ministro della Salute per l\u2019odontoiatria.<br \/>Per la prima volta in Italia un nutrito gruppo di lavoro multidisciplinare riunisce istituzioni, universit\u00e0 e societ\u00e0 medico-scientifiche con un obiettivo comune: rendere la prevenzione delle malattie del cavo orale una priorit\u00e0 nazionale di salute pubblica e aumentare la consapevolezza sulla stretta connessione tra l\u2019igiene orale e la salute generale.<br \/>Il progetto In Bocca alla Salute, realizzato con il contributo non condizionante di Procter&amp;Gamble, intende sottolineare come l\u2019igiene e, pi\u00f9 in generale, la salute orale rappresentino oggi una delle sfide pi\u00f9 sottovalutate, ma pi\u00f9 strategiche per la salute pubblica e la sostenibilit\u00e0 del Sistema Sanitario Nazionale.<br \/>La bocca \u00e8 la porta di ingresso al resto del corpo e i problemi gengivali possono aumentare il rischio di problemi gravi per la salute generale: un accumulo di placca intorno al bordo gengivale o tra i denti permette, infatti, la proliferazione dei batteri orali, compreso il P. Gingivalis, che rilasciano delle tossine che possono causare infiammazione e diffondersi in tutto il corpo. La letteratura scientifica dimostra che chi soffre di malattie gengivali ha una maggiore probabilit\u00e0 di sviluppare il diabete, soffrire di gravi eventi cardiovascolari come infarto o ictus, sviluppare malattie cognitive come il morbo di Alzheimer, artrite reumatoide e sviluppare esiti avversi in gravidanza. Queste connessioni sono poi influenzate dagli stili di vita e diversi fattori, tra cui predisposizione ereditaria, stress, fumo, una dieta sbilanciata, malattie sistemiche e una buona igiene orale.<br \/>Nei prossimi anni il sistema sanitario italiano e la spesa connessa subiranno forti pressioni legate al progressivo invecchiamento della popolazione, alla longevit\u00e0 crescente e ai costi crescenti connessi alla gestione di malattie croniche e sistemiche. Diviene, dunque, ancora pi\u00f9 importante investire nella prevenzione delle malattie del cavo orale, soprattutto considerando le insufficienti risorse destinate alla prevenzione sebbene il trend demografico dell\u2019Italia preveda il progressivo invecchiamento della popolazione.<br \/>Dall\u2019indagine dell\u2019Osservatorio di igiene orale di Nomisma e Fondazione ReS (Ricerca e Salute) condotto a marzo 2025 su un campione di 1.400 consumatori, emerge come la salute orale degli italiani presenti sfide significative: ben l\u201985% degli italiani presenta problemi gengivali o dentali, ignorando lo stretto legame che esiste tra igiene orale e principali patologie sistemiche. Nella fattispecie: l\u201988% ignora la correlazione tra igiene orale e malattie cognitive, il 74% tra igiene orale e diabete, il 58% con le malattie respiratorie e il 49% con le malattie cardiovascolari.<br \/>Si rende quindi necessario un cambio di mentalit\u00e0 che porti l\u2019igiene orale a superare la mera questione estetica, arrivando ad un concetto pi\u00f9 ampio e complesso di paradigma preventivo al centro delle abitudini della popolazione italiana.<br \/>In realt\u00e0 non si tratta di un problema solo italiano: in occasione dell\u2019Assemblea delle Nazioni Unite del 25 settembre 2025, infatti, \u00e8 stato evidenziato come le malattie della bocca rappresentino un problema sanitario ed economico rilevante, con impatti seri e di lungo periodo sulla vita delle persone, sottolineando la necessit\u00e0 di un impegno globale per diminuire l\u2019eccessivo tasso di patologie orali (ne soffrono circa 3,5 miliardi di persone nel mondo) attraverso la promozione della salute, la prevenzione, la diagnosi precoce e il trattamento.<br \/>Il tema, come rilevato da Nomisma, inizia quindi con una corretta informazione: solo il 63% di chi soffre di malattie sistemiche dichiara di aver ricevuto informazioni sulla possibile correlazione con la salute orale e, nella maggior parte dei casi, tali informazioni sono state veicolate solo dai dentisti e, molto meno frequentemente (25%), dal medico curante o dallo specialista.<br \/>Le linee guida del Ministero della Salute sulla corretta igiene orale esistono e sono chiare: lavarsi i denti almeno 3 volte al giorno preferibilmente con uno spazzolino elettrico, utilizzare dentifricio fluorato e filo interdentale ogni giorno ed effettuare visite di controllo specialistiche con periodicit\u00e0.<br \/>Eppure la ricerca Nomisma fa emergere un grande divario tra queste e le reali abitudini dei consumatori: solo il 25% degli italiani utilizza uno spazzolino elettrico, solo il 27% il filo interdentale e ben il 40% ha rinunciato a controlli o cure odontoiatriche principalmente per motivi economici.<br \/>Tali evidenze evidenziano una scarsa consapevolezza ma, al contempo, offrono anche di una grande opportunit\u00e0: promuovere l\u2019igiene orale riducendo l\u2019incidenza delle patologie croniche e sistemiche, generando benefici diretti per la salute dei cittadini e favorendo una pi\u00f9 alta sostenibilit\u00e0 del Servizio Sanitario Nazionale.<br \/>Secondo alcuni scenari prudenziali sviluppati da Nomisma e Fondazione ReS, infatti, emerge che, qualora l\u2019incidenza delle patologie croniche e sistemiche connesse alla scarsa igiene orale diminuisse anche di 1 caso su 1000, si produrrebbero effetti rilevanti non solo in termini di miglioramento della salute collettiva, ma anche di risorse disponibili: ipotizzando una comorbilit\u00e0 pari a circa il 20% tra le patologie analizzate, il risparmio annuo per il SSN sarebbe pari a circa 25,7 milioni di euro, valore pari a 25 volte quello stanziato dalla Legge di Bilancio 2026 per le attivit\u00e0 di sensibilizzazione volte alla prevenzione.<br \/>Questo il contesto che ha portato alla creazione, per la prima volta in Italia, del Comitato Scientifico Multidisciplinare per la Salute Orale e Sistemica, nato sotto l\u2019egida di FISM (Federazione Italiana delle Societ\u00e0 Medico-Scientifiche) per portare avanti un progetto di sensibilizzazione collettiva sull\u2019importanza di una corretta igiene orale al fine pi\u00f9 ampio di migliorare la salute sistemica degli italiani.<br \/>Quello del Comitato Scientifico \u00e8 un impegno concreto che si prefigge di: essere interlocutore scientifico principale sull\u2019esigenza di politiche sanitarie ed economiche dedicate a sensibilizzazione sulle buone pratiche igiene orale domiciliare quotidiana; collaborare attivamente con il Ministero della Salute al fine di stimolare la presenza della prevenzione delle patologie del cavo orale nell\u2019ambito della pi\u00f9 ampia strategia sulla prevenzione e sui coretti stili di vita; stimolare e collaborare all\u2019aggiornamento e alla ulteriore diffusione delle Linee Guida nazionali per la promozione della salute orale.<br \/>Il Gruppo di lavoro \u00e8 composto, oltre che dalla gi\u00e0 citata FISM e dal professor Enrico Gherlone, Major Advisor del progetto, anche da 10 Societ\u00e0 scientifiche specialistiche, 2 atenei nazionali come l\u2019Universit\u00e0 Cattolica del Sacro cuore e la Facolt\u00e0 di Medicina di Sapienza Universit\u00e0 di Roma. Federazione Italiana delle Societ\u00e0 Medico-Scientifiche (FISM), Professor Loreto Gesualdo, Presidente; Consiglio Superiore di Sanit\u00e0, Professor Enrico Gherlone, Major Advisor; Universit\u00e0 Cattolica del Sacro Cuore, professor Antonio Gasbarrini (Gastroenterologia); Sapienza Universit\u00e0 di Roma, professor Andrea Pilloni (Parodontologia); Societ\u00e0 di Igiene, Medicina Preventiva e Sanit\u00e0 Pubblica (SItI), Professoressa Maria Teresa Montagna; Associazione Igienisti Dentali Italiani (AIDI), Professoressa Maria Teresa Agneta; Societ\u00e0 Italiana di Diabetologia (SID), Professor Livio Luzi; Associazione Nazionale Medici Cardiologi Ospedalieri (ANMCO) \u2013 Professor Federico Nardi; Societ\u00e0 Italiana di Cardiologia (SIC) \u2013 Professor Pasquale Perrone Filardi; Societ\u00e0 Italiana di Endocrinologia (SIE), Professor Francesco Romanelli; Societ\u00e0 Italiana di Pediatria (SIP), Dottoressa Anna Maria Musolino; Sapienza Universit\u00e0 di Roma, Reumatologia, Professor Fabrizio Conti; Federazione Ordini Farmacisti Italiani, Professor Francesco Rastrelli; Professor Nicola Scichilone, AOU Policlinico \u201cPaolo Giaccone\u201d (Pneumologia); Professor Giuseppe Bruno, AUO Policlinico Umberto I (Neurologia) <br \/>\u201cDobbiamo intercettare, educare e accompagnare \u2013 ha commentato Elena Murelli, capogruppo 10a Commissione del Senato della Repubblica -. Il primo tavolo di lavoro del comitato tecnico scientifico \u00e8 stato avviato, la salute inizia dalla bocca solo se istituzioni e scienza camminano insieme. E\u2019 fondamentale quello che \u00e8 stato sottolineato durante la mattinata, perch\u00e8 ci devono essere percorsi condivisi tra mmg e specialisti. Prevenire \u00e8 meglio che curare, tutti gli interventi detti questa mattina hanno riportato questo concetto. Tutti gli interventi questa mattina, tutte le collaborazioni tra tutte le discipline, la collaborazione tra le 10 discipline delle societ\u00e0 scientifiche, le due universit\u00e0 mettono insieme un mondo che ha voglia di collaborare insieme per fare prevenzione\u201d. <br \/>Per il Professor Gherlone \u201cla collaborazione tra scienza e istituzioni \u00e8 decisiva. Costruire un canale permanente e non episodico tra comunit\u00e0 scientifica e decisori pubblici\u00a0consentirebbe di anticipare ai decisori i trend emergenti evitando ritardi nell\u2019applicazione delle evidenze scientifiche. Quella odontoiatrica \u00e8 stata percepita troppo a lungo come un ambito separato rispetto a Sistema Sanitario Nazionale, ma \u00e8 invece una parte rilevante della risposta nazionale alle malattie sistemiche. La salute parte dalla bocca, ma arriver\u00e0 lontano solo se scienza e istituzioni riusciranno a trasformare le evidenze scientifiche in prevenzione metabolizzando il concetto per il quale la prevenzione \u00e8 un\u2019infrastruttura della sanit\u00e0 pubblica. La prevenzione si deve evolvere in linee guida nazionali realmente applicate, attraverso programmi diffusi sul territorio e percorsi multidisciplinari condivisi in tutti gli ambiti clinici. Quando questo passaggio di informazioni tra comunit\u00e0 scientifica e decisore pubblico non avviene la scienza rimane conoscenza e non diventa salute. E questa, ad oggi, la sfida decisiva per ridurre il peso economico e sociale delle malattie sistemiche\u201d.<\/p>\n<p>\u2013 foto ufficio stampa Bistoncini Partners \u2013<br \/>(ITALPRESS).<\/p>\n<\/div>\n","protected":false},"excerpt":{"rendered":"<p>ROMA (ITALPRESS) \u2013 Nasce oggi il primo Comitato Scientifico Multidisciplinare per la Salute Orale e Sistemica, un tavolo di lavoro permanente che unisce la Federazione Italiana delle Societ\u00e0 Medico-Scientifiche (FISM), i principali esperti clinico-scientifici, due atenei prestigiosi come Sapienza Universit\u00e0 di Roma e l\u2019Universit\u00e0 Cattolica del Sacro Cuore, numerosi key opinion leader e, in qualit\u00e0 [&hellip;]<\/p>\n","protected":false},"author":16,"featured_media":64594,"comment_status":"closed","ping_status":"closed","sticky":false,"template":"","format":"standard","meta":{"jnews-multi-image_gallery":[],"jnews_single_post":[],"jnews_primary_category":[],"jnews_social_meta":[],"jnews_override_counter":[],"jnews_post_split":[],"footnotes":""},"categories":[1129],"tags":[],"class_list":["post-64593","post","type-post","status-publish","format-standard","has-post-thumbnail","hentry","category-mondo"],"yoast_head":"<!-- This site is optimized with the Yoast SEO plugin v27.4 - https:\/\/yoast.com\/product\/yoast-seo-wordpress\/ -->\n<title>Nasce il Comitato scientifico multidisciplinare per la salute orale e sistemica - Live Magazine<\/title>\n<meta name=\"robots\" content=\"index, follow, max-snippet:-1, max-image-preview:large, max-video-preview:-1\" \/>\n<link rel=\"canonical\" href=\"https:\/\/www.livemag.it\/index.php\/2025\/12\/02\/nasce-il-comitato-scientifico-multidisciplinare-per-la-salute-orale-e-sistemica\/\" \/>\n<meta property=\"og:locale\" content=\"it_IT\" \/>\n<meta property=\"og:type\" content=\"article\" \/>\n<meta property=\"og:title\" content=\"Nasce il Comitato scientifico multidisciplinare per la salute orale e sistemica - Live Magazine\" \/>\n<meta property=\"og:description\" content=\"ROMA (ITALPRESS) \u2013 Nasce oggi il primo Comitato Scientifico Multidisciplinare per la Salute Orale e Sistemica, un tavolo di lavoro permanente che unisce la Federazione Italiana delle Societ\u00e0 Medico-Scientifiche (FISM), i principali esperti clinico-scientifici, due atenei prestigiosi come Sapienza Universit\u00e0 di Roma e l\u2019Universit\u00e0 Cattolica del Sacro Cuore, numerosi key opinion leader e, in qualit\u00e0 [&hellip;]\" \/>\n<meta property=\"og:url\" content=\"https:\/\/www.livemag.it\/index.php\/2025\/12\/02\/nasce-il-comitato-scientifico-multidisciplinare-per-la-salute-orale-e-sistemica\/\" \/>\n<meta property=\"og:site_name\" content=\"Live Magazine\" \/>\n<meta property=\"article:publisher\" content=\"https:\/\/www.facebook.com\/LiveMag\/\" \/>\n<meta property=\"article:published_time\" content=\"2025-12-02T17:02:40+00:00\" \/>\n<meta property=\"og:image\" content=\"https:\/\/www.livemag.it\/wp-content\/uploads\/2024\/02\/ograph.jpg\" \/>\n\t<meta property=\"og:image:width\" content=\"1200\" \/>\n\t<meta property=\"og:image:height\" content=\"675\" \/>\n\t<meta property=\"og:image:type\" content=\"image\/jpeg\" \/>\n<meta name=\"author\" content=\"italpress\" \/>\n<meta name=\"twitter:card\" content=\"summary_large_image\" \/>\n<meta name=\"twitter:creator\" content=\"@LiveNotizie\" \/>\n<meta name=\"twitter:site\" content=\"@LiveNotizie\" \/>\n<meta name=\"twitter:label1\" content=\"Scritto da\" \/>\n\t<meta name=\"twitter:data1\" content=\"italpress\" \/>\n\t<meta name=\"twitter:label2\" content=\"Tempo di lettura stimato\" \/>\n\t<meta name=\"twitter:data2\" content=\"7 minuti\" \/>\n<script type=\"application\/ld+json\" class=\"yoast-schema-graph\">{\"@context\":\"https:\\\/\\\/schema.org\",\"@graph\":[{\"@type\":\"Article\",\"@id\":\"https:\\\/\\\/www.livemag.it\\\/index.php\\\/2025\\\/12\\\/02\\\/nasce-il-comitato-scientifico-multidisciplinare-per-la-salute-orale-e-sistemica\\\/#article\",\"isPartOf\":{\"@id\":\"https:\\\/\\\/www.livemag.it\\\/index.php\\\/2025\\\/12\\\/02\\\/nasce-il-comitato-scientifico-multidisciplinare-per-la-salute-orale-e-sistemica\\\/\"},\"author\":{\"name\":\"italpress\",\"@id\":\"https:\\\/\\\/www.livemag.it\\\/#\\\/schema\\\/person\\\/b62c5f44451fdcdaeb0afe6c2424e73c\"},\"headline\":\"Nasce il Comitato scientifico multidisciplinare per la salute orale e sistemica\",\"datePublished\":\"2025-12-02T17:02:40+00:00\",\"mainEntityOfPage\":{\"@id\":\"https:\\\/\\\/www.livemag.it\\\/index.php\\\/2025\\\/12\\\/02\\\/nasce-il-comitato-scientifico-multidisciplinare-per-la-salute-orale-e-sistemica\\\/\"},\"wordCount\":1464,\"publisher\":{\"@id\":\"https:\\\/\\\/www.livemag.it\\\/#organization\"},\"image\":{\"@id\":\"https:\\\/\\\/www.livemag.it\\\/index.php\\\/2025\\\/12\\\/02\\\/nasce-il-comitato-scientifico-multidisciplinare-per-la-salute-orale-e-sistemica\\\/#primaryimage\"},\"thumbnailUrl\":\"https:\\\/\\\/www.livemag.it\\\/wp-content\\\/uploads\\\/2025\\\/12\\\/20251202_0890.jpg\",\"articleSection\":[\"Mondo\"],\"inLanguage\":\"it-IT\"},{\"@type\":\"WebPage\",\"@id\":\"https:\\\/\\\/www.livemag.it\\\/index.php\\\/2025\\\/12\\\/02\\\/nasce-il-comitato-scientifico-multidisciplinare-per-la-salute-orale-e-sistemica\\\/\",\"url\":\"https:\\\/\\\/www.livemag.it\\\/index.php\\\/2025\\\/12\\\/02\\\/nasce-il-comitato-scientifico-multidisciplinare-per-la-salute-orale-e-sistemica\\\/\",\"name\":\"Nasce il Comitato scientifico multidisciplinare per la salute orale e sistemica - Live Magazine\",\"isPartOf\":{\"@id\":\"https:\\\/\\\/www.livemag.it\\\/#website\"},\"primaryImageOfPage\":{\"@id\":\"https:\\\/\\\/www.livemag.it\\\/index.php\\\/2025\\\/12\\\/02\\\/nasce-il-comitato-scientifico-multidisciplinare-per-la-salute-orale-e-sistemica\\\/#primaryimage\"},\"image\":{\"@id\":\"https:\\\/\\\/www.livemag.it\\\/index.php\\\/2025\\\/12\\\/02\\\/nasce-il-comitato-scientifico-multidisciplinare-per-la-salute-orale-e-sistemica\\\/#primaryimage\"},\"thumbnailUrl\":\"https:\\\/\\\/www.livemag.it\\\/wp-content\\\/uploads\\\/2025\\\/12\\\/20251202_0890.jpg\",\"datePublished\":\"2025-12-02T17:02:40+00:00\",\"breadcrumb\":{\"@id\":\"https:\\\/\\\/www.livemag.it\\\/index.php\\\/2025\\\/12\\\/02\\\/nasce-il-comitato-scientifico-multidisciplinare-per-la-salute-orale-e-sistemica\\\/#breadcrumb\"},\"inLanguage\":\"it-IT\",\"potentialAction\":[{\"@type\":\"ReadAction\",\"target\":[\"https:\\\/\\\/www.livemag.it\\\/index.php\\\/2025\\\/12\\\/02\\\/nasce-il-comitato-scientifico-multidisciplinare-per-la-salute-orale-e-sistemica\\\/\"]}]},{\"@type\":\"ImageObject\",\"inLanguage\":\"it-IT\",\"@id\":\"https:\\\/\\\/www.livemag.it\\\/index.php\\\/2025\\\/12\\\/02\\\/nasce-il-comitato-scientifico-multidisciplinare-per-la-salute-orale-e-sistemica\\\/#primaryimage\",\"url\":\"https:\\\/\\\/www.livemag.it\\\/wp-content\\\/uploads\\\/2025\\\/12\\\/20251202_0890.jpg\",\"contentUrl\":\"https:\\\/\\\/www.livemag.it\\\/wp-content\\\/uploads\\\/2025\\\/12\\\/20251202_0890.jpg\",\"width\":1620,\"height\":1080},{\"@type\":\"BreadcrumbList\",\"@id\":\"https:\\\/\\\/www.livemag.it\\\/index.php\\\/2025\\\/12\\\/02\\\/nasce-il-comitato-scientifico-multidisciplinare-per-la-salute-orale-e-sistemica\\\/#breadcrumb\",\"itemListElement\":[{\"@type\":\"ListItem\",\"position\":1,\"name\":\"Home\",\"item\":\"https:\\\/\\\/www.livemag.it\\\/\"},{\"@type\":\"ListItem\",\"position\":2,\"name\":\"Nasce il Comitato scientifico multidisciplinare per la salute orale e sistemica\"}]},{\"@type\":\"WebSite\",\"@id\":\"https:\\\/\\\/www.livemag.it\\\/#website\",\"url\":\"https:\\\/\\\/www.livemag.it\\\/\",\"name\":\"Live Magazine\",\"description\":\"Varie ed eventi\",\"publisher\":{\"@id\":\"https:\\\/\\\/www.livemag.it\\\/#organization\"},\"potentialAction\":[{\"@type\":\"SearchAction\",\"target\":{\"@type\":\"EntryPoint\",\"urlTemplate\":\"https:\\\/\\\/www.livemag.it\\\/?s={search_term_string}\"},\"query-input\":{\"@type\":\"PropertyValueSpecification\",\"valueRequired\":true,\"valueName\":\"search_term_string\"}}],\"inLanguage\":\"it-IT\"},{\"@type\":\"Organization\",\"@id\":\"https:\\\/\\\/www.livemag.it\\\/#organization\",\"name\":\"LiveMag\",\"alternateName\":\"LiveMag News ed eventi\",\"url\":\"https:\\\/\\\/www.livemag.it\\\/\",\"logo\":{\"@type\":\"ImageObject\",\"inLanguage\":\"it-IT\",\"@id\":\"https:\\\/\\\/www.livemag.it\\\/#\\\/schema\\\/logo\\\/image\\\/\",\"url\":\"https:\\\/\\\/www.livemag.it\\\/wp-content\\\/uploads\\\/2024\\\/02\\\/immagine-sito.jpg\",\"contentUrl\":\"https:\\\/\\\/www.livemag.it\\\/wp-content\\\/uploads\\\/2024\\\/02\\\/immagine-sito.jpg\",\"width\":696,\"height\":696,\"caption\":\"LiveMag\"},\"image\":{\"@id\":\"https:\\\/\\\/www.livemag.it\\\/#\\\/schema\\\/logo\\\/image\\\/\"},\"sameAs\":[\"https:\\\/\\\/www.facebook.com\\\/LiveMag\\\/\",\"https:\\\/\\\/x.com\\\/LiveNotizie\",\"https:\\\/\\\/www.instagram.com\\\/livemag\\\/\"]},{\"@type\":\"Person\",\"@id\":\"https:\\\/\\\/www.livemag.it\\\/#\\\/schema\\\/person\\\/b62c5f44451fdcdaeb0afe6c2424e73c\",\"name\":\"italpress\",\"image\":{\"@type\":\"ImageObject\",\"inLanguage\":\"it-IT\",\"@id\":\"https:\\\/\\\/secure.gravatar.com\\\/avatar\\\/b6a21695fc713ce7ee312cf57c97e2e641feb365be72d8745574d3c3e2b59066?s=96&r=g\",\"url\":\"https:\\\/\\\/secure.gravatar.com\\\/avatar\\\/b6a21695fc713ce7ee312cf57c97e2e641feb365be72d8745574d3c3e2b59066?s=96&r=g\",\"contentUrl\":\"https:\\\/\\\/secure.gravatar.com\\\/avatar\\\/b6a21695fc713ce7ee312cf57c97e2e641feb365be72d8745574d3c3e2b59066?s=96&r=g\",\"caption\":\"italpress\"},\"description\":\"Italpress \u00e8 un'agenzia di stampa italiana a carattere nazionale.\",\"url\":\"https:\\\/\\\/www.livemag.it\\\/index.php\\\/author\\\/italpress\\\/\"}]}<\/script>\n<!-- \/ Yoast SEO plugin. -->","yoast_head_json":{"title":"Nasce il Comitato scientifico multidisciplinare per la salute orale e sistemica - Live Magazine","robots":{"index":"index","follow":"follow","max-snippet":"max-snippet:-1","max-image-preview":"max-image-preview:large","max-video-preview":"max-video-preview:-1"},"canonical":"https:\/\/www.livemag.it\/index.php\/2025\/12\/02\/nasce-il-comitato-scientifico-multidisciplinare-per-la-salute-orale-e-sistemica\/","og_locale":"it_IT","og_type":"article","og_title":"Nasce il Comitato scientifico multidisciplinare per la salute orale e sistemica - Live Magazine","og_description":"ROMA (ITALPRESS) \u2013 Nasce oggi il primo Comitato Scientifico Multidisciplinare per la Salute Orale e Sistemica, un tavolo di lavoro permanente che unisce la Federazione Italiana delle Societ\u00e0 Medico-Scientifiche (FISM), i principali esperti clinico-scientifici, due atenei prestigiosi come Sapienza Universit\u00e0 di Roma e l\u2019Universit\u00e0 Cattolica del Sacro Cuore, numerosi key opinion leader e, in qualit\u00e0 [&hellip;]","og_url":"https:\/\/www.livemag.it\/index.php\/2025\/12\/02\/nasce-il-comitato-scientifico-multidisciplinare-per-la-salute-orale-e-sistemica\/","og_site_name":"Live Magazine","article_publisher":"https:\/\/www.facebook.com\/LiveMag\/","article_published_time":"2025-12-02T17:02:40+00:00","og_image":[{"width":1200,"height":675,"url":"https:\/\/www.livemag.it\/wp-content\/uploads\/2024\/02\/ograph.jpg","type":"image\/jpeg"}],"author":"italpress","twitter_card":"summary_large_image","twitter_creator":"@LiveNotizie","twitter_site":"@LiveNotizie","twitter_misc":{"Scritto da":"italpress","Tempo di lettura stimato":"7 minuti"},"schema":{"@context":"https:\/\/schema.org","@graph":[{"@type":"Article","@id":"https:\/\/www.livemag.it\/index.php\/2025\/12\/02\/nasce-il-comitato-scientifico-multidisciplinare-per-la-salute-orale-e-sistemica\/#article","isPartOf":{"@id":"https:\/\/www.livemag.it\/index.php\/2025\/12\/02\/nasce-il-comitato-scientifico-multidisciplinare-per-la-salute-orale-e-sistemica\/"},"author":{"name":"italpress","@id":"https:\/\/www.livemag.it\/#\/schema\/person\/b62c5f44451fdcdaeb0afe6c2424e73c"},"headline":"Nasce il Comitato scientifico multidisciplinare per la salute orale e sistemica","datePublished":"2025-12-02T17:02:40+00:00","mainEntityOfPage":{"@id":"https:\/\/www.livemag.it\/index.php\/2025\/12\/02\/nasce-il-comitato-scientifico-multidisciplinare-per-la-salute-orale-e-sistemica\/"},"wordCount":1464,"publisher":{"@id":"https:\/\/www.livemag.it\/#organization"},"image":{"@id":"https:\/\/www.livemag.it\/index.php\/2025\/12\/02\/nasce-il-comitato-scientifico-multidisciplinare-per-la-salute-orale-e-sistemica\/#primaryimage"},"thumbnailUrl":"https:\/\/www.livemag.it\/wp-content\/uploads\/2025\/12\/20251202_0890.jpg","articleSection":["Mondo"],"inLanguage":"it-IT"},{"@type":"WebPage","@id":"https:\/\/www.livemag.it\/index.php\/2025\/12\/02\/nasce-il-comitato-scientifico-multidisciplinare-per-la-salute-orale-e-sistemica\/","url":"https:\/\/www.livemag.it\/index.php\/2025\/12\/02\/nasce-il-comitato-scientifico-multidisciplinare-per-la-salute-orale-e-sistemica\/","name":"Nasce il Comitato scientifico multidisciplinare per la salute orale e sistemica - Live Magazine","isPartOf":{"@id":"https:\/\/www.livemag.it\/#website"},"primaryImageOfPage":{"@id":"https:\/\/www.livemag.it\/index.php\/2025\/12\/02\/nasce-il-comitato-scientifico-multidisciplinare-per-la-salute-orale-e-sistemica\/#primaryimage"},"image":{"@id":"https:\/\/www.livemag.it\/index.php\/2025\/12\/02\/nasce-il-comitato-scientifico-multidisciplinare-per-la-salute-orale-e-sistemica\/#primaryimage"},"thumbnailUrl":"https:\/\/www.livemag.it\/wp-content\/uploads\/2025\/12\/20251202_0890.jpg","datePublished":"2025-12-02T17:02:40+00:00","breadcrumb":{"@id":"https:\/\/www.livemag.it\/index.php\/2025\/12\/02\/nasce-il-comitato-scientifico-multidisciplinare-per-la-salute-orale-e-sistemica\/#breadcrumb"},"inLanguage":"it-IT","potentialAction":[{"@type":"ReadAction","target":["https:\/\/www.livemag.it\/index.php\/2025\/12\/02\/nasce-il-comitato-scientifico-multidisciplinare-per-la-salute-orale-e-sistemica\/"]}]},{"@type":"ImageObject","inLanguage":"it-IT","@id":"https:\/\/www.livemag.it\/index.php\/2025\/12\/02\/nasce-il-comitato-scientifico-multidisciplinare-per-la-salute-orale-e-sistemica\/#primaryimage","url":"https:\/\/www.livemag.it\/wp-content\/uploads\/2025\/12\/20251202_0890.jpg","contentUrl":"https:\/\/www.livemag.it\/wp-content\/uploads\/2025\/12\/20251202_0890.jpg","width":1620,"height":1080},{"@type":"BreadcrumbList","@id":"https:\/\/www.livemag.it\/index.php\/2025\/12\/02\/nasce-il-comitato-scientifico-multidisciplinare-per-la-salute-orale-e-sistemica\/#breadcrumb","itemListElement":[{"@type":"ListItem","position":1,"name":"Home","item":"https:\/\/www.livemag.it\/"},{"@type":"ListItem","position":2,"name":"Nasce il Comitato scientifico multidisciplinare per la salute orale e sistemica"}]},{"@type":"WebSite","@id":"https:\/\/www.livemag.it\/#website","url":"https:\/\/www.livemag.it\/","name":"Live Magazine","description":"Varie ed eventi","publisher":{"@id":"https:\/\/www.livemag.it\/#organization"},"potentialAction":[{"@type":"SearchAction","target":{"@type":"EntryPoint","urlTemplate":"https:\/\/www.livemag.it\/?s={search_term_string}"},"query-input":{"@type":"PropertyValueSpecification","valueRequired":true,"valueName":"search_term_string"}}],"inLanguage":"it-IT"},{"@type":"Organization","@id":"https:\/\/www.livemag.it\/#organization","name":"LiveMag","alternateName":"LiveMag News ed eventi","url":"https:\/\/www.livemag.it\/","logo":{"@type":"ImageObject","inLanguage":"it-IT","@id":"https:\/\/www.livemag.it\/#\/schema\/logo\/image\/","url":"https:\/\/www.livemag.it\/wp-content\/uploads\/2024\/02\/immagine-sito.jpg","contentUrl":"https:\/\/www.livemag.it\/wp-content\/uploads\/2024\/02\/immagine-sito.jpg","width":696,"height":696,"caption":"LiveMag"},"image":{"@id":"https:\/\/www.livemag.it\/#\/schema\/logo\/image\/"},"sameAs":["https:\/\/www.facebook.com\/LiveMag\/","https:\/\/x.com\/LiveNotizie","https:\/\/www.instagram.com\/livemag\/"]},{"@type":"Person","@id":"https:\/\/www.livemag.it\/#\/schema\/person\/b62c5f44451fdcdaeb0afe6c2424e73c","name":"italpress","image":{"@type":"ImageObject","inLanguage":"it-IT","@id":"https:\/\/secure.gravatar.com\/avatar\/b6a21695fc713ce7ee312cf57c97e2e641feb365be72d8745574d3c3e2b59066?s=96&r=g","url":"https:\/\/secure.gravatar.com\/avatar\/b6a21695fc713ce7ee312cf57c97e2e641feb365be72d8745574d3c3e2b59066?s=96&r=g","contentUrl":"https:\/\/secure.gravatar.com\/avatar\/b6a21695fc713ce7ee312cf57c97e2e641feb365be72d8745574d3c3e2b59066?s=96&r=g","caption":"italpress"},"description":"Italpress \u00e8 un'agenzia di stampa italiana a carattere nazionale.","url":"https:\/\/www.livemag.it\/index.php\/author\/italpress\/"}]}},"jetpack_featured_media_url":"https:\/\/www.livemag.it\/wp-content\/uploads\/2025\/12\/20251202_0890.jpg","_links":{"self":[{"href":"https:\/\/www.livemag.it\/index.php\/wp-json\/wp\/v2\/posts\/64593","targetHints":{"allow":["GET"]}}],"collection":[{"href":"https:\/\/www.livemag.it\/index.php\/wp-json\/wp\/v2\/posts"}],"about":[{"href":"https:\/\/www.livemag.it\/index.php\/wp-json\/wp\/v2\/types\/post"}],"author":[{"embeddable":true,"href":"https:\/\/www.livemag.it\/index.php\/wp-json\/wp\/v2\/users\/16"}],"replies":[{"embeddable":true,"href":"https:\/\/www.livemag.it\/index.php\/wp-json\/wp\/v2\/comments?post=64593"}],"version-history":[{"count":0,"href":"https:\/\/www.livemag.it\/index.php\/wp-json\/wp\/v2\/posts\/64593\/revisions"}],"wp:featuredmedia":[{"embeddable":true,"href":"https:\/\/www.livemag.it\/index.php\/wp-json\/wp\/v2\/media\/64594"}],"wp:attachment":[{"href":"https:\/\/www.livemag.it\/index.php\/wp-json\/wp\/v2\/media?parent=64593"}],"wp:term":[{"taxonomy":"category","embeddable":true,"href":"https:\/\/www.livemag.it\/index.php\/wp-json\/wp\/v2\/categories?post=64593"},{"taxonomy":"post_tag","embeddable":true,"href":"https:\/\/www.livemag.it\/index.php\/wp-json\/wp\/v2\/tags?post=64593"}],"curies":[{"name":"wp","href":"https:\/\/api.w.org\/{rel}","templated":true}]}}