{"id":64546,"date":"2025-12-01T21:02:51","date_gmt":"2025-12-01T20:02:51","guid":{"rendered":"https:\/\/www.livemag.it\/index.php\/2025\/12\/01\/province-calderoli-istituzione-intermedia-fondamentale-uscire-dal-limbo\/"},"modified":"2025-12-01T21:02:51","modified_gmt":"2025-12-01T20:02:51","slug":"province-calderoli-istituzione-intermedia-fondamentale-uscire-dal-limbo","status":"publish","type":"post","link":"https:\/\/www.livemag.it\/index.php\/2025\/12\/01\/province-calderoli-istituzione-intermedia-fondamentale-uscire-dal-limbo\/","title":{"rendered":"Province, Calderoli \u201cIstituzione intermedia fondamentale, uscire dal limbo\u201d"},"content":{"rendered":"<div>\n<p>LECCO (ITALPRESS) \u2013 \u201cLe Province sono un\u2019istituzione intermedia fondamentale per svolgere quelle funzioni che n\u00e8 i Comuni n\u00e8 le Regioni sono in grado di fare, ecco perch\u00e8 \u00e8 assolutamente necessario uscire dal limbo in cui si trovano ora. Ne ha parlato chiaramente e in pi\u00f9 occasioni anche il Presidente della Repubblica, con parole che condivido totalmente, e sto lavorando proprio per questo fin dall\u2019inizio di questo Governo\u201d. Lo ha detto il ministro per gli Affari Regionali e le Autonomie Roberto Calderoli, nel corso del convegno sul tema \u201cLa Provincia ieri, oggi e domani\u201d, che si \u00e8 svolto a Lecco in occasione del 30\u00b0 anniversario della Provincia.<br \/>\u201cHo ricevuto mandato dal Presidente del Consiglio Meloni di trovare un\u2019intesa anche oltre i confini della maggioranza, e nel luglio 2023 ce l\u2019avevo fatta \u2013 ha proseguito -. Tranne i 5 Stelle, erano tutti d\u2019accordo sul testo Pirovano con alcune modifiche condivise. L\u00ec siamo rimasti, e il tempo \u00e8 passato inesorabilmente. Io sono assolutamente convinto della loro importanza e non moller\u00f2 fino alla fine, conto di parlarne nuovamente con il Presidente Meloni, che spero di convincere entro la fine della legislatura. Basta percorrere in auto le strade provinciali attuali per capire quanto sia necessario reintrodurre le Province, superando la legge Delrio ormai sconfessata praticamente da tutti. Non \u00e8 una questione di \u2018poltronifici\u00f2 ma di avere un ente pubblico nel pieno delle sue funzioni e che possa garantire servizi essenziali alla vita quotidiana dei cittadini\u201d, ha concluso Calderoli.<\/p>\n<p>\u2013 Foto IPA Agency \u2013<\/p>\n<p>(ITALPRESS).<\/p>\n<\/div>\n","protected":false},"excerpt":{"rendered":"<p>LECCO (ITALPRESS) \u2013 \u201cLe Province sono un\u2019istituzione intermedia fondamentale per svolgere quelle funzioni che n\u00e8 i Comuni n\u00e8 le Regioni sono in grado di fare, ecco perch\u00e8 \u00e8 assolutamente necessario uscire dal limbo in cui si trovano ora. Ne ha parlato chiaramente e in pi\u00f9 occasioni anche il Presidente della Repubblica, con parole che condivido [&hellip;]<\/p>\n","protected":false},"author":16,"featured_media":64547,"comment_status":"closed","ping_status":"closed","sticky":false,"template":"","format":"standard","meta":{"jnews-multi-image_gallery":[],"jnews_single_post":[],"jnews_primary_category":[],"jnews_social_meta":[],"jnews_override_counter":[],"jnews_post_split":[],"footnotes":""},"categories":[1129],"tags":[],"class_list":["post-64546","post","type-post","status-publish","format-standard","has-post-thumbnail","hentry","category-mondo"],"yoast_head":"<!-- This site is optimized with the Yoast SEO plugin v27.4 - https:\/\/yoast.com\/product\/yoast-seo-wordpress\/ -->\n<title>Province, Calderoli \u201cIstituzione intermedia fondamentale, uscire dal limbo\u201d - Live Magazine<\/title>\n<meta name=\"robots\" content=\"index, follow, max-snippet:-1, max-image-preview:large, max-video-preview:-1\" \/>\n<link rel=\"canonical\" href=\"https:\/\/www.livemag.it\/index.php\/2025\/12\/01\/province-calderoli-istituzione-intermedia-fondamentale-uscire-dal-limbo\/\" \/>\n<meta property=\"og:locale\" content=\"it_IT\" \/>\n<meta property=\"og:type\" content=\"article\" \/>\n<meta property=\"og:title\" content=\"Province, Calderoli \u201cIstituzione intermedia fondamentale, uscire dal limbo\u201d - Live Magazine\" \/>\n<meta property=\"og:description\" content=\"LECCO (ITALPRESS) \u2013 \u201cLe Province sono un\u2019istituzione intermedia fondamentale per svolgere quelle funzioni che n\u00e8 i Comuni n\u00e8 le Regioni sono in grado di fare, ecco perch\u00e8 \u00e8 assolutamente necessario uscire dal limbo in cui si trovano ora. Ne ha parlato chiaramente e in pi\u00f9 occasioni anche il Presidente della Repubblica, con parole che condivido [&hellip;]\" \/>\n<meta property=\"og:url\" content=\"https:\/\/www.livemag.it\/index.php\/2025\/12\/01\/province-calderoli-istituzione-intermedia-fondamentale-uscire-dal-limbo\/\" \/>\n<meta property=\"og:site_name\" content=\"Live Magazine\" \/>\n<meta property=\"article:publisher\" content=\"https:\/\/www.facebook.com\/LiveMag\/\" \/>\n<meta property=\"article:published_time\" content=\"2025-12-01T20:02:51+00:00\" \/>\n<meta property=\"og:image\" content=\"https:\/\/www.livemag.it\/wp-content\/uploads\/2024\/02\/ograph.jpg\" \/>\n\t<meta property=\"og:image:width\" content=\"1200\" \/>\n\t<meta property=\"og:image:height\" content=\"675\" \/>\n\t<meta property=\"og:image:type\" content=\"image\/jpeg\" \/>\n<meta name=\"author\" content=\"italpress\" \/>\n<meta name=\"twitter:card\" content=\"summary_large_image\" \/>\n<meta name=\"twitter:creator\" content=\"@LiveNotizie\" \/>\n<meta name=\"twitter:site\" content=\"@LiveNotizie\" \/>\n<meta name=\"twitter:label1\" content=\"Scritto da\" \/>\n\t<meta name=\"twitter:data1\" content=\"italpress\" \/>\n\t<meta name=\"twitter:label2\" content=\"Tempo di lettura stimato\" \/>\n\t<meta name=\"twitter:data2\" content=\"1 minuto\" \/>\n<script type=\"application\/ld+json\" class=\"yoast-schema-graph\">{\"@context\":\"https:\\\/\\\/schema.org\",\"@graph\":[{\"@type\":\"Article\",\"@id\":\"https:\\\/\\\/www.livemag.it\\\/index.php\\\/2025\\\/12\\\/01\\\/province-calderoli-istituzione-intermedia-fondamentale-uscire-dal-limbo\\\/#article\",\"isPartOf\":{\"@id\":\"https:\\\/\\\/www.livemag.it\\\/index.php\\\/2025\\\/12\\\/01\\\/province-calderoli-istituzione-intermedia-fondamentale-uscire-dal-limbo\\\/\"},\"author\":{\"name\":\"italpress\",\"@id\":\"https:\\\/\\\/www.livemag.it\\\/#\\\/schema\\\/person\\\/b62c5f44451fdcdaeb0afe6c2424e73c\"},\"headline\":\"Province, Calderoli \u201cIstituzione intermedia fondamentale, uscire dal limbo\u201d\",\"datePublished\":\"2025-12-01T20:02:51+00:00\",\"mainEntityOfPage\":{\"@id\":\"https:\\\/\\\/www.livemag.it\\\/index.php\\\/2025\\\/12\\\/01\\\/province-calderoli-istituzione-intermedia-fondamentale-uscire-dal-limbo\\\/\"},\"wordCount\":251,\"publisher\":{\"@id\":\"https:\\\/\\\/www.livemag.it\\\/#organization\"},\"image\":{\"@id\":\"https:\\\/\\\/www.livemag.it\\\/index.php\\\/2025\\\/12\\\/01\\\/province-calderoli-istituzione-intermedia-fondamentale-uscire-dal-limbo\\\/#primaryimage\"},\"thumbnailUrl\":\"https:\\\/\\\/www.livemag.it\\\/wp-content\\\/uploads\\\/2025\\\/12\\\/20251201_2691.jpg\",\"articleSection\":[\"Mondo\"],\"inLanguage\":\"it-IT\"},{\"@type\":\"WebPage\",\"@id\":\"https:\\\/\\\/www.livemag.it\\\/index.php\\\/2025\\\/12\\\/01\\\/province-calderoli-istituzione-intermedia-fondamentale-uscire-dal-limbo\\\/\",\"url\":\"https:\\\/\\\/www.livemag.it\\\/index.php\\\/2025\\\/12\\\/01\\\/province-calderoli-istituzione-intermedia-fondamentale-uscire-dal-limbo\\\/\",\"name\":\"Province, Calderoli \u201cIstituzione intermedia fondamentale, uscire dal limbo\u201d - Live Magazine\",\"isPartOf\":{\"@id\":\"https:\\\/\\\/www.livemag.it\\\/#website\"},\"primaryImageOfPage\":{\"@id\":\"https:\\\/\\\/www.livemag.it\\\/index.php\\\/2025\\\/12\\\/01\\\/province-calderoli-istituzione-intermedia-fondamentale-uscire-dal-limbo\\\/#primaryimage\"},\"image\":{\"@id\":\"https:\\\/\\\/www.livemag.it\\\/index.php\\\/2025\\\/12\\\/01\\\/province-calderoli-istituzione-intermedia-fondamentale-uscire-dal-limbo\\\/#primaryimage\"},\"thumbnailUrl\":\"https:\\\/\\\/www.livemag.it\\\/wp-content\\\/uploads\\\/2025\\\/12\\\/20251201_2691.jpg\",\"datePublished\":\"2025-12-01T20:02:51+00:00\",\"breadcrumb\":{\"@id\":\"https:\\\/\\\/www.livemag.it\\\/index.php\\\/2025\\\/12\\\/01\\\/province-calderoli-istituzione-intermedia-fondamentale-uscire-dal-limbo\\\/#breadcrumb\"},\"inLanguage\":\"it-IT\",\"potentialAction\":[{\"@type\":\"ReadAction\",\"target\":[\"https:\\\/\\\/www.livemag.it\\\/index.php\\\/2025\\\/12\\\/01\\\/province-calderoli-istituzione-intermedia-fondamentale-uscire-dal-limbo\\\/\"]}]},{\"@type\":\"ImageObject\",\"inLanguage\":\"it-IT\",\"@id\":\"https:\\\/\\\/www.livemag.it\\\/index.php\\\/2025\\\/12\\\/01\\\/province-calderoli-istituzione-intermedia-fondamentale-uscire-dal-limbo\\\/#primaryimage\",\"url\":\"https:\\\/\\\/www.livemag.it\\\/wp-content\\\/uploads\\\/2025\\\/12\\\/20251201_2691.jpg\",\"contentUrl\":\"https:\\\/\\\/www.livemag.it\\\/wp-content\\\/uploads\\\/2025\\\/12\\\/20251201_2691.jpg\",\"width\":1200,\"height\":799},{\"@type\":\"BreadcrumbList\",\"@id\":\"https:\\\/\\\/www.livemag.it\\\/index.php\\\/2025\\\/12\\\/01\\\/province-calderoli-istituzione-intermedia-fondamentale-uscire-dal-limbo\\\/#breadcrumb\",\"itemListElement\":[{\"@type\":\"ListItem\",\"position\":1,\"name\":\"Home\",\"item\":\"https:\\\/\\\/www.livemag.it\\\/\"},{\"@type\":\"ListItem\",\"position\":2,\"name\":\"Province, Calderoli \u201cIstituzione intermedia fondamentale, uscire dal limbo\u201d\"}]},{\"@type\":\"WebSite\",\"@id\":\"https:\\\/\\\/www.livemag.it\\\/#website\",\"url\":\"https:\\\/\\\/www.livemag.it\\\/\",\"name\":\"Live Magazine\",\"description\":\"Varie ed eventi\",\"publisher\":{\"@id\":\"https:\\\/\\\/www.livemag.it\\\/#organization\"},\"potentialAction\":[{\"@type\":\"SearchAction\",\"target\":{\"@type\":\"EntryPoint\",\"urlTemplate\":\"https:\\\/\\\/www.livemag.it\\\/?s={search_term_string}\"},\"query-input\":{\"@type\":\"PropertyValueSpecification\",\"valueRequired\":true,\"valueName\":\"search_term_string\"}}],\"inLanguage\":\"it-IT\"},{\"@type\":\"Organization\",\"@id\":\"https:\\\/\\\/www.livemag.it\\\/#organization\",\"name\":\"LiveMag\",\"alternateName\":\"LiveMag News ed eventi\",\"url\":\"https:\\\/\\\/www.livemag.it\\\/\",\"logo\":{\"@type\":\"ImageObject\",\"inLanguage\":\"it-IT\",\"@id\":\"https:\\\/\\\/www.livemag.it\\\/#\\\/schema\\\/logo\\\/image\\\/\",\"url\":\"https:\\\/\\\/www.livemag.it\\\/wp-content\\\/uploads\\\/2024\\\/02\\\/immagine-sito.jpg\",\"contentUrl\":\"https:\\\/\\\/www.livemag.it\\\/wp-content\\\/uploads\\\/2024\\\/02\\\/immagine-sito.jpg\",\"width\":696,\"height\":696,\"caption\":\"LiveMag\"},\"image\":{\"@id\":\"https:\\\/\\\/www.livemag.it\\\/#\\\/schema\\\/logo\\\/image\\\/\"},\"sameAs\":[\"https:\\\/\\\/www.facebook.com\\\/LiveMag\\\/\",\"https:\\\/\\\/x.com\\\/LiveNotizie\",\"https:\\\/\\\/www.instagram.com\\\/livemag\\\/\"]},{\"@type\":\"Person\",\"@id\":\"https:\\\/\\\/www.livemag.it\\\/#\\\/schema\\\/person\\\/b62c5f44451fdcdaeb0afe6c2424e73c\",\"name\":\"italpress\",\"image\":{\"@type\":\"ImageObject\",\"inLanguage\":\"it-IT\",\"@id\":\"https:\\\/\\\/secure.gravatar.com\\\/avatar\\\/b6a21695fc713ce7ee312cf57c97e2e641feb365be72d8745574d3c3e2b59066?s=96&r=g\",\"url\":\"https:\\\/\\\/secure.gravatar.com\\\/avatar\\\/b6a21695fc713ce7ee312cf57c97e2e641feb365be72d8745574d3c3e2b59066?s=96&r=g\",\"contentUrl\":\"https:\\\/\\\/secure.gravatar.com\\\/avatar\\\/b6a21695fc713ce7ee312cf57c97e2e641feb365be72d8745574d3c3e2b59066?s=96&r=g\",\"caption\":\"italpress\"},\"description\":\"Italpress \u00e8 un'agenzia di stampa italiana a carattere nazionale.\",\"url\":\"https:\\\/\\\/www.livemag.it\\\/index.php\\\/author\\\/italpress\\\/\"}]}<\/script>\n<!-- \/ Yoast SEO plugin. -->","yoast_head_json":{"title":"Province, Calderoli \u201cIstituzione intermedia fondamentale, uscire dal limbo\u201d - Live Magazine","robots":{"index":"index","follow":"follow","max-snippet":"max-snippet:-1","max-image-preview":"max-image-preview:large","max-video-preview":"max-video-preview:-1"},"canonical":"https:\/\/www.livemag.it\/index.php\/2025\/12\/01\/province-calderoli-istituzione-intermedia-fondamentale-uscire-dal-limbo\/","og_locale":"it_IT","og_type":"article","og_title":"Province, Calderoli \u201cIstituzione intermedia fondamentale, uscire dal limbo\u201d - Live Magazine","og_description":"LECCO (ITALPRESS) \u2013 \u201cLe Province sono un\u2019istituzione intermedia fondamentale per svolgere quelle funzioni che n\u00e8 i Comuni n\u00e8 le Regioni sono in grado di fare, ecco perch\u00e8 \u00e8 assolutamente necessario uscire dal limbo in cui si trovano ora. Ne ha parlato chiaramente e in pi\u00f9 occasioni anche il Presidente della Repubblica, con parole che condivido [&hellip;]","og_url":"https:\/\/www.livemag.it\/index.php\/2025\/12\/01\/province-calderoli-istituzione-intermedia-fondamentale-uscire-dal-limbo\/","og_site_name":"Live Magazine","article_publisher":"https:\/\/www.facebook.com\/LiveMag\/","article_published_time":"2025-12-01T20:02:51+00:00","og_image":[{"width":1200,"height":675,"url":"https:\/\/www.livemag.it\/wp-content\/uploads\/2024\/02\/ograph.jpg","type":"image\/jpeg"}],"author":"italpress","twitter_card":"summary_large_image","twitter_creator":"@LiveNotizie","twitter_site":"@LiveNotizie","twitter_misc":{"Scritto da":"italpress","Tempo di lettura stimato":"1 minuto"},"schema":{"@context":"https:\/\/schema.org","@graph":[{"@type":"Article","@id":"https:\/\/www.livemag.it\/index.php\/2025\/12\/01\/province-calderoli-istituzione-intermedia-fondamentale-uscire-dal-limbo\/#article","isPartOf":{"@id":"https:\/\/www.livemag.it\/index.php\/2025\/12\/01\/province-calderoli-istituzione-intermedia-fondamentale-uscire-dal-limbo\/"},"author":{"name":"italpress","@id":"https:\/\/www.livemag.it\/#\/schema\/person\/b62c5f44451fdcdaeb0afe6c2424e73c"},"headline":"Province, Calderoli \u201cIstituzione intermedia fondamentale, uscire dal limbo\u201d","datePublished":"2025-12-01T20:02:51+00:00","mainEntityOfPage":{"@id":"https:\/\/www.livemag.it\/index.php\/2025\/12\/01\/province-calderoli-istituzione-intermedia-fondamentale-uscire-dal-limbo\/"},"wordCount":251,"publisher":{"@id":"https:\/\/www.livemag.it\/#organization"},"image":{"@id":"https:\/\/www.livemag.it\/index.php\/2025\/12\/01\/province-calderoli-istituzione-intermedia-fondamentale-uscire-dal-limbo\/#primaryimage"},"thumbnailUrl":"https:\/\/www.livemag.it\/wp-content\/uploads\/2025\/12\/20251201_2691.jpg","articleSection":["Mondo"],"inLanguage":"it-IT"},{"@type":"WebPage","@id":"https:\/\/www.livemag.it\/index.php\/2025\/12\/01\/province-calderoli-istituzione-intermedia-fondamentale-uscire-dal-limbo\/","url":"https:\/\/www.livemag.it\/index.php\/2025\/12\/01\/province-calderoli-istituzione-intermedia-fondamentale-uscire-dal-limbo\/","name":"Province, Calderoli \u201cIstituzione intermedia fondamentale, uscire dal limbo\u201d - Live Magazine","isPartOf":{"@id":"https:\/\/www.livemag.it\/#website"},"primaryImageOfPage":{"@id":"https:\/\/www.livemag.it\/index.php\/2025\/12\/01\/province-calderoli-istituzione-intermedia-fondamentale-uscire-dal-limbo\/#primaryimage"},"image":{"@id":"https:\/\/www.livemag.it\/index.php\/2025\/12\/01\/province-calderoli-istituzione-intermedia-fondamentale-uscire-dal-limbo\/#primaryimage"},"thumbnailUrl":"https:\/\/www.livemag.it\/wp-content\/uploads\/2025\/12\/20251201_2691.jpg","datePublished":"2025-12-01T20:02:51+00:00","breadcrumb":{"@id":"https:\/\/www.livemag.it\/index.php\/2025\/12\/01\/province-calderoli-istituzione-intermedia-fondamentale-uscire-dal-limbo\/#breadcrumb"},"inLanguage":"it-IT","potentialAction":[{"@type":"ReadAction","target":["https:\/\/www.livemag.it\/index.php\/2025\/12\/01\/province-calderoli-istituzione-intermedia-fondamentale-uscire-dal-limbo\/"]}]},{"@type":"ImageObject","inLanguage":"it-IT","@id":"https:\/\/www.livemag.it\/index.php\/2025\/12\/01\/province-calderoli-istituzione-intermedia-fondamentale-uscire-dal-limbo\/#primaryimage","url":"https:\/\/www.livemag.it\/wp-content\/uploads\/2025\/12\/20251201_2691.jpg","contentUrl":"https:\/\/www.livemag.it\/wp-content\/uploads\/2025\/12\/20251201_2691.jpg","width":1200,"height":799},{"@type":"BreadcrumbList","@id":"https:\/\/www.livemag.it\/index.php\/2025\/12\/01\/province-calderoli-istituzione-intermedia-fondamentale-uscire-dal-limbo\/#breadcrumb","itemListElement":[{"@type":"ListItem","position":1,"name":"Home","item":"https:\/\/www.livemag.it\/"},{"@type":"ListItem","position":2,"name":"Province, Calderoli \u201cIstituzione intermedia fondamentale, uscire dal limbo\u201d"}]},{"@type":"WebSite","@id":"https:\/\/www.livemag.it\/#website","url":"https:\/\/www.livemag.it\/","name":"Live Magazine","description":"Varie ed eventi","publisher":{"@id":"https:\/\/www.livemag.it\/#organization"},"potentialAction":[{"@type":"SearchAction","target":{"@type":"EntryPoint","urlTemplate":"https:\/\/www.livemag.it\/?s={search_term_string}"},"query-input":{"@type":"PropertyValueSpecification","valueRequired":true,"valueName":"search_term_string"}}],"inLanguage":"it-IT"},{"@type":"Organization","@id":"https:\/\/www.livemag.it\/#organization","name":"LiveMag","alternateName":"LiveMag News ed eventi","url":"https:\/\/www.livemag.it\/","logo":{"@type":"ImageObject","inLanguage":"it-IT","@id":"https:\/\/www.livemag.it\/#\/schema\/logo\/image\/","url":"https:\/\/www.livemag.it\/wp-content\/uploads\/2024\/02\/immagine-sito.jpg","contentUrl":"https:\/\/www.livemag.it\/wp-content\/uploads\/2024\/02\/immagine-sito.jpg","width":696,"height":696,"caption":"LiveMag"},"image":{"@id":"https:\/\/www.livemag.it\/#\/schema\/logo\/image\/"},"sameAs":["https:\/\/www.facebook.com\/LiveMag\/","https:\/\/x.com\/LiveNotizie","https:\/\/www.instagram.com\/livemag\/"]},{"@type":"Person","@id":"https:\/\/www.livemag.it\/#\/schema\/person\/b62c5f44451fdcdaeb0afe6c2424e73c","name":"italpress","image":{"@type":"ImageObject","inLanguage":"it-IT","@id":"https:\/\/secure.gravatar.com\/avatar\/b6a21695fc713ce7ee312cf57c97e2e641feb365be72d8745574d3c3e2b59066?s=96&r=g","url":"https:\/\/secure.gravatar.com\/avatar\/b6a21695fc713ce7ee312cf57c97e2e641feb365be72d8745574d3c3e2b59066?s=96&r=g","contentUrl":"https:\/\/secure.gravatar.com\/avatar\/b6a21695fc713ce7ee312cf57c97e2e641feb365be72d8745574d3c3e2b59066?s=96&r=g","caption":"italpress"},"description":"Italpress \u00e8 un'agenzia di stampa italiana a carattere nazionale.","url":"https:\/\/www.livemag.it\/index.php\/author\/italpress\/"}]}},"jetpack_featured_media_url":"https:\/\/www.livemag.it\/wp-content\/uploads\/2025\/12\/20251201_2691.jpg","_links":{"self":[{"href":"https:\/\/www.livemag.it\/index.php\/wp-json\/wp\/v2\/posts\/64546","targetHints":{"allow":["GET"]}}],"collection":[{"href":"https:\/\/www.livemag.it\/index.php\/wp-json\/wp\/v2\/posts"}],"about":[{"href":"https:\/\/www.livemag.it\/index.php\/wp-json\/wp\/v2\/types\/post"}],"author":[{"embeddable":true,"href":"https:\/\/www.livemag.it\/index.php\/wp-json\/wp\/v2\/users\/16"}],"replies":[{"embeddable":true,"href":"https:\/\/www.livemag.it\/index.php\/wp-json\/wp\/v2\/comments?post=64546"}],"version-history":[{"count":0,"href":"https:\/\/www.livemag.it\/index.php\/wp-json\/wp\/v2\/posts\/64546\/revisions"}],"wp:featuredmedia":[{"embeddable":true,"href":"https:\/\/www.livemag.it\/index.php\/wp-json\/wp\/v2\/media\/64547"}],"wp:attachment":[{"href":"https:\/\/www.livemag.it\/index.php\/wp-json\/wp\/v2\/media?parent=64546"}],"wp:term":[{"taxonomy":"category","embeddable":true,"href":"https:\/\/www.livemag.it\/index.php\/wp-json\/wp\/v2\/categories?post=64546"},{"taxonomy":"post_tag","embeddable":true,"href":"https:\/\/www.livemag.it\/index.php\/wp-json\/wp\/v2\/tags?post=64546"}],"curies":[{"name":"wp","href":"https:\/\/api.w.org\/{rel}","templated":true}]}}