{"id":64532,"date":"2025-12-01T18:02:52","date_gmt":"2025-12-01T17:02:52","guid":{"rendered":"https:\/\/www.livemag.it\/index.php\/2025\/12\/01\/energia-pichetto-domanda-in-aumento-sfruttare-le-tecnologie-con-mente-aperta\/"},"modified":"2025-12-01T18:02:52","modified_gmt":"2025-12-01T17:02:52","slug":"energia-pichetto-domanda-in-aumento-sfruttare-le-tecnologie-con-mente-aperta","status":"publish","type":"post","link":"https:\/\/www.livemag.it\/index.php\/2025\/12\/01\/energia-pichetto-domanda-in-aumento-sfruttare-le-tecnologie-con-mente-aperta\/","title":{"rendered":"Energia, Pichetto \u201cDomanda in aumento, sfruttare le tecnologie con mente aperta\u201d"},"content":{"rendered":"<div>\n<p>ROMA (ITALPRESS) \u2013 \u201cNon sono solo le sfide dei nuovi equilibri internazionali a rendere oggi pi\u00f9 difficile il compito di garantire la sicurezza energetica. Vi \u00e8 anche un altro elemento sempre pi\u00f9 pesante e ineludibile: la confermata prospettiva di una forte crescita della domanda di energia che, anche per la diffusione dell\u2019intelligenza artificiale, ci impone di giocare questa partita con tutte le tecnologie che la scienza ci mette a disposizione e con mente aperta anche alle tecnologie che la ricerca ci potr\u00e0 mettere a disposizione nel futuro\u201d. Lo afferma il ministro dell\u2019Ambiente e della sicurezza energetica, Gilberto Pichetto Fratin, alla XXI edizione del Foro di Dialogo Italia \u2013 Spagna.<br \/>\u201cPer l\u2019Italia in questi ultimi anni il tema della sicurezza degli approvvigionamenti ha assunto una rilevanza determinante ponendo l\u2019esigenza di diversificare rotte e fonti. Stiamo perci\u00f2 investendo sia in nuove infrastrutture sia nello sviluppo di produzioni interne che riducano la dipendenza dalle importazioni: quindi fonti rinnovabili e, in prospettiva, nucleare \u2013 prosegue -. Dopo l\u2019azzeramento delle forniture dalla Russia, con il riorientamento degli approvvigionamenti via tubo (Africa e Azerbaigian) e con l\u2019aumento di GNL, stiamo lavorando sulle infrastrutture, potenziando la capacit\u00e0 di rigassificazione con due nuove unit\u00e0 (Piombino e Ravenna) e rafforzando la linea di trasporto gas adriatica, anche per consolidare il ruolo dell\u2019Italia come hub energetico nel Mediterraneo allargato\u201d.<br \/>\u201cSu questo vorrei fare un richiamo diretto alle negoziazioni in corso a Bruxelles nel cosiddetto trilogo (Consiglio, Commissione e Parlamento) sul Regolamento europeo RepowerEU: dobbiamo raggiungere l\u2019obiettivo di eliminazione gas e GNL russo in Europa; al tempo stesso dobbiamo evitare che, per gas e GNL non russo, si creino eccessivi oneri amministrativi e di controllo che potrebbero inficiare liquidit\u00e0 e funzionamento del mercato del GNL con impatti sulla sicurezza energetica e sui prezzi dell\u2019energia \u2013 sottolinea Pichetto Fratin -. La diversificazione delle fonti e il conseguente incremento della sicurezza passano anche dagli investimenti nelle interconnessioni. E su questo tengo a sottolineare -visto che oggi parliamo della collaborazione tra Italia e Spagna- che i nostri due Paesi stanno attivamente collaborando nei tavoli di lavoro europei. Mi riferisco alla nuova lista dei progetti di interesse comune del Regolamento per Reti Trans europee per l\u2019Energia TEN-E nonch\u00e8 al negoziato in corso sulla nuova proposta di Regolamento del Meccanismo per Collegare l\u2019Europa (CEF energia). In questo ci aiuter\u00e0 l\u2019incremento di risorse europee per il prossimo settennato e ci auguriamo sia sostenuta la proposta spagnola di inserire nell\u2019articolato un riferimento alla necessit\u00e0 di supportare le azioni per integrare il mercato interno dell\u2019energia, porre fine all\u2019isolamento energetico ed eliminare i colli di bottiglia\u201d.<br \/>\u201cInoltre la Commissione sta per adottare il nuovo Pacchetto Europeo sulle Reti, che comporter\u00e0 la revisione del Regolamento TEN-E, per un mercato energetico connesso ed integrato. Per aumentare accessibilit\u00e0, sostenibilit\u00e0 e sicurezza energetica, dobbiamo sfruttare tutte le tecnologie e le catene di approvvigionamento a zero emissioni nette e a basse emissioni di carbonio, comprese energie rinnovabili, efficienza energetica, carburanti sostenibili, idrogeno e CCS \u2013 spiega ancora il ministro -. Tutto ci\u00f2 dobbiamo farlo per avere pi\u00f9 energia disponibile e avere energia pi\u00f9 sicura e pulita. Ma lo dobbiamo fare anche per avere energia a prezzi pi\u00f9 sostenibili per le famiglie e per le imprese. Nella accezione sviluppata in ambito IEA e G7, sicurezza energetica non significa solo approvvigionamento, ma anche che l\u2019energia sia garantita a costi accessibili a imprese e famiglie. Sulle fonti rinnovabili che si producono in autonomia la Spagna \u00e8 avanti, anche grazie ad una geografia pi\u00f9 favorevole. Ma anche noi stiamo facendo importanti passi avanti con i nostri programmi di incentivazione. Stiamo finanziando le Comunit\u00e0 Energetiche e favorendo investimenti in fonti rinnovabili delle imprese energivore con il programma Energy Release. Stiamo incentivando lo sviluppo delle fonti rinnovabili attraverso lo schema cosiddetto FERX, che riguarda le fonti rinnovabili che hanno raggiunto un livello di maturit\u00e0 sul mercato e che solo per quest\u2019anno dovrebbe favorire l\u2019installazione di ben 18 GW di capacit\u00e0 nuova o ripotenziata\u201d.<br \/>\u201cDobbiamo per\u00f2 preoccuparci anche del rischio delle dipendenze dai fornitori di tecnologie e di materie prime critiche. Anche in questo Italia e Spagna sono insieme impegnate in Europa a sviluppare filiere autonome. E tengo a ricordare che l\u2019Italia \u00e8 stato il primo paese a riservare, nel FERX, una quota significativa delle incentivazioni a progetti che utilizzano tecnologie non provenienti dai paesi le cui imprese sono gi\u00e0 dominanti sui mercati UE \u2013 conclude Pichetto Fratin -. Vorrei chiudere con un riferimento al futuro e quindi al piano che l\u2019Italia ha messo in cantiere con quel richiamato approccio basato su scienza, neutralit\u00e0 tecnologica e sull\u2019obiettivo di una energia accessibile, pulita e sostenibile. Sono orgoglioso che il governo, dall\u2019ultima volta che ci siano riuniti a Barcellona, abbia raggiunto l\u2019obiettivo -un tempo impensabile- di definire e sottoporre al Parlamento un quadro normativo che offra all\u2019Italia un\u2019opzione cruciale rispetto al progressivo aumento della domanda energetica.  Sto parlando del disegno di legge delega in materia di energia nucleare sostenibile approvato il 2 ottobre che conferma la visione di un Governo che pensa a famiglie e imprese, affrontando l\u2019emergenza ma anche pianificando il futuro\u201d.<\/p>\n<p>\u2013 Foto ufficio stampa Ministero dell\u2019Ambiente e della Sicurezza Energetica \u2013<\/p>\n<p>(ITALPRESS).<\/p>\n<\/div>\n","protected":false},"excerpt":{"rendered":"<p>ROMA (ITALPRESS) \u2013 \u201cNon sono solo le sfide dei nuovi equilibri internazionali a rendere oggi pi\u00f9 difficile il compito di garantire la sicurezza energetica. Vi \u00e8 anche un altro elemento sempre pi\u00f9 pesante e ineludibile: la confermata prospettiva di una forte crescita della domanda di energia che, anche per la diffusione dell\u2019intelligenza artificiale, ci impone [&hellip;]<\/p>\n","protected":false},"author":16,"featured_media":64533,"comment_status":"closed","ping_status":"closed","sticky":false,"template":"","format":"standard","meta":{"jnews-multi-image_gallery":[],"jnews_single_post":[],"jnews_primary_category":[],"jnews_social_meta":[],"jnews_override_counter":[],"jnews_post_split":[],"footnotes":""},"categories":[1129],"tags":[],"class_list":["post-64532","post","type-post","status-publish","format-standard","has-post-thumbnail","hentry","category-mondo"],"yoast_head":"<!-- This site is optimized with the Yoast SEO plugin v27.4 - https:\/\/yoast.com\/product\/yoast-seo-wordpress\/ -->\n<title>Energia, Pichetto \u201cDomanda in aumento, sfruttare le tecnologie con mente aperta\u201d - Live Magazine<\/title>\n<meta name=\"robots\" content=\"index, follow, max-snippet:-1, max-image-preview:large, max-video-preview:-1\" \/>\n<link rel=\"canonical\" href=\"https:\/\/www.livemag.it\/index.php\/2025\/12\/01\/energia-pichetto-domanda-in-aumento-sfruttare-le-tecnologie-con-mente-aperta\/\" \/>\n<meta property=\"og:locale\" content=\"it_IT\" \/>\n<meta property=\"og:type\" content=\"article\" \/>\n<meta property=\"og:title\" content=\"Energia, Pichetto \u201cDomanda in aumento, sfruttare le tecnologie con mente aperta\u201d - Live Magazine\" \/>\n<meta property=\"og:description\" content=\"ROMA (ITALPRESS) \u2013 \u201cNon sono solo le sfide dei nuovi equilibri internazionali a rendere oggi pi\u00f9 difficile il compito di garantire la sicurezza energetica. Vi \u00e8 anche un altro elemento sempre pi\u00f9 pesante e ineludibile: la confermata prospettiva di una forte crescita della domanda di energia che, anche per la diffusione dell\u2019intelligenza artificiale, ci impone [&hellip;]\" \/>\n<meta property=\"og:url\" content=\"https:\/\/www.livemag.it\/index.php\/2025\/12\/01\/energia-pichetto-domanda-in-aumento-sfruttare-le-tecnologie-con-mente-aperta\/\" \/>\n<meta property=\"og:site_name\" content=\"Live Magazine\" \/>\n<meta property=\"article:publisher\" content=\"https:\/\/www.facebook.com\/LiveMag\/\" \/>\n<meta property=\"article:published_time\" content=\"2025-12-01T17:02:52+00:00\" \/>\n<meta property=\"og:image\" content=\"https:\/\/www.livemag.it\/wp-content\/uploads\/2024\/02\/ograph.jpg\" \/>\n\t<meta property=\"og:image:width\" content=\"1200\" \/>\n\t<meta property=\"og:image:height\" content=\"675\" \/>\n\t<meta property=\"og:image:type\" content=\"image\/jpeg\" \/>\n<meta name=\"author\" content=\"italpress\" \/>\n<meta name=\"twitter:card\" content=\"summary_large_image\" \/>\n<meta name=\"twitter:creator\" content=\"@LiveNotizie\" \/>\n<meta name=\"twitter:site\" content=\"@LiveNotizie\" \/>\n<meta name=\"twitter:label1\" content=\"Scritto da\" \/>\n\t<meta name=\"twitter:data1\" content=\"italpress\" \/>\n\t<meta name=\"twitter:label2\" content=\"Tempo di lettura stimato\" \/>\n\t<meta name=\"twitter:data2\" content=\"4 minuti\" \/>\n<script type=\"application\/ld+json\" class=\"yoast-schema-graph\">{\"@context\":\"https:\\\/\\\/schema.org\",\"@graph\":[{\"@type\":\"Article\",\"@id\":\"https:\\\/\\\/www.livemag.it\\\/index.php\\\/2025\\\/12\\\/01\\\/energia-pichetto-domanda-in-aumento-sfruttare-le-tecnologie-con-mente-aperta\\\/#article\",\"isPartOf\":{\"@id\":\"https:\\\/\\\/www.livemag.it\\\/index.php\\\/2025\\\/12\\\/01\\\/energia-pichetto-domanda-in-aumento-sfruttare-le-tecnologie-con-mente-aperta\\\/\"},\"author\":{\"name\":\"italpress\",\"@id\":\"https:\\\/\\\/www.livemag.it\\\/#\\\/schema\\\/person\\\/b62c5f44451fdcdaeb0afe6c2424e73c\"},\"headline\":\"Energia, Pichetto \u201cDomanda in aumento, sfruttare le tecnologie con mente aperta\u201d\",\"datePublished\":\"2025-12-01T17:02:52+00:00\",\"mainEntityOfPage\":{\"@id\":\"https:\\\/\\\/www.livemag.it\\\/index.php\\\/2025\\\/12\\\/01\\\/energia-pichetto-domanda-in-aumento-sfruttare-le-tecnologie-con-mente-aperta\\\/\"},\"wordCount\":876,\"publisher\":{\"@id\":\"https:\\\/\\\/www.livemag.it\\\/#organization\"},\"image\":{\"@id\":\"https:\\\/\\\/www.livemag.it\\\/index.php\\\/2025\\\/12\\\/01\\\/energia-pichetto-domanda-in-aumento-sfruttare-le-tecnologie-con-mente-aperta\\\/#primaryimage\"},\"thumbnailUrl\":\"https:\\\/\\\/www.livemag.it\\\/wp-content\\\/uploads\\\/2025\\\/12\\\/20251201_1307.jpg\",\"articleSection\":[\"Mondo\"],\"inLanguage\":\"it-IT\"},{\"@type\":\"WebPage\",\"@id\":\"https:\\\/\\\/www.livemag.it\\\/index.php\\\/2025\\\/12\\\/01\\\/energia-pichetto-domanda-in-aumento-sfruttare-le-tecnologie-con-mente-aperta\\\/\",\"url\":\"https:\\\/\\\/www.livemag.it\\\/index.php\\\/2025\\\/12\\\/01\\\/energia-pichetto-domanda-in-aumento-sfruttare-le-tecnologie-con-mente-aperta\\\/\",\"name\":\"Energia, Pichetto \u201cDomanda in aumento, sfruttare le tecnologie con mente aperta\u201d - Live Magazine\",\"isPartOf\":{\"@id\":\"https:\\\/\\\/www.livemag.it\\\/#website\"},\"primaryImageOfPage\":{\"@id\":\"https:\\\/\\\/www.livemag.it\\\/index.php\\\/2025\\\/12\\\/01\\\/energia-pichetto-domanda-in-aumento-sfruttare-le-tecnologie-con-mente-aperta\\\/#primaryimage\"},\"image\":{\"@id\":\"https:\\\/\\\/www.livemag.it\\\/index.php\\\/2025\\\/12\\\/01\\\/energia-pichetto-domanda-in-aumento-sfruttare-le-tecnologie-con-mente-aperta\\\/#primaryimage\"},\"thumbnailUrl\":\"https:\\\/\\\/www.livemag.it\\\/wp-content\\\/uploads\\\/2025\\\/12\\\/20251201_1307.jpg\",\"datePublished\":\"2025-12-01T17:02:52+00:00\",\"breadcrumb\":{\"@id\":\"https:\\\/\\\/www.livemag.it\\\/index.php\\\/2025\\\/12\\\/01\\\/energia-pichetto-domanda-in-aumento-sfruttare-le-tecnologie-con-mente-aperta\\\/#breadcrumb\"},\"inLanguage\":\"it-IT\",\"potentialAction\":[{\"@type\":\"ReadAction\",\"target\":[\"https:\\\/\\\/www.livemag.it\\\/index.php\\\/2025\\\/12\\\/01\\\/energia-pichetto-domanda-in-aumento-sfruttare-le-tecnologie-con-mente-aperta\\\/\"]}]},{\"@type\":\"ImageObject\",\"inLanguage\":\"it-IT\",\"@id\":\"https:\\\/\\\/www.livemag.it\\\/index.php\\\/2025\\\/12\\\/01\\\/energia-pichetto-domanda-in-aumento-sfruttare-le-tecnologie-con-mente-aperta\\\/#primaryimage\",\"url\":\"https:\\\/\\\/www.livemag.it\\\/wp-content\\\/uploads\\\/2025\\\/12\\\/20251201_1307.jpg\",\"contentUrl\":\"https:\\\/\\\/www.livemag.it\\\/wp-content\\\/uploads\\\/2025\\\/12\\\/20251201_1307.jpg\",\"width\":1600,\"height\":1066},{\"@type\":\"BreadcrumbList\",\"@id\":\"https:\\\/\\\/www.livemag.it\\\/index.php\\\/2025\\\/12\\\/01\\\/energia-pichetto-domanda-in-aumento-sfruttare-le-tecnologie-con-mente-aperta\\\/#breadcrumb\",\"itemListElement\":[{\"@type\":\"ListItem\",\"position\":1,\"name\":\"Home\",\"item\":\"https:\\\/\\\/www.livemag.it\\\/\"},{\"@type\":\"ListItem\",\"position\":2,\"name\":\"Energia, Pichetto \u201cDomanda in aumento, sfruttare le tecnologie con mente aperta\u201d\"}]},{\"@type\":\"WebSite\",\"@id\":\"https:\\\/\\\/www.livemag.it\\\/#website\",\"url\":\"https:\\\/\\\/www.livemag.it\\\/\",\"name\":\"Live Magazine\",\"description\":\"Varie ed eventi\",\"publisher\":{\"@id\":\"https:\\\/\\\/www.livemag.it\\\/#organization\"},\"potentialAction\":[{\"@type\":\"SearchAction\",\"target\":{\"@type\":\"EntryPoint\",\"urlTemplate\":\"https:\\\/\\\/www.livemag.it\\\/?s={search_term_string}\"},\"query-input\":{\"@type\":\"PropertyValueSpecification\",\"valueRequired\":true,\"valueName\":\"search_term_string\"}}],\"inLanguage\":\"it-IT\"},{\"@type\":\"Organization\",\"@id\":\"https:\\\/\\\/www.livemag.it\\\/#organization\",\"name\":\"LiveMag\",\"alternateName\":\"LiveMag News ed eventi\",\"url\":\"https:\\\/\\\/www.livemag.it\\\/\",\"logo\":{\"@type\":\"ImageObject\",\"inLanguage\":\"it-IT\",\"@id\":\"https:\\\/\\\/www.livemag.it\\\/#\\\/schema\\\/logo\\\/image\\\/\",\"url\":\"https:\\\/\\\/www.livemag.it\\\/wp-content\\\/uploads\\\/2024\\\/02\\\/immagine-sito.jpg\",\"contentUrl\":\"https:\\\/\\\/www.livemag.it\\\/wp-content\\\/uploads\\\/2024\\\/02\\\/immagine-sito.jpg\",\"width\":696,\"height\":696,\"caption\":\"LiveMag\"},\"image\":{\"@id\":\"https:\\\/\\\/www.livemag.it\\\/#\\\/schema\\\/logo\\\/image\\\/\"},\"sameAs\":[\"https:\\\/\\\/www.facebook.com\\\/LiveMag\\\/\",\"https:\\\/\\\/x.com\\\/LiveNotizie\",\"https:\\\/\\\/www.instagram.com\\\/livemag\\\/\"]},{\"@type\":\"Person\",\"@id\":\"https:\\\/\\\/www.livemag.it\\\/#\\\/schema\\\/person\\\/b62c5f44451fdcdaeb0afe6c2424e73c\",\"name\":\"italpress\",\"image\":{\"@type\":\"ImageObject\",\"inLanguage\":\"it-IT\",\"@id\":\"https:\\\/\\\/secure.gravatar.com\\\/avatar\\\/b6a21695fc713ce7ee312cf57c97e2e641feb365be72d8745574d3c3e2b59066?s=96&r=g\",\"url\":\"https:\\\/\\\/secure.gravatar.com\\\/avatar\\\/b6a21695fc713ce7ee312cf57c97e2e641feb365be72d8745574d3c3e2b59066?s=96&r=g\",\"contentUrl\":\"https:\\\/\\\/secure.gravatar.com\\\/avatar\\\/b6a21695fc713ce7ee312cf57c97e2e641feb365be72d8745574d3c3e2b59066?s=96&r=g\",\"caption\":\"italpress\"},\"description\":\"Italpress \u00e8 un'agenzia di stampa italiana a carattere nazionale.\",\"url\":\"https:\\\/\\\/www.livemag.it\\\/index.php\\\/author\\\/italpress\\\/\"}]}<\/script>\n<!-- \/ Yoast SEO plugin. -->","yoast_head_json":{"title":"Energia, Pichetto \u201cDomanda in aumento, sfruttare le tecnologie con mente aperta\u201d - Live Magazine","robots":{"index":"index","follow":"follow","max-snippet":"max-snippet:-1","max-image-preview":"max-image-preview:large","max-video-preview":"max-video-preview:-1"},"canonical":"https:\/\/www.livemag.it\/index.php\/2025\/12\/01\/energia-pichetto-domanda-in-aumento-sfruttare-le-tecnologie-con-mente-aperta\/","og_locale":"it_IT","og_type":"article","og_title":"Energia, Pichetto \u201cDomanda in aumento, sfruttare le tecnologie con mente aperta\u201d - Live Magazine","og_description":"ROMA (ITALPRESS) \u2013 \u201cNon sono solo le sfide dei nuovi equilibri internazionali a rendere oggi pi\u00f9 difficile il compito di garantire la sicurezza energetica. Vi \u00e8 anche un altro elemento sempre pi\u00f9 pesante e ineludibile: la confermata prospettiva di una forte crescita della domanda di energia che, anche per la diffusione dell\u2019intelligenza artificiale, ci impone [&hellip;]","og_url":"https:\/\/www.livemag.it\/index.php\/2025\/12\/01\/energia-pichetto-domanda-in-aumento-sfruttare-le-tecnologie-con-mente-aperta\/","og_site_name":"Live Magazine","article_publisher":"https:\/\/www.facebook.com\/LiveMag\/","article_published_time":"2025-12-01T17:02:52+00:00","og_image":[{"width":1200,"height":675,"url":"https:\/\/www.livemag.it\/wp-content\/uploads\/2024\/02\/ograph.jpg","type":"image\/jpeg"}],"author":"italpress","twitter_card":"summary_large_image","twitter_creator":"@LiveNotizie","twitter_site":"@LiveNotizie","twitter_misc":{"Scritto da":"italpress","Tempo di lettura stimato":"4 minuti"},"schema":{"@context":"https:\/\/schema.org","@graph":[{"@type":"Article","@id":"https:\/\/www.livemag.it\/index.php\/2025\/12\/01\/energia-pichetto-domanda-in-aumento-sfruttare-le-tecnologie-con-mente-aperta\/#article","isPartOf":{"@id":"https:\/\/www.livemag.it\/index.php\/2025\/12\/01\/energia-pichetto-domanda-in-aumento-sfruttare-le-tecnologie-con-mente-aperta\/"},"author":{"name":"italpress","@id":"https:\/\/www.livemag.it\/#\/schema\/person\/b62c5f44451fdcdaeb0afe6c2424e73c"},"headline":"Energia, Pichetto \u201cDomanda in aumento, sfruttare le tecnologie con mente aperta\u201d","datePublished":"2025-12-01T17:02:52+00:00","mainEntityOfPage":{"@id":"https:\/\/www.livemag.it\/index.php\/2025\/12\/01\/energia-pichetto-domanda-in-aumento-sfruttare-le-tecnologie-con-mente-aperta\/"},"wordCount":876,"publisher":{"@id":"https:\/\/www.livemag.it\/#organization"},"image":{"@id":"https:\/\/www.livemag.it\/index.php\/2025\/12\/01\/energia-pichetto-domanda-in-aumento-sfruttare-le-tecnologie-con-mente-aperta\/#primaryimage"},"thumbnailUrl":"https:\/\/www.livemag.it\/wp-content\/uploads\/2025\/12\/20251201_1307.jpg","articleSection":["Mondo"],"inLanguage":"it-IT"},{"@type":"WebPage","@id":"https:\/\/www.livemag.it\/index.php\/2025\/12\/01\/energia-pichetto-domanda-in-aumento-sfruttare-le-tecnologie-con-mente-aperta\/","url":"https:\/\/www.livemag.it\/index.php\/2025\/12\/01\/energia-pichetto-domanda-in-aumento-sfruttare-le-tecnologie-con-mente-aperta\/","name":"Energia, Pichetto \u201cDomanda in aumento, sfruttare le tecnologie con mente aperta\u201d - Live Magazine","isPartOf":{"@id":"https:\/\/www.livemag.it\/#website"},"primaryImageOfPage":{"@id":"https:\/\/www.livemag.it\/index.php\/2025\/12\/01\/energia-pichetto-domanda-in-aumento-sfruttare-le-tecnologie-con-mente-aperta\/#primaryimage"},"image":{"@id":"https:\/\/www.livemag.it\/index.php\/2025\/12\/01\/energia-pichetto-domanda-in-aumento-sfruttare-le-tecnologie-con-mente-aperta\/#primaryimage"},"thumbnailUrl":"https:\/\/www.livemag.it\/wp-content\/uploads\/2025\/12\/20251201_1307.jpg","datePublished":"2025-12-01T17:02:52+00:00","breadcrumb":{"@id":"https:\/\/www.livemag.it\/index.php\/2025\/12\/01\/energia-pichetto-domanda-in-aumento-sfruttare-le-tecnologie-con-mente-aperta\/#breadcrumb"},"inLanguage":"it-IT","potentialAction":[{"@type":"ReadAction","target":["https:\/\/www.livemag.it\/index.php\/2025\/12\/01\/energia-pichetto-domanda-in-aumento-sfruttare-le-tecnologie-con-mente-aperta\/"]}]},{"@type":"ImageObject","inLanguage":"it-IT","@id":"https:\/\/www.livemag.it\/index.php\/2025\/12\/01\/energia-pichetto-domanda-in-aumento-sfruttare-le-tecnologie-con-mente-aperta\/#primaryimage","url":"https:\/\/www.livemag.it\/wp-content\/uploads\/2025\/12\/20251201_1307.jpg","contentUrl":"https:\/\/www.livemag.it\/wp-content\/uploads\/2025\/12\/20251201_1307.jpg","width":1600,"height":1066},{"@type":"BreadcrumbList","@id":"https:\/\/www.livemag.it\/index.php\/2025\/12\/01\/energia-pichetto-domanda-in-aumento-sfruttare-le-tecnologie-con-mente-aperta\/#breadcrumb","itemListElement":[{"@type":"ListItem","position":1,"name":"Home","item":"https:\/\/www.livemag.it\/"},{"@type":"ListItem","position":2,"name":"Energia, Pichetto \u201cDomanda in aumento, sfruttare le tecnologie con mente aperta\u201d"}]},{"@type":"WebSite","@id":"https:\/\/www.livemag.it\/#website","url":"https:\/\/www.livemag.it\/","name":"Live Magazine","description":"Varie ed eventi","publisher":{"@id":"https:\/\/www.livemag.it\/#organization"},"potentialAction":[{"@type":"SearchAction","target":{"@type":"EntryPoint","urlTemplate":"https:\/\/www.livemag.it\/?s={search_term_string}"},"query-input":{"@type":"PropertyValueSpecification","valueRequired":true,"valueName":"search_term_string"}}],"inLanguage":"it-IT"},{"@type":"Organization","@id":"https:\/\/www.livemag.it\/#organization","name":"LiveMag","alternateName":"LiveMag News ed eventi","url":"https:\/\/www.livemag.it\/","logo":{"@type":"ImageObject","inLanguage":"it-IT","@id":"https:\/\/www.livemag.it\/#\/schema\/logo\/image\/","url":"https:\/\/www.livemag.it\/wp-content\/uploads\/2024\/02\/immagine-sito.jpg","contentUrl":"https:\/\/www.livemag.it\/wp-content\/uploads\/2024\/02\/immagine-sito.jpg","width":696,"height":696,"caption":"LiveMag"},"image":{"@id":"https:\/\/www.livemag.it\/#\/schema\/logo\/image\/"},"sameAs":["https:\/\/www.facebook.com\/LiveMag\/","https:\/\/x.com\/LiveNotizie","https:\/\/www.instagram.com\/livemag\/"]},{"@type":"Person","@id":"https:\/\/www.livemag.it\/#\/schema\/person\/b62c5f44451fdcdaeb0afe6c2424e73c","name":"italpress","image":{"@type":"ImageObject","inLanguage":"it-IT","@id":"https:\/\/secure.gravatar.com\/avatar\/b6a21695fc713ce7ee312cf57c97e2e641feb365be72d8745574d3c3e2b59066?s=96&r=g","url":"https:\/\/secure.gravatar.com\/avatar\/b6a21695fc713ce7ee312cf57c97e2e641feb365be72d8745574d3c3e2b59066?s=96&r=g","contentUrl":"https:\/\/secure.gravatar.com\/avatar\/b6a21695fc713ce7ee312cf57c97e2e641feb365be72d8745574d3c3e2b59066?s=96&r=g","caption":"italpress"},"description":"Italpress \u00e8 un'agenzia di stampa italiana a carattere nazionale.","url":"https:\/\/www.livemag.it\/index.php\/author\/italpress\/"}]}},"jetpack_featured_media_url":"https:\/\/www.livemag.it\/wp-content\/uploads\/2025\/12\/20251201_1307.jpg","_links":{"self":[{"href":"https:\/\/www.livemag.it\/index.php\/wp-json\/wp\/v2\/posts\/64532","targetHints":{"allow":["GET"]}}],"collection":[{"href":"https:\/\/www.livemag.it\/index.php\/wp-json\/wp\/v2\/posts"}],"about":[{"href":"https:\/\/www.livemag.it\/index.php\/wp-json\/wp\/v2\/types\/post"}],"author":[{"embeddable":true,"href":"https:\/\/www.livemag.it\/index.php\/wp-json\/wp\/v2\/users\/16"}],"replies":[{"embeddable":true,"href":"https:\/\/www.livemag.it\/index.php\/wp-json\/wp\/v2\/comments?post=64532"}],"version-history":[{"count":0,"href":"https:\/\/www.livemag.it\/index.php\/wp-json\/wp\/v2\/posts\/64532\/revisions"}],"wp:featuredmedia":[{"embeddable":true,"href":"https:\/\/www.livemag.it\/index.php\/wp-json\/wp\/v2\/media\/64533"}],"wp:attachment":[{"href":"https:\/\/www.livemag.it\/index.php\/wp-json\/wp\/v2\/media?parent=64532"}],"wp:term":[{"taxonomy":"category","embeddable":true,"href":"https:\/\/www.livemag.it\/index.php\/wp-json\/wp\/v2\/categories?post=64532"},{"taxonomy":"post_tag","embeddable":true,"href":"https:\/\/www.livemag.it\/index.php\/wp-json\/wp\/v2\/tags?post=64532"}],"curies":[{"name":"wp","href":"https:\/\/api.w.org\/{rel}","templated":true}]}}