{"id":64430,"date":"2025-11-29T18:03:11","date_gmt":"2025-11-29T17:03:11","guid":{"rendered":"https:\/\/www.livemag.it\/index.php\/2025\/11\/29\/a-dicembre-su-tivusat-morricone-ravel-wagner-fino-al-grande-jazz-di-corea\/"},"modified":"2025-11-29T18:03:11","modified_gmt":"2025-11-29T17:03:11","slug":"a-dicembre-su-tivusat-morricone-ravel-wagner-fino-al-grande-jazz-di-corea","status":"publish","type":"post","link":"https:\/\/www.livemag.it\/index.php\/2025\/11\/29\/a-dicembre-su-tivusat-morricone-ravel-wagner-fino-al-grande-jazz-di-corea\/","title":{"rendered":"A dicembre su Tivusat Morricone, Ravel, Wagner fino al grande jazz di Corea"},"content":{"rendered":"<div>\n<p>ROMA (ITALPRESS) \u2013 Su Mezzo (al canale 49 della piattaforma satellitare gratuita di Tivusat) un mese di musica lirica, classica e jazz straordinarie. Dal barocco al XX secolo, il repertorio lirico francese \u00e8 ricco di tesori, il romantico Rom\u00e8o et Juliette di Charles Gounod o l\u2019irruente L\u2019Heure espagnole di Ravel. In calendario nello spazio di soli otto giorni tre opere del Maestro di Bayreuth: L\u2019oro del Reno, La Valchiriae Tristano e Isotta, in interpretazioni di orchestre del calibro della Philharmonia Zurich e della Rotterdam Philharmonic. Poi sar\u00e0 la volta di musica da film di John Williams e di Ennio Morricone \u2013 Gli intoccabili, C\u2019era una volta in America, Nuovo Cinema Paradiso, Il buono, il brutto e il cattivo, C\u2019era una volta il West per citare qualche capolavoro del Maestro \u2013 La Sinfonia Alpina di Strauss sar\u00e0 commentata dallo scalatore Reinhold Messner \u2013  Nel jazz Chick Corea rimane un artista indefinibile e potremo assistere a un suo concerto per solo pianoforte. Il jazz di Mezzo chiude con un incontro al vertice: Friedrich Gulda e Herbie Hancock e poi il duo diventa un trio con Joe Zawinul.<br \/>Rameau, Les F\u00e8tes d\u2019H\u00e8b\u00e8, mercoled\u00ec 17, ore 20:30, Gounod, Rom\u00e8o et Juliette, sabato 27, ore 20:30, Ravel, L\u2019Heure espagnole &amp; L\u2019Enfant et les sortil\u00e8ges, luned\u00ec 29, ore 20:30, Wagner, Das Rheingold, mercoled\u00ec 3, ore 20:30, Wagner, Die Walk\u00f9re, gioved\u00ec 4, ore 16:20, Wagner, Tristan und Isolde, sabato 10, ore 20:30,<br \/>Fantasymphony, A Concert of Magic and Fire, Friday 12, ore 20:30,<br \/>Ennio Morricone conducts Morricone, venerd\u00ec 26, ore 20:30,<br \/>Strauss, An Alpine Symphony, venerd\u00ec 5, ore 20:30, Chick Corea Piano Solo, gioved\u00ec 4, ore 21:25, Gulda, Hancock, Zawinul in Salzburg, gioved\u00ec 18, ore 20:30, Gulda, Hancock, Piano Solo &amp; Duet, gioved\u00ec 18 ore 22:05.<br \/>-news in collaborazione con Tivusat-<br \/>-foto Ipa Agency \u2013<br \/>(ITALPRESS).<\/p>\n<\/div>\n","protected":false},"excerpt":{"rendered":"<p>ROMA (ITALPRESS) \u2013 Su Mezzo (al canale 49 della piattaforma satellitare gratuita di Tivusat) un mese di musica lirica, classica e jazz straordinarie. Dal barocco al XX secolo, il repertorio lirico francese \u00e8 ricco di tesori, il romantico Rom\u00e8o et Juliette di Charles Gounod o l\u2019irruente L\u2019Heure espagnole di Ravel. In calendario nello spazio di [&hellip;]<\/p>\n","protected":false},"author":16,"featured_media":64431,"comment_status":"closed","ping_status":"closed","sticky":false,"template":"","format":"standard","meta":{"jnews-multi-image_gallery":[],"jnews_single_post":[],"jnews_primary_category":[],"jnews_social_meta":[],"jnews_override_counter":[],"jnews_post_split":[],"footnotes":""},"categories":[1129],"tags":[],"class_list":["post-64430","post","type-post","status-publish","format-standard","has-post-thumbnail","hentry","category-mondo"],"yoast_head":"<!-- This site is optimized with the Yoast SEO plugin v27.4 - https:\/\/yoast.com\/product\/yoast-seo-wordpress\/ -->\n<title>A dicembre su Tivusat Morricone, Ravel, Wagner fino al grande jazz di Corea - Live Magazine<\/title>\n<meta name=\"robots\" content=\"index, follow, max-snippet:-1, max-image-preview:large, max-video-preview:-1\" \/>\n<link rel=\"canonical\" href=\"https:\/\/www.livemag.it\/index.php\/2025\/11\/29\/a-dicembre-su-tivusat-morricone-ravel-wagner-fino-al-grande-jazz-di-corea\/\" \/>\n<meta property=\"og:locale\" content=\"it_IT\" \/>\n<meta property=\"og:type\" content=\"article\" \/>\n<meta property=\"og:title\" content=\"A dicembre su Tivusat Morricone, Ravel, Wagner fino al grande jazz di Corea - Live Magazine\" \/>\n<meta property=\"og:description\" content=\"ROMA (ITALPRESS) \u2013 Su Mezzo (al canale 49 della piattaforma satellitare gratuita di Tivusat) un mese di musica lirica, classica e jazz straordinarie. Dal barocco al XX secolo, il repertorio lirico francese \u00e8 ricco di tesori, il romantico Rom\u00e8o et Juliette di Charles Gounod o l\u2019irruente L\u2019Heure espagnole di Ravel. In calendario nello spazio di [&hellip;]\" \/>\n<meta property=\"og:url\" content=\"https:\/\/www.livemag.it\/index.php\/2025\/11\/29\/a-dicembre-su-tivusat-morricone-ravel-wagner-fino-al-grande-jazz-di-corea\/\" \/>\n<meta property=\"og:site_name\" content=\"Live Magazine\" \/>\n<meta property=\"article:publisher\" content=\"https:\/\/www.facebook.com\/LiveMag\/\" \/>\n<meta property=\"article:published_time\" content=\"2025-11-29T17:03:11+00:00\" \/>\n<meta property=\"og:image\" content=\"https:\/\/www.livemag.it\/wp-content\/uploads\/2024\/02\/ograph.jpg\" \/>\n\t<meta property=\"og:image:width\" content=\"1200\" \/>\n\t<meta property=\"og:image:height\" content=\"675\" \/>\n\t<meta property=\"og:image:type\" content=\"image\/jpeg\" \/>\n<meta name=\"author\" content=\"italpress\" \/>\n<meta name=\"twitter:card\" content=\"summary_large_image\" \/>\n<meta name=\"twitter:creator\" content=\"@LiveNotizie\" \/>\n<meta name=\"twitter:site\" content=\"@LiveNotizie\" \/>\n<meta name=\"twitter:label1\" content=\"Scritto da\" \/>\n\t<meta name=\"twitter:data1\" content=\"italpress\" \/>\n\t<meta name=\"twitter:label2\" content=\"Tempo di lettura stimato\" \/>\n\t<meta name=\"twitter:data2\" content=\"1 minuto\" \/>\n<script type=\"application\/ld+json\" class=\"yoast-schema-graph\">{\"@context\":\"https:\\\/\\\/schema.org\",\"@graph\":[{\"@type\":\"Article\",\"@id\":\"https:\\\/\\\/www.livemag.it\\\/index.php\\\/2025\\\/11\\\/29\\\/a-dicembre-su-tivusat-morricone-ravel-wagner-fino-al-grande-jazz-di-corea\\\/#article\",\"isPartOf\":{\"@id\":\"https:\\\/\\\/www.livemag.it\\\/index.php\\\/2025\\\/11\\\/29\\\/a-dicembre-su-tivusat-morricone-ravel-wagner-fino-al-grande-jazz-di-corea\\\/\"},\"author\":{\"name\":\"italpress\",\"@id\":\"https:\\\/\\\/www.livemag.it\\\/#\\\/schema\\\/person\\\/b62c5f44451fdcdaeb0afe6c2424e73c\"},\"headline\":\"A dicembre su Tivusat Morricone, Ravel, Wagner fino al grande jazz di Corea\",\"datePublished\":\"2025-11-29T17:03:11+00:00\",\"mainEntityOfPage\":{\"@id\":\"https:\\\/\\\/www.livemag.it\\\/index.php\\\/2025\\\/11\\\/29\\\/a-dicembre-su-tivusat-morricone-ravel-wagner-fino-al-grande-jazz-di-corea\\\/\"},\"wordCount\":294,\"publisher\":{\"@id\":\"https:\\\/\\\/www.livemag.it\\\/#organization\"},\"image\":{\"@id\":\"https:\\\/\\\/www.livemag.it\\\/index.php\\\/2025\\\/11\\\/29\\\/a-dicembre-su-tivusat-morricone-ravel-wagner-fino-al-grande-jazz-di-corea\\\/#primaryimage\"},\"thumbnailUrl\":\"https:\\\/\\\/www.livemag.it\\\/wp-content\\\/uploads\\\/2025\\\/11\\\/20251129_1170.jpg\",\"articleSection\":[\"Mondo\"],\"inLanguage\":\"it-IT\"},{\"@type\":\"WebPage\",\"@id\":\"https:\\\/\\\/www.livemag.it\\\/index.php\\\/2025\\\/11\\\/29\\\/a-dicembre-su-tivusat-morricone-ravel-wagner-fino-al-grande-jazz-di-corea\\\/\",\"url\":\"https:\\\/\\\/www.livemag.it\\\/index.php\\\/2025\\\/11\\\/29\\\/a-dicembre-su-tivusat-morricone-ravel-wagner-fino-al-grande-jazz-di-corea\\\/\",\"name\":\"A dicembre su Tivusat Morricone, Ravel, Wagner fino al grande jazz di Corea - Live Magazine\",\"isPartOf\":{\"@id\":\"https:\\\/\\\/www.livemag.it\\\/#website\"},\"primaryImageOfPage\":{\"@id\":\"https:\\\/\\\/www.livemag.it\\\/index.php\\\/2025\\\/11\\\/29\\\/a-dicembre-su-tivusat-morricone-ravel-wagner-fino-al-grande-jazz-di-corea\\\/#primaryimage\"},\"image\":{\"@id\":\"https:\\\/\\\/www.livemag.it\\\/index.php\\\/2025\\\/11\\\/29\\\/a-dicembre-su-tivusat-morricone-ravel-wagner-fino-al-grande-jazz-di-corea\\\/#primaryimage\"},\"thumbnailUrl\":\"https:\\\/\\\/www.livemag.it\\\/wp-content\\\/uploads\\\/2025\\\/11\\\/20251129_1170.jpg\",\"datePublished\":\"2025-11-29T17:03:11+00:00\",\"breadcrumb\":{\"@id\":\"https:\\\/\\\/www.livemag.it\\\/index.php\\\/2025\\\/11\\\/29\\\/a-dicembre-su-tivusat-morricone-ravel-wagner-fino-al-grande-jazz-di-corea\\\/#breadcrumb\"},\"inLanguage\":\"it-IT\",\"potentialAction\":[{\"@type\":\"ReadAction\",\"target\":[\"https:\\\/\\\/www.livemag.it\\\/index.php\\\/2025\\\/11\\\/29\\\/a-dicembre-su-tivusat-morricone-ravel-wagner-fino-al-grande-jazz-di-corea\\\/\"]}]},{\"@type\":\"ImageObject\",\"inLanguage\":\"it-IT\",\"@id\":\"https:\\\/\\\/www.livemag.it\\\/index.php\\\/2025\\\/11\\\/29\\\/a-dicembre-su-tivusat-morricone-ravel-wagner-fino-al-grande-jazz-di-corea\\\/#primaryimage\",\"url\":\"https:\\\/\\\/www.livemag.it\\\/wp-content\\\/uploads\\\/2025\\\/11\\\/20251129_1170.jpg\",\"contentUrl\":\"https:\\\/\\\/www.livemag.it\\\/wp-content\\\/uploads\\\/2025\\\/11\\\/20251129_1170.jpg\",\"width\":1200,\"height\":707},{\"@type\":\"BreadcrumbList\",\"@id\":\"https:\\\/\\\/www.livemag.it\\\/index.php\\\/2025\\\/11\\\/29\\\/a-dicembre-su-tivusat-morricone-ravel-wagner-fino-al-grande-jazz-di-corea\\\/#breadcrumb\",\"itemListElement\":[{\"@type\":\"ListItem\",\"position\":1,\"name\":\"Home\",\"item\":\"https:\\\/\\\/www.livemag.it\\\/\"},{\"@type\":\"ListItem\",\"position\":2,\"name\":\"A dicembre su Tivusat Morricone, Ravel, Wagner fino al grande jazz di Corea\"}]},{\"@type\":\"WebSite\",\"@id\":\"https:\\\/\\\/www.livemag.it\\\/#website\",\"url\":\"https:\\\/\\\/www.livemag.it\\\/\",\"name\":\"Live Magazine\",\"description\":\"Varie ed eventi\",\"publisher\":{\"@id\":\"https:\\\/\\\/www.livemag.it\\\/#organization\"},\"potentialAction\":[{\"@type\":\"SearchAction\",\"target\":{\"@type\":\"EntryPoint\",\"urlTemplate\":\"https:\\\/\\\/www.livemag.it\\\/?s={search_term_string}\"},\"query-input\":{\"@type\":\"PropertyValueSpecification\",\"valueRequired\":true,\"valueName\":\"search_term_string\"}}],\"inLanguage\":\"it-IT\"},{\"@type\":\"Organization\",\"@id\":\"https:\\\/\\\/www.livemag.it\\\/#organization\",\"name\":\"LiveMag\",\"alternateName\":\"LiveMag News ed eventi\",\"url\":\"https:\\\/\\\/www.livemag.it\\\/\",\"logo\":{\"@type\":\"ImageObject\",\"inLanguage\":\"it-IT\",\"@id\":\"https:\\\/\\\/www.livemag.it\\\/#\\\/schema\\\/logo\\\/image\\\/\",\"url\":\"https:\\\/\\\/www.livemag.it\\\/wp-content\\\/uploads\\\/2024\\\/02\\\/immagine-sito.jpg\",\"contentUrl\":\"https:\\\/\\\/www.livemag.it\\\/wp-content\\\/uploads\\\/2024\\\/02\\\/immagine-sito.jpg\",\"width\":696,\"height\":696,\"caption\":\"LiveMag\"},\"image\":{\"@id\":\"https:\\\/\\\/www.livemag.it\\\/#\\\/schema\\\/logo\\\/image\\\/\"},\"sameAs\":[\"https:\\\/\\\/www.facebook.com\\\/LiveMag\\\/\",\"https:\\\/\\\/x.com\\\/LiveNotizie\",\"https:\\\/\\\/www.instagram.com\\\/livemag\\\/\"]},{\"@type\":\"Person\",\"@id\":\"https:\\\/\\\/www.livemag.it\\\/#\\\/schema\\\/person\\\/b62c5f44451fdcdaeb0afe6c2424e73c\",\"name\":\"italpress\",\"image\":{\"@type\":\"ImageObject\",\"inLanguage\":\"it-IT\",\"@id\":\"https:\\\/\\\/secure.gravatar.com\\\/avatar\\\/b6a21695fc713ce7ee312cf57c97e2e641feb365be72d8745574d3c3e2b59066?s=96&r=g\",\"url\":\"https:\\\/\\\/secure.gravatar.com\\\/avatar\\\/b6a21695fc713ce7ee312cf57c97e2e641feb365be72d8745574d3c3e2b59066?s=96&r=g\",\"contentUrl\":\"https:\\\/\\\/secure.gravatar.com\\\/avatar\\\/b6a21695fc713ce7ee312cf57c97e2e641feb365be72d8745574d3c3e2b59066?s=96&r=g\",\"caption\":\"italpress\"},\"description\":\"Italpress \u00e8 un'agenzia di stampa italiana a carattere nazionale.\",\"url\":\"https:\\\/\\\/www.livemag.it\\\/index.php\\\/author\\\/italpress\\\/\"}]}<\/script>\n<!-- \/ Yoast SEO plugin. -->","yoast_head_json":{"title":"A dicembre su Tivusat Morricone, Ravel, Wagner fino al grande jazz di Corea - Live Magazine","robots":{"index":"index","follow":"follow","max-snippet":"max-snippet:-1","max-image-preview":"max-image-preview:large","max-video-preview":"max-video-preview:-1"},"canonical":"https:\/\/www.livemag.it\/index.php\/2025\/11\/29\/a-dicembre-su-tivusat-morricone-ravel-wagner-fino-al-grande-jazz-di-corea\/","og_locale":"it_IT","og_type":"article","og_title":"A dicembre su Tivusat Morricone, Ravel, Wagner fino al grande jazz di Corea - Live Magazine","og_description":"ROMA (ITALPRESS) \u2013 Su Mezzo (al canale 49 della piattaforma satellitare gratuita di Tivusat) un mese di musica lirica, classica e jazz straordinarie. Dal barocco al XX secolo, il repertorio lirico francese \u00e8 ricco di tesori, il romantico Rom\u00e8o et Juliette di Charles Gounod o l\u2019irruente L\u2019Heure espagnole di Ravel. In calendario nello spazio di [&hellip;]","og_url":"https:\/\/www.livemag.it\/index.php\/2025\/11\/29\/a-dicembre-su-tivusat-morricone-ravel-wagner-fino-al-grande-jazz-di-corea\/","og_site_name":"Live Magazine","article_publisher":"https:\/\/www.facebook.com\/LiveMag\/","article_published_time":"2025-11-29T17:03:11+00:00","og_image":[{"width":1200,"height":675,"url":"https:\/\/www.livemag.it\/wp-content\/uploads\/2024\/02\/ograph.jpg","type":"image\/jpeg"}],"author":"italpress","twitter_card":"summary_large_image","twitter_creator":"@LiveNotizie","twitter_site":"@LiveNotizie","twitter_misc":{"Scritto da":"italpress","Tempo di lettura stimato":"1 minuto"},"schema":{"@context":"https:\/\/schema.org","@graph":[{"@type":"Article","@id":"https:\/\/www.livemag.it\/index.php\/2025\/11\/29\/a-dicembre-su-tivusat-morricone-ravel-wagner-fino-al-grande-jazz-di-corea\/#article","isPartOf":{"@id":"https:\/\/www.livemag.it\/index.php\/2025\/11\/29\/a-dicembre-su-tivusat-morricone-ravel-wagner-fino-al-grande-jazz-di-corea\/"},"author":{"name":"italpress","@id":"https:\/\/www.livemag.it\/#\/schema\/person\/b62c5f44451fdcdaeb0afe6c2424e73c"},"headline":"A dicembre su Tivusat Morricone, Ravel, Wagner fino al grande jazz di Corea","datePublished":"2025-11-29T17:03:11+00:00","mainEntityOfPage":{"@id":"https:\/\/www.livemag.it\/index.php\/2025\/11\/29\/a-dicembre-su-tivusat-morricone-ravel-wagner-fino-al-grande-jazz-di-corea\/"},"wordCount":294,"publisher":{"@id":"https:\/\/www.livemag.it\/#organization"},"image":{"@id":"https:\/\/www.livemag.it\/index.php\/2025\/11\/29\/a-dicembre-su-tivusat-morricone-ravel-wagner-fino-al-grande-jazz-di-corea\/#primaryimage"},"thumbnailUrl":"https:\/\/www.livemag.it\/wp-content\/uploads\/2025\/11\/20251129_1170.jpg","articleSection":["Mondo"],"inLanguage":"it-IT"},{"@type":"WebPage","@id":"https:\/\/www.livemag.it\/index.php\/2025\/11\/29\/a-dicembre-su-tivusat-morricone-ravel-wagner-fino-al-grande-jazz-di-corea\/","url":"https:\/\/www.livemag.it\/index.php\/2025\/11\/29\/a-dicembre-su-tivusat-morricone-ravel-wagner-fino-al-grande-jazz-di-corea\/","name":"A dicembre su Tivusat Morricone, Ravel, Wagner fino al grande jazz di Corea - Live Magazine","isPartOf":{"@id":"https:\/\/www.livemag.it\/#website"},"primaryImageOfPage":{"@id":"https:\/\/www.livemag.it\/index.php\/2025\/11\/29\/a-dicembre-su-tivusat-morricone-ravel-wagner-fino-al-grande-jazz-di-corea\/#primaryimage"},"image":{"@id":"https:\/\/www.livemag.it\/index.php\/2025\/11\/29\/a-dicembre-su-tivusat-morricone-ravel-wagner-fino-al-grande-jazz-di-corea\/#primaryimage"},"thumbnailUrl":"https:\/\/www.livemag.it\/wp-content\/uploads\/2025\/11\/20251129_1170.jpg","datePublished":"2025-11-29T17:03:11+00:00","breadcrumb":{"@id":"https:\/\/www.livemag.it\/index.php\/2025\/11\/29\/a-dicembre-su-tivusat-morricone-ravel-wagner-fino-al-grande-jazz-di-corea\/#breadcrumb"},"inLanguage":"it-IT","potentialAction":[{"@type":"ReadAction","target":["https:\/\/www.livemag.it\/index.php\/2025\/11\/29\/a-dicembre-su-tivusat-morricone-ravel-wagner-fino-al-grande-jazz-di-corea\/"]}]},{"@type":"ImageObject","inLanguage":"it-IT","@id":"https:\/\/www.livemag.it\/index.php\/2025\/11\/29\/a-dicembre-su-tivusat-morricone-ravel-wagner-fino-al-grande-jazz-di-corea\/#primaryimage","url":"https:\/\/www.livemag.it\/wp-content\/uploads\/2025\/11\/20251129_1170.jpg","contentUrl":"https:\/\/www.livemag.it\/wp-content\/uploads\/2025\/11\/20251129_1170.jpg","width":1200,"height":707},{"@type":"BreadcrumbList","@id":"https:\/\/www.livemag.it\/index.php\/2025\/11\/29\/a-dicembre-su-tivusat-morricone-ravel-wagner-fino-al-grande-jazz-di-corea\/#breadcrumb","itemListElement":[{"@type":"ListItem","position":1,"name":"Home","item":"https:\/\/www.livemag.it\/"},{"@type":"ListItem","position":2,"name":"A dicembre su Tivusat Morricone, Ravel, Wagner fino al grande jazz di Corea"}]},{"@type":"WebSite","@id":"https:\/\/www.livemag.it\/#website","url":"https:\/\/www.livemag.it\/","name":"Live Magazine","description":"Varie ed eventi","publisher":{"@id":"https:\/\/www.livemag.it\/#organization"},"potentialAction":[{"@type":"SearchAction","target":{"@type":"EntryPoint","urlTemplate":"https:\/\/www.livemag.it\/?s={search_term_string}"},"query-input":{"@type":"PropertyValueSpecification","valueRequired":true,"valueName":"search_term_string"}}],"inLanguage":"it-IT"},{"@type":"Organization","@id":"https:\/\/www.livemag.it\/#organization","name":"LiveMag","alternateName":"LiveMag News ed eventi","url":"https:\/\/www.livemag.it\/","logo":{"@type":"ImageObject","inLanguage":"it-IT","@id":"https:\/\/www.livemag.it\/#\/schema\/logo\/image\/","url":"https:\/\/www.livemag.it\/wp-content\/uploads\/2024\/02\/immagine-sito.jpg","contentUrl":"https:\/\/www.livemag.it\/wp-content\/uploads\/2024\/02\/immagine-sito.jpg","width":696,"height":696,"caption":"LiveMag"},"image":{"@id":"https:\/\/www.livemag.it\/#\/schema\/logo\/image\/"},"sameAs":["https:\/\/www.facebook.com\/LiveMag\/","https:\/\/x.com\/LiveNotizie","https:\/\/www.instagram.com\/livemag\/"]},{"@type":"Person","@id":"https:\/\/www.livemag.it\/#\/schema\/person\/b62c5f44451fdcdaeb0afe6c2424e73c","name":"italpress","image":{"@type":"ImageObject","inLanguage":"it-IT","@id":"https:\/\/secure.gravatar.com\/avatar\/b6a21695fc713ce7ee312cf57c97e2e641feb365be72d8745574d3c3e2b59066?s=96&r=g","url":"https:\/\/secure.gravatar.com\/avatar\/b6a21695fc713ce7ee312cf57c97e2e641feb365be72d8745574d3c3e2b59066?s=96&r=g","contentUrl":"https:\/\/secure.gravatar.com\/avatar\/b6a21695fc713ce7ee312cf57c97e2e641feb365be72d8745574d3c3e2b59066?s=96&r=g","caption":"italpress"},"description":"Italpress \u00e8 un'agenzia di stampa italiana a carattere nazionale.","url":"https:\/\/www.livemag.it\/index.php\/author\/italpress\/"}]}},"jetpack_featured_media_url":"https:\/\/www.livemag.it\/wp-content\/uploads\/2025\/11\/20251129_1170.jpg","_links":{"self":[{"href":"https:\/\/www.livemag.it\/index.php\/wp-json\/wp\/v2\/posts\/64430","targetHints":{"allow":["GET"]}}],"collection":[{"href":"https:\/\/www.livemag.it\/index.php\/wp-json\/wp\/v2\/posts"}],"about":[{"href":"https:\/\/www.livemag.it\/index.php\/wp-json\/wp\/v2\/types\/post"}],"author":[{"embeddable":true,"href":"https:\/\/www.livemag.it\/index.php\/wp-json\/wp\/v2\/users\/16"}],"replies":[{"embeddable":true,"href":"https:\/\/www.livemag.it\/index.php\/wp-json\/wp\/v2\/comments?post=64430"}],"version-history":[{"count":0,"href":"https:\/\/www.livemag.it\/index.php\/wp-json\/wp\/v2\/posts\/64430\/revisions"}],"wp:featuredmedia":[{"embeddable":true,"href":"https:\/\/www.livemag.it\/index.php\/wp-json\/wp\/v2\/media\/64431"}],"wp:attachment":[{"href":"https:\/\/www.livemag.it\/index.php\/wp-json\/wp\/v2\/media?parent=64430"}],"wp:term":[{"taxonomy":"category","embeddable":true,"href":"https:\/\/www.livemag.it\/index.php\/wp-json\/wp\/v2\/categories?post=64430"},{"taxonomy":"post_tag","embeddable":true,"href":"https:\/\/www.livemag.it\/index.php\/wp-json\/wp\/v2\/tags?post=64430"}],"curies":[{"name":"wp","href":"https:\/\/api.w.org\/{rel}","templated":true}]}}