{"id":64428,"date":"2025-11-29T18:03:08","date_gmt":"2025-11-29T17:03:08","guid":{"rendered":"https:\/\/www.livemag.it\/index.php\/2025\/11\/29\/bombardieri-cambiare-la-manovra-su-fisco-pensioni-e-sanita\/"},"modified":"2025-11-29T18:03:08","modified_gmt":"2025-11-29T17:03:08","slug":"bombardieri-cambiare-la-manovra-su-fisco-pensioni-e-sanita","status":"publish","type":"post","link":"https:\/\/www.livemag.it\/index.php\/2025\/11\/29\/bombardieri-cambiare-la-manovra-su-fisco-pensioni-e-sanita\/","title":{"rendered":"Bombardieri \u201cCambiare la manovra su fisco, pensioni e sanit\u00e0\u201d"},"content":{"rendered":"<div>\n<p>ROMA (ITALPRESS) \u2013 \u201cLa giornata di oggi serve a far sentire al governo, alla politica e al paese la necessit\u00e0 di cambiare. Qui ci sono delegate e delegati da tutta Italia per chiedere al governo di cambiare e insistere sulle cose che abbiamo chiesto\u201d. Lo ha detto, al Teatro Brancaccio, a Roma, in occasione della manifestazione nazionale della UIL, il segretario Pierpaolo Bombardieri, riguardo alla manovra. \u201cSiamo coscienti della discussione che sta avvenendo anche all\u2019interno della maggioranza sulla gestione delle risorse, ma insistiamo sulla necessit\u00e0 di arrivare a 40 mila euro di detassazione degli aumenti contrattuali e di allargare la platea a due contratti importanti: commercio e metalmeccanici\u201d, ha aggiunto.<br \/>\u201cAbbiamo deciso di rilanciare le nostre proposte per quello che riguarda la democrazia economica del ruolo dei contratti che nel corso degli ultimi anni sono stati messi in discussione\u201d, ha sottolineato Bombardieri. \u201cPensiamo che la detassazione degli aumenti contrattuali d\u00e0 una risposta a 4 milioni di lavoratori poveri ma apre una discussione pi\u00f9 ampia su qual \u00e8 il ruolo della contrattazione in questo Paese e ci permettiamo di dire come applicare l\u2019articolo 39 della Costituzione\u201d. Il segretario ha aggiunto: \u201cLa contrattazione risente di tanti problemi per tanti contratti in dumping, per associazioni datoriali inesistenti e organizzazioni sindacali che non esistono. Pensiamo che sia arrivato il momento di discutere di questi temi. E\u2019 chiaro che insieme a questi ci sono gli altri problemi che non sono stati risolti dalla manovra, che riguardano il fisco. In questo Paese si continua ad avere l\u2019idea che chi paga le tasse \u00e8 un fesso e noi questo non lo possiamo accettare. La sanit\u00e0 ha ancora grandi problemi, ci sono 6 milioni di persone che non si curano per le liste d\u2019attesa o perch\u00e8 hanno problemi economici e c\u2019\u00e8 il problema delle pensioni\u201d.<br \/>\u201cContinuiamo ad insistere per riavere opzione donna nella formulazione originale e insistiamo per avere una pensione di garanzia per i giovani ma da oggi vorremmo porre al governo un tema: quello di una discussione non fatta durante la manovra ma durante l\u2019anno, perch\u00e8 discutere in manovra per risparmiare 50 o 100 milioni sulla manovra non serve. Oggi serve affrontare una discussione su quale sar\u00e0 lo stato sociale del domani, come noi riarticoliamo il sistema delle pensioni e vorremmo che si aprisse un tavolo di confronto per decidere queste cose\u201d, ha puntualizzato Pierpaolo Bombardieri, che invece riguardo alla posizione con CISL e CGIL ha spiegato: \u201cCi poniamo come UIL. Da sempre continuiamo a sostenere che il pluralismo sindacale \u00e8 una ricchezza per la democrazia del nostro paese. Non penso che se le organizzazioni sindacali si dividano c\u2019\u00e8 qualcuno che politicizza. Penso che se tre organizzazioni sindacali si dividono hanno visioni e modalit\u00e0 di affrontare i temi diverse. Rispetto sempre qualsiasi posizione delle altre organizzazioni sindacali. Chi fa sindacato fa politica sindacale in base ai propri obiettivi\u201d. Alla domanda sul distacco della UIL, ha chiarito: \u201cNon si \u00e8 staccata. Ha tenuto una posizione coerente con quello che ha sostenuto nel corso degli ultimi anni. Il governo ci ha presentato per due anni una manovra e ci ha detto prendere o lasciare. Abbiamo lasciato e abbiamo fatto lo sciopero generale. In questa occasione il governo si \u00e8 presentato e ci ha detto fate delle proposte. Abbiamo chiesto di intervenire sulla detassazione degli aumenti contrattuali, perch\u00e8 c\u2019\u00e8 un ragionamento pi\u00f9 ampio da fare sui contratti\u201d. Bombardieri ha poi aggiunto: \u201cRicordo che su 18 miliardi due sono stati destinati alla detassazione degli aumenti contrattuali e all\u2019incremento delle risorse per il pubblico impiego. Noi prendiamo atto di questo risultato, lo portiamo a casa, ne discutiamo e lo esaltiamo. Ovviamente siamo pronti a continuare la nostra battaglia\u201d.<br \/>\u2013 foto ufficio stampa Uil \u2013<br \/>(ITALPRESS).<\/p>\n<\/div>\n","protected":false},"excerpt":{"rendered":"<p>ROMA (ITALPRESS) \u2013 \u201cLa giornata di oggi serve a far sentire al governo, alla politica e al paese la necessit\u00e0 di cambiare. Qui ci sono delegate e delegati da tutta Italia per chiedere al governo di cambiare e insistere sulle cose che abbiamo chiesto\u201d. Lo ha detto, al Teatro Brancaccio, a Roma, in occasione della [&hellip;]<\/p>\n","protected":false},"author":16,"featured_media":64429,"comment_status":"closed","ping_status":"closed","sticky":false,"template":"","format":"standard","meta":{"jnews-multi-image_gallery":[],"jnews_single_post":[],"jnews_primary_category":[],"jnews_social_meta":[],"jnews_override_counter":[],"jnews_post_split":[],"footnotes":""},"categories":[1129],"tags":[],"class_list":["post-64428","post","type-post","status-publish","format-standard","has-post-thumbnail","hentry","category-mondo"],"yoast_head":"<!-- This site is optimized with the Yoast SEO plugin v27.4 - https:\/\/yoast.com\/product\/yoast-seo-wordpress\/ -->\n<title>Bombardieri \u201cCambiare la manovra su fisco, pensioni e sanit\u00e0\u201d - Live Magazine<\/title>\n<meta name=\"robots\" content=\"index, follow, max-snippet:-1, max-image-preview:large, max-video-preview:-1\" \/>\n<link rel=\"canonical\" href=\"https:\/\/www.livemag.it\/index.php\/2025\/11\/29\/bombardieri-cambiare-la-manovra-su-fisco-pensioni-e-sanita\/\" \/>\n<meta property=\"og:locale\" content=\"it_IT\" \/>\n<meta property=\"og:type\" content=\"article\" \/>\n<meta property=\"og:title\" content=\"Bombardieri \u201cCambiare la manovra su fisco, pensioni e sanit\u00e0\u201d - Live Magazine\" \/>\n<meta property=\"og:description\" content=\"ROMA (ITALPRESS) \u2013 \u201cLa giornata di oggi serve a far sentire al governo, alla politica e al paese la necessit\u00e0 di cambiare. Qui ci sono delegate e delegati da tutta Italia per chiedere al governo di cambiare e insistere sulle cose che abbiamo chiesto\u201d. Lo ha detto, al Teatro Brancaccio, a Roma, in occasione della [&hellip;]\" \/>\n<meta property=\"og:url\" content=\"https:\/\/www.livemag.it\/index.php\/2025\/11\/29\/bombardieri-cambiare-la-manovra-su-fisco-pensioni-e-sanita\/\" \/>\n<meta property=\"og:site_name\" content=\"Live Magazine\" \/>\n<meta property=\"article:publisher\" content=\"https:\/\/www.facebook.com\/LiveMag\/\" \/>\n<meta property=\"article:published_time\" content=\"2025-11-29T17:03:08+00:00\" \/>\n<meta property=\"og:image\" content=\"https:\/\/www.livemag.it\/wp-content\/uploads\/2024\/02\/ograph.jpg\" \/>\n\t<meta property=\"og:image:width\" content=\"1200\" \/>\n\t<meta property=\"og:image:height\" content=\"675\" \/>\n\t<meta property=\"og:image:type\" content=\"image\/jpeg\" \/>\n<meta name=\"author\" content=\"italpress\" \/>\n<meta name=\"twitter:card\" content=\"summary_large_image\" \/>\n<meta name=\"twitter:creator\" content=\"@LiveNotizie\" \/>\n<meta name=\"twitter:site\" content=\"@LiveNotizie\" \/>\n<meta name=\"twitter:label1\" content=\"Scritto da\" \/>\n\t<meta name=\"twitter:data1\" content=\"italpress\" \/>\n\t<meta name=\"twitter:label2\" content=\"Tempo di lettura stimato\" \/>\n\t<meta name=\"twitter:data2\" content=\"3 minuti\" \/>\n<script type=\"application\/ld+json\" class=\"yoast-schema-graph\">{\"@context\":\"https:\\\/\\\/schema.org\",\"@graph\":[{\"@type\":\"Article\",\"@id\":\"https:\\\/\\\/www.livemag.it\\\/index.php\\\/2025\\\/11\\\/29\\\/bombardieri-cambiare-la-manovra-su-fisco-pensioni-e-sanita\\\/#article\",\"isPartOf\":{\"@id\":\"https:\\\/\\\/www.livemag.it\\\/index.php\\\/2025\\\/11\\\/29\\\/bombardieri-cambiare-la-manovra-su-fisco-pensioni-e-sanita\\\/\"},\"author\":{\"name\":\"italpress\",\"@id\":\"https:\\\/\\\/www.livemag.it\\\/#\\\/schema\\\/person\\\/b62c5f44451fdcdaeb0afe6c2424e73c\"},\"headline\":\"Bombardieri \u201cCambiare la manovra su fisco, pensioni e sanit\u00e0\u201d\",\"datePublished\":\"2025-11-29T17:03:08+00:00\",\"mainEntityOfPage\":{\"@id\":\"https:\\\/\\\/www.livemag.it\\\/index.php\\\/2025\\\/11\\\/29\\\/bombardieri-cambiare-la-manovra-su-fisco-pensioni-e-sanita\\\/\"},\"wordCount\":614,\"publisher\":{\"@id\":\"https:\\\/\\\/www.livemag.it\\\/#organization\"},\"image\":{\"@id\":\"https:\\\/\\\/www.livemag.it\\\/index.php\\\/2025\\\/11\\\/29\\\/bombardieri-cambiare-la-manovra-su-fisco-pensioni-e-sanita\\\/#primaryimage\"},\"thumbnailUrl\":\"https:\\\/\\\/www.livemag.it\\\/wp-content\\\/uploads\\\/2025\\\/11\\\/20251129_1116.jpg\",\"articleSection\":[\"Mondo\"],\"inLanguage\":\"it-IT\"},{\"@type\":\"WebPage\",\"@id\":\"https:\\\/\\\/www.livemag.it\\\/index.php\\\/2025\\\/11\\\/29\\\/bombardieri-cambiare-la-manovra-su-fisco-pensioni-e-sanita\\\/\",\"url\":\"https:\\\/\\\/www.livemag.it\\\/index.php\\\/2025\\\/11\\\/29\\\/bombardieri-cambiare-la-manovra-su-fisco-pensioni-e-sanita\\\/\",\"name\":\"Bombardieri \u201cCambiare la manovra su fisco, pensioni e sanit\u00e0\u201d - Live Magazine\",\"isPartOf\":{\"@id\":\"https:\\\/\\\/www.livemag.it\\\/#website\"},\"primaryImageOfPage\":{\"@id\":\"https:\\\/\\\/www.livemag.it\\\/index.php\\\/2025\\\/11\\\/29\\\/bombardieri-cambiare-la-manovra-su-fisco-pensioni-e-sanita\\\/#primaryimage\"},\"image\":{\"@id\":\"https:\\\/\\\/www.livemag.it\\\/index.php\\\/2025\\\/11\\\/29\\\/bombardieri-cambiare-la-manovra-su-fisco-pensioni-e-sanita\\\/#primaryimage\"},\"thumbnailUrl\":\"https:\\\/\\\/www.livemag.it\\\/wp-content\\\/uploads\\\/2025\\\/11\\\/20251129_1116.jpg\",\"datePublished\":\"2025-11-29T17:03:08+00:00\",\"breadcrumb\":{\"@id\":\"https:\\\/\\\/www.livemag.it\\\/index.php\\\/2025\\\/11\\\/29\\\/bombardieri-cambiare-la-manovra-su-fisco-pensioni-e-sanita\\\/#breadcrumb\"},\"inLanguage\":\"it-IT\",\"potentialAction\":[{\"@type\":\"ReadAction\",\"target\":[\"https:\\\/\\\/www.livemag.it\\\/index.php\\\/2025\\\/11\\\/29\\\/bombardieri-cambiare-la-manovra-su-fisco-pensioni-e-sanita\\\/\"]}]},{\"@type\":\"ImageObject\",\"inLanguage\":\"it-IT\",\"@id\":\"https:\\\/\\\/www.livemag.it\\\/index.php\\\/2025\\\/11\\\/29\\\/bombardieri-cambiare-la-manovra-su-fisco-pensioni-e-sanita\\\/#primaryimage\",\"url\":\"https:\\\/\\\/www.livemag.it\\\/wp-content\\\/uploads\\\/2025\\\/11\\\/20251129_1116.jpg\",\"contentUrl\":\"https:\\\/\\\/www.livemag.it\\\/wp-content\\\/uploads\\\/2025\\\/11\\\/20251129_1116.jpg\",\"width\":1360,\"height\":1080},{\"@type\":\"BreadcrumbList\",\"@id\":\"https:\\\/\\\/www.livemag.it\\\/index.php\\\/2025\\\/11\\\/29\\\/bombardieri-cambiare-la-manovra-su-fisco-pensioni-e-sanita\\\/#breadcrumb\",\"itemListElement\":[{\"@type\":\"ListItem\",\"position\":1,\"name\":\"Home\",\"item\":\"https:\\\/\\\/www.livemag.it\\\/\"},{\"@type\":\"ListItem\",\"position\":2,\"name\":\"Bombardieri \u201cCambiare la manovra su fisco, pensioni e sanit\u00e0\u201d\"}]},{\"@type\":\"WebSite\",\"@id\":\"https:\\\/\\\/www.livemag.it\\\/#website\",\"url\":\"https:\\\/\\\/www.livemag.it\\\/\",\"name\":\"Live Magazine\",\"description\":\"Varie ed eventi\",\"publisher\":{\"@id\":\"https:\\\/\\\/www.livemag.it\\\/#organization\"},\"potentialAction\":[{\"@type\":\"SearchAction\",\"target\":{\"@type\":\"EntryPoint\",\"urlTemplate\":\"https:\\\/\\\/www.livemag.it\\\/?s={search_term_string}\"},\"query-input\":{\"@type\":\"PropertyValueSpecification\",\"valueRequired\":true,\"valueName\":\"search_term_string\"}}],\"inLanguage\":\"it-IT\"},{\"@type\":\"Organization\",\"@id\":\"https:\\\/\\\/www.livemag.it\\\/#organization\",\"name\":\"LiveMag\",\"alternateName\":\"LiveMag News ed eventi\",\"url\":\"https:\\\/\\\/www.livemag.it\\\/\",\"logo\":{\"@type\":\"ImageObject\",\"inLanguage\":\"it-IT\",\"@id\":\"https:\\\/\\\/www.livemag.it\\\/#\\\/schema\\\/logo\\\/image\\\/\",\"url\":\"https:\\\/\\\/www.livemag.it\\\/wp-content\\\/uploads\\\/2024\\\/02\\\/immagine-sito.jpg\",\"contentUrl\":\"https:\\\/\\\/www.livemag.it\\\/wp-content\\\/uploads\\\/2024\\\/02\\\/immagine-sito.jpg\",\"width\":696,\"height\":696,\"caption\":\"LiveMag\"},\"image\":{\"@id\":\"https:\\\/\\\/www.livemag.it\\\/#\\\/schema\\\/logo\\\/image\\\/\"},\"sameAs\":[\"https:\\\/\\\/www.facebook.com\\\/LiveMag\\\/\",\"https:\\\/\\\/x.com\\\/LiveNotizie\",\"https:\\\/\\\/www.instagram.com\\\/livemag\\\/\"]},{\"@type\":\"Person\",\"@id\":\"https:\\\/\\\/www.livemag.it\\\/#\\\/schema\\\/person\\\/b62c5f44451fdcdaeb0afe6c2424e73c\",\"name\":\"italpress\",\"image\":{\"@type\":\"ImageObject\",\"inLanguage\":\"it-IT\",\"@id\":\"https:\\\/\\\/secure.gravatar.com\\\/avatar\\\/b6a21695fc713ce7ee312cf57c97e2e641feb365be72d8745574d3c3e2b59066?s=96&r=g\",\"url\":\"https:\\\/\\\/secure.gravatar.com\\\/avatar\\\/b6a21695fc713ce7ee312cf57c97e2e641feb365be72d8745574d3c3e2b59066?s=96&r=g\",\"contentUrl\":\"https:\\\/\\\/secure.gravatar.com\\\/avatar\\\/b6a21695fc713ce7ee312cf57c97e2e641feb365be72d8745574d3c3e2b59066?s=96&r=g\",\"caption\":\"italpress\"},\"description\":\"Italpress \u00e8 un'agenzia di stampa italiana a carattere nazionale.\",\"url\":\"https:\\\/\\\/www.livemag.it\\\/index.php\\\/author\\\/italpress\\\/\"}]}<\/script>\n<!-- \/ Yoast SEO plugin. -->","yoast_head_json":{"title":"Bombardieri \u201cCambiare la manovra su fisco, pensioni e sanit\u00e0\u201d - Live Magazine","robots":{"index":"index","follow":"follow","max-snippet":"max-snippet:-1","max-image-preview":"max-image-preview:large","max-video-preview":"max-video-preview:-1"},"canonical":"https:\/\/www.livemag.it\/index.php\/2025\/11\/29\/bombardieri-cambiare-la-manovra-su-fisco-pensioni-e-sanita\/","og_locale":"it_IT","og_type":"article","og_title":"Bombardieri \u201cCambiare la manovra su fisco, pensioni e sanit\u00e0\u201d - Live Magazine","og_description":"ROMA (ITALPRESS) \u2013 \u201cLa giornata di oggi serve a far sentire al governo, alla politica e al paese la necessit\u00e0 di cambiare. Qui ci sono delegate e delegati da tutta Italia per chiedere al governo di cambiare e insistere sulle cose che abbiamo chiesto\u201d. Lo ha detto, al Teatro Brancaccio, a Roma, in occasione della [&hellip;]","og_url":"https:\/\/www.livemag.it\/index.php\/2025\/11\/29\/bombardieri-cambiare-la-manovra-su-fisco-pensioni-e-sanita\/","og_site_name":"Live Magazine","article_publisher":"https:\/\/www.facebook.com\/LiveMag\/","article_published_time":"2025-11-29T17:03:08+00:00","og_image":[{"width":1200,"height":675,"url":"https:\/\/www.livemag.it\/wp-content\/uploads\/2024\/02\/ograph.jpg","type":"image\/jpeg"}],"author":"italpress","twitter_card":"summary_large_image","twitter_creator":"@LiveNotizie","twitter_site":"@LiveNotizie","twitter_misc":{"Scritto da":"italpress","Tempo di lettura stimato":"3 minuti"},"schema":{"@context":"https:\/\/schema.org","@graph":[{"@type":"Article","@id":"https:\/\/www.livemag.it\/index.php\/2025\/11\/29\/bombardieri-cambiare-la-manovra-su-fisco-pensioni-e-sanita\/#article","isPartOf":{"@id":"https:\/\/www.livemag.it\/index.php\/2025\/11\/29\/bombardieri-cambiare-la-manovra-su-fisco-pensioni-e-sanita\/"},"author":{"name":"italpress","@id":"https:\/\/www.livemag.it\/#\/schema\/person\/b62c5f44451fdcdaeb0afe6c2424e73c"},"headline":"Bombardieri \u201cCambiare la manovra su fisco, pensioni e sanit\u00e0\u201d","datePublished":"2025-11-29T17:03:08+00:00","mainEntityOfPage":{"@id":"https:\/\/www.livemag.it\/index.php\/2025\/11\/29\/bombardieri-cambiare-la-manovra-su-fisco-pensioni-e-sanita\/"},"wordCount":614,"publisher":{"@id":"https:\/\/www.livemag.it\/#organization"},"image":{"@id":"https:\/\/www.livemag.it\/index.php\/2025\/11\/29\/bombardieri-cambiare-la-manovra-su-fisco-pensioni-e-sanita\/#primaryimage"},"thumbnailUrl":"https:\/\/www.livemag.it\/wp-content\/uploads\/2025\/11\/20251129_1116.jpg","articleSection":["Mondo"],"inLanguage":"it-IT"},{"@type":"WebPage","@id":"https:\/\/www.livemag.it\/index.php\/2025\/11\/29\/bombardieri-cambiare-la-manovra-su-fisco-pensioni-e-sanita\/","url":"https:\/\/www.livemag.it\/index.php\/2025\/11\/29\/bombardieri-cambiare-la-manovra-su-fisco-pensioni-e-sanita\/","name":"Bombardieri \u201cCambiare la manovra su fisco, pensioni e sanit\u00e0\u201d - Live Magazine","isPartOf":{"@id":"https:\/\/www.livemag.it\/#website"},"primaryImageOfPage":{"@id":"https:\/\/www.livemag.it\/index.php\/2025\/11\/29\/bombardieri-cambiare-la-manovra-su-fisco-pensioni-e-sanita\/#primaryimage"},"image":{"@id":"https:\/\/www.livemag.it\/index.php\/2025\/11\/29\/bombardieri-cambiare-la-manovra-su-fisco-pensioni-e-sanita\/#primaryimage"},"thumbnailUrl":"https:\/\/www.livemag.it\/wp-content\/uploads\/2025\/11\/20251129_1116.jpg","datePublished":"2025-11-29T17:03:08+00:00","breadcrumb":{"@id":"https:\/\/www.livemag.it\/index.php\/2025\/11\/29\/bombardieri-cambiare-la-manovra-su-fisco-pensioni-e-sanita\/#breadcrumb"},"inLanguage":"it-IT","potentialAction":[{"@type":"ReadAction","target":["https:\/\/www.livemag.it\/index.php\/2025\/11\/29\/bombardieri-cambiare-la-manovra-su-fisco-pensioni-e-sanita\/"]}]},{"@type":"ImageObject","inLanguage":"it-IT","@id":"https:\/\/www.livemag.it\/index.php\/2025\/11\/29\/bombardieri-cambiare-la-manovra-su-fisco-pensioni-e-sanita\/#primaryimage","url":"https:\/\/www.livemag.it\/wp-content\/uploads\/2025\/11\/20251129_1116.jpg","contentUrl":"https:\/\/www.livemag.it\/wp-content\/uploads\/2025\/11\/20251129_1116.jpg","width":1360,"height":1080},{"@type":"BreadcrumbList","@id":"https:\/\/www.livemag.it\/index.php\/2025\/11\/29\/bombardieri-cambiare-la-manovra-su-fisco-pensioni-e-sanita\/#breadcrumb","itemListElement":[{"@type":"ListItem","position":1,"name":"Home","item":"https:\/\/www.livemag.it\/"},{"@type":"ListItem","position":2,"name":"Bombardieri \u201cCambiare la manovra su fisco, pensioni e sanit\u00e0\u201d"}]},{"@type":"WebSite","@id":"https:\/\/www.livemag.it\/#website","url":"https:\/\/www.livemag.it\/","name":"Live Magazine","description":"Varie ed eventi","publisher":{"@id":"https:\/\/www.livemag.it\/#organization"},"potentialAction":[{"@type":"SearchAction","target":{"@type":"EntryPoint","urlTemplate":"https:\/\/www.livemag.it\/?s={search_term_string}"},"query-input":{"@type":"PropertyValueSpecification","valueRequired":true,"valueName":"search_term_string"}}],"inLanguage":"it-IT"},{"@type":"Organization","@id":"https:\/\/www.livemag.it\/#organization","name":"LiveMag","alternateName":"LiveMag News ed eventi","url":"https:\/\/www.livemag.it\/","logo":{"@type":"ImageObject","inLanguage":"it-IT","@id":"https:\/\/www.livemag.it\/#\/schema\/logo\/image\/","url":"https:\/\/www.livemag.it\/wp-content\/uploads\/2024\/02\/immagine-sito.jpg","contentUrl":"https:\/\/www.livemag.it\/wp-content\/uploads\/2024\/02\/immagine-sito.jpg","width":696,"height":696,"caption":"LiveMag"},"image":{"@id":"https:\/\/www.livemag.it\/#\/schema\/logo\/image\/"},"sameAs":["https:\/\/www.facebook.com\/LiveMag\/","https:\/\/x.com\/LiveNotizie","https:\/\/www.instagram.com\/livemag\/"]},{"@type":"Person","@id":"https:\/\/www.livemag.it\/#\/schema\/person\/b62c5f44451fdcdaeb0afe6c2424e73c","name":"italpress","image":{"@type":"ImageObject","inLanguage":"it-IT","@id":"https:\/\/secure.gravatar.com\/avatar\/b6a21695fc713ce7ee312cf57c97e2e641feb365be72d8745574d3c3e2b59066?s=96&r=g","url":"https:\/\/secure.gravatar.com\/avatar\/b6a21695fc713ce7ee312cf57c97e2e641feb365be72d8745574d3c3e2b59066?s=96&r=g","contentUrl":"https:\/\/secure.gravatar.com\/avatar\/b6a21695fc713ce7ee312cf57c97e2e641feb365be72d8745574d3c3e2b59066?s=96&r=g","caption":"italpress"},"description":"Italpress \u00e8 un'agenzia di stampa italiana a carattere nazionale.","url":"https:\/\/www.livemag.it\/index.php\/author\/italpress\/"}]}},"jetpack_featured_media_url":"https:\/\/www.livemag.it\/wp-content\/uploads\/2025\/11\/20251129_1116.jpg","_links":{"self":[{"href":"https:\/\/www.livemag.it\/index.php\/wp-json\/wp\/v2\/posts\/64428","targetHints":{"allow":["GET"]}}],"collection":[{"href":"https:\/\/www.livemag.it\/index.php\/wp-json\/wp\/v2\/posts"}],"about":[{"href":"https:\/\/www.livemag.it\/index.php\/wp-json\/wp\/v2\/types\/post"}],"author":[{"embeddable":true,"href":"https:\/\/www.livemag.it\/index.php\/wp-json\/wp\/v2\/users\/16"}],"replies":[{"embeddable":true,"href":"https:\/\/www.livemag.it\/index.php\/wp-json\/wp\/v2\/comments?post=64428"}],"version-history":[{"count":0,"href":"https:\/\/www.livemag.it\/index.php\/wp-json\/wp\/v2\/posts\/64428\/revisions"}],"wp:featuredmedia":[{"embeddable":true,"href":"https:\/\/www.livemag.it\/index.php\/wp-json\/wp\/v2\/media\/64429"}],"wp:attachment":[{"href":"https:\/\/www.livemag.it\/index.php\/wp-json\/wp\/v2\/media?parent=64428"}],"wp:term":[{"taxonomy":"category","embeddable":true,"href":"https:\/\/www.livemag.it\/index.php\/wp-json\/wp\/v2\/categories?post=64428"},{"taxonomy":"post_tag","embeddable":true,"href":"https:\/\/www.livemag.it\/index.php\/wp-json\/wp\/v2\/tags?post=64428"}],"curies":[{"name":"wp","href":"https:\/\/api.w.org\/{rel}","templated":true}]}}