{"id":64384,"date":"2025-11-29T09:02:34","date_gmt":"2025-11-29T08:02:34","guid":{"rendered":"https:\/\/www.livemag.it\/index.php\/2025\/11\/29\/ue-zimbalatti-non-ce-politica-coesione-efficiente-se-non-si-parte-da-giovani\/"},"modified":"2025-11-29T09:02:34","modified_gmt":"2025-11-29T08:02:34","slug":"ue-zimbalatti-non-ce-politica-coesione-efficiente-se-non-si-parte-da-giovani","status":"publish","type":"post","link":"https:\/\/www.livemag.it\/index.php\/2025\/11\/29\/ue-zimbalatti-non-ce-politica-coesione-efficiente-se-non-si-parte-da-giovani\/","title":{"rendered":"<div>Ue, Zimbalatti &#8220;Non c&#8217;\u00e8 politica coesione efficiente se non si parte da giovani&#8221;<\/div>"},"content":{"rendered":"<p>    <video-js id=\"videojs69eec063d7ec3\" class=\"vjs-big-play-centered\" controls preload=\"auto\" playsinline data-setup='{\"fluid\": true}'>\r\n        <source src=\"https:\/\/video.italpress.com\/play\/mp4\/video\/Dlwn\" type=\"video\/mp4\" \/>\r\n    <\/video-js>\r\n           <br \/>\n<\/p>\n<div> REGGIO CALABRIA (ITALPRESS) &#8211; &#8220;Non ci pu\u00f2 essere una politica di coesione efficiente, efficace se non si parte dal capitale umano, se non si parte dai giovani, dalla loro formazione, dal dare loro una proiezione lavorativa. Il Mezzogiorno si trova in una fase storica, per la sua vicinanza con i paesi nella riva sud del Mediterraneo, che sono quelli che per popolazione ed economia stanno crescendo pi\u00f9 degli altri. Dobbiamo assolutamente lavorare per la coesione, favorendo le politiche per la cultura, formazione e lavoro per i nostri giovani perch\u00e9 nei prossimi anni sar\u00e0 questo il posto, sar\u00e0 questa la zona del pianeta nella quale l&#8217;economia potr\u00e0 crescere in maniera veramente significativa&#8221;. Lo ha detto Giuseppe Zimbalatti, Rettore dell&#8217;Universit\u00e0 Mediterranea di Reggio Calabria, a margine della due giorni &#8220;Connessioni Mediterranee. Nuovo bilancio europeo, ponte e politiche per il Sud&#8221;.<br \/>\n(ITALPRESS).<br \/>\nxd6\/abr\/gtr<\/div>\n","protected":false},"excerpt":{"rendered":"<p>REGGIO CALABRIA (ITALPRESS) &#8211; &#8220;Non ci pu\u00f2 essere una politica di coesione efficiente, efficace se non si parte dal capitale umano, se non si parte dai giovani, dalla loro formazione, dal dare loro una proiezione lavorativa. Il Mezzogiorno si trova in una fase storica, per la sua vicinanza con i paesi nella riva sud del [&hellip;]<\/p>\n","protected":false},"author":16,"featured_media":64385,"comment_status":"closed","ping_status":"closed","sticky":false,"template":"","format":"video","meta":{"jnews-multi-image_gallery":[],"jnews_single_post":[],"jnews_primary_category":[],"jnews_social_meta":[],"jnews_override_counter":[],"jnews_post_split":[],"footnotes":""},"categories":[1171],"tags":[],"class_list":["post-64384","post","type-post","status-publish","format-video","has-post-thumbnail","hentry","category-video","post_format-post-format-video"],"yoast_head":"<!-- This site is optimized with the Yoast SEO plugin v27.4 - https:\/\/yoast.com\/product\/yoast-seo-wordpress\/ -->\n<title>Ue, Zimbalatti &quot;Non c&#039;\u00e8 politica coesione efficiente se non si parte da giovani&quot; - Live Magazine<\/title>\n<meta name=\"robots\" content=\"index, follow, max-snippet:-1, max-image-preview:large, max-video-preview:-1\" \/>\n<link rel=\"canonical\" href=\"https:\/\/www.livemag.it\/index.php\/2025\/11\/29\/ue-zimbalatti-non-ce-politica-coesione-efficiente-se-non-si-parte-da-giovani\/\" \/>\n<meta property=\"og:locale\" content=\"it_IT\" \/>\n<meta property=\"og:type\" content=\"article\" \/>\n<meta property=\"og:title\" content=\"Ue, Zimbalatti &quot;Non c&#039;\u00e8 politica coesione efficiente se non si parte da giovani&quot; - Live Magazine\" \/>\n<meta property=\"og:description\" content=\"REGGIO CALABRIA (ITALPRESS) &#8211; &#8220;Non ci pu\u00f2 essere una politica di coesione efficiente, efficace se non si parte dal capitale umano, se non si parte dai giovani, dalla loro formazione, dal dare loro una proiezione lavorativa. Il Mezzogiorno si trova in una fase storica, per la sua vicinanza con i paesi nella riva sud del [&hellip;]\" \/>\n<meta property=\"og:url\" content=\"https:\/\/www.livemag.it\/index.php\/2025\/11\/29\/ue-zimbalatti-non-ce-politica-coesione-efficiente-se-non-si-parte-da-giovani\/\" \/>\n<meta property=\"og:site_name\" content=\"Live Magazine\" \/>\n<meta property=\"article:publisher\" content=\"https:\/\/www.facebook.com\/LiveMag\/\" \/>\n<meta property=\"article:published_time\" content=\"2025-11-29T08:02:34+00:00\" \/>\n<meta property=\"og:image\" content=\"https:\/\/www.livemag.it\/wp-content\/uploads\/2024\/02\/ograph.jpg\" \/>\n\t<meta property=\"og:image:width\" content=\"1200\" \/>\n\t<meta property=\"og:image:height\" content=\"675\" \/>\n\t<meta property=\"og:image:type\" content=\"image\/jpeg\" \/>\n<meta name=\"author\" content=\"italpress\" \/>\n<meta name=\"twitter:card\" content=\"summary_large_image\" \/>\n<meta name=\"twitter:creator\" content=\"@LiveNotizie\" \/>\n<meta name=\"twitter:site\" content=\"@LiveNotizie\" \/>\n<meta name=\"twitter:label1\" content=\"Scritto da\" \/>\n\t<meta name=\"twitter:data1\" content=\"italpress\" \/>\n\t<meta name=\"twitter:label2\" content=\"Tempo di lettura stimato\" \/>\n\t<meta name=\"twitter:data2\" content=\"1 minuto\" \/>\n<script type=\"application\/ld+json\" class=\"yoast-schema-graph\">{\"@context\":\"https:\\\/\\\/schema.org\",\"@graph\":[{\"@type\":\"Article\",\"@id\":\"https:\\\/\\\/www.livemag.it\\\/index.php\\\/2025\\\/11\\\/29\\\/ue-zimbalatti-non-ce-politica-coesione-efficiente-se-non-si-parte-da-giovani\\\/#article\",\"isPartOf\":{\"@id\":\"https:\\\/\\\/www.livemag.it\\\/index.php\\\/2025\\\/11\\\/29\\\/ue-zimbalatti-non-ce-politica-coesione-efficiente-se-non-si-parte-da-giovani\\\/\"},\"author\":{\"name\":\"italpress\",\"@id\":\"https:\\\/\\\/www.livemag.it\\\/#\\\/schema\\\/person\\\/b62c5f44451fdcdaeb0afe6c2424e73c\"},\"headline\":\"Ue, Zimbalatti &#8220;Non c&#8217;\u00e8 politica coesione efficiente se non si parte da giovani&#8221;\",\"datePublished\":\"2025-11-29T08:02:34+00:00\",\"mainEntityOfPage\":{\"@id\":\"https:\\\/\\\/www.livemag.it\\\/index.php\\\/2025\\\/11\\\/29\\\/ue-zimbalatti-non-ce-politica-coesione-efficiente-se-non-si-parte-da-giovani\\\/\"},\"wordCount\":168,\"publisher\":{\"@id\":\"https:\\\/\\\/www.livemag.it\\\/#organization\"},\"image\":{\"@id\":\"https:\\\/\\\/www.livemag.it\\\/index.php\\\/2025\\\/11\\\/29\\\/ue-zimbalatti-non-ce-politica-coesione-efficiente-se-non-si-parte-da-giovani\\\/#primaryimage\"},\"thumbnailUrl\":\"https:\\\/\\\/www.livemag.it\\\/wp-content\\\/uploads\\\/2025\\\/11\\\/Dlwn.jpg\",\"articleSection\":[\"Video\"],\"inLanguage\":\"it-IT\"},{\"@type\":\"WebPage\",\"@id\":\"https:\\\/\\\/www.livemag.it\\\/index.php\\\/2025\\\/11\\\/29\\\/ue-zimbalatti-non-ce-politica-coesione-efficiente-se-non-si-parte-da-giovani\\\/\",\"url\":\"https:\\\/\\\/www.livemag.it\\\/index.php\\\/2025\\\/11\\\/29\\\/ue-zimbalatti-non-ce-politica-coesione-efficiente-se-non-si-parte-da-giovani\\\/\",\"name\":\"Ue, Zimbalatti \\\"Non c'\u00e8 politica coesione efficiente se non si parte da giovani\\\" - Live Magazine\",\"isPartOf\":{\"@id\":\"https:\\\/\\\/www.livemag.it\\\/#website\"},\"primaryImageOfPage\":{\"@id\":\"https:\\\/\\\/www.livemag.it\\\/index.php\\\/2025\\\/11\\\/29\\\/ue-zimbalatti-non-ce-politica-coesione-efficiente-se-non-si-parte-da-giovani\\\/#primaryimage\"},\"image\":{\"@id\":\"https:\\\/\\\/www.livemag.it\\\/index.php\\\/2025\\\/11\\\/29\\\/ue-zimbalatti-non-ce-politica-coesione-efficiente-se-non-si-parte-da-giovani\\\/#primaryimage\"},\"thumbnailUrl\":\"https:\\\/\\\/www.livemag.it\\\/wp-content\\\/uploads\\\/2025\\\/11\\\/Dlwn.jpg\",\"datePublished\":\"2025-11-29T08:02:34+00:00\",\"breadcrumb\":{\"@id\":\"https:\\\/\\\/www.livemag.it\\\/index.php\\\/2025\\\/11\\\/29\\\/ue-zimbalatti-non-ce-politica-coesione-efficiente-se-non-si-parte-da-giovani\\\/#breadcrumb\"},\"inLanguage\":\"it-IT\",\"potentialAction\":[{\"@type\":\"ReadAction\",\"target\":[\"https:\\\/\\\/www.livemag.it\\\/index.php\\\/2025\\\/11\\\/29\\\/ue-zimbalatti-non-ce-politica-coesione-efficiente-se-non-si-parte-da-giovani\\\/\"]}]},{\"@type\":\"ImageObject\",\"inLanguage\":\"it-IT\",\"@id\":\"https:\\\/\\\/www.livemag.it\\\/index.php\\\/2025\\\/11\\\/29\\\/ue-zimbalatti-non-ce-politica-coesione-efficiente-se-non-si-parte-da-giovani\\\/#primaryimage\",\"url\":\"https:\\\/\\\/www.livemag.it\\\/wp-content\\\/uploads\\\/2025\\\/11\\\/Dlwn.jpg\",\"contentUrl\":\"https:\\\/\\\/www.livemag.it\\\/wp-content\\\/uploads\\\/2025\\\/11\\\/Dlwn.jpg\",\"width\":1920,\"height\":1080},{\"@type\":\"BreadcrumbList\",\"@id\":\"https:\\\/\\\/www.livemag.it\\\/index.php\\\/2025\\\/11\\\/29\\\/ue-zimbalatti-non-ce-politica-coesione-efficiente-se-non-si-parte-da-giovani\\\/#breadcrumb\",\"itemListElement\":[{\"@type\":\"ListItem\",\"position\":1,\"name\":\"Home\",\"item\":\"https:\\\/\\\/www.livemag.it\\\/\"},{\"@type\":\"ListItem\",\"position\":2,\"name\":\"Ue, Zimbalatti &#8220;Non c&#8217;\u00e8 politica coesione efficiente se non si parte da giovani&#8221;\"}]},{\"@type\":\"WebSite\",\"@id\":\"https:\\\/\\\/www.livemag.it\\\/#website\",\"url\":\"https:\\\/\\\/www.livemag.it\\\/\",\"name\":\"Live Magazine\",\"description\":\"Varie ed eventi\",\"publisher\":{\"@id\":\"https:\\\/\\\/www.livemag.it\\\/#organization\"},\"potentialAction\":[{\"@type\":\"SearchAction\",\"target\":{\"@type\":\"EntryPoint\",\"urlTemplate\":\"https:\\\/\\\/www.livemag.it\\\/?s={search_term_string}\"},\"query-input\":{\"@type\":\"PropertyValueSpecification\",\"valueRequired\":true,\"valueName\":\"search_term_string\"}}],\"inLanguage\":\"it-IT\"},{\"@type\":\"Organization\",\"@id\":\"https:\\\/\\\/www.livemag.it\\\/#organization\",\"name\":\"LiveMag\",\"alternateName\":\"LiveMag News ed eventi\",\"url\":\"https:\\\/\\\/www.livemag.it\\\/\",\"logo\":{\"@type\":\"ImageObject\",\"inLanguage\":\"it-IT\",\"@id\":\"https:\\\/\\\/www.livemag.it\\\/#\\\/schema\\\/logo\\\/image\\\/\",\"url\":\"https:\\\/\\\/www.livemag.it\\\/wp-content\\\/uploads\\\/2024\\\/02\\\/immagine-sito.jpg\",\"contentUrl\":\"https:\\\/\\\/www.livemag.it\\\/wp-content\\\/uploads\\\/2024\\\/02\\\/immagine-sito.jpg\",\"width\":696,\"height\":696,\"caption\":\"LiveMag\"},\"image\":{\"@id\":\"https:\\\/\\\/www.livemag.it\\\/#\\\/schema\\\/logo\\\/image\\\/\"},\"sameAs\":[\"https:\\\/\\\/www.facebook.com\\\/LiveMag\\\/\",\"https:\\\/\\\/x.com\\\/LiveNotizie\",\"https:\\\/\\\/www.instagram.com\\\/livemag\\\/\"]},{\"@type\":\"Person\",\"@id\":\"https:\\\/\\\/www.livemag.it\\\/#\\\/schema\\\/person\\\/b62c5f44451fdcdaeb0afe6c2424e73c\",\"name\":\"italpress\",\"image\":{\"@type\":\"ImageObject\",\"inLanguage\":\"it-IT\",\"@id\":\"https:\\\/\\\/secure.gravatar.com\\\/avatar\\\/b6a21695fc713ce7ee312cf57c97e2e641feb365be72d8745574d3c3e2b59066?s=96&r=g\",\"url\":\"https:\\\/\\\/secure.gravatar.com\\\/avatar\\\/b6a21695fc713ce7ee312cf57c97e2e641feb365be72d8745574d3c3e2b59066?s=96&r=g\",\"contentUrl\":\"https:\\\/\\\/secure.gravatar.com\\\/avatar\\\/b6a21695fc713ce7ee312cf57c97e2e641feb365be72d8745574d3c3e2b59066?s=96&r=g\",\"caption\":\"italpress\"},\"description\":\"Italpress \u00e8 un'agenzia di stampa italiana a carattere nazionale.\",\"url\":\"https:\\\/\\\/www.livemag.it\\\/index.php\\\/author\\\/italpress\\\/\"}]}<\/script>\n<!-- \/ Yoast SEO plugin. -->","yoast_head_json":{"title":"Ue, Zimbalatti \"Non c'\u00e8 politica coesione efficiente se non si parte da giovani\" - Live Magazine","robots":{"index":"index","follow":"follow","max-snippet":"max-snippet:-1","max-image-preview":"max-image-preview:large","max-video-preview":"max-video-preview:-1"},"canonical":"https:\/\/www.livemag.it\/index.php\/2025\/11\/29\/ue-zimbalatti-non-ce-politica-coesione-efficiente-se-non-si-parte-da-giovani\/","og_locale":"it_IT","og_type":"article","og_title":"Ue, Zimbalatti \"Non c'\u00e8 politica coesione efficiente se non si parte da giovani\" - Live Magazine","og_description":"REGGIO CALABRIA (ITALPRESS) &#8211; &#8220;Non ci pu\u00f2 essere una politica di coesione efficiente, efficace se non si parte dal capitale umano, se non si parte dai giovani, dalla loro formazione, dal dare loro una proiezione lavorativa. Il Mezzogiorno si trova in una fase storica, per la sua vicinanza con i paesi nella riva sud del [&hellip;]","og_url":"https:\/\/www.livemag.it\/index.php\/2025\/11\/29\/ue-zimbalatti-non-ce-politica-coesione-efficiente-se-non-si-parte-da-giovani\/","og_site_name":"Live Magazine","article_publisher":"https:\/\/www.facebook.com\/LiveMag\/","article_published_time":"2025-11-29T08:02:34+00:00","og_image":[{"width":1200,"height":675,"url":"https:\/\/www.livemag.it\/wp-content\/uploads\/2024\/02\/ograph.jpg","type":"image\/jpeg"}],"author":"italpress","twitter_card":"summary_large_image","twitter_creator":"@LiveNotizie","twitter_site":"@LiveNotizie","twitter_misc":{"Scritto da":"italpress","Tempo di lettura stimato":"1 minuto"},"schema":{"@context":"https:\/\/schema.org","@graph":[{"@type":"Article","@id":"https:\/\/www.livemag.it\/index.php\/2025\/11\/29\/ue-zimbalatti-non-ce-politica-coesione-efficiente-se-non-si-parte-da-giovani\/#article","isPartOf":{"@id":"https:\/\/www.livemag.it\/index.php\/2025\/11\/29\/ue-zimbalatti-non-ce-politica-coesione-efficiente-se-non-si-parte-da-giovani\/"},"author":{"name":"italpress","@id":"https:\/\/www.livemag.it\/#\/schema\/person\/b62c5f44451fdcdaeb0afe6c2424e73c"},"headline":"Ue, Zimbalatti &#8220;Non c&#8217;\u00e8 politica coesione efficiente se non si parte da giovani&#8221;","datePublished":"2025-11-29T08:02:34+00:00","mainEntityOfPage":{"@id":"https:\/\/www.livemag.it\/index.php\/2025\/11\/29\/ue-zimbalatti-non-ce-politica-coesione-efficiente-se-non-si-parte-da-giovani\/"},"wordCount":168,"publisher":{"@id":"https:\/\/www.livemag.it\/#organization"},"image":{"@id":"https:\/\/www.livemag.it\/index.php\/2025\/11\/29\/ue-zimbalatti-non-ce-politica-coesione-efficiente-se-non-si-parte-da-giovani\/#primaryimage"},"thumbnailUrl":"https:\/\/www.livemag.it\/wp-content\/uploads\/2025\/11\/Dlwn.jpg","articleSection":["Video"],"inLanguage":"it-IT"},{"@type":"WebPage","@id":"https:\/\/www.livemag.it\/index.php\/2025\/11\/29\/ue-zimbalatti-non-ce-politica-coesione-efficiente-se-non-si-parte-da-giovani\/","url":"https:\/\/www.livemag.it\/index.php\/2025\/11\/29\/ue-zimbalatti-non-ce-politica-coesione-efficiente-se-non-si-parte-da-giovani\/","name":"Ue, Zimbalatti \"Non c'\u00e8 politica coesione efficiente se non si parte da giovani\" - Live Magazine","isPartOf":{"@id":"https:\/\/www.livemag.it\/#website"},"primaryImageOfPage":{"@id":"https:\/\/www.livemag.it\/index.php\/2025\/11\/29\/ue-zimbalatti-non-ce-politica-coesione-efficiente-se-non-si-parte-da-giovani\/#primaryimage"},"image":{"@id":"https:\/\/www.livemag.it\/index.php\/2025\/11\/29\/ue-zimbalatti-non-ce-politica-coesione-efficiente-se-non-si-parte-da-giovani\/#primaryimage"},"thumbnailUrl":"https:\/\/www.livemag.it\/wp-content\/uploads\/2025\/11\/Dlwn.jpg","datePublished":"2025-11-29T08:02:34+00:00","breadcrumb":{"@id":"https:\/\/www.livemag.it\/index.php\/2025\/11\/29\/ue-zimbalatti-non-ce-politica-coesione-efficiente-se-non-si-parte-da-giovani\/#breadcrumb"},"inLanguage":"it-IT","potentialAction":[{"@type":"ReadAction","target":["https:\/\/www.livemag.it\/index.php\/2025\/11\/29\/ue-zimbalatti-non-ce-politica-coesione-efficiente-se-non-si-parte-da-giovani\/"]}]},{"@type":"ImageObject","inLanguage":"it-IT","@id":"https:\/\/www.livemag.it\/index.php\/2025\/11\/29\/ue-zimbalatti-non-ce-politica-coesione-efficiente-se-non-si-parte-da-giovani\/#primaryimage","url":"https:\/\/www.livemag.it\/wp-content\/uploads\/2025\/11\/Dlwn.jpg","contentUrl":"https:\/\/www.livemag.it\/wp-content\/uploads\/2025\/11\/Dlwn.jpg","width":1920,"height":1080},{"@type":"BreadcrumbList","@id":"https:\/\/www.livemag.it\/index.php\/2025\/11\/29\/ue-zimbalatti-non-ce-politica-coesione-efficiente-se-non-si-parte-da-giovani\/#breadcrumb","itemListElement":[{"@type":"ListItem","position":1,"name":"Home","item":"https:\/\/www.livemag.it\/"},{"@type":"ListItem","position":2,"name":"Ue, Zimbalatti &#8220;Non c&#8217;\u00e8 politica coesione efficiente se non si parte da giovani&#8221;"}]},{"@type":"WebSite","@id":"https:\/\/www.livemag.it\/#website","url":"https:\/\/www.livemag.it\/","name":"Live Magazine","description":"Varie ed eventi","publisher":{"@id":"https:\/\/www.livemag.it\/#organization"},"potentialAction":[{"@type":"SearchAction","target":{"@type":"EntryPoint","urlTemplate":"https:\/\/www.livemag.it\/?s={search_term_string}"},"query-input":{"@type":"PropertyValueSpecification","valueRequired":true,"valueName":"search_term_string"}}],"inLanguage":"it-IT"},{"@type":"Organization","@id":"https:\/\/www.livemag.it\/#organization","name":"LiveMag","alternateName":"LiveMag News ed eventi","url":"https:\/\/www.livemag.it\/","logo":{"@type":"ImageObject","inLanguage":"it-IT","@id":"https:\/\/www.livemag.it\/#\/schema\/logo\/image\/","url":"https:\/\/www.livemag.it\/wp-content\/uploads\/2024\/02\/immagine-sito.jpg","contentUrl":"https:\/\/www.livemag.it\/wp-content\/uploads\/2024\/02\/immagine-sito.jpg","width":696,"height":696,"caption":"LiveMag"},"image":{"@id":"https:\/\/www.livemag.it\/#\/schema\/logo\/image\/"},"sameAs":["https:\/\/www.facebook.com\/LiveMag\/","https:\/\/x.com\/LiveNotizie","https:\/\/www.instagram.com\/livemag\/"]},{"@type":"Person","@id":"https:\/\/www.livemag.it\/#\/schema\/person\/b62c5f44451fdcdaeb0afe6c2424e73c","name":"italpress","image":{"@type":"ImageObject","inLanguage":"it-IT","@id":"https:\/\/secure.gravatar.com\/avatar\/b6a21695fc713ce7ee312cf57c97e2e641feb365be72d8745574d3c3e2b59066?s=96&r=g","url":"https:\/\/secure.gravatar.com\/avatar\/b6a21695fc713ce7ee312cf57c97e2e641feb365be72d8745574d3c3e2b59066?s=96&r=g","contentUrl":"https:\/\/secure.gravatar.com\/avatar\/b6a21695fc713ce7ee312cf57c97e2e641feb365be72d8745574d3c3e2b59066?s=96&r=g","caption":"italpress"},"description":"Italpress \u00e8 un'agenzia di stampa italiana a carattere nazionale.","url":"https:\/\/www.livemag.it\/index.php\/author\/italpress\/"}]}},"jetpack_featured_media_url":"https:\/\/www.livemag.it\/wp-content\/uploads\/2025\/11\/Dlwn.jpg","_links":{"self":[{"href":"https:\/\/www.livemag.it\/index.php\/wp-json\/wp\/v2\/posts\/64384","targetHints":{"allow":["GET"]}}],"collection":[{"href":"https:\/\/www.livemag.it\/index.php\/wp-json\/wp\/v2\/posts"}],"about":[{"href":"https:\/\/www.livemag.it\/index.php\/wp-json\/wp\/v2\/types\/post"}],"author":[{"embeddable":true,"href":"https:\/\/www.livemag.it\/index.php\/wp-json\/wp\/v2\/users\/16"}],"replies":[{"embeddable":true,"href":"https:\/\/www.livemag.it\/index.php\/wp-json\/wp\/v2\/comments?post=64384"}],"version-history":[{"count":0,"href":"https:\/\/www.livemag.it\/index.php\/wp-json\/wp\/v2\/posts\/64384\/revisions"}],"wp:featuredmedia":[{"embeddable":true,"href":"https:\/\/www.livemag.it\/index.php\/wp-json\/wp\/v2\/media\/64385"}],"wp:attachment":[{"href":"https:\/\/www.livemag.it\/index.php\/wp-json\/wp\/v2\/media?parent=64384"}],"wp:term":[{"taxonomy":"category","embeddable":true,"href":"https:\/\/www.livemag.it\/index.php\/wp-json\/wp\/v2\/categories?post=64384"},{"taxonomy":"post_tag","embeddable":true,"href":"https:\/\/www.livemag.it\/index.php\/wp-json\/wp\/v2\/tags?post=64384"}],"curies":[{"name":"wp","href":"https:\/\/api.w.org\/{rel}","templated":true}]}}