{"id":64268,"date":"2025-11-26T21:02:38","date_gmt":"2025-11-26T20:02:38","guid":{"rendered":"https:\/\/www.livemag.it\/index.php\/2025\/11\/26\/unitelmasapienza-a-firenze-un-nuovo-polo-didattico-focus-sullarte\/"},"modified":"2025-11-26T21:02:38","modified_gmt":"2025-11-26T20:02:38","slug":"unitelmasapienza-a-firenze-un-nuovo-polo-didattico-focus-sullarte","status":"publish","type":"post","link":"https:\/\/www.livemag.it\/index.php\/2025\/11\/26\/unitelmasapienza-a-firenze-un-nuovo-polo-didattico-focus-sullarte\/","title":{"rendered":"UnitelmaSapienza, a Firenze un nuovo polo didattico. Focus sull\u2019arte"},"content":{"rendered":"<div>\n<p>FIRENZE (ITALPRESS) \u2013 Un\u2019opportunit\u00e0 per i giovani e i professionisti del territorio di ottenere una formazione accessibile e di qualit\u00e0. Firenze e la sua provincia si arricchiscono di una sede d\u2019esame in presenza per gli studenti iscritti ai corsi di laurea: si \u00e8 svolta infatti questa mattina a Palazzo Gherardi la cerimonia di presentazione del polo didattico di UnitelmaSapienza a Firenze. Previste anche iniziative di orientamento per promuovere l\u2019offerta formativa e promozioni riservate agli studenti.<br \/>\u201cL\u2019apertura di un polo didattico a Firenze di UnitelmaSapienza mi rende felice \u2013 ha spiegato il rettore, Bruno Botta -. La passeggiata che abbiamo fatto oggi dalla stazione a venire qua, nella sede del polo, \u00e8 un\u2019immersione nell\u2019arte e in Firenze. L\u2019attrazione della citt\u00e0 fa da driving force e ci stimola a fare sempre meglio. Naturalmente, l\u2019idea\u201d a livello di corsi \u201csarebbe quella di poter avere qualcosa che abbia a che fare con l\u2019arte, per cui se noi possiamo in qualche modo aprire dei corsi di laurea che si occupino anche di arte, aprire dei master o dei corsi di alta formazione che abbiano quella finalit\u00e0, allora ci\u00f2 differenzierebbe Firenze rispetto alle altre sedi\u201d. <br \/>\u201cUnitelmaSapienza \u00e8 un ateneo telematico, ma a differenza degli altri atenei telematici \u2013 ha evidenziato ancora il rettore Botta \u2013 gli esami da noi vengono svolti in presenza, per cui il fatto di stare a Firenze, nella cultura fiorentina, e mettere in condizione altri ragazzi e ragazze della Toscana di potersi iscrivere alla nostra universit\u00e0 e avere l\u2019opportunit\u00e0 degli esami in presenza, \u00e8 un qualcosa di estremamente importante\u201d. L\u2019apertura di un polo didattico di UnitelmaSapienza \u201c\u00e8 importante perch\u00e8 Firenze naturalmente rappresenta, nel centro dell\u2019Italia, un centro di cultura, e per cui gestire un polo qui a Firenze per noi \u00e8 una grande soddisfazione \u2013 ha evidenziato Domenico Cancellieri, Responsabile del Polo di Firenze di UnitelmaSapienza -. Qui riceviamo studenti che vengono a fare gli esami, diamo consigli a chi si vuole iscrivere, peraltro poi la sede del nuovo polo didattico \u00e8 ospitata qui in una scuola, quindi chi viene da noi al polo \u00e8 in contatto con l\u2019ambiente scolastico internazionale. E\u2019 molto importante questo. Stiamo studiando, con la collaborazione del rettore, dei master nel settore dell\u2019arte. Questa apertura anche al mondo dell\u2019arte creer\u00e0 un grandissimo feeling con la citt\u00e0, la volont\u00e0 di utilizzare la citt\u00e0 in senso positivo, cio\u00e8 la storia che entra nell\u2019universit\u00e0. Stiamo progettando dei master che abbiano una parte propedeutica telematica e rivolta a tutto il mondo, con una presenza a Firenze di 2-3 settimane. Questa \u00e8 una cosa grandiosa\u201d. <br \/>Nel corso della cerimonia di presentazione ha portato la sua testimonianza uno degli studenti che frequentano il polo. \u201cQuesta universit\u00e0 secondo me \u00e8 molto all\u2019avanguardia per il semplice fatto che d\u00e0 la possibilit\u00e0 a chiunque di poter studiare comodamente da casa e di studiare a qualsiasi ora del giorno 24 ore su 24 \u2013 ha raccontato lo studente Carlantonio Pipoli -. Io ad esempio ho iniziato prima di lavorare a potermi organizzare con il mio percorso di studi parallelo all\u2019universit\u00e0, cosa che mi ha poi permesso di ottenere il posto di lavoro che ho oggi che sto svolgendo e portando avanti. Questo dovrebbe essere un miglioramento che dovrebbero portare a fare lo stesso anche da parte delle varie universit\u00e0 pubbliche per il semplice fatto che oggigiorno ci sono ragazzi che vogliono andare a lavorare dal sud al nord, o comunque spostarsi in altre citt\u00e0, e non riescono a permettersi banalmente l\u2019affitto, o comunque non possono lavorare, perch\u00e8 devono studiare l\u2019universit\u00e0 e avere la possibilit\u00e0 di studiare da casa, come permette di fare questa universit\u00e0, \u00e8 importantissimo, oltre al fatto di potersi spostare da polo a polo, come \u00e8 capitato a me, partendo dalla Puglia e spostandosi poi in Toscana senza nessun tipo di problema\u201d. <br \/>Ma perch\u00e8 scegliere UnitelmaSapienza? \u201cSceglierci significa scegliere la qualit\u00e0 \u2013 ha puntualizzato il rettore Botta -. Noi abbiamo la driving force di Sapienza, questo \u00e8 vero, ma devo dire che il gruppo docente, cos\u00ec come il gruppo tecnico amministrativo, ed in particolare l\u2019ufficio stampa, hanno fatto s\u00ec che UnitelmaSapienza crescesse nel modo adeguato per far s\u00ec che sedi sempre pi\u00f9 prestigiose potessero ospitarci\u201d. <\/p>\n<p>\u2013 foto xb8\/Italpress \u2013<br \/>(ITALPRESS).<\/p>\n<\/div>\n","protected":false},"excerpt":{"rendered":"<p>FIRENZE (ITALPRESS) \u2013 Un\u2019opportunit\u00e0 per i giovani e i professionisti del territorio di ottenere una formazione accessibile e di qualit\u00e0. Firenze e la sua provincia si arricchiscono di una sede d\u2019esame in presenza per gli studenti iscritti ai corsi di laurea: si \u00e8 svolta infatti questa mattina a Palazzo Gherardi la cerimonia di presentazione del [&hellip;]<\/p>\n","protected":false},"author":16,"featured_media":64269,"comment_status":"closed","ping_status":"closed","sticky":false,"template":"","format":"standard","meta":{"jnews-multi-image_gallery":[],"jnews_single_post":[],"jnews_primary_category":[],"jnews_social_meta":[],"jnews_override_counter":[],"jnews_post_split":[],"footnotes":""},"categories":[1129],"tags":[],"class_list":["post-64268","post","type-post","status-publish","format-standard","has-post-thumbnail","hentry","category-mondo"],"yoast_head":"<!-- This site is optimized with the Yoast SEO plugin v27.5 - https:\/\/yoast.com\/product\/yoast-seo-wordpress\/ -->\n<title>UnitelmaSapienza, a Firenze un nuovo polo didattico. Focus sull\u2019arte - Live Magazine<\/title>\n<meta name=\"robots\" content=\"index, follow, max-snippet:-1, max-image-preview:large, max-video-preview:-1\" \/>\n<link rel=\"canonical\" href=\"https:\/\/www.livemag.it\/index.php\/2025\/11\/26\/unitelmasapienza-a-firenze-un-nuovo-polo-didattico-focus-sullarte\/\" \/>\n<meta property=\"og:locale\" content=\"it_IT\" \/>\n<meta property=\"og:type\" content=\"article\" \/>\n<meta property=\"og:title\" content=\"UnitelmaSapienza, a Firenze un nuovo polo didattico. Focus sull\u2019arte - Live Magazine\" \/>\n<meta property=\"og:description\" content=\"FIRENZE (ITALPRESS) \u2013 Un\u2019opportunit\u00e0 per i giovani e i professionisti del territorio di ottenere una formazione accessibile e di qualit\u00e0. Firenze e la sua provincia si arricchiscono di una sede d\u2019esame in presenza per gli studenti iscritti ai corsi di laurea: si \u00e8 svolta infatti questa mattina a Palazzo Gherardi la cerimonia di presentazione del [&hellip;]\" \/>\n<meta property=\"og:url\" content=\"https:\/\/www.livemag.it\/index.php\/2025\/11\/26\/unitelmasapienza-a-firenze-un-nuovo-polo-didattico-focus-sullarte\/\" \/>\n<meta property=\"og:site_name\" content=\"Live Magazine\" \/>\n<meta property=\"article:publisher\" content=\"https:\/\/www.facebook.com\/LiveMag\/\" \/>\n<meta property=\"article:published_time\" content=\"2025-11-26T20:02:38+00:00\" \/>\n<meta property=\"og:image\" content=\"https:\/\/www.livemag.it\/wp-content\/uploads\/2024\/02\/ograph.jpg\" \/>\n\t<meta property=\"og:image:width\" content=\"1200\" \/>\n\t<meta property=\"og:image:height\" content=\"675\" \/>\n\t<meta property=\"og:image:type\" content=\"image\/jpeg\" \/>\n<meta name=\"author\" content=\"italpress\" \/>\n<meta name=\"twitter:card\" content=\"summary_large_image\" \/>\n<meta name=\"twitter:creator\" content=\"@LiveNotizie\" \/>\n<meta name=\"twitter:site\" content=\"@LiveNotizie\" \/>\n<meta name=\"twitter:label1\" content=\"Scritto da\" \/>\n\t<meta name=\"twitter:data1\" content=\"italpress\" \/>\n\t<meta name=\"twitter:label2\" content=\"Tempo di lettura stimato\" \/>\n\t<meta name=\"twitter:data2\" content=\"3 minuti\" \/>\n<script type=\"application\/ld+json\" class=\"yoast-schema-graph\">{\"@context\":\"https:\\\/\\\/schema.org\",\"@graph\":[{\"@type\":\"Article\",\"@id\":\"https:\\\/\\\/www.livemag.it\\\/index.php\\\/2025\\\/11\\\/26\\\/unitelmasapienza-a-firenze-un-nuovo-polo-didattico-focus-sullarte\\\/#article\",\"isPartOf\":{\"@id\":\"https:\\\/\\\/www.livemag.it\\\/index.php\\\/2025\\\/11\\\/26\\\/unitelmasapienza-a-firenze-un-nuovo-polo-didattico-focus-sullarte\\\/\"},\"author\":{\"name\":\"italpress\",\"@id\":\"https:\\\/\\\/www.livemag.it\\\/#\\\/schema\\\/person\\\/b62c5f44451fdcdaeb0afe6c2424e73c\"},\"headline\":\"UnitelmaSapienza, a Firenze un nuovo polo didattico. Focus sull\u2019arte\",\"datePublished\":\"2025-11-26T20:02:38+00:00\",\"mainEntityOfPage\":{\"@id\":\"https:\\\/\\\/www.livemag.it\\\/index.php\\\/2025\\\/11\\\/26\\\/unitelmasapienza-a-firenze-un-nuovo-polo-didattico-focus-sullarte\\\/\"},\"wordCount\":702,\"publisher\":{\"@id\":\"https:\\\/\\\/www.livemag.it\\\/#organization\"},\"image\":{\"@id\":\"https:\\\/\\\/www.livemag.it\\\/index.php\\\/2025\\\/11\\\/26\\\/unitelmasapienza-a-firenze-un-nuovo-polo-didattico-focus-sullarte\\\/#primaryimage\"},\"thumbnailUrl\":\"https:\\\/\\\/www.livemag.it\\\/wp-content\\\/uploads\\\/2025\\\/11\\\/20251126_1453.jpg\",\"articleSection\":[\"Mondo\"],\"inLanguage\":\"it-IT\"},{\"@type\":\"WebPage\",\"@id\":\"https:\\\/\\\/www.livemag.it\\\/index.php\\\/2025\\\/11\\\/26\\\/unitelmasapienza-a-firenze-un-nuovo-polo-didattico-focus-sullarte\\\/\",\"url\":\"https:\\\/\\\/www.livemag.it\\\/index.php\\\/2025\\\/11\\\/26\\\/unitelmasapienza-a-firenze-un-nuovo-polo-didattico-focus-sullarte\\\/\",\"name\":\"UnitelmaSapienza, a Firenze un nuovo polo didattico. Focus sull\u2019arte - Live Magazine\",\"isPartOf\":{\"@id\":\"https:\\\/\\\/www.livemag.it\\\/#website\"},\"primaryImageOfPage\":{\"@id\":\"https:\\\/\\\/www.livemag.it\\\/index.php\\\/2025\\\/11\\\/26\\\/unitelmasapienza-a-firenze-un-nuovo-polo-didattico-focus-sullarte\\\/#primaryimage\"},\"image\":{\"@id\":\"https:\\\/\\\/www.livemag.it\\\/index.php\\\/2025\\\/11\\\/26\\\/unitelmasapienza-a-firenze-un-nuovo-polo-didattico-focus-sullarte\\\/#primaryimage\"},\"thumbnailUrl\":\"https:\\\/\\\/www.livemag.it\\\/wp-content\\\/uploads\\\/2025\\\/11\\\/20251126_1453.jpg\",\"datePublished\":\"2025-11-26T20:02:38+00:00\",\"breadcrumb\":{\"@id\":\"https:\\\/\\\/www.livemag.it\\\/index.php\\\/2025\\\/11\\\/26\\\/unitelmasapienza-a-firenze-un-nuovo-polo-didattico-focus-sullarte\\\/#breadcrumb\"},\"inLanguage\":\"it-IT\",\"potentialAction\":[{\"@type\":\"ReadAction\",\"target\":[\"https:\\\/\\\/www.livemag.it\\\/index.php\\\/2025\\\/11\\\/26\\\/unitelmasapienza-a-firenze-un-nuovo-polo-didattico-focus-sullarte\\\/\"]}]},{\"@type\":\"ImageObject\",\"inLanguage\":\"it-IT\",\"@id\":\"https:\\\/\\\/www.livemag.it\\\/index.php\\\/2025\\\/11\\\/26\\\/unitelmasapienza-a-firenze-un-nuovo-polo-didattico-focus-sullarte\\\/#primaryimage\",\"url\":\"https:\\\/\\\/www.livemag.it\\\/wp-content\\\/uploads\\\/2025\\\/11\\\/20251126_1453.jpg\",\"contentUrl\":\"https:\\\/\\\/www.livemag.it\\\/wp-content\\\/uploads\\\/2025\\\/11\\\/20251126_1453.jpg\",\"width\":1024,\"height\":768},{\"@type\":\"BreadcrumbList\",\"@id\":\"https:\\\/\\\/www.livemag.it\\\/index.php\\\/2025\\\/11\\\/26\\\/unitelmasapienza-a-firenze-un-nuovo-polo-didattico-focus-sullarte\\\/#breadcrumb\",\"itemListElement\":[{\"@type\":\"ListItem\",\"position\":1,\"name\":\"Home\",\"item\":\"https:\\\/\\\/www.livemag.it\\\/\"},{\"@type\":\"ListItem\",\"position\":2,\"name\":\"UnitelmaSapienza, a Firenze un nuovo polo didattico. Focus sull\u2019arte\"}]},{\"@type\":\"WebSite\",\"@id\":\"https:\\\/\\\/www.livemag.it\\\/#website\",\"url\":\"https:\\\/\\\/www.livemag.it\\\/\",\"name\":\"Live Magazine\",\"description\":\"Varie ed eventi\",\"publisher\":{\"@id\":\"https:\\\/\\\/www.livemag.it\\\/#organization\"},\"potentialAction\":[{\"@type\":\"SearchAction\",\"target\":{\"@type\":\"EntryPoint\",\"urlTemplate\":\"https:\\\/\\\/www.livemag.it\\\/?s={search_term_string}\"},\"query-input\":{\"@type\":\"PropertyValueSpecification\",\"valueRequired\":true,\"valueName\":\"search_term_string\"}}],\"inLanguage\":\"it-IT\"},{\"@type\":\"Organization\",\"@id\":\"https:\\\/\\\/www.livemag.it\\\/#organization\",\"name\":\"LiveMag\",\"alternateName\":\"LiveMag News ed eventi\",\"url\":\"https:\\\/\\\/www.livemag.it\\\/\",\"logo\":{\"@type\":\"ImageObject\",\"inLanguage\":\"it-IT\",\"@id\":\"https:\\\/\\\/www.livemag.it\\\/#\\\/schema\\\/logo\\\/image\\\/\",\"url\":\"https:\\\/\\\/www.livemag.it\\\/wp-content\\\/uploads\\\/2024\\\/02\\\/immagine-sito.jpg\",\"contentUrl\":\"https:\\\/\\\/www.livemag.it\\\/wp-content\\\/uploads\\\/2024\\\/02\\\/immagine-sito.jpg\",\"width\":696,\"height\":696,\"caption\":\"LiveMag\"},\"image\":{\"@id\":\"https:\\\/\\\/www.livemag.it\\\/#\\\/schema\\\/logo\\\/image\\\/\"},\"sameAs\":[\"https:\\\/\\\/www.facebook.com\\\/LiveMag\\\/\",\"https:\\\/\\\/x.com\\\/LiveNotizie\",\"https:\\\/\\\/www.instagram.com\\\/livemag\\\/\"]},{\"@type\":\"Person\",\"@id\":\"https:\\\/\\\/www.livemag.it\\\/#\\\/schema\\\/person\\\/b62c5f44451fdcdaeb0afe6c2424e73c\",\"name\":\"italpress\",\"image\":{\"@type\":\"ImageObject\",\"inLanguage\":\"it-IT\",\"@id\":\"https:\\\/\\\/secure.gravatar.com\\\/avatar\\\/b6a21695fc713ce7ee312cf57c97e2e641feb365be72d8745574d3c3e2b59066?s=96&r=g\",\"url\":\"https:\\\/\\\/secure.gravatar.com\\\/avatar\\\/b6a21695fc713ce7ee312cf57c97e2e641feb365be72d8745574d3c3e2b59066?s=96&r=g\",\"contentUrl\":\"https:\\\/\\\/secure.gravatar.com\\\/avatar\\\/b6a21695fc713ce7ee312cf57c97e2e641feb365be72d8745574d3c3e2b59066?s=96&r=g\",\"caption\":\"italpress\"},\"description\":\"Italpress \u00e8 un'agenzia di stampa italiana a carattere nazionale.\",\"url\":\"https:\\\/\\\/www.livemag.it\\\/index.php\\\/author\\\/italpress\\\/\"}]}<\/script>\n<!-- \/ Yoast SEO plugin. -->","yoast_head_json":{"title":"UnitelmaSapienza, a Firenze un nuovo polo didattico. Focus sull\u2019arte - Live Magazine","robots":{"index":"index","follow":"follow","max-snippet":"max-snippet:-1","max-image-preview":"max-image-preview:large","max-video-preview":"max-video-preview:-1"},"canonical":"https:\/\/www.livemag.it\/index.php\/2025\/11\/26\/unitelmasapienza-a-firenze-un-nuovo-polo-didattico-focus-sullarte\/","og_locale":"it_IT","og_type":"article","og_title":"UnitelmaSapienza, a Firenze un nuovo polo didattico. Focus sull\u2019arte - Live Magazine","og_description":"FIRENZE (ITALPRESS) \u2013 Un\u2019opportunit\u00e0 per i giovani e i professionisti del territorio di ottenere una formazione accessibile e di qualit\u00e0. Firenze e la sua provincia si arricchiscono di una sede d\u2019esame in presenza per gli studenti iscritti ai corsi di laurea: si \u00e8 svolta infatti questa mattina a Palazzo Gherardi la cerimonia di presentazione del [&hellip;]","og_url":"https:\/\/www.livemag.it\/index.php\/2025\/11\/26\/unitelmasapienza-a-firenze-un-nuovo-polo-didattico-focus-sullarte\/","og_site_name":"Live Magazine","article_publisher":"https:\/\/www.facebook.com\/LiveMag\/","article_published_time":"2025-11-26T20:02:38+00:00","og_image":[{"width":1200,"height":675,"url":"https:\/\/www.livemag.it\/wp-content\/uploads\/2024\/02\/ograph.jpg","type":"image\/jpeg"}],"author":"italpress","twitter_card":"summary_large_image","twitter_creator":"@LiveNotizie","twitter_site":"@LiveNotizie","twitter_misc":{"Scritto da":"italpress","Tempo di lettura stimato":"3 minuti"},"schema":{"@context":"https:\/\/schema.org","@graph":[{"@type":"Article","@id":"https:\/\/www.livemag.it\/index.php\/2025\/11\/26\/unitelmasapienza-a-firenze-un-nuovo-polo-didattico-focus-sullarte\/#article","isPartOf":{"@id":"https:\/\/www.livemag.it\/index.php\/2025\/11\/26\/unitelmasapienza-a-firenze-un-nuovo-polo-didattico-focus-sullarte\/"},"author":{"name":"italpress","@id":"https:\/\/www.livemag.it\/#\/schema\/person\/b62c5f44451fdcdaeb0afe6c2424e73c"},"headline":"UnitelmaSapienza, a Firenze un nuovo polo didattico. Focus sull\u2019arte","datePublished":"2025-11-26T20:02:38+00:00","mainEntityOfPage":{"@id":"https:\/\/www.livemag.it\/index.php\/2025\/11\/26\/unitelmasapienza-a-firenze-un-nuovo-polo-didattico-focus-sullarte\/"},"wordCount":702,"publisher":{"@id":"https:\/\/www.livemag.it\/#organization"},"image":{"@id":"https:\/\/www.livemag.it\/index.php\/2025\/11\/26\/unitelmasapienza-a-firenze-un-nuovo-polo-didattico-focus-sullarte\/#primaryimage"},"thumbnailUrl":"https:\/\/www.livemag.it\/wp-content\/uploads\/2025\/11\/20251126_1453.jpg","articleSection":["Mondo"],"inLanguage":"it-IT"},{"@type":"WebPage","@id":"https:\/\/www.livemag.it\/index.php\/2025\/11\/26\/unitelmasapienza-a-firenze-un-nuovo-polo-didattico-focus-sullarte\/","url":"https:\/\/www.livemag.it\/index.php\/2025\/11\/26\/unitelmasapienza-a-firenze-un-nuovo-polo-didattico-focus-sullarte\/","name":"UnitelmaSapienza, a Firenze un nuovo polo didattico. Focus sull\u2019arte - Live Magazine","isPartOf":{"@id":"https:\/\/www.livemag.it\/#website"},"primaryImageOfPage":{"@id":"https:\/\/www.livemag.it\/index.php\/2025\/11\/26\/unitelmasapienza-a-firenze-un-nuovo-polo-didattico-focus-sullarte\/#primaryimage"},"image":{"@id":"https:\/\/www.livemag.it\/index.php\/2025\/11\/26\/unitelmasapienza-a-firenze-un-nuovo-polo-didattico-focus-sullarte\/#primaryimage"},"thumbnailUrl":"https:\/\/www.livemag.it\/wp-content\/uploads\/2025\/11\/20251126_1453.jpg","datePublished":"2025-11-26T20:02:38+00:00","breadcrumb":{"@id":"https:\/\/www.livemag.it\/index.php\/2025\/11\/26\/unitelmasapienza-a-firenze-un-nuovo-polo-didattico-focus-sullarte\/#breadcrumb"},"inLanguage":"it-IT","potentialAction":[{"@type":"ReadAction","target":["https:\/\/www.livemag.it\/index.php\/2025\/11\/26\/unitelmasapienza-a-firenze-un-nuovo-polo-didattico-focus-sullarte\/"]}]},{"@type":"ImageObject","inLanguage":"it-IT","@id":"https:\/\/www.livemag.it\/index.php\/2025\/11\/26\/unitelmasapienza-a-firenze-un-nuovo-polo-didattico-focus-sullarte\/#primaryimage","url":"https:\/\/www.livemag.it\/wp-content\/uploads\/2025\/11\/20251126_1453.jpg","contentUrl":"https:\/\/www.livemag.it\/wp-content\/uploads\/2025\/11\/20251126_1453.jpg","width":1024,"height":768},{"@type":"BreadcrumbList","@id":"https:\/\/www.livemag.it\/index.php\/2025\/11\/26\/unitelmasapienza-a-firenze-un-nuovo-polo-didattico-focus-sullarte\/#breadcrumb","itemListElement":[{"@type":"ListItem","position":1,"name":"Home","item":"https:\/\/www.livemag.it\/"},{"@type":"ListItem","position":2,"name":"UnitelmaSapienza, a Firenze un nuovo polo didattico. Focus sull\u2019arte"}]},{"@type":"WebSite","@id":"https:\/\/www.livemag.it\/#website","url":"https:\/\/www.livemag.it\/","name":"Live Magazine","description":"Varie ed eventi","publisher":{"@id":"https:\/\/www.livemag.it\/#organization"},"potentialAction":[{"@type":"SearchAction","target":{"@type":"EntryPoint","urlTemplate":"https:\/\/www.livemag.it\/?s={search_term_string}"},"query-input":{"@type":"PropertyValueSpecification","valueRequired":true,"valueName":"search_term_string"}}],"inLanguage":"it-IT"},{"@type":"Organization","@id":"https:\/\/www.livemag.it\/#organization","name":"LiveMag","alternateName":"LiveMag News ed eventi","url":"https:\/\/www.livemag.it\/","logo":{"@type":"ImageObject","inLanguage":"it-IT","@id":"https:\/\/www.livemag.it\/#\/schema\/logo\/image\/","url":"https:\/\/www.livemag.it\/wp-content\/uploads\/2024\/02\/immagine-sito.jpg","contentUrl":"https:\/\/www.livemag.it\/wp-content\/uploads\/2024\/02\/immagine-sito.jpg","width":696,"height":696,"caption":"LiveMag"},"image":{"@id":"https:\/\/www.livemag.it\/#\/schema\/logo\/image\/"},"sameAs":["https:\/\/www.facebook.com\/LiveMag\/","https:\/\/x.com\/LiveNotizie","https:\/\/www.instagram.com\/livemag\/"]},{"@type":"Person","@id":"https:\/\/www.livemag.it\/#\/schema\/person\/b62c5f44451fdcdaeb0afe6c2424e73c","name":"italpress","image":{"@type":"ImageObject","inLanguage":"it-IT","@id":"https:\/\/secure.gravatar.com\/avatar\/b6a21695fc713ce7ee312cf57c97e2e641feb365be72d8745574d3c3e2b59066?s=96&r=g","url":"https:\/\/secure.gravatar.com\/avatar\/b6a21695fc713ce7ee312cf57c97e2e641feb365be72d8745574d3c3e2b59066?s=96&r=g","contentUrl":"https:\/\/secure.gravatar.com\/avatar\/b6a21695fc713ce7ee312cf57c97e2e641feb365be72d8745574d3c3e2b59066?s=96&r=g","caption":"italpress"},"description":"Italpress \u00e8 un'agenzia di stampa italiana a carattere nazionale.","url":"https:\/\/www.livemag.it\/index.php\/author\/italpress\/"}]}},"jetpack_featured_media_url":"https:\/\/www.livemag.it\/wp-content\/uploads\/2025\/11\/20251126_1453.jpg","_links":{"self":[{"href":"https:\/\/www.livemag.it\/index.php\/wp-json\/wp\/v2\/posts\/64268","targetHints":{"allow":["GET"]}}],"collection":[{"href":"https:\/\/www.livemag.it\/index.php\/wp-json\/wp\/v2\/posts"}],"about":[{"href":"https:\/\/www.livemag.it\/index.php\/wp-json\/wp\/v2\/types\/post"}],"author":[{"embeddable":true,"href":"https:\/\/www.livemag.it\/index.php\/wp-json\/wp\/v2\/users\/16"}],"replies":[{"embeddable":true,"href":"https:\/\/www.livemag.it\/index.php\/wp-json\/wp\/v2\/comments?post=64268"}],"version-history":[{"count":0,"href":"https:\/\/www.livemag.it\/index.php\/wp-json\/wp\/v2\/posts\/64268\/revisions"}],"wp:featuredmedia":[{"embeddable":true,"href":"https:\/\/www.livemag.it\/index.php\/wp-json\/wp\/v2\/media\/64269"}],"wp:attachment":[{"href":"https:\/\/www.livemag.it\/index.php\/wp-json\/wp\/v2\/media?parent=64268"}],"wp:term":[{"taxonomy":"category","embeddable":true,"href":"https:\/\/www.livemag.it\/index.php\/wp-json\/wp\/v2\/categories?post=64268"},{"taxonomy":"post_tag","embeddable":true,"href":"https:\/\/www.livemag.it\/index.php\/wp-json\/wp\/v2\/tags?post=64268"}],"curies":[{"name":"wp","href":"https:\/\/api.w.org\/{rel}","templated":true}]}}