{"id":64266,"date":"2025-11-26T21:02:36","date_gmt":"2025-11-26T20:02:36","guid":{"rendered":"https:\/\/www.livemag.it\/index.php\/2025\/11\/26\/gasperini-il-midtjylland-ci-fa-pensare-meno-al-napoli\/"},"modified":"2025-11-26T21:02:36","modified_gmt":"2025-11-26T20:02:36","slug":"gasperini-il-midtjylland-ci-fa-pensare-meno-al-napoli","status":"publish","type":"post","link":"https:\/\/www.livemag.it\/index.php\/2025\/11\/26\/gasperini-il-midtjylland-ci-fa-pensare-meno-al-napoli\/","title":{"rendered":"Gasperini \u201cIl Midtjylland ci fa pensare meno al Napoli\u201d"},"content":{"rendered":"<div>\n<p>ROMA (ITALPRESS) \u2013 <em><strong>\u201cQuesta partita ci fa pensare un p\u00f2 meno a quella di domenica,<\/strong> che \u00e8 attesa da tutti\u201d.<\/em> Cos\u00ec il tecnico della Roma, Gian Piero Gasperini, alla vigilia del match contro il Midtjylland in Europa League, gara che precede la sfida di domenica tra la capolista e il Napoli campione d\u2019Italia. <em><strong>\u201cIl clima che si \u00e8 creato \u00e8 contagioso, \u00e8 un clima di soddisfazione ma anche di consapevolezza.<\/strong> Nessuno fa proclami importanti, ma siamo consapevoli di vivere un bel momento e vogliamo farlo durare\u201d<\/em>, ha aggiunto a proposito del primo posto in campionato il tecnico giallorosso che poi si concentra sui danesi. <em>\u201cIl Midtjylland \u00e8 una bella squadra che gioca un buon calcio, con alcuni giovani interessanti. Sar\u00e0 una partita bella e aperta. Il calcio scandinavo \u00e8 in crescita, sono paesi che lavorano bene, hanno fisicit\u00e0 da sempre, ma a quell\u2019aspetto hanno abbinato giocatori di qualit\u00e0 e di tecnica. Si sono evoluti bene, lo dimostrano i risultati delle nazionali ma anche quelli dei club. Non c\u2019\u00e8 pi\u00f9 grande differenza con gli altri campionati\u201d.<\/em><\/p>\n<p>Per quel che riguarda l\u2019infermeria, arrivano notizie confortanti. <em><strong>\u201cDybala e Bailey? L\u2019importante \u00e8 che siano guariti.<\/strong> Ieri hanno svolto il primo allenamento con la squadra, oggi sar\u00e0 il secondo. <strong>Se tutto va bene, saranno a disposizione.<\/strong> Poi il minutaggio \u00e8 relativo, conta che stiano bene. Anche Hermoso ieri ha fatto molto bene. Se li convoco, \u00e8 perch\u00e8 sono in grado di giocare\u201d<\/em>. Sulla partenza di Ndicka ed El Aynaoui per la Coppa d\u2019Africa, che scatter\u00e0 il 21 dicembre, l\u2019allenatore giallorosso dice: <em>\u201cDovrebbero andare via una settimana prima dell\u2019inizio della competizione. Gi\u00e0 con il Como non saranno a disposizione, dovremo valutare per il gioved\u00ec di Europa League. Mi dispiace perdere due giocatori cos\u00ec importanti. Per\u00f2 utilizzeremo le nostre risorse che sono numerose e ampie\u201d.<\/em><\/p>\n<p>Del Gasp ha parlato il centrocampista<strong> Bryan Cristante<\/strong>. <em><strong>\u201cHo ritrovato Gasperini come l\u2019avevo lasciato a Bergamo<\/strong>. Sapevo che sarebbe arrivato un allenatore forte, che ci avrebbe insegnato tanto. L\u2019importante era seguirlo e ascoltarlo e la squadra \u00e8 stata brava a farlo dal primo giorno. Sulle qualit\u00e0 del mister c\u2019\u00e8 poco da dire: le ha dimostrate sempre, prima di Bergamo, poi all\u2019Atalanta e ora anche qui\u201d.<\/em><\/p>\n<p>\u2013 Foto Ipa Agency \u2013<br \/>\n(ITALPRESS).<\/p>\n<\/div>\n","protected":false},"excerpt":{"rendered":"<p>ROMA (ITALPRESS) \u2013 \u201cQuesta partita ci fa pensare un p\u00f2 meno a quella di domenica, che \u00e8 attesa da tutti\u201d. Cos\u00ec il tecnico della Roma, Gian Piero Gasperini, alla vigilia del match contro il Midtjylland in Europa League, gara che precede la sfida di domenica tra la capolista e il Napoli campione d\u2019Italia. \u201cIl clima [&hellip;]<\/p>\n","protected":false},"author":16,"featured_media":64267,"comment_status":"closed","ping_status":"closed","sticky":false,"template":"","format":"standard","meta":{"jnews-multi-image_gallery":[],"jnews_single_post":[],"jnews_primary_category":[],"jnews_social_meta":[],"jnews_override_counter":[],"jnews_post_split":[],"footnotes":""},"categories":[1129],"tags":[],"class_list":["post-64266","post","type-post","status-publish","format-standard","has-post-thumbnail","hentry","category-mondo"],"yoast_head":"<!-- This site is optimized with the Yoast SEO plugin v27.5 - https:\/\/yoast.com\/product\/yoast-seo-wordpress\/ -->\n<title>Gasperini \u201cIl Midtjylland ci fa pensare meno al Napoli\u201d - Live Magazine<\/title>\n<meta name=\"robots\" content=\"index, follow, max-snippet:-1, max-image-preview:large, max-video-preview:-1\" \/>\n<link rel=\"canonical\" href=\"https:\/\/www.livemag.it\/index.php\/2025\/11\/26\/gasperini-il-midtjylland-ci-fa-pensare-meno-al-napoli\/\" \/>\n<meta property=\"og:locale\" content=\"it_IT\" \/>\n<meta property=\"og:type\" content=\"article\" \/>\n<meta property=\"og:title\" content=\"Gasperini \u201cIl Midtjylland ci fa pensare meno al Napoli\u201d - Live Magazine\" \/>\n<meta property=\"og:description\" content=\"ROMA (ITALPRESS) \u2013 \u201cQuesta partita ci fa pensare un p\u00f2 meno a quella di domenica, che \u00e8 attesa da tutti\u201d. Cos\u00ec il tecnico della Roma, Gian Piero Gasperini, alla vigilia del match contro il Midtjylland in Europa League, gara che precede la sfida di domenica tra la capolista e il Napoli campione d\u2019Italia. \u201cIl clima [&hellip;]\" \/>\n<meta property=\"og:url\" content=\"https:\/\/www.livemag.it\/index.php\/2025\/11\/26\/gasperini-il-midtjylland-ci-fa-pensare-meno-al-napoli\/\" \/>\n<meta property=\"og:site_name\" content=\"Live Magazine\" \/>\n<meta property=\"article:publisher\" content=\"https:\/\/www.facebook.com\/LiveMag\/\" \/>\n<meta property=\"article:published_time\" content=\"2025-11-26T20:02:36+00:00\" \/>\n<meta property=\"og:image\" content=\"https:\/\/www.livemag.it\/wp-content\/uploads\/2024\/02\/ograph.jpg\" \/>\n\t<meta property=\"og:image:width\" content=\"1200\" \/>\n\t<meta property=\"og:image:height\" content=\"675\" \/>\n\t<meta property=\"og:image:type\" content=\"image\/jpeg\" \/>\n<meta name=\"author\" content=\"italpress\" \/>\n<meta name=\"twitter:card\" content=\"summary_large_image\" \/>\n<meta name=\"twitter:creator\" content=\"@LiveNotizie\" \/>\n<meta name=\"twitter:site\" content=\"@LiveNotizie\" \/>\n<meta name=\"twitter:label1\" content=\"Scritto da\" \/>\n\t<meta name=\"twitter:data1\" content=\"italpress\" \/>\n\t<meta name=\"twitter:label2\" content=\"Tempo di lettura stimato\" \/>\n\t<meta name=\"twitter:data2\" content=\"2 minuti\" \/>\n<script type=\"application\/ld+json\" class=\"yoast-schema-graph\">{\"@context\":\"https:\\\/\\\/schema.org\",\"@graph\":[{\"@type\":\"Article\",\"@id\":\"https:\\\/\\\/www.livemag.it\\\/index.php\\\/2025\\\/11\\\/26\\\/gasperini-il-midtjylland-ci-fa-pensare-meno-al-napoli\\\/#article\",\"isPartOf\":{\"@id\":\"https:\\\/\\\/www.livemag.it\\\/index.php\\\/2025\\\/11\\\/26\\\/gasperini-il-midtjylland-ci-fa-pensare-meno-al-napoli\\\/\"},\"author\":{\"name\":\"italpress\",\"@id\":\"https:\\\/\\\/www.livemag.it\\\/#\\\/schema\\\/person\\\/b62c5f44451fdcdaeb0afe6c2424e73c\"},\"headline\":\"Gasperini \u201cIl Midtjylland ci fa pensare meno al Napoli\u201d\",\"datePublished\":\"2025-11-26T20:02:36+00:00\",\"mainEntityOfPage\":{\"@id\":\"https:\\\/\\\/www.livemag.it\\\/index.php\\\/2025\\\/11\\\/26\\\/gasperini-il-midtjylland-ci-fa-pensare-meno-al-napoli\\\/\"},\"wordCount\":374,\"publisher\":{\"@id\":\"https:\\\/\\\/www.livemag.it\\\/#organization\"},\"image\":{\"@id\":\"https:\\\/\\\/www.livemag.it\\\/index.php\\\/2025\\\/11\\\/26\\\/gasperini-il-midtjylland-ci-fa-pensare-meno-al-napoli\\\/#primaryimage\"},\"thumbnailUrl\":\"https:\\\/\\\/www.livemag.it\\\/wp-content\\\/uploads\\\/2025\\\/11\\\/20251126_1291.jpg\",\"articleSection\":[\"Mondo\"],\"inLanguage\":\"it-IT\"},{\"@type\":\"WebPage\",\"@id\":\"https:\\\/\\\/www.livemag.it\\\/index.php\\\/2025\\\/11\\\/26\\\/gasperini-il-midtjylland-ci-fa-pensare-meno-al-napoli\\\/\",\"url\":\"https:\\\/\\\/www.livemag.it\\\/index.php\\\/2025\\\/11\\\/26\\\/gasperini-il-midtjylland-ci-fa-pensare-meno-al-napoli\\\/\",\"name\":\"Gasperini \u201cIl Midtjylland ci fa pensare meno al Napoli\u201d - Live Magazine\",\"isPartOf\":{\"@id\":\"https:\\\/\\\/www.livemag.it\\\/#website\"},\"primaryImageOfPage\":{\"@id\":\"https:\\\/\\\/www.livemag.it\\\/index.php\\\/2025\\\/11\\\/26\\\/gasperini-il-midtjylland-ci-fa-pensare-meno-al-napoli\\\/#primaryimage\"},\"image\":{\"@id\":\"https:\\\/\\\/www.livemag.it\\\/index.php\\\/2025\\\/11\\\/26\\\/gasperini-il-midtjylland-ci-fa-pensare-meno-al-napoli\\\/#primaryimage\"},\"thumbnailUrl\":\"https:\\\/\\\/www.livemag.it\\\/wp-content\\\/uploads\\\/2025\\\/11\\\/20251126_1291.jpg\",\"datePublished\":\"2025-11-26T20:02:36+00:00\",\"breadcrumb\":{\"@id\":\"https:\\\/\\\/www.livemag.it\\\/index.php\\\/2025\\\/11\\\/26\\\/gasperini-il-midtjylland-ci-fa-pensare-meno-al-napoli\\\/#breadcrumb\"},\"inLanguage\":\"it-IT\",\"potentialAction\":[{\"@type\":\"ReadAction\",\"target\":[\"https:\\\/\\\/www.livemag.it\\\/index.php\\\/2025\\\/11\\\/26\\\/gasperini-il-midtjylland-ci-fa-pensare-meno-al-napoli\\\/\"]}]},{\"@type\":\"ImageObject\",\"inLanguage\":\"it-IT\",\"@id\":\"https:\\\/\\\/www.livemag.it\\\/index.php\\\/2025\\\/11\\\/26\\\/gasperini-il-midtjylland-ci-fa-pensare-meno-al-napoli\\\/#primaryimage\",\"url\":\"https:\\\/\\\/www.livemag.it\\\/wp-content\\\/uploads\\\/2025\\\/11\\\/20251126_1291.jpg\",\"contentUrl\":\"https:\\\/\\\/www.livemag.it\\\/wp-content\\\/uploads\\\/2025\\\/11\\\/20251126_1291.jpg\",\"width\":1200,\"height\":800},{\"@type\":\"BreadcrumbList\",\"@id\":\"https:\\\/\\\/www.livemag.it\\\/index.php\\\/2025\\\/11\\\/26\\\/gasperini-il-midtjylland-ci-fa-pensare-meno-al-napoli\\\/#breadcrumb\",\"itemListElement\":[{\"@type\":\"ListItem\",\"position\":1,\"name\":\"Home\",\"item\":\"https:\\\/\\\/www.livemag.it\\\/\"},{\"@type\":\"ListItem\",\"position\":2,\"name\":\"Gasperini \u201cIl Midtjylland ci fa pensare meno al Napoli\u201d\"}]},{\"@type\":\"WebSite\",\"@id\":\"https:\\\/\\\/www.livemag.it\\\/#website\",\"url\":\"https:\\\/\\\/www.livemag.it\\\/\",\"name\":\"Live Magazine\",\"description\":\"Varie ed eventi\",\"publisher\":{\"@id\":\"https:\\\/\\\/www.livemag.it\\\/#organization\"},\"potentialAction\":[{\"@type\":\"SearchAction\",\"target\":{\"@type\":\"EntryPoint\",\"urlTemplate\":\"https:\\\/\\\/www.livemag.it\\\/?s={search_term_string}\"},\"query-input\":{\"@type\":\"PropertyValueSpecification\",\"valueRequired\":true,\"valueName\":\"search_term_string\"}}],\"inLanguage\":\"it-IT\"},{\"@type\":\"Organization\",\"@id\":\"https:\\\/\\\/www.livemag.it\\\/#organization\",\"name\":\"LiveMag\",\"alternateName\":\"LiveMag News ed eventi\",\"url\":\"https:\\\/\\\/www.livemag.it\\\/\",\"logo\":{\"@type\":\"ImageObject\",\"inLanguage\":\"it-IT\",\"@id\":\"https:\\\/\\\/www.livemag.it\\\/#\\\/schema\\\/logo\\\/image\\\/\",\"url\":\"https:\\\/\\\/www.livemag.it\\\/wp-content\\\/uploads\\\/2024\\\/02\\\/immagine-sito.jpg\",\"contentUrl\":\"https:\\\/\\\/www.livemag.it\\\/wp-content\\\/uploads\\\/2024\\\/02\\\/immagine-sito.jpg\",\"width\":696,\"height\":696,\"caption\":\"LiveMag\"},\"image\":{\"@id\":\"https:\\\/\\\/www.livemag.it\\\/#\\\/schema\\\/logo\\\/image\\\/\"},\"sameAs\":[\"https:\\\/\\\/www.facebook.com\\\/LiveMag\\\/\",\"https:\\\/\\\/x.com\\\/LiveNotizie\",\"https:\\\/\\\/www.instagram.com\\\/livemag\\\/\"]},{\"@type\":\"Person\",\"@id\":\"https:\\\/\\\/www.livemag.it\\\/#\\\/schema\\\/person\\\/b62c5f44451fdcdaeb0afe6c2424e73c\",\"name\":\"italpress\",\"image\":{\"@type\":\"ImageObject\",\"inLanguage\":\"it-IT\",\"@id\":\"https:\\\/\\\/secure.gravatar.com\\\/avatar\\\/b6a21695fc713ce7ee312cf57c97e2e641feb365be72d8745574d3c3e2b59066?s=96&r=g\",\"url\":\"https:\\\/\\\/secure.gravatar.com\\\/avatar\\\/b6a21695fc713ce7ee312cf57c97e2e641feb365be72d8745574d3c3e2b59066?s=96&r=g\",\"contentUrl\":\"https:\\\/\\\/secure.gravatar.com\\\/avatar\\\/b6a21695fc713ce7ee312cf57c97e2e641feb365be72d8745574d3c3e2b59066?s=96&r=g\",\"caption\":\"italpress\"},\"description\":\"Italpress \u00e8 un'agenzia di stampa italiana a carattere nazionale.\",\"url\":\"https:\\\/\\\/www.livemag.it\\\/index.php\\\/author\\\/italpress\\\/\"}]}<\/script>\n<!-- \/ Yoast SEO plugin. -->","yoast_head_json":{"title":"Gasperini \u201cIl Midtjylland ci fa pensare meno al Napoli\u201d - Live Magazine","robots":{"index":"index","follow":"follow","max-snippet":"max-snippet:-1","max-image-preview":"max-image-preview:large","max-video-preview":"max-video-preview:-1"},"canonical":"https:\/\/www.livemag.it\/index.php\/2025\/11\/26\/gasperini-il-midtjylland-ci-fa-pensare-meno-al-napoli\/","og_locale":"it_IT","og_type":"article","og_title":"Gasperini \u201cIl Midtjylland ci fa pensare meno al Napoli\u201d - Live Magazine","og_description":"ROMA (ITALPRESS) \u2013 \u201cQuesta partita ci fa pensare un p\u00f2 meno a quella di domenica, che \u00e8 attesa da tutti\u201d. Cos\u00ec il tecnico della Roma, Gian Piero Gasperini, alla vigilia del match contro il Midtjylland in Europa League, gara che precede la sfida di domenica tra la capolista e il Napoli campione d\u2019Italia. \u201cIl clima [&hellip;]","og_url":"https:\/\/www.livemag.it\/index.php\/2025\/11\/26\/gasperini-il-midtjylland-ci-fa-pensare-meno-al-napoli\/","og_site_name":"Live Magazine","article_publisher":"https:\/\/www.facebook.com\/LiveMag\/","article_published_time":"2025-11-26T20:02:36+00:00","og_image":[{"width":1200,"height":675,"url":"https:\/\/www.livemag.it\/wp-content\/uploads\/2024\/02\/ograph.jpg","type":"image\/jpeg"}],"author":"italpress","twitter_card":"summary_large_image","twitter_creator":"@LiveNotizie","twitter_site":"@LiveNotizie","twitter_misc":{"Scritto da":"italpress","Tempo di lettura stimato":"2 minuti"},"schema":{"@context":"https:\/\/schema.org","@graph":[{"@type":"Article","@id":"https:\/\/www.livemag.it\/index.php\/2025\/11\/26\/gasperini-il-midtjylland-ci-fa-pensare-meno-al-napoli\/#article","isPartOf":{"@id":"https:\/\/www.livemag.it\/index.php\/2025\/11\/26\/gasperini-il-midtjylland-ci-fa-pensare-meno-al-napoli\/"},"author":{"name":"italpress","@id":"https:\/\/www.livemag.it\/#\/schema\/person\/b62c5f44451fdcdaeb0afe6c2424e73c"},"headline":"Gasperini \u201cIl Midtjylland ci fa pensare meno al Napoli\u201d","datePublished":"2025-11-26T20:02:36+00:00","mainEntityOfPage":{"@id":"https:\/\/www.livemag.it\/index.php\/2025\/11\/26\/gasperini-il-midtjylland-ci-fa-pensare-meno-al-napoli\/"},"wordCount":374,"publisher":{"@id":"https:\/\/www.livemag.it\/#organization"},"image":{"@id":"https:\/\/www.livemag.it\/index.php\/2025\/11\/26\/gasperini-il-midtjylland-ci-fa-pensare-meno-al-napoli\/#primaryimage"},"thumbnailUrl":"https:\/\/www.livemag.it\/wp-content\/uploads\/2025\/11\/20251126_1291.jpg","articleSection":["Mondo"],"inLanguage":"it-IT"},{"@type":"WebPage","@id":"https:\/\/www.livemag.it\/index.php\/2025\/11\/26\/gasperini-il-midtjylland-ci-fa-pensare-meno-al-napoli\/","url":"https:\/\/www.livemag.it\/index.php\/2025\/11\/26\/gasperini-il-midtjylland-ci-fa-pensare-meno-al-napoli\/","name":"Gasperini \u201cIl Midtjylland ci fa pensare meno al Napoli\u201d - Live Magazine","isPartOf":{"@id":"https:\/\/www.livemag.it\/#website"},"primaryImageOfPage":{"@id":"https:\/\/www.livemag.it\/index.php\/2025\/11\/26\/gasperini-il-midtjylland-ci-fa-pensare-meno-al-napoli\/#primaryimage"},"image":{"@id":"https:\/\/www.livemag.it\/index.php\/2025\/11\/26\/gasperini-il-midtjylland-ci-fa-pensare-meno-al-napoli\/#primaryimage"},"thumbnailUrl":"https:\/\/www.livemag.it\/wp-content\/uploads\/2025\/11\/20251126_1291.jpg","datePublished":"2025-11-26T20:02:36+00:00","breadcrumb":{"@id":"https:\/\/www.livemag.it\/index.php\/2025\/11\/26\/gasperini-il-midtjylland-ci-fa-pensare-meno-al-napoli\/#breadcrumb"},"inLanguage":"it-IT","potentialAction":[{"@type":"ReadAction","target":["https:\/\/www.livemag.it\/index.php\/2025\/11\/26\/gasperini-il-midtjylland-ci-fa-pensare-meno-al-napoli\/"]}]},{"@type":"ImageObject","inLanguage":"it-IT","@id":"https:\/\/www.livemag.it\/index.php\/2025\/11\/26\/gasperini-il-midtjylland-ci-fa-pensare-meno-al-napoli\/#primaryimage","url":"https:\/\/www.livemag.it\/wp-content\/uploads\/2025\/11\/20251126_1291.jpg","contentUrl":"https:\/\/www.livemag.it\/wp-content\/uploads\/2025\/11\/20251126_1291.jpg","width":1200,"height":800},{"@type":"BreadcrumbList","@id":"https:\/\/www.livemag.it\/index.php\/2025\/11\/26\/gasperini-il-midtjylland-ci-fa-pensare-meno-al-napoli\/#breadcrumb","itemListElement":[{"@type":"ListItem","position":1,"name":"Home","item":"https:\/\/www.livemag.it\/"},{"@type":"ListItem","position":2,"name":"Gasperini \u201cIl Midtjylland ci fa pensare meno al Napoli\u201d"}]},{"@type":"WebSite","@id":"https:\/\/www.livemag.it\/#website","url":"https:\/\/www.livemag.it\/","name":"Live Magazine","description":"Varie ed eventi","publisher":{"@id":"https:\/\/www.livemag.it\/#organization"},"potentialAction":[{"@type":"SearchAction","target":{"@type":"EntryPoint","urlTemplate":"https:\/\/www.livemag.it\/?s={search_term_string}"},"query-input":{"@type":"PropertyValueSpecification","valueRequired":true,"valueName":"search_term_string"}}],"inLanguage":"it-IT"},{"@type":"Organization","@id":"https:\/\/www.livemag.it\/#organization","name":"LiveMag","alternateName":"LiveMag News ed eventi","url":"https:\/\/www.livemag.it\/","logo":{"@type":"ImageObject","inLanguage":"it-IT","@id":"https:\/\/www.livemag.it\/#\/schema\/logo\/image\/","url":"https:\/\/www.livemag.it\/wp-content\/uploads\/2024\/02\/immagine-sito.jpg","contentUrl":"https:\/\/www.livemag.it\/wp-content\/uploads\/2024\/02\/immagine-sito.jpg","width":696,"height":696,"caption":"LiveMag"},"image":{"@id":"https:\/\/www.livemag.it\/#\/schema\/logo\/image\/"},"sameAs":["https:\/\/www.facebook.com\/LiveMag\/","https:\/\/x.com\/LiveNotizie","https:\/\/www.instagram.com\/livemag\/"]},{"@type":"Person","@id":"https:\/\/www.livemag.it\/#\/schema\/person\/b62c5f44451fdcdaeb0afe6c2424e73c","name":"italpress","image":{"@type":"ImageObject","inLanguage":"it-IT","@id":"https:\/\/secure.gravatar.com\/avatar\/b6a21695fc713ce7ee312cf57c97e2e641feb365be72d8745574d3c3e2b59066?s=96&r=g","url":"https:\/\/secure.gravatar.com\/avatar\/b6a21695fc713ce7ee312cf57c97e2e641feb365be72d8745574d3c3e2b59066?s=96&r=g","contentUrl":"https:\/\/secure.gravatar.com\/avatar\/b6a21695fc713ce7ee312cf57c97e2e641feb365be72d8745574d3c3e2b59066?s=96&r=g","caption":"italpress"},"description":"Italpress \u00e8 un'agenzia di stampa italiana a carattere nazionale.","url":"https:\/\/www.livemag.it\/index.php\/author\/italpress\/"}]}},"jetpack_featured_media_url":"https:\/\/www.livemag.it\/wp-content\/uploads\/2025\/11\/20251126_1291.jpg","_links":{"self":[{"href":"https:\/\/www.livemag.it\/index.php\/wp-json\/wp\/v2\/posts\/64266","targetHints":{"allow":["GET"]}}],"collection":[{"href":"https:\/\/www.livemag.it\/index.php\/wp-json\/wp\/v2\/posts"}],"about":[{"href":"https:\/\/www.livemag.it\/index.php\/wp-json\/wp\/v2\/types\/post"}],"author":[{"embeddable":true,"href":"https:\/\/www.livemag.it\/index.php\/wp-json\/wp\/v2\/users\/16"}],"replies":[{"embeddable":true,"href":"https:\/\/www.livemag.it\/index.php\/wp-json\/wp\/v2\/comments?post=64266"}],"version-history":[{"count":0,"href":"https:\/\/www.livemag.it\/index.php\/wp-json\/wp\/v2\/posts\/64266\/revisions"}],"wp:featuredmedia":[{"embeddable":true,"href":"https:\/\/www.livemag.it\/index.php\/wp-json\/wp\/v2\/media\/64267"}],"wp:attachment":[{"href":"https:\/\/www.livemag.it\/index.php\/wp-json\/wp\/v2\/media?parent=64266"}],"wp:term":[{"taxonomy":"category","embeddable":true,"href":"https:\/\/www.livemag.it\/index.php\/wp-json\/wp\/v2\/categories?post=64266"},{"taxonomy":"post_tag","embeddable":true,"href":"https:\/\/www.livemag.it\/index.php\/wp-json\/wp\/v2\/tags?post=64266"}],"curies":[{"name":"wp","href":"https:\/\/api.w.org\/{rel}","templated":true}]}}