{"id":64262,"date":"2025-11-26T18:02:47","date_gmt":"2025-11-26T17:02:47","guid":{"rendered":"https:\/\/www.livemag.it\/index.php\/2025\/11\/26\/minori-e-social-media-parlamento-ue-chiede-di-fissare-leta-minima-a-16-anni\/"},"modified":"2025-11-26T18:02:47","modified_gmt":"2025-11-26T17:02:47","slug":"minori-e-social-media-parlamento-ue-chiede-di-fissare-leta-minima-a-16-anni","status":"publish","type":"post","link":"https:\/\/www.livemag.it\/index.php\/2025\/11\/26\/minori-e-social-media-parlamento-ue-chiede-di-fissare-leta-minima-a-16-anni\/","title":{"rendered":"Minori e social media, Parlamento Ue chiede di fissare l\u2019et\u00e0 minima a 16 anni"},"content":{"rendered":"<div>\n<p>STRASBURGO (FRANCIA) (ITALPRESS) \u2013 Il Parlamento Europeo ha approvato con 483 voti favorevoli, 92 voti contrari e 86 astensioni una risoluzione, non vincolante, in cui esprimono forti preoccupazioni per la salute fisica e mentale dei minori online e chiedono maggiori tutele contro le strategie manipolative che possono accresce la dipendenza e incidere negativamente sulla loro capacit\u00e0 di concentrarsi e interagire in modo sano con i contenuti digitali.<br \/>Per aiutare i genitori a gestire la presenza digitale dei loro figli e garantire interazioni online adeguate all\u2019et\u00e0, il Parlamento propone di fissare a 16 anni il limite minimo di et\u00e0 nell\u2019UE per accedere a social media, piattaforme per la condivisione di video e compagni virtuali basati sull\u2019IA, lasciando aperta la possibilit\u00e0 ai minori tra i 13 e i 16 anni di accedervi su autorizzazione dei genitori.<br \/>I deputati accolgono con favore gli sforzi della Commissione per sviluppare un\u2019app dell\u2019UE per la verifica dell\u2019et\u00e0 e il portafoglio europeo di identit\u00e0 digitale (eID). Sottolineano per\u00f2 che i sistemi di garanzia dell\u2019et\u00e0 devono essere accurati e rispettare la privacy di ragazzi e ragazze. Questi sistemi, inoltre, non sollevano le piattaforme dalla responsabilit\u00e0 di garantire che i loro prodotti siano sicuri e appropriati per i minori.<br \/>Per incentivare una migliore conformit\u00e0 con il regolamento sui servizi digitali e con altre norme in materia, i deputati propongono di far s\u00ec che l\u2019alta dirigenza possa essere chiamata a rispondere personalmente in caso di grave e persistente inosservanza delle disposizioni, soprattutto quelle legate alla protezione dei minori e alla verifica dell\u2019et\u00e0.<br \/>Il Parlamento chiede anche di vietare le pratiche di dipendenza pi\u00f9 dannose e disattivare per impostazione predefinita altre caratteristiche che creano dipendenza per i minori, tra cui scorrimento infinito, riproduzione automatica, aggiornamento tramite trascinamento verso il basso, cicli di ricompensa e pratiche dannose di gamification (o ludificazione); vietare i siti web che non rispettano le norme dell\u2019UE; intervenire per contrastare le tecnologie persuasive, come annunci mirati, pubblicit\u00e0 degli influencer, progettazione che crea dipendenza e percorsi oscuri, nell\u2019ambito dell\u2019imminente legge sull\u2019equit\u00e0 digitale; vietare i sistemi di raccomandazione basati sul coinvolgimento per i minori; applicare le norme del regolamento sui servizi digitali alle piattaforme di videogiochi online e vietare scatole premio e altri contenuti randomizzati, come valute interne all\u2019app, ruote della fortuna e meccanismi pay-to-progress (vale a dire quelli che spingono l\u2019utente a spendere denaro per avanzare pi\u00f9 rapidamente); tutelare i minori dallo sfruttamento commerciale, anche vietando alle piattaforme di fornire incentivi finanziari per i bambini influencer; affrontare con urgenza le sfide etiche e giuridiche poste dagli strumenti di intelligenza artificiale generativa, come deepfake, chatbot da compagnia, agenti di IA e app per denudare basate sull\u2019IA (che generano immagini manipolate di persone senza il loro consenso).<br \/>\u201cSono orgogliosa di questo Parlamento, del fatto che sappiamo unirci per proteggere i minori online \u2013 ha detto la relatrice Christel Schaldemose (S&amp;D) durante il dibattito in plenaria -. Insieme a un\u2019applicazione rigorosa e coerente del regolamento sui servizi digitali (DSA), queste misure innalzeranno in modo significativo il livello di tutela dei bambini. Stiamo finalmente tracciando un limite. Diciamo chiaramente alle piattaforme: i vostri servizi non sono pensati per i minori. E questo esperimento finisce qui\u201d.<br \/>Il 97% dei giovani usa Internet ogni giorno e il 78% dei minori tra i 13 e i 17 anni controlla i propri dispositivi almeno una volta all\u2019ora. Allo stesso tempo, un minore su quattro fa un uso \u201cproblematico\u201d o \u201cdisfunzionale\u201d dello smartphone, ossia presenta dinamiche comportamentali affini alla dipendenza.<br \/>Secondo l\u2019Eurobarometro 2025, pi\u00f9 del 90% degli europei ritiene urgente intervenire per proteggere i minori online, in particolare per quanto riguarda l\u2019impatto negativo dei social media sulla loro salute mentale (93%), il bullismo online (92 %) e la necessit\u00e0 di strumenti efficaci per limitare i contenuti inadatti alla loro et\u00e0 (92%).<br \/>Gli Stati membri stanno iniziando a intervenire e reagire con misure come limiti di et\u00e0 e sistemi di verifica.<\/p>\n<p>\u2013 Foto IPA Agency \u2013<\/p>\n<p>(ITALPRESS).<\/p>\n<\/div>\n","protected":false},"excerpt":{"rendered":"<p>STRASBURGO (FRANCIA) (ITALPRESS) \u2013 Il Parlamento Europeo ha approvato con 483 voti favorevoli, 92 voti contrari e 86 astensioni una risoluzione, non vincolante, in cui esprimono forti preoccupazioni per la salute fisica e mentale dei minori online e chiedono maggiori tutele contro le strategie manipolative che possono accresce la dipendenza e incidere negativamente sulla loro [&hellip;]<\/p>\n","protected":false},"author":16,"featured_media":64263,"comment_status":"closed","ping_status":"closed","sticky":false,"template":"","format":"standard","meta":{"jnews-multi-image_gallery":[],"jnews_single_post":[],"jnews_primary_category":[],"jnews_social_meta":[],"jnews_override_counter":[],"jnews_post_split":[],"footnotes":""},"categories":[1129],"tags":[],"class_list":["post-64262","post","type-post","status-publish","format-standard","has-post-thumbnail","hentry","category-mondo"],"yoast_head":"<!-- This site is optimized with the Yoast SEO plugin v27.5 - https:\/\/yoast.com\/product\/yoast-seo-wordpress\/ -->\n<title>Minori e social media, Parlamento Ue chiede di fissare l\u2019et\u00e0 minima a 16 anni - Live Magazine<\/title>\n<meta name=\"robots\" content=\"index, follow, max-snippet:-1, max-image-preview:large, max-video-preview:-1\" \/>\n<link rel=\"canonical\" href=\"https:\/\/www.livemag.it\/index.php\/2025\/11\/26\/minori-e-social-media-parlamento-ue-chiede-di-fissare-leta-minima-a-16-anni\/\" \/>\n<meta property=\"og:locale\" content=\"it_IT\" \/>\n<meta property=\"og:type\" content=\"article\" \/>\n<meta property=\"og:title\" content=\"Minori e social media, Parlamento Ue chiede di fissare l\u2019et\u00e0 minima a 16 anni - Live Magazine\" \/>\n<meta property=\"og:description\" content=\"STRASBURGO (FRANCIA) (ITALPRESS) \u2013 Il Parlamento Europeo ha approvato con 483 voti favorevoli, 92 voti contrari e 86 astensioni una risoluzione, non vincolante, in cui esprimono forti preoccupazioni per la salute fisica e mentale dei minori online e chiedono maggiori tutele contro le strategie manipolative che possono accresce la dipendenza e incidere negativamente sulla loro [&hellip;]\" \/>\n<meta property=\"og:url\" content=\"https:\/\/www.livemag.it\/index.php\/2025\/11\/26\/minori-e-social-media-parlamento-ue-chiede-di-fissare-leta-minima-a-16-anni\/\" \/>\n<meta property=\"og:site_name\" content=\"Live Magazine\" \/>\n<meta property=\"article:publisher\" content=\"https:\/\/www.facebook.com\/LiveMag\/\" \/>\n<meta property=\"article:published_time\" content=\"2025-11-26T17:02:47+00:00\" \/>\n<meta property=\"og:image\" content=\"https:\/\/www.livemag.it\/wp-content\/uploads\/2024\/02\/ograph.jpg\" \/>\n\t<meta property=\"og:image:width\" content=\"1200\" \/>\n\t<meta property=\"og:image:height\" content=\"675\" \/>\n\t<meta property=\"og:image:type\" content=\"image\/jpeg\" \/>\n<meta name=\"author\" content=\"italpress\" \/>\n<meta name=\"twitter:card\" content=\"summary_large_image\" \/>\n<meta name=\"twitter:creator\" content=\"@LiveNotizie\" \/>\n<meta name=\"twitter:site\" content=\"@LiveNotizie\" \/>\n<meta name=\"twitter:label1\" content=\"Scritto da\" \/>\n\t<meta name=\"twitter:data1\" content=\"italpress\" \/>\n\t<meta name=\"twitter:label2\" content=\"Tempo di lettura stimato\" \/>\n\t<meta name=\"twitter:data2\" content=\"3 minuti\" \/>\n<script type=\"application\/ld+json\" class=\"yoast-schema-graph\">{\"@context\":\"https:\\\/\\\/schema.org\",\"@graph\":[{\"@type\":\"Article\",\"@id\":\"https:\\\/\\\/www.livemag.it\\\/index.php\\\/2025\\\/11\\\/26\\\/minori-e-social-media-parlamento-ue-chiede-di-fissare-leta-minima-a-16-anni\\\/#article\",\"isPartOf\":{\"@id\":\"https:\\\/\\\/www.livemag.it\\\/index.php\\\/2025\\\/11\\\/26\\\/minori-e-social-media-parlamento-ue-chiede-di-fissare-leta-minima-a-16-anni\\\/\"},\"author\":{\"name\":\"italpress\",\"@id\":\"https:\\\/\\\/www.livemag.it\\\/#\\\/schema\\\/person\\\/b62c5f44451fdcdaeb0afe6c2424e73c\"},\"headline\":\"Minori e social media, Parlamento Ue chiede di fissare l\u2019et\u00e0 minima a 16 anni\",\"datePublished\":\"2025-11-26T17:02:47+00:00\",\"mainEntityOfPage\":{\"@id\":\"https:\\\/\\\/www.livemag.it\\\/index.php\\\/2025\\\/11\\\/26\\\/minori-e-social-media-parlamento-ue-chiede-di-fissare-leta-minima-a-16-anni\\\/\"},\"wordCount\":664,\"publisher\":{\"@id\":\"https:\\\/\\\/www.livemag.it\\\/#organization\"},\"image\":{\"@id\":\"https:\\\/\\\/www.livemag.it\\\/index.php\\\/2025\\\/11\\\/26\\\/minori-e-social-media-parlamento-ue-chiede-di-fissare-leta-minima-a-16-anni\\\/#primaryimage\"},\"thumbnailUrl\":\"https:\\\/\\\/www.livemag.it\\\/wp-content\\\/uploads\\\/2025\\\/11\\\/20251126_1126.jpg\",\"articleSection\":[\"Mondo\"],\"inLanguage\":\"it-IT\"},{\"@type\":\"WebPage\",\"@id\":\"https:\\\/\\\/www.livemag.it\\\/index.php\\\/2025\\\/11\\\/26\\\/minori-e-social-media-parlamento-ue-chiede-di-fissare-leta-minima-a-16-anni\\\/\",\"url\":\"https:\\\/\\\/www.livemag.it\\\/index.php\\\/2025\\\/11\\\/26\\\/minori-e-social-media-parlamento-ue-chiede-di-fissare-leta-minima-a-16-anni\\\/\",\"name\":\"Minori e social media, Parlamento Ue chiede di fissare l\u2019et\u00e0 minima a 16 anni - Live Magazine\",\"isPartOf\":{\"@id\":\"https:\\\/\\\/www.livemag.it\\\/#website\"},\"primaryImageOfPage\":{\"@id\":\"https:\\\/\\\/www.livemag.it\\\/index.php\\\/2025\\\/11\\\/26\\\/minori-e-social-media-parlamento-ue-chiede-di-fissare-leta-minima-a-16-anni\\\/#primaryimage\"},\"image\":{\"@id\":\"https:\\\/\\\/www.livemag.it\\\/index.php\\\/2025\\\/11\\\/26\\\/minori-e-social-media-parlamento-ue-chiede-di-fissare-leta-minima-a-16-anni\\\/#primaryimage\"},\"thumbnailUrl\":\"https:\\\/\\\/www.livemag.it\\\/wp-content\\\/uploads\\\/2025\\\/11\\\/20251126_1126.jpg\",\"datePublished\":\"2025-11-26T17:02:47+00:00\",\"breadcrumb\":{\"@id\":\"https:\\\/\\\/www.livemag.it\\\/index.php\\\/2025\\\/11\\\/26\\\/minori-e-social-media-parlamento-ue-chiede-di-fissare-leta-minima-a-16-anni\\\/#breadcrumb\"},\"inLanguage\":\"it-IT\",\"potentialAction\":[{\"@type\":\"ReadAction\",\"target\":[\"https:\\\/\\\/www.livemag.it\\\/index.php\\\/2025\\\/11\\\/26\\\/minori-e-social-media-parlamento-ue-chiede-di-fissare-leta-minima-a-16-anni\\\/\"]}]},{\"@type\":\"ImageObject\",\"inLanguage\":\"it-IT\",\"@id\":\"https:\\\/\\\/www.livemag.it\\\/index.php\\\/2025\\\/11\\\/26\\\/minori-e-social-media-parlamento-ue-chiede-di-fissare-leta-minima-a-16-anni\\\/#primaryimage\",\"url\":\"https:\\\/\\\/www.livemag.it\\\/wp-content\\\/uploads\\\/2025\\\/11\\\/20251126_1126.jpg\",\"contentUrl\":\"https:\\\/\\\/www.livemag.it\\\/wp-content\\\/uploads\\\/2025\\\/11\\\/20251126_1126.jpg\",\"width\":1200,\"height\":800},{\"@type\":\"BreadcrumbList\",\"@id\":\"https:\\\/\\\/www.livemag.it\\\/index.php\\\/2025\\\/11\\\/26\\\/minori-e-social-media-parlamento-ue-chiede-di-fissare-leta-minima-a-16-anni\\\/#breadcrumb\",\"itemListElement\":[{\"@type\":\"ListItem\",\"position\":1,\"name\":\"Home\",\"item\":\"https:\\\/\\\/www.livemag.it\\\/\"},{\"@type\":\"ListItem\",\"position\":2,\"name\":\"Minori e social media, Parlamento Ue chiede di fissare l\u2019et\u00e0 minima a 16 anni\"}]},{\"@type\":\"WebSite\",\"@id\":\"https:\\\/\\\/www.livemag.it\\\/#website\",\"url\":\"https:\\\/\\\/www.livemag.it\\\/\",\"name\":\"Live Magazine\",\"description\":\"Varie ed eventi\",\"publisher\":{\"@id\":\"https:\\\/\\\/www.livemag.it\\\/#organization\"},\"potentialAction\":[{\"@type\":\"SearchAction\",\"target\":{\"@type\":\"EntryPoint\",\"urlTemplate\":\"https:\\\/\\\/www.livemag.it\\\/?s={search_term_string}\"},\"query-input\":{\"@type\":\"PropertyValueSpecification\",\"valueRequired\":true,\"valueName\":\"search_term_string\"}}],\"inLanguage\":\"it-IT\"},{\"@type\":\"Organization\",\"@id\":\"https:\\\/\\\/www.livemag.it\\\/#organization\",\"name\":\"LiveMag\",\"alternateName\":\"LiveMag News ed eventi\",\"url\":\"https:\\\/\\\/www.livemag.it\\\/\",\"logo\":{\"@type\":\"ImageObject\",\"inLanguage\":\"it-IT\",\"@id\":\"https:\\\/\\\/www.livemag.it\\\/#\\\/schema\\\/logo\\\/image\\\/\",\"url\":\"https:\\\/\\\/www.livemag.it\\\/wp-content\\\/uploads\\\/2024\\\/02\\\/immagine-sito.jpg\",\"contentUrl\":\"https:\\\/\\\/www.livemag.it\\\/wp-content\\\/uploads\\\/2024\\\/02\\\/immagine-sito.jpg\",\"width\":696,\"height\":696,\"caption\":\"LiveMag\"},\"image\":{\"@id\":\"https:\\\/\\\/www.livemag.it\\\/#\\\/schema\\\/logo\\\/image\\\/\"},\"sameAs\":[\"https:\\\/\\\/www.facebook.com\\\/LiveMag\\\/\",\"https:\\\/\\\/x.com\\\/LiveNotizie\",\"https:\\\/\\\/www.instagram.com\\\/livemag\\\/\"]},{\"@type\":\"Person\",\"@id\":\"https:\\\/\\\/www.livemag.it\\\/#\\\/schema\\\/person\\\/b62c5f44451fdcdaeb0afe6c2424e73c\",\"name\":\"italpress\",\"image\":{\"@type\":\"ImageObject\",\"inLanguage\":\"it-IT\",\"@id\":\"https:\\\/\\\/secure.gravatar.com\\\/avatar\\\/b6a21695fc713ce7ee312cf57c97e2e641feb365be72d8745574d3c3e2b59066?s=96&r=g\",\"url\":\"https:\\\/\\\/secure.gravatar.com\\\/avatar\\\/b6a21695fc713ce7ee312cf57c97e2e641feb365be72d8745574d3c3e2b59066?s=96&r=g\",\"contentUrl\":\"https:\\\/\\\/secure.gravatar.com\\\/avatar\\\/b6a21695fc713ce7ee312cf57c97e2e641feb365be72d8745574d3c3e2b59066?s=96&r=g\",\"caption\":\"italpress\"},\"description\":\"Italpress \u00e8 un'agenzia di stampa italiana a carattere nazionale.\",\"url\":\"https:\\\/\\\/www.livemag.it\\\/index.php\\\/author\\\/italpress\\\/\"}]}<\/script>\n<!-- \/ Yoast SEO plugin. -->","yoast_head_json":{"title":"Minori e social media, Parlamento Ue chiede di fissare l\u2019et\u00e0 minima a 16 anni - Live Magazine","robots":{"index":"index","follow":"follow","max-snippet":"max-snippet:-1","max-image-preview":"max-image-preview:large","max-video-preview":"max-video-preview:-1"},"canonical":"https:\/\/www.livemag.it\/index.php\/2025\/11\/26\/minori-e-social-media-parlamento-ue-chiede-di-fissare-leta-minima-a-16-anni\/","og_locale":"it_IT","og_type":"article","og_title":"Minori e social media, Parlamento Ue chiede di fissare l\u2019et\u00e0 minima a 16 anni - Live Magazine","og_description":"STRASBURGO (FRANCIA) (ITALPRESS) \u2013 Il Parlamento Europeo ha approvato con 483 voti favorevoli, 92 voti contrari e 86 astensioni una risoluzione, non vincolante, in cui esprimono forti preoccupazioni per la salute fisica e mentale dei minori online e chiedono maggiori tutele contro le strategie manipolative che possono accresce la dipendenza e incidere negativamente sulla loro [&hellip;]","og_url":"https:\/\/www.livemag.it\/index.php\/2025\/11\/26\/minori-e-social-media-parlamento-ue-chiede-di-fissare-leta-minima-a-16-anni\/","og_site_name":"Live Magazine","article_publisher":"https:\/\/www.facebook.com\/LiveMag\/","article_published_time":"2025-11-26T17:02:47+00:00","og_image":[{"width":1200,"height":675,"url":"https:\/\/www.livemag.it\/wp-content\/uploads\/2024\/02\/ograph.jpg","type":"image\/jpeg"}],"author":"italpress","twitter_card":"summary_large_image","twitter_creator":"@LiveNotizie","twitter_site":"@LiveNotizie","twitter_misc":{"Scritto da":"italpress","Tempo di lettura stimato":"3 minuti"},"schema":{"@context":"https:\/\/schema.org","@graph":[{"@type":"Article","@id":"https:\/\/www.livemag.it\/index.php\/2025\/11\/26\/minori-e-social-media-parlamento-ue-chiede-di-fissare-leta-minima-a-16-anni\/#article","isPartOf":{"@id":"https:\/\/www.livemag.it\/index.php\/2025\/11\/26\/minori-e-social-media-parlamento-ue-chiede-di-fissare-leta-minima-a-16-anni\/"},"author":{"name":"italpress","@id":"https:\/\/www.livemag.it\/#\/schema\/person\/b62c5f44451fdcdaeb0afe6c2424e73c"},"headline":"Minori e social media, Parlamento Ue chiede di fissare l\u2019et\u00e0 minima a 16 anni","datePublished":"2025-11-26T17:02:47+00:00","mainEntityOfPage":{"@id":"https:\/\/www.livemag.it\/index.php\/2025\/11\/26\/minori-e-social-media-parlamento-ue-chiede-di-fissare-leta-minima-a-16-anni\/"},"wordCount":664,"publisher":{"@id":"https:\/\/www.livemag.it\/#organization"},"image":{"@id":"https:\/\/www.livemag.it\/index.php\/2025\/11\/26\/minori-e-social-media-parlamento-ue-chiede-di-fissare-leta-minima-a-16-anni\/#primaryimage"},"thumbnailUrl":"https:\/\/www.livemag.it\/wp-content\/uploads\/2025\/11\/20251126_1126.jpg","articleSection":["Mondo"],"inLanguage":"it-IT"},{"@type":"WebPage","@id":"https:\/\/www.livemag.it\/index.php\/2025\/11\/26\/minori-e-social-media-parlamento-ue-chiede-di-fissare-leta-minima-a-16-anni\/","url":"https:\/\/www.livemag.it\/index.php\/2025\/11\/26\/minori-e-social-media-parlamento-ue-chiede-di-fissare-leta-minima-a-16-anni\/","name":"Minori e social media, Parlamento Ue chiede di fissare l\u2019et\u00e0 minima a 16 anni - Live Magazine","isPartOf":{"@id":"https:\/\/www.livemag.it\/#website"},"primaryImageOfPage":{"@id":"https:\/\/www.livemag.it\/index.php\/2025\/11\/26\/minori-e-social-media-parlamento-ue-chiede-di-fissare-leta-minima-a-16-anni\/#primaryimage"},"image":{"@id":"https:\/\/www.livemag.it\/index.php\/2025\/11\/26\/minori-e-social-media-parlamento-ue-chiede-di-fissare-leta-minima-a-16-anni\/#primaryimage"},"thumbnailUrl":"https:\/\/www.livemag.it\/wp-content\/uploads\/2025\/11\/20251126_1126.jpg","datePublished":"2025-11-26T17:02:47+00:00","breadcrumb":{"@id":"https:\/\/www.livemag.it\/index.php\/2025\/11\/26\/minori-e-social-media-parlamento-ue-chiede-di-fissare-leta-minima-a-16-anni\/#breadcrumb"},"inLanguage":"it-IT","potentialAction":[{"@type":"ReadAction","target":["https:\/\/www.livemag.it\/index.php\/2025\/11\/26\/minori-e-social-media-parlamento-ue-chiede-di-fissare-leta-minima-a-16-anni\/"]}]},{"@type":"ImageObject","inLanguage":"it-IT","@id":"https:\/\/www.livemag.it\/index.php\/2025\/11\/26\/minori-e-social-media-parlamento-ue-chiede-di-fissare-leta-minima-a-16-anni\/#primaryimage","url":"https:\/\/www.livemag.it\/wp-content\/uploads\/2025\/11\/20251126_1126.jpg","contentUrl":"https:\/\/www.livemag.it\/wp-content\/uploads\/2025\/11\/20251126_1126.jpg","width":1200,"height":800},{"@type":"BreadcrumbList","@id":"https:\/\/www.livemag.it\/index.php\/2025\/11\/26\/minori-e-social-media-parlamento-ue-chiede-di-fissare-leta-minima-a-16-anni\/#breadcrumb","itemListElement":[{"@type":"ListItem","position":1,"name":"Home","item":"https:\/\/www.livemag.it\/"},{"@type":"ListItem","position":2,"name":"Minori e social media, Parlamento Ue chiede di fissare l\u2019et\u00e0 minima a 16 anni"}]},{"@type":"WebSite","@id":"https:\/\/www.livemag.it\/#website","url":"https:\/\/www.livemag.it\/","name":"Live Magazine","description":"Varie ed eventi","publisher":{"@id":"https:\/\/www.livemag.it\/#organization"},"potentialAction":[{"@type":"SearchAction","target":{"@type":"EntryPoint","urlTemplate":"https:\/\/www.livemag.it\/?s={search_term_string}"},"query-input":{"@type":"PropertyValueSpecification","valueRequired":true,"valueName":"search_term_string"}}],"inLanguage":"it-IT"},{"@type":"Organization","@id":"https:\/\/www.livemag.it\/#organization","name":"LiveMag","alternateName":"LiveMag News ed eventi","url":"https:\/\/www.livemag.it\/","logo":{"@type":"ImageObject","inLanguage":"it-IT","@id":"https:\/\/www.livemag.it\/#\/schema\/logo\/image\/","url":"https:\/\/www.livemag.it\/wp-content\/uploads\/2024\/02\/immagine-sito.jpg","contentUrl":"https:\/\/www.livemag.it\/wp-content\/uploads\/2024\/02\/immagine-sito.jpg","width":696,"height":696,"caption":"LiveMag"},"image":{"@id":"https:\/\/www.livemag.it\/#\/schema\/logo\/image\/"},"sameAs":["https:\/\/www.facebook.com\/LiveMag\/","https:\/\/x.com\/LiveNotizie","https:\/\/www.instagram.com\/livemag\/"]},{"@type":"Person","@id":"https:\/\/www.livemag.it\/#\/schema\/person\/b62c5f44451fdcdaeb0afe6c2424e73c","name":"italpress","image":{"@type":"ImageObject","inLanguage":"it-IT","@id":"https:\/\/secure.gravatar.com\/avatar\/b6a21695fc713ce7ee312cf57c97e2e641feb365be72d8745574d3c3e2b59066?s=96&r=g","url":"https:\/\/secure.gravatar.com\/avatar\/b6a21695fc713ce7ee312cf57c97e2e641feb365be72d8745574d3c3e2b59066?s=96&r=g","contentUrl":"https:\/\/secure.gravatar.com\/avatar\/b6a21695fc713ce7ee312cf57c97e2e641feb365be72d8745574d3c3e2b59066?s=96&r=g","caption":"italpress"},"description":"Italpress \u00e8 un'agenzia di stampa italiana a carattere nazionale.","url":"https:\/\/www.livemag.it\/index.php\/author\/italpress\/"}]}},"jetpack_featured_media_url":"https:\/\/www.livemag.it\/wp-content\/uploads\/2025\/11\/20251126_1126.jpg","_links":{"self":[{"href":"https:\/\/www.livemag.it\/index.php\/wp-json\/wp\/v2\/posts\/64262","targetHints":{"allow":["GET"]}}],"collection":[{"href":"https:\/\/www.livemag.it\/index.php\/wp-json\/wp\/v2\/posts"}],"about":[{"href":"https:\/\/www.livemag.it\/index.php\/wp-json\/wp\/v2\/types\/post"}],"author":[{"embeddable":true,"href":"https:\/\/www.livemag.it\/index.php\/wp-json\/wp\/v2\/users\/16"}],"replies":[{"embeddable":true,"href":"https:\/\/www.livemag.it\/index.php\/wp-json\/wp\/v2\/comments?post=64262"}],"version-history":[{"count":0,"href":"https:\/\/www.livemag.it\/index.php\/wp-json\/wp\/v2\/posts\/64262\/revisions"}],"wp:featuredmedia":[{"embeddable":true,"href":"https:\/\/www.livemag.it\/index.php\/wp-json\/wp\/v2\/media\/64263"}],"wp:attachment":[{"href":"https:\/\/www.livemag.it\/index.php\/wp-json\/wp\/v2\/media?parent=64262"}],"wp:term":[{"taxonomy":"category","embeddable":true,"href":"https:\/\/www.livemag.it\/index.php\/wp-json\/wp\/v2\/categories?post=64262"},{"taxonomy":"post_tag","embeddable":true,"href":"https:\/\/www.livemag.it\/index.php\/wp-json\/wp\/v2\/tags?post=64262"}],"curies":[{"name":"wp","href":"https:\/\/api.w.org\/{rel}","templated":true}]}}