{"id":64260,"date":"2025-11-26T18:02:43","date_gmt":"2025-11-26T17:02:43","guid":{"rendered":"https:\/\/www.livemag.it\/index.php\/2025\/11\/26\/manovra-arriva-il-via-libera-di-bruxelles\/"},"modified":"2025-11-26T18:02:43","modified_gmt":"2025-11-26T17:02:43","slug":"manovra-arriva-il-via-libera-di-bruxelles","status":"publish","type":"post","link":"https:\/\/www.livemag.it\/index.php\/2025\/11\/26\/manovra-arriva-il-via-libera-di-bruxelles\/","title":{"rendered":"Manovra, arriva il via libera di Bruxelles"},"content":{"rendered":"<p>    <video-js id=\"videojs69f4ad319d98c\" class=\"vjs-big-play-centered\" controls preload=\"auto\" playsinline data-setup='{\"fluid\": true}'>\r\n        <source src=\"https:\/\/video.italpress.com\/play\/mp4\/video\/72Aj\" type=\"video\/mp4\" \/>\r\n    <\/video-js>\r\n           <br \/>\n<\/p>\n<div> ROMA (ITALPRESS) &#8211; L\u2019Italia \u00e8 tra i 12 Paesi \u201cpromossi\u201d dalla Commissione europea in relazione alla manovra finanziaria per il 2026. Nell\u2019ambito del Pacchetto d\u2019autunno del semestre europeo, Bruxelles ha valutato la<br \/>\nconformit\u00e0 di tutti gli Stati membri al quadro di bilancio dell\u2019Unione e ha fornito orientamenti per garantire che la loro politica di bilancio nel 2026 sia allineata alle raccomandazioni del Consiglio. La valutazione della Commissione si concentra sulla crescita della spesa netta, l\u2019unico indicatore operativo nel quadro riformato di governance economica. Per gli Stati membri per i quali il Consiglio ha attivato la clausola di salvaguardia nazionale, la valutazione tiene conto della flessibilit\u00e0 per gli aumenti della spesa per la difesa. In particolare, la Commissione ha adottato pareri sui documenti programmatici di bilancio (DPB) per il 2026 di 17 Paesi dell\u2019area dell\u2019euro: 12 documenti sono stati giudicati conformi e gli Stati membri sono pertanto invitati a continuare ad attuare le politiche fiscali nel 2026 come previsto. Oltre all\u2019Italia, hanno avuto il via libera Cipro, Estonia, Finlandia, Francia, Germania, Grecia, Irlanda, Lettonia, Lussemburgo, Portogallo e Slovacchia.<br \/>\nPer il ministro dell\u2019Economia Giancarlo Giorgetti \u201cL\u2019approvazione di Bruxelles conferma che il Governo italiano \u00e8 sulla buona strada, percorsa con responsabilit\u00e0 e seriet\u00e0\u201c<br \/>\nsat\/azn<\/div>\n","protected":false},"excerpt":{"rendered":"<p>ROMA (ITALPRESS) &#8211; L\u2019Italia \u00e8 tra i 12 Paesi \u201cpromossi\u201d dalla Commissione europea in relazione alla manovra finanziaria per il 2026. Nell\u2019ambito del Pacchetto d\u2019autunno del semestre europeo, Bruxelles ha valutato la conformit\u00e0 di tutti gli Stati membri al quadro di bilancio dell\u2019Unione e ha fornito orientamenti per garantire che la loro politica di bilancio [&hellip;]<\/p>\n","protected":false},"author":16,"featured_media":64261,"comment_status":"closed","ping_status":"closed","sticky":false,"template":"","format":"video","meta":{"jnews-multi-image_gallery":[],"jnews_single_post":[],"jnews_primary_category":[],"jnews_social_meta":[],"jnews_override_counter":[],"jnews_post_split":[],"footnotes":""},"categories":[1171],"tags":[],"class_list":["post-64260","post","type-post","status-publish","format-video","has-post-thumbnail","hentry","category-video","post_format-post-format-video"],"yoast_head":"<!-- This site is optimized with the Yoast SEO plugin v27.5 - https:\/\/yoast.com\/product\/yoast-seo-wordpress\/ -->\n<title>Manovra, arriva il via libera di Bruxelles - Live Magazine<\/title>\n<meta name=\"robots\" content=\"index, follow, max-snippet:-1, max-image-preview:large, max-video-preview:-1\" \/>\n<link rel=\"canonical\" href=\"https:\/\/www.livemag.it\/index.php\/2025\/11\/26\/manovra-arriva-il-via-libera-di-bruxelles\/\" \/>\n<meta property=\"og:locale\" content=\"it_IT\" \/>\n<meta property=\"og:type\" content=\"article\" \/>\n<meta property=\"og:title\" content=\"Manovra, arriva il via libera di Bruxelles - Live Magazine\" \/>\n<meta property=\"og:description\" content=\"ROMA (ITALPRESS) &#8211; L\u2019Italia \u00e8 tra i 12 Paesi \u201cpromossi\u201d dalla Commissione europea in relazione alla manovra finanziaria per il 2026. Nell\u2019ambito del Pacchetto d\u2019autunno del semestre europeo, Bruxelles ha valutato la conformit\u00e0 di tutti gli Stati membri al quadro di bilancio dell\u2019Unione e ha fornito orientamenti per garantire che la loro politica di bilancio [&hellip;]\" \/>\n<meta property=\"og:url\" content=\"https:\/\/www.livemag.it\/index.php\/2025\/11\/26\/manovra-arriva-il-via-libera-di-bruxelles\/\" \/>\n<meta property=\"og:site_name\" content=\"Live Magazine\" \/>\n<meta property=\"article:publisher\" content=\"https:\/\/www.facebook.com\/LiveMag\/\" \/>\n<meta property=\"article:published_time\" content=\"2025-11-26T17:02:43+00:00\" \/>\n<meta property=\"og:image\" content=\"https:\/\/www.livemag.it\/wp-content\/uploads\/2024\/02\/ograph.jpg\" \/>\n\t<meta property=\"og:image:width\" content=\"1200\" \/>\n\t<meta property=\"og:image:height\" content=\"675\" \/>\n\t<meta property=\"og:image:type\" content=\"image\/jpeg\" \/>\n<meta name=\"author\" content=\"italpress\" \/>\n<meta name=\"twitter:card\" content=\"summary_large_image\" \/>\n<meta name=\"twitter:creator\" content=\"@LiveNotizie\" \/>\n<meta name=\"twitter:site\" content=\"@LiveNotizie\" \/>\n<meta name=\"twitter:label1\" content=\"Scritto da\" \/>\n\t<meta name=\"twitter:data1\" content=\"italpress\" \/>\n\t<meta name=\"twitter:label2\" content=\"Tempo di lettura stimato\" \/>\n\t<meta name=\"twitter:data2\" content=\"1 minuto\" \/>\n<script type=\"application\/ld+json\" class=\"yoast-schema-graph\">{\"@context\":\"https:\\\/\\\/schema.org\",\"@graph\":[{\"@type\":\"Article\",\"@id\":\"https:\\\/\\\/www.livemag.it\\\/index.php\\\/2025\\\/11\\\/26\\\/manovra-arriva-il-via-libera-di-bruxelles\\\/#article\",\"isPartOf\":{\"@id\":\"https:\\\/\\\/www.livemag.it\\\/index.php\\\/2025\\\/11\\\/26\\\/manovra-arriva-il-via-libera-di-bruxelles\\\/\"},\"author\":{\"name\":\"italpress\",\"@id\":\"https:\\\/\\\/www.livemag.it\\\/#\\\/schema\\\/person\\\/b62c5f44451fdcdaeb0afe6c2424e73c\"},\"headline\":\"Manovra, arriva il via libera di Bruxelles\",\"datePublished\":\"2025-11-26T17:02:43+00:00\",\"mainEntityOfPage\":{\"@id\":\"https:\\\/\\\/www.livemag.it\\\/index.php\\\/2025\\\/11\\\/26\\\/manovra-arriva-il-via-libera-di-bruxelles\\\/\"},\"wordCount\":221,\"publisher\":{\"@id\":\"https:\\\/\\\/www.livemag.it\\\/#organization\"},\"image\":{\"@id\":\"https:\\\/\\\/www.livemag.it\\\/index.php\\\/2025\\\/11\\\/26\\\/manovra-arriva-il-via-libera-di-bruxelles\\\/#primaryimage\"},\"thumbnailUrl\":\"https:\\\/\\\/www.livemag.it\\\/wp-content\\\/uploads\\\/2025\\\/11\\\/72Aj.jpg\",\"articleSection\":[\"Video\"],\"inLanguage\":\"it-IT\"},{\"@type\":\"WebPage\",\"@id\":\"https:\\\/\\\/www.livemag.it\\\/index.php\\\/2025\\\/11\\\/26\\\/manovra-arriva-il-via-libera-di-bruxelles\\\/\",\"url\":\"https:\\\/\\\/www.livemag.it\\\/index.php\\\/2025\\\/11\\\/26\\\/manovra-arriva-il-via-libera-di-bruxelles\\\/\",\"name\":\"Manovra, arriva il via libera di Bruxelles - Live Magazine\",\"isPartOf\":{\"@id\":\"https:\\\/\\\/www.livemag.it\\\/#website\"},\"primaryImageOfPage\":{\"@id\":\"https:\\\/\\\/www.livemag.it\\\/index.php\\\/2025\\\/11\\\/26\\\/manovra-arriva-il-via-libera-di-bruxelles\\\/#primaryimage\"},\"image\":{\"@id\":\"https:\\\/\\\/www.livemag.it\\\/index.php\\\/2025\\\/11\\\/26\\\/manovra-arriva-il-via-libera-di-bruxelles\\\/#primaryimage\"},\"thumbnailUrl\":\"https:\\\/\\\/www.livemag.it\\\/wp-content\\\/uploads\\\/2025\\\/11\\\/72Aj.jpg\",\"datePublished\":\"2025-11-26T17:02:43+00:00\",\"breadcrumb\":{\"@id\":\"https:\\\/\\\/www.livemag.it\\\/index.php\\\/2025\\\/11\\\/26\\\/manovra-arriva-il-via-libera-di-bruxelles\\\/#breadcrumb\"},\"inLanguage\":\"it-IT\",\"potentialAction\":[{\"@type\":\"ReadAction\",\"target\":[\"https:\\\/\\\/www.livemag.it\\\/index.php\\\/2025\\\/11\\\/26\\\/manovra-arriva-il-via-libera-di-bruxelles\\\/\"]}]},{\"@type\":\"ImageObject\",\"inLanguage\":\"it-IT\",\"@id\":\"https:\\\/\\\/www.livemag.it\\\/index.php\\\/2025\\\/11\\\/26\\\/manovra-arriva-il-via-libera-di-bruxelles\\\/#primaryimage\",\"url\":\"https:\\\/\\\/www.livemag.it\\\/wp-content\\\/uploads\\\/2025\\\/11\\\/72Aj.jpg\",\"contentUrl\":\"https:\\\/\\\/www.livemag.it\\\/wp-content\\\/uploads\\\/2025\\\/11\\\/72Aj.jpg\",\"width\":1920,\"height\":1080},{\"@type\":\"BreadcrumbList\",\"@id\":\"https:\\\/\\\/www.livemag.it\\\/index.php\\\/2025\\\/11\\\/26\\\/manovra-arriva-il-via-libera-di-bruxelles\\\/#breadcrumb\",\"itemListElement\":[{\"@type\":\"ListItem\",\"position\":1,\"name\":\"Home\",\"item\":\"https:\\\/\\\/www.livemag.it\\\/\"},{\"@type\":\"ListItem\",\"position\":2,\"name\":\"Manovra, arriva il via libera di Bruxelles\"}]},{\"@type\":\"WebSite\",\"@id\":\"https:\\\/\\\/www.livemag.it\\\/#website\",\"url\":\"https:\\\/\\\/www.livemag.it\\\/\",\"name\":\"Live Magazine\",\"description\":\"Varie ed eventi\",\"publisher\":{\"@id\":\"https:\\\/\\\/www.livemag.it\\\/#organization\"},\"potentialAction\":[{\"@type\":\"SearchAction\",\"target\":{\"@type\":\"EntryPoint\",\"urlTemplate\":\"https:\\\/\\\/www.livemag.it\\\/?s={search_term_string}\"},\"query-input\":{\"@type\":\"PropertyValueSpecification\",\"valueRequired\":true,\"valueName\":\"search_term_string\"}}],\"inLanguage\":\"it-IT\"},{\"@type\":\"Organization\",\"@id\":\"https:\\\/\\\/www.livemag.it\\\/#organization\",\"name\":\"LiveMag\",\"alternateName\":\"LiveMag News ed eventi\",\"url\":\"https:\\\/\\\/www.livemag.it\\\/\",\"logo\":{\"@type\":\"ImageObject\",\"inLanguage\":\"it-IT\",\"@id\":\"https:\\\/\\\/www.livemag.it\\\/#\\\/schema\\\/logo\\\/image\\\/\",\"url\":\"https:\\\/\\\/www.livemag.it\\\/wp-content\\\/uploads\\\/2024\\\/02\\\/immagine-sito.jpg\",\"contentUrl\":\"https:\\\/\\\/www.livemag.it\\\/wp-content\\\/uploads\\\/2024\\\/02\\\/immagine-sito.jpg\",\"width\":696,\"height\":696,\"caption\":\"LiveMag\"},\"image\":{\"@id\":\"https:\\\/\\\/www.livemag.it\\\/#\\\/schema\\\/logo\\\/image\\\/\"},\"sameAs\":[\"https:\\\/\\\/www.facebook.com\\\/LiveMag\\\/\",\"https:\\\/\\\/x.com\\\/LiveNotizie\",\"https:\\\/\\\/www.instagram.com\\\/livemag\\\/\"]},{\"@type\":\"Person\",\"@id\":\"https:\\\/\\\/www.livemag.it\\\/#\\\/schema\\\/person\\\/b62c5f44451fdcdaeb0afe6c2424e73c\",\"name\":\"italpress\",\"image\":{\"@type\":\"ImageObject\",\"inLanguage\":\"it-IT\",\"@id\":\"https:\\\/\\\/secure.gravatar.com\\\/avatar\\\/b6a21695fc713ce7ee312cf57c97e2e641feb365be72d8745574d3c3e2b59066?s=96&r=g\",\"url\":\"https:\\\/\\\/secure.gravatar.com\\\/avatar\\\/b6a21695fc713ce7ee312cf57c97e2e641feb365be72d8745574d3c3e2b59066?s=96&r=g\",\"contentUrl\":\"https:\\\/\\\/secure.gravatar.com\\\/avatar\\\/b6a21695fc713ce7ee312cf57c97e2e641feb365be72d8745574d3c3e2b59066?s=96&r=g\",\"caption\":\"italpress\"},\"description\":\"Italpress \u00e8 un'agenzia di stampa italiana a carattere nazionale.\",\"url\":\"https:\\\/\\\/www.livemag.it\\\/index.php\\\/author\\\/italpress\\\/\"}]}<\/script>\n<!-- \/ Yoast SEO plugin. -->","yoast_head_json":{"title":"Manovra, arriva il via libera di Bruxelles - Live Magazine","robots":{"index":"index","follow":"follow","max-snippet":"max-snippet:-1","max-image-preview":"max-image-preview:large","max-video-preview":"max-video-preview:-1"},"canonical":"https:\/\/www.livemag.it\/index.php\/2025\/11\/26\/manovra-arriva-il-via-libera-di-bruxelles\/","og_locale":"it_IT","og_type":"article","og_title":"Manovra, arriva il via libera di Bruxelles - Live Magazine","og_description":"ROMA (ITALPRESS) &#8211; L\u2019Italia \u00e8 tra i 12 Paesi \u201cpromossi\u201d dalla Commissione europea in relazione alla manovra finanziaria per il 2026. Nell\u2019ambito del Pacchetto d\u2019autunno del semestre europeo, Bruxelles ha valutato la conformit\u00e0 di tutti gli Stati membri al quadro di bilancio dell\u2019Unione e ha fornito orientamenti per garantire che la loro politica di bilancio [&hellip;]","og_url":"https:\/\/www.livemag.it\/index.php\/2025\/11\/26\/manovra-arriva-il-via-libera-di-bruxelles\/","og_site_name":"Live Magazine","article_publisher":"https:\/\/www.facebook.com\/LiveMag\/","article_published_time":"2025-11-26T17:02:43+00:00","og_image":[{"width":1200,"height":675,"url":"https:\/\/www.livemag.it\/wp-content\/uploads\/2024\/02\/ograph.jpg","type":"image\/jpeg"}],"author":"italpress","twitter_card":"summary_large_image","twitter_creator":"@LiveNotizie","twitter_site":"@LiveNotizie","twitter_misc":{"Scritto da":"italpress","Tempo di lettura stimato":"1 minuto"},"schema":{"@context":"https:\/\/schema.org","@graph":[{"@type":"Article","@id":"https:\/\/www.livemag.it\/index.php\/2025\/11\/26\/manovra-arriva-il-via-libera-di-bruxelles\/#article","isPartOf":{"@id":"https:\/\/www.livemag.it\/index.php\/2025\/11\/26\/manovra-arriva-il-via-libera-di-bruxelles\/"},"author":{"name":"italpress","@id":"https:\/\/www.livemag.it\/#\/schema\/person\/b62c5f44451fdcdaeb0afe6c2424e73c"},"headline":"Manovra, arriva il via libera di Bruxelles","datePublished":"2025-11-26T17:02:43+00:00","mainEntityOfPage":{"@id":"https:\/\/www.livemag.it\/index.php\/2025\/11\/26\/manovra-arriva-il-via-libera-di-bruxelles\/"},"wordCount":221,"publisher":{"@id":"https:\/\/www.livemag.it\/#organization"},"image":{"@id":"https:\/\/www.livemag.it\/index.php\/2025\/11\/26\/manovra-arriva-il-via-libera-di-bruxelles\/#primaryimage"},"thumbnailUrl":"https:\/\/www.livemag.it\/wp-content\/uploads\/2025\/11\/72Aj.jpg","articleSection":["Video"],"inLanguage":"it-IT"},{"@type":"WebPage","@id":"https:\/\/www.livemag.it\/index.php\/2025\/11\/26\/manovra-arriva-il-via-libera-di-bruxelles\/","url":"https:\/\/www.livemag.it\/index.php\/2025\/11\/26\/manovra-arriva-il-via-libera-di-bruxelles\/","name":"Manovra, arriva il via libera di Bruxelles - Live Magazine","isPartOf":{"@id":"https:\/\/www.livemag.it\/#website"},"primaryImageOfPage":{"@id":"https:\/\/www.livemag.it\/index.php\/2025\/11\/26\/manovra-arriva-il-via-libera-di-bruxelles\/#primaryimage"},"image":{"@id":"https:\/\/www.livemag.it\/index.php\/2025\/11\/26\/manovra-arriva-il-via-libera-di-bruxelles\/#primaryimage"},"thumbnailUrl":"https:\/\/www.livemag.it\/wp-content\/uploads\/2025\/11\/72Aj.jpg","datePublished":"2025-11-26T17:02:43+00:00","breadcrumb":{"@id":"https:\/\/www.livemag.it\/index.php\/2025\/11\/26\/manovra-arriva-il-via-libera-di-bruxelles\/#breadcrumb"},"inLanguage":"it-IT","potentialAction":[{"@type":"ReadAction","target":["https:\/\/www.livemag.it\/index.php\/2025\/11\/26\/manovra-arriva-il-via-libera-di-bruxelles\/"]}]},{"@type":"ImageObject","inLanguage":"it-IT","@id":"https:\/\/www.livemag.it\/index.php\/2025\/11\/26\/manovra-arriva-il-via-libera-di-bruxelles\/#primaryimage","url":"https:\/\/www.livemag.it\/wp-content\/uploads\/2025\/11\/72Aj.jpg","contentUrl":"https:\/\/www.livemag.it\/wp-content\/uploads\/2025\/11\/72Aj.jpg","width":1920,"height":1080},{"@type":"BreadcrumbList","@id":"https:\/\/www.livemag.it\/index.php\/2025\/11\/26\/manovra-arriva-il-via-libera-di-bruxelles\/#breadcrumb","itemListElement":[{"@type":"ListItem","position":1,"name":"Home","item":"https:\/\/www.livemag.it\/"},{"@type":"ListItem","position":2,"name":"Manovra, arriva il via libera di Bruxelles"}]},{"@type":"WebSite","@id":"https:\/\/www.livemag.it\/#website","url":"https:\/\/www.livemag.it\/","name":"Live Magazine","description":"Varie ed eventi","publisher":{"@id":"https:\/\/www.livemag.it\/#organization"},"potentialAction":[{"@type":"SearchAction","target":{"@type":"EntryPoint","urlTemplate":"https:\/\/www.livemag.it\/?s={search_term_string}"},"query-input":{"@type":"PropertyValueSpecification","valueRequired":true,"valueName":"search_term_string"}}],"inLanguage":"it-IT"},{"@type":"Organization","@id":"https:\/\/www.livemag.it\/#organization","name":"LiveMag","alternateName":"LiveMag News ed eventi","url":"https:\/\/www.livemag.it\/","logo":{"@type":"ImageObject","inLanguage":"it-IT","@id":"https:\/\/www.livemag.it\/#\/schema\/logo\/image\/","url":"https:\/\/www.livemag.it\/wp-content\/uploads\/2024\/02\/immagine-sito.jpg","contentUrl":"https:\/\/www.livemag.it\/wp-content\/uploads\/2024\/02\/immagine-sito.jpg","width":696,"height":696,"caption":"LiveMag"},"image":{"@id":"https:\/\/www.livemag.it\/#\/schema\/logo\/image\/"},"sameAs":["https:\/\/www.facebook.com\/LiveMag\/","https:\/\/x.com\/LiveNotizie","https:\/\/www.instagram.com\/livemag\/"]},{"@type":"Person","@id":"https:\/\/www.livemag.it\/#\/schema\/person\/b62c5f44451fdcdaeb0afe6c2424e73c","name":"italpress","image":{"@type":"ImageObject","inLanguage":"it-IT","@id":"https:\/\/secure.gravatar.com\/avatar\/b6a21695fc713ce7ee312cf57c97e2e641feb365be72d8745574d3c3e2b59066?s=96&r=g","url":"https:\/\/secure.gravatar.com\/avatar\/b6a21695fc713ce7ee312cf57c97e2e641feb365be72d8745574d3c3e2b59066?s=96&r=g","contentUrl":"https:\/\/secure.gravatar.com\/avatar\/b6a21695fc713ce7ee312cf57c97e2e641feb365be72d8745574d3c3e2b59066?s=96&r=g","caption":"italpress"},"description":"Italpress \u00e8 un'agenzia di stampa italiana a carattere nazionale.","url":"https:\/\/www.livemag.it\/index.php\/author\/italpress\/"}]}},"jetpack_featured_media_url":"https:\/\/www.livemag.it\/wp-content\/uploads\/2025\/11\/72Aj.jpg","_links":{"self":[{"href":"https:\/\/www.livemag.it\/index.php\/wp-json\/wp\/v2\/posts\/64260","targetHints":{"allow":["GET"]}}],"collection":[{"href":"https:\/\/www.livemag.it\/index.php\/wp-json\/wp\/v2\/posts"}],"about":[{"href":"https:\/\/www.livemag.it\/index.php\/wp-json\/wp\/v2\/types\/post"}],"author":[{"embeddable":true,"href":"https:\/\/www.livemag.it\/index.php\/wp-json\/wp\/v2\/users\/16"}],"replies":[{"embeddable":true,"href":"https:\/\/www.livemag.it\/index.php\/wp-json\/wp\/v2\/comments?post=64260"}],"version-history":[{"count":0,"href":"https:\/\/www.livemag.it\/index.php\/wp-json\/wp\/v2\/posts\/64260\/revisions"}],"wp:featuredmedia":[{"embeddable":true,"href":"https:\/\/www.livemag.it\/index.php\/wp-json\/wp\/v2\/media\/64261"}],"wp:attachment":[{"href":"https:\/\/www.livemag.it\/index.php\/wp-json\/wp\/v2\/media?parent=64260"}],"wp:term":[{"taxonomy":"category","embeddable":true,"href":"https:\/\/www.livemag.it\/index.php\/wp-json\/wp\/v2\/categories?post=64260"},{"taxonomy":"post_tag","embeddable":true,"href":"https:\/\/www.livemag.it\/index.php\/wp-json\/wp\/v2\/tags?post=64260"}],"curies":[{"name":"wp","href":"https:\/\/api.w.org\/{rel}","templated":true}]}}