{"id":64248,"date":"2025-11-26T15:03:21","date_gmt":"2025-11-26T14:03:21","guid":{"rendered":"https:\/\/www.livemag.it\/index.php\/2025\/11\/26\/accesa-a-olimpia-la-fiamma-olimpica-di-milano-cortina-2026\/"},"modified":"2025-11-26T15:03:21","modified_gmt":"2025-11-26T14:03:21","slug":"accesa-a-olimpia-la-fiamma-olimpica-di-milano-cortina-2026","status":"publish","type":"post","link":"https:\/\/www.livemag.it\/index.php\/2025\/11\/26\/accesa-a-olimpia-la-fiamma-olimpica-di-milano-cortina-2026\/","title":{"rendered":"Accesa a Olimpia la fiamma olimpica di Milano Cortina 2026"},"content":{"rendered":"<div>\n<p>OLIMPIA (GRECIA) (ITALPRESS) \u2013 Il viaggio della torcia di Milano Cortina 2026 \u00e8 iniziato. Nel Museo archeologico di Olimpia \u2013 sede scelta in alternativa al tradizionale tempio di Hera a causa delle avverse condizioni meteorologiche previste \u2013 \u00e8 stata accesa la fiamma olimpica dei prossimi Giochi Olimpici invernali. La fiaccola \u00e8 stata affidata al primo tedoforo Petros Gkaidatzis, canottiere bronzo nel due di coppia pesi leggeri a Parigi 2024, che dopo un primo breve tratto solitario \u00e8 stato affiancato da Stefania Belmondo, fondista vinctrice di dieci medaglie olimpiche. A raccogliere il testimone \u00e8 stato poi Armin Zoeggeler, primo atleta nella storia ad aver conquistato sei medaglie individuali nella stessa disciplina (nel suo caso lo slittino) in sei edizioni consecutive delle Olimpiadi Invernali, dal 1994 al 2014.<br \/>Durante la cerimonia al Museo grande commozione da parte della presidente del Cio, Kirsty Coventry. \u201cQuesti Giochi si presentano in un momento particolare, non avrei dovuto piangere ma questo luogo \u00e8 speciale \u2013 ha ammesso \u2013 In un mondo diviso, come quello in cui viviamo, i Giochi sono un momento simbolico ed \u00e8 nostro dovere e nostra responsabilit\u00e0 garantire che gli atleti da tutto il mondo possano giungere in maniera pacifica, ispirando le speranze e i sogni di chi ci segue nel mondo. Questo \u00e8 lo spirito olimpico: innalzare i valori che ci guidano\u201d. Coventry ha sottolineato che \u201cin Italia la passione \u00e8 viva nelle persone e questa passione non ispirer\u00e0 solo l\u2019Italia ma tutto il mondo, i Giochi brilleranno in ogni momento. Saremo a Milano Cortina fra qualche settimana e per me saranno i primi Giochi da presidente del Cio. Siamo molto felici di assistere a questa cerimonia che ci ricorda l\u2019importanza di valori come pace, rispetto, amicizia. La fiamma olimpica nel suo viaggio continuer\u00e0 a trasportare il passato verso il futuro, un futuro che vogliamo vedere: crediamo nell\u2019abbattimento delle barriere ed \u00e8 sempre vivo il desiderio di un futuro migliore\u201d. La fiamma, nel suo viaggio, \u201cnon porter\u00e0 solo le speranze degli atleti ma anche i sogni di tutti quelli che creano nel potere dello sport, che ci unisce, ci ispira\u201d. Un potere richiamato anche da Giovanni Malag\u00f2, presidente della Fondazione Milano-Cortina 2026. \u201cL\u2019idea \u00e8 creare nuove opportunit\u00e0 per le nuove generazioni attraverso lo sport. Sar\u00e0 un privilegio portare nuovamente questa torcia lungo le sponde del fiume Tevere e portarla a Roma ripercorrendo la stessa strada di venti anni fa in occasione dei Giochi di Torino. Ogni passo ci ricorder\u00e0 l\u2019importanza dello sport nello spezzare le barriere e nel creare un futuro pi\u00f9 sostenibile insieme\u201d. \u201cInizia il viaggio della torcia verso Milano Cortina e celebriamo la stessa idea di armonia che unir\u00e0 assieme tutto il mondo in soli 72 giorni \u2013 ha aggiunto \u2013 Il passaggio della torcia costituisce un ponte tra antichit\u00e0 ed era moderna\u201d.<br \/>La cerimonia ha dato il via a una staffetta in territorio ellenico della durata di nove giorni, che attraverser\u00e0 circa 2.200 km toccando sette regioni della Grecia, con 36 cerimonie di benvenuto previste lungo il percorso. Saranno oltre 450 i tedofori che prenderanno parte a questa prima fase del viaggio della fiamma, che si concluder\u00e0 in terra ellenica il 4 dicembre ad Atene, con la consegna allo Stadio Panatenaico, dove una delegazione del Comitato organizzatore di Milano Cortina 2026 ricever\u00e0 ufficialmente la fiamma olimpica per poi portarla in Italia il giorno stesso. La fiamma arriver\u00e0 a Roma nel tardo pomeriggio \u2013 sar\u00e0 ricevuta al Quirinale dal presidente della Repubblica Sergio Mattarella \u2013 e il giorno dopo, il 5 dicembre alle 11, ci sar\u00e0 la cerimonia di inaugurazione del viaggio della torcia. Un viaggio che durer\u00e0 63 giorni, con 60 tappe lungo 12.000 km, attraversando 110 province e oltre 300 comuni. Il percorso si concluder\u00e0 la sera del 6 febbraio 2026 a Milano, con la cerimonia di apertura allo stadio di San Siro. Qui si accenderanno i riflettori sulla quarta edizione olimpica di sempre ospitata in Italia, dopo Cortina 1956, Roma 1960 e Torino 2006.<br \/>\u2013 foto Ipa Agency \u2013<br \/>(ITALPRESS).<\/p>\n<\/div>\n","protected":false},"excerpt":{"rendered":"<p>OLIMPIA (GRECIA) (ITALPRESS) \u2013 Il viaggio della torcia di Milano Cortina 2026 \u00e8 iniziato. Nel Museo archeologico di Olimpia \u2013 sede scelta in alternativa al tradizionale tempio di Hera a causa delle avverse condizioni meteorologiche previste \u2013 \u00e8 stata accesa la fiamma olimpica dei prossimi Giochi Olimpici invernali. La fiaccola \u00e8 stata affidata al primo [&hellip;]<\/p>\n","protected":false},"author":16,"featured_media":64249,"comment_status":"closed","ping_status":"closed","sticky":false,"template":"","format":"standard","meta":{"jnews-multi-image_gallery":[],"jnews_single_post":[],"jnews_primary_category":[],"jnews_social_meta":[],"jnews_override_counter":[],"jnews_post_split":[],"footnotes":""},"categories":[1129],"tags":[],"class_list":["post-64248","post","type-post","status-publish","format-standard","has-post-thumbnail","hentry","category-mondo"],"yoast_head":"<!-- This site is optimized with the Yoast SEO plugin v27.5 - https:\/\/yoast.com\/product\/yoast-seo-wordpress\/ -->\n<title>Accesa a Olimpia la fiamma olimpica di Milano Cortina 2026 - Live Magazine<\/title>\n<meta name=\"robots\" content=\"index, follow, max-snippet:-1, max-image-preview:large, max-video-preview:-1\" \/>\n<link rel=\"canonical\" href=\"https:\/\/www.livemag.it\/index.php\/2025\/11\/26\/accesa-a-olimpia-la-fiamma-olimpica-di-milano-cortina-2026\/\" \/>\n<meta property=\"og:locale\" content=\"it_IT\" \/>\n<meta property=\"og:type\" content=\"article\" \/>\n<meta property=\"og:title\" content=\"Accesa a Olimpia la fiamma olimpica di Milano Cortina 2026 - Live Magazine\" \/>\n<meta property=\"og:description\" content=\"OLIMPIA (GRECIA) (ITALPRESS) \u2013 Il viaggio della torcia di Milano Cortina 2026 \u00e8 iniziato. Nel Museo archeologico di Olimpia \u2013 sede scelta in alternativa al tradizionale tempio di Hera a causa delle avverse condizioni meteorologiche previste \u2013 \u00e8 stata accesa la fiamma olimpica dei prossimi Giochi Olimpici invernali. La fiaccola \u00e8 stata affidata al primo [&hellip;]\" \/>\n<meta property=\"og:url\" content=\"https:\/\/www.livemag.it\/index.php\/2025\/11\/26\/accesa-a-olimpia-la-fiamma-olimpica-di-milano-cortina-2026\/\" \/>\n<meta property=\"og:site_name\" content=\"Live Magazine\" \/>\n<meta property=\"article:publisher\" content=\"https:\/\/www.facebook.com\/LiveMag\/\" \/>\n<meta property=\"article:published_time\" content=\"2025-11-26T14:03:21+00:00\" \/>\n<meta property=\"og:image\" content=\"https:\/\/www.livemag.it\/wp-content\/uploads\/2024\/02\/ograph.jpg\" \/>\n\t<meta property=\"og:image:width\" content=\"1200\" \/>\n\t<meta property=\"og:image:height\" content=\"675\" \/>\n\t<meta property=\"og:image:type\" content=\"image\/jpeg\" \/>\n<meta name=\"author\" content=\"italpress\" \/>\n<meta name=\"twitter:card\" content=\"summary_large_image\" \/>\n<meta name=\"twitter:creator\" content=\"@LiveNotizie\" \/>\n<meta name=\"twitter:site\" content=\"@LiveNotizie\" \/>\n<meta name=\"twitter:label1\" content=\"Scritto da\" \/>\n\t<meta name=\"twitter:data1\" content=\"italpress\" \/>\n\t<meta name=\"twitter:label2\" content=\"Tempo di lettura stimato\" \/>\n\t<meta name=\"twitter:data2\" content=\"3 minuti\" \/>\n<script type=\"application\/ld+json\" class=\"yoast-schema-graph\">{\"@context\":\"https:\\\/\\\/schema.org\",\"@graph\":[{\"@type\":\"Article\",\"@id\":\"https:\\\/\\\/www.livemag.it\\\/index.php\\\/2025\\\/11\\\/26\\\/accesa-a-olimpia-la-fiamma-olimpica-di-milano-cortina-2026\\\/#article\",\"isPartOf\":{\"@id\":\"https:\\\/\\\/www.livemag.it\\\/index.php\\\/2025\\\/11\\\/26\\\/accesa-a-olimpia-la-fiamma-olimpica-di-milano-cortina-2026\\\/\"},\"author\":{\"name\":\"italpress\",\"@id\":\"https:\\\/\\\/www.livemag.it\\\/#\\\/schema\\\/person\\\/b62c5f44451fdcdaeb0afe6c2424e73c\"},\"headline\":\"Accesa a Olimpia la fiamma olimpica di Milano Cortina 2026\",\"datePublished\":\"2025-11-26T14:03:21+00:00\",\"mainEntityOfPage\":{\"@id\":\"https:\\\/\\\/www.livemag.it\\\/index.php\\\/2025\\\/11\\\/26\\\/accesa-a-olimpia-la-fiamma-olimpica-di-milano-cortina-2026\\\/\"},\"wordCount\":632,\"publisher\":{\"@id\":\"https:\\\/\\\/www.livemag.it\\\/#organization\"},\"image\":{\"@id\":\"https:\\\/\\\/www.livemag.it\\\/index.php\\\/2025\\\/11\\\/26\\\/accesa-a-olimpia-la-fiamma-olimpica-di-milano-cortina-2026\\\/#primaryimage\"},\"thumbnailUrl\":\"https:\\\/\\\/www.livemag.it\\\/wp-content\\\/uploads\\\/2025\\\/11\\\/20251126_0603.jpg\",\"articleSection\":[\"Mondo\"],\"inLanguage\":\"it-IT\"},{\"@type\":\"WebPage\",\"@id\":\"https:\\\/\\\/www.livemag.it\\\/index.php\\\/2025\\\/11\\\/26\\\/accesa-a-olimpia-la-fiamma-olimpica-di-milano-cortina-2026\\\/\",\"url\":\"https:\\\/\\\/www.livemag.it\\\/index.php\\\/2025\\\/11\\\/26\\\/accesa-a-olimpia-la-fiamma-olimpica-di-milano-cortina-2026\\\/\",\"name\":\"Accesa a Olimpia la fiamma olimpica di Milano Cortina 2026 - Live Magazine\",\"isPartOf\":{\"@id\":\"https:\\\/\\\/www.livemag.it\\\/#website\"},\"primaryImageOfPage\":{\"@id\":\"https:\\\/\\\/www.livemag.it\\\/index.php\\\/2025\\\/11\\\/26\\\/accesa-a-olimpia-la-fiamma-olimpica-di-milano-cortina-2026\\\/#primaryimage\"},\"image\":{\"@id\":\"https:\\\/\\\/www.livemag.it\\\/index.php\\\/2025\\\/11\\\/26\\\/accesa-a-olimpia-la-fiamma-olimpica-di-milano-cortina-2026\\\/#primaryimage\"},\"thumbnailUrl\":\"https:\\\/\\\/www.livemag.it\\\/wp-content\\\/uploads\\\/2025\\\/11\\\/20251126_0603.jpg\",\"datePublished\":\"2025-11-26T14:03:21+00:00\",\"breadcrumb\":{\"@id\":\"https:\\\/\\\/www.livemag.it\\\/index.php\\\/2025\\\/11\\\/26\\\/accesa-a-olimpia-la-fiamma-olimpica-di-milano-cortina-2026\\\/#breadcrumb\"},\"inLanguage\":\"it-IT\",\"potentialAction\":[{\"@type\":\"ReadAction\",\"target\":[\"https:\\\/\\\/www.livemag.it\\\/index.php\\\/2025\\\/11\\\/26\\\/accesa-a-olimpia-la-fiamma-olimpica-di-milano-cortina-2026\\\/\"]}]},{\"@type\":\"ImageObject\",\"inLanguage\":\"it-IT\",\"@id\":\"https:\\\/\\\/www.livemag.it\\\/index.php\\\/2025\\\/11\\\/26\\\/accesa-a-olimpia-la-fiamma-olimpica-di-milano-cortina-2026\\\/#primaryimage\",\"url\":\"https:\\\/\\\/www.livemag.it\\\/wp-content\\\/uploads\\\/2025\\\/11\\\/20251126_0603.jpg\",\"contentUrl\":\"https:\\\/\\\/www.livemag.it\\\/wp-content\\\/uploads\\\/2025\\\/11\\\/20251126_0603.jpg\",\"width\":1200,\"height\":800},{\"@type\":\"BreadcrumbList\",\"@id\":\"https:\\\/\\\/www.livemag.it\\\/index.php\\\/2025\\\/11\\\/26\\\/accesa-a-olimpia-la-fiamma-olimpica-di-milano-cortina-2026\\\/#breadcrumb\",\"itemListElement\":[{\"@type\":\"ListItem\",\"position\":1,\"name\":\"Home\",\"item\":\"https:\\\/\\\/www.livemag.it\\\/\"},{\"@type\":\"ListItem\",\"position\":2,\"name\":\"Accesa a Olimpia la fiamma olimpica di Milano Cortina 2026\"}]},{\"@type\":\"WebSite\",\"@id\":\"https:\\\/\\\/www.livemag.it\\\/#website\",\"url\":\"https:\\\/\\\/www.livemag.it\\\/\",\"name\":\"Live Magazine\",\"description\":\"Varie ed eventi\",\"publisher\":{\"@id\":\"https:\\\/\\\/www.livemag.it\\\/#organization\"},\"potentialAction\":[{\"@type\":\"SearchAction\",\"target\":{\"@type\":\"EntryPoint\",\"urlTemplate\":\"https:\\\/\\\/www.livemag.it\\\/?s={search_term_string}\"},\"query-input\":{\"@type\":\"PropertyValueSpecification\",\"valueRequired\":true,\"valueName\":\"search_term_string\"}}],\"inLanguage\":\"it-IT\"},{\"@type\":\"Organization\",\"@id\":\"https:\\\/\\\/www.livemag.it\\\/#organization\",\"name\":\"LiveMag\",\"alternateName\":\"LiveMag News ed eventi\",\"url\":\"https:\\\/\\\/www.livemag.it\\\/\",\"logo\":{\"@type\":\"ImageObject\",\"inLanguage\":\"it-IT\",\"@id\":\"https:\\\/\\\/www.livemag.it\\\/#\\\/schema\\\/logo\\\/image\\\/\",\"url\":\"https:\\\/\\\/www.livemag.it\\\/wp-content\\\/uploads\\\/2024\\\/02\\\/immagine-sito.jpg\",\"contentUrl\":\"https:\\\/\\\/www.livemag.it\\\/wp-content\\\/uploads\\\/2024\\\/02\\\/immagine-sito.jpg\",\"width\":696,\"height\":696,\"caption\":\"LiveMag\"},\"image\":{\"@id\":\"https:\\\/\\\/www.livemag.it\\\/#\\\/schema\\\/logo\\\/image\\\/\"},\"sameAs\":[\"https:\\\/\\\/www.facebook.com\\\/LiveMag\\\/\",\"https:\\\/\\\/x.com\\\/LiveNotizie\",\"https:\\\/\\\/www.instagram.com\\\/livemag\\\/\"]},{\"@type\":\"Person\",\"@id\":\"https:\\\/\\\/www.livemag.it\\\/#\\\/schema\\\/person\\\/b62c5f44451fdcdaeb0afe6c2424e73c\",\"name\":\"italpress\",\"image\":{\"@type\":\"ImageObject\",\"inLanguage\":\"it-IT\",\"@id\":\"https:\\\/\\\/secure.gravatar.com\\\/avatar\\\/b6a21695fc713ce7ee312cf57c97e2e641feb365be72d8745574d3c3e2b59066?s=96&r=g\",\"url\":\"https:\\\/\\\/secure.gravatar.com\\\/avatar\\\/b6a21695fc713ce7ee312cf57c97e2e641feb365be72d8745574d3c3e2b59066?s=96&r=g\",\"contentUrl\":\"https:\\\/\\\/secure.gravatar.com\\\/avatar\\\/b6a21695fc713ce7ee312cf57c97e2e641feb365be72d8745574d3c3e2b59066?s=96&r=g\",\"caption\":\"italpress\"},\"description\":\"Italpress \u00e8 un'agenzia di stampa italiana a carattere nazionale.\",\"url\":\"https:\\\/\\\/www.livemag.it\\\/index.php\\\/author\\\/italpress\\\/\"}]}<\/script>\n<!-- \/ Yoast SEO plugin. -->","yoast_head_json":{"title":"Accesa a Olimpia la fiamma olimpica di Milano Cortina 2026 - Live Magazine","robots":{"index":"index","follow":"follow","max-snippet":"max-snippet:-1","max-image-preview":"max-image-preview:large","max-video-preview":"max-video-preview:-1"},"canonical":"https:\/\/www.livemag.it\/index.php\/2025\/11\/26\/accesa-a-olimpia-la-fiamma-olimpica-di-milano-cortina-2026\/","og_locale":"it_IT","og_type":"article","og_title":"Accesa a Olimpia la fiamma olimpica di Milano Cortina 2026 - Live Magazine","og_description":"OLIMPIA (GRECIA) (ITALPRESS) \u2013 Il viaggio della torcia di Milano Cortina 2026 \u00e8 iniziato. Nel Museo archeologico di Olimpia \u2013 sede scelta in alternativa al tradizionale tempio di Hera a causa delle avverse condizioni meteorologiche previste \u2013 \u00e8 stata accesa la fiamma olimpica dei prossimi Giochi Olimpici invernali. La fiaccola \u00e8 stata affidata al primo [&hellip;]","og_url":"https:\/\/www.livemag.it\/index.php\/2025\/11\/26\/accesa-a-olimpia-la-fiamma-olimpica-di-milano-cortina-2026\/","og_site_name":"Live Magazine","article_publisher":"https:\/\/www.facebook.com\/LiveMag\/","article_published_time":"2025-11-26T14:03:21+00:00","og_image":[{"width":1200,"height":675,"url":"https:\/\/www.livemag.it\/wp-content\/uploads\/2024\/02\/ograph.jpg","type":"image\/jpeg"}],"author":"italpress","twitter_card":"summary_large_image","twitter_creator":"@LiveNotizie","twitter_site":"@LiveNotizie","twitter_misc":{"Scritto da":"italpress","Tempo di lettura stimato":"3 minuti"},"schema":{"@context":"https:\/\/schema.org","@graph":[{"@type":"Article","@id":"https:\/\/www.livemag.it\/index.php\/2025\/11\/26\/accesa-a-olimpia-la-fiamma-olimpica-di-milano-cortina-2026\/#article","isPartOf":{"@id":"https:\/\/www.livemag.it\/index.php\/2025\/11\/26\/accesa-a-olimpia-la-fiamma-olimpica-di-milano-cortina-2026\/"},"author":{"name":"italpress","@id":"https:\/\/www.livemag.it\/#\/schema\/person\/b62c5f44451fdcdaeb0afe6c2424e73c"},"headline":"Accesa a Olimpia la fiamma olimpica di Milano Cortina 2026","datePublished":"2025-11-26T14:03:21+00:00","mainEntityOfPage":{"@id":"https:\/\/www.livemag.it\/index.php\/2025\/11\/26\/accesa-a-olimpia-la-fiamma-olimpica-di-milano-cortina-2026\/"},"wordCount":632,"publisher":{"@id":"https:\/\/www.livemag.it\/#organization"},"image":{"@id":"https:\/\/www.livemag.it\/index.php\/2025\/11\/26\/accesa-a-olimpia-la-fiamma-olimpica-di-milano-cortina-2026\/#primaryimage"},"thumbnailUrl":"https:\/\/www.livemag.it\/wp-content\/uploads\/2025\/11\/20251126_0603.jpg","articleSection":["Mondo"],"inLanguage":"it-IT"},{"@type":"WebPage","@id":"https:\/\/www.livemag.it\/index.php\/2025\/11\/26\/accesa-a-olimpia-la-fiamma-olimpica-di-milano-cortina-2026\/","url":"https:\/\/www.livemag.it\/index.php\/2025\/11\/26\/accesa-a-olimpia-la-fiamma-olimpica-di-milano-cortina-2026\/","name":"Accesa a Olimpia la fiamma olimpica di Milano Cortina 2026 - Live Magazine","isPartOf":{"@id":"https:\/\/www.livemag.it\/#website"},"primaryImageOfPage":{"@id":"https:\/\/www.livemag.it\/index.php\/2025\/11\/26\/accesa-a-olimpia-la-fiamma-olimpica-di-milano-cortina-2026\/#primaryimage"},"image":{"@id":"https:\/\/www.livemag.it\/index.php\/2025\/11\/26\/accesa-a-olimpia-la-fiamma-olimpica-di-milano-cortina-2026\/#primaryimage"},"thumbnailUrl":"https:\/\/www.livemag.it\/wp-content\/uploads\/2025\/11\/20251126_0603.jpg","datePublished":"2025-11-26T14:03:21+00:00","breadcrumb":{"@id":"https:\/\/www.livemag.it\/index.php\/2025\/11\/26\/accesa-a-olimpia-la-fiamma-olimpica-di-milano-cortina-2026\/#breadcrumb"},"inLanguage":"it-IT","potentialAction":[{"@type":"ReadAction","target":["https:\/\/www.livemag.it\/index.php\/2025\/11\/26\/accesa-a-olimpia-la-fiamma-olimpica-di-milano-cortina-2026\/"]}]},{"@type":"ImageObject","inLanguage":"it-IT","@id":"https:\/\/www.livemag.it\/index.php\/2025\/11\/26\/accesa-a-olimpia-la-fiamma-olimpica-di-milano-cortina-2026\/#primaryimage","url":"https:\/\/www.livemag.it\/wp-content\/uploads\/2025\/11\/20251126_0603.jpg","contentUrl":"https:\/\/www.livemag.it\/wp-content\/uploads\/2025\/11\/20251126_0603.jpg","width":1200,"height":800},{"@type":"BreadcrumbList","@id":"https:\/\/www.livemag.it\/index.php\/2025\/11\/26\/accesa-a-olimpia-la-fiamma-olimpica-di-milano-cortina-2026\/#breadcrumb","itemListElement":[{"@type":"ListItem","position":1,"name":"Home","item":"https:\/\/www.livemag.it\/"},{"@type":"ListItem","position":2,"name":"Accesa a Olimpia la fiamma olimpica di Milano Cortina 2026"}]},{"@type":"WebSite","@id":"https:\/\/www.livemag.it\/#website","url":"https:\/\/www.livemag.it\/","name":"Live Magazine","description":"Varie ed eventi","publisher":{"@id":"https:\/\/www.livemag.it\/#organization"},"potentialAction":[{"@type":"SearchAction","target":{"@type":"EntryPoint","urlTemplate":"https:\/\/www.livemag.it\/?s={search_term_string}"},"query-input":{"@type":"PropertyValueSpecification","valueRequired":true,"valueName":"search_term_string"}}],"inLanguage":"it-IT"},{"@type":"Organization","@id":"https:\/\/www.livemag.it\/#organization","name":"LiveMag","alternateName":"LiveMag News ed eventi","url":"https:\/\/www.livemag.it\/","logo":{"@type":"ImageObject","inLanguage":"it-IT","@id":"https:\/\/www.livemag.it\/#\/schema\/logo\/image\/","url":"https:\/\/www.livemag.it\/wp-content\/uploads\/2024\/02\/immagine-sito.jpg","contentUrl":"https:\/\/www.livemag.it\/wp-content\/uploads\/2024\/02\/immagine-sito.jpg","width":696,"height":696,"caption":"LiveMag"},"image":{"@id":"https:\/\/www.livemag.it\/#\/schema\/logo\/image\/"},"sameAs":["https:\/\/www.facebook.com\/LiveMag\/","https:\/\/x.com\/LiveNotizie","https:\/\/www.instagram.com\/livemag\/"]},{"@type":"Person","@id":"https:\/\/www.livemag.it\/#\/schema\/person\/b62c5f44451fdcdaeb0afe6c2424e73c","name":"italpress","image":{"@type":"ImageObject","inLanguage":"it-IT","@id":"https:\/\/secure.gravatar.com\/avatar\/b6a21695fc713ce7ee312cf57c97e2e641feb365be72d8745574d3c3e2b59066?s=96&r=g","url":"https:\/\/secure.gravatar.com\/avatar\/b6a21695fc713ce7ee312cf57c97e2e641feb365be72d8745574d3c3e2b59066?s=96&r=g","contentUrl":"https:\/\/secure.gravatar.com\/avatar\/b6a21695fc713ce7ee312cf57c97e2e641feb365be72d8745574d3c3e2b59066?s=96&r=g","caption":"italpress"},"description":"Italpress \u00e8 un'agenzia di stampa italiana a carattere nazionale.","url":"https:\/\/www.livemag.it\/index.php\/author\/italpress\/"}]}},"jetpack_featured_media_url":"https:\/\/www.livemag.it\/wp-content\/uploads\/2025\/11\/20251126_0603.jpg","_links":{"self":[{"href":"https:\/\/www.livemag.it\/index.php\/wp-json\/wp\/v2\/posts\/64248","targetHints":{"allow":["GET"]}}],"collection":[{"href":"https:\/\/www.livemag.it\/index.php\/wp-json\/wp\/v2\/posts"}],"about":[{"href":"https:\/\/www.livemag.it\/index.php\/wp-json\/wp\/v2\/types\/post"}],"author":[{"embeddable":true,"href":"https:\/\/www.livemag.it\/index.php\/wp-json\/wp\/v2\/users\/16"}],"replies":[{"embeddable":true,"href":"https:\/\/www.livemag.it\/index.php\/wp-json\/wp\/v2\/comments?post=64248"}],"version-history":[{"count":0,"href":"https:\/\/www.livemag.it\/index.php\/wp-json\/wp\/v2\/posts\/64248\/revisions"}],"wp:featuredmedia":[{"embeddable":true,"href":"https:\/\/www.livemag.it\/index.php\/wp-json\/wp\/v2\/media\/64249"}],"wp:attachment":[{"href":"https:\/\/www.livemag.it\/index.php\/wp-json\/wp\/v2\/media?parent=64248"}],"wp:term":[{"taxonomy":"category","embeddable":true,"href":"https:\/\/www.livemag.it\/index.php\/wp-json\/wp\/v2\/categories?post=64248"},{"taxonomy":"post_tag","embeddable":true,"href":"https:\/\/www.livemag.it\/index.php\/wp-json\/wp\/v2\/tags?post=64248"}],"curies":[{"name":"wp","href":"https:\/\/api.w.org\/{rel}","templated":true}]}}