{"id":64244,"date":"2025-11-26T15:03:16","date_gmt":"2025-11-26T14:03:16","guid":{"rendered":"https:\/\/www.livemag.it\/index.php\/2025\/11\/26\/apre-a-roma-amazon-black-friday-domus\/"},"modified":"2025-11-26T15:03:16","modified_gmt":"2025-11-26T14:03:16","slug":"apre-a-roma-amazon-black-friday-domus","status":"publish","type":"post","link":"https:\/\/www.livemag.it\/index.php\/2025\/11\/26\/apre-a-roma-amazon-black-friday-domus\/","title":{"rendered":"Apre a Roma Amazon Black Friday Domus"},"content":{"rendered":"<div>\n<p>ROMA (ITALPRESS) \u2013 Amazon Black Friday Domus celebra la settimana del Black Friday di Amazon. Per la prima volta, Amazon porta l\u2019esperienza del Black Friday dal digitale nel cuore storico di Roma. Dal 25 al 30 novembre, in Via del Babuino 81, apre Amazon Black Friday Domus, un\u2019esclusiva \u201ccasa contemporanea\u201d pensata per celebrare la settimana di sconti pi\u00f9 attesa dell\u2019anno e aiutare i clienti a trovare i regali perfetti per il Natale. \u201cAmazon Black Friday Domus \u00e8 uno spazio esperienziale aperto a tutti i visitatori dal 25 al 30 novembre. E\u2019 un nuovo modo per interpretare il Black Friday, entrando in una Domus contemporanea in chiave Amazon. Roma \u00e8 la citt\u00e0 ideale per questo concept, essendo un crocevia tra modernit\u00e0 e storia\u201d, le parole di Giorgio Busnelli, VP e Country Manager di Amazon per l\u2019Italia. La Domus contemporanea di Amazon offre un\u2019opportunit\u00e0 unica ai visitatori e agli appassionati per esplorare le migliori offerte del Black Friday, trovare ispirazione per i regali di Natale e scoprire i servizi di Amazon che hanno trasformato il modo di fare acquisti in Italia negli ultimi 15 anni. Le vetrine esterne della Domus, ispirate all\u2019architettura iconica del Colosseo, ospitano una selezione di prodotti in offerta su Amazon.it durante la settimana del Black Friday. La Domus non solo ospita alcune delle migliori offerte disponibili online, ma propone anche un\u2019area interamente dedicata a una nuova esperienza di shopping per chi vuole massimizzare il risparmio: Amazon Haul. \u201cAmazon Black Friday Domus offre diverse aree tematiche: si parte dalla selezione delle offerte di Black Friday, alle idee per regali di Natale, attivit\u00e0 coinvolgenti a cui i visitatori possono partecipare, i servizi innovativi di Amazon che possono essere toccati con mano come Alexa o Rufus, il nostro assistente virtuale basato sull\u2019intelligenza artificiale generativa. C\u2019\u00e8 anche uno spazio dedicato ai 15 anni di Amazon in Italia\u201d, aggiunge Busnelli. Diverse le aree tematiche a disposizione dei visitatori: tra queste, \u00e8 possibile accedere all\u2019area Gaming con Nintendo e al Caff\u00e8 Letterario, uno spazio che celebra l\u2019impegno quindicennale di Amazon per la cultura e i libri in Italia e in cui si tengono incontri con autori di spicco come Oscar Farinetti e l\u2019esperto di geopolitica Dario Fabbri. All\u2019interno dell\u2019area beauty con L\u2019Oreal \u00e8 stato creato un hub esperienziale della bellezza dove make-up artist e hairstylist offrono consulenze personalizzate.<br \/>L\u2019ingresso ad Amazon Black Friday Domus \u00e8 gratuito e l\u2019evento sar\u00e0 aperto al pubblico dal 25 al 30 novembre. \u201cIn questa settimana di Black Friday i clienti avranno accesso su Amazon a pi\u00f9 di un milione di offerte con sconti fino al 30% su diverse categorie. E\u2019 un modo per supportare anche le economie locali e le piccole e medie imprese del Made in Italy, per far conoscere le eccellenze locali del nostro territorio\u201d, conclude Busnelli.<br \/>-news in collaborazione con Amazon \u2013<br \/>-foto ufficio stampa Amazon \u2013<br \/>(ITALPRESS).<\/p>\n<\/div>\n","protected":false},"excerpt":{"rendered":"<p>ROMA (ITALPRESS) \u2013 Amazon Black Friday Domus celebra la settimana del Black Friday di Amazon. Per la prima volta, Amazon porta l\u2019esperienza del Black Friday dal digitale nel cuore storico di Roma. Dal 25 al 30 novembre, in Via del Babuino 81, apre Amazon Black Friday Domus, un\u2019esclusiva \u201ccasa contemporanea\u201d pensata per celebrare la settimana [&hellip;]<\/p>\n","protected":false},"author":16,"featured_media":64245,"comment_status":"closed","ping_status":"closed","sticky":false,"template":"","format":"standard","meta":{"jnews-multi-image_gallery":[],"jnews_single_post":[],"jnews_primary_category":[],"jnews_social_meta":[],"jnews_override_counter":[],"jnews_post_split":[],"footnotes":""},"categories":[1129],"tags":[],"class_list":["post-64244","post","type-post","status-publish","format-standard","has-post-thumbnail","hentry","category-mondo"],"yoast_head":"<!-- This site is optimized with the Yoast SEO plugin v27.5 - https:\/\/yoast.com\/product\/yoast-seo-wordpress\/ -->\n<title>Apre a Roma Amazon Black Friday Domus - Live Magazine<\/title>\n<meta name=\"robots\" content=\"index, follow, max-snippet:-1, max-image-preview:large, max-video-preview:-1\" \/>\n<link rel=\"canonical\" href=\"https:\/\/www.livemag.it\/index.php\/2025\/11\/26\/apre-a-roma-amazon-black-friday-domus\/\" \/>\n<meta property=\"og:locale\" content=\"it_IT\" \/>\n<meta property=\"og:type\" content=\"article\" \/>\n<meta property=\"og:title\" content=\"Apre a Roma Amazon Black Friday Domus - Live Magazine\" \/>\n<meta property=\"og:description\" content=\"ROMA (ITALPRESS) \u2013 Amazon Black Friday Domus celebra la settimana del Black Friday di Amazon. Per la prima volta, Amazon porta l\u2019esperienza del Black Friday dal digitale nel cuore storico di Roma. Dal 25 al 30 novembre, in Via del Babuino 81, apre Amazon Black Friday Domus, un\u2019esclusiva \u201ccasa contemporanea\u201d pensata per celebrare la settimana [&hellip;]\" \/>\n<meta property=\"og:url\" content=\"https:\/\/www.livemag.it\/index.php\/2025\/11\/26\/apre-a-roma-amazon-black-friday-domus\/\" \/>\n<meta property=\"og:site_name\" content=\"Live Magazine\" \/>\n<meta property=\"article:publisher\" content=\"https:\/\/www.facebook.com\/LiveMag\/\" \/>\n<meta property=\"article:published_time\" content=\"2025-11-26T14:03:16+00:00\" \/>\n<meta property=\"og:image\" content=\"https:\/\/www.livemag.it\/wp-content\/uploads\/2024\/02\/ograph.jpg\" \/>\n\t<meta property=\"og:image:width\" content=\"1200\" \/>\n\t<meta property=\"og:image:height\" content=\"675\" \/>\n\t<meta property=\"og:image:type\" content=\"image\/jpeg\" \/>\n<meta name=\"author\" content=\"italpress\" \/>\n<meta name=\"twitter:card\" content=\"summary_large_image\" \/>\n<meta name=\"twitter:creator\" content=\"@LiveNotizie\" \/>\n<meta name=\"twitter:site\" content=\"@LiveNotizie\" \/>\n<meta name=\"twitter:label1\" content=\"Scritto da\" \/>\n\t<meta name=\"twitter:data1\" content=\"italpress\" \/>\n\t<meta name=\"twitter:label2\" content=\"Tempo di lettura stimato\" \/>\n\t<meta name=\"twitter:data2\" content=\"2 minuti\" \/>\n<script type=\"application\/ld+json\" class=\"yoast-schema-graph\">{\"@context\":\"https:\\\/\\\/schema.org\",\"@graph\":[{\"@type\":\"Article\",\"@id\":\"https:\\\/\\\/www.livemag.it\\\/index.php\\\/2025\\\/11\\\/26\\\/apre-a-roma-amazon-black-friday-domus\\\/#article\",\"isPartOf\":{\"@id\":\"https:\\\/\\\/www.livemag.it\\\/index.php\\\/2025\\\/11\\\/26\\\/apre-a-roma-amazon-black-friday-domus\\\/\"},\"author\":{\"name\":\"italpress\",\"@id\":\"https:\\\/\\\/www.livemag.it\\\/#\\\/schema\\\/person\\\/b62c5f44451fdcdaeb0afe6c2424e73c\"},\"headline\":\"Apre a Roma Amazon Black Friday Domus\",\"datePublished\":\"2025-11-26T14:03:16+00:00\",\"mainEntityOfPage\":{\"@id\":\"https:\\\/\\\/www.livemag.it\\\/index.php\\\/2025\\\/11\\\/26\\\/apre-a-roma-amazon-black-friday-domus\\\/\"},\"wordCount\":478,\"publisher\":{\"@id\":\"https:\\\/\\\/www.livemag.it\\\/#organization\"},\"image\":{\"@id\":\"https:\\\/\\\/www.livemag.it\\\/index.php\\\/2025\\\/11\\\/26\\\/apre-a-roma-amazon-black-friday-domus\\\/#primaryimage\"},\"thumbnailUrl\":\"https:\\\/\\\/www.livemag.it\\\/wp-content\\\/uploads\\\/2025\\\/11\\\/20251126_0469.jpg\",\"articleSection\":[\"Mondo\"],\"inLanguage\":\"it-IT\"},{\"@type\":\"WebPage\",\"@id\":\"https:\\\/\\\/www.livemag.it\\\/index.php\\\/2025\\\/11\\\/26\\\/apre-a-roma-amazon-black-friday-domus\\\/\",\"url\":\"https:\\\/\\\/www.livemag.it\\\/index.php\\\/2025\\\/11\\\/26\\\/apre-a-roma-amazon-black-friday-domus\\\/\",\"name\":\"Apre a Roma Amazon Black Friday Domus - Live Magazine\",\"isPartOf\":{\"@id\":\"https:\\\/\\\/www.livemag.it\\\/#website\"},\"primaryImageOfPage\":{\"@id\":\"https:\\\/\\\/www.livemag.it\\\/index.php\\\/2025\\\/11\\\/26\\\/apre-a-roma-amazon-black-friday-domus\\\/#primaryimage\"},\"image\":{\"@id\":\"https:\\\/\\\/www.livemag.it\\\/index.php\\\/2025\\\/11\\\/26\\\/apre-a-roma-amazon-black-friday-domus\\\/#primaryimage\"},\"thumbnailUrl\":\"https:\\\/\\\/www.livemag.it\\\/wp-content\\\/uploads\\\/2025\\\/11\\\/20251126_0469.jpg\",\"datePublished\":\"2025-11-26T14:03:16+00:00\",\"breadcrumb\":{\"@id\":\"https:\\\/\\\/www.livemag.it\\\/index.php\\\/2025\\\/11\\\/26\\\/apre-a-roma-amazon-black-friday-domus\\\/#breadcrumb\"},\"inLanguage\":\"it-IT\",\"potentialAction\":[{\"@type\":\"ReadAction\",\"target\":[\"https:\\\/\\\/www.livemag.it\\\/index.php\\\/2025\\\/11\\\/26\\\/apre-a-roma-amazon-black-friday-domus\\\/\"]}]},{\"@type\":\"ImageObject\",\"inLanguage\":\"it-IT\",\"@id\":\"https:\\\/\\\/www.livemag.it\\\/index.php\\\/2025\\\/11\\\/26\\\/apre-a-roma-amazon-black-friday-domus\\\/#primaryimage\",\"url\":\"https:\\\/\\\/www.livemag.it\\\/wp-content\\\/uploads\\\/2025\\\/11\\\/20251126_0469.jpg\",\"contentUrl\":\"https:\\\/\\\/www.livemag.it\\\/wp-content\\\/uploads\\\/2025\\\/11\\\/20251126_0469.jpg\",\"width\":1200,\"height\":801},{\"@type\":\"BreadcrumbList\",\"@id\":\"https:\\\/\\\/www.livemag.it\\\/index.php\\\/2025\\\/11\\\/26\\\/apre-a-roma-amazon-black-friday-domus\\\/#breadcrumb\",\"itemListElement\":[{\"@type\":\"ListItem\",\"position\":1,\"name\":\"Home\",\"item\":\"https:\\\/\\\/www.livemag.it\\\/\"},{\"@type\":\"ListItem\",\"position\":2,\"name\":\"Apre a Roma Amazon Black Friday Domus\"}]},{\"@type\":\"WebSite\",\"@id\":\"https:\\\/\\\/www.livemag.it\\\/#website\",\"url\":\"https:\\\/\\\/www.livemag.it\\\/\",\"name\":\"Live Magazine\",\"description\":\"Varie ed eventi\",\"publisher\":{\"@id\":\"https:\\\/\\\/www.livemag.it\\\/#organization\"},\"potentialAction\":[{\"@type\":\"SearchAction\",\"target\":{\"@type\":\"EntryPoint\",\"urlTemplate\":\"https:\\\/\\\/www.livemag.it\\\/?s={search_term_string}\"},\"query-input\":{\"@type\":\"PropertyValueSpecification\",\"valueRequired\":true,\"valueName\":\"search_term_string\"}}],\"inLanguage\":\"it-IT\"},{\"@type\":\"Organization\",\"@id\":\"https:\\\/\\\/www.livemag.it\\\/#organization\",\"name\":\"LiveMag\",\"alternateName\":\"LiveMag News ed eventi\",\"url\":\"https:\\\/\\\/www.livemag.it\\\/\",\"logo\":{\"@type\":\"ImageObject\",\"inLanguage\":\"it-IT\",\"@id\":\"https:\\\/\\\/www.livemag.it\\\/#\\\/schema\\\/logo\\\/image\\\/\",\"url\":\"https:\\\/\\\/www.livemag.it\\\/wp-content\\\/uploads\\\/2024\\\/02\\\/immagine-sito.jpg\",\"contentUrl\":\"https:\\\/\\\/www.livemag.it\\\/wp-content\\\/uploads\\\/2024\\\/02\\\/immagine-sito.jpg\",\"width\":696,\"height\":696,\"caption\":\"LiveMag\"},\"image\":{\"@id\":\"https:\\\/\\\/www.livemag.it\\\/#\\\/schema\\\/logo\\\/image\\\/\"},\"sameAs\":[\"https:\\\/\\\/www.facebook.com\\\/LiveMag\\\/\",\"https:\\\/\\\/x.com\\\/LiveNotizie\",\"https:\\\/\\\/www.instagram.com\\\/livemag\\\/\"]},{\"@type\":\"Person\",\"@id\":\"https:\\\/\\\/www.livemag.it\\\/#\\\/schema\\\/person\\\/b62c5f44451fdcdaeb0afe6c2424e73c\",\"name\":\"italpress\",\"image\":{\"@type\":\"ImageObject\",\"inLanguage\":\"it-IT\",\"@id\":\"https:\\\/\\\/secure.gravatar.com\\\/avatar\\\/b6a21695fc713ce7ee312cf57c97e2e641feb365be72d8745574d3c3e2b59066?s=96&r=g\",\"url\":\"https:\\\/\\\/secure.gravatar.com\\\/avatar\\\/b6a21695fc713ce7ee312cf57c97e2e641feb365be72d8745574d3c3e2b59066?s=96&r=g\",\"contentUrl\":\"https:\\\/\\\/secure.gravatar.com\\\/avatar\\\/b6a21695fc713ce7ee312cf57c97e2e641feb365be72d8745574d3c3e2b59066?s=96&r=g\",\"caption\":\"italpress\"},\"description\":\"Italpress \u00e8 un'agenzia di stampa italiana a carattere nazionale.\",\"url\":\"https:\\\/\\\/www.livemag.it\\\/index.php\\\/author\\\/italpress\\\/\"}]}<\/script>\n<!-- \/ Yoast SEO plugin. -->","yoast_head_json":{"title":"Apre a Roma Amazon Black Friday Domus - Live Magazine","robots":{"index":"index","follow":"follow","max-snippet":"max-snippet:-1","max-image-preview":"max-image-preview:large","max-video-preview":"max-video-preview:-1"},"canonical":"https:\/\/www.livemag.it\/index.php\/2025\/11\/26\/apre-a-roma-amazon-black-friday-domus\/","og_locale":"it_IT","og_type":"article","og_title":"Apre a Roma Amazon Black Friday Domus - Live Magazine","og_description":"ROMA (ITALPRESS) \u2013 Amazon Black Friday Domus celebra la settimana del Black Friday di Amazon. Per la prima volta, Amazon porta l\u2019esperienza del Black Friday dal digitale nel cuore storico di Roma. Dal 25 al 30 novembre, in Via del Babuino 81, apre Amazon Black Friday Domus, un\u2019esclusiva \u201ccasa contemporanea\u201d pensata per celebrare la settimana [&hellip;]","og_url":"https:\/\/www.livemag.it\/index.php\/2025\/11\/26\/apre-a-roma-amazon-black-friday-domus\/","og_site_name":"Live Magazine","article_publisher":"https:\/\/www.facebook.com\/LiveMag\/","article_published_time":"2025-11-26T14:03:16+00:00","og_image":[{"width":1200,"height":675,"url":"https:\/\/www.livemag.it\/wp-content\/uploads\/2024\/02\/ograph.jpg","type":"image\/jpeg"}],"author":"italpress","twitter_card":"summary_large_image","twitter_creator":"@LiveNotizie","twitter_site":"@LiveNotizie","twitter_misc":{"Scritto da":"italpress","Tempo di lettura stimato":"2 minuti"},"schema":{"@context":"https:\/\/schema.org","@graph":[{"@type":"Article","@id":"https:\/\/www.livemag.it\/index.php\/2025\/11\/26\/apre-a-roma-amazon-black-friday-domus\/#article","isPartOf":{"@id":"https:\/\/www.livemag.it\/index.php\/2025\/11\/26\/apre-a-roma-amazon-black-friday-domus\/"},"author":{"name":"italpress","@id":"https:\/\/www.livemag.it\/#\/schema\/person\/b62c5f44451fdcdaeb0afe6c2424e73c"},"headline":"Apre a Roma Amazon Black Friday Domus","datePublished":"2025-11-26T14:03:16+00:00","mainEntityOfPage":{"@id":"https:\/\/www.livemag.it\/index.php\/2025\/11\/26\/apre-a-roma-amazon-black-friday-domus\/"},"wordCount":478,"publisher":{"@id":"https:\/\/www.livemag.it\/#organization"},"image":{"@id":"https:\/\/www.livemag.it\/index.php\/2025\/11\/26\/apre-a-roma-amazon-black-friday-domus\/#primaryimage"},"thumbnailUrl":"https:\/\/www.livemag.it\/wp-content\/uploads\/2025\/11\/20251126_0469.jpg","articleSection":["Mondo"],"inLanguage":"it-IT"},{"@type":"WebPage","@id":"https:\/\/www.livemag.it\/index.php\/2025\/11\/26\/apre-a-roma-amazon-black-friday-domus\/","url":"https:\/\/www.livemag.it\/index.php\/2025\/11\/26\/apre-a-roma-amazon-black-friday-domus\/","name":"Apre a Roma Amazon Black Friday Domus - Live Magazine","isPartOf":{"@id":"https:\/\/www.livemag.it\/#website"},"primaryImageOfPage":{"@id":"https:\/\/www.livemag.it\/index.php\/2025\/11\/26\/apre-a-roma-amazon-black-friday-domus\/#primaryimage"},"image":{"@id":"https:\/\/www.livemag.it\/index.php\/2025\/11\/26\/apre-a-roma-amazon-black-friday-domus\/#primaryimage"},"thumbnailUrl":"https:\/\/www.livemag.it\/wp-content\/uploads\/2025\/11\/20251126_0469.jpg","datePublished":"2025-11-26T14:03:16+00:00","breadcrumb":{"@id":"https:\/\/www.livemag.it\/index.php\/2025\/11\/26\/apre-a-roma-amazon-black-friday-domus\/#breadcrumb"},"inLanguage":"it-IT","potentialAction":[{"@type":"ReadAction","target":["https:\/\/www.livemag.it\/index.php\/2025\/11\/26\/apre-a-roma-amazon-black-friday-domus\/"]}]},{"@type":"ImageObject","inLanguage":"it-IT","@id":"https:\/\/www.livemag.it\/index.php\/2025\/11\/26\/apre-a-roma-amazon-black-friday-domus\/#primaryimage","url":"https:\/\/www.livemag.it\/wp-content\/uploads\/2025\/11\/20251126_0469.jpg","contentUrl":"https:\/\/www.livemag.it\/wp-content\/uploads\/2025\/11\/20251126_0469.jpg","width":1200,"height":801},{"@type":"BreadcrumbList","@id":"https:\/\/www.livemag.it\/index.php\/2025\/11\/26\/apre-a-roma-amazon-black-friday-domus\/#breadcrumb","itemListElement":[{"@type":"ListItem","position":1,"name":"Home","item":"https:\/\/www.livemag.it\/"},{"@type":"ListItem","position":2,"name":"Apre a Roma Amazon Black Friday Domus"}]},{"@type":"WebSite","@id":"https:\/\/www.livemag.it\/#website","url":"https:\/\/www.livemag.it\/","name":"Live Magazine","description":"Varie ed eventi","publisher":{"@id":"https:\/\/www.livemag.it\/#organization"},"potentialAction":[{"@type":"SearchAction","target":{"@type":"EntryPoint","urlTemplate":"https:\/\/www.livemag.it\/?s={search_term_string}"},"query-input":{"@type":"PropertyValueSpecification","valueRequired":true,"valueName":"search_term_string"}}],"inLanguage":"it-IT"},{"@type":"Organization","@id":"https:\/\/www.livemag.it\/#organization","name":"LiveMag","alternateName":"LiveMag News ed eventi","url":"https:\/\/www.livemag.it\/","logo":{"@type":"ImageObject","inLanguage":"it-IT","@id":"https:\/\/www.livemag.it\/#\/schema\/logo\/image\/","url":"https:\/\/www.livemag.it\/wp-content\/uploads\/2024\/02\/immagine-sito.jpg","contentUrl":"https:\/\/www.livemag.it\/wp-content\/uploads\/2024\/02\/immagine-sito.jpg","width":696,"height":696,"caption":"LiveMag"},"image":{"@id":"https:\/\/www.livemag.it\/#\/schema\/logo\/image\/"},"sameAs":["https:\/\/www.facebook.com\/LiveMag\/","https:\/\/x.com\/LiveNotizie","https:\/\/www.instagram.com\/livemag\/"]},{"@type":"Person","@id":"https:\/\/www.livemag.it\/#\/schema\/person\/b62c5f44451fdcdaeb0afe6c2424e73c","name":"italpress","image":{"@type":"ImageObject","inLanguage":"it-IT","@id":"https:\/\/secure.gravatar.com\/avatar\/b6a21695fc713ce7ee312cf57c97e2e641feb365be72d8745574d3c3e2b59066?s=96&r=g","url":"https:\/\/secure.gravatar.com\/avatar\/b6a21695fc713ce7ee312cf57c97e2e641feb365be72d8745574d3c3e2b59066?s=96&r=g","contentUrl":"https:\/\/secure.gravatar.com\/avatar\/b6a21695fc713ce7ee312cf57c97e2e641feb365be72d8745574d3c3e2b59066?s=96&r=g","caption":"italpress"},"description":"Italpress \u00e8 un'agenzia di stampa italiana a carattere nazionale.","url":"https:\/\/www.livemag.it\/index.php\/author\/italpress\/"}]}},"jetpack_featured_media_url":"https:\/\/www.livemag.it\/wp-content\/uploads\/2025\/11\/20251126_0469.jpg","_links":{"self":[{"href":"https:\/\/www.livemag.it\/index.php\/wp-json\/wp\/v2\/posts\/64244","targetHints":{"allow":["GET"]}}],"collection":[{"href":"https:\/\/www.livemag.it\/index.php\/wp-json\/wp\/v2\/posts"}],"about":[{"href":"https:\/\/www.livemag.it\/index.php\/wp-json\/wp\/v2\/types\/post"}],"author":[{"embeddable":true,"href":"https:\/\/www.livemag.it\/index.php\/wp-json\/wp\/v2\/users\/16"}],"replies":[{"embeddable":true,"href":"https:\/\/www.livemag.it\/index.php\/wp-json\/wp\/v2\/comments?post=64244"}],"version-history":[{"count":0,"href":"https:\/\/www.livemag.it\/index.php\/wp-json\/wp\/v2\/posts\/64244\/revisions"}],"wp:featuredmedia":[{"embeddable":true,"href":"https:\/\/www.livemag.it\/index.php\/wp-json\/wp\/v2\/media\/64245"}],"wp:attachment":[{"href":"https:\/\/www.livemag.it\/index.php\/wp-json\/wp\/v2\/media?parent=64244"}],"wp:term":[{"taxonomy":"category","embeddable":true,"href":"https:\/\/www.livemag.it\/index.php\/wp-json\/wp\/v2\/categories?post=64244"},{"taxonomy":"post_tag","embeddable":true,"href":"https:\/\/www.livemag.it\/index.php\/wp-json\/wp\/v2\/tags?post=64244"}],"curies":[{"name":"wp","href":"https:\/\/api.w.org\/{rel}","templated":true}]}}