{"id":64236,"date":"2025-11-26T15:02:37","date_gmt":"2025-11-26T14:02:37","guid":{"rendered":"https:\/\/www.livemag.it\/index.php\/2025\/11\/26\/difesa-gori-favorevoli-a-convergenza-tra-investimenti-stati-membri-ue\/"},"modified":"2025-11-26T15:02:37","modified_gmt":"2025-11-26T14:02:37","slug":"difesa-gori-favorevoli-a-convergenza-tra-investimenti-stati-membri-ue","status":"publish","type":"post","link":"https:\/\/www.livemag.it\/index.php\/2025\/11\/26\/difesa-gori-favorevoli-a-convergenza-tra-investimenti-stati-membri-ue\/","title":{"rendered":"<div>Difesa, Gori &#8220;Favorevoli a convergenza tra investimenti Stati membri Ue&#8221;<\/div>"},"content":{"rendered":"<p>    <video-js id=\"videojs69f3a72e3fc54\" class=\"vjs-big-play-centered\" controls preload=\"auto\" playsinline data-setup='{\"fluid\": true}'>\r\n        <source src=\"https:\/\/video.italpress.com\/play\/mp4\/video\/Dl0x\" type=\"video\/mp4\" \/>\r\n    <\/video-js>\r\n           <br \/>\n<\/p>\n<div> STRASBURGO (FRANCIA) (ITALPRESS) &#8211; \u201cAbbiamo votato convintamente a favore di Edip, programma europeo per l\u2019industria della difesa, perch\u00e9 pensiamo che sia un primo passo che va nella direzione auspicata di promuovere la convergenza tra gli investimenti degli Stati membri in materia di difesa\u201d. Lo ha dichiarato l&#8217;eurodeputato del Partito Democratico Giorgio Gori, a seguito del voto dell\u2019Eurocamera, nel corso della sessione plenaria a Strasburgo, che ha visto gli eurodeputati approvare il primo programma per l\u2019industria europea della difesa. \u201cIl rischio nel momento in cui l&#8217;Europa decide di dotarsi di un sistema di difesa \u00e8 che ogni paese vada per conto suo, replicando una frammentazione che gi\u00e0 in passato \u00e8 stata un problema. Edip va invece nella direzione giusta perch\u00e9 richiede come elemento di condizionalit\u00e0 sui progetti che vi sia la partecipazione di almeno tre Stati membri\u201d, ha sottolineato Gori.<\/p>\n<p>xf4\/sat\/mca2<\/p><\/div>\n","protected":false},"excerpt":{"rendered":"<p>STRASBURGO (FRANCIA) (ITALPRESS) &#8211; \u201cAbbiamo votato convintamente a favore di Edip, programma europeo per l\u2019industria della difesa, perch\u00e9 pensiamo che sia un primo passo che va nella direzione auspicata di promuovere la convergenza tra gli investimenti degli Stati membri in materia di difesa\u201d. Lo ha dichiarato l&#8217;eurodeputato del Partito Democratico Giorgio Gori, a seguito del [&hellip;]<\/p>\n","protected":false},"author":16,"featured_media":64237,"comment_status":"closed","ping_status":"closed","sticky":false,"template":"","format":"video","meta":{"jnews-multi-image_gallery":[],"jnews_single_post":[],"jnews_primary_category":[],"jnews_social_meta":[],"jnews_override_counter":[],"jnews_post_split":[],"footnotes":""},"categories":[1171],"tags":[],"class_list":["post-64236","post","type-post","status-publish","format-video","has-post-thumbnail","hentry","category-video","post_format-post-format-video"],"yoast_head":"<!-- This site is optimized with the Yoast SEO plugin v27.5 - https:\/\/yoast.com\/product\/yoast-seo-wordpress\/ -->\n<title>Difesa, Gori &quot;Favorevoli a convergenza tra investimenti Stati membri Ue&quot; - Live Magazine<\/title>\n<meta name=\"robots\" content=\"index, follow, max-snippet:-1, max-image-preview:large, max-video-preview:-1\" \/>\n<link rel=\"canonical\" href=\"https:\/\/www.livemag.it\/index.php\/2025\/11\/26\/difesa-gori-favorevoli-a-convergenza-tra-investimenti-stati-membri-ue\/\" \/>\n<meta property=\"og:locale\" content=\"it_IT\" \/>\n<meta property=\"og:type\" content=\"article\" \/>\n<meta property=\"og:title\" content=\"Difesa, Gori &quot;Favorevoli a convergenza tra investimenti Stati membri Ue&quot; - Live Magazine\" \/>\n<meta property=\"og:description\" content=\"STRASBURGO (FRANCIA) (ITALPRESS) &#8211; \u201cAbbiamo votato convintamente a favore di Edip, programma europeo per l\u2019industria della difesa, perch\u00e9 pensiamo che sia un primo passo che va nella direzione auspicata di promuovere la convergenza tra gli investimenti degli Stati membri in materia di difesa\u201d. Lo ha dichiarato l&#8217;eurodeputato del Partito Democratico Giorgio Gori, a seguito del [&hellip;]\" \/>\n<meta property=\"og:url\" content=\"https:\/\/www.livemag.it\/index.php\/2025\/11\/26\/difesa-gori-favorevoli-a-convergenza-tra-investimenti-stati-membri-ue\/\" \/>\n<meta property=\"og:site_name\" content=\"Live Magazine\" \/>\n<meta property=\"article:publisher\" content=\"https:\/\/www.facebook.com\/LiveMag\/\" \/>\n<meta property=\"article:published_time\" content=\"2025-11-26T14:02:37+00:00\" \/>\n<meta property=\"og:image\" content=\"https:\/\/www.livemag.it\/wp-content\/uploads\/2024\/02\/ograph.jpg\" \/>\n\t<meta property=\"og:image:width\" content=\"1200\" \/>\n\t<meta property=\"og:image:height\" content=\"675\" \/>\n\t<meta property=\"og:image:type\" content=\"image\/jpeg\" \/>\n<meta name=\"author\" content=\"italpress\" \/>\n<meta name=\"twitter:card\" content=\"summary_large_image\" \/>\n<meta name=\"twitter:creator\" content=\"@LiveNotizie\" \/>\n<meta name=\"twitter:site\" content=\"@LiveNotizie\" \/>\n<meta name=\"twitter:label1\" content=\"Scritto da\" \/>\n\t<meta name=\"twitter:data1\" content=\"italpress\" \/>\n\t<meta name=\"twitter:label2\" content=\"Tempo di lettura stimato\" \/>\n\t<meta name=\"twitter:data2\" content=\"1 minuto\" \/>\n<script type=\"application\/ld+json\" class=\"yoast-schema-graph\">{\"@context\":\"https:\\\/\\\/schema.org\",\"@graph\":[{\"@type\":\"Article\",\"@id\":\"https:\\\/\\\/www.livemag.it\\\/index.php\\\/2025\\\/11\\\/26\\\/difesa-gori-favorevoli-a-convergenza-tra-investimenti-stati-membri-ue\\\/#article\",\"isPartOf\":{\"@id\":\"https:\\\/\\\/www.livemag.it\\\/index.php\\\/2025\\\/11\\\/26\\\/difesa-gori-favorevoli-a-convergenza-tra-investimenti-stati-membri-ue\\\/\"},\"author\":{\"name\":\"italpress\",\"@id\":\"https:\\\/\\\/www.livemag.it\\\/#\\\/schema\\\/person\\\/b62c5f44451fdcdaeb0afe6c2424e73c\"},\"headline\":\"Difesa, Gori &#8220;Favorevoli a convergenza tra investimenti Stati membri Ue&#8221;\",\"datePublished\":\"2025-11-26T14:02:37+00:00\",\"mainEntityOfPage\":{\"@id\":\"https:\\\/\\\/www.livemag.it\\\/index.php\\\/2025\\\/11\\\/26\\\/difesa-gori-favorevoli-a-convergenza-tra-investimenti-stati-membri-ue\\\/\"},\"wordCount\":167,\"publisher\":{\"@id\":\"https:\\\/\\\/www.livemag.it\\\/#organization\"},\"image\":{\"@id\":\"https:\\\/\\\/www.livemag.it\\\/index.php\\\/2025\\\/11\\\/26\\\/difesa-gori-favorevoli-a-convergenza-tra-investimenti-stati-membri-ue\\\/#primaryimage\"},\"thumbnailUrl\":\"https:\\\/\\\/www.livemag.it\\\/wp-content\\\/uploads\\\/2025\\\/11\\\/Dl0x.jpg\",\"articleSection\":[\"Video\"],\"inLanguage\":\"it-IT\"},{\"@type\":\"WebPage\",\"@id\":\"https:\\\/\\\/www.livemag.it\\\/index.php\\\/2025\\\/11\\\/26\\\/difesa-gori-favorevoli-a-convergenza-tra-investimenti-stati-membri-ue\\\/\",\"url\":\"https:\\\/\\\/www.livemag.it\\\/index.php\\\/2025\\\/11\\\/26\\\/difesa-gori-favorevoli-a-convergenza-tra-investimenti-stati-membri-ue\\\/\",\"name\":\"Difesa, Gori \\\"Favorevoli a convergenza tra investimenti Stati membri Ue\\\" - Live Magazine\",\"isPartOf\":{\"@id\":\"https:\\\/\\\/www.livemag.it\\\/#website\"},\"primaryImageOfPage\":{\"@id\":\"https:\\\/\\\/www.livemag.it\\\/index.php\\\/2025\\\/11\\\/26\\\/difesa-gori-favorevoli-a-convergenza-tra-investimenti-stati-membri-ue\\\/#primaryimage\"},\"image\":{\"@id\":\"https:\\\/\\\/www.livemag.it\\\/index.php\\\/2025\\\/11\\\/26\\\/difesa-gori-favorevoli-a-convergenza-tra-investimenti-stati-membri-ue\\\/#primaryimage\"},\"thumbnailUrl\":\"https:\\\/\\\/www.livemag.it\\\/wp-content\\\/uploads\\\/2025\\\/11\\\/Dl0x.jpg\",\"datePublished\":\"2025-11-26T14:02:37+00:00\",\"breadcrumb\":{\"@id\":\"https:\\\/\\\/www.livemag.it\\\/index.php\\\/2025\\\/11\\\/26\\\/difesa-gori-favorevoli-a-convergenza-tra-investimenti-stati-membri-ue\\\/#breadcrumb\"},\"inLanguage\":\"it-IT\",\"potentialAction\":[{\"@type\":\"ReadAction\",\"target\":[\"https:\\\/\\\/www.livemag.it\\\/index.php\\\/2025\\\/11\\\/26\\\/difesa-gori-favorevoli-a-convergenza-tra-investimenti-stati-membri-ue\\\/\"]}]},{\"@type\":\"ImageObject\",\"inLanguage\":\"it-IT\",\"@id\":\"https:\\\/\\\/www.livemag.it\\\/index.php\\\/2025\\\/11\\\/26\\\/difesa-gori-favorevoli-a-convergenza-tra-investimenti-stati-membri-ue\\\/#primaryimage\",\"url\":\"https:\\\/\\\/www.livemag.it\\\/wp-content\\\/uploads\\\/2025\\\/11\\\/Dl0x.jpg\",\"contentUrl\":\"https:\\\/\\\/www.livemag.it\\\/wp-content\\\/uploads\\\/2025\\\/11\\\/Dl0x.jpg\",\"width\":1920,\"height\":1080},{\"@type\":\"BreadcrumbList\",\"@id\":\"https:\\\/\\\/www.livemag.it\\\/index.php\\\/2025\\\/11\\\/26\\\/difesa-gori-favorevoli-a-convergenza-tra-investimenti-stati-membri-ue\\\/#breadcrumb\",\"itemListElement\":[{\"@type\":\"ListItem\",\"position\":1,\"name\":\"Home\",\"item\":\"https:\\\/\\\/www.livemag.it\\\/\"},{\"@type\":\"ListItem\",\"position\":2,\"name\":\"Difesa, Gori &#8220;Favorevoli a convergenza tra investimenti Stati membri Ue&#8221;\"}]},{\"@type\":\"WebSite\",\"@id\":\"https:\\\/\\\/www.livemag.it\\\/#website\",\"url\":\"https:\\\/\\\/www.livemag.it\\\/\",\"name\":\"Live Magazine\",\"description\":\"Varie ed eventi\",\"publisher\":{\"@id\":\"https:\\\/\\\/www.livemag.it\\\/#organization\"},\"potentialAction\":[{\"@type\":\"SearchAction\",\"target\":{\"@type\":\"EntryPoint\",\"urlTemplate\":\"https:\\\/\\\/www.livemag.it\\\/?s={search_term_string}\"},\"query-input\":{\"@type\":\"PropertyValueSpecification\",\"valueRequired\":true,\"valueName\":\"search_term_string\"}}],\"inLanguage\":\"it-IT\"},{\"@type\":\"Organization\",\"@id\":\"https:\\\/\\\/www.livemag.it\\\/#organization\",\"name\":\"LiveMag\",\"alternateName\":\"LiveMag News ed eventi\",\"url\":\"https:\\\/\\\/www.livemag.it\\\/\",\"logo\":{\"@type\":\"ImageObject\",\"inLanguage\":\"it-IT\",\"@id\":\"https:\\\/\\\/www.livemag.it\\\/#\\\/schema\\\/logo\\\/image\\\/\",\"url\":\"https:\\\/\\\/www.livemag.it\\\/wp-content\\\/uploads\\\/2024\\\/02\\\/immagine-sito.jpg\",\"contentUrl\":\"https:\\\/\\\/www.livemag.it\\\/wp-content\\\/uploads\\\/2024\\\/02\\\/immagine-sito.jpg\",\"width\":696,\"height\":696,\"caption\":\"LiveMag\"},\"image\":{\"@id\":\"https:\\\/\\\/www.livemag.it\\\/#\\\/schema\\\/logo\\\/image\\\/\"},\"sameAs\":[\"https:\\\/\\\/www.facebook.com\\\/LiveMag\\\/\",\"https:\\\/\\\/x.com\\\/LiveNotizie\",\"https:\\\/\\\/www.instagram.com\\\/livemag\\\/\"]},{\"@type\":\"Person\",\"@id\":\"https:\\\/\\\/www.livemag.it\\\/#\\\/schema\\\/person\\\/b62c5f44451fdcdaeb0afe6c2424e73c\",\"name\":\"italpress\",\"image\":{\"@type\":\"ImageObject\",\"inLanguage\":\"it-IT\",\"@id\":\"https:\\\/\\\/secure.gravatar.com\\\/avatar\\\/b6a21695fc713ce7ee312cf57c97e2e641feb365be72d8745574d3c3e2b59066?s=96&r=g\",\"url\":\"https:\\\/\\\/secure.gravatar.com\\\/avatar\\\/b6a21695fc713ce7ee312cf57c97e2e641feb365be72d8745574d3c3e2b59066?s=96&r=g\",\"contentUrl\":\"https:\\\/\\\/secure.gravatar.com\\\/avatar\\\/b6a21695fc713ce7ee312cf57c97e2e641feb365be72d8745574d3c3e2b59066?s=96&r=g\",\"caption\":\"italpress\"},\"description\":\"Italpress \u00e8 un'agenzia di stampa italiana a carattere nazionale.\",\"url\":\"https:\\\/\\\/www.livemag.it\\\/index.php\\\/author\\\/italpress\\\/\"}]}<\/script>\n<!-- \/ Yoast SEO plugin. -->","yoast_head_json":{"title":"Difesa, Gori \"Favorevoli a convergenza tra investimenti Stati membri Ue\" - Live Magazine","robots":{"index":"index","follow":"follow","max-snippet":"max-snippet:-1","max-image-preview":"max-image-preview:large","max-video-preview":"max-video-preview:-1"},"canonical":"https:\/\/www.livemag.it\/index.php\/2025\/11\/26\/difesa-gori-favorevoli-a-convergenza-tra-investimenti-stati-membri-ue\/","og_locale":"it_IT","og_type":"article","og_title":"Difesa, Gori \"Favorevoli a convergenza tra investimenti Stati membri Ue\" - Live Magazine","og_description":"STRASBURGO (FRANCIA) (ITALPRESS) &#8211; \u201cAbbiamo votato convintamente a favore di Edip, programma europeo per l\u2019industria della difesa, perch\u00e9 pensiamo che sia un primo passo che va nella direzione auspicata di promuovere la convergenza tra gli investimenti degli Stati membri in materia di difesa\u201d. Lo ha dichiarato l&#8217;eurodeputato del Partito Democratico Giorgio Gori, a seguito del [&hellip;]","og_url":"https:\/\/www.livemag.it\/index.php\/2025\/11\/26\/difesa-gori-favorevoli-a-convergenza-tra-investimenti-stati-membri-ue\/","og_site_name":"Live Magazine","article_publisher":"https:\/\/www.facebook.com\/LiveMag\/","article_published_time":"2025-11-26T14:02:37+00:00","og_image":[{"width":1200,"height":675,"url":"https:\/\/www.livemag.it\/wp-content\/uploads\/2024\/02\/ograph.jpg","type":"image\/jpeg"}],"author":"italpress","twitter_card":"summary_large_image","twitter_creator":"@LiveNotizie","twitter_site":"@LiveNotizie","twitter_misc":{"Scritto da":"italpress","Tempo di lettura stimato":"1 minuto"},"schema":{"@context":"https:\/\/schema.org","@graph":[{"@type":"Article","@id":"https:\/\/www.livemag.it\/index.php\/2025\/11\/26\/difesa-gori-favorevoli-a-convergenza-tra-investimenti-stati-membri-ue\/#article","isPartOf":{"@id":"https:\/\/www.livemag.it\/index.php\/2025\/11\/26\/difesa-gori-favorevoli-a-convergenza-tra-investimenti-stati-membri-ue\/"},"author":{"name":"italpress","@id":"https:\/\/www.livemag.it\/#\/schema\/person\/b62c5f44451fdcdaeb0afe6c2424e73c"},"headline":"Difesa, Gori &#8220;Favorevoli a convergenza tra investimenti Stati membri Ue&#8221;","datePublished":"2025-11-26T14:02:37+00:00","mainEntityOfPage":{"@id":"https:\/\/www.livemag.it\/index.php\/2025\/11\/26\/difesa-gori-favorevoli-a-convergenza-tra-investimenti-stati-membri-ue\/"},"wordCount":167,"publisher":{"@id":"https:\/\/www.livemag.it\/#organization"},"image":{"@id":"https:\/\/www.livemag.it\/index.php\/2025\/11\/26\/difesa-gori-favorevoli-a-convergenza-tra-investimenti-stati-membri-ue\/#primaryimage"},"thumbnailUrl":"https:\/\/www.livemag.it\/wp-content\/uploads\/2025\/11\/Dl0x.jpg","articleSection":["Video"],"inLanguage":"it-IT"},{"@type":"WebPage","@id":"https:\/\/www.livemag.it\/index.php\/2025\/11\/26\/difesa-gori-favorevoli-a-convergenza-tra-investimenti-stati-membri-ue\/","url":"https:\/\/www.livemag.it\/index.php\/2025\/11\/26\/difesa-gori-favorevoli-a-convergenza-tra-investimenti-stati-membri-ue\/","name":"Difesa, Gori \"Favorevoli a convergenza tra investimenti Stati membri Ue\" - Live Magazine","isPartOf":{"@id":"https:\/\/www.livemag.it\/#website"},"primaryImageOfPage":{"@id":"https:\/\/www.livemag.it\/index.php\/2025\/11\/26\/difesa-gori-favorevoli-a-convergenza-tra-investimenti-stati-membri-ue\/#primaryimage"},"image":{"@id":"https:\/\/www.livemag.it\/index.php\/2025\/11\/26\/difesa-gori-favorevoli-a-convergenza-tra-investimenti-stati-membri-ue\/#primaryimage"},"thumbnailUrl":"https:\/\/www.livemag.it\/wp-content\/uploads\/2025\/11\/Dl0x.jpg","datePublished":"2025-11-26T14:02:37+00:00","breadcrumb":{"@id":"https:\/\/www.livemag.it\/index.php\/2025\/11\/26\/difesa-gori-favorevoli-a-convergenza-tra-investimenti-stati-membri-ue\/#breadcrumb"},"inLanguage":"it-IT","potentialAction":[{"@type":"ReadAction","target":["https:\/\/www.livemag.it\/index.php\/2025\/11\/26\/difesa-gori-favorevoli-a-convergenza-tra-investimenti-stati-membri-ue\/"]}]},{"@type":"ImageObject","inLanguage":"it-IT","@id":"https:\/\/www.livemag.it\/index.php\/2025\/11\/26\/difesa-gori-favorevoli-a-convergenza-tra-investimenti-stati-membri-ue\/#primaryimage","url":"https:\/\/www.livemag.it\/wp-content\/uploads\/2025\/11\/Dl0x.jpg","contentUrl":"https:\/\/www.livemag.it\/wp-content\/uploads\/2025\/11\/Dl0x.jpg","width":1920,"height":1080},{"@type":"BreadcrumbList","@id":"https:\/\/www.livemag.it\/index.php\/2025\/11\/26\/difesa-gori-favorevoli-a-convergenza-tra-investimenti-stati-membri-ue\/#breadcrumb","itemListElement":[{"@type":"ListItem","position":1,"name":"Home","item":"https:\/\/www.livemag.it\/"},{"@type":"ListItem","position":2,"name":"Difesa, Gori &#8220;Favorevoli a convergenza tra investimenti Stati membri Ue&#8221;"}]},{"@type":"WebSite","@id":"https:\/\/www.livemag.it\/#website","url":"https:\/\/www.livemag.it\/","name":"Live Magazine","description":"Varie ed eventi","publisher":{"@id":"https:\/\/www.livemag.it\/#organization"},"potentialAction":[{"@type":"SearchAction","target":{"@type":"EntryPoint","urlTemplate":"https:\/\/www.livemag.it\/?s={search_term_string}"},"query-input":{"@type":"PropertyValueSpecification","valueRequired":true,"valueName":"search_term_string"}}],"inLanguage":"it-IT"},{"@type":"Organization","@id":"https:\/\/www.livemag.it\/#organization","name":"LiveMag","alternateName":"LiveMag News ed eventi","url":"https:\/\/www.livemag.it\/","logo":{"@type":"ImageObject","inLanguage":"it-IT","@id":"https:\/\/www.livemag.it\/#\/schema\/logo\/image\/","url":"https:\/\/www.livemag.it\/wp-content\/uploads\/2024\/02\/immagine-sito.jpg","contentUrl":"https:\/\/www.livemag.it\/wp-content\/uploads\/2024\/02\/immagine-sito.jpg","width":696,"height":696,"caption":"LiveMag"},"image":{"@id":"https:\/\/www.livemag.it\/#\/schema\/logo\/image\/"},"sameAs":["https:\/\/www.facebook.com\/LiveMag\/","https:\/\/x.com\/LiveNotizie","https:\/\/www.instagram.com\/livemag\/"]},{"@type":"Person","@id":"https:\/\/www.livemag.it\/#\/schema\/person\/b62c5f44451fdcdaeb0afe6c2424e73c","name":"italpress","image":{"@type":"ImageObject","inLanguage":"it-IT","@id":"https:\/\/secure.gravatar.com\/avatar\/b6a21695fc713ce7ee312cf57c97e2e641feb365be72d8745574d3c3e2b59066?s=96&r=g","url":"https:\/\/secure.gravatar.com\/avatar\/b6a21695fc713ce7ee312cf57c97e2e641feb365be72d8745574d3c3e2b59066?s=96&r=g","contentUrl":"https:\/\/secure.gravatar.com\/avatar\/b6a21695fc713ce7ee312cf57c97e2e641feb365be72d8745574d3c3e2b59066?s=96&r=g","caption":"italpress"},"description":"Italpress \u00e8 un'agenzia di stampa italiana a carattere nazionale.","url":"https:\/\/www.livemag.it\/index.php\/author\/italpress\/"}]}},"jetpack_featured_media_url":"https:\/\/www.livemag.it\/wp-content\/uploads\/2025\/11\/Dl0x.jpg","_links":{"self":[{"href":"https:\/\/www.livemag.it\/index.php\/wp-json\/wp\/v2\/posts\/64236","targetHints":{"allow":["GET"]}}],"collection":[{"href":"https:\/\/www.livemag.it\/index.php\/wp-json\/wp\/v2\/posts"}],"about":[{"href":"https:\/\/www.livemag.it\/index.php\/wp-json\/wp\/v2\/types\/post"}],"author":[{"embeddable":true,"href":"https:\/\/www.livemag.it\/index.php\/wp-json\/wp\/v2\/users\/16"}],"replies":[{"embeddable":true,"href":"https:\/\/www.livemag.it\/index.php\/wp-json\/wp\/v2\/comments?post=64236"}],"version-history":[{"count":0,"href":"https:\/\/www.livemag.it\/index.php\/wp-json\/wp\/v2\/posts\/64236\/revisions"}],"wp:featuredmedia":[{"embeddable":true,"href":"https:\/\/www.livemag.it\/index.php\/wp-json\/wp\/v2\/media\/64237"}],"wp:attachment":[{"href":"https:\/\/www.livemag.it\/index.php\/wp-json\/wp\/v2\/media?parent=64236"}],"wp:term":[{"taxonomy":"category","embeddable":true,"href":"https:\/\/www.livemag.it\/index.php\/wp-json\/wp\/v2\/categories?post=64236"},{"taxonomy":"post_tag","embeddable":true,"href":"https:\/\/www.livemag.it\/index.php\/wp-json\/wp\/v2\/tags?post=64236"}],"curies":[{"name":"wp","href":"https:\/\/api.w.org\/{rel}","templated":true}]}}