{"id":64013,"date":"2025-11-23T15:02:52","date_gmt":"2025-11-23T14:02:52","guid":{"rendered":"https:\/\/www.livemag.it\/index.php\/2025\/11\/23\/il-gruppo-sella-annuncia-la-scomparsa-di-maurizio-sella\/"},"modified":"2025-11-23T15:02:52","modified_gmt":"2025-11-23T14:02:52","slug":"il-gruppo-sella-annuncia-la-scomparsa-di-maurizio-sella","status":"publish","type":"post","link":"https:\/\/www.livemag.it\/index.php\/2025\/11\/23\/il-gruppo-sella-annuncia-la-scomparsa-di-maurizio-sella\/","title":{"rendered":"Il gruppo Sella annuncia la scomparsa di Maurizio Sella"},"content":{"rendered":"<div>\n<p>MILANO (ITALPRESS) \u2013 \u201cIl gruppo Sella comunica con profondo dolore che nella tarda serata di ieri \u00e8 mancato Maurizio Sella, a causa di una malattia che si \u00e8 improvvisamente e rapidamente aggravata\u201d. E\u2019 quanto si legge in una nota.<br \/>\nMaurizio Sella, 83 anni, Cavaliere del Lavoro, ha lavorato per quasi sessant\u2019anni nell\u2019azienda di famiglia guidandola in una crescita solida e duratura e si \u00e8 impegnato al servizio delle istituzioni e delle organizzazioni di rappresentanza del settore bancario e del mondo imprenditoriale, in Italia e in Europa, spiega la nota.<br \/>\n\u201cFino all\u2019ultimo momento, anche in questi giorni di sofferenza fisica, ha dedicato ogni singolo istante a lavorare per l\u2019azienda e per la famiglia. Oggi \u2013 ha detto il ceo Pietro Sella, anche a nome dei familiari, dei Consigli d\u2019amministrazione e dei colleghi di tutte le societ\u00e0 del gruppo \u2013 ci lascia colui a cui dobbiamo il successo del Gruppo in cui lavoriamo e un grande esempio di dedizione, saggezza, lungimiranza e imprenditorialit\u00e0. Nella pratica aveva da gi\u00e0 da tempo predisposto ogni aspetto della sua successione. Ma quello che pi\u00f9 di tutto ci lascia \u00e8 una grande eredit\u00e0 morale, fatta di insegnamenti e di incrollabile fiducia, determinazione e lavoro per il futuro. La sua forza, il suo esempio, la sua integrit\u00e0 e la sua fiducia nel futuro sono e saranno sempre il nostro elemento distintivo\u201d.<br \/>\nLaureato in Economia e commercio all\u2019Universit\u00e0 di Torino nel 1966, entra quello stesso anno in Banca Sella, fondata nel 1886 da Gaudenzio Sella insieme ad altri sei fratelli e cugini, all\u2019epoca guidata dallo zio Giorgio e dal padre Ernesto. Come da tradizione di famiglia comincia dallo \u201csportello\u201d e fa la gavetta, percorrendo tutte le tappe della carriera.<br \/>\nIn questo ambiente, come ha scritto lui stesso raccontando il proprio percorso professionale e imprenditoriale, \u201cho respirato fin dalla nascita valori quali l\u2019intraprendenza, l\u2019imprenditorialit\u00e0, il senso del dovere, l\u2019etica del lavoro, l\u2019onest\u00e0, la dedizione all\u2019impresa di famiglia, l\u2019importanza dell\u2019unione degli azionisti di famiglia e l\u2019amore per il cliente che ci d\u00e0 il pane (che \u00e8 uno degli insegnamenti sempre vivi nella nostra famiglia e nella nostra impresa)\u201d.<br \/>\nRicopre il ruolo di Amministratore Delegato e Direttore Generale della banca dal 1974 fino al 2002, guidandone la crescita su tutto il territorio nazionale e la sua innovazione nell\u2019organizzazione, nell\u2019infrastruttura tecnologica e nei servizi ai clienti. Dal 2000 fino al maggio di quest\u2019anno \u00e8 presidente di Banca Sella Holding, la capogruppo del gruppo Sella nato dall\u2019importante sviluppo della banca di famiglia, nell\u2019ambito del quale \u00e8 presidente anche di Banca Patrimoni Sella &amp; C.<br \/>\nA lui si deve anche la nascita della holding di famiglia \u201cMaurizio Sella Saa\u201d, fortemente voluta per garantire una governance ottimale, e di cui \u00e8 stato presidente dalla nascita nel 1989 fino al 2021.<br \/>\nGrazie al suo impegno imprenditoriale nel 1991, a soli 49 anni, \u00e8 nominato Cavaliere del Lavoro e nel 2018 Cavaliere di Gran Croce, il grado pi\u00f9 alto dell\u2019ordine al merito della Repubblica italiana conferito dal Presidente della Repubblica. Dal 2019 ha presieduto la Federazione nazionale dei Cavalieri del Lavoro, dopo aver guidato nel triennio precedente il Gruppo Piemontese.<br \/>\nSi \u00e8 particolarmente impegnato nelle organizzazioni di rappresentanza del settore bancario e del mondo imprenditoriale, in Italia e in Europa. Dal 1990 al 2006 \u00e8 stato presidente dell\u2019Associazione Bancaria Italiana, per i quattro mandati consecutivi allora previsti dallo statuto, in un periodo di grandi trasformazioni, privatizzazioni e consolidamento del settore, segnato anche dallo storico passaggio all\u2019Euro. Era tutt\u2019ora nel Comitato esecutivo e componente del Comitato di presidenza. Dal 1998 al 2004 \u00e8 stato inoltre presidente della Federazione Bancaria Europea (FBE).<br \/>\nE\u2019 stato tra gli animatori e presidente dell\u2019Associazione Italiana delle Aziende Familiari (Aidaf) dal 2007 al 2013, presidente dell\u2019Associazione fra le Societ\u00e0 Italiane per Azioni (Assonime) dal 2013 al 2017 e negli stessi anni componente del Comitato di Corporate Governance di Borsa Italiana.<br \/>\nIn ambito europeo, \u00e8 stato referente per l\u2019Italia al Payment System Steering Group e al Payment System Technical Development Group dal 1992 al 1997. In seguito, ha ricoperto il ruolo di \u201calternate del presidente\u201d nel Sepa Council presso la BCE, dal 2010 al 2014, e nell\u2019Euro Retail Payments Board (ERPB), a partire dal 2014. Ha presieduto per due volte anche il Groupement Europ\u00e8en de Banques (GEB), nato nel 1978 per favorire il confronto tra le banche di piccola e media dimensione dei diversi paesi europei. Dagli anni Novanta, ha fatto parte del Consiglio per le relazioni fra Italia e Stati Uniti e del Gruppo Italiano della Trilateral Commission.<br \/>\nE\u2019 stato socio fondatore della Fondazione Cavour di Torino e Presidente dell\u2019Istituto Luigi Einaudi di Roma.<\/p>\n<p>Fonte foto: gruppo Sella<br \/>\n(ITALPRESS).<\/p>\n<\/div>\n","protected":false},"excerpt":{"rendered":"<p>MILANO (ITALPRESS) \u2013 \u201cIl gruppo Sella comunica con profondo dolore che nella tarda serata di ieri \u00e8 mancato Maurizio Sella, a causa di una malattia che si \u00e8 improvvisamente e rapidamente aggravata\u201d. E\u2019 quanto si legge in una nota. Maurizio Sella, 83 anni, Cavaliere del Lavoro, ha lavorato per quasi sessant\u2019anni nell\u2019azienda di famiglia guidandola [&hellip;]<\/p>\n","protected":false},"author":16,"featured_media":64014,"comment_status":"closed","ping_status":"closed","sticky":false,"template":"","format":"standard","meta":{"jnews-multi-image_gallery":[],"jnews_single_post":[],"jnews_primary_category":[],"jnews_social_meta":[],"jnews_override_counter":[],"jnews_post_split":[],"footnotes":""},"categories":[1129],"tags":[],"class_list":["post-64013","post","type-post","status-publish","format-standard","has-post-thumbnail","hentry","category-mondo"],"yoast_head":"<!-- This site is optimized with the Yoast SEO plugin v27.4 - https:\/\/yoast.com\/product\/yoast-seo-wordpress\/ -->\n<title>Il gruppo Sella annuncia la scomparsa di Maurizio Sella - Live Magazine<\/title>\n<meta name=\"robots\" content=\"index, follow, max-snippet:-1, max-image-preview:large, max-video-preview:-1\" \/>\n<link rel=\"canonical\" href=\"https:\/\/www.livemag.it\/index.php\/2025\/11\/23\/il-gruppo-sella-annuncia-la-scomparsa-di-maurizio-sella\/\" \/>\n<meta property=\"og:locale\" content=\"it_IT\" \/>\n<meta property=\"og:type\" content=\"article\" \/>\n<meta property=\"og:title\" content=\"Il gruppo Sella annuncia la scomparsa di Maurizio Sella - Live Magazine\" \/>\n<meta property=\"og:description\" content=\"MILANO (ITALPRESS) \u2013 \u201cIl gruppo Sella comunica con profondo dolore che nella tarda serata di ieri \u00e8 mancato Maurizio Sella, a causa di una malattia che si \u00e8 improvvisamente e rapidamente aggravata\u201d. E\u2019 quanto si legge in una nota. Maurizio Sella, 83 anni, Cavaliere del Lavoro, ha lavorato per quasi sessant\u2019anni nell\u2019azienda di famiglia guidandola [&hellip;]\" \/>\n<meta property=\"og:url\" content=\"https:\/\/www.livemag.it\/index.php\/2025\/11\/23\/il-gruppo-sella-annuncia-la-scomparsa-di-maurizio-sella\/\" \/>\n<meta property=\"og:site_name\" content=\"Live Magazine\" \/>\n<meta property=\"article:publisher\" content=\"https:\/\/www.facebook.com\/LiveMag\/\" \/>\n<meta property=\"article:published_time\" content=\"2025-11-23T14:02:52+00:00\" \/>\n<meta property=\"og:image\" content=\"https:\/\/www.livemag.it\/wp-content\/uploads\/2024\/02\/ograph.jpg\" \/>\n\t<meta property=\"og:image:width\" content=\"1200\" \/>\n\t<meta property=\"og:image:height\" content=\"675\" \/>\n\t<meta property=\"og:image:type\" content=\"image\/jpeg\" \/>\n<meta name=\"author\" content=\"italpress\" \/>\n<meta name=\"twitter:card\" content=\"summary_large_image\" \/>\n<meta name=\"twitter:creator\" content=\"@LiveNotizie\" \/>\n<meta name=\"twitter:site\" content=\"@LiveNotizie\" \/>\n<meta name=\"twitter:label1\" content=\"Scritto da\" \/>\n\t<meta name=\"twitter:data1\" content=\"italpress\" \/>\n\t<meta name=\"twitter:label2\" content=\"Tempo di lettura stimato\" \/>\n\t<meta name=\"twitter:data2\" content=\"4 minuti\" \/>\n<script type=\"application\/ld+json\" class=\"yoast-schema-graph\">{\"@context\":\"https:\\\/\\\/schema.org\",\"@graph\":[{\"@type\":\"Article\",\"@id\":\"https:\\\/\\\/www.livemag.it\\\/index.php\\\/2025\\\/11\\\/23\\\/il-gruppo-sella-annuncia-la-scomparsa-di-maurizio-sella\\\/#article\",\"isPartOf\":{\"@id\":\"https:\\\/\\\/www.livemag.it\\\/index.php\\\/2025\\\/11\\\/23\\\/il-gruppo-sella-annuncia-la-scomparsa-di-maurizio-sella\\\/\"},\"author\":{\"name\":\"italpress\",\"@id\":\"https:\\\/\\\/www.livemag.it\\\/#\\\/schema\\\/person\\\/b62c5f44451fdcdaeb0afe6c2424e73c\"},\"headline\":\"Il gruppo Sella annuncia la scomparsa di Maurizio Sella\",\"datePublished\":\"2025-11-23T14:02:52+00:00\",\"mainEntityOfPage\":{\"@id\":\"https:\\\/\\\/www.livemag.it\\\/index.php\\\/2025\\\/11\\\/23\\\/il-gruppo-sella-annuncia-la-scomparsa-di-maurizio-sella\\\/\"},\"wordCount\":761,\"publisher\":{\"@id\":\"https:\\\/\\\/www.livemag.it\\\/#organization\"},\"image\":{\"@id\":\"https:\\\/\\\/www.livemag.it\\\/index.php\\\/2025\\\/11\\\/23\\\/il-gruppo-sella-annuncia-la-scomparsa-di-maurizio-sella\\\/#primaryimage\"},\"thumbnailUrl\":\"https:\\\/\\\/www.livemag.it\\\/wp-content\\\/uploads\\\/2025\\\/11\\\/20251123_0191.jpg\",\"articleSection\":[\"Mondo\"],\"inLanguage\":\"it-IT\"},{\"@type\":\"WebPage\",\"@id\":\"https:\\\/\\\/www.livemag.it\\\/index.php\\\/2025\\\/11\\\/23\\\/il-gruppo-sella-annuncia-la-scomparsa-di-maurizio-sella\\\/\",\"url\":\"https:\\\/\\\/www.livemag.it\\\/index.php\\\/2025\\\/11\\\/23\\\/il-gruppo-sella-annuncia-la-scomparsa-di-maurizio-sella\\\/\",\"name\":\"Il gruppo Sella annuncia la scomparsa di Maurizio Sella - Live Magazine\",\"isPartOf\":{\"@id\":\"https:\\\/\\\/www.livemag.it\\\/#website\"},\"primaryImageOfPage\":{\"@id\":\"https:\\\/\\\/www.livemag.it\\\/index.php\\\/2025\\\/11\\\/23\\\/il-gruppo-sella-annuncia-la-scomparsa-di-maurizio-sella\\\/#primaryimage\"},\"image\":{\"@id\":\"https:\\\/\\\/www.livemag.it\\\/index.php\\\/2025\\\/11\\\/23\\\/il-gruppo-sella-annuncia-la-scomparsa-di-maurizio-sella\\\/#primaryimage\"},\"thumbnailUrl\":\"https:\\\/\\\/www.livemag.it\\\/wp-content\\\/uploads\\\/2025\\\/11\\\/20251123_0191.jpg\",\"datePublished\":\"2025-11-23T14:02:52+00:00\",\"breadcrumb\":{\"@id\":\"https:\\\/\\\/www.livemag.it\\\/index.php\\\/2025\\\/11\\\/23\\\/il-gruppo-sella-annuncia-la-scomparsa-di-maurizio-sella\\\/#breadcrumb\"},\"inLanguage\":\"it-IT\",\"potentialAction\":[{\"@type\":\"ReadAction\",\"target\":[\"https:\\\/\\\/www.livemag.it\\\/index.php\\\/2025\\\/11\\\/23\\\/il-gruppo-sella-annuncia-la-scomparsa-di-maurizio-sella\\\/\"]}]},{\"@type\":\"ImageObject\",\"inLanguage\":\"it-IT\",\"@id\":\"https:\\\/\\\/www.livemag.it\\\/index.php\\\/2025\\\/11\\\/23\\\/il-gruppo-sella-annuncia-la-scomparsa-di-maurizio-sella\\\/#primaryimage\",\"url\":\"https:\\\/\\\/www.livemag.it\\\/wp-content\\\/uploads\\\/2025\\\/11\\\/20251123_0191.jpg\",\"contentUrl\":\"https:\\\/\\\/www.livemag.it\\\/wp-content\\\/uploads\\\/2025\\\/11\\\/20251123_0191.jpg\",\"width\":1200,\"height\":799},{\"@type\":\"BreadcrumbList\",\"@id\":\"https:\\\/\\\/www.livemag.it\\\/index.php\\\/2025\\\/11\\\/23\\\/il-gruppo-sella-annuncia-la-scomparsa-di-maurizio-sella\\\/#breadcrumb\",\"itemListElement\":[{\"@type\":\"ListItem\",\"position\":1,\"name\":\"Home\",\"item\":\"https:\\\/\\\/www.livemag.it\\\/\"},{\"@type\":\"ListItem\",\"position\":2,\"name\":\"Il gruppo Sella annuncia la scomparsa di Maurizio Sella\"}]},{\"@type\":\"WebSite\",\"@id\":\"https:\\\/\\\/www.livemag.it\\\/#website\",\"url\":\"https:\\\/\\\/www.livemag.it\\\/\",\"name\":\"Live Magazine\",\"description\":\"Varie ed eventi\",\"publisher\":{\"@id\":\"https:\\\/\\\/www.livemag.it\\\/#organization\"},\"potentialAction\":[{\"@type\":\"SearchAction\",\"target\":{\"@type\":\"EntryPoint\",\"urlTemplate\":\"https:\\\/\\\/www.livemag.it\\\/?s={search_term_string}\"},\"query-input\":{\"@type\":\"PropertyValueSpecification\",\"valueRequired\":true,\"valueName\":\"search_term_string\"}}],\"inLanguage\":\"it-IT\"},{\"@type\":\"Organization\",\"@id\":\"https:\\\/\\\/www.livemag.it\\\/#organization\",\"name\":\"LiveMag\",\"alternateName\":\"LiveMag News ed eventi\",\"url\":\"https:\\\/\\\/www.livemag.it\\\/\",\"logo\":{\"@type\":\"ImageObject\",\"inLanguage\":\"it-IT\",\"@id\":\"https:\\\/\\\/www.livemag.it\\\/#\\\/schema\\\/logo\\\/image\\\/\",\"url\":\"https:\\\/\\\/www.livemag.it\\\/wp-content\\\/uploads\\\/2024\\\/02\\\/immagine-sito.jpg\",\"contentUrl\":\"https:\\\/\\\/www.livemag.it\\\/wp-content\\\/uploads\\\/2024\\\/02\\\/immagine-sito.jpg\",\"width\":696,\"height\":696,\"caption\":\"LiveMag\"},\"image\":{\"@id\":\"https:\\\/\\\/www.livemag.it\\\/#\\\/schema\\\/logo\\\/image\\\/\"},\"sameAs\":[\"https:\\\/\\\/www.facebook.com\\\/LiveMag\\\/\",\"https:\\\/\\\/x.com\\\/LiveNotizie\",\"https:\\\/\\\/www.instagram.com\\\/livemag\\\/\"]},{\"@type\":\"Person\",\"@id\":\"https:\\\/\\\/www.livemag.it\\\/#\\\/schema\\\/person\\\/b62c5f44451fdcdaeb0afe6c2424e73c\",\"name\":\"italpress\",\"image\":{\"@type\":\"ImageObject\",\"inLanguage\":\"it-IT\",\"@id\":\"https:\\\/\\\/secure.gravatar.com\\\/avatar\\\/b6a21695fc713ce7ee312cf57c97e2e641feb365be72d8745574d3c3e2b59066?s=96&r=g\",\"url\":\"https:\\\/\\\/secure.gravatar.com\\\/avatar\\\/b6a21695fc713ce7ee312cf57c97e2e641feb365be72d8745574d3c3e2b59066?s=96&r=g\",\"contentUrl\":\"https:\\\/\\\/secure.gravatar.com\\\/avatar\\\/b6a21695fc713ce7ee312cf57c97e2e641feb365be72d8745574d3c3e2b59066?s=96&r=g\",\"caption\":\"italpress\"},\"description\":\"Italpress \u00e8 un'agenzia di stampa italiana a carattere nazionale.\",\"url\":\"https:\\\/\\\/www.livemag.it\\\/index.php\\\/author\\\/italpress\\\/\"}]}<\/script>\n<!-- \/ Yoast SEO plugin. -->","yoast_head_json":{"title":"Il gruppo Sella annuncia la scomparsa di Maurizio Sella - Live Magazine","robots":{"index":"index","follow":"follow","max-snippet":"max-snippet:-1","max-image-preview":"max-image-preview:large","max-video-preview":"max-video-preview:-1"},"canonical":"https:\/\/www.livemag.it\/index.php\/2025\/11\/23\/il-gruppo-sella-annuncia-la-scomparsa-di-maurizio-sella\/","og_locale":"it_IT","og_type":"article","og_title":"Il gruppo Sella annuncia la scomparsa di Maurizio Sella - Live Magazine","og_description":"MILANO (ITALPRESS) \u2013 \u201cIl gruppo Sella comunica con profondo dolore che nella tarda serata di ieri \u00e8 mancato Maurizio Sella, a causa di una malattia che si \u00e8 improvvisamente e rapidamente aggravata\u201d. E\u2019 quanto si legge in una nota. Maurizio Sella, 83 anni, Cavaliere del Lavoro, ha lavorato per quasi sessant\u2019anni nell\u2019azienda di famiglia guidandola [&hellip;]","og_url":"https:\/\/www.livemag.it\/index.php\/2025\/11\/23\/il-gruppo-sella-annuncia-la-scomparsa-di-maurizio-sella\/","og_site_name":"Live Magazine","article_publisher":"https:\/\/www.facebook.com\/LiveMag\/","article_published_time":"2025-11-23T14:02:52+00:00","og_image":[{"width":1200,"height":675,"url":"https:\/\/www.livemag.it\/wp-content\/uploads\/2024\/02\/ograph.jpg","type":"image\/jpeg"}],"author":"italpress","twitter_card":"summary_large_image","twitter_creator":"@LiveNotizie","twitter_site":"@LiveNotizie","twitter_misc":{"Scritto da":"italpress","Tempo di lettura stimato":"4 minuti"},"schema":{"@context":"https:\/\/schema.org","@graph":[{"@type":"Article","@id":"https:\/\/www.livemag.it\/index.php\/2025\/11\/23\/il-gruppo-sella-annuncia-la-scomparsa-di-maurizio-sella\/#article","isPartOf":{"@id":"https:\/\/www.livemag.it\/index.php\/2025\/11\/23\/il-gruppo-sella-annuncia-la-scomparsa-di-maurizio-sella\/"},"author":{"name":"italpress","@id":"https:\/\/www.livemag.it\/#\/schema\/person\/b62c5f44451fdcdaeb0afe6c2424e73c"},"headline":"Il gruppo Sella annuncia la scomparsa di Maurizio Sella","datePublished":"2025-11-23T14:02:52+00:00","mainEntityOfPage":{"@id":"https:\/\/www.livemag.it\/index.php\/2025\/11\/23\/il-gruppo-sella-annuncia-la-scomparsa-di-maurizio-sella\/"},"wordCount":761,"publisher":{"@id":"https:\/\/www.livemag.it\/#organization"},"image":{"@id":"https:\/\/www.livemag.it\/index.php\/2025\/11\/23\/il-gruppo-sella-annuncia-la-scomparsa-di-maurizio-sella\/#primaryimage"},"thumbnailUrl":"https:\/\/www.livemag.it\/wp-content\/uploads\/2025\/11\/20251123_0191.jpg","articleSection":["Mondo"],"inLanguage":"it-IT"},{"@type":"WebPage","@id":"https:\/\/www.livemag.it\/index.php\/2025\/11\/23\/il-gruppo-sella-annuncia-la-scomparsa-di-maurizio-sella\/","url":"https:\/\/www.livemag.it\/index.php\/2025\/11\/23\/il-gruppo-sella-annuncia-la-scomparsa-di-maurizio-sella\/","name":"Il gruppo Sella annuncia la scomparsa di Maurizio Sella - Live Magazine","isPartOf":{"@id":"https:\/\/www.livemag.it\/#website"},"primaryImageOfPage":{"@id":"https:\/\/www.livemag.it\/index.php\/2025\/11\/23\/il-gruppo-sella-annuncia-la-scomparsa-di-maurizio-sella\/#primaryimage"},"image":{"@id":"https:\/\/www.livemag.it\/index.php\/2025\/11\/23\/il-gruppo-sella-annuncia-la-scomparsa-di-maurizio-sella\/#primaryimage"},"thumbnailUrl":"https:\/\/www.livemag.it\/wp-content\/uploads\/2025\/11\/20251123_0191.jpg","datePublished":"2025-11-23T14:02:52+00:00","breadcrumb":{"@id":"https:\/\/www.livemag.it\/index.php\/2025\/11\/23\/il-gruppo-sella-annuncia-la-scomparsa-di-maurizio-sella\/#breadcrumb"},"inLanguage":"it-IT","potentialAction":[{"@type":"ReadAction","target":["https:\/\/www.livemag.it\/index.php\/2025\/11\/23\/il-gruppo-sella-annuncia-la-scomparsa-di-maurizio-sella\/"]}]},{"@type":"ImageObject","inLanguage":"it-IT","@id":"https:\/\/www.livemag.it\/index.php\/2025\/11\/23\/il-gruppo-sella-annuncia-la-scomparsa-di-maurizio-sella\/#primaryimage","url":"https:\/\/www.livemag.it\/wp-content\/uploads\/2025\/11\/20251123_0191.jpg","contentUrl":"https:\/\/www.livemag.it\/wp-content\/uploads\/2025\/11\/20251123_0191.jpg","width":1200,"height":799},{"@type":"BreadcrumbList","@id":"https:\/\/www.livemag.it\/index.php\/2025\/11\/23\/il-gruppo-sella-annuncia-la-scomparsa-di-maurizio-sella\/#breadcrumb","itemListElement":[{"@type":"ListItem","position":1,"name":"Home","item":"https:\/\/www.livemag.it\/"},{"@type":"ListItem","position":2,"name":"Il gruppo Sella annuncia la scomparsa di Maurizio Sella"}]},{"@type":"WebSite","@id":"https:\/\/www.livemag.it\/#website","url":"https:\/\/www.livemag.it\/","name":"Live Magazine","description":"Varie ed eventi","publisher":{"@id":"https:\/\/www.livemag.it\/#organization"},"potentialAction":[{"@type":"SearchAction","target":{"@type":"EntryPoint","urlTemplate":"https:\/\/www.livemag.it\/?s={search_term_string}"},"query-input":{"@type":"PropertyValueSpecification","valueRequired":true,"valueName":"search_term_string"}}],"inLanguage":"it-IT"},{"@type":"Organization","@id":"https:\/\/www.livemag.it\/#organization","name":"LiveMag","alternateName":"LiveMag News ed eventi","url":"https:\/\/www.livemag.it\/","logo":{"@type":"ImageObject","inLanguage":"it-IT","@id":"https:\/\/www.livemag.it\/#\/schema\/logo\/image\/","url":"https:\/\/www.livemag.it\/wp-content\/uploads\/2024\/02\/immagine-sito.jpg","contentUrl":"https:\/\/www.livemag.it\/wp-content\/uploads\/2024\/02\/immagine-sito.jpg","width":696,"height":696,"caption":"LiveMag"},"image":{"@id":"https:\/\/www.livemag.it\/#\/schema\/logo\/image\/"},"sameAs":["https:\/\/www.facebook.com\/LiveMag\/","https:\/\/x.com\/LiveNotizie","https:\/\/www.instagram.com\/livemag\/"]},{"@type":"Person","@id":"https:\/\/www.livemag.it\/#\/schema\/person\/b62c5f44451fdcdaeb0afe6c2424e73c","name":"italpress","image":{"@type":"ImageObject","inLanguage":"it-IT","@id":"https:\/\/secure.gravatar.com\/avatar\/b6a21695fc713ce7ee312cf57c97e2e641feb365be72d8745574d3c3e2b59066?s=96&r=g","url":"https:\/\/secure.gravatar.com\/avatar\/b6a21695fc713ce7ee312cf57c97e2e641feb365be72d8745574d3c3e2b59066?s=96&r=g","contentUrl":"https:\/\/secure.gravatar.com\/avatar\/b6a21695fc713ce7ee312cf57c97e2e641feb365be72d8745574d3c3e2b59066?s=96&r=g","caption":"italpress"},"description":"Italpress \u00e8 un'agenzia di stampa italiana a carattere nazionale.","url":"https:\/\/www.livemag.it\/index.php\/author\/italpress\/"}]}},"jetpack_featured_media_url":"https:\/\/www.livemag.it\/wp-content\/uploads\/2025\/11\/20251123_0191.jpg","_links":{"self":[{"href":"https:\/\/www.livemag.it\/index.php\/wp-json\/wp\/v2\/posts\/64013","targetHints":{"allow":["GET"]}}],"collection":[{"href":"https:\/\/www.livemag.it\/index.php\/wp-json\/wp\/v2\/posts"}],"about":[{"href":"https:\/\/www.livemag.it\/index.php\/wp-json\/wp\/v2\/types\/post"}],"author":[{"embeddable":true,"href":"https:\/\/www.livemag.it\/index.php\/wp-json\/wp\/v2\/users\/16"}],"replies":[{"embeddable":true,"href":"https:\/\/www.livemag.it\/index.php\/wp-json\/wp\/v2\/comments?post=64013"}],"version-history":[{"count":0,"href":"https:\/\/www.livemag.it\/index.php\/wp-json\/wp\/v2\/posts\/64013\/revisions"}],"wp:featuredmedia":[{"embeddable":true,"href":"https:\/\/www.livemag.it\/index.php\/wp-json\/wp\/v2\/media\/64014"}],"wp:attachment":[{"href":"https:\/\/www.livemag.it\/index.php\/wp-json\/wp\/v2\/media?parent=64013"}],"wp:term":[{"taxonomy":"category","embeddable":true,"href":"https:\/\/www.livemag.it\/index.php\/wp-json\/wp\/v2\/categories?post=64013"},{"taxonomy":"post_tag","embeddable":true,"href":"https:\/\/www.livemag.it\/index.php\/wp-json\/wp\/v2\/tags?post=64013"}],"curies":[{"name":"wp","href":"https:\/\/api.w.org\/{rel}","templated":true}]}}