{"id":62248,"date":"2025-10-30T14:17:56","date_gmt":"2025-10-30T13:17:56","guid":{"rendered":"https:\/\/www.livemag.it\/?p=62248"},"modified":"2025-10-30T14:26:16","modified_gmt":"2025-10-30T13:26:16","slug":"intelligenza-artificiale-la-visione-del-papa","status":"publish","type":"post","link":"https:\/\/www.livemag.it\/index.php\/2025\/10\/30\/intelligenza-artificiale-la-visione-del-papa\/","title":{"rendered":"Intelligenza Artificiale: la visione del Papa"},"content":{"rendered":"\n<h2 class=\"wp-block-heading\">L&#8217;intervento del Pontefice sull&#8217;etica, in sintonia con l&#8217;innovatore Iervolino e il progetto AI for Humanity<\/h2>\n\n\n\n<p>Durante l&#8217;udienza generale in Piazza San Pietro, <strong>Papa Leone XIV<\/strong> ha sollevato questioni cruciali sull&#8217;<strong>Intelligenza Artificiale<\/strong>, evidenziando sia le opportunit\u00e0 sia i profondi rischi etici e spirituali. Il Pontefice ha sottolineato che l&#8217;IA, &#8220;se concepita in alternativa all&#8217;umano, pu\u00f2 violare la dignit\u00e0 infinita della persona e neutralizzarne le fondamentali responsabilit\u00e0&#8221;. Per questo, ha invocato uno sviluppo tecnologico che mantenga sempre <strong>l&#8217;uomo al centro<\/strong>, tutelando la sua libert\u00e0 e la sua responsabilit\u00e0 morale. &#8220;Le nostre tradizioni hanno un immenso contributo da dare per l\u2019umanizzazione della tecnica&#8221;, ha dichiarato il Santo Padre, esortando governi e imprese a una riflessione condivisa sul futuro del progresso.<\/p>\n\n\n<div class=\"wp-block-image\">\n<figure class=\"alignleft size-large is-resized\"><img fetchpriority=\"high\" decoding=\"async\" width=\"819\" height=\"1024\" src=\"https:\/\/www.livemag.it\/wp-content\/uploads\/2025\/10\/Papa-Iervolino-Prime-Minister-of-Dominica-First-Lady-819x1024.jpeg\" alt=\"\" class=\"wp-image-62250\" style=\"width:222px;height:auto\" srcset=\"https:\/\/www.livemag.it\/wp-content\/uploads\/2025\/10\/Papa-Iervolino-Prime-Minister-of-Dominica-First-Lady-819x1024.jpeg 819w, https:\/\/www.livemag.it\/wp-content\/uploads\/2025\/10\/Papa-Iervolino-Prime-Minister-of-Dominica-First-Lady-240x300.jpeg 240w, https:\/\/www.livemag.it\/wp-content\/uploads\/2025\/10\/Papa-Iervolino-Prime-Minister-of-Dominica-First-Lady-768x960.jpeg 768w, https:\/\/www.livemag.it\/wp-content\/uploads\/2025\/10\/Papa-Iervolino-Prime-Minister-of-Dominica-First-Lady-1229x1536.jpeg 1229w, https:\/\/www.livemag.it\/wp-content\/uploads\/2025\/10\/Papa-Iervolino-Prime-Minister-of-Dominica-First-Lady-750x938.jpeg 750w, https:\/\/www.livemag.it\/wp-content\/uploads\/2025\/10\/Papa-Iervolino-Prime-Minister-of-Dominica-First-Lady-1140x1425.jpeg 1140w, https:\/\/www.livemag.it\/wp-content\/uploads\/2025\/10\/Papa-Iervolino-Prime-Minister-of-Dominica-First-Lady.jpeg 1280w\" sizes=\"(max-width: 819px) 100vw, 819px\" \/><\/figure>\n<\/div>\n\n\n<h3 class=\"wp-block-heading\">La visione di Andrea Iervolino<\/h3>\n\n\n\n<p>Questo messaggio risuona perfettamente con la visione di <strong>Andrea Iervolino<\/strong>, noto produttore e innovatore digitale. Da anni, Iervolino promuove un impegno tangibile attraverso il suo progetto <strong>AI for Humanity<\/strong>. Come ha ribadito in pi\u00f9 occasioni, la tecnologia deve assistere l&#8217;uomo, non rimpiazzarlo, restituendo priorit\u00e0 a valori come la creativit\u00e0, la dignit\u00e0 e la consapevolezza. \u00abL\u2019Intelligenza Artificiale deve servire l\u2019uomo, non dominarlo\u00bb, afferma Iervolino, definendo la sua missione come una forma di <strong>innovazione etica<\/strong> che bilancia sviluppo, responsabilit\u00e0 e coscienza collettiva.<\/p>\n\n\n\n<h3 class=\"wp-block-heading\">Convergenza per il futuro e altri temi<\/h3>\n\n\n\n<p>In un&#8217;epoca dominata dal digitale, la convergenza di pensiero tra Papa Leone XIV e Andrea Iervolino segna un punto di riferimento fondamentale. Entrambi auspicano un futuro tecnologico dove la macchina non sovrasti l&#8217;uomo, ma lo affianchi nel pieno rispetto della sua identit\u00e0. Nella stessa udienza, il Papa ha affrontato anche altri temi rilevanti: il <strong>dialogo con il mondo ebraico<\/strong> contro l&#8217;antisemitismo, la collaborazione interreligiosa contro il fondamentalismo, la solidariet\u00e0 per le vittime dell&#8217;<strong>uragano Melissa<\/strong> nei Caraibi e la cura del creato (Laudato Si&#8217;). Presenti anche rappresentanti del Gran Rabbinato di Roma e della Pontificia Universit\u00e0 Lateranense.<\/p>\n\n\n\n<p>A cura di Davide Cannata<\/p>\n","protected":false},"excerpt":{"rendered":"<p>L&#8217;intervento del Pontefice sull&#8217;etica, in sintonia con l&#8217;innovatore Iervolino e il progetto AI for Humanity Durante l&#8217;udienza generale in Piazza San Pietro, Papa Leone XIV ha sollevato questioni cruciali sull&#8217;Intelligenza Artificiale, evidenziando sia le opportunit\u00e0 sia i profondi rischi etici e spirituali. Il Pontefice ha sottolineato che l&#8217;IA, &#8220;se concepita in alternativa all&#8217;umano, pu\u00f2 violare [&hellip;]<\/p>\n","protected":false},"author":20,"featured_media":62249,"comment_status":"open","ping_status":"open","sticky":false,"template":"","format":"standard","meta":{"jnews-multi-image_gallery":[],"jnews_single_post":{"format":"standard"},"jnews_primary_category":[],"jnews_social_meta":[],"jnews_override_counter":[],"jnews_post_split":[],"footnotes":""},"categories":[1129,1],"tags":[7946,7517,8148,8166,8158,8167,8150,8161,8151,8155,8149,8153,8168,8145,8152,8142,8162,8141,8156,8165,4528,8160,8154,7589,8146,8143,8159,8163,2856,8144,7950,8164,8147,8157,6762],"class_list":["post-62248","post","type-post","status-publish","format-standard","has-post-thumbnail","hentry","category-mondo","category-senza-categoria","tag-ai-for-humanity","tag-andrea-iervolino","tag-antisemitismo","tag-appello-papa","tag-caraibi","tag-creato-e-ambiente","tag-cristiani","tag-cura-del-creato","tag-dialogo-interreligioso","tag-dignita-umana","tag-diritti-umani","tag-ebrei","tag-etica-digitale","tag-etica-ia","tag-fondamentalismo","tag-futuro-digitale","tag-gran-rabbinato-di-roma","tag-ia","tag-innovazione-etica","tag-innovazione-umanistica","tag-intelligenza-artificiale","tag-laudato-si","tag-papa-ia","tag-papa-leone-xiv","tag-pericoli-ia","tag-piazza-san-pietro","tag-pontificia-universita-lateranense","tag-pontificio-consiglio-per-il-dialogo-interreligioso","tag-tecnologia","tag-udienza-generale","tag-umanita","tag-umanizzazione-della-tecnica","tag-uomo-al-centro","tag-uragano-melissa","tag-vaticano"],"yoast_head":"<!-- This site is optimized with the Yoast SEO plugin v27.5 - https:\/\/yoast.com\/product\/yoast-seo-wordpress\/ -->\n<title>Intelligenza Artificiale: la visione del Papa<\/title>\n<meta name=\"description\" content=\"Durante l&#039;udienza generale in Piazza San Pietro, Papa Leone XIV ha sollevato questioni cruciali sull&#039;Intelligenza Artificiale, evidenziando\" \/>\n<meta name=\"robots\" content=\"index, follow, max-snippet:-1, max-image-preview:large, max-video-preview:-1\" \/>\n<link rel=\"canonical\" href=\"https:\/\/www.livemag.it\/index.php\/2025\/10\/30\/intelligenza-artificiale-la-visione-del-papa\/\" \/>\n<meta property=\"og:locale\" content=\"it_IT\" \/>\n<meta property=\"og:type\" content=\"article\" \/>\n<meta property=\"og:title\" content=\"Intelligenza Artificiale: la visione del Papa\" \/>\n<meta property=\"og:description\" content=\"Durante l&#039;udienza generale in Piazza San Pietro, Papa Leone XIV ha sollevato questioni cruciali sull&#039;Intelligenza Artificiale, evidenziando\" \/>\n<meta property=\"og:url\" content=\"https:\/\/www.livemag.it\/index.php\/2025\/10\/30\/intelligenza-artificiale-la-visione-del-papa\/\" \/>\n<meta property=\"og:site_name\" content=\"Live Magazine\" \/>\n<meta property=\"article:publisher\" content=\"https:\/\/www.facebook.com\/LiveMag\/\" \/>\n<meta property=\"article:published_time\" content=\"2025-10-30T13:17:56+00:00\" \/>\n<meta property=\"article:modified_time\" content=\"2025-10-30T13:26:16+00:00\" \/>\n<meta property=\"og:image\" content=\"https:\/\/www.livemag.it\/wp-content\/uploads\/2025\/10\/Papa-Iervolino-copia.jpeg\" \/>\n\t<meta property=\"og:image:width\" content=\"1594\" \/>\n\t<meta property=\"og:image:height\" content=\"1008\" \/>\n\t<meta property=\"og:image:type\" content=\"image\/jpeg\" \/>\n<meta name=\"author\" content=\"Mario Altomura\" \/>\n<meta name=\"twitter:card\" content=\"summary_large_image\" \/>\n<meta name=\"twitter:title\" content=\"Intelligenza Artificiale: la visione del Papa\" \/>\n<meta name=\"twitter:description\" content=\"Durante l&#039;udienza generale in Piazza San Pietro, Papa Leone XIV ha sollevato questioni cruciali sull&#039;Intelligenza Artificiale, evidenziando\" \/>\n<meta name=\"twitter:image\" content=\"https:\/\/www.livemag.it\/wp-content\/uploads\/2025\/10\/Papa-Iervolino-copia.jpeg\" \/>\n<meta name=\"twitter:creator\" content=\"@LiveNotizie\" \/>\n<meta name=\"twitter:site\" content=\"@LiveNotizie\" \/>\n<meta name=\"twitter:label1\" content=\"Scritto da\" \/>\n\t<meta name=\"twitter:data1\" content=\"Mario Altomura\" \/>\n\t<meta name=\"twitter:label2\" content=\"Tempo di lettura stimato\" \/>\n\t<meta name=\"twitter:data2\" content=\"1 minuto\" \/>\n<script type=\"application\/ld+json\" class=\"yoast-schema-graph\">{\"@context\":\"https:\\\/\\\/schema.org\",\"@graph\":[{\"@type\":\"Article\",\"@id\":\"https:\\\/\\\/www.livemag.it\\\/index.php\\\/2025\\\/10\\\/30\\\/intelligenza-artificiale-la-visione-del-papa\\\/#article\",\"isPartOf\":{\"@id\":\"https:\\\/\\\/www.livemag.it\\\/index.php\\\/2025\\\/10\\\/30\\\/intelligenza-artificiale-la-visione-del-papa\\\/\"},\"author\":{\"name\":\"Mario Altomura\",\"@id\":\"https:\\\/\\\/www.livemag.it\\\/#\\\/schema\\\/person\\\/cc097583ef7f4da9e9fe62e8b552ab72\"},\"headline\":\"Intelligenza Artificiale: la visione del Papa\",\"datePublished\":\"2025-10-30T13:17:56+00:00\",\"dateModified\":\"2025-10-30T13:26:16+00:00\",\"mainEntityOfPage\":{\"@id\":\"https:\\\/\\\/www.livemag.it\\\/index.php\\\/2025\\\/10\\\/30\\\/intelligenza-artificiale-la-visione-del-papa\\\/\"},\"wordCount\":332,\"commentCount\":0,\"publisher\":{\"@id\":\"https:\\\/\\\/www.livemag.it\\\/#organization\"},\"image\":{\"@id\":\"https:\\\/\\\/www.livemag.it\\\/index.php\\\/2025\\\/10\\\/30\\\/intelligenza-artificiale-la-visione-del-papa\\\/#primaryimage\"},\"thumbnailUrl\":\"https:\\\/\\\/www.livemag.it\\\/wp-content\\\/uploads\\\/2025\\\/10\\\/Papa-Iervolino-copia.jpeg\",\"keywords\":[\"AI for Humanity\",\"Andrea Iervolino\",\"antisemitismo\",\"appello Papa\",\"Caraibi\",\"Creato e ambiente\",\"cristiani\",\"cura del creato\",\"dialogo interreligioso\",\"dignit\u00e0 umana\",\"diritti umani\",\"ebrei\",\"Etica digitale\",\"etica IA\",\"fondamentalismo\",\"futuro digitale\",\"Gran Rabbinato di Roma\",\"IA\",\"innovazione etica\",\"Innovazione umanistica\",\"intelligenza artificiale\",\"Laudato Si'\",\"Papa IA\",\"Papa Leone XIV\",\"pericoli IA\",\"Piazza San Pietro\",\"Pontificia Universit\u00e0 Lateranense\",\"Pontificio Consiglio per il Dialogo Interreligioso\",\"tecnologia\",\"udienza generale\",\"umanit\u00e0\",\"Umanizzazione della tecnica\",\"uomo al centro\",\"uragano Melissa\",\"Vaticano\"],\"articleSection\":[\"Mondo\"],\"inLanguage\":\"it-IT\",\"potentialAction\":[{\"@type\":\"CommentAction\",\"name\":\"Comment\",\"target\":[\"https:\\\/\\\/www.livemag.it\\\/index.php\\\/2025\\\/10\\\/30\\\/intelligenza-artificiale-la-visione-del-papa\\\/#respond\"]}]},{\"@type\":\"WebPage\",\"@id\":\"https:\\\/\\\/www.livemag.it\\\/index.php\\\/2025\\\/10\\\/30\\\/intelligenza-artificiale-la-visione-del-papa\\\/\",\"url\":\"https:\\\/\\\/www.livemag.it\\\/index.php\\\/2025\\\/10\\\/30\\\/intelligenza-artificiale-la-visione-del-papa\\\/\",\"name\":\"Intelligenza Artificiale: la visione del Papa\",\"isPartOf\":{\"@id\":\"https:\\\/\\\/www.livemag.it\\\/#website\"},\"primaryImageOfPage\":{\"@id\":\"https:\\\/\\\/www.livemag.it\\\/index.php\\\/2025\\\/10\\\/30\\\/intelligenza-artificiale-la-visione-del-papa\\\/#primaryimage\"},\"image\":{\"@id\":\"https:\\\/\\\/www.livemag.it\\\/index.php\\\/2025\\\/10\\\/30\\\/intelligenza-artificiale-la-visione-del-papa\\\/#primaryimage\"},\"thumbnailUrl\":\"https:\\\/\\\/www.livemag.it\\\/wp-content\\\/uploads\\\/2025\\\/10\\\/Papa-Iervolino-copia.jpeg\",\"datePublished\":\"2025-10-30T13:17:56+00:00\",\"dateModified\":\"2025-10-30T13:26:16+00:00\",\"description\":\"Durante l'udienza generale in Piazza San Pietro, Papa Leone XIV ha sollevato questioni cruciali sull'Intelligenza Artificiale, evidenziando\",\"breadcrumb\":{\"@id\":\"https:\\\/\\\/www.livemag.it\\\/index.php\\\/2025\\\/10\\\/30\\\/intelligenza-artificiale-la-visione-del-papa\\\/#breadcrumb\"},\"inLanguage\":\"it-IT\",\"potentialAction\":[{\"@type\":\"ReadAction\",\"target\":[\"https:\\\/\\\/www.livemag.it\\\/index.php\\\/2025\\\/10\\\/30\\\/intelligenza-artificiale-la-visione-del-papa\\\/\"]}]},{\"@type\":\"ImageObject\",\"inLanguage\":\"it-IT\",\"@id\":\"https:\\\/\\\/www.livemag.it\\\/index.php\\\/2025\\\/10\\\/30\\\/intelligenza-artificiale-la-visione-del-papa\\\/#primaryimage\",\"url\":\"https:\\\/\\\/www.livemag.it\\\/wp-content\\\/uploads\\\/2025\\\/10\\\/Papa-Iervolino-copia.jpeg\",\"contentUrl\":\"https:\\\/\\\/www.livemag.it\\\/wp-content\\\/uploads\\\/2025\\\/10\\\/Papa-Iervolino-copia.jpeg\",\"width\":1594,\"height\":1008},{\"@type\":\"BreadcrumbList\",\"@id\":\"https:\\\/\\\/www.livemag.it\\\/index.php\\\/2025\\\/10\\\/30\\\/intelligenza-artificiale-la-visione-del-papa\\\/#breadcrumb\",\"itemListElement\":[{\"@type\":\"ListItem\",\"position\":1,\"name\":\"Home\",\"item\":\"https:\\\/\\\/www.livemag.it\\\/\"},{\"@type\":\"ListItem\",\"position\":2,\"name\":\"Intelligenza Artificiale: la visione del Papa\"}]},{\"@type\":\"WebSite\",\"@id\":\"https:\\\/\\\/www.livemag.it\\\/#website\",\"url\":\"https:\\\/\\\/www.livemag.it\\\/\",\"name\":\"Live Magazine\",\"description\":\"Varie ed eventi\",\"publisher\":{\"@id\":\"https:\\\/\\\/www.livemag.it\\\/#organization\"},\"potentialAction\":[{\"@type\":\"SearchAction\",\"target\":{\"@type\":\"EntryPoint\",\"urlTemplate\":\"https:\\\/\\\/www.livemag.it\\\/?s={search_term_string}\"},\"query-input\":{\"@type\":\"PropertyValueSpecification\",\"valueRequired\":true,\"valueName\":\"search_term_string\"}}],\"inLanguage\":\"it-IT\"},{\"@type\":\"Organization\",\"@id\":\"https:\\\/\\\/www.livemag.it\\\/#organization\",\"name\":\"LiveMag\",\"alternateName\":\"LiveMag News ed eventi\",\"url\":\"https:\\\/\\\/www.livemag.it\\\/\",\"logo\":{\"@type\":\"ImageObject\",\"inLanguage\":\"it-IT\",\"@id\":\"https:\\\/\\\/www.livemag.it\\\/#\\\/schema\\\/logo\\\/image\\\/\",\"url\":\"https:\\\/\\\/www.livemag.it\\\/wp-content\\\/uploads\\\/2024\\\/02\\\/immagine-sito.jpg\",\"contentUrl\":\"https:\\\/\\\/www.livemag.it\\\/wp-content\\\/uploads\\\/2024\\\/02\\\/immagine-sito.jpg\",\"width\":696,\"height\":696,\"caption\":\"LiveMag\"},\"image\":{\"@id\":\"https:\\\/\\\/www.livemag.it\\\/#\\\/schema\\\/logo\\\/image\\\/\"},\"sameAs\":[\"https:\\\/\\\/www.facebook.com\\\/LiveMag\\\/\",\"https:\\\/\\\/x.com\\\/LiveNotizie\",\"https:\\\/\\\/www.instagram.com\\\/livemag\\\/\"]},{\"@type\":\"Person\",\"@id\":\"https:\\\/\\\/www.livemag.it\\\/#\\\/schema\\\/person\\\/cc097583ef7f4da9e9fe62e8b552ab72\",\"name\":\"Mario Altomura\",\"image\":{\"@type\":\"ImageObject\",\"inLanguage\":\"it-IT\",\"@id\":\"https:\\\/\\\/secure.gravatar.com\\\/avatar\\\/3c7d3ce72a2bed6bab5e3681d59712a49247bdd227b4ef67de56814084f945dd?s=96&r=g\",\"url\":\"https:\\\/\\\/secure.gravatar.com\\\/avatar\\\/3c7d3ce72a2bed6bab5e3681d59712a49247bdd227b4ef67de56814084f945dd?s=96&r=g\",\"contentUrl\":\"https:\\\/\\\/secure.gravatar.com\\\/avatar\\\/3c7d3ce72a2bed6bab5e3681d59712a49247bdd227b4ef67de56814084f945dd?s=96&r=g\",\"caption\":\"Mario Altomura\"},\"description\":\"fotografo celebrity\",\"url\":\"https:\\\/\\\/www.livemag.it\\\/index.php\\\/author\\\/fabio-scarpati\\\/\"}]}<\/script>\n<!-- \/ Yoast SEO plugin. -->","yoast_head_json":{"title":"Intelligenza Artificiale: la visione del Papa","description":"Durante l'udienza generale in Piazza San Pietro, Papa Leone XIV ha sollevato questioni cruciali sull'Intelligenza Artificiale, evidenziando","robots":{"index":"index","follow":"follow","max-snippet":"max-snippet:-1","max-image-preview":"max-image-preview:large","max-video-preview":"max-video-preview:-1"},"canonical":"https:\/\/www.livemag.it\/index.php\/2025\/10\/30\/intelligenza-artificiale-la-visione-del-papa\/","og_locale":"it_IT","og_type":"article","og_title":"Intelligenza Artificiale: la visione del Papa","og_description":"Durante l'udienza generale in Piazza San Pietro, Papa Leone XIV ha sollevato questioni cruciali sull'Intelligenza Artificiale, evidenziando","og_url":"https:\/\/www.livemag.it\/index.php\/2025\/10\/30\/intelligenza-artificiale-la-visione-del-papa\/","og_site_name":"Live Magazine","article_publisher":"https:\/\/www.facebook.com\/LiveMag\/","article_published_time":"2025-10-30T13:17:56+00:00","article_modified_time":"2025-10-30T13:26:16+00:00","og_image":[{"width":1594,"height":1008,"url":"https:\/\/www.livemag.it\/wp-content\/uploads\/2025\/10\/Papa-Iervolino-copia.jpeg","type":"image\/jpeg"}],"author":"Mario Altomura","twitter_card":"summary_large_image","twitter_title":"Intelligenza Artificiale: la visione del Papa","twitter_description":"Durante l'udienza generale in Piazza San Pietro, Papa Leone XIV ha sollevato questioni cruciali sull'Intelligenza Artificiale, evidenziando","twitter_image":"https:\/\/www.livemag.it\/wp-content\/uploads\/2025\/10\/Papa-Iervolino-copia.jpeg","twitter_creator":"@LiveNotizie","twitter_site":"@LiveNotizie","twitter_misc":{"Scritto da":"Mario Altomura","Tempo di lettura stimato":"1 minuto"},"schema":{"@context":"https:\/\/schema.org","@graph":[{"@type":"Article","@id":"https:\/\/www.livemag.it\/index.php\/2025\/10\/30\/intelligenza-artificiale-la-visione-del-papa\/#article","isPartOf":{"@id":"https:\/\/www.livemag.it\/index.php\/2025\/10\/30\/intelligenza-artificiale-la-visione-del-papa\/"},"author":{"name":"Mario Altomura","@id":"https:\/\/www.livemag.it\/#\/schema\/person\/cc097583ef7f4da9e9fe62e8b552ab72"},"headline":"Intelligenza Artificiale: la visione del Papa","datePublished":"2025-10-30T13:17:56+00:00","dateModified":"2025-10-30T13:26:16+00:00","mainEntityOfPage":{"@id":"https:\/\/www.livemag.it\/index.php\/2025\/10\/30\/intelligenza-artificiale-la-visione-del-papa\/"},"wordCount":332,"commentCount":0,"publisher":{"@id":"https:\/\/www.livemag.it\/#organization"},"image":{"@id":"https:\/\/www.livemag.it\/index.php\/2025\/10\/30\/intelligenza-artificiale-la-visione-del-papa\/#primaryimage"},"thumbnailUrl":"https:\/\/www.livemag.it\/wp-content\/uploads\/2025\/10\/Papa-Iervolino-copia.jpeg","keywords":["AI for Humanity","Andrea Iervolino","antisemitismo","appello Papa","Caraibi","Creato e ambiente","cristiani","cura del creato","dialogo interreligioso","dignit\u00e0 umana","diritti umani","ebrei","Etica digitale","etica IA","fondamentalismo","futuro digitale","Gran Rabbinato di Roma","IA","innovazione etica","Innovazione umanistica","intelligenza artificiale","Laudato Si'","Papa IA","Papa Leone XIV","pericoli IA","Piazza San Pietro","Pontificia Universit\u00e0 Lateranense","Pontificio Consiglio per il Dialogo Interreligioso","tecnologia","udienza generale","umanit\u00e0","Umanizzazione della tecnica","uomo al centro","uragano Melissa","Vaticano"],"articleSection":["Mondo"],"inLanguage":"it-IT","potentialAction":[{"@type":"CommentAction","name":"Comment","target":["https:\/\/www.livemag.it\/index.php\/2025\/10\/30\/intelligenza-artificiale-la-visione-del-papa\/#respond"]}]},{"@type":"WebPage","@id":"https:\/\/www.livemag.it\/index.php\/2025\/10\/30\/intelligenza-artificiale-la-visione-del-papa\/","url":"https:\/\/www.livemag.it\/index.php\/2025\/10\/30\/intelligenza-artificiale-la-visione-del-papa\/","name":"Intelligenza Artificiale: la visione del Papa","isPartOf":{"@id":"https:\/\/www.livemag.it\/#website"},"primaryImageOfPage":{"@id":"https:\/\/www.livemag.it\/index.php\/2025\/10\/30\/intelligenza-artificiale-la-visione-del-papa\/#primaryimage"},"image":{"@id":"https:\/\/www.livemag.it\/index.php\/2025\/10\/30\/intelligenza-artificiale-la-visione-del-papa\/#primaryimage"},"thumbnailUrl":"https:\/\/www.livemag.it\/wp-content\/uploads\/2025\/10\/Papa-Iervolino-copia.jpeg","datePublished":"2025-10-30T13:17:56+00:00","dateModified":"2025-10-30T13:26:16+00:00","description":"Durante l'udienza generale in Piazza San Pietro, Papa Leone XIV ha sollevato questioni cruciali sull'Intelligenza Artificiale, evidenziando","breadcrumb":{"@id":"https:\/\/www.livemag.it\/index.php\/2025\/10\/30\/intelligenza-artificiale-la-visione-del-papa\/#breadcrumb"},"inLanguage":"it-IT","potentialAction":[{"@type":"ReadAction","target":["https:\/\/www.livemag.it\/index.php\/2025\/10\/30\/intelligenza-artificiale-la-visione-del-papa\/"]}]},{"@type":"ImageObject","inLanguage":"it-IT","@id":"https:\/\/www.livemag.it\/index.php\/2025\/10\/30\/intelligenza-artificiale-la-visione-del-papa\/#primaryimage","url":"https:\/\/www.livemag.it\/wp-content\/uploads\/2025\/10\/Papa-Iervolino-copia.jpeg","contentUrl":"https:\/\/www.livemag.it\/wp-content\/uploads\/2025\/10\/Papa-Iervolino-copia.jpeg","width":1594,"height":1008},{"@type":"BreadcrumbList","@id":"https:\/\/www.livemag.it\/index.php\/2025\/10\/30\/intelligenza-artificiale-la-visione-del-papa\/#breadcrumb","itemListElement":[{"@type":"ListItem","position":1,"name":"Home","item":"https:\/\/www.livemag.it\/"},{"@type":"ListItem","position":2,"name":"Intelligenza Artificiale: la visione del Papa"}]},{"@type":"WebSite","@id":"https:\/\/www.livemag.it\/#website","url":"https:\/\/www.livemag.it\/","name":"Live Magazine","description":"Varie ed eventi","publisher":{"@id":"https:\/\/www.livemag.it\/#organization"},"potentialAction":[{"@type":"SearchAction","target":{"@type":"EntryPoint","urlTemplate":"https:\/\/www.livemag.it\/?s={search_term_string}"},"query-input":{"@type":"PropertyValueSpecification","valueRequired":true,"valueName":"search_term_string"}}],"inLanguage":"it-IT"},{"@type":"Organization","@id":"https:\/\/www.livemag.it\/#organization","name":"LiveMag","alternateName":"LiveMag News ed eventi","url":"https:\/\/www.livemag.it\/","logo":{"@type":"ImageObject","inLanguage":"it-IT","@id":"https:\/\/www.livemag.it\/#\/schema\/logo\/image\/","url":"https:\/\/www.livemag.it\/wp-content\/uploads\/2024\/02\/immagine-sito.jpg","contentUrl":"https:\/\/www.livemag.it\/wp-content\/uploads\/2024\/02\/immagine-sito.jpg","width":696,"height":696,"caption":"LiveMag"},"image":{"@id":"https:\/\/www.livemag.it\/#\/schema\/logo\/image\/"},"sameAs":["https:\/\/www.facebook.com\/LiveMag\/","https:\/\/x.com\/LiveNotizie","https:\/\/www.instagram.com\/livemag\/"]},{"@type":"Person","@id":"https:\/\/www.livemag.it\/#\/schema\/person\/cc097583ef7f4da9e9fe62e8b552ab72","name":"Mario Altomura","image":{"@type":"ImageObject","inLanguage":"it-IT","@id":"https:\/\/secure.gravatar.com\/avatar\/3c7d3ce72a2bed6bab5e3681d59712a49247bdd227b4ef67de56814084f945dd?s=96&r=g","url":"https:\/\/secure.gravatar.com\/avatar\/3c7d3ce72a2bed6bab5e3681d59712a49247bdd227b4ef67de56814084f945dd?s=96&r=g","contentUrl":"https:\/\/secure.gravatar.com\/avatar\/3c7d3ce72a2bed6bab5e3681d59712a49247bdd227b4ef67de56814084f945dd?s=96&r=g","caption":"Mario Altomura"},"description":"fotografo celebrity","url":"https:\/\/www.livemag.it\/index.php\/author\/fabio-scarpati\/"}]}},"jetpack_featured_media_url":"https:\/\/www.livemag.it\/wp-content\/uploads\/2025\/10\/Papa-Iervolino-copia.jpeg","_links":{"self":[{"href":"https:\/\/www.livemag.it\/index.php\/wp-json\/wp\/v2\/posts\/62248","targetHints":{"allow":["GET"]}}],"collection":[{"href":"https:\/\/www.livemag.it\/index.php\/wp-json\/wp\/v2\/posts"}],"about":[{"href":"https:\/\/www.livemag.it\/index.php\/wp-json\/wp\/v2\/types\/post"}],"author":[{"embeddable":true,"href":"https:\/\/www.livemag.it\/index.php\/wp-json\/wp\/v2\/users\/20"}],"replies":[{"embeddable":true,"href":"https:\/\/www.livemag.it\/index.php\/wp-json\/wp\/v2\/comments?post=62248"}],"version-history":[{"count":2,"href":"https:\/\/www.livemag.it\/index.php\/wp-json\/wp\/v2\/posts\/62248\/revisions"}],"predecessor-version":[{"id":62252,"href":"https:\/\/www.livemag.it\/index.php\/wp-json\/wp\/v2\/posts\/62248\/revisions\/62252"}],"wp:featuredmedia":[{"embeddable":true,"href":"https:\/\/www.livemag.it\/index.php\/wp-json\/wp\/v2\/media\/62249"}],"wp:attachment":[{"href":"https:\/\/www.livemag.it\/index.php\/wp-json\/wp\/v2\/media?parent=62248"}],"wp:term":[{"taxonomy":"category","embeddable":true,"href":"https:\/\/www.livemag.it\/index.php\/wp-json\/wp\/v2\/categories?post=62248"},{"taxonomy":"post_tag","embeddable":true,"href":"https:\/\/www.livemag.it\/index.php\/wp-json\/wp\/v2\/tags?post=62248"}],"curies":[{"name":"wp","href":"https:\/\/api.w.org\/{rel}","templated":true}]}}