{"id":61979,"date":"2025-10-27T07:23:41","date_gmt":"2025-10-27T06:23:41","guid":{"rendered":"https:\/\/www.livemag.it\/?p=61979"},"modified":"2025-10-27T07:35:22","modified_gmt":"2025-10-27T06:35:22","slug":"tardino-piemonte-e-peisino-stelle-alla-festa-del-cinema-di-roma","status":"publish","type":"post","link":"https:\/\/www.livemag.it\/index.php\/2025\/10\/27\/tardino-piemonte-e-peisino-stelle-alla-festa-del-cinema-di-roma\/","title":{"rendered":"Tardino, Piemonte e Peisino, stelle alla Festa del Cinema di Roma"},"content":{"rendered":"\n<p>Si \u00e8 conclusa ieri, l&#8217;edizione 2025 della Festa del Cinema di Roma. Dieci giorni di proiezioni, presentazioni, convegni, eventi e red carpet. Tra le tante iniziative collaterali alla kermesse, una serie di vip hanno affollato alcune delle location direttamente o indirettamente collegate alla Festa.<\/p>\n\n\n<div class=\"wp-block-image\">\n<figure class=\"aligncenter size-full is-resized\"><img fetchpriority=\"high\" decoding=\"async\" width=\"917\" height=\"629\" src=\"https:\/\/www.livemag.it\/wp-content\/uploads\/2025\/10\/Schermata-2025-10-27-alle-07.06.29.png\" alt=\"\" class=\"wp-image-61983\" style=\"width:515px;height:auto\" srcset=\"https:\/\/www.livemag.it\/wp-content\/uploads\/2025\/10\/Schermata-2025-10-27-alle-07.06.29.png 917w, https:\/\/www.livemag.it\/wp-content\/uploads\/2025\/10\/Schermata-2025-10-27-alle-07.06.29-300x206.png 300w, https:\/\/www.livemag.it\/wp-content\/uploads\/2025\/10\/Schermata-2025-10-27-alle-07.06.29-768x527.png 768w, https:\/\/www.livemag.it\/wp-content\/uploads\/2025\/10\/Schermata-2025-10-27-alle-07.06.29-750x514.png 750w\" sizes=\"(max-width: 917px) 100vw, 917px\" \/><\/figure>\n<\/div>\n\n\n<p>I pi\u00f9 sontuosi gala organizzati per questa occasione, sono stati capitanati dalla celebrazione dei 40 anni della rivista Ciak, in un party scintillante organizzato da Tiziana Rocca alla Limonaia di Villa Torlonia. Anche il Maxxi, a pochi passi dall&#8217;Auditorium Parco della Musica, dove si svolgeva la Festa del Cinema, ha ospitato eventi strepitosi, come la festa di Sandkan, il serial tv di Can Yaman, dove l&#8217;attore turco, per rispettare sempre le buone maniere verso fans e addetti ai lavori, si \u00e8 presentato giusto il tempo di fare due foto, salutare per poi scappare confondendosi nella notte capitoline.<\/p>\n\n\n\n<p>Tanti sono gli eventi anche proposti allo Spazio Lazio Film Commision, come la presentazione de Il Vitti, il premio dedicato alla celebre attrice Monica Vitti, piuttosto che gli Italian Tv Awards, i premi della televisione, che hanno visto sfilare tanti personaggi celebri.<\/p>\n\n\n<div class=\"wp-block-image\">\n<figure class=\"aligncenter size-full is-resized\"><img decoding=\"async\" width=\"909\" height=\"681\" src=\"https:\/\/www.livemag.it\/wp-content\/uploads\/2025\/10\/Schermata-2025-10-27-alle-07.06.50.png\" alt=\"\" class=\"wp-image-61984\" style=\"width:533px;height:auto\" srcset=\"https:\/\/www.livemag.it\/wp-content\/uploads\/2025\/10\/Schermata-2025-10-27-alle-07.06.50.png 909w, https:\/\/www.livemag.it\/wp-content\/uploads\/2025\/10\/Schermata-2025-10-27-alle-07.06.50-300x225.png 300w, https:\/\/www.livemag.it\/wp-content\/uploads\/2025\/10\/Schermata-2025-10-27-alle-07.06.50-768x575.png 768w, https:\/\/www.livemag.it\/wp-content\/uploads\/2025\/10\/Schermata-2025-10-27-alle-07.06.50-750x562.png 750w\" sizes=\"(max-width: 909px) 100vw, 909px\" \/><\/figure>\n<\/div>\n\n\n<p>Fra di loro si sono notati anche gli attori siciliani Emmanuele Tardino e Salvatore Piemonte, oltre al giovanissimo attore ligure Andrea Peisino. I tre si sono fatti notare per il loro inconfondibile savoir faire, per essere le uniche vere novit\u00e0 fra le nuove leve in questa manifestazione (anche se Tardino vanta gi\u00e0 due serial come co-protagonista su Rai 1 e su Canale 5), che per certi aspetti rispetto alle edizioni passate su alcuni aspetti \u00e8 stata pi\u00f9 in sottotono.<\/p>\n\n\n\n<p>In ogni caso Tardino, visto anche sul red carpet, si \u00e8 incontrato con Can Yaman, con il quale ha un feeling professionale che dura nel tempo per poi intrattenersi con la star americana Ronn Moss, Andrea Peisino ha avuto modo di incontrare Luca Zingaretti e Salvatore Piemonte si \u00e8 intrattenuto assieme a una star del calibro di Garison Rochelle.<\/p>\n\n\n<div class=\"wp-block-image\">\n<figure class=\"aligncenter size-full is-resized\"><img decoding=\"async\" width=\"914\" height=\"627\" src=\"https:\/\/www.livemag.it\/wp-content\/uploads\/2025\/10\/Schermata-2025-10-27-alle-07.06.02.png\" alt=\"\" class=\"wp-image-61985\" style=\"width:524px;height:auto\" srcset=\"https:\/\/www.livemag.it\/wp-content\/uploads\/2025\/10\/Schermata-2025-10-27-alle-07.06.02.png 914w, https:\/\/www.livemag.it\/wp-content\/uploads\/2025\/10\/Schermata-2025-10-27-alle-07.06.02-300x206.png 300w, https:\/\/www.livemag.it\/wp-content\/uploads\/2025\/10\/Schermata-2025-10-27-alle-07.06.02-768x527.png 768w, https:\/\/www.livemag.it\/wp-content\/uploads\/2025\/10\/Schermata-2025-10-27-alle-07.06.02-750x514.png 750w\" sizes=\"(max-width: 914px) 100vw, 914px\" \/><\/figure>\n<\/div>\n\n\n<p>Tante novit\u00e0 riguardano questo trio di interpreti del grande e del piccolo schermo del futuro. Tutti e tre con all&#8217;attivo gi\u00e0 esperienze importanti e importanti progetti da sviluppare in futuro. Gi\u00e0 si mormora per qualcuno una presenza quasi certa al Festival di Sanremo, per poi approdare a quello di Cannes e alla Mostra del Cinema di Venezia, a settembre 2026.<\/p>\n","protected":false},"excerpt":{"rendered":"<p>Si \u00e8 conclusa ieri, l&#8217;edizione 2025 della Festa del Cinema di Roma. Dieci giorni di proiezioni, presentazioni, convegni, eventi e red carpet. Tra le tante iniziative collaterali alla kermesse, una serie di vip hanno affollato alcune delle location direttamente o indirettamente collegate alla Festa. I pi\u00f9 sontuosi gala organizzati per questa occasione, sono stati capitanati [&hellip;]<\/p>\n","protected":false},"author":1,"featured_media":61990,"comment_status":"open","ping_status":"open","sticky":false,"template":"","format":"standard","meta":{"jnews-multi-image_gallery":[],"jnews_single_post":{"format":"standard"},"jnews_primary_category":[],"jnews_social_meta":[],"jnews_override_counter":[],"jnews_post_split":[],"footnotes":""},"categories":[152,90,3,2,83],"tags":[8119,1313,1312,2367,5337,8120,5858],"class_list":["post-61979","post","type-post","status-publish","format-standard","has-post-thumbnail","hentry","category-events","category-liveevent","category-livenews","category-livepeople","category-livevip","tag-andrea-peisino","tag-can-yaman","tag-emmanuele-tardino","tag-garrison-rochelle","tag-luca-zingaretti","tag-ronn-moss","tag-salvatore-piemonte"],"yoast_head":"<!-- This site is optimized with the Yoast SEO plugin v27.5 - https:\/\/yoast.com\/product\/yoast-seo-wordpress\/ -->\n<title>Tardino, Piemonte e Peisino, stelle alla Festa del Cinema di Roma - Live Magazine<\/title>\n<meta name=\"description\" content=\"Si \u00e8 conclusa ieri, l&#039;edizione 2025 della Festa del Cinema di Roma. Dieci giorni di proiezioni, presentazioni, convegni, eventi e red\" \/>\n<meta name=\"robots\" content=\"index, follow, max-snippet:-1, max-image-preview:large, max-video-preview:-1\" \/>\n<link rel=\"canonical\" href=\"https:\/\/www.livemag.it\/index.php\/2025\/10\/27\/tardino-piemonte-e-peisino-stelle-alla-festa-del-cinema-di-roma\/\" \/>\n<meta property=\"og:locale\" content=\"it_IT\" \/>\n<meta property=\"og:type\" content=\"article\" \/>\n<meta property=\"og:title\" content=\"Tardino, Piemonte e Peisino, stelle alla Festa del Cinema di Roma - Live Magazine\" \/>\n<meta property=\"og:description\" content=\"Si \u00e8 conclusa ieri, l&#039;edizione 2025 della Festa del Cinema di Roma. Dieci giorni di proiezioni, presentazioni, convegni, eventi e red\" \/>\n<meta property=\"og:url\" content=\"https:\/\/www.livemag.it\/index.php\/2025\/10\/27\/tardino-piemonte-e-peisino-stelle-alla-festa-del-cinema-di-roma\/\" \/>\n<meta property=\"og:site_name\" content=\"Live Magazine\" \/>\n<meta property=\"article:publisher\" content=\"https:\/\/www.facebook.com\/LiveMag\/\" \/>\n<meta property=\"article:published_time\" content=\"2025-10-27T06:23:41+00:00\" \/>\n<meta property=\"article:modified_time\" content=\"2025-10-27T06:35:22+00:00\" \/>\n<meta property=\"og:image\" content=\"https:\/\/www.livemag.it\/wp-content\/uploads\/2025\/10\/9E501290-B218-499F-8163-A224461D4FDC-e1761546843444.jpg\" \/>\n\t<meta property=\"og:image:width\" content=\"2046\" \/>\n\t<meta property=\"og:image:height\" content=\"1080\" \/>\n\t<meta property=\"og:image:type\" content=\"image\/jpeg\" \/>\n<meta name=\"author\" content=\"Redazione\" \/>\n<meta name=\"twitter:card\" content=\"summary_large_image\" \/>\n<meta name=\"twitter:creator\" content=\"@LiveNotizie\" \/>\n<meta name=\"twitter:site\" content=\"@LiveNotizie\" \/>\n<meta name=\"twitter:label1\" content=\"Scritto da\" \/>\n\t<meta name=\"twitter:data1\" content=\"Redazione\" \/>\n\t<meta name=\"twitter:label2\" content=\"Tempo di lettura stimato\" \/>\n\t<meta name=\"twitter:data2\" content=\"3 minuti\" \/>\n<script type=\"application\/ld+json\" class=\"yoast-schema-graph\">{\"@context\":\"https:\\\/\\\/schema.org\",\"@graph\":[{\"@type\":\"Article\",\"@id\":\"https:\\\/\\\/www.livemag.it\\\/index.php\\\/2025\\\/10\\\/27\\\/tardino-piemonte-e-peisino-stelle-alla-festa-del-cinema-di-roma\\\/#article\",\"isPartOf\":{\"@id\":\"https:\\\/\\\/www.livemag.it\\\/index.php\\\/2025\\\/10\\\/27\\\/tardino-piemonte-e-peisino-stelle-alla-festa-del-cinema-di-roma\\\/\"},\"author\":{\"name\":\"Redazione\",\"@id\":\"https:\\\/\\\/www.livemag.it\\\/#\\\/schema\\\/person\\\/7191e402a6eb1110174f9d71f53edea9\"},\"headline\":\"Tardino, Piemonte e Peisino, stelle alla Festa del Cinema di Roma\",\"datePublished\":\"2025-10-27T06:23:41+00:00\",\"dateModified\":\"2025-10-27T06:35:22+00:00\",\"mainEntityOfPage\":{\"@id\":\"https:\\\/\\\/www.livemag.it\\\/index.php\\\/2025\\\/10\\\/27\\\/tardino-piemonte-e-peisino-stelle-alla-festa-del-cinema-di-roma\\\/\"},\"wordCount\":386,\"commentCount\":0,\"publisher\":{\"@id\":\"https:\\\/\\\/www.livemag.it\\\/#organization\"},\"image\":{\"@id\":\"https:\\\/\\\/www.livemag.it\\\/index.php\\\/2025\\\/10\\\/27\\\/tardino-piemonte-e-peisino-stelle-alla-festa-del-cinema-di-roma\\\/#primaryimage\"},\"thumbnailUrl\":\"https:\\\/\\\/www.livemag.it\\\/wp-content\\\/uploads\\\/2025\\\/10\\\/9E501290-B218-499F-8163-A224461D4FDC-e1761546843444.jpg\",\"keywords\":[\"Andrea Peisino\",\"Can Yaman\",\"Emmanuele Tardino\",\"Garrison Rochelle\",\"LUCA ZINGARETTI\",\"Ronn Moss\",\"Salvatore Piemonte\"],\"articleSection\":[\"events\",\"LiveEvent\",\"LiveNews\",\"LivePeople\",\"LiveVIP\"],\"inLanguage\":\"it-IT\",\"potentialAction\":[{\"@type\":\"CommentAction\",\"name\":\"Comment\",\"target\":[\"https:\\\/\\\/www.livemag.it\\\/index.php\\\/2025\\\/10\\\/27\\\/tardino-piemonte-e-peisino-stelle-alla-festa-del-cinema-di-roma\\\/#respond\"]}]},{\"@type\":\"WebPage\",\"@id\":\"https:\\\/\\\/www.livemag.it\\\/index.php\\\/2025\\\/10\\\/27\\\/tardino-piemonte-e-peisino-stelle-alla-festa-del-cinema-di-roma\\\/\",\"url\":\"https:\\\/\\\/www.livemag.it\\\/index.php\\\/2025\\\/10\\\/27\\\/tardino-piemonte-e-peisino-stelle-alla-festa-del-cinema-di-roma\\\/\",\"name\":\"Tardino, Piemonte e Peisino, stelle alla Festa del Cinema di Roma - Live Magazine\",\"isPartOf\":{\"@id\":\"https:\\\/\\\/www.livemag.it\\\/#website\"},\"primaryImageOfPage\":{\"@id\":\"https:\\\/\\\/www.livemag.it\\\/index.php\\\/2025\\\/10\\\/27\\\/tardino-piemonte-e-peisino-stelle-alla-festa-del-cinema-di-roma\\\/#primaryimage\"},\"image\":{\"@id\":\"https:\\\/\\\/www.livemag.it\\\/index.php\\\/2025\\\/10\\\/27\\\/tardino-piemonte-e-peisino-stelle-alla-festa-del-cinema-di-roma\\\/#primaryimage\"},\"thumbnailUrl\":\"https:\\\/\\\/www.livemag.it\\\/wp-content\\\/uploads\\\/2025\\\/10\\\/9E501290-B218-499F-8163-A224461D4FDC-e1761546843444.jpg\",\"datePublished\":\"2025-10-27T06:23:41+00:00\",\"dateModified\":\"2025-10-27T06:35:22+00:00\",\"description\":\"Si \u00e8 conclusa ieri, l'edizione 2025 della Festa del Cinema di Roma. Dieci giorni di proiezioni, presentazioni, convegni, eventi e red\",\"breadcrumb\":{\"@id\":\"https:\\\/\\\/www.livemag.it\\\/index.php\\\/2025\\\/10\\\/27\\\/tardino-piemonte-e-peisino-stelle-alla-festa-del-cinema-di-roma\\\/#breadcrumb\"},\"inLanguage\":\"it-IT\",\"potentialAction\":[{\"@type\":\"ReadAction\",\"target\":[\"https:\\\/\\\/www.livemag.it\\\/index.php\\\/2025\\\/10\\\/27\\\/tardino-piemonte-e-peisino-stelle-alla-festa-del-cinema-di-roma\\\/\"]}]},{\"@type\":\"ImageObject\",\"inLanguage\":\"it-IT\",\"@id\":\"https:\\\/\\\/www.livemag.it\\\/index.php\\\/2025\\\/10\\\/27\\\/tardino-piemonte-e-peisino-stelle-alla-festa-del-cinema-di-roma\\\/#primaryimage\",\"url\":\"https:\\\/\\\/www.livemag.it\\\/wp-content\\\/uploads\\\/2025\\\/10\\\/9E501290-B218-499F-8163-A224461D4FDC-e1761546843444.jpg\",\"contentUrl\":\"https:\\\/\\\/www.livemag.it\\\/wp-content\\\/uploads\\\/2025\\\/10\\\/9E501290-B218-499F-8163-A224461D4FDC-e1761546843444.jpg\",\"width\":2046,\"height\":1080},{\"@type\":\"BreadcrumbList\",\"@id\":\"https:\\\/\\\/www.livemag.it\\\/index.php\\\/2025\\\/10\\\/27\\\/tardino-piemonte-e-peisino-stelle-alla-festa-del-cinema-di-roma\\\/#breadcrumb\",\"itemListElement\":[{\"@type\":\"ListItem\",\"position\":1,\"name\":\"Home\",\"item\":\"https:\\\/\\\/www.livemag.it\\\/\"},{\"@type\":\"ListItem\",\"position\":2,\"name\":\"Tardino, Piemonte e Peisino, stelle alla Festa del Cinema di Roma\"}]},{\"@type\":\"WebSite\",\"@id\":\"https:\\\/\\\/www.livemag.it\\\/#website\",\"url\":\"https:\\\/\\\/www.livemag.it\\\/\",\"name\":\"Live Magazine\",\"description\":\"Varie ed eventi\",\"publisher\":{\"@id\":\"https:\\\/\\\/www.livemag.it\\\/#organization\"},\"potentialAction\":[{\"@type\":\"SearchAction\",\"target\":{\"@type\":\"EntryPoint\",\"urlTemplate\":\"https:\\\/\\\/www.livemag.it\\\/?s={search_term_string}\"},\"query-input\":{\"@type\":\"PropertyValueSpecification\",\"valueRequired\":true,\"valueName\":\"search_term_string\"}}],\"inLanguage\":\"it-IT\"},{\"@type\":\"Organization\",\"@id\":\"https:\\\/\\\/www.livemag.it\\\/#organization\",\"name\":\"LiveMag\",\"alternateName\":\"LiveMag News ed eventi\",\"url\":\"https:\\\/\\\/www.livemag.it\\\/\",\"logo\":{\"@type\":\"ImageObject\",\"inLanguage\":\"it-IT\",\"@id\":\"https:\\\/\\\/www.livemag.it\\\/#\\\/schema\\\/logo\\\/image\\\/\",\"url\":\"https:\\\/\\\/www.livemag.it\\\/wp-content\\\/uploads\\\/2024\\\/02\\\/immagine-sito.jpg\",\"contentUrl\":\"https:\\\/\\\/www.livemag.it\\\/wp-content\\\/uploads\\\/2024\\\/02\\\/immagine-sito.jpg\",\"width\":696,\"height\":696,\"caption\":\"LiveMag\"},\"image\":{\"@id\":\"https:\\\/\\\/www.livemag.it\\\/#\\\/schema\\\/logo\\\/image\\\/\"},\"sameAs\":[\"https:\\\/\\\/www.facebook.com\\\/LiveMag\\\/\",\"https:\\\/\\\/x.com\\\/LiveNotizie\",\"https:\\\/\\\/www.instagram.com\\\/livemag\\\/\"]},{\"@type\":\"Person\",\"@id\":\"https:\\\/\\\/www.livemag.it\\\/#\\\/schema\\\/person\\\/7191e402a6eb1110174f9d71f53edea9\",\"name\":\"Redazione\",\"image\":{\"@type\":\"ImageObject\",\"inLanguage\":\"it-IT\",\"@id\":\"https:\\\/\\\/secure.gravatar.com\\\/avatar\\\/b20eb33510695f1259c3f61c8dfc966b174a5d33f605fb2d514d9b271222597e?s=96&r=g\",\"url\":\"https:\\\/\\\/secure.gravatar.com\\\/avatar\\\/b20eb33510695f1259c3f61c8dfc966b174a5d33f605fb2d514d9b271222597e?s=96&r=g\",\"contentUrl\":\"https:\\\/\\\/secure.gravatar.com\\\/avatar\\\/b20eb33510695f1259c3f61c8dfc966b174a5d33f605fb2d514d9b271222597e?s=96&r=g\",\"caption\":\"Redazione\"},\"url\":\"https:\\\/\\\/www.livemag.it\\\/index.php\\\/author\\\/admin6640\\\/\"}]}<\/script>\n<!-- \/ Yoast SEO plugin. -->","yoast_head_json":{"title":"Tardino, Piemonte e Peisino, stelle alla Festa del Cinema di Roma - Live Magazine","description":"Si \u00e8 conclusa ieri, l'edizione 2025 della Festa del Cinema di Roma. Dieci giorni di proiezioni, presentazioni, convegni, eventi e red","robots":{"index":"index","follow":"follow","max-snippet":"max-snippet:-1","max-image-preview":"max-image-preview:large","max-video-preview":"max-video-preview:-1"},"canonical":"https:\/\/www.livemag.it\/index.php\/2025\/10\/27\/tardino-piemonte-e-peisino-stelle-alla-festa-del-cinema-di-roma\/","og_locale":"it_IT","og_type":"article","og_title":"Tardino, Piemonte e Peisino, stelle alla Festa del Cinema di Roma - Live Magazine","og_description":"Si \u00e8 conclusa ieri, l'edizione 2025 della Festa del Cinema di Roma. Dieci giorni di proiezioni, presentazioni, convegni, eventi e red","og_url":"https:\/\/www.livemag.it\/index.php\/2025\/10\/27\/tardino-piemonte-e-peisino-stelle-alla-festa-del-cinema-di-roma\/","og_site_name":"Live Magazine","article_publisher":"https:\/\/www.facebook.com\/LiveMag\/","article_published_time":"2025-10-27T06:23:41+00:00","article_modified_time":"2025-10-27T06:35:22+00:00","og_image":[{"width":2046,"height":1080,"url":"https:\/\/www.livemag.it\/wp-content\/uploads\/2025\/10\/9E501290-B218-499F-8163-A224461D4FDC-e1761546843444.jpg","type":"image\/jpeg"}],"author":"Redazione","twitter_card":"summary_large_image","twitter_creator":"@LiveNotizie","twitter_site":"@LiveNotizie","twitter_misc":{"Scritto da":"Redazione","Tempo di lettura stimato":"3 minuti"},"schema":{"@context":"https:\/\/schema.org","@graph":[{"@type":"Article","@id":"https:\/\/www.livemag.it\/index.php\/2025\/10\/27\/tardino-piemonte-e-peisino-stelle-alla-festa-del-cinema-di-roma\/#article","isPartOf":{"@id":"https:\/\/www.livemag.it\/index.php\/2025\/10\/27\/tardino-piemonte-e-peisino-stelle-alla-festa-del-cinema-di-roma\/"},"author":{"name":"Redazione","@id":"https:\/\/www.livemag.it\/#\/schema\/person\/7191e402a6eb1110174f9d71f53edea9"},"headline":"Tardino, Piemonte e Peisino, stelle alla Festa del Cinema di Roma","datePublished":"2025-10-27T06:23:41+00:00","dateModified":"2025-10-27T06:35:22+00:00","mainEntityOfPage":{"@id":"https:\/\/www.livemag.it\/index.php\/2025\/10\/27\/tardino-piemonte-e-peisino-stelle-alla-festa-del-cinema-di-roma\/"},"wordCount":386,"commentCount":0,"publisher":{"@id":"https:\/\/www.livemag.it\/#organization"},"image":{"@id":"https:\/\/www.livemag.it\/index.php\/2025\/10\/27\/tardino-piemonte-e-peisino-stelle-alla-festa-del-cinema-di-roma\/#primaryimage"},"thumbnailUrl":"https:\/\/www.livemag.it\/wp-content\/uploads\/2025\/10\/9E501290-B218-499F-8163-A224461D4FDC-e1761546843444.jpg","keywords":["Andrea Peisino","Can Yaman","Emmanuele Tardino","Garrison Rochelle","LUCA ZINGARETTI","Ronn Moss","Salvatore Piemonte"],"articleSection":["events","LiveEvent","LiveNews","LivePeople","LiveVIP"],"inLanguage":"it-IT","potentialAction":[{"@type":"CommentAction","name":"Comment","target":["https:\/\/www.livemag.it\/index.php\/2025\/10\/27\/tardino-piemonte-e-peisino-stelle-alla-festa-del-cinema-di-roma\/#respond"]}]},{"@type":"WebPage","@id":"https:\/\/www.livemag.it\/index.php\/2025\/10\/27\/tardino-piemonte-e-peisino-stelle-alla-festa-del-cinema-di-roma\/","url":"https:\/\/www.livemag.it\/index.php\/2025\/10\/27\/tardino-piemonte-e-peisino-stelle-alla-festa-del-cinema-di-roma\/","name":"Tardino, Piemonte e Peisino, stelle alla Festa del Cinema di Roma - Live Magazine","isPartOf":{"@id":"https:\/\/www.livemag.it\/#website"},"primaryImageOfPage":{"@id":"https:\/\/www.livemag.it\/index.php\/2025\/10\/27\/tardino-piemonte-e-peisino-stelle-alla-festa-del-cinema-di-roma\/#primaryimage"},"image":{"@id":"https:\/\/www.livemag.it\/index.php\/2025\/10\/27\/tardino-piemonte-e-peisino-stelle-alla-festa-del-cinema-di-roma\/#primaryimage"},"thumbnailUrl":"https:\/\/www.livemag.it\/wp-content\/uploads\/2025\/10\/9E501290-B218-499F-8163-A224461D4FDC-e1761546843444.jpg","datePublished":"2025-10-27T06:23:41+00:00","dateModified":"2025-10-27T06:35:22+00:00","description":"Si \u00e8 conclusa ieri, l'edizione 2025 della Festa del Cinema di Roma. Dieci giorni di proiezioni, presentazioni, convegni, eventi e red","breadcrumb":{"@id":"https:\/\/www.livemag.it\/index.php\/2025\/10\/27\/tardino-piemonte-e-peisino-stelle-alla-festa-del-cinema-di-roma\/#breadcrumb"},"inLanguage":"it-IT","potentialAction":[{"@type":"ReadAction","target":["https:\/\/www.livemag.it\/index.php\/2025\/10\/27\/tardino-piemonte-e-peisino-stelle-alla-festa-del-cinema-di-roma\/"]}]},{"@type":"ImageObject","inLanguage":"it-IT","@id":"https:\/\/www.livemag.it\/index.php\/2025\/10\/27\/tardino-piemonte-e-peisino-stelle-alla-festa-del-cinema-di-roma\/#primaryimage","url":"https:\/\/www.livemag.it\/wp-content\/uploads\/2025\/10\/9E501290-B218-499F-8163-A224461D4FDC-e1761546843444.jpg","contentUrl":"https:\/\/www.livemag.it\/wp-content\/uploads\/2025\/10\/9E501290-B218-499F-8163-A224461D4FDC-e1761546843444.jpg","width":2046,"height":1080},{"@type":"BreadcrumbList","@id":"https:\/\/www.livemag.it\/index.php\/2025\/10\/27\/tardino-piemonte-e-peisino-stelle-alla-festa-del-cinema-di-roma\/#breadcrumb","itemListElement":[{"@type":"ListItem","position":1,"name":"Home","item":"https:\/\/www.livemag.it\/"},{"@type":"ListItem","position":2,"name":"Tardino, Piemonte e Peisino, stelle alla Festa del Cinema di Roma"}]},{"@type":"WebSite","@id":"https:\/\/www.livemag.it\/#website","url":"https:\/\/www.livemag.it\/","name":"Live Magazine","description":"Varie ed eventi","publisher":{"@id":"https:\/\/www.livemag.it\/#organization"},"potentialAction":[{"@type":"SearchAction","target":{"@type":"EntryPoint","urlTemplate":"https:\/\/www.livemag.it\/?s={search_term_string}"},"query-input":{"@type":"PropertyValueSpecification","valueRequired":true,"valueName":"search_term_string"}}],"inLanguage":"it-IT"},{"@type":"Organization","@id":"https:\/\/www.livemag.it\/#organization","name":"LiveMag","alternateName":"LiveMag News ed eventi","url":"https:\/\/www.livemag.it\/","logo":{"@type":"ImageObject","inLanguage":"it-IT","@id":"https:\/\/www.livemag.it\/#\/schema\/logo\/image\/","url":"https:\/\/www.livemag.it\/wp-content\/uploads\/2024\/02\/immagine-sito.jpg","contentUrl":"https:\/\/www.livemag.it\/wp-content\/uploads\/2024\/02\/immagine-sito.jpg","width":696,"height":696,"caption":"LiveMag"},"image":{"@id":"https:\/\/www.livemag.it\/#\/schema\/logo\/image\/"},"sameAs":["https:\/\/www.facebook.com\/LiveMag\/","https:\/\/x.com\/LiveNotizie","https:\/\/www.instagram.com\/livemag\/"]},{"@type":"Person","@id":"https:\/\/www.livemag.it\/#\/schema\/person\/7191e402a6eb1110174f9d71f53edea9","name":"Redazione","image":{"@type":"ImageObject","inLanguage":"it-IT","@id":"https:\/\/secure.gravatar.com\/avatar\/b20eb33510695f1259c3f61c8dfc966b174a5d33f605fb2d514d9b271222597e?s=96&r=g","url":"https:\/\/secure.gravatar.com\/avatar\/b20eb33510695f1259c3f61c8dfc966b174a5d33f605fb2d514d9b271222597e?s=96&r=g","contentUrl":"https:\/\/secure.gravatar.com\/avatar\/b20eb33510695f1259c3f61c8dfc966b174a5d33f605fb2d514d9b271222597e?s=96&r=g","caption":"Redazione"},"url":"https:\/\/www.livemag.it\/index.php\/author\/admin6640\/"}]}},"jetpack_featured_media_url":"https:\/\/www.livemag.it\/wp-content\/uploads\/2025\/10\/9E501290-B218-499F-8163-A224461D4FDC-e1761546843444.jpg","_links":{"self":[{"href":"https:\/\/www.livemag.it\/index.php\/wp-json\/wp\/v2\/posts\/61979","targetHints":{"allow":["GET"]}}],"collection":[{"href":"https:\/\/www.livemag.it\/index.php\/wp-json\/wp\/v2\/posts"}],"about":[{"href":"https:\/\/www.livemag.it\/index.php\/wp-json\/wp\/v2\/types\/post"}],"author":[{"embeddable":true,"href":"https:\/\/www.livemag.it\/index.php\/wp-json\/wp\/v2\/users\/1"}],"replies":[{"embeddable":true,"href":"https:\/\/www.livemag.it\/index.php\/wp-json\/wp\/v2\/comments?post=61979"}],"version-history":[{"count":2,"href":"https:\/\/www.livemag.it\/index.php\/wp-json\/wp\/v2\/posts\/61979\/revisions"}],"predecessor-version":[{"id":61986,"href":"https:\/\/www.livemag.it\/index.php\/wp-json\/wp\/v2\/posts\/61979\/revisions\/61986"}],"wp:featuredmedia":[{"embeddable":true,"href":"https:\/\/www.livemag.it\/index.php\/wp-json\/wp\/v2\/media\/61990"}],"wp:attachment":[{"href":"https:\/\/www.livemag.it\/index.php\/wp-json\/wp\/v2\/media?parent=61979"}],"wp:term":[{"taxonomy":"category","embeddable":true,"href":"https:\/\/www.livemag.it\/index.php\/wp-json\/wp\/v2\/categories?post=61979"},{"taxonomy":"post_tag","embeddable":true,"href":"https:\/\/www.livemag.it\/index.php\/wp-json\/wp\/v2\/tags?post=61979"}],"curies":[{"name":"wp","href":"https:\/\/api.w.org\/{rel}","templated":true}]}}