{"id":61863,"date":"2025-10-24T15:02:53","date_gmt":"2025-10-24T13:02:53","guid":{"rendered":"https:\/\/www.livemag.it\/index.php\/2025\/10\/24\/onu-fontana-riscoprire-i-valori-fondativi-riforma-fondamentale\/"},"modified":"2025-10-24T15:02:53","modified_gmt":"2025-10-24T13:02:53","slug":"onu-fontana-riscoprire-i-valori-fondativi-riforma-fondamentale","status":"publish","type":"post","link":"https:\/\/www.livemag.it\/index.php\/2025\/10\/24\/onu-fontana-riscoprire-i-valori-fondativi-riforma-fondamentale\/","title":{"rendered":"Onu, Fontana \u201cRiscoprire i valori fondativi, riforma fondamentale\u201d"},"content":{"rendered":"<div>\n<p>ROMA (ITALPRESS) \u2013 \u201cL\u201980\u00b0 anniversario dalla istituzione dell\u2019Organizzazione delle Nazioni Unite invita a una riflessione sui valori e sugli obiettivi che ne animarono la fondazione: pace, diritto internazionale e cooperazione tra i popoli. In un mondo attraversato da guerre e tensioni, quegli ideali restano pi\u00f9 che mai attuali. In questo contesto la riforma dell\u2019ONU \u00e8 fondamentale per adattare l\u2019Organizzazione alle particolari necessit\u00e0 dell\u2019oggi, cos\u00ec come \u00e8 fondamentale rafforzare il ruolo dei Parlamenti, affinch\u00e8 possano contribuire in modo diretto alla costruzione di un ordine internazionale pi\u00f9 giusto e rappresentativo\u201d. Cos\u00ec il presidente della Camera dei deputati, Lorenzo Fontana.<\/p>\n<p>\u2013 Foto IPA Agency \u2013<\/p>\n<p>(ITALPRESS).<\/p>\n<\/div>\n","protected":false},"excerpt":{"rendered":"<p>ROMA (ITALPRESS) \u2013 \u201cL\u201980\u00b0 anniversario dalla istituzione dell\u2019Organizzazione delle Nazioni Unite invita a una riflessione sui valori e sugli obiettivi che ne animarono la fondazione: pace, diritto internazionale e cooperazione tra i popoli. In un mondo attraversato da guerre e tensioni, quegli ideali restano pi\u00f9 che mai attuali. In questo contesto la riforma dell\u2019ONU \u00e8 [&hellip;]<\/p>\n","protected":false},"author":16,"featured_media":61864,"comment_status":"closed","ping_status":"closed","sticky":false,"template":"","format":"standard","meta":{"jnews-multi-image_gallery":[],"jnews_single_post":[],"jnews_primary_category":[],"jnews_social_meta":[],"jnews_override_counter":[],"jnews_post_split":[],"footnotes":""},"categories":[1129],"tags":[],"class_list":["post-61863","post","type-post","status-publish","format-standard","has-post-thumbnail","hentry","category-mondo"],"yoast_head":"<!-- This site is optimized with the Yoast SEO plugin v27.5 - https:\/\/yoast.com\/product\/yoast-seo-wordpress\/ -->\n<title>Onu, Fontana \u201cRiscoprire i valori fondativi, riforma fondamentale\u201d - Live Magazine<\/title>\n<meta name=\"robots\" content=\"index, follow, max-snippet:-1, max-image-preview:large, max-video-preview:-1\" \/>\n<link rel=\"canonical\" href=\"https:\/\/www.livemag.it\/index.php\/2025\/10\/24\/onu-fontana-riscoprire-i-valori-fondativi-riforma-fondamentale\/\" \/>\n<meta property=\"og:locale\" content=\"it_IT\" \/>\n<meta property=\"og:type\" content=\"article\" \/>\n<meta property=\"og:title\" content=\"Onu, Fontana \u201cRiscoprire i valori fondativi, riforma fondamentale\u201d - Live Magazine\" \/>\n<meta property=\"og:description\" content=\"ROMA (ITALPRESS) \u2013 \u201cL\u201980\u00b0 anniversario dalla istituzione dell\u2019Organizzazione delle Nazioni Unite invita a una riflessione sui valori e sugli obiettivi che ne animarono la fondazione: pace, diritto internazionale e cooperazione tra i popoli. In un mondo attraversato da guerre e tensioni, quegli ideali restano pi\u00f9 che mai attuali. In questo contesto la riforma dell\u2019ONU \u00e8 [&hellip;]\" \/>\n<meta property=\"og:url\" content=\"https:\/\/www.livemag.it\/index.php\/2025\/10\/24\/onu-fontana-riscoprire-i-valori-fondativi-riforma-fondamentale\/\" \/>\n<meta property=\"og:site_name\" content=\"Live Magazine\" \/>\n<meta property=\"article:publisher\" content=\"https:\/\/www.facebook.com\/LiveMag\/\" \/>\n<meta property=\"article:published_time\" content=\"2025-10-24T13:02:53+00:00\" \/>\n<meta property=\"og:image\" content=\"https:\/\/www.livemag.it\/wp-content\/uploads\/2024\/02\/ograph.jpg\" \/>\n\t<meta property=\"og:image:width\" content=\"1200\" \/>\n\t<meta property=\"og:image:height\" content=\"675\" \/>\n\t<meta property=\"og:image:type\" content=\"image\/jpeg\" \/>\n<meta name=\"author\" content=\"italpress\" \/>\n<meta name=\"twitter:card\" content=\"summary_large_image\" \/>\n<meta name=\"twitter:creator\" content=\"@LiveNotizie\" \/>\n<meta name=\"twitter:site\" content=\"@LiveNotizie\" \/>\n<meta name=\"twitter:label1\" content=\"Scritto da\" \/>\n\t<meta name=\"twitter:data1\" content=\"italpress\" \/>\n\t<meta name=\"twitter:label2\" content=\"Tempo di lettura stimato\" \/>\n\t<meta name=\"twitter:data2\" content=\"1 minuto\" \/>\n<script type=\"application\/ld+json\" class=\"yoast-schema-graph\">{\"@context\":\"https:\\\/\\\/schema.org\",\"@graph\":[{\"@type\":\"Article\",\"@id\":\"https:\\\/\\\/www.livemag.it\\\/index.php\\\/2025\\\/10\\\/24\\\/onu-fontana-riscoprire-i-valori-fondativi-riforma-fondamentale\\\/#article\",\"isPartOf\":{\"@id\":\"https:\\\/\\\/www.livemag.it\\\/index.php\\\/2025\\\/10\\\/24\\\/onu-fontana-riscoprire-i-valori-fondativi-riforma-fondamentale\\\/\"},\"author\":{\"name\":\"italpress\",\"@id\":\"https:\\\/\\\/www.livemag.it\\\/#\\\/schema\\\/person\\\/b62c5f44451fdcdaeb0afe6c2424e73c\"},\"headline\":\"Onu, Fontana \u201cRiscoprire i valori fondativi, riforma fondamentale\u201d\",\"datePublished\":\"2025-10-24T13:02:53+00:00\",\"mainEntityOfPage\":{\"@id\":\"https:\\\/\\\/www.livemag.it\\\/index.php\\\/2025\\\/10\\\/24\\\/onu-fontana-riscoprire-i-valori-fondativi-riforma-fondamentale\\\/\"},\"wordCount\":110,\"publisher\":{\"@id\":\"https:\\\/\\\/www.livemag.it\\\/#organization\"},\"image\":{\"@id\":\"https:\\\/\\\/www.livemag.it\\\/index.php\\\/2025\\\/10\\\/24\\\/onu-fontana-riscoprire-i-valori-fondativi-riforma-fondamentale\\\/#primaryimage\"},\"thumbnailUrl\":\"https:\\\/\\\/www.livemag.it\\\/wp-content\\\/uploads\\\/2025\\\/10\\\/20251024_0828.jpg\",\"articleSection\":[\"Mondo\"],\"inLanguage\":\"it-IT\"},{\"@type\":\"WebPage\",\"@id\":\"https:\\\/\\\/www.livemag.it\\\/index.php\\\/2025\\\/10\\\/24\\\/onu-fontana-riscoprire-i-valori-fondativi-riforma-fondamentale\\\/\",\"url\":\"https:\\\/\\\/www.livemag.it\\\/index.php\\\/2025\\\/10\\\/24\\\/onu-fontana-riscoprire-i-valori-fondativi-riforma-fondamentale\\\/\",\"name\":\"Onu, Fontana \u201cRiscoprire i valori fondativi, riforma fondamentale\u201d - Live Magazine\",\"isPartOf\":{\"@id\":\"https:\\\/\\\/www.livemag.it\\\/#website\"},\"primaryImageOfPage\":{\"@id\":\"https:\\\/\\\/www.livemag.it\\\/index.php\\\/2025\\\/10\\\/24\\\/onu-fontana-riscoprire-i-valori-fondativi-riforma-fondamentale\\\/#primaryimage\"},\"image\":{\"@id\":\"https:\\\/\\\/www.livemag.it\\\/index.php\\\/2025\\\/10\\\/24\\\/onu-fontana-riscoprire-i-valori-fondativi-riforma-fondamentale\\\/#primaryimage\"},\"thumbnailUrl\":\"https:\\\/\\\/www.livemag.it\\\/wp-content\\\/uploads\\\/2025\\\/10\\\/20251024_0828.jpg\",\"datePublished\":\"2025-10-24T13:02:53+00:00\",\"breadcrumb\":{\"@id\":\"https:\\\/\\\/www.livemag.it\\\/index.php\\\/2025\\\/10\\\/24\\\/onu-fontana-riscoprire-i-valori-fondativi-riforma-fondamentale\\\/#breadcrumb\"},\"inLanguage\":\"it-IT\",\"potentialAction\":[{\"@type\":\"ReadAction\",\"target\":[\"https:\\\/\\\/www.livemag.it\\\/index.php\\\/2025\\\/10\\\/24\\\/onu-fontana-riscoprire-i-valori-fondativi-riforma-fondamentale\\\/\"]}]},{\"@type\":\"ImageObject\",\"inLanguage\":\"it-IT\",\"@id\":\"https:\\\/\\\/www.livemag.it\\\/index.php\\\/2025\\\/10\\\/24\\\/onu-fontana-riscoprire-i-valori-fondativi-riforma-fondamentale\\\/#primaryimage\",\"url\":\"https:\\\/\\\/www.livemag.it\\\/wp-content\\\/uploads\\\/2025\\\/10\\\/20251024_0828.jpg\",\"contentUrl\":\"https:\\\/\\\/www.livemag.it\\\/wp-content\\\/uploads\\\/2025\\\/10\\\/20251024_0828.jpg\",\"width\":1200,\"height\":800},{\"@type\":\"BreadcrumbList\",\"@id\":\"https:\\\/\\\/www.livemag.it\\\/index.php\\\/2025\\\/10\\\/24\\\/onu-fontana-riscoprire-i-valori-fondativi-riforma-fondamentale\\\/#breadcrumb\",\"itemListElement\":[{\"@type\":\"ListItem\",\"position\":1,\"name\":\"Home\",\"item\":\"https:\\\/\\\/www.livemag.it\\\/\"},{\"@type\":\"ListItem\",\"position\":2,\"name\":\"Onu, Fontana \u201cRiscoprire i valori fondativi, riforma fondamentale\u201d\"}]},{\"@type\":\"WebSite\",\"@id\":\"https:\\\/\\\/www.livemag.it\\\/#website\",\"url\":\"https:\\\/\\\/www.livemag.it\\\/\",\"name\":\"Live Magazine\",\"description\":\"Varie ed eventi\",\"publisher\":{\"@id\":\"https:\\\/\\\/www.livemag.it\\\/#organization\"},\"potentialAction\":[{\"@type\":\"SearchAction\",\"target\":{\"@type\":\"EntryPoint\",\"urlTemplate\":\"https:\\\/\\\/www.livemag.it\\\/?s={search_term_string}\"},\"query-input\":{\"@type\":\"PropertyValueSpecification\",\"valueRequired\":true,\"valueName\":\"search_term_string\"}}],\"inLanguage\":\"it-IT\"},{\"@type\":\"Organization\",\"@id\":\"https:\\\/\\\/www.livemag.it\\\/#organization\",\"name\":\"LiveMag\",\"alternateName\":\"LiveMag News ed eventi\",\"url\":\"https:\\\/\\\/www.livemag.it\\\/\",\"logo\":{\"@type\":\"ImageObject\",\"inLanguage\":\"it-IT\",\"@id\":\"https:\\\/\\\/www.livemag.it\\\/#\\\/schema\\\/logo\\\/image\\\/\",\"url\":\"https:\\\/\\\/www.livemag.it\\\/wp-content\\\/uploads\\\/2024\\\/02\\\/immagine-sito.jpg\",\"contentUrl\":\"https:\\\/\\\/www.livemag.it\\\/wp-content\\\/uploads\\\/2024\\\/02\\\/immagine-sito.jpg\",\"width\":696,\"height\":696,\"caption\":\"LiveMag\"},\"image\":{\"@id\":\"https:\\\/\\\/www.livemag.it\\\/#\\\/schema\\\/logo\\\/image\\\/\"},\"sameAs\":[\"https:\\\/\\\/www.facebook.com\\\/LiveMag\\\/\",\"https:\\\/\\\/x.com\\\/LiveNotizie\",\"https:\\\/\\\/www.instagram.com\\\/livemag\\\/\"]},{\"@type\":\"Person\",\"@id\":\"https:\\\/\\\/www.livemag.it\\\/#\\\/schema\\\/person\\\/b62c5f44451fdcdaeb0afe6c2424e73c\",\"name\":\"italpress\",\"image\":{\"@type\":\"ImageObject\",\"inLanguage\":\"it-IT\",\"@id\":\"https:\\\/\\\/secure.gravatar.com\\\/avatar\\\/b6a21695fc713ce7ee312cf57c97e2e641feb365be72d8745574d3c3e2b59066?s=96&r=g\",\"url\":\"https:\\\/\\\/secure.gravatar.com\\\/avatar\\\/b6a21695fc713ce7ee312cf57c97e2e641feb365be72d8745574d3c3e2b59066?s=96&r=g\",\"contentUrl\":\"https:\\\/\\\/secure.gravatar.com\\\/avatar\\\/b6a21695fc713ce7ee312cf57c97e2e641feb365be72d8745574d3c3e2b59066?s=96&r=g\",\"caption\":\"italpress\"},\"description\":\"Italpress \u00e8 un'agenzia di stampa italiana a carattere nazionale.\",\"url\":\"https:\\\/\\\/www.livemag.it\\\/index.php\\\/author\\\/italpress\\\/\"}]}<\/script>\n<!-- \/ Yoast SEO plugin. -->","yoast_head_json":{"title":"Onu, Fontana \u201cRiscoprire i valori fondativi, riforma fondamentale\u201d - Live Magazine","robots":{"index":"index","follow":"follow","max-snippet":"max-snippet:-1","max-image-preview":"max-image-preview:large","max-video-preview":"max-video-preview:-1"},"canonical":"https:\/\/www.livemag.it\/index.php\/2025\/10\/24\/onu-fontana-riscoprire-i-valori-fondativi-riforma-fondamentale\/","og_locale":"it_IT","og_type":"article","og_title":"Onu, Fontana \u201cRiscoprire i valori fondativi, riforma fondamentale\u201d - Live Magazine","og_description":"ROMA (ITALPRESS) \u2013 \u201cL\u201980\u00b0 anniversario dalla istituzione dell\u2019Organizzazione delle Nazioni Unite invita a una riflessione sui valori e sugli obiettivi che ne animarono la fondazione: pace, diritto internazionale e cooperazione tra i popoli. In un mondo attraversato da guerre e tensioni, quegli ideali restano pi\u00f9 che mai attuali. In questo contesto la riforma dell\u2019ONU \u00e8 [&hellip;]","og_url":"https:\/\/www.livemag.it\/index.php\/2025\/10\/24\/onu-fontana-riscoprire-i-valori-fondativi-riforma-fondamentale\/","og_site_name":"Live Magazine","article_publisher":"https:\/\/www.facebook.com\/LiveMag\/","article_published_time":"2025-10-24T13:02:53+00:00","og_image":[{"width":1200,"height":675,"url":"https:\/\/www.livemag.it\/wp-content\/uploads\/2024\/02\/ograph.jpg","type":"image\/jpeg"}],"author":"italpress","twitter_card":"summary_large_image","twitter_creator":"@LiveNotizie","twitter_site":"@LiveNotizie","twitter_misc":{"Scritto da":"italpress","Tempo di lettura stimato":"1 minuto"},"schema":{"@context":"https:\/\/schema.org","@graph":[{"@type":"Article","@id":"https:\/\/www.livemag.it\/index.php\/2025\/10\/24\/onu-fontana-riscoprire-i-valori-fondativi-riforma-fondamentale\/#article","isPartOf":{"@id":"https:\/\/www.livemag.it\/index.php\/2025\/10\/24\/onu-fontana-riscoprire-i-valori-fondativi-riforma-fondamentale\/"},"author":{"name":"italpress","@id":"https:\/\/www.livemag.it\/#\/schema\/person\/b62c5f44451fdcdaeb0afe6c2424e73c"},"headline":"Onu, Fontana \u201cRiscoprire i valori fondativi, riforma fondamentale\u201d","datePublished":"2025-10-24T13:02:53+00:00","mainEntityOfPage":{"@id":"https:\/\/www.livemag.it\/index.php\/2025\/10\/24\/onu-fontana-riscoprire-i-valori-fondativi-riforma-fondamentale\/"},"wordCount":110,"publisher":{"@id":"https:\/\/www.livemag.it\/#organization"},"image":{"@id":"https:\/\/www.livemag.it\/index.php\/2025\/10\/24\/onu-fontana-riscoprire-i-valori-fondativi-riforma-fondamentale\/#primaryimage"},"thumbnailUrl":"https:\/\/www.livemag.it\/wp-content\/uploads\/2025\/10\/20251024_0828.jpg","articleSection":["Mondo"],"inLanguage":"it-IT"},{"@type":"WebPage","@id":"https:\/\/www.livemag.it\/index.php\/2025\/10\/24\/onu-fontana-riscoprire-i-valori-fondativi-riforma-fondamentale\/","url":"https:\/\/www.livemag.it\/index.php\/2025\/10\/24\/onu-fontana-riscoprire-i-valori-fondativi-riforma-fondamentale\/","name":"Onu, Fontana \u201cRiscoprire i valori fondativi, riforma fondamentale\u201d - Live Magazine","isPartOf":{"@id":"https:\/\/www.livemag.it\/#website"},"primaryImageOfPage":{"@id":"https:\/\/www.livemag.it\/index.php\/2025\/10\/24\/onu-fontana-riscoprire-i-valori-fondativi-riforma-fondamentale\/#primaryimage"},"image":{"@id":"https:\/\/www.livemag.it\/index.php\/2025\/10\/24\/onu-fontana-riscoprire-i-valori-fondativi-riforma-fondamentale\/#primaryimage"},"thumbnailUrl":"https:\/\/www.livemag.it\/wp-content\/uploads\/2025\/10\/20251024_0828.jpg","datePublished":"2025-10-24T13:02:53+00:00","breadcrumb":{"@id":"https:\/\/www.livemag.it\/index.php\/2025\/10\/24\/onu-fontana-riscoprire-i-valori-fondativi-riforma-fondamentale\/#breadcrumb"},"inLanguage":"it-IT","potentialAction":[{"@type":"ReadAction","target":["https:\/\/www.livemag.it\/index.php\/2025\/10\/24\/onu-fontana-riscoprire-i-valori-fondativi-riforma-fondamentale\/"]}]},{"@type":"ImageObject","inLanguage":"it-IT","@id":"https:\/\/www.livemag.it\/index.php\/2025\/10\/24\/onu-fontana-riscoprire-i-valori-fondativi-riforma-fondamentale\/#primaryimage","url":"https:\/\/www.livemag.it\/wp-content\/uploads\/2025\/10\/20251024_0828.jpg","contentUrl":"https:\/\/www.livemag.it\/wp-content\/uploads\/2025\/10\/20251024_0828.jpg","width":1200,"height":800},{"@type":"BreadcrumbList","@id":"https:\/\/www.livemag.it\/index.php\/2025\/10\/24\/onu-fontana-riscoprire-i-valori-fondativi-riforma-fondamentale\/#breadcrumb","itemListElement":[{"@type":"ListItem","position":1,"name":"Home","item":"https:\/\/www.livemag.it\/"},{"@type":"ListItem","position":2,"name":"Onu, Fontana \u201cRiscoprire i valori fondativi, riforma fondamentale\u201d"}]},{"@type":"WebSite","@id":"https:\/\/www.livemag.it\/#website","url":"https:\/\/www.livemag.it\/","name":"Live Magazine","description":"Varie ed eventi","publisher":{"@id":"https:\/\/www.livemag.it\/#organization"},"potentialAction":[{"@type":"SearchAction","target":{"@type":"EntryPoint","urlTemplate":"https:\/\/www.livemag.it\/?s={search_term_string}"},"query-input":{"@type":"PropertyValueSpecification","valueRequired":true,"valueName":"search_term_string"}}],"inLanguage":"it-IT"},{"@type":"Organization","@id":"https:\/\/www.livemag.it\/#organization","name":"LiveMag","alternateName":"LiveMag News ed eventi","url":"https:\/\/www.livemag.it\/","logo":{"@type":"ImageObject","inLanguage":"it-IT","@id":"https:\/\/www.livemag.it\/#\/schema\/logo\/image\/","url":"https:\/\/www.livemag.it\/wp-content\/uploads\/2024\/02\/immagine-sito.jpg","contentUrl":"https:\/\/www.livemag.it\/wp-content\/uploads\/2024\/02\/immagine-sito.jpg","width":696,"height":696,"caption":"LiveMag"},"image":{"@id":"https:\/\/www.livemag.it\/#\/schema\/logo\/image\/"},"sameAs":["https:\/\/www.facebook.com\/LiveMag\/","https:\/\/x.com\/LiveNotizie","https:\/\/www.instagram.com\/livemag\/"]},{"@type":"Person","@id":"https:\/\/www.livemag.it\/#\/schema\/person\/b62c5f44451fdcdaeb0afe6c2424e73c","name":"italpress","image":{"@type":"ImageObject","inLanguage":"it-IT","@id":"https:\/\/secure.gravatar.com\/avatar\/b6a21695fc713ce7ee312cf57c97e2e641feb365be72d8745574d3c3e2b59066?s=96&r=g","url":"https:\/\/secure.gravatar.com\/avatar\/b6a21695fc713ce7ee312cf57c97e2e641feb365be72d8745574d3c3e2b59066?s=96&r=g","contentUrl":"https:\/\/secure.gravatar.com\/avatar\/b6a21695fc713ce7ee312cf57c97e2e641feb365be72d8745574d3c3e2b59066?s=96&r=g","caption":"italpress"},"description":"Italpress \u00e8 un'agenzia di stampa italiana a carattere nazionale.","url":"https:\/\/www.livemag.it\/index.php\/author\/italpress\/"}]}},"jetpack_featured_media_url":"https:\/\/www.livemag.it\/wp-content\/uploads\/2025\/10\/20251024_0828.jpg","_links":{"self":[{"href":"https:\/\/www.livemag.it\/index.php\/wp-json\/wp\/v2\/posts\/61863","targetHints":{"allow":["GET"]}}],"collection":[{"href":"https:\/\/www.livemag.it\/index.php\/wp-json\/wp\/v2\/posts"}],"about":[{"href":"https:\/\/www.livemag.it\/index.php\/wp-json\/wp\/v2\/types\/post"}],"author":[{"embeddable":true,"href":"https:\/\/www.livemag.it\/index.php\/wp-json\/wp\/v2\/users\/16"}],"replies":[{"embeddable":true,"href":"https:\/\/www.livemag.it\/index.php\/wp-json\/wp\/v2\/comments?post=61863"}],"version-history":[{"count":0,"href":"https:\/\/www.livemag.it\/index.php\/wp-json\/wp\/v2\/posts\/61863\/revisions"}],"wp:featuredmedia":[{"embeddable":true,"href":"https:\/\/www.livemag.it\/index.php\/wp-json\/wp\/v2\/media\/61864"}],"wp:attachment":[{"href":"https:\/\/www.livemag.it\/index.php\/wp-json\/wp\/v2\/media?parent=61863"}],"wp:term":[{"taxonomy":"category","embeddable":true,"href":"https:\/\/www.livemag.it\/index.php\/wp-json\/wp\/v2\/categories?post=61863"},{"taxonomy":"post_tag","embeddable":true,"href":"https:\/\/www.livemag.it\/index.php\/wp-json\/wp\/v2\/tags?post=61863"}],"curies":[{"name":"wp","href":"https:\/\/api.w.org\/{rel}","templated":true}]}}