{"id":61828,"date":"2025-10-24T09:24:02","date_gmt":"2025-10-24T07:24:02","guid":{"rendered":"https:\/\/www.livemag.it\/?p=61828"},"modified":"2025-10-24T09:25:34","modified_gmt":"2025-10-24T07:25:34","slug":"grande-successo-a-firenze-per-lartista-panamense-urena-ramos","status":"publish","type":"post","link":"https:\/\/www.livemag.it\/index.php\/2025\/10\/24\/grande-successo-a-firenze-per-lartista-panamense-urena-ramos\/","title":{"rendered":"Grande successo a Firenze per l\u2019artista panamense Ure\u00f1a Ramos"},"content":{"rendered":"\n<p>Alla XV Biennale di Firenze, l\u2019artista panamense Aristides Ure\u00f1a Ramos ha riscosso grande successo di pubblico e critica con la sua videoinstallazione Dari\u00e9n non \u00e8 una rotta (Gli altari del dolore), un\u2019opera che intreccia memoria, migrazione e spiritualit\u00e0 in un racconto di intensa forza visiva e umana.<\/p>\n\n\n\n<p>Il progetto, concepito negli anni Novanta e gi\u00e0 presentato in prestigiose sedi internazionali come la Biennale di Venezia (1997) e l\u2019ex Istituto Nazionale di Cultura di Panama (2015), si rinnova oggi all\u2019interno del tema di questa edizione: La sublime essenza della luce e delle tenebre.<\/p>\n\n\n\n<p>Attraverso oggetti recuperati lungo le rotte migratorie e trasformati in altari e testimonianze audiovisive, Ure\u00f1a Ramos esplora il Dari\u00e9n Gap, luogo simbolo di dolore, coraggio e speranza.<\/p>\n\n\n<div class=\"wp-block-image\">\n<figure class=\"aligncenter size-large is-resized\"><img fetchpriority=\"high\" decoding=\"async\" width=\"1024\" height=\"681\" src=\"https:\/\/www.livemag.it\/wp-content\/uploads\/2025\/10\/Unknown-1-1024x681.jpeg\" alt=\"\" class=\"wp-image-61830\" style=\"width:706px;height:auto\" srcset=\"https:\/\/www.livemag.it\/wp-content\/uploads\/2025\/10\/Unknown-1-1024x681.jpeg 1024w, https:\/\/www.livemag.it\/wp-content\/uploads\/2025\/10\/Unknown-1-300x200.jpeg 300w, https:\/\/www.livemag.it\/wp-content\/uploads\/2025\/10\/Unknown-1-768x511.jpeg 768w, https:\/\/www.livemag.it\/wp-content\/uploads\/2025\/10\/Unknown-1-1536x1022.jpeg 1536w, https:\/\/www.livemag.it\/wp-content\/uploads\/2025\/10\/Unknown-1-750x499.jpeg 750w, https:\/\/www.livemag.it\/wp-content\/uploads\/2025\/10\/Unknown-1-1140x758.jpeg 1140w, https:\/\/www.livemag.it\/wp-content\/uploads\/2025\/10\/Unknown-1.jpeg 2048w\" sizes=\"(max-width: 1024px) 100vw, 1024px\" \/><\/figure>\n<\/div>\n\n\n<p>L\u2019opera diventa cos\u00ec un rito laico e una riflessione universale sulla condizione umana: la luce dei sogni e dei ricordi che resiste all\u2019ombra dello sradicamento.<\/p>\n\n\n\n<p>Con Dari\u00e9n non \u00e8 una rotta (Gli altari del dolore), l\u2019artista riafferma la sua poetica come atto di compassione e consapevolezza, invitando lo spettatore a un dialogo profondo tra arte, memoria e trasformazione.<\/p>\n\n\n\n<p>Aristides Ure\u00f1a Ramos (Santiago de Veraguas, Panama, 1955) vive e lavora tra Italia e Panama. La sua ricerca, sviluppata in oltre quarant\u2019anni di carriera, unisce memoria storica, critica sociale e sperimentazione visiva, rendendolo una delle voci pi\u00f9 significative del panorama artistico latinoamericano contemporaneo.<\/p>\n","protected":false},"excerpt":{"rendered":"<p>Alla XV Biennale di Firenze, l\u2019artista panamense Aristides Ure\u00f1a Ramos ha riscosso grande successo di pubblico e critica con la sua videoinstallazione Dari\u00e9n non \u00e8 una rotta (Gli altari del dolore), un\u2019opera che intreccia memoria, migrazione e spiritualit\u00e0 in un racconto di intensa forza visiva e umana. Il progetto, concepito negli anni Novanta e gi\u00e0 [&hellip;]<\/p>\n","protected":false},"author":1,"featured_media":61829,"comment_status":"open","ping_status":"open","sticky":false,"template":"","format":"standard","meta":{"jnews-multi-image_gallery":[],"jnews_single_post":{"format":"standard"},"jnews_primary_category":[],"jnews_social_meta":[],"jnews_override_counter":[],"jnews_post_split":[],"footnotes":""},"categories":[90,3],"tags":[8043],"class_list":["post-61828","post","type-post","status-publish","format-standard","has-post-thumbnail","hentry","category-liveevent","category-livenews","tag-urena-ramos"],"yoast_head":"<!-- This site is optimized with the Yoast SEO plugin v27.5 - https:\/\/yoast.com\/product\/yoast-seo-wordpress\/ -->\n<title>Grande successo a Firenze per l\u2019artista panamense Ure\u00f1a Ramos - Live Magazine<\/title>\n<meta name=\"description\" content=\"Alla XV Biennale di Firenze, l\u2019artista panamense Aristides Ure\u00f1a Ramos ha riscosso grande successo di pubblico e critica con l\" \/>\n<meta name=\"robots\" content=\"index, follow, max-snippet:-1, max-image-preview:large, max-video-preview:-1\" \/>\n<link rel=\"canonical\" href=\"https:\/\/www.livemag.it\/index.php\/2025\/10\/24\/grande-successo-a-firenze-per-lartista-panamense-urena-ramos\/\" \/>\n<meta property=\"og:locale\" content=\"it_IT\" \/>\n<meta property=\"og:type\" content=\"article\" \/>\n<meta property=\"og:title\" content=\"Grande successo a Firenze per l\u2019artista panamense Ure\u00f1a Ramos - Live Magazine\" \/>\n<meta property=\"og:description\" content=\"Alla XV Biennale di Firenze, l\u2019artista panamense Aristides Ure\u00f1a Ramos ha riscosso grande successo di pubblico e critica con l\" \/>\n<meta property=\"og:url\" content=\"https:\/\/www.livemag.it\/index.php\/2025\/10\/24\/grande-successo-a-firenze-per-lartista-panamense-urena-ramos\/\" \/>\n<meta property=\"og:site_name\" content=\"Live Magazine\" \/>\n<meta property=\"article:publisher\" content=\"https:\/\/www.facebook.com\/LiveMag\/\" \/>\n<meta property=\"article:published_time\" content=\"2025-10-24T07:24:02+00:00\" \/>\n<meta property=\"article:modified_time\" content=\"2025-10-24T07:25:34+00:00\" \/>\n<meta property=\"og:image\" content=\"https:\/\/www.livemag.it\/wp-content\/uploads\/2025\/10\/Unknown-2.jpeg\" \/>\n\t<meta property=\"og:image:width\" content=\"890\" \/>\n\t<meta property=\"og:image:height\" content=\"628\" \/>\n\t<meta property=\"og:image:type\" content=\"image\/jpeg\" \/>\n<meta name=\"author\" content=\"Redazione\" \/>\n<meta name=\"twitter:card\" content=\"summary_large_image\" \/>\n<meta name=\"twitter:creator\" content=\"@LiveNotizie\" \/>\n<meta name=\"twitter:site\" content=\"@LiveNotizie\" \/>\n<meta name=\"twitter:label1\" content=\"Scritto da\" \/>\n\t<meta name=\"twitter:data1\" content=\"Redazione\" \/>\n\t<meta name=\"twitter:label2\" content=\"Tempo di lettura stimato\" \/>\n\t<meta name=\"twitter:data2\" content=\"2 minuti\" \/>\n<script type=\"application\/ld+json\" class=\"yoast-schema-graph\">{\"@context\":\"https:\\\/\\\/schema.org\",\"@graph\":[{\"@type\":\"Article\",\"@id\":\"https:\\\/\\\/www.livemag.it\\\/index.php\\\/2025\\\/10\\\/24\\\/grande-successo-a-firenze-per-lartista-panamense-urena-ramos\\\/#article\",\"isPartOf\":{\"@id\":\"https:\\\/\\\/www.livemag.it\\\/index.php\\\/2025\\\/10\\\/24\\\/grande-successo-a-firenze-per-lartista-panamense-urena-ramos\\\/\"},\"author\":{\"name\":\"Redazione\",\"@id\":\"https:\\\/\\\/www.livemag.it\\\/#\\\/schema\\\/person\\\/7191e402a6eb1110174f9d71f53edea9\"},\"headline\":\"Grande successo a Firenze per l\u2019artista panamense Ure\u00f1a Ramos\",\"datePublished\":\"2025-10-24T07:24:02+00:00\",\"dateModified\":\"2025-10-24T07:25:34+00:00\",\"mainEntityOfPage\":{\"@id\":\"https:\\\/\\\/www.livemag.it\\\/index.php\\\/2025\\\/10\\\/24\\\/grande-successo-a-firenze-per-lartista-panamense-urena-ramos\\\/\"},\"wordCount\":240,\"commentCount\":0,\"publisher\":{\"@id\":\"https:\\\/\\\/www.livemag.it\\\/#organization\"},\"image\":{\"@id\":\"https:\\\/\\\/www.livemag.it\\\/index.php\\\/2025\\\/10\\\/24\\\/grande-successo-a-firenze-per-lartista-panamense-urena-ramos\\\/#primaryimage\"},\"thumbnailUrl\":\"https:\\\/\\\/www.livemag.it\\\/wp-content\\\/uploads\\\/2025\\\/10\\\/Unknown-2.jpeg\",\"keywords\":[\"Ure\u00f1a Ramos\"],\"articleSection\":[\"LiveEvent\",\"LiveNews\"],\"inLanguage\":\"it-IT\",\"potentialAction\":[{\"@type\":\"CommentAction\",\"name\":\"Comment\",\"target\":[\"https:\\\/\\\/www.livemag.it\\\/index.php\\\/2025\\\/10\\\/24\\\/grande-successo-a-firenze-per-lartista-panamense-urena-ramos\\\/#respond\"]}]},{\"@type\":\"WebPage\",\"@id\":\"https:\\\/\\\/www.livemag.it\\\/index.php\\\/2025\\\/10\\\/24\\\/grande-successo-a-firenze-per-lartista-panamense-urena-ramos\\\/\",\"url\":\"https:\\\/\\\/www.livemag.it\\\/index.php\\\/2025\\\/10\\\/24\\\/grande-successo-a-firenze-per-lartista-panamense-urena-ramos\\\/\",\"name\":\"Grande successo a Firenze per l\u2019artista panamense Ure\u00f1a Ramos - Live Magazine\",\"isPartOf\":{\"@id\":\"https:\\\/\\\/www.livemag.it\\\/#website\"},\"primaryImageOfPage\":{\"@id\":\"https:\\\/\\\/www.livemag.it\\\/index.php\\\/2025\\\/10\\\/24\\\/grande-successo-a-firenze-per-lartista-panamense-urena-ramos\\\/#primaryimage\"},\"image\":{\"@id\":\"https:\\\/\\\/www.livemag.it\\\/index.php\\\/2025\\\/10\\\/24\\\/grande-successo-a-firenze-per-lartista-panamense-urena-ramos\\\/#primaryimage\"},\"thumbnailUrl\":\"https:\\\/\\\/www.livemag.it\\\/wp-content\\\/uploads\\\/2025\\\/10\\\/Unknown-2.jpeg\",\"datePublished\":\"2025-10-24T07:24:02+00:00\",\"dateModified\":\"2025-10-24T07:25:34+00:00\",\"description\":\"Alla XV Biennale di Firenze, l\u2019artista panamense Aristides Ure\u00f1a Ramos ha riscosso grande successo di pubblico e critica con l\",\"breadcrumb\":{\"@id\":\"https:\\\/\\\/www.livemag.it\\\/index.php\\\/2025\\\/10\\\/24\\\/grande-successo-a-firenze-per-lartista-panamense-urena-ramos\\\/#breadcrumb\"},\"inLanguage\":\"it-IT\",\"potentialAction\":[{\"@type\":\"ReadAction\",\"target\":[\"https:\\\/\\\/www.livemag.it\\\/index.php\\\/2025\\\/10\\\/24\\\/grande-successo-a-firenze-per-lartista-panamense-urena-ramos\\\/\"]}]},{\"@type\":\"ImageObject\",\"inLanguage\":\"it-IT\",\"@id\":\"https:\\\/\\\/www.livemag.it\\\/index.php\\\/2025\\\/10\\\/24\\\/grande-successo-a-firenze-per-lartista-panamense-urena-ramos\\\/#primaryimage\",\"url\":\"https:\\\/\\\/www.livemag.it\\\/wp-content\\\/uploads\\\/2025\\\/10\\\/Unknown-2.jpeg\",\"contentUrl\":\"https:\\\/\\\/www.livemag.it\\\/wp-content\\\/uploads\\\/2025\\\/10\\\/Unknown-2.jpeg\",\"width\":890,\"height\":628},{\"@type\":\"BreadcrumbList\",\"@id\":\"https:\\\/\\\/www.livemag.it\\\/index.php\\\/2025\\\/10\\\/24\\\/grande-successo-a-firenze-per-lartista-panamense-urena-ramos\\\/#breadcrumb\",\"itemListElement\":[{\"@type\":\"ListItem\",\"position\":1,\"name\":\"Home\",\"item\":\"https:\\\/\\\/www.livemag.it\\\/\"},{\"@type\":\"ListItem\",\"position\":2,\"name\":\"Grande successo a Firenze per l\u2019artista panamense Ure\u00f1a Ramos\"}]},{\"@type\":\"WebSite\",\"@id\":\"https:\\\/\\\/www.livemag.it\\\/#website\",\"url\":\"https:\\\/\\\/www.livemag.it\\\/\",\"name\":\"Live Magazine\",\"description\":\"Varie ed eventi\",\"publisher\":{\"@id\":\"https:\\\/\\\/www.livemag.it\\\/#organization\"},\"potentialAction\":[{\"@type\":\"SearchAction\",\"target\":{\"@type\":\"EntryPoint\",\"urlTemplate\":\"https:\\\/\\\/www.livemag.it\\\/?s={search_term_string}\"},\"query-input\":{\"@type\":\"PropertyValueSpecification\",\"valueRequired\":true,\"valueName\":\"search_term_string\"}}],\"inLanguage\":\"it-IT\"},{\"@type\":\"Organization\",\"@id\":\"https:\\\/\\\/www.livemag.it\\\/#organization\",\"name\":\"LiveMag\",\"alternateName\":\"LiveMag News ed eventi\",\"url\":\"https:\\\/\\\/www.livemag.it\\\/\",\"logo\":{\"@type\":\"ImageObject\",\"inLanguage\":\"it-IT\",\"@id\":\"https:\\\/\\\/www.livemag.it\\\/#\\\/schema\\\/logo\\\/image\\\/\",\"url\":\"https:\\\/\\\/www.livemag.it\\\/wp-content\\\/uploads\\\/2024\\\/02\\\/immagine-sito.jpg\",\"contentUrl\":\"https:\\\/\\\/www.livemag.it\\\/wp-content\\\/uploads\\\/2024\\\/02\\\/immagine-sito.jpg\",\"width\":696,\"height\":696,\"caption\":\"LiveMag\"},\"image\":{\"@id\":\"https:\\\/\\\/www.livemag.it\\\/#\\\/schema\\\/logo\\\/image\\\/\"},\"sameAs\":[\"https:\\\/\\\/www.facebook.com\\\/LiveMag\\\/\",\"https:\\\/\\\/x.com\\\/LiveNotizie\",\"https:\\\/\\\/www.instagram.com\\\/livemag\\\/\"]},{\"@type\":\"Person\",\"@id\":\"https:\\\/\\\/www.livemag.it\\\/#\\\/schema\\\/person\\\/7191e402a6eb1110174f9d71f53edea9\",\"name\":\"Redazione\",\"image\":{\"@type\":\"ImageObject\",\"inLanguage\":\"it-IT\",\"@id\":\"https:\\\/\\\/secure.gravatar.com\\\/avatar\\\/b20eb33510695f1259c3f61c8dfc966b174a5d33f605fb2d514d9b271222597e?s=96&r=g\",\"url\":\"https:\\\/\\\/secure.gravatar.com\\\/avatar\\\/b20eb33510695f1259c3f61c8dfc966b174a5d33f605fb2d514d9b271222597e?s=96&r=g\",\"contentUrl\":\"https:\\\/\\\/secure.gravatar.com\\\/avatar\\\/b20eb33510695f1259c3f61c8dfc966b174a5d33f605fb2d514d9b271222597e?s=96&r=g\",\"caption\":\"Redazione\"},\"url\":\"https:\\\/\\\/www.livemag.it\\\/index.php\\\/author\\\/admin6640\\\/\"}]}<\/script>\n<!-- \/ Yoast SEO plugin. -->","yoast_head_json":{"title":"Grande successo a Firenze per l\u2019artista panamense Ure\u00f1a Ramos - Live Magazine","description":"Alla XV Biennale di Firenze, l\u2019artista panamense Aristides Ure\u00f1a Ramos ha riscosso grande successo di pubblico e critica con l","robots":{"index":"index","follow":"follow","max-snippet":"max-snippet:-1","max-image-preview":"max-image-preview:large","max-video-preview":"max-video-preview:-1"},"canonical":"https:\/\/www.livemag.it\/index.php\/2025\/10\/24\/grande-successo-a-firenze-per-lartista-panamense-urena-ramos\/","og_locale":"it_IT","og_type":"article","og_title":"Grande successo a Firenze per l\u2019artista panamense Ure\u00f1a Ramos - Live Magazine","og_description":"Alla XV Biennale di Firenze, l\u2019artista panamense Aristides Ure\u00f1a Ramos ha riscosso grande successo di pubblico e critica con l","og_url":"https:\/\/www.livemag.it\/index.php\/2025\/10\/24\/grande-successo-a-firenze-per-lartista-panamense-urena-ramos\/","og_site_name":"Live Magazine","article_publisher":"https:\/\/www.facebook.com\/LiveMag\/","article_published_time":"2025-10-24T07:24:02+00:00","article_modified_time":"2025-10-24T07:25:34+00:00","og_image":[{"width":890,"height":628,"url":"https:\/\/www.livemag.it\/wp-content\/uploads\/2025\/10\/Unknown-2.jpeg","type":"image\/jpeg"}],"author":"Redazione","twitter_card":"summary_large_image","twitter_creator":"@LiveNotizie","twitter_site":"@LiveNotizie","twitter_misc":{"Scritto da":"Redazione","Tempo di lettura stimato":"2 minuti"},"schema":{"@context":"https:\/\/schema.org","@graph":[{"@type":"Article","@id":"https:\/\/www.livemag.it\/index.php\/2025\/10\/24\/grande-successo-a-firenze-per-lartista-panamense-urena-ramos\/#article","isPartOf":{"@id":"https:\/\/www.livemag.it\/index.php\/2025\/10\/24\/grande-successo-a-firenze-per-lartista-panamense-urena-ramos\/"},"author":{"name":"Redazione","@id":"https:\/\/www.livemag.it\/#\/schema\/person\/7191e402a6eb1110174f9d71f53edea9"},"headline":"Grande successo a Firenze per l\u2019artista panamense Ure\u00f1a Ramos","datePublished":"2025-10-24T07:24:02+00:00","dateModified":"2025-10-24T07:25:34+00:00","mainEntityOfPage":{"@id":"https:\/\/www.livemag.it\/index.php\/2025\/10\/24\/grande-successo-a-firenze-per-lartista-panamense-urena-ramos\/"},"wordCount":240,"commentCount":0,"publisher":{"@id":"https:\/\/www.livemag.it\/#organization"},"image":{"@id":"https:\/\/www.livemag.it\/index.php\/2025\/10\/24\/grande-successo-a-firenze-per-lartista-panamense-urena-ramos\/#primaryimage"},"thumbnailUrl":"https:\/\/www.livemag.it\/wp-content\/uploads\/2025\/10\/Unknown-2.jpeg","keywords":["Ure\u00f1a Ramos"],"articleSection":["LiveEvent","LiveNews"],"inLanguage":"it-IT","potentialAction":[{"@type":"CommentAction","name":"Comment","target":["https:\/\/www.livemag.it\/index.php\/2025\/10\/24\/grande-successo-a-firenze-per-lartista-panamense-urena-ramos\/#respond"]}]},{"@type":"WebPage","@id":"https:\/\/www.livemag.it\/index.php\/2025\/10\/24\/grande-successo-a-firenze-per-lartista-panamense-urena-ramos\/","url":"https:\/\/www.livemag.it\/index.php\/2025\/10\/24\/grande-successo-a-firenze-per-lartista-panamense-urena-ramos\/","name":"Grande successo a Firenze per l\u2019artista panamense Ure\u00f1a Ramos - Live Magazine","isPartOf":{"@id":"https:\/\/www.livemag.it\/#website"},"primaryImageOfPage":{"@id":"https:\/\/www.livemag.it\/index.php\/2025\/10\/24\/grande-successo-a-firenze-per-lartista-panamense-urena-ramos\/#primaryimage"},"image":{"@id":"https:\/\/www.livemag.it\/index.php\/2025\/10\/24\/grande-successo-a-firenze-per-lartista-panamense-urena-ramos\/#primaryimage"},"thumbnailUrl":"https:\/\/www.livemag.it\/wp-content\/uploads\/2025\/10\/Unknown-2.jpeg","datePublished":"2025-10-24T07:24:02+00:00","dateModified":"2025-10-24T07:25:34+00:00","description":"Alla XV Biennale di Firenze, l\u2019artista panamense Aristides Ure\u00f1a Ramos ha riscosso grande successo di pubblico e critica con l","breadcrumb":{"@id":"https:\/\/www.livemag.it\/index.php\/2025\/10\/24\/grande-successo-a-firenze-per-lartista-panamense-urena-ramos\/#breadcrumb"},"inLanguage":"it-IT","potentialAction":[{"@type":"ReadAction","target":["https:\/\/www.livemag.it\/index.php\/2025\/10\/24\/grande-successo-a-firenze-per-lartista-panamense-urena-ramos\/"]}]},{"@type":"ImageObject","inLanguage":"it-IT","@id":"https:\/\/www.livemag.it\/index.php\/2025\/10\/24\/grande-successo-a-firenze-per-lartista-panamense-urena-ramos\/#primaryimage","url":"https:\/\/www.livemag.it\/wp-content\/uploads\/2025\/10\/Unknown-2.jpeg","contentUrl":"https:\/\/www.livemag.it\/wp-content\/uploads\/2025\/10\/Unknown-2.jpeg","width":890,"height":628},{"@type":"BreadcrumbList","@id":"https:\/\/www.livemag.it\/index.php\/2025\/10\/24\/grande-successo-a-firenze-per-lartista-panamense-urena-ramos\/#breadcrumb","itemListElement":[{"@type":"ListItem","position":1,"name":"Home","item":"https:\/\/www.livemag.it\/"},{"@type":"ListItem","position":2,"name":"Grande successo a Firenze per l\u2019artista panamense Ure\u00f1a Ramos"}]},{"@type":"WebSite","@id":"https:\/\/www.livemag.it\/#website","url":"https:\/\/www.livemag.it\/","name":"Live Magazine","description":"Varie ed eventi","publisher":{"@id":"https:\/\/www.livemag.it\/#organization"},"potentialAction":[{"@type":"SearchAction","target":{"@type":"EntryPoint","urlTemplate":"https:\/\/www.livemag.it\/?s={search_term_string}"},"query-input":{"@type":"PropertyValueSpecification","valueRequired":true,"valueName":"search_term_string"}}],"inLanguage":"it-IT"},{"@type":"Organization","@id":"https:\/\/www.livemag.it\/#organization","name":"LiveMag","alternateName":"LiveMag News ed eventi","url":"https:\/\/www.livemag.it\/","logo":{"@type":"ImageObject","inLanguage":"it-IT","@id":"https:\/\/www.livemag.it\/#\/schema\/logo\/image\/","url":"https:\/\/www.livemag.it\/wp-content\/uploads\/2024\/02\/immagine-sito.jpg","contentUrl":"https:\/\/www.livemag.it\/wp-content\/uploads\/2024\/02\/immagine-sito.jpg","width":696,"height":696,"caption":"LiveMag"},"image":{"@id":"https:\/\/www.livemag.it\/#\/schema\/logo\/image\/"},"sameAs":["https:\/\/www.facebook.com\/LiveMag\/","https:\/\/x.com\/LiveNotizie","https:\/\/www.instagram.com\/livemag\/"]},{"@type":"Person","@id":"https:\/\/www.livemag.it\/#\/schema\/person\/7191e402a6eb1110174f9d71f53edea9","name":"Redazione","image":{"@type":"ImageObject","inLanguage":"it-IT","@id":"https:\/\/secure.gravatar.com\/avatar\/b20eb33510695f1259c3f61c8dfc966b174a5d33f605fb2d514d9b271222597e?s=96&r=g","url":"https:\/\/secure.gravatar.com\/avatar\/b20eb33510695f1259c3f61c8dfc966b174a5d33f605fb2d514d9b271222597e?s=96&r=g","contentUrl":"https:\/\/secure.gravatar.com\/avatar\/b20eb33510695f1259c3f61c8dfc966b174a5d33f605fb2d514d9b271222597e?s=96&r=g","caption":"Redazione"},"url":"https:\/\/www.livemag.it\/index.php\/author\/admin6640\/"}]}},"jetpack_featured_media_url":"https:\/\/www.livemag.it\/wp-content\/uploads\/2025\/10\/Unknown-2.jpeg","_links":{"self":[{"href":"https:\/\/www.livemag.it\/index.php\/wp-json\/wp\/v2\/posts\/61828","targetHints":{"allow":["GET"]}}],"collection":[{"href":"https:\/\/www.livemag.it\/index.php\/wp-json\/wp\/v2\/posts"}],"about":[{"href":"https:\/\/www.livemag.it\/index.php\/wp-json\/wp\/v2\/types\/post"}],"author":[{"embeddable":true,"href":"https:\/\/www.livemag.it\/index.php\/wp-json\/wp\/v2\/users\/1"}],"replies":[{"embeddable":true,"href":"https:\/\/www.livemag.it\/index.php\/wp-json\/wp\/v2\/comments?post=61828"}],"version-history":[{"count":1,"href":"https:\/\/www.livemag.it\/index.php\/wp-json\/wp\/v2\/posts\/61828\/revisions"}],"predecessor-version":[{"id":61831,"href":"https:\/\/www.livemag.it\/index.php\/wp-json\/wp\/v2\/posts\/61828\/revisions\/61831"}],"wp:featuredmedia":[{"embeddable":true,"href":"https:\/\/www.livemag.it\/index.php\/wp-json\/wp\/v2\/media\/61829"}],"wp:attachment":[{"href":"https:\/\/www.livemag.it\/index.php\/wp-json\/wp\/v2\/media?parent=61828"}],"wp:term":[{"taxonomy":"category","embeddable":true,"href":"https:\/\/www.livemag.it\/index.php\/wp-json\/wp\/v2\/categories?post=61828"},{"taxonomy":"post_tag","embeddable":true,"href":"https:\/\/www.livemag.it\/index.php\/wp-json\/wp\/v2\/tags?post=61828"}],"curies":[{"name":"wp","href":"https:\/\/api.w.org\/{rel}","templated":true}]}}