{"id":61482,"date":"2025-10-20T16:02:58","date_gmt":"2025-10-20T14:02:58","guid":{"rendered":"https:\/\/www.livemag.it\/?p=61482"},"modified":"2025-10-20T16:08:40","modified_gmt":"2025-10-20T14:08:40","slug":"mario-chiavalin-racconta-lanima-e-il-coraggio-di-giuseppe-taliercio","status":"publish","type":"post","link":"https:\/\/www.livemag.it\/index.php\/2025\/10\/20\/mario-chiavalin-racconta-lanima-e-il-coraggio-di-giuseppe-taliercio\/","title":{"rendered":"Mario Chiavalin racconta l\u2019anima e il coraggio di Giuseppe Taliercio"},"content":{"rendered":"\n<h2 class=\"wp-block-heading\">Il nuovo film di Mario Chiavalin approda su Prime Video e riporta al centro della scena la figura di Giuseppe Taliercio, dirigente della Montedison ucciso dalle Brigate Rosse, trasformando una pagina dolorosa della storia italiana in un racconto di umanit\u00e0, fede e speranza<\/h2>\n\n\n\n<h3 class=\"wp-block-heading\">La forza del racconto e il valore della memoria<\/h3>\n\n\n\n<p>Nel panorama del cinema italiano, pochi registi riescono a fondere sensibilit\u00e0 artistica e memoria civile come <strong>Mario Chiavalin<\/strong>. Con il suo ultimo lavoro, <em>Giuseppe Taliercio \u2013 Il delitto perduto<\/em>, disponibile su <strong>Prime Video<\/strong> dal 18 ottobre 2025, il regista veneto compie un gesto profondo e necessario: restituire voce e dignit\u00e0 a un uomo che la violenza del terrorismo aveva tentato di cancellare.<\/p>\n\n\n\n<p>La pellicola rievoca la tragica vicenda di <strong>Giuseppe Taliercio<\/strong>, dirigente dello stabilimento <strong>Montedison<\/strong> di <strong>Porto Marghera<\/strong>, sequestrato e ucciso nel 1981 dalla \u201ccolonna veneta\u201d delle <strong>Brigate Rosse<\/strong>. Ma <strong>Chiavalin<\/strong> non vuole limitarsi a rievocare un fatto di cronaca: costruisce un racconto intimo, umano, denso di riflessione. <em>\u201cNon si tratta solo di ricordare, ma di comprendere chi siamo diventati grazie \u2013 o a causa \u2013 di quelle ferite\u201d<\/em>, afferma durante la presentazione dell\u2019opera a <strong>Mestre<\/strong>, citt\u00e0 che ha ospitato l\u2019anteprima nel novembre 2024.<\/p>\n\n\n\n<p>Il regista sceglie di affrontare la storia con uno sguardo limpido e partecipe. La macchina da presa non cerca il sensazionalismo, ma il silenzio, le attese, le sfumature emotive di un uomo che rimane fedele ai propri principi anche di fronte alla paura. <strong>Chiavalin<\/strong> trasforma il cinema in un ponte tra passato e presente, ricordando che <strong>\u201cla memoria \u00e8 un dovere collettivo, non un esercizio retorico\u201d<\/strong>.<\/p>\n\n\n\n<h3 class=\"wp-block-heading\">Il percorso creativo di Mario Chiavalin<\/h3>\n\n\n<div class=\"wp-block-image\">\n<figure class=\"alignright size-large is-resized\"><img fetchpriority=\"high\" decoding=\"async\" width=\"841\" height=\"1024\" src=\"https:\/\/www.livemag.it\/wp-content\/uploads\/2025\/10\/Mario-Chiavalin-ph-ig-841x1024.jpg\" alt=\"Mario Chiavalin ph ig\" class=\"wp-image-61485\" style=\"width:377px;height:auto\" srcset=\"https:\/\/www.livemag.it\/wp-content\/uploads\/2025\/10\/Mario-Chiavalin-ph-ig-841x1024.jpg 841w, https:\/\/www.livemag.it\/wp-content\/uploads\/2025\/10\/Mario-Chiavalin-ph-ig-247x300.jpg 247w, https:\/\/www.livemag.it\/wp-content\/uploads\/2025\/10\/Mario-Chiavalin-ph-ig-768x935.jpg 768w, https:\/\/www.livemag.it\/wp-content\/uploads\/2025\/10\/Mario-Chiavalin-ph-ig-750x913.jpg 750w, https:\/\/www.livemag.it\/wp-content\/uploads\/2025\/10\/Mario-Chiavalin-ph-ig.jpg 876w\" sizes=\"(max-width: 841px) 100vw, 841px\" \/><\/figure>\n<\/div>\n\n\n<p>Il progetto nasce da un lungo periodo di ricerca e meditazione. <strong>Mario Chiavalin<\/strong> approfondisce documenti, testimonianze e archivi per comprendere a fondo la figura di <strong>Taliercio<\/strong> e il contesto di quegli anni. Solo dopo aver scavato nella memoria collettiva e personale, decide di dare forma a un racconto cinematografico capace di emozionare e far riflettere.<\/p>\n\n\n\n<p>Il regista affronta numerose difficolt\u00e0 produttive, ma non si arrende. Lavora con una troupe motivata, scegliendo di privilegiare l\u2019autenticit\u00e0 alla spettacolarit\u00e0. <em>\u201cNon volevo un film costruito su effetti, ma su emozioni vere\u201d<\/em>, spiega in un\u2019intervista. Le riprese si svolgono tra <strong>Mestre<\/strong>, <strong>Porto Marghera<\/strong> e le aree industriali che ancora oggi conservano le tracce di quella stagione complessa. Ogni luogo diventa parte integrante del racconto, come se il cemento, le fabbriche e la nebbia avessero ancora qualcosa da dire.<\/p>\n\n\n\n<p><strong>Chiavalin<\/strong> costruisce un film che unisce rigore storico e sensibilit\u00e0 artistica. Il suo sguardo penetra nell\u2019animo dei personaggi, restituendo un mosaico di sentimenti, scelte e contraddizioni. <strong>\u201cHo cercato l\u2019uomo, non l\u2019eroe\u201d<\/strong>, dice il regista, rivelando la sua volont\u00e0 di raccontare <strong>Taliercio<\/strong> non come simbolo, ma come essere umano che affronta la paura con dignit\u00e0.<\/p>\n\n\n\n<h3 class=\"wp-block-heading\">Le interpretazioni e la profondit\u00e0 del cast<\/h3>\n\n\n\n<p>A dare volto e voce a <strong>Giuseppe Taliercio<\/strong> \u00e8 <strong>Michele Franco<\/strong>, che offre una performance intensa, costruita su silenzi, sguardi e gesti misurati. La sua interpretazione cattura la dimensione pi\u00f9 intima del protagonista, restituendo l\u2019immagine di un uomo determinato e al tempo stesso vulnerabile. Accanto a lui, <strong>Manuela Metri<\/strong> interpreta la moglie con delicatezza e forza, mostrando il dolore e la resilienza di chi vive la prigionia del proprio caro nell\u2019incertezza pi\u00f9 assoluta.<\/p>\n\n\n\n<p><strong>Mario Chiavalin<\/strong> guida il cast con sensibilit\u00e0, evitando eccessi drammatici e scegliendo la sobriet\u00e0 come linguaggio della verit\u00e0. Ogni scena si carica di significato attraverso la semplicit\u00e0 delle emozioni, costruendo un equilibrio tra tensione e introspezione. <em>\u201cIl dolore non ha bisogno di urla per farsi ascoltare\u201d<\/em>, sottolinea il regista.<\/p>\n\n\n\n<p>L\u2019alchimia tra gli interpreti contribuisce a rendere il racconto universale. Il film non parla solo di un uomo o di un\u2019epoca, ma di valori come l\u2019onest\u00e0, la lealt\u00e0 e la coerenza. <strong>Chiavalin<\/strong> usa il linguaggio cinematografico come strumento di memoria viva, ricordando che ogni storia, anche la pi\u00f9 tragica, pu\u00f2 diventare un\u2019occasione di consapevolezza.<\/p>\n\n\n\n<h3 class=\"wp-block-heading\">Un film che restituisce voce al silenzio<\/h3>\n\n\n<div class=\"wp-block-image\">\n<figure class=\"alignleft size-full is-resized\"><img decoding=\"async\" width=\"562\" height=\"800\" src=\"https:\/\/www.livemag.it\/wp-content\/uploads\/2025\/10\/Giuseppe-Taliercio-ph-wp.jpg\" alt=\"Giuseppe Taliercio ph wp\" class=\"wp-image-61483\" style=\"width:355px;height:auto\" srcset=\"https:\/\/www.livemag.it\/wp-content\/uploads\/2025\/10\/Giuseppe-Taliercio-ph-wp.jpg 562w, https:\/\/www.livemag.it\/wp-content\/uploads\/2025\/10\/Giuseppe-Taliercio-ph-wp-211x300.jpg 211w\" sizes=\"(max-width: 562px) 100vw, 562px\" \/><\/figure>\n<\/div>\n\n\n<p><em>Giuseppe Taliercio \u2013 Il delitto perduto<\/em> si afferma come un\u2019opera che intreccia impegno civile e poesia visiva. <strong>Mario Chiavalin<\/strong> riesce a unire la precisione dei fatti storici alla profondit\u00e0 del racconto emotivo, regalando allo spettatore un\u2019esperienza che va oltre la narrazione lineare. Il film non si limita a ricordare, ma invita a interrogarsi sul presente e sulla responsabilit\u00e0 della memoria.<\/p>\n\n\n\n<p>Grazie alla distribuzione su <strong>Prime Video<\/strong>, il lavoro di <strong>Chiavalin<\/strong> raggiunge un pubblico sempre pi\u00f9 ampio, avvicinando anche le nuove generazioni a una storia spesso dimenticata. La critica apprezza la sua capacit\u00e0 di evitare la retorica e di dare spazio all\u2019autenticit\u00e0 dei sentimenti.<\/p>\n\n\n\n<p>Alla fine della proiezione, resta una sensazione di gratitudine: quella di aver ritrovato un frammento di verit\u00e0 in un tempo che tende a dimenticare. <strong>Mario Chiavalin<\/strong>, con la sua regia delicata e intensa, ci ricorda che <strong>\u201cla memoria \u00e8 un atto d\u2019amore verso chi ha scelto la coerenza invece della paura\u201d<\/strong>.<\/p>\n\n\n\n<p>Con questa pellicola, il regista non solo omaggia <strong>Giuseppe Taliercio<\/strong>, ma riafferma il potere del cinema come luogo di coscienza, emozione e testimonianza. <em>Ricordare non significa guardare indietro, ma capire meglio chi siamo oggi.<\/em><\/p>\n\n\n\n<p>Per approfondire e guardare il film: <a href=\"https:\/\/www.primevideo.com\/-\/it\/detail\/Giuseppe-Taliercio-Il-delitto-perduto\/0MXRR9DDQX3BT8Q2E91AB7XF2B?utm_source=chatgpt.com\">primevideo.com<\/a><\/p>\n\n\n\n<p><a href=\"https:\/\/www.instagram.com\/altomura\/00?hl=it\" target=\"_blank\" rel=\"noreferrer noopener\">A cura di Mario Altomura<\/a><br><a href=\"https:\/\/www.bollicinevip.com\/tutte-le-star-italiane-indossano-gli-occhiali-da-sole\/\">Leggi anche: tutte le star italiane indossano gli occhiali da sole<\/a><\/p>\n","protected":false},"excerpt":{"rendered":"<p>Il nuovo film di Mario Chiavalin approda su Prime Video e riporta al centro della scena la figura di Giuseppe Taliercio, dirigente della Montedison ucciso dalle Brigate Rosse, trasformando una pagina dolorosa della storia italiana in un racconto di umanit\u00e0, fede e speranza La forza del racconto e il valore della memoria Nel panorama del [&hellip;]<\/p>\n","protected":false},"author":20,"featured_media":61486,"comment_status":"open","ping_status":"open","sticky":false,"template":"","format":"standard","meta":{"jnews-multi-image_gallery":[],"jnews_single_post":{"format":"standard"},"jnews_primary_category":[],"jnews_social_meta":[],"jnews_override_counter":[],"jnews_post_split":[],"footnotes":""},"categories":[9,2],"tags":[8102,8103,7363,8104,8109,2405,8106,8107,8105,8108,8110],"class_list":["post-61482","post","type-post","status-publish","format-standard","has-post-thumbnail","hentry","category-costume-e-societa","category-livepeople","tag-brigate-rosse","tag-cesare","tag-giuseppe-taliercio","tag-leonardo-piccinni","tag-manuela-metri","tag-mario-chiavalin","tag-mestre","tag-michele-franco","tag-montedison","tag-porto-marghera","tag-prime-video"],"yoast_head":"<!-- This site is optimized with the Yoast SEO plugin v27.5 - https:\/\/yoast.com\/product\/yoast-seo-wordpress\/ -->\n<title>Mario Chiavalin racconta l\u2019anima e il coraggio di Giuseppe Taliercio<\/title>\n<meta name=\"description\" content=\"Il nuovo film di Mario Chiavalin approda su Prime Video e riporta al centro della scena la figura di Giuseppe Taliercio\" \/>\n<meta name=\"robots\" content=\"index, follow, max-snippet:-1, max-image-preview:large, max-video-preview:-1\" \/>\n<link rel=\"canonical\" href=\"https:\/\/www.livemag.it\/index.php\/2025\/10\/20\/mario-chiavalin-racconta-lanima-e-il-coraggio-di-giuseppe-taliercio\/\" \/>\n<meta property=\"og:locale\" content=\"it_IT\" \/>\n<meta property=\"og:type\" content=\"article\" \/>\n<meta property=\"og:title\" content=\"Mario Chiavalin racconta l\u2019anima e il coraggio di Giuseppe Taliercio\" \/>\n<meta property=\"og:description\" content=\"Il nuovo film di Mario Chiavalin approda su Prime Video e riporta al centro della scena la figura di Giuseppe Taliercio\" \/>\n<meta property=\"og:url\" content=\"https:\/\/www.livemag.it\/index.php\/2025\/10\/20\/mario-chiavalin-racconta-lanima-e-il-coraggio-di-giuseppe-taliercio\/\" \/>\n<meta property=\"og:site_name\" content=\"Live Magazine\" \/>\n<meta property=\"article:publisher\" content=\"https:\/\/www.facebook.com\/LiveMag\/\" \/>\n<meta property=\"article:published_time\" content=\"2025-10-20T14:02:58+00:00\" \/>\n<meta property=\"article:modified_time\" content=\"2025-10-20T14:08:40+00:00\" \/>\n<meta property=\"og:image\" content=\"https:\/\/www.livemag.it\/wp-content\/uploads\/2025\/10\/la-loggia-occulta-ph-web.png\" \/>\n\t<meta property=\"og:image:width\" content=\"854\" \/>\n\t<meta property=\"og:image:height\" content=\"480\" \/>\n\t<meta property=\"og:image:type\" content=\"image\/png\" \/>\n<meta name=\"author\" content=\"Mario Altomura\" \/>\n<meta name=\"twitter:card\" content=\"summary_large_image\" \/>\n<meta name=\"twitter:creator\" content=\"@LiveNotizie\" \/>\n<meta name=\"twitter:site\" content=\"@LiveNotizie\" \/>\n<meta name=\"twitter:label1\" content=\"Scritto da\" \/>\n\t<meta name=\"twitter:data1\" content=\"Mario Altomura\" \/>\n\t<meta name=\"twitter:label2\" content=\"Tempo di lettura stimato\" \/>\n\t<meta name=\"twitter:data2\" content=\"6 minuti\" \/>\n<script type=\"application\/ld+json\" class=\"yoast-schema-graph\">{\"@context\":\"https:\\\/\\\/schema.org\",\"@graph\":[{\"@type\":\"Article\",\"@id\":\"https:\\\/\\\/www.livemag.it\\\/index.php\\\/2025\\\/10\\\/20\\\/mario-chiavalin-racconta-lanima-e-il-coraggio-di-giuseppe-taliercio\\\/#article\",\"isPartOf\":{\"@id\":\"https:\\\/\\\/www.livemag.it\\\/index.php\\\/2025\\\/10\\\/20\\\/mario-chiavalin-racconta-lanima-e-il-coraggio-di-giuseppe-taliercio\\\/\"},\"author\":{\"name\":\"Mario Altomura\",\"@id\":\"https:\\\/\\\/www.livemag.it\\\/#\\\/schema\\\/person\\\/cc097583ef7f4da9e9fe62e8b552ab72\"},\"headline\":\"Mario Chiavalin racconta l\u2019anima e il coraggio di Giuseppe Taliercio\",\"datePublished\":\"2025-10-20T14:02:58+00:00\",\"dateModified\":\"2025-10-20T14:08:40+00:00\",\"mainEntityOfPage\":{\"@id\":\"https:\\\/\\\/www.livemag.it\\\/index.php\\\/2025\\\/10\\\/20\\\/mario-chiavalin-racconta-lanima-e-il-coraggio-di-giuseppe-taliercio\\\/\"},\"wordCount\":874,\"commentCount\":0,\"publisher\":{\"@id\":\"https:\\\/\\\/www.livemag.it\\\/#organization\"},\"image\":{\"@id\":\"https:\\\/\\\/www.livemag.it\\\/index.php\\\/2025\\\/10\\\/20\\\/mario-chiavalin-racconta-lanima-e-il-coraggio-di-giuseppe-taliercio\\\/#primaryimage\"},\"thumbnailUrl\":\"https:\\\/\\\/www.livemag.it\\\/wp-content\\\/uploads\\\/2025\\\/10\\\/la-loggia-occulta-ph-web.png\",\"keywords\":[\"Brigate Rosse\",\"Cesare\",\"Giuseppe Taliercio\",\"Leonardo Piccinni\",\"Manuela Metri\",\"Mario Chiavalin\",\"Mestre\",\"Michele Franco\",\"Montedison\",\"Porto Marghera\",\"Prime Video\"],\"articleSection\":[\"Costume e Societ\u00e0\",\"LivePeople\"],\"inLanguage\":\"it-IT\",\"potentialAction\":[{\"@type\":\"CommentAction\",\"name\":\"Comment\",\"target\":[\"https:\\\/\\\/www.livemag.it\\\/index.php\\\/2025\\\/10\\\/20\\\/mario-chiavalin-racconta-lanima-e-il-coraggio-di-giuseppe-taliercio\\\/#respond\"]}]},{\"@type\":\"WebPage\",\"@id\":\"https:\\\/\\\/www.livemag.it\\\/index.php\\\/2025\\\/10\\\/20\\\/mario-chiavalin-racconta-lanima-e-il-coraggio-di-giuseppe-taliercio\\\/\",\"url\":\"https:\\\/\\\/www.livemag.it\\\/index.php\\\/2025\\\/10\\\/20\\\/mario-chiavalin-racconta-lanima-e-il-coraggio-di-giuseppe-taliercio\\\/\",\"name\":\"Mario Chiavalin racconta l\u2019anima e il coraggio di Giuseppe Taliercio\",\"isPartOf\":{\"@id\":\"https:\\\/\\\/www.livemag.it\\\/#website\"},\"primaryImageOfPage\":{\"@id\":\"https:\\\/\\\/www.livemag.it\\\/index.php\\\/2025\\\/10\\\/20\\\/mario-chiavalin-racconta-lanima-e-il-coraggio-di-giuseppe-taliercio\\\/#primaryimage\"},\"image\":{\"@id\":\"https:\\\/\\\/www.livemag.it\\\/index.php\\\/2025\\\/10\\\/20\\\/mario-chiavalin-racconta-lanima-e-il-coraggio-di-giuseppe-taliercio\\\/#primaryimage\"},\"thumbnailUrl\":\"https:\\\/\\\/www.livemag.it\\\/wp-content\\\/uploads\\\/2025\\\/10\\\/la-loggia-occulta-ph-web.png\",\"datePublished\":\"2025-10-20T14:02:58+00:00\",\"dateModified\":\"2025-10-20T14:08:40+00:00\",\"description\":\"Il nuovo film di Mario Chiavalin approda su Prime Video e riporta al centro della scena la figura di Giuseppe Taliercio\",\"breadcrumb\":{\"@id\":\"https:\\\/\\\/www.livemag.it\\\/index.php\\\/2025\\\/10\\\/20\\\/mario-chiavalin-racconta-lanima-e-il-coraggio-di-giuseppe-taliercio\\\/#breadcrumb\"},\"inLanguage\":\"it-IT\",\"potentialAction\":[{\"@type\":\"ReadAction\",\"target\":[\"https:\\\/\\\/www.livemag.it\\\/index.php\\\/2025\\\/10\\\/20\\\/mario-chiavalin-racconta-lanima-e-il-coraggio-di-giuseppe-taliercio\\\/\"]}]},{\"@type\":\"ImageObject\",\"inLanguage\":\"it-IT\",\"@id\":\"https:\\\/\\\/www.livemag.it\\\/index.php\\\/2025\\\/10\\\/20\\\/mario-chiavalin-racconta-lanima-e-il-coraggio-di-giuseppe-taliercio\\\/#primaryimage\",\"url\":\"https:\\\/\\\/www.livemag.it\\\/wp-content\\\/uploads\\\/2025\\\/10\\\/la-loggia-occulta-ph-web.png\",\"contentUrl\":\"https:\\\/\\\/www.livemag.it\\\/wp-content\\\/uploads\\\/2025\\\/10\\\/la-loggia-occulta-ph-web.png\",\"width\":854,\"height\":480,\"caption\":\"la loggia occulta ph web\"},{\"@type\":\"BreadcrumbList\",\"@id\":\"https:\\\/\\\/www.livemag.it\\\/index.php\\\/2025\\\/10\\\/20\\\/mario-chiavalin-racconta-lanima-e-il-coraggio-di-giuseppe-taliercio\\\/#breadcrumb\",\"itemListElement\":[{\"@type\":\"ListItem\",\"position\":1,\"name\":\"Home\",\"item\":\"https:\\\/\\\/www.livemag.it\\\/\"},{\"@type\":\"ListItem\",\"position\":2,\"name\":\"Mario Chiavalin racconta l\u2019anima e il coraggio di Giuseppe Taliercio\"}]},{\"@type\":\"WebSite\",\"@id\":\"https:\\\/\\\/www.livemag.it\\\/#website\",\"url\":\"https:\\\/\\\/www.livemag.it\\\/\",\"name\":\"Live Magazine\",\"description\":\"Varie ed eventi\",\"publisher\":{\"@id\":\"https:\\\/\\\/www.livemag.it\\\/#organization\"},\"potentialAction\":[{\"@type\":\"SearchAction\",\"target\":{\"@type\":\"EntryPoint\",\"urlTemplate\":\"https:\\\/\\\/www.livemag.it\\\/?s={search_term_string}\"},\"query-input\":{\"@type\":\"PropertyValueSpecification\",\"valueRequired\":true,\"valueName\":\"search_term_string\"}}],\"inLanguage\":\"it-IT\"},{\"@type\":\"Organization\",\"@id\":\"https:\\\/\\\/www.livemag.it\\\/#organization\",\"name\":\"LiveMag\",\"alternateName\":\"LiveMag News ed eventi\",\"url\":\"https:\\\/\\\/www.livemag.it\\\/\",\"logo\":{\"@type\":\"ImageObject\",\"inLanguage\":\"it-IT\",\"@id\":\"https:\\\/\\\/www.livemag.it\\\/#\\\/schema\\\/logo\\\/image\\\/\",\"url\":\"https:\\\/\\\/www.livemag.it\\\/wp-content\\\/uploads\\\/2024\\\/02\\\/immagine-sito.jpg\",\"contentUrl\":\"https:\\\/\\\/www.livemag.it\\\/wp-content\\\/uploads\\\/2024\\\/02\\\/immagine-sito.jpg\",\"width\":696,\"height\":696,\"caption\":\"LiveMag\"},\"image\":{\"@id\":\"https:\\\/\\\/www.livemag.it\\\/#\\\/schema\\\/logo\\\/image\\\/\"},\"sameAs\":[\"https:\\\/\\\/www.facebook.com\\\/LiveMag\\\/\",\"https:\\\/\\\/x.com\\\/LiveNotizie\",\"https:\\\/\\\/www.instagram.com\\\/livemag\\\/\"]},{\"@type\":\"Person\",\"@id\":\"https:\\\/\\\/www.livemag.it\\\/#\\\/schema\\\/person\\\/cc097583ef7f4da9e9fe62e8b552ab72\",\"name\":\"Mario Altomura\",\"image\":{\"@type\":\"ImageObject\",\"inLanguage\":\"it-IT\",\"@id\":\"https:\\\/\\\/secure.gravatar.com\\\/avatar\\\/3c7d3ce72a2bed6bab5e3681d59712a49247bdd227b4ef67de56814084f945dd?s=96&r=g\",\"url\":\"https:\\\/\\\/secure.gravatar.com\\\/avatar\\\/3c7d3ce72a2bed6bab5e3681d59712a49247bdd227b4ef67de56814084f945dd?s=96&r=g\",\"contentUrl\":\"https:\\\/\\\/secure.gravatar.com\\\/avatar\\\/3c7d3ce72a2bed6bab5e3681d59712a49247bdd227b4ef67de56814084f945dd?s=96&r=g\",\"caption\":\"Mario Altomura\"},\"description\":\"fotografo celebrity\",\"url\":\"https:\\\/\\\/www.livemag.it\\\/index.php\\\/author\\\/fabio-scarpati\\\/\"}]}<\/script>\n<!-- \/ Yoast SEO plugin. -->","yoast_head_json":{"title":"Mario Chiavalin racconta l\u2019anima e il coraggio di Giuseppe Taliercio","description":"Il nuovo film di Mario Chiavalin approda su Prime Video e riporta al centro della scena la figura di Giuseppe Taliercio","robots":{"index":"index","follow":"follow","max-snippet":"max-snippet:-1","max-image-preview":"max-image-preview:large","max-video-preview":"max-video-preview:-1"},"canonical":"https:\/\/www.livemag.it\/index.php\/2025\/10\/20\/mario-chiavalin-racconta-lanima-e-il-coraggio-di-giuseppe-taliercio\/","og_locale":"it_IT","og_type":"article","og_title":"Mario Chiavalin racconta l\u2019anima e il coraggio di Giuseppe Taliercio","og_description":"Il nuovo film di Mario Chiavalin approda su Prime Video e riporta al centro della scena la figura di Giuseppe Taliercio","og_url":"https:\/\/www.livemag.it\/index.php\/2025\/10\/20\/mario-chiavalin-racconta-lanima-e-il-coraggio-di-giuseppe-taliercio\/","og_site_name":"Live Magazine","article_publisher":"https:\/\/www.facebook.com\/LiveMag\/","article_published_time":"2025-10-20T14:02:58+00:00","article_modified_time":"2025-10-20T14:08:40+00:00","og_image":[{"width":854,"height":480,"url":"https:\/\/www.livemag.it\/wp-content\/uploads\/2025\/10\/la-loggia-occulta-ph-web.png","type":"image\/png"}],"author":"Mario Altomura","twitter_card":"summary_large_image","twitter_creator":"@LiveNotizie","twitter_site":"@LiveNotizie","twitter_misc":{"Scritto da":"Mario Altomura","Tempo di lettura stimato":"6 minuti"},"schema":{"@context":"https:\/\/schema.org","@graph":[{"@type":"Article","@id":"https:\/\/www.livemag.it\/index.php\/2025\/10\/20\/mario-chiavalin-racconta-lanima-e-il-coraggio-di-giuseppe-taliercio\/#article","isPartOf":{"@id":"https:\/\/www.livemag.it\/index.php\/2025\/10\/20\/mario-chiavalin-racconta-lanima-e-il-coraggio-di-giuseppe-taliercio\/"},"author":{"name":"Mario Altomura","@id":"https:\/\/www.livemag.it\/#\/schema\/person\/cc097583ef7f4da9e9fe62e8b552ab72"},"headline":"Mario Chiavalin racconta l\u2019anima e il coraggio di Giuseppe Taliercio","datePublished":"2025-10-20T14:02:58+00:00","dateModified":"2025-10-20T14:08:40+00:00","mainEntityOfPage":{"@id":"https:\/\/www.livemag.it\/index.php\/2025\/10\/20\/mario-chiavalin-racconta-lanima-e-il-coraggio-di-giuseppe-taliercio\/"},"wordCount":874,"commentCount":0,"publisher":{"@id":"https:\/\/www.livemag.it\/#organization"},"image":{"@id":"https:\/\/www.livemag.it\/index.php\/2025\/10\/20\/mario-chiavalin-racconta-lanima-e-il-coraggio-di-giuseppe-taliercio\/#primaryimage"},"thumbnailUrl":"https:\/\/www.livemag.it\/wp-content\/uploads\/2025\/10\/la-loggia-occulta-ph-web.png","keywords":["Brigate Rosse","Cesare","Giuseppe Taliercio","Leonardo Piccinni","Manuela Metri","Mario Chiavalin","Mestre","Michele Franco","Montedison","Porto Marghera","Prime Video"],"articleSection":["Costume e Societ\u00e0","LivePeople"],"inLanguage":"it-IT","potentialAction":[{"@type":"CommentAction","name":"Comment","target":["https:\/\/www.livemag.it\/index.php\/2025\/10\/20\/mario-chiavalin-racconta-lanima-e-il-coraggio-di-giuseppe-taliercio\/#respond"]}]},{"@type":"WebPage","@id":"https:\/\/www.livemag.it\/index.php\/2025\/10\/20\/mario-chiavalin-racconta-lanima-e-il-coraggio-di-giuseppe-taliercio\/","url":"https:\/\/www.livemag.it\/index.php\/2025\/10\/20\/mario-chiavalin-racconta-lanima-e-il-coraggio-di-giuseppe-taliercio\/","name":"Mario Chiavalin racconta l\u2019anima e il coraggio di Giuseppe Taliercio","isPartOf":{"@id":"https:\/\/www.livemag.it\/#website"},"primaryImageOfPage":{"@id":"https:\/\/www.livemag.it\/index.php\/2025\/10\/20\/mario-chiavalin-racconta-lanima-e-il-coraggio-di-giuseppe-taliercio\/#primaryimage"},"image":{"@id":"https:\/\/www.livemag.it\/index.php\/2025\/10\/20\/mario-chiavalin-racconta-lanima-e-il-coraggio-di-giuseppe-taliercio\/#primaryimage"},"thumbnailUrl":"https:\/\/www.livemag.it\/wp-content\/uploads\/2025\/10\/la-loggia-occulta-ph-web.png","datePublished":"2025-10-20T14:02:58+00:00","dateModified":"2025-10-20T14:08:40+00:00","description":"Il nuovo film di Mario Chiavalin approda su Prime Video e riporta al centro della scena la figura di Giuseppe Taliercio","breadcrumb":{"@id":"https:\/\/www.livemag.it\/index.php\/2025\/10\/20\/mario-chiavalin-racconta-lanima-e-il-coraggio-di-giuseppe-taliercio\/#breadcrumb"},"inLanguage":"it-IT","potentialAction":[{"@type":"ReadAction","target":["https:\/\/www.livemag.it\/index.php\/2025\/10\/20\/mario-chiavalin-racconta-lanima-e-il-coraggio-di-giuseppe-taliercio\/"]}]},{"@type":"ImageObject","inLanguage":"it-IT","@id":"https:\/\/www.livemag.it\/index.php\/2025\/10\/20\/mario-chiavalin-racconta-lanima-e-il-coraggio-di-giuseppe-taliercio\/#primaryimage","url":"https:\/\/www.livemag.it\/wp-content\/uploads\/2025\/10\/la-loggia-occulta-ph-web.png","contentUrl":"https:\/\/www.livemag.it\/wp-content\/uploads\/2025\/10\/la-loggia-occulta-ph-web.png","width":854,"height":480,"caption":"la loggia occulta ph web"},{"@type":"BreadcrumbList","@id":"https:\/\/www.livemag.it\/index.php\/2025\/10\/20\/mario-chiavalin-racconta-lanima-e-il-coraggio-di-giuseppe-taliercio\/#breadcrumb","itemListElement":[{"@type":"ListItem","position":1,"name":"Home","item":"https:\/\/www.livemag.it\/"},{"@type":"ListItem","position":2,"name":"Mario Chiavalin racconta l\u2019anima e il coraggio di Giuseppe Taliercio"}]},{"@type":"WebSite","@id":"https:\/\/www.livemag.it\/#website","url":"https:\/\/www.livemag.it\/","name":"Live Magazine","description":"Varie ed eventi","publisher":{"@id":"https:\/\/www.livemag.it\/#organization"},"potentialAction":[{"@type":"SearchAction","target":{"@type":"EntryPoint","urlTemplate":"https:\/\/www.livemag.it\/?s={search_term_string}"},"query-input":{"@type":"PropertyValueSpecification","valueRequired":true,"valueName":"search_term_string"}}],"inLanguage":"it-IT"},{"@type":"Organization","@id":"https:\/\/www.livemag.it\/#organization","name":"LiveMag","alternateName":"LiveMag News ed eventi","url":"https:\/\/www.livemag.it\/","logo":{"@type":"ImageObject","inLanguage":"it-IT","@id":"https:\/\/www.livemag.it\/#\/schema\/logo\/image\/","url":"https:\/\/www.livemag.it\/wp-content\/uploads\/2024\/02\/immagine-sito.jpg","contentUrl":"https:\/\/www.livemag.it\/wp-content\/uploads\/2024\/02\/immagine-sito.jpg","width":696,"height":696,"caption":"LiveMag"},"image":{"@id":"https:\/\/www.livemag.it\/#\/schema\/logo\/image\/"},"sameAs":["https:\/\/www.facebook.com\/LiveMag\/","https:\/\/x.com\/LiveNotizie","https:\/\/www.instagram.com\/livemag\/"]},{"@type":"Person","@id":"https:\/\/www.livemag.it\/#\/schema\/person\/cc097583ef7f4da9e9fe62e8b552ab72","name":"Mario Altomura","image":{"@type":"ImageObject","inLanguage":"it-IT","@id":"https:\/\/secure.gravatar.com\/avatar\/3c7d3ce72a2bed6bab5e3681d59712a49247bdd227b4ef67de56814084f945dd?s=96&r=g","url":"https:\/\/secure.gravatar.com\/avatar\/3c7d3ce72a2bed6bab5e3681d59712a49247bdd227b4ef67de56814084f945dd?s=96&r=g","contentUrl":"https:\/\/secure.gravatar.com\/avatar\/3c7d3ce72a2bed6bab5e3681d59712a49247bdd227b4ef67de56814084f945dd?s=96&r=g","caption":"Mario Altomura"},"description":"fotografo celebrity","url":"https:\/\/www.livemag.it\/index.php\/author\/fabio-scarpati\/"}]}},"jetpack_featured_media_url":"https:\/\/www.livemag.it\/wp-content\/uploads\/2025\/10\/la-loggia-occulta-ph-web.png","_links":{"self":[{"href":"https:\/\/www.livemag.it\/index.php\/wp-json\/wp\/v2\/posts\/61482","targetHints":{"allow":["GET"]}}],"collection":[{"href":"https:\/\/www.livemag.it\/index.php\/wp-json\/wp\/v2\/posts"}],"about":[{"href":"https:\/\/www.livemag.it\/index.php\/wp-json\/wp\/v2\/types\/post"}],"author":[{"embeddable":true,"href":"https:\/\/www.livemag.it\/index.php\/wp-json\/wp\/v2\/users\/20"}],"replies":[{"embeddable":true,"href":"https:\/\/www.livemag.it\/index.php\/wp-json\/wp\/v2\/comments?post=61482"}],"version-history":[{"count":1,"href":"https:\/\/www.livemag.it\/index.php\/wp-json\/wp\/v2\/posts\/61482\/revisions"}],"predecessor-version":[{"id":61487,"href":"https:\/\/www.livemag.it\/index.php\/wp-json\/wp\/v2\/posts\/61482\/revisions\/61487"}],"wp:featuredmedia":[{"embeddable":true,"href":"https:\/\/www.livemag.it\/index.php\/wp-json\/wp\/v2\/media\/61486"}],"wp:attachment":[{"href":"https:\/\/www.livemag.it\/index.php\/wp-json\/wp\/v2\/media?parent=61482"}],"wp:term":[{"taxonomy":"category","embeddable":true,"href":"https:\/\/www.livemag.it\/index.php\/wp-json\/wp\/v2\/categories?post=61482"},{"taxonomy":"post_tag","embeddable":true,"href":"https:\/\/www.livemag.it\/index.php\/wp-json\/wp\/v2\/tags?post=61482"}],"curies":[{"name":"wp","href":"https:\/\/api.w.org\/{rel}","templated":true}]}}