{"id":61478,"date":"2025-10-20T15:02:44","date_gmt":"2025-10-20T13:02:44","guid":{"rendered":"https:\/\/www.livemag.it\/index.php\/2025\/10\/20\/zelensky-sente-macron-momento-di-spingere-per-la-fine-della-guerra\/"},"modified":"2025-10-20T15:02:44","modified_gmt":"2025-10-20T13:02:44","slug":"zelensky-sente-macron-momento-di-spingere-per-la-fine-della-guerra","status":"publish","type":"post","link":"https:\/\/www.livemag.it\/index.php\/2025\/10\/20\/zelensky-sente-macron-momento-di-spingere-per-la-fine-della-guerra\/","title":{"rendered":"Zelensky sente Macron \u201cMomento di spingere per la fine della guerra\u201d"},"content":{"rendered":"<div>\n<p>KIEV (UCRAINA) (ITALPRESS) \u2013 \u201cCi stiamo avvicinando a una possibile fine della guerra. Ve lo dico con certezza. Questo non significa che finir\u00e0 definitivamente, ma il Presidente Trump ha ottenuto molto in Medio Oriente e, cavalcando quest\u2019onda, vuole porre fine alla guerra della Russia contro l\u2019Ucraina\u201d: a dirlo il presidente ucraiano Volodymyr Zelensky, parlando con i giornalisti. Trump e Vladimir Putin si incontreranno nelle prossime settimane a Budapest per un nuovo faccia a faccia dopo quello di Anchorage. \u201cSe vengo invitato a Budapest, allora, in un formato o nell\u2019altro, sono pronto ad andare e ci troveremo d\u2019accordo \u2013 ha aggiunto Zelensky -. Non credo che Budapest sia la sede migliore per questo incontro. Ma se pu\u00f2 portare alla pace, allora non importa in quale Paese si svolger\u00e0 l\u2019incontro\u201d. Poi, su X, Zelensky ha fatto sapere di aver parlato con il presidente francese Emmanuel Macron. <br \/>\u201cOra \u00e8 il momento giusto per spingere verso la fine della guerra, e la cosa pi\u00f9 importante \u00e8 cogliere appieno ogni opportunit\u00e0 ed esercitare la giusta pressione sulla Russia. Fare pressione su chi ha iniziato la guerra \u00e8 la chiave per un epilogo \u2013 ha scritto -. Emmanuel e io abbiamo discusso di tutti gli aspetti diplomatici attuali e dei nostri recenti contatti con i partner. Sono grato per il supporto. Abbiamo concordato di incontrarci nel prossimo futuro\u201d.<\/p>\n<p>\u2013 foto Ipa Agency \u2013<br \/>(ITALPRESS).<\/p>\n<\/div>\n","protected":false},"excerpt":{"rendered":"<p>KIEV (UCRAINA) (ITALPRESS) \u2013 \u201cCi stiamo avvicinando a una possibile fine della guerra. Ve lo dico con certezza. Questo non significa che finir\u00e0 definitivamente, ma il Presidente Trump ha ottenuto molto in Medio Oriente e, cavalcando quest\u2019onda, vuole porre fine alla guerra della Russia contro l\u2019Ucraina\u201d: a dirlo il presidente ucraiano Volodymyr Zelensky, parlando con [&hellip;]<\/p>\n","protected":false},"author":16,"featured_media":61479,"comment_status":"closed","ping_status":"closed","sticky":false,"template":"","format":"standard","meta":{"jnews-multi-image_gallery":[],"jnews_single_post":[],"jnews_primary_category":[],"jnews_social_meta":[],"jnews_override_counter":[],"jnews_post_split":[],"footnotes":""},"categories":[1129],"tags":[],"class_list":["post-61478","post","type-post","status-publish","format-standard","has-post-thumbnail","hentry","category-mondo"],"yoast_head":"<!-- This site is optimized with the Yoast SEO plugin v27.5 - https:\/\/yoast.com\/product\/yoast-seo-wordpress\/ -->\n<title>Zelensky sente Macron \u201cMomento di spingere per la fine della guerra\u201d - Live Magazine<\/title>\n<meta name=\"robots\" content=\"index, follow, max-snippet:-1, max-image-preview:large, max-video-preview:-1\" \/>\n<link rel=\"canonical\" href=\"https:\/\/www.livemag.it\/index.php\/2025\/10\/20\/zelensky-sente-macron-momento-di-spingere-per-la-fine-della-guerra\/\" \/>\n<meta property=\"og:locale\" content=\"it_IT\" \/>\n<meta property=\"og:type\" content=\"article\" \/>\n<meta property=\"og:title\" content=\"Zelensky sente Macron \u201cMomento di spingere per la fine della guerra\u201d - Live Magazine\" \/>\n<meta property=\"og:description\" content=\"KIEV (UCRAINA) (ITALPRESS) \u2013 \u201cCi stiamo avvicinando a una possibile fine della guerra. Ve lo dico con certezza. Questo non significa che finir\u00e0 definitivamente, ma il Presidente Trump ha ottenuto molto in Medio Oriente e, cavalcando quest\u2019onda, vuole porre fine alla guerra della Russia contro l\u2019Ucraina\u201d: a dirlo il presidente ucraiano Volodymyr Zelensky, parlando con [&hellip;]\" \/>\n<meta property=\"og:url\" content=\"https:\/\/www.livemag.it\/index.php\/2025\/10\/20\/zelensky-sente-macron-momento-di-spingere-per-la-fine-della-guerra\/\" \/>\n<meta property=\"og:site_name\" content=\"Live Magazine\" \/>\n<meta property=\"article:publisher\" content=\"https:\/\/www.facebook.com\/LiveMag\/\" \/>\n<meta property=\"article:published_time\" content=\"2025-10-20T13:02:44+00:00\" \/>\n<meta property=\"og:image\" content=\"https:\/\/www.livemag.it\/wp-content\/uploads\/2024\/02\/ograph.jpg\" \/>\n\t<meta property=\"og:image:width\" content=\"1200\" \/>\n\t<meta property=\"og:image:height\" content=\"675\" \/>\n\t<meta property=\"og:image:type\" content=\"image\/jpeg\" \/>\n<meta name=\"author\" content=\"italpress\" \/>\n<meta name=\"twitter:card\" content=\"summary_large_image\" \/>\n<meta name=\"twitter:creator\" content=\"@LiveNotizie\" \/>\n<meta name=\"twitter:site\" content=\"@LiveNotizie\" \/>\n<meta name=\"twitter:label1\" content=\"Scritto da\" \/>\n\t<meta name=\"twitter:data1\" content=\"italpress\" \/>\n\t<meta name=\"twitter:label2\" content=\"Tempo di lettura stimato\" \/>\n\t<meta name=\"twitter:data2\" content=\"1 minuto\" \/>\n<script type=\"application\/ld+json\" class=\"yoast-schema-graph\">{\"@context\":\"https:\\\/\\\/schema.org\",\"@graph\":[{\"@type\":\"Article\",\"@id\":\"https:\\\/\\\/www.livemag.it\\\/index.php\\\/2025\\\/10\\\/20\\\/zelensky-sente-macron-momento-di-spingere-per-la-fine-della-guerra\\\/#article\",\"isPartOf\":{\"@id\":\"https:\\\/\\\/www.livemag.it\\\/index.php\\\/2025\\\/10\\\/20\\\/zelensky-sente-macron-momento-di-spingere-per-la-fine-della-guerra\\\/\"},\"author\":{\"name\":\"italpress\",\"@id\":\"https:\\\/\\\/www.livemag.it\\\/#\\\/schema\\\/person\\\/b62c5f44451fdcdaeb0afe6c2424e73c\"},\"headline\":\"Zelensky sente Macron \u201cMomento di spingere per la fine della guerra\u201d\",\"datePublished\":\"2025-10-20T13:02:44+00:00\",\"mainEntityOfPage\":{\"@id\":\"https:\\\/\\\/www.livemag.it\\\/index.php\\\/2025\\\/10\\\/20\\\/zelensky-sente-macron-momento-di-spingere-per-la-fine-della-guerra\\\/\"},\"wordCount\":236,\"publisher\":{\"@id\":\"https:\\\/\\\/www.livemag.it\\\/#organization\"},\"image\":{\"@id\":\"https:\\\/\\\/www.livemag.it\\\/index.php\\\/2025\\\/10\\\/20\\\/zelensky-sente-macron-momento-di-spingere-per-la-fine-della-guerra\\\/#primaryimage\"},\"thumbnailUrl\":\"https:\\\/\\\/www.livemag.it\\\/wp-content\\\/uploads\\\/2025\\\/10\\\/20251020_0438.jpg\",\"articleSection\":[\"Mondo\"],\"inLanguage\":\"it-IT\"},{\"@type\":\"WebPage\",\"@id\":\"https:\\\/\\\/www.livemag.it\\\/index.php\\\/2025\\\/10\\\/20\\\/zelensky-sente-macron-momento-di-spingere-per-la-fine-della-guerra\\\/\",\"url\":\"https:\\\/\\\/www.livemag.it\\\/index.php\\\/2025\\\/10\\\/20\\\/zelensky-sente-macron-momento-di-spingere-per-la-fine-della-guerra\\\/\",\"name\":\"Zelensky sente Macron \u201cMomento di spingere per la fine della guerra\u201d - Live Magazine\",\"isPartOf\":{\"@id\":\"https:\\\/\\\/www.livemag.it\\\/#website\"},\"primaryImageOfPage\":{\"@id\":\"https:\\\/\\\/www.livemag.it\\\/index.php\\\/2025\\\/10\\\/20\\\/zelensky-sente-macron-momento-di-spingere-per-la-fine-della-guerra\\\/#primaryimage\"},\"image\":{\"@id\":\"https:\\\/\\\/www.livemag.it\\\/index.php\\\/2025\\\/10\\\/20\\\/zelensky-sente-macron-momento-di-spingere-per-la-fine-della-guerra\\\/#primaryimage\"},\"thumbnailUrl\":\"https:\\\/\\\/www.livemag.it\\\/wp-content\\\/uploads\\\/2025\\\/10\\\/20251020_0438.jpg\",\"datePublished\":\"2025-10-20T13:02:44+00:00\",\"breadcrumb\":{\"@id\":\"https:\\\/\\\/www.livemag.it\\\/index.php\\\/2025\\\/10\\\/20\\\/zelensky-sente-macron-momento-di-spingere-per-la-fine-della-guerra\\\/#breadcrumb\"},\"inLanguage\":\"it-IT\",\"potentialAction\":[{\"@type\":\"ReadAction\",\"target\":[\"https:\\\/\\\/www.livemag.it\\\/index.php\\\/2025\\\/10\\\/20\\\/zelensky-sente-macron-momento-di-spingere-per-la-fine-della-guerra\\\/\"]}]},{\"@type\":\"ImageObject\",\"inLanguage\":\"it-IT\",\"@id\":\"https:\\\/\\\/www.livemag.it\\\/index.php\\\/2025\\\/10\\\/20\\\/zelensky-sente-macron-momento-di-spingere-per-la-fine-della-guerra\\\/#primaryimage\",\"url\":\"https:\\\/\\\/www.livemag.it\\\/wp-content\\\/uploads\\\/2025\\\/10\\\/20251020_0438.jpg\",\"contentUrl\":\"https:\\\/\\\/www.livemag.it\\\/wp-content\\\/uploads\\\/2025\\\/10\\\/20251020_0438.jpg\",\"width\":1200,\"height\":800},{\"@type\":\"BreadcrumbList\",\"@id\":\"https:\\\/\\\/www.livemag.it\\\/index.php\\\/2025\\\/10\\\/20\\\/zelensky-sente-macron-momento-di-spingere-per-la-fine-della-guerra\\\/#breadcrumb\",\"itemListElement\":[{\"@type\":\"ListItem\",\"position\":1,\"name\":\"Home\",\"item\":\"https:\\\/\\\/www.livemag.it\\\/\"},{\"@type\":\"ListItem\",\"position\":2,\"name\":\"Zelensky sente Macron \u201cMomento di spingere per la fine della guerra\u201d\"}]},{\"@type\":\"WebSite\",\"@id\":\"https:\\\/\\\/www.livemag.it\\\/#website\",\"url\":\"https:\\\/\\\/www.livemag.it\\\/\",\"name\":\"Live Magazine\",\"description\":\"Varie ed eventi\",\"publisher\":{\"@id\":\"https:\\\/\\\/www.livemag.it\\\/#organization\"},\"potentialAction\":[{\"@type\":\"SearchAction\",\"target\":{\"@type\":\"EntryPoint\",\"urlTemplate\":\"https:\\\/\\\/www.livemag.it\\\/?s={search_term_string}\"},\"query-input\":{\"@type\":\"PropertyValueSpecification\",\"valueRequired\":true,\"valueName\":\"search_term_string\"}}],\"inLanguage\":\"it-IT\"},{\"@type\":\"Organization\",\"@id\":\"https:\\\/\\\/www.livemag.it\\\/#organization\",\"name\":\"LiveMag\",\"alternateName\":\"LiveMag News ed eventi\",\"url\":\"https:\\\/\\\/www.livemag.it\\\/\",\"logo\":{\"@type\":\"ImageObject\",\"inLanguage\":\"it-IT\",\"@id\":\"https:\\\/\\\/www.livemag.it\\\/#\\\/schema\\\/logo\\\/image\\\/\",\"url\":\"https:\\\/\\\/www.livemag.it\\\/wp-content\\\/uploads\\\/2024\\\/02\\\/immagine-sito.jpg\",\"contentUrl\":\"https:\\\/\\\/www.livemag.it\\\/wp-content\\\/uploads\\\/2024\\\/02\\\/immagine-sito.jpg\",\"width\":696,\"height\":696,\"caption\":\"LiveMag\"},\"image\":{\"@id\":\"https:\\\/\\\/www.livemag.it\\\/#\\\/schema\\\/logo\\\/image\\\/\"},\"sameAs\":[\"https:\\\/\\\/www.facebook.com\\\/LiveMag\\\/\",\"https:\\\/\\\/x.com\\\/LiveNotizie\",\"https:\\\/\\\/www.instagram.com\\\/livemag\\\/\"]},{\"@type\":\"Person\",\"@id\":\"https:\\\/\\\/www.livemag.it\\\/#\\\/schema\\\/person\\\/b62c5f44451fdcdaeb0afe6c2424e73c\",\"name\":\"italpress\",\"image\":{\"@type\":\"ImageObject\",\"inLanguage\":\"it-IT\",\"@id\":\"https:\\\/\\\/secure.gravatar.com\\\/avatar\\\/b6a21695fc713ce7ee312cf57c97e2e641feb365be72d8745574d3c3e2b59066?s=96&r=g\",\"url\":\"https:\\\/\\\/secure.gravatar.com\\\/avatar\\\/b6a21695fc713ce7ee312cf57c97e2e641feb365be72d8745574d3c3e2b59066?s=96&r=g\",\"contentUrl\":\"https:\\\/\\\/secure.gravatar.com\\\/avatar\\\/b6a21695fc713ce7ee312cf57c97e2e641feb365be72d8745574d3c3e2b59066?s=96&r=g\",\"caption\":\"italpress\"},\"description\":\"Italpress \u00e8 un'agenzia di stampa italiana a carattere nazionale.\",\"url\":\"https:\\\/\\\/www.livemag.it\\\/index.php\\\/author\\\/italpress\\\/\"}]}<\/script>\n<!-- \/ Yoast SEO plugin. -->","yoast_head_json":{"title":"Zelensky sente Macron \u201cMomento di spingere per la fine della guerra\u201d - Live Magazine","robots":{"index":"index","follow":"follow","max-snippet":"max-snippet:-1","max-image-preview":"max-image-preview:large","max-video-preview":"max-video-preview:-1"},"canonical":"https:\/\/www.livemag.it\/index.php\/2025\/10\/20\/zelensky-sente-macron-momento-di-spingere-per-la-fine-della-guerra\/","og_locale":"it_IT","og_type":"article","og_title":"Zelensky sente Macron \u201cMomento di spingere per la fine della guerra\u201d - Live Magazine","og_description":"KIEV (UCRAINA) (ITALPRESS) \u2013 \u201cCi stiamo avvicinando a una possibile fine della guerra. Ve lo dico con certezza. Questo non significa che finir\u00e0 definitivamente, ma il Presidente Trump ha ottenuto molto in Medio Oriente e, cavalcando quest\u2019onda, vuole porre fine alla guerra della Russia contro l\u2019Ucraina\u201d: a dirlo il presidente ucraiano Volodymyr Zelensky, parlando con [&hellip;]","og_url":"https:\/\/www.livemag.it\/index.php\/2025\/10\/20\/zelensky-sente-macron-momento-di-spingere-per-la-fine-della-guerra\/","og_site_name":"Live Magazine","article_publisher":"https:\/\/www.facebook.com\/LiveMag\/","article_published_time":"2025-10-20T13:02:44+00:00","og_image":[{"width":1200,"height":675,"url":"https:\/\/www.livemag.it\/wp-content\/uploads\/2024\/02\/ograph.jpg","type":"image\/jpeg"}],"author":"italpress","twitter_card":"summary_large_image","twitter_creator":"@LiveNotizie","twitter_site":"@LiveNotizie","twitter_misc":{"Scritto da":"italpress","Tempo di lettura stimato":"1 minuto"},"schema":{"@context":"https:\/\/schema.org","@graph":[{"@type":"Article","@id":"https:\/\/www.livemag.it\/index.php\/2025\/10\/20\/zelensky-sente-macron-momento-di-spingere-per-la-fine-della-guerra\/#article","isPartOf":{"@id":"https:\/\/www.livemag.it\/index.php\/2025\/10\/20\/zelensky-sente-macron-momento-di-spingere-per-la-fine-della-guerra\/"},"author":{"name":"italpress","@id":"https:\/\/www.livemag.it\/#\/schema\/person\/b62c5f44451fdcdaeb0afe6c2424e73c"},"headline":"Zelensky sente Macron \u201cMomento di spingere per la fine della guerra\u201d","datePublished":"2025-10-20T13:02:44+00:00","mainEntityOfPage":{"@id":"https:\/\/www.livemag.it\/index.php\/2025\/10\/20\/zelensky-sente-macron-momento-di-spingere-per-la-fine-della-guerra\/"},"wordCount":236,"publisher":{"@id":"https:\/\/www.livemag.it\/#organization"},"image":{"@id":"https:\/\/www.livemag.it\/index.php\/2025\/10\/20\/zelensky-sente-macron-momento-di-spingere-per-la-fine-della-guerra\/#primaryimage"},"thumbnailUrl":"https:\/\/www.livemag.it\/wp-content\/uploads\/2025\/10\/20251020_0438.jpg","articleSection":["Mondo"],"inLanguage":"it-IT"},{"@type":"WebPage","@id":"https:\/\/www.livemag.it\/index.php\/2025\/10\/20\/zelensky-sente-macron-momento-di-spingere-per-la-fine-della-guerra\/","url":"https:\/\/www.livemag.it\/index.php\/2025\/10\/20\/zelensky-sente-macron-momento-di-spingere-per-la-fine-della-guerra\/","name":"Zelensky sente Macron \u201cMomento di spingere per la fine della guerra\u201d - Live Magazine","isPartOf":{"@id":"https:\/\/www.livemag.it\/#website"},"primaryImageOfPage":{"@id":"https:\/\/www.livemag.it\/index.php\/2025\/10\/20\/zelensky-sente-macron-momento-di-spingere-per-la-fine-della-guerra\/#primaryimage"},"image":{"@id":"https:\/\/www.livemag.it\/index.php\/2025\/10\/20\/zelensky-sente-macron-momento-di-spingere-per-la-fine-della-guerra\/#primaryimage"},"thumbnailUrl":"https:\/\/www.livemag.it\/wp-content\/uploads\/2025\/10\/20251020_0438.jpg","datePublished":"2025-10-20T13:02:44+00:00","breadcrumb":{"@id":"https:\/\/www.livemag.it\/index.php\/2025\/10\/20\/zelensky-sente-macron-momento-di-spingere-per-la-fine-della-guerra\/#breadcrumb"},"inLanguage":"it-IT","potentialAction":[{"@type":"ReadAction","target":["https:\/\/www.livemag.it\/index.php\/2025\/10\/20\/zelensky-sente-macron-momento-di-spingere-per-la-fine-della-guerra\/"]}]},{"@type":"ImageObject","inLanguage":"it-IT","@id":"https:\/\/www.livemag.it\/index.php\/2025\/10\/20\/zelensky-sente-macron-momento-di-spingere-per-la-fine-della-guerra\/#primaryimage","url":"https:\/\/www.livemag.it\/wp-content\/uploads\/2025\/10\/20251020_0438.jpg","contentUrl":"https:\/\/www.livemag.it\/wp-content\/uploads\/2025\/10\/20251020_0438.jpg","width":1200,"height":800},{"@type":"BreadcrumbList","@id":"https:\/\/www.livemag.it\/index.php\/2025\/10\/20\/zelensky-sente-macron-momento-di-spingere-per-la-fine-della-guerra\/#breadcrumb","itemListElement":[{"@type":"ListItem","position":1,"name":"Home","item":"https:\/\/www.livemag.it\/"},{"@type":"ListItem","position":2,"name":"Zelensky sente Macron \u201cMomento di spingere per la fine della guerra\u201d"}]},{"@type":"WebSite","@id":"https:\/\/www.livemag.it\/#website","url":"https:\/\/www.livemag.it\/","name":"Live Magazine","description":"Varie ed eventi","publisher":{"@id":"https:\/\/www.livemag.it\/#organization"},"potentialAction":[{"@type":"SearchAction","target":{"@type":"EntryPoint","urlTemplate":"https:\/\/www.livemag.it\/?s={search_term_string}"},"query-input":{"@type":"PropertyValueSpecification","valueRequired":true,"valueName":"search_term_string"}}],"inLanguage":"it-IT"},{"@type":"Organization","@id":"https:\/\/www.livemag.it\/#organization","name":"LiveMag","alternateName":"LiveMag News ed eventi","url":"https:\/\/www.livemag.it\/","logo":{"@type":"ImageObject","inLanguage":"it-IT","@id":"https:\/\/www.livemag.it\/#\/schema\/logo\/image\/","url":"https:\/\/www.livemag.it\/wp-content\/uploads\/2024\/02\/immagine-sito.jpg","contentUrl":"https:\/\/www.livemag.it\/wp-content\/uploads\/2024\/02\/immagine-sito.jpg","width":696,"height":696,"caption":"LiveMag"},"image":{"@id":"https:\/\/www.livemag.it\/#\/schema\/logo\/image\/"},"sameAs":["https:\/\/www.facebook.com\/LiveMag\/","https:\/\/x.com\/LiveNotizie","https:\/\/www.instagram.com\/livemag\/"]},{"@type":"Person","@id":"https:\/\/www.livemag.it\/#\/schema\/person\/b62c5f44451fdcdaeb0afe6c2424e73c","name":"italpress","image":{"@type":"ImageObject","inLanguage":"it-IT","@id":"https:\/\/secure.gravatar.com\/avatar\/b6a21695fc713ce7ee312cf57c97e2e641feb365be72d8745574d3c3e2b59066?s=96&r=g","url":"https:\/\/secure.gravatar.com\/avatar\/b6a21695fc713ce7ee312cf57c97e2e641feb365be72d8745574d3c3e2b59066?s=96&r=g","contentUrl":"https:\/\/secure.gravatar.com\/avatar\/b6a21695fc713ce7ee312cf57c97e2e641feb365be72d8745574d3c3e2b59066?s=96&r=g","caption":"italpress"},"description":"Italpress \u00e8 un'agenzia di stampa italiana a carattere nazionale.","url":"https:\/\/www.livemag.it\/index.php\/author\/italpress\/"}]}},"jetpack_featured_media_url":"https:\/\/www.livemag.it\/wp-content\/uploads\/2025\/10\/20251020_0438.jpg","_links":{"self":[{"href":"https:\/\/www.livemag.it\/index.php\/wp-json\/wp\/v2\/posts\/61478","targetHints":{"allow":["GET"]}}],"collection":[{"href":"https:\/\/www.livemag.it\/index.php\/wp-json\/wp\/v2\/posts"}],"about":[{"href":"https:\/\/www.livemag.it\/index.php\/wp-json\/wp\/v2\/types\/post"}],"author":[{"embeddable":true,"href":"https:\/\/www.livemag.it\/index.php\/wp-json\/wp\/v2\/users\/16"}],"replies":[{"embeddable":true,"href":"https:\/\/www.livemag.it\/index.php\/wp-json\/wp\/v2\/comments?post=61478"}],"version-history":[{"count":0,"href":"https:\/\/www.livemag.it\/index.php\/wp-json\/wp\/v2\/posts\/61478\/revisions"}],"wp:featuredmedia":[{"embeddable":true,"href":"https:\/\/www.livemag.it\/index.php\/wp-json\/wp\/v2\/media\/61479"}],"wp:attachment":[{"href":"https:\/\/www.livemag.it\/index.php\/wp-json\/wp\/v2\/media?parent=61478"}],"wp:term":[{"taxonomy":"category","embeddable":true,"href":"https:\/\/www.livemag.it\/index.php\/wp-json\/wp\/v2\/categories?post=61478"},{"taxonomy":"post_tag","embeddable":true,"href":"https:\/\/www.livemag.it\/index.php\/wp-json\/wp\/v2\/tags?post=61478"}],"curies":[{"name":"wp","href":"https:\/\/api.w.org\/{rel}","templated":true}]}}