{"id":61178,"date":"2025-10-16T18:02:52","date_gmt":"2025-10-16T16:02:52","guid":{"rendered":"https:\/\/www.livemag.it\/index.php\/2025\/10\/16\/la-commissione-europea-lancia-la-roadmap-2030-per-la-difesa\/"},"modified":"2025-10-16T18:02:52","modified_gmt":"2025-10-16T16:02:52","slug":"la-commissione-europea-lancia-la-roadmap-2030-per-la-difesa","status":"publish","type":"post","link":"https:\/\/www.livemag.it\/index.php\/2025\/10\/16\/la-commissione-europea-lancia-la-roadmap-2030-per-la-difesa\/","title":{"rendered":"La Commissione Europea lancia la Roadmap 2030 per la Difesa"},"content":{"rendered":"<div>\n<p>BRUXELLES (BELGIO) (ITALPRESS) \u2013 La Commissione europea ha dato il via libera alla Roadmap per la difesa e la salvaguardia della pace, che contiene una serie di obiettivi da realizzare entro il 2030. \u201cLe recenti minacce hanno dimostrato che l\u2019Europa \u00e8 a rischio. Dobbiamo proteggere ogni cittadino e ogni centimetro quadrato del nostro territorio\u201d, ha spiegato la presidente della Commissione, Ursula von der Leyen. L\u2019Europa, ha aggiunto, deve rispondere con \u201cunit\u00e0, solidariet\u00e0 e con determinazione\u201d. Il documento sottolinea il pericolo derivante dalla Russia, che nel 2025 raggiunger\u00e0 una spesa pari al 7% del Pil per il settore militare. Per recuperare il terreno dopo anni di mancati investimenti di settore, il piano prevede le cosiddette \u201ccoalizioni di capacit\u00e0\u201d, formate da gruppi di Stati membri che uniscono forze e competenze in progetti congiunti. Le coalizioni di capacit\u00e0 e il piano nel suo complesso non andranno ad intaccare la sovranit\u00e0 di ciascuno Stato membro in materia di difesa nazionale. Per arrivare al raggiungimento degli obiettivi prefissati nel 2030, gi\u00e0 nel primo trimestre 2026 verranno definiti i capifila dei progetti e i piani di attuazione, per poi raggiungere almeno il 40% di appalti congiunti entro la fine del 2027, con contratti garantiti entro il 2028. La tabella di marcia sar\u00e0 al vaglio del Consiglio europeo il prossimo 23 ottobre. <br \/>Il piano si concentra sullo sviluppo industriale, lasciando alla Nato la gestione delle operazioni militari, e punta a colmare le lacune esistenti attraverso una cooperazione strutturata tra gli Stati membri. Vengono individuati nove settori strategici per potenziare l\u2019industria della difesa europea, tra cui la difesa aerea e missilistica, tecnologie per droni e sistemi anti-droni, artiglieria avanzata con missili di precisione a lungo raggio, produzione di munizioni, intelligenza artificiale e sistemi informativi, capacit\u00e0 di combattimento terrestre, marittimo e aereo, oltre a una logistica militare efficiente. L\u2019Agenzia Europea per la Difesa avr\u00e0 un ruolo chiave nel coordinamento, collegando le carenze di capacit\u00e0 militari alle priorit\u00e0 di sviluppo. Per accelerare il processo, la Commissione propone quattro iniziative prioritarie: un sistema di difesa contro i droni, un osservatorio per il rafforzamento del fianco orientale, uno scudo aereo integrato e uno scudo spaziale per la protezione delle risorse satellitari. <br \/>Le prime due iniziative, considerate urgenti, saranno approvate entro la fine del 2025, con avvio operativo nel primo trimestre del 2026 e piena operativit\u00e0 rispettivamente entro il 2027 e il 2028. Lo scudo aereo e quello spaziale saranno attivati entro il secondo trimestre del 2026, garantendo interoperabilit\u00e0 con i sistemi Nato. I primi finanziamenti per questi progetti arriveranno attraverso il programma Safe e i bandi del Programma Europeo per l\u2019Industria della Difesa. <\/p>\n<p>\u2013 Foto IPA Agency \u2013<\/p>\n<p>(ITALPRESS).<\/p>\n<\/div>\n","protected":false},"excerpt":{"rendered":"<p>BRUXELLES (BELGIO) (ITALPRESS) \u2013 La Commissione europea ha dato il via libera alla Roadmap per la difesa e la salvaguardia della pace, che contiene una serie di obiettivi da realizzare entro il 2030. \u201cLe recenti minacce hanno dimostrato che l\u2019Europa \u00e8 a rischio. Dobbiamo proteggere ogni cittadino e ogni centimetro quadrato del nostro territorio\u201d, ha [&hellip;]<\/p>\n","protected":false},"author":16,"featured_media":61179,"comment_status":"closed","ping_status":"closed","sticky":false,"template":"","format":"standard","meta":{"jnews-multi-image_gallery":[],"jnews_single_post":[],"jnews_primary_category":[],"jnews_social_meta":[],"jnews_override_counter":[],"jnews_post_split":[],"footnotes":""},"categories":[1129],"tags":[],"class_list":["post-61178","post","type-post","status-publish","format-standard","has-post-thumbnail","hentry","category-mondo"],"yoast_head":"<!-- This site is optimized with the Yoast SEO plugin v27.5 - https:\/\/yoast.com\/product\/yoast-seo-wordpress\/ -->\n<title>La Commissione Europea lancia la Roadmap 2030 per la Difesa - Live Magazine<\/title>\n<meta name=\"robots\" content=\"index, follow, max-snippet:-1, max-image-preview:large, max-video-preview:-1\" \/>\n<link rel=\"canonical\" href=\"https:\/\/www.livemag.it\/index.php\/2025\/10\/16\/la-commissione-europea-lancia-la-roadmap-2030-per-la-difesa\/\" \/>\n<meta property=\"og:locale\" content=\"it_IT\" \/>\n<meta property=\"og:type\" content=\"article\" \/>\n<meta property=\"og:title\" content=\"La Commissione Europea lancia la Roadmap 2030 per la Difesa - Live Magazine\" \/>\n<meta property=\"og:description\" content=\"BRUXELLES (BELGIO) (ITALPRESS) \u2013 La Commissione europea ha dato il via libera alla Roadmap per la difesa e la salvaguardia della pace, che contiene una serie di obiettivi da realizzare entro il 2030. \u201cLe recenti minacce hanno dimostrato che l\u2019Europa \u00e8 a rischio. Dobbiamo proteggere ogni cittadino e ogni centimetro quadrato del nostro territorio\u201d, ha [&hellip;]\" \/>\n<meta property=\"og:url\" content=\"https:\/\/www.livemag.it\/index.php\/2025\/10\/16\/la-commissione-europea-lancia-la-roadmap-2030-per-la-difesa\/\" \/>\n<meta property=\"og:site_name\" content=\"Live Magazine\" \/>\n<meta property=\"article:publisher\" content=\"https:\/\/www.facebook.com\/LiveMag\/\" \/>\n<meta property=\"article:published_time\" content=\"2025-10-16T16:02:52+00:00\" \/>\n<meta property=\"og:image\" content=\"https:\/\/www.livemag.it\/wp-content\/uploads\/2024\/02\/ograph.jpg\" \/>\n\t<meta property=\"og:image:width\" content=\"1200\" \/>\n\t<meta property=\"og:image:height\" content=\"675\" \/>\n\t<meta property=\"og:image:type\" content=\"image\/jpeg\" \/>\n<meta name=\"author\" content=\"italpress\" \/>\n<meta name=\"twitter:card\" content=\"summary_large_image\" \/>\n<meta name=\"twitter:creator\" content=\"@LiveNotizie\" \/>\n<meta name=\"twitter:site\" content=\"@LiveNotizie\" \/>\n<meta name=\"twitter:label1\" content=\"Scritto da\" \/>\n\t<meta name=\"twitter:data1\" content=\"italpress\" \/>\n\t<meta name=\"twitter:label2\" content=\"Tempo di lettura stimato\" \/>\n\t<meta name=\"twitter:data2\" content=\"2 minuti\" \/>\n<script type=\"application\/ld+json\" class=\"yoast-schema-graph\">{\"@context\":\"https:\\\/\\\/schema.org\",\"@graph\":[{\"@type\":\"Article\",\"@id\":\"https:\\\/\\\/www.livemag.it\\\/index.php\\\/2025\\\/10\\\/16\\\/la-commissione-europea-lancia-la-roadmap-2030-per-la-difesa\\\/#article\",\"isPartOf\":{\"@id\":\"https:\\\/\\\/www.livemag.it\\\/index.php\\\/2025\\\/10\\\/16\\\/la-commissione-europea-lancia-la-roadmap-2030-per-la-difesa\\\/\"},\"author\":{\"name\":\"italpress\",\"@id\":\"https:\\\/\\\/www.livemag.it\\\/#\\\/schema\\\/person\\\/b62c5f44451fdcdaeb0afe6c2424e73c\"},\"headline\":\"La Commissione Europea lancia la Roadmap 2030 per la Difesa\",\"datePublished\":\"2025-10-16T16:02:52+00:00\",\"mainEntityOfPage\":{\"@id\":\"https:\\\/\\\/www.livemag.it\\\/index.php\\\/2025\\\/10\\\/16\\\/la-commissione-europea-lancia-la-roadmap-2030-per-la-difesa\\\/\"},\"wordCount\":433,\"publisher\":{\"@id\":\"https:\\\/\\\/www.livemag.it\\\/#organization\"},\"image\":{\"@id\":\"https:\\\/\\\/www.livemag.it\\\/index.php\\\/2025\\\/10\\\/16\\\/la-commissione-europea-lancia-la-roadmap-2030-per-la-difesa\\\/#primaryimage\"},\"thumbnailUrl\":\"https:\\\/\\\/www.livemag.it\\\/wp-content\\\/uploads\\\/2025\\\/10\\\/20251016_4978.jpg\",\"articleSection\":[\"Mondo\"],\"inLanguage\":\"it-IT\"},{\"@type\":\"WebPage\",\"@id\":\"https:\\\/\\\/www.livemag.it\\\/index.php\\\/2025\\\/10\\\/16\\\/la-commissione-europea-lancia-la-roadmap-2030-per-la-difesa\\\/\",\"url\":\"https:\\\/\\\/www.livemag.it\\\/index.php\\\/2025\\\/10\\\/16\\\/la-commissione-europea-lancia-la-roadmap-2030-per-la-difesa\\\/\",\"name\":\"La Commissione Europea lancia la Roadmap 2030 per la Difesa - Live Magazine\",\"isPartOf\":{\"@id\":\"https:\\\/\\\/www.livemag.it\\\/#website\"},\"primaryImageOfPage\":{\"@id\":\"https:\\\/\\\/www.livemag.it\\\/index.php\\\/2025\\\/10\\\/16\\\/la-commissione-europea-lancia-la-roadmap-2030-per-la-difesa\\\/#primaryimage\"},\"image\":{\"@id\":\"https:\\\/\\\/www.livemag.it\\\/index.php\\\/2025\\\/10\\\/16\\\/la-commissione-europea-lancia-la-roadmap-2030-per-la-difesa\\\/#primaryimage\"},\"thumbnailUrl\":\"https:\\\/\\\/www.livemag.it\\\/wp-content\\\/uploads\\\/2025\\\/10\\\/20251016_4978.jpg\",\"datePublished\":\"2025-10-16T16:02:52+00:00\",\"breadcrumb\":{\"@id\":\"https:\\\/\\\/www.livemag.it\\\/index.php\\\/2025\\\/10\\\/16\\\/la-commissione-europea-lancia-la-roadmap-2030-per-la-difesa\\\/#breadcrumb\"},\"inLanguage\":\"it-IT\",\"potentialAction\":[{\"@type\":\"ReadAction\",\"target\":[\"https:\\\/\\\/www.livemag.it\\\/index.php\\\/2025\\\/10\\\/16\\\/la-commissione-europea-lancia-la-roadmap-2030-per-la-difesa\\\/\"]}]},{\"@type\":\"ImageObject\",\"inLanguage\":\"it-IT\",\"@id\":\"https:\\\/\\\/www.livemag.it\\\/index.php\\\/2025\\\/10\\\/16\\\/la-commissione-europea-lancia-la-roadmap-2030-per-la-difesa\\\/#primaryimage\",\"url\":\"https:\\\/\\\/www.livemag.it\\\/wp-content\\\/uploads\\\/2025\\\/10\\\/20251016_4978.jpg\",\"contentUrl\":\"https:\\\/\\\/www.livemag.it\\\/wp-content\\\/uploads\\\/2025\\\/10\\\/20251016_4978.jpg\",\"width\":1200,\"height\":800},{\"@type\":\"BreadcrumbList\",\"@id\":\"https:\\\/\\\/www.livemag.it\\\/index.php\\\/2025\\\/10\\\/16\\\/la-commissione-europea-lancia-la-roadmap-2030-per-la-difesa\\\/#breadcrumb\",\"itemListElement\":[{\"@type\":\"ListItem\",\"position\":1,\"name\":\"Home\",\"item\":\"https:\\\/\\\/www.livemag.it\\\/\"},{\"@type\":\"ListItem\",\"position\":2,\"name\":\"La Commissione Europea lancia la Roadmap 2030 per la Difesa\"}]},{\"@type\":\"WebSite\",\"@id\":\"https:\\\/\\\/www.livemag.it\\\/#website\",\"url\":\"https:\\\/\\\/www.livemag.it\\\/\",\"name\":\"Live Magazine\",\"description\":\"Varie ed eventi\",\"publisher\":{\"@id\":\"https:\\\/\\\/www.livemag.it\\\/#organization\"},\"potentialAction\":[{\"@type\":\"SearchAction\",\"target\":{\"@type\":\"EntryPoint\",\"urlTemplate\":\"https:\\\/\\\/www.livemag.it\\\/?s={search_term_string}\"},\"query-input\":{\"@type\":\"PropertyValueSpecification\",\"valueRequired\":true,\"valueName\":\"search_term_string\"}}],\"inLanguage\":\"it-IT\"},{\"@type\":\"Organization\",\"@id\":\"https:\\\/\\\/www.livemag.it\\\/#organization\",\"name\":\"LiveMag\",\"alternateName\":\"LiveMag News ed eventi\",\"url\":\"https:\\\/\\\/www.livemag.it\\\/\",\"logo\":{\"@type\":\"ImageObject\",\"inLanguage\":\"it-IT\",\"@id\":\"https:\\\/\\\/www.livemag.it\\\/#\\\/schema\\\/logo\\\/image\\\/\",\"url\":\"https:\\\/\\\/www.livemag.it\\\/wp-content\\\/uploads\\\/2024\\\/02\\\/immagine-sito.jpg\",\"contentUrl\":\"https:\\\/\\\/www.livemag.it\\\/wp-content\\\/uploads\\\/2024\\\/02\\\/immagine-sito.jpg\",\"width\":696,\"height\":696,\"caption\":\"LiveMag\"},\"image\":{\"@id\":\"https:\\\/\\\/www.livemag.it\\\/#\\\/schema\\\/logo\\\/image\\\/\"},\"sameAs\":[\"https:\\\/\\\/www.facebook.com\\\/LiveMag\\\/\",\"https:\\\/\\\/x.com\\\/LiveNotizie\",\"https:\\\/\\\/www.instagram.com\\\/livemag\\\/\"]},{\"@type\":\"Person\",\"@id\":\"https:\\\/\\\/www.livemag.it\\\/#\\\/schema\\\/person\\\/b62c5f44451fdcdaeb0afe6c2424e73c\",\"name\":\"italpress\",\"image\":{\"@type\":\"ImageObject\",\"inLanguage\":\"it-IT\",\"@id\":\"https:\\\/\\\/secure.gravatar.com\\\/avatar\\\/b6a21695fc713ce7ee312cf57c97e2e641feb365be72d8745574d3c3e2b59066?s=96&r=g\",\"url\":\"https:\\\/\\\/secure.gravatar.com\\\/avatar\\\/b6a21695fc713ce7ee312cf57c97e2e641feb365be72d8745574d3c3e2b59066?s=96&r=g\",\"contentUrl\":\"https:\\\/\\\/secure.gravatar.com\\\/avatar\\\/b6a21695fc713ce7ee312cf57c97e2e641feb365be72d8745574d3c3e2b59066?s=96&r=g\",\"caption\":\"italpress\"},\"description\":\"Italpress \u00e8 un'agenzia di stampa italiana a carattere nazionale.\",\"url\":\"https:\\\/\\\/www.livemag.it\\\/index.php\\\/author\\\/italpress\\\/\"}]}<\/script>\n<!-- \/ Yoast SEO plugin. -->","yoast_head_json":{"title":"La Commissione Europea lancia la Roadmap 2030 per la Difesa - Live Magazine","robots":{"index":"index","follow":"follow","max-snippet":"max-snippet:-1","max-image-preview":"max-image-preview:large","max-video-preview":"max-video-preview:-1"},"canonical":"https:\/\/www.livemag.it\/index.php\/2025\/10\/16\/la-commissione-europea-lancia-la-roadmap-2030-per-la-difesa\/","og_locale":"it_IT","og_type":"article","og_title":"La Commissione Europea lancia la Roadmap 2030 per la Difesa - Live Magazine","og_description":"BRUXELLES (BELGIO) (ITALPRESS) \u2013 La Commissione europea ha dato il via libera alla Roadmap per la difesa e la salvaguardia della pace, che contiene una serie di obiettivi da realizzare entro il 2030. \u201cLe recenti minacce hanno dimostrato che l\u2019Europa \u00e8 a rischio. Dobbiamo proteggere ogni cittadino e ogni centimetro quadrato del nostro territorio\u201d, ha [&hellip;]","og_url":"https:\/\/www.livemag.it\/index.php\/2025\/10\/16\/la-commissione-europea-lancia-la-roadmap-2030-per-la-difesa\/","og_site_name":"Live Magazine","article_publisher":"https:\/\/www.facebook.com\/LiveMag\/","article_published_time":"2025-10-16T16:02:52+00:00","og_image":[{"width":1200,"height":675,"url":"https:\/\/www.livemag.it\/wp-content\/uploads\/2024\/02\/ograph.jpg","type":"image\/jpeg"}],"author":"italpress","twitter_card":"summary_large_image","twitter_creator":"@LiveNotizie","twitter_site":"@LiveNotizie","twitter_misc":{"Scritto da":"italpress","Tempo di lettura stimato":"2 minuti"},"schema":{"@context":"https:\/\/schema.org","@graph":[{"@type":"Article","@id":"https:\/\/www.livemag.it\/index.php\/2025\/10\/16\/la-commissione-europea-lancia-la-roadmap-2030-per-la-difesa\/#article","isPartOf":{"@id":"https:\/\/www.livemag.it\/index.php\/2025\/10\/16\/la-commissione-europea-lancia-la-roadmap-2030-per-la-difesa\/"},"author":{"name":"italpress","@id":"https:\/\/www.livemag.it\/#\/schema\/person\/b62c5f44451fdcdaeb0afe6c2424e73c"},"headline":"La Commissione Europea lancia la Roadmap 2030 per la Difesa","datePublished":"2025-10-16T16:02:52+00:00","mainEntityOfPage":{"@id":"https:\/\/www.livemag.it\/index.php\/2025\/10\/16\/la-commissione-europea-lancia-la-roadmap-2030-per-la-difesa\/"},"wordCount":433,"publisher":{"@id":"https:\/\/www.livemag.it\/#organization"},"image":{"@id":"https:\/\/www.livemag.it\/index.php\/2025\/10\/16\/la-commissione-europea-lancia-la-roadmap-2030-per-la-difesa\/#primaryimage"},"thumbnailUrl":"https:\/\/www.livemag.it\/wp-content\/uploads\/2025\/10\/20251016_4978.jpg","articleSection":["Mondo"],"inLanguage":"it-IT"},{"@type":"WebPage","@id":"https:\/\/www.livemag.it\/index.php\/2025\/10\/16\/la-commissione-europea-lancia-la-roadmap-2030-per-la-difesa\/","url":"https:\/\/www.livemag.it\/index.php\/2025\/10\/16\/la-commissione-europea-lancia-la-roadmap-2030-per-la-difesa\/","name":"La Commissione Europea lancia la Roadmap 2030 per la Difesa - Live Magazine","isPartOf":{"@id":"https:\/\/www.livemag.it\/#website"},"primaryImageOfPage":{"@id":"https:\/\/www.livemag.it\/index.php\/2025\/10\/16\/la-commissione-europea-lancia-la-roadmap-2030-per-la-difesa\/#primaryimage"},"image":{"@id":"https:\/\/www.livemag.it\/index.php\/2025\/10\/16\/la-commissione-europea-lancia-la-roadmap-2030-per-la-difesa\/#primaryimage"},"thumbnailUrl":"https:\/\/www.livemag.it\/wp-content\/uploads\/2025\/10\/20251016_4978.jpg","datePublished":"2025-10-16T16:02:52+00:00","breadcrumb":{"@id":"https:\/\/www.livemag.it\/index.php\/2025\/10\/16\/la-commissione-europea-lancia-la-roadmap-2030-per-la-difesa\/#breadcrumb"},"inLanguage":"it-IT","potentialAction":[{"@type":"ReadAction","target":["https:\/\/www.livemag.it\/index.php\/2025\/10\/16\/la-commissione-europea-lancia-la-roadmap-2030-per-la-difesa\/"]}]},{"@type":"ImageObject","inLanguage":"it-IT","@id":"https:\/\/www.livemag.it\/index.php\/2025\/10\/16\/la-commissione-europea-lancia-la-roadmap-2030-per-la-difesa\/#primaryimage","url":"https:\/\/www.livemag.it\/wp-content\/uploads\/2025\/10\/20251016_4978.jpg","contentUrl":"https:\/\/www.livemag.it\/wp-content\/uploads\/2025\/10\/20251016_4978.jpg","width":1200,"height":800},{"@type":"BreadcrumbList","@id":"https:\/\/www.livemag.it\/index.php\/2025\/10\/16\/la-commissione-europea-lancia-la-roadmap-2030-per-la-difesa\/#breadcrumb","itemListElement":[{"@type":"ListItem","position":1,"name":"Home","item":"https:\/\/www.livemag.it\/"},{"@type":"ListItem","position":2,"name":"La Commissione Europea lancia la Roadmap 2030 per la Difesa"}]},{"@type":"WebSite","@id":"https:\/\/www.livemag.it\/#website","url":"https:\/\/www.livemag.it\/","name":"Live Magazine","description":"Varie ed eventi","publisher":{"@id":"https:\/\/www.livemag.it\/#organization"},"potentialAction":[{"@type":"SearchAction","target":{"@type":"EntryPoint","urlTemplate":"https:\/\/www.livemag.it\/?s={search_term_string}"},"query-input":{"@type":"PropertyValueSpecification","valueRequired":true,"valueName":"search_term_string"}}],"inLanguage":"it-IT"},{"@type":"Organization","@id":"https:\/\/www.livemag.it\/#organization","name":"LiveMag","alternateName":"LiveMag News ed eventi","url":"https:\/\/www.livemag.it\/","logo":{"@type":"ImageObject","inLanguage":"it-IT","@id":"https:\/\/www.livemag.it\/#\/schema\/logo\/image\/","url":"https:\/\/www.livemag.it\/wp-content\/uploads\/2024\/02\/immagine-sito.jpg","contentUrl":"https:\/\/www.livemag.it\/wp-content\/uploads\/2024\/02\/immagine-sito.jpg","width":696,"height":696,"caption":"LiveMag"},"image":{"@id":"https:\/\/www.livemag.it\/#\/schema\/logo\/image\/"},"sameAs":["https:\/\/www.facebook.com\/LiveMag\/","https:\/\/x.com\/LiveNotizie","https:\/\/www.instagram.com\/livemag\/"]},{"@type":"Person","@id":"https:\/\/www.livemag.it\/#\/schema\/person\/b62c5f44451fdcdaeb0afe6c2424e73c","name":"italpress","image":{"@type":"ImageObject","inLanguage":"it-IT","@id":"https:\/\/secure.gravatar.com\/avatar\/b6a21695fc713ce7ee312cf57c97e2e641feb365be72d8745574d3c3e2b59066?s=96&r=g","url":"https:\/\/secure.gravatar.com\/avatar\/b6a21695fc713ce7ee312cf57c97e2e641feb365be72d8745574d3c3e2b59066?s=96&r=g","contentUrl":"https:\/\/secure.gravatar.com\/avatar\/b6a21695fc713ce7ee312cf57c97e2e641feb365be72d8745574d3c3e2b59066?s=96&r=g","caption":"italpress"},"description":"Italpress \u00e8 un'agenzia di stampa italiana a carattere nazionale.","url":"https:\/\/www.livemag.it\/index.php\/author\/italpress\/"}]}},"jetpack_featured_media_url":"https:\/\/www.livemag.it\/wp-content\/uploads\/2025\/10\/20251016_4978.jpg","_links":{"self":[{"href":"https:\/\/www.livemag.it\/index.php\/wp-json\/wp\/v2\/posts\/61178","targetHints":{"allow":["GET"]}}],"collection":[{"href":"https:\/\/www.livemag.it\/index.php\/wp-json\/wp\/v2\/posts"}],"about":[{"href":"https:\/\/www.livemag.it\/index.php\/wp-json\/wp\/v2\/types\/post"}],"author":[{"embeddable":true,"href":"https:\/\/www.livemag.it\/index.php\/wp-json\/wp\/v2\/users\/16"}],"replies":[{"embeddable":true,"href":"https:\/\/www.livemag.it\/index.php\/wp-json\/wp\/v2\/comments?post=61178"}],"version-history":[{"count":0,"href":"https:\/\/www.livemag.it\/index.php\/wp-json\/wp\/v2\/posts\/61178\/revisions"}],"wp:featuredmedia":[{"embeddable":true,"href":"https:\/\/www.livemag.it\/index.php\/wp-json\/wp\/v2\/media\/61179"}],"wp:attachment":[{"href":"https:\/\/www.livemag.it\/index.php\/wp-json\/wp\/v2\/media?parent=61178"}],"wp:term":[{"taxonomy":"category","embeddable":true,"href":"https:\/\/www.livemag.it\/index.php\/wp-json\/wp\/v2\/categories?post=61178"},{"taxonomy":"post_tag","embeddable":true,"href":"https:\/\/www.livemag.it\/index.php\/wp-json\/wp\/v2\/tags?post=61178"}],"curies":[{"name":"wp","href":"https:\/\/api.w.org\/{rel}","templated":true}]}}