{"id":61050,"date":"2025-10-15T12:41:23","date_gmt":"2025-10-15T10:41:23","guid":{"rendered":"https:\/\/www.livemag.it\/?p=61050"},"modified":"2025-10-15T16:52:26","modified_gmt":"2025-10-15T14:52:26","slug":"la-forza-dei-sogni-tra-luce-e-tenebre-del-darien","status":"publish","type":"post","link":"https:\/\/www.livemag.it\/index.php\/2025\/10\/15\/la-forza-dei-sogni-tra-luce-e-tenebre-del-darien\/","title":{"rendered":"La forza dei sogni tra luce e tenebre del Dari\u00e9n"},"content":{"rendered":"\n<h2 class=\"wp-block-heading\">Una videoinstallazione che esplora le sfide della migrazione e anche la resistenza dello spirito umano attraverso simboli e altari evocativi<\/h2>\n\n\n\n<h3 class=\"wp-block-heading\">Un racconto sia di oggetti sia anche di memoria<\/h3>\n\n\n\n<p>La XV Biennale di Firenze \u00e8 lieta di presentare la partecipazione dell\u2019artista panamense <strong>Aristides Ure\u00f1a Ramos<\/strong> con la videoinstallazione <strong>Dari\u00e9n non \u00e8 una rotta (Gli altari del dolore)<\/strong>, un\u2019opera che intreccia memoria, migrazione e anche spiritualit\u00e0 in un racconto di intensa forza visiva e umana. Questo progetto, concepito negli anni Novanta e gi\u00e0 esposto in prestigiose sedi internazionali come la <strong>Biennale di Venezia (1997)<\/strong> e l\u2019<strong>ex Istituto Nazionale di Cultura di Panama (2015)<\/strong>, si rinnova oggi nel contesto tematico di questa edizione: <em>La sublime essenza della luce e delle tenebre<\/em>.<\/p>\n\n\n\n<h3 class=\"wp-block-heading\">La forza degli altari del dolore<\/h3>\n\n\n<div class=\"wp-block-image\">\n<figure class=\"alignright size-large is-resized\"><img fetchpriority=\"high\" decoding=\"async\" width=\"683\" height=\"1024\" src=\"https:\/\/www.livemag.it\/wp-content\/uploads\/2025\/10\/Aristides-Urena-Ramos-ph-press-683x1024.jpg\" alt=\"Aristides Ure\u00f1a Ramos ph press\" class=\"wp-image-61052\" style=\"width:315px;height:auto\" srcset=\"https:\/\/www.livemag.it\/wp-content\/uploads\/2025\/10\/Aristides-Urena-Ramos-ph-press-683x1024.jpg 683w, https:\/\/www.livemag.it\/wp-content\/uploads\/2025\/10\/Aristides-Urena-Ramos-ph-press-200x300.jpg 200w, https:\/\/www.livemag.it\/wp-content\/uploads\/2025\/10\/Aristides-Urena-Ramos-ph-press-768x1151.jpg 768w, https:\/\/www.livemag.it\/wp-content\/uploads\/2025\/10\/Aristides-Urena-Ramos-ph-press-1025x1536.jpg 1025w, https:\/\/www.livemag.it\/wp-content\/uploads\/2025\/10\/Aristides-Urena-Ramos-ph-press-750x1124.jpg 750w, https:\/\/www.livemag.it\/wp-content\/uploads\/2025\/10\/Aristides-Urena-Ramos-ph-press-1140x1709.jpg 1140w, https:\/\/www.livemag.it\/wp-content\/uploads\/2025\/10\/Aristides-Urena-Ramos-ph-press.jpg 1155w\" sizes=\"(max-width: 683px) 100vw, 683px\" \/><\/figure>\n<\/div>\n\n\n<p>Attraverso oggetti recuperati lungo le rotte migratorie e trasformati in altari e testimonianze audiovisive, <strong>Ure\u00f1a Ramos<\/strong> esplora quindi il <strong>Dari\u00e9n Gap<\/strong>, luogo simbolo di dolore, coraggio e speranza. L\u2019opera si fa rito laico e anche riflessione universale sulla condizione umana: <em>la luce dei sogni e dei ricordi che resiste all\u2019ombra dello sradicamento<\/em>. Con <strong>Dari\u00e9n non \u00e8 una rotta (Gli altari del dolore)<\/strong> l\u2019artista riafferma la sua poetica come atto di compassione e consapevolezza, invitando lo spettatore a un dialogo profondo tra arte, memoria e trasformazione.<\/p>\n\n\n\n<h3 class=\"wp-block-heading\">L\u2019artista tra Italia e Panama<\/h3>\n\n\n\n<p><strong>Aristides Ure\u00f1a Ramos (Santiago de Veraguas, Panama, 1955)<\/strong> vive e lavora tra l\u2019Italia e Panama. La sua ricerca, da oltre quarant\u2019anni, unisce memoria storica, critica sociale e sperimentazione visiva, rendendolo quindi una delle voci pi\u00f9 significative del panorama artistico latinoamericano contemporaneo.<\/p>\n\n\n\n<h3 class=\"wp-block-heading\">Informazioni sulla biennale<\/h3>\n\n\n\n<p>XV Biennale di Firenze, Fortezza da Basso, Firenze, 18 \u2013 26 ottobre 2025<\/p>\n\n\n\n<hr class=\"wp-block-separator has-alpha-channel-opacity\"\/>\n\n\n\n<h6 class=\"wp-block-heading\"><\/h6>\n\n\n\n<h1 class=\"wp-block-heading\">Dari\u00e9n no es una ruta (Los altares del dolor)<\/h1>\n\n\n\n<h2 class=\"wp-block-heading\">Videoinstalaci\u00f3n de <strong>Aristides Ure\u00f1a Ramos, <\/strong>XV Bienal de Florencia, Fortezza da Basso, Florencia, Italia. Del 18 al 26 de octubre de 2025<\/h2>\n\n\n\n<p>La XV Bienal de Florencia se complace en presentar la participaci\u00f3n del artista paname\u00f1o <strong>Aristides Ure\u00f1a Ramos<\/strong> con la videoinstalaci\u00f3n <strong>Dari\u00e9n no es una ruta (Los altares del dolor)<\/strong>, <em>una obra que enlaza memoria, migraci\u00f3n y espiritualidad en una experiencia est\u00e9tica de profunda resonancia humana<\/em>. Iniciado en los a\u00f1os noventa y exhibido en reconocidos escenarios internacionales como la Bienal de Venecia (1997) y el antiguo Instituto Nacional de Cultura de Panam\u00e1 (2015) este proyecto se renueva bajo el tema de esta edici\u00f3n: <em>La sublime esencia de la luz y de las tinieblas<\/em>.<\/p>\n\n\n\n<p>A trav\u00e9s de objetos abandonados a lo largo de las rutas migratorias, transformados en altares y documentos audiovisuales, <strong>Ure\u00f1a Ramos<\/strong> evoca el Dari\u00e9n Gap, <em>territorio l\u00edmite entre el dolor y la esperanza<\/em>. Su obra se convierte en <em>una meditaci\u00f3n sobre la fragilidad y la dignidad humana, donde la luz de los sue\u00f1os resiste a la oscuridad del desarraigo<\/em>. Con <strong>Dari\u00e9n no es una ruta (Los altares del dolor)<\/strong>, el artista reafirma su lenguaje po\u00e9tico como <em>gesto de memoria y de compasi\u00f3n, invitando al espectador a contemplar la migraci\u00f3n como met\u00e1fora universal de la existencia<\/em>.<\/p>\n\n\n\n<p>XV Bienal de Florencia, Fortezza da Basso, Florencia, del 18 al 26 de octubre de 2025<br><br><strong>Aristides Ure\u00f1a Ramos<\/strong> (Santiago de Veraguas, Panam\u00e1, 1955) vive y trabaja entre Italia y Panam\u00e1. Su obra, desarrollada a lo largo de m\u00e1s de cuatro d\u00e9cadas, combina memoria hist\u00f3rica, cr\u00edtica social y experimentaci\u00f3n visual, <em>consolid\u00e1ndolo como una de las voces m\u00e1s relevantes del arte latinoamericano contempor\u00e1neo<\/em>.<\/p>\n\n\n\n<p><a href=\"https:\/\/www.instagram.com\/altomura\/00?hl=it\" target=\"_blank\" rel=\"noreferrer noopener\">A cura di Mario Altomura<\/a><br><a href=\"https:\/\/www.bollicinevip.com\/tutte-le-star-italiane-indossano-gli-occhiali-da-sole\/\">Leggi anche: tutte le star italiane indossano gli occhiali da sole<\/a><\/p>\n","protected":false},"excerpt":{"rendered":"<p>Una videoinstallazione che esplora le sfide della migrazione e anche la resistenza dello spirito umano attraverso simboli e altari evocativi Un racconto sia di oggetti sia anche di memoria La XV Biennale di Firenze \u00e8 lieta di presentare la partecipazione dell\u2019artista panamense Aristides Ure\u00f1a Ramos con la videoinstallazione Dari\u00e9n non \u00e8 una rotta (Gli altari [&hellip;]<\/p>\n","protected":false},"author":20,"featured_media":61053,"comment_status":"open","ping_status":"open","sticky":false,"template":"","format":"standard","meta":{"jnews-multi-image_gallery":[],"jnews_single_post":{"format":"standard"},"jnews_primary_category":[],"jnews_social_meta":[],"jnews_override_counter":[],"jnews_post_split":[],"footnotes":""},"categories":[142,152,90,2],"tags":[8035,8039,8036,8037,8038,1847,3600,8041,8040,163,8044,8045,8042,8043,1025,8046],"class_list":["post-61050","post","type-post","status-publish","format-standard","has-post-thumbnail","hentry","category-cultura-eventi","category-events","category-liveevent","category-livepeople","tag-aristides-urena-ramos","tag-biennale-di-firenze","tag-biennale-di-venezia","tag-darien","tag-darien-gap","tag-firenze","tag-fortezza-da-basso","tag-gli-altari-del-dolore","tag-istituto-nazionale-di-cultura","tag-italia","tag-latinoamericano","tag-panama","tag-santiago-de-veraguas","tag-urena-ramos","tag-venezia","tag-xv-biennale"],"yoast_head":"<!-- This site is optimized with the Yoast SEO plugin v27.5 - https:\/\/yoast.com\/product\/yoast-seo-wordpress\/ -->\n<title>La forza dei sogni tra luce e tenebre del Dari\u00e9n<\/title>\n<meta name=\"description\" content=\"la partecipazione dell\u2019artista panamense Aristides Ure\u00f1a Ramos con la videoinstallazione Dari\u00e9n non \u00e8 una rotta\" \/>\n<meta name=\"robots\" content=\"index, follow, max-snippet:-1, max-image-preview:large, max-video-preview:-1\" \/>\n<link rel=\"canonical\" href=\"https:\/\/www.livemag.it\/index.php\/2025\/10\/15\/la-forza-dei-sogni-tra-luce-e-tenebre-del-darien\/\" \/>\n<meta property=\"og:locale\" content=\"it_IT\" \/>\n<meta property=\"og:type\" content=\"article\" \/>\n<meta property=\"og:title\" content=\"La forza dei sogni tra luce e tenebre del Dari\u00e9n\" \/>\n<meta property=\"og:description\" content=\"la partecipazione dell\u2019artista panamense Aristides Ure\u00f1a Ramos con la videoinstallazione Dari\u00e9n non \u00e8 una rotta\" \/>\n<meta property=\"og:url\" content=\"https:\/\/www.livemag.it\/index.php\/2025\/10\/15\/la-forza-dei-sogni-tra-luce-e-tenebre-del-darien\/\" \/>\n<meta property=\"og:site_name\" content=\"Live Magazine\" \/>\n<meta property=\"article:publisher\" content=\"https:\/\/www.facebook.com\/LiveMag\/\" \/>\n<meta property=\"article:published_time\" content=\"2025-10-15T10:41:23+00:00\" \/>\n<meta property=\"article:modified_time\" content=\"2025-10-15T14:52:26+00:00\" \/>\n<meta property=\"og:image\" content=\"https:\/\/www.livemag.it\/wp-content\/uploads\/2025\/10\/Aristides-Urena-Ramos-ph-press1.jpg\" \/>\n\t<meta property=\"og:image:width\" content=\"1731\" \/>\n\t<meta property=\"og:image:height\" content=\"1155\" \/>\n\t<meta property=\"og:image:type\" content=\"image\/jpeg\" \/>\n<meta name=\"author\" content=\"Mario Altomura\" \/>\n<meta name=\"twitter:card\" content=\"summary_large_image\" \/>\n<meta name=\"twitter:creator\" content=\"@LiveNotizie\" \/>\n<meta name=\"twitter:site\" content=\"@LiveNotizie\" \/>\n<meta name=\"twitter:label1\" content=\"Scritto da\" \/>\n\t<meta name=\"twitter:data1\" content=\"Mario Altomura\" \/>\n\t<meta name=\"twitter:label2\" content=\"Tempo di lettura stimato\" \/>\n\t<meta name=\"twitter:data2\" content=\"4 minuti\" \/>\n<script type=\"application\/ld+json\" class=\"yoast-schema-graph\">{\"@context\":\"https:\\\/\\\/schema.org\",\"@graph\":[{\"@type\":\"Article\",\"@id\":\"https:\\\/\\\/www.livemag.it\\\/index.php\\\/2025\\\/10\\\/15\\\/la-forza-dei-sogni-tra-luce-e-tenebre-del-darien\\\/#article\",\"isPartOf\":{\"@id\":\"https:\\\/\\\/www.livemag.it\\\/index.php\\\/2025\\\/10\\\/15\\\/la-forza-dei-sogni-tra-luce-e-tenebre-del-darien\\\/\"},\"author\":{\"name\":\"Mario Altomura\",\"@id\":\"https:\\\/\\\/www.livemag.it\\\/#\\\/schema\\\/person\\\/cc097583ef7f4da9e9fe62e8b552ab72\"},\"headline\":\"La forza dei sogni tra luce e tenebre del Dari\u00e9n\",\"datePublished\":\"2025-10-15T10:41:23+00:00\",\"dateModified\":\"2025-10-15T14:52:26+00:00\",\"mainEntityOfPage\":{\"@id\":\"https:\\\/\\\/www.livemag.it\\\/index.php\\\/2025\\\/10\\\/15\\\/la-forza-dei-sogni-tra-luce-e-tenebre-del-darien\\\/\"},\"wordCount\":606,\"commentCount\":0,\"publisher\":{\"@id\":\"https:\\\/\\\/www.livemag.it\\\/#organization\"},\"image\":{\"@id\":\"https:\\\/\\\/www.livemag.it\\\/index.php\\\/2025\\\/10\\\/15\\\/la-forza-dei-sogni-tra-luce-e-tenebre-del-darien\\\/#primaryimage\"},\"thumbnailUrl\":\"https:\\\/\\\/www.livemag.it\\\/wp-content\\\/uploads\\\/2025\\\/10\\\/Aristides-Urena-Ramos-ph-press1.jpg\",\"keywords\":[\"Aristides Ure\u00f1a Ramos\",\"Biennale di Firenze\",\"Biennale di Venezia\",\"Dari\u00e9n\",\"Dari\u00e9n Gap\",\"firenze\",\"Fortezza da Basso\",\"Gli altari del dolore\",\"Istituto Nazionale di Cultura\",\"italia\",\"Latinoamericano\",\"Panama\",\"Santiago de Veraguas\",\"Ure\u00f1a Ramos\",\"venezia\",\"XV Biennale\"],\"articleSection\":[\"Cultura Eventi\",\"events\",\"LiveEvent\",\"LivePeople\"],\"inLanguage\":\"it-IT\",\"potentialAction\":[{\"@type\":\"CommentAction\",\"name\":\"Comment\",\"target\":[\"https:\\\/\\\/www.livemag.it\\\/index.php\\\/2025\\\/10\\\/15\\\/la-forza-dei-sogni-tra-luce-e-tenebre-del-darien\\\/#respond\"]}]},{\"@type\":\"WebPage\",\"@id\":\"https:\\\/\\\/www.livemag.it\\\/index.php\\\/2025\\\/10\\\/15\\\/la-forza-dei-sogni-tra-luce-e-tenebre-del-darien\\\/\",\"url\":\"https:\\\/\\\/www.livemag.it\\\/index.php\\\/2025\\\/10\\\/15\\\/la-forza-dei-sogni-tra-luce-e-tenebre-del-darien\\\/\",\"name\":\"La forza dei sogni tra luce e tenebre del Dari\u00e9n\",\"isPartOf\":{\"@id\":\"https:\\\/\\\/www.livemag.it\\\/#website\"},\"primaryImageOfPage\":{\"@id\":\"https:\\\/\\\/www.livemag.it\\\/index.php\\\/2025\\\/10\\\/15\\\/la-forza-dei-sogni-tra-luce-e-tenebre-del-darien\\\/#primaryimage\"},\"image\":{\"@id\":\"https:\\\/\\\/www.livemag.it\\\/index.php\\\/2025\\\/10\\\/15\\\/la-forza-dei-sogni-tra-luce-e-tenebre-del-darien\\\/#primaryimage\"},\"thumbnailUrl\":\"https:\\\/\\\/www.livemag.it\\\/wp-content\\\/uploads\\\/2025\\\/10\\\/Aristides-Urena-Ramos-ph-press1.jpg\",\"datePublished\":\"2025-10-15T10:41:23+00:00\",\"dateModified\":\"2025-10-15T14:52:26+00:00\",\"description\":\"la partecipazione dell\u2019artista panamense Aristides Ure\u00f1a Ramos con la videoinstallazione Dari\u00e9n non \u00e8 una rotta\",\"breadcrumb\":{\"@id\":\"https:\\\/\\\/www.livemag.it\\\/index.php\\\/2025\\\/10\\\/15\\\/la-forza-dei-sogni-tra-luce-e-tenebre-del-darien\\\/#breadcrumb\"},\"inLanguage\":\"it-IT\",\"potentialAction\":[{\"@type\":\"ReadAction\",\"target\":[\"https:\\\/\\\/www.livemag.it\\\/index.php\\\/2025\\\/10\\\/15\\\/la-forza-dei-sogni-tra-luce-e-tenebre-del-darien\\\/\"]}]},{\"@type\":\"ImageObject\",\"inLanguage\":\"it-IT\",\"@id\":\"https:\\\/\\\/www.livemag.it\\\/index.php\\\/2025\\\/10\\\/15\\\/la-forza-dei-sogni-tra-luce-e-tenebre-del-darien\\\/#primaryimage\",\"url\":\"https:\\\/\\\/www.livemag.it\\\/wp-content\\\/uploads\\\/2025\\\/10\\\/Aristides-Urena-Ramos-ph-press1.jpg\",\"contentUrl\":\"https:\\\/\\\/www.livemag.it\\\/wp-content\\\/uploads\\\/2025\\\/10\\\/Aristides-Urena-Ramos-ph-press1.jpg\",\"width\":1731,\"height\":1155,\"caption\":\"Aristides Ure\u00f1a Ramos ph press1\"},{\"@type\":\"BreadcrumbList\",\"@id\":\"https:\\\/\\\/www.livemag.it\\\/index.php\\\/2025\\\/10\\\/15\\\/la-forza-dei-sogni-tra-luce-e-tenebre-del-darien\\\/#breadcrumb\",\"itemListElement\":[{\"@type\":\"ListItem\",\"position\":1,\"name\":\"Home\",\"item\":\"https:\\\/\\\/www.livemag.it\\\/\"},{\"@type\":\"ListItem\",\"position\":2,\"name\":\"La forza dei sogni tra luce e tenebre del Dari\u00e9n\"}]},{\"@type\":\"WebSite\",\"@id\":\"https:\\\/\\\/www.livemag.it\\\/#website\",\"url\":\"https:\\\/\\\/www.livemag.it\\\/\",\"name\":\"Live Magazine\",\"description\":\"Varie ed eventi\",\"publisher\":{\"@id\":\"https:\\\/\\\/www.livemag.it\\\/#organization\"},\"potentialAction\":[{\"@type\":\"SearchAction\",\"target\":{\"@type\":\"EntryPoint\",\"urlTemplate\":\"https:\\\/\\\/www.livemag.it\\\/?s={search_term_string}\"},\"query-input\":{\"@type\":\"PropertyValueSpecification\",\"valueRequired\":true,\"valueName\":\"search_term_string\"}}],\"inLanguage\":\"it-IT\"},{\"@type\":\"Organization\",\"@id\":\"https:\\\/\\\/www.livemag.it\\\/#organization\",\"name\":\"LiveMag\",\"alternateName\":\"LiveMag News ed eventi\",\"url\":\"https:\\\/\\\/www.livemag.it\\\/\",\"logo\":{\"@type\":\"ImageObject\",\"inLanguage\":\"it-IT\",\"@id\":\"https:\\\/\\\/www.livemag.it\\\/#\\\/schema\\\/logo\\\/image\\\/\",\"url\":\"https:\\\/\\\/www.livemag.it\\\/wp-content\\\/uploads\\\/2024\\\/02\\\/immagine-sito.jpg\",\"contentUrl\":\"https:\\\/\\\/www.livemag.it\\\/wp-content\\\/uploads\\\/2024\\\/02\\\/immagine-sito.jpg\",\"width\":696,\"height\":696,\"caption\":\"LiveMag\"},\"image\":{\"@id\":\"https:\\\/\\\/www.livemag.it\\\/#\\\/schema\\\/logo\\\/image\\\/\"},\"sameAs\":[\"https:\\\/\\\/www.facebook.com\\\/LiveMag\\\/\",\"https:\\\/\\\/x.com\\\/LiveNotizie\",\"https:\\\/\\\/www.instagram.com\\\/livemag\\\/\"]},{\"@type\":\"Person\",\"@id\":\"https:\\\/\\\/www.livemag.it\\\/#\\\/schema\\\/person\\\/cc097583ef7f4da9e9fe62e8b552ab72\",\"name\":\"Mario Altomura\",\"image\":{\"@type\":\"ImageObject\",\"inLanguage\":\"it-IT\",\"@id\":\"https:\\\/\\\/secure.gravatar.com\\\/avatar\\\/3c7d3ce72a2bed6bab5e3681d59712a49247bdd227b4ef67de56814084f945dd?s=96&r=g\",\"url\":\"https:\\\/\\\/secure.gravatar.com\\\/avatar\\\/3c7d3ce72a2bed6bab5e3681d59712a49247bdd227b4ef67de56814084f945dd?s=96&r=g\",\"contentUrl\":\"https:\\\/\\\/secure.gravatar.com\\\/avatar\\\/3c7d3ce72a2bed6bab5e3681d59712a49247bdd227b4ef67de56814084f945dd?s=96&r=g\",\"caption\":\"Mario Altomura\"},\"description\":\"fotografo celebrity\",\"url\":\"https:\\\/\\\/www.livemag.it\\\/index.php\\\/author\\\/fabio-scarpati\\\/\"}]}<\/script>\n<!-- \/ Yoast SEO plugin. -->","yoast_head_json":{"title":"La forza dei sogni tra luce e tenebre del Dari\u00e9n","description":"la partecipazione dell\u2019artista panamense Aristides Ure\u00f1a Ramos con la videoinstallazione Dari\u00e9n non \u00e8 una rotta","robots":{"index":"index","follow":"follow","max-snippet":"max-snippet:-1","max-image-preview":"max-image-preview:large","max-video-preview":"max-video-preview:-1"},"canonical":"https:\/\/www.livemag.it\/index.php\/2025\/10\/15\/la-forza-dei-sogni-tra-luce-e-tenebre-del-darien\/","og_locale":"it_IT","og_type":"article","og_title":"La forza dei sogni tra luce e tenebre del Dari\u00e9n","og_description":"la partecipazione dell\u2019artista panamense Aristides Ure\u00f1a Ramos con la videoinstallazione Dari\u00e9n non \u00e8 una rotta","og_url":"https:\/\/www.livemag.it\/index.php\/2025\/10\/15\/la-forza-dei-sogni-tra-luce-e-tenebre-del-darien\/","og_site_name":"Live Magazine","article_publisher":"https:\/\/www.facebook.com\/LiveMag\/","article_published_time":"2025-10-15T10:41:23+00:00","article_modified_time":"2025-10-15T14:52:26+00:00","og_image":[{"width":1731,"height":1155,"url":"https:\/\/www.livemag.it\/wp-content\/uploads\/2025\/10\/Aristides-Urena-Ramos-ph-press1.jpg","type":"image\/jpeg"}],"author":"Mario Altomura","twitter_card":"summary_large_image","twitter_creator":"@LiveNotizie","twitter_site":"@LiveNotizie","twitter_misc":{"Scritto da":"Mario Altomura","Tempo di lettura stimato":"4 minuti"},"schema":{"@context":"https:\/\/schema.org","@graph":[{"@type":"Article","@id":"https:\/\/www.livemag.it\/index.php\/2025\/10\/15\/la-forza-dei-sogni-tra-luce-e-tenebre-del-darien\/#article","isPartOf":{"@id":"https:\/\/www.livemag.it\/index.php\/2025\/10\/15\/la-forza-dei-sogni-tra-luce-e-tenebre-del-darien\/"},"author":{"name":"Mario Altomura","@id":"https:\/\/www.livemag.it\/#\/schema\/person\/cc097583ef7f4da9e9fe62e8b552ab72"},"headline":"La forza dei sogni tra luce e tenebre del Dari\u00e9n","datePublished":"2025-10-15T10:41:23+00:00","dateModified":"2025-10-15T14:52:26+00:00","mainEntityOfPage":{"@id":"https:\/\/www.livemag.it\/index.php\/2025\/10\/15\/la-forza-dei-sogni-tra-luce-e-tenebre-del-darien\/"},"wordCount":606,"commentCount":0,"publisher":{"@id":"https:\/\/www.livemag.it\/#organization"},"image":{"@id":"https:\/\/www.livemag.it\/index.php\/2025\/10\/15\/la-forza-dei-sogni-tra-luce-e-tenebre-del-darien\/#primaryimage"},"thumbnailUrl":"https:\/\/www.livemag.it\/wp-content\/uploads\/2025\/10\/Aristides-Urena-Ramos-ph-press1.jpg","keywords":["Aristides Ure\u00f1a Ramos","Biennale di Firenze","Biennale di Venezia","Dari\u00e9n","Dari\u00e9n Gap","firenze","Fortezza da Basso","Gli altari del dolore","Istituto Nazionale di Cultura","italia","Latinoamericano","Panama","Santiago de Veraguas","Ure\u00f1a Ramos","venezia","XV Biennale"],"articleSection":["Cultura Eventi","events","LiveEvent","LivePeople"],"inLanguage":"it-IT","potentialAction":[{"@type":"CommentAction","name":"Comment","target":["https:\/\/www.livemag.it\/index.php\/2025\/10\/15\/la-forza-dei-sogni-tra-luce-e-tenebre-del-darien\/#respond"]}]},{"@type":"WebPage","@id":"https:\/\/www.livemag.it\/index.php\/2025\/10\/15\/la-forza-dei-sogni-tra-luce-e-tenebre-del-darien\/","url":"https:\/\/www.livemag.it\/index.php\/2025\/10\/15\/la-forza-dei-sogni-tra-luce-e-tenebre-del-darien\/","name":"La forza dei sogni tra luce e tenebre del Dari\u00e9n","isPartOf":{"@id":"https:\/\/www.livemag.it\/#website"},"primaryImageOfPage":{"@id":"https:\/\/www.livemag.it\/index.php\/2025\/10\/15\/la-forza-dei-sogni-tra-luce-e-tenebre-del-darien\/#primaryimage"},"image":{"@id":"https:\/\/www.livemag.it\/index.php\/2025\/10\/15\/la-forza-dei-sogni-tra-luce-e-tenebre-del-darien\/#primaryimage"},"thumbnailUrl":"https:\/\/www.livemag.it\/wp-content\/uploads\/2025\/10\/Aristides-Urena-Ramos-ph-press1.jpg","datePublished":"2025-10-15T10:41:23+00:00","dateModified":"2025-10-15T14:52:26+00:00","description":"la partecipazione dell\u2019artista panamense Aristides Ure\u00f1a Ramos con la videoinstallazione Dari\u00e9n non \u00e8 una rotta","breadcrumb":{"@id":"https:\/\/www.livemag.it\/index.php\/2025\/10\/15\/la-forza-dei-sogni-tra-luce-e-tenebre-del-darien\/#breadcrumb"},"inLanguage":"it-IT","potentialAction":[{"@type":"ReadAction","target":["https:\/\/www.livemag.it\/index.php\/2025\/10\/15\/la-forza-dei-sogni-tra-luce-e-tenebre-del-darien\/"]}]},{"@type":"ImageObject","inLanguage":"it-IT","@id":"https:\/\/www.livemag.it\/index.php\/2025\/10\/15\/la-forza-dei-sogni-tra-luce-e-tenebre-del-darien\/#primaryimage","url":"https:\/\/www.livemag.it\/wp-content\/uploads\/2025\/10\/Aristides-Urena-Ramos-ph-press1.jpg","contentUrl":"https:\/\/www.livemag.it\/wp-content\/uploads\/2025\/10\/Aristides-Urena-Ramos-ph-press1.jpg","width":1731,"height":1155,"caption":"Aristides Ure\u00f1a Ramos ph press1"},{"@type":"BreadcrumbList","@id":"https:\/\/www.livemag.it\/index.php\/2025\/10\/15\/la-forza-dei-sogni-tra-luce-e-tenebre-del-darien\/#breadcrumb","itemListElement":[{"@type":"ListItem","position":1,"name":"Home","item":"https:\/\/www.livemag.it\/"},{"@type":"ListItem","position":2,"name":"La forza dei sogni tra luce e tenebre del Dari\u00e9n"}]},{"@type":"WebSite","@id":"https:\/\/www.livemag.it\/#website","url":"https:\/\/www.livemag.it\/","name":"Live Magazine","description":"Varie ed eventi","publisher":{"@id":"https:\/\/www.livemag.it\/#organization"},"potentialAction":[{"@type":"SearchAction","target":{"@type":"EntryPoint","urlTemplate":"https:\/\/www.livemag.it\/?s={search_term_string}"},"query-input":{"@type":"PropertyValueSpecification","valueRequired":true,"valueName":"search_term_string"}}],"inLanguage":"it-IT"},{"@type":"Organization","@id":"https:\/\/www.livemag.it\/#organization","name":"LiveMag","alternateName":"LiveMag News ed eventi","url":"https:\/\/www.livemag.it\/","logo":{"@type":"ImageObject","inLanguage":"it-IT","@id":"https:\/\/www.livemag.it\/#\/schema\/logo\/image\/","url":"https:\/\/www.livemag.it\/wp-content\/uploads\/2024\/02\/immagine-sito.jpg","contentUrl":"https:\/\/www.livemag.it\/wp-content\/uploads\/2024\/02\/immagine-sito.jpg","width":696,"height":696,"caption":"LiveMag"},"image":{"@id":"https:\/\/www.livemag.it\/#\/schema\/logo\/image\/"},"sameAs":["https:\/\/www.facebook.com\/LiveMag\/","https:\/\/x.com\/LiveNotizie","https:\/\/www.instagram.com\/livemag\/"]},{"@type":"Person","@id":"https:\/\/www.livemag.it\/#\/schema\/person\/cc097583ef7f4da9e9fe62e8b552ab72","name":"Mario Altomura","image":{"@type":"ImageObject","inLanguage":"it-IT","@id":"https:\/\/secure.gravatar.com\/avatar\/3c7d3ce72a2bed6bab5e3681d59712a49247bdd227b4ef67de56814084f945dd?s=96&r=g","url":"https:\/\/secure.gravatar.com\/avatar\/3c7d3ce72a2bed6bab5e3681d59712a49247bdd227b4ef67de56814084f945dd?s=96&r=g","contentUrl":"https:\/\/secure.gravatar.com\/avatar\/3c7d3ce72a2bed6bab5e3681d59712a49247bdd227b4ef67de56814084f945dd?s=96&r=g","caption":"Mario Altomura"},"description":"fotografo celebrity","url":"https:\/\/www.livemag.it\/index.php\/author\/fabio-scarpati\/"}]}},"jetpack_featured_media_url":"https:\/\/www.livemag.it\/wp-content\/uploads\/2025\/10\/Aristides-Urena-Ramos-ph-press1.jpg","_links":{"self":[{"href":"https:\/\/www.livemag.it\/index.php\/wp-json\/wp\/v2\/posts\/61050","targetHints":{"allow":["GET"]}}],"collection":[{"href":"https:\/\/www.livemag.it\/index.php\/wp-json\/wp\/v2\/posts"}],"about":[{"href":"https:\/\/www.livemag.it\/index.php\/wp-json\/wp\/v2\/types\/post"}],"author":[{"embeddable":true,"href":"https:\/\/www.livemag.it\/index.php\/wp-json\/wp\/v2\/users\/20"}],"replies":[{"embeddable":true,"href":"https:\/\/www.livemag.it\/index.php\/wp-json\/wp\/v2\/comments?post=61050"}],"version-history":[{"count":2,"href":"https:\/\/www.livemag.it\/index.php\/wp-json\/wp\/v2\/posts\/61050\/revisions"}],"predecessor-version":[{"id":61080,"href":"https:\/\/www.livemag.it\/index.php\/wp-json\/wp\/v2\/posts\/61050\/revisions\/61080"}],"wp:featuredmedia":[{"embeddable":true,"href":"https:\/\/www.livemag.it\/index.php\/wp-json\/wp\/v2\/media\/61053"}],"wp:attachment":[{"href":"https:\/\/www.livemag.it\/index.php\/wp-json\/wp\/v2\/media?parent=61050"}],"wp:term":[{"taxonomy":"category","embeddable":true,"href":"https:\/\/www.livemag.it\/index.php\/wp-json\/wp\/v2\/categories?post=61050"},{"taxonomy":"post_tag","embeddable":true,"href":"https:\/\/www.livemag.it\/index.php\/wp-json\/wp\/v2\/tags?post=61050"}],"curies":[{"name":"wp","href":"https:\/\/api.w.org\/{rel}","templated":true}]}}