{"id":60889,"date":"2025-10-13T12:02:47","date_gmt":"2025-10-13T10:02:47","guid":{"rendered":"https:\/\/www.livemag.it\/index.php\/2025\/10\/13\/sequestrati-a-roma-200-kg-di-cocaina-arrestato-23enne-albanese\/"},"modified":"2025-10-13T12:02:47","modified_gmt":"2025-10-13T10:02:47","slug":"sequestrati-a-roma-200-kg-di-cocaina-arrestato-23enne-albanese","status":"publish","type":"post","link":"https:\/\/www.livemag.it\/index.php\/2025\/10\/13\/sequestrati-a-roma-200-kg-di-cocaina-arrestato-23enne-albanese\/","title":{"rendered":"Sequestrati a Roma 200 kg di cocaina, arrestato 23enne albanese"},"content":{"rendered":"<div>\n<p>ROMA (ITALPRESS) \u2013 <strong>I Carabinieri del Nucleo Investigativo di Roma hanno arrestato un albanese di 23 anni trovato in possesso di 200 kg di cocaina suddivisi in 191 panetti<\/strong>, <strong>una pistola con relativo munizionamento e denaro contante per circa 30.000 euro.<\/strong><\/p>\n<p>L\u2019uomo si aggirava per strada, zaino in spalla, guardandosi intorno con fare circospetto. Atteggiamento che non \u00e8 sfuggito ai Carabinieri che lo hanno sottoposto subito ad un controllo. E cos\u00ec, a seguito di perquisizione personale, \u00e8 stato trovato in possesso di un\u2019importante somma di denaro contante, in nessun modo giustificabile, in quanto, da accertamenti, risultava essere disoccupato. Nella sua abitazione \u00e8 stata scoperta una vera e propria centrale logistica per lo stoccaggio della sostanza stupefacente.<\/p>\n<p>L\u2019uomo, infatti, custodiva 8 borsoni carichi di cocaina, suddivisa in 191 panetti riportanti diversi loghi e corrispondenti ad 8.000 dosi droganti: un \u201cmarchio\u201d per ogni tipologia, per soddisfare tutti i gusti e le esigenze dei consumatori, destinate ad inondare le strade di Roma<strong> e a portare nelle casse della criminalit\u00e0 organizzata romana una somma che si aggira intorno ai 16 milioni di euro, utili per finanziare le ulteriori attivit\u00e0 illecite dei gruppi criminali.<br \/>\n<\/strong><br \/>\nMa non \u00e8 tutto, perch\u00e8 dentro l\u2019abitazione era presente anche una pistola con relativo munizionamento, risultata oggetto di furto, pronta ad essere utilizzata per la difesa del preziosissimo carico, <strong>e soldi contanti, per un totale complessivo che si aggira intorno ai 30.000 euro.<\/strong><\/p>\n<p>Ulteriore conferma dell\u2019attivit\u00e0 svolta dall\u2019uomo e della meticolosa organizzazione utilizzata, veniva fornita da quanto ritrovato all\u2019interno dell\u2019auto: per evitare di essere scoperto e passare indenne ai controlli, l\u2019uomo utilizzava un articolato sistema di apertura, con una ingegnosa combinazione di tasti e l\u2019utilizzo di chiavi, che permetteva di avere accesso ad un doppiofondo in cui occultare lo stupefacente, da aprire all\u2019occasione per effettuare le cessioni in sicurezza.<\/p>\n<p>\u2013 Foto: Ufficio stampa Carabinieri \u2013<\/p>\n<p>(ITALPRESS).<\/p>\n<\/div>\n","protected":false},"excerpt":{"rendered":"<p>ROMA (ITALPRESS) \u2013 I Carabinieri del Nucleo Investigativo di Roma hanno arrestato un albanese di 23 anni trovato in possesso di 200 kg di cocaina suddivisi in 191 panetti, una pistola con relativo munizionamento e denaro contante per circa 30.000 euro. L\u2019uomo si aggirava per strada, zaino in spalla, guardandosi intorno con fare circospetto. Atteggiamento [&hellip;]<\/p>\n","protected":false},"author":16,"featured_media":60890,"comment_status":"closed","ping_status":"closed","sticky":false,"template":"","format":"standard","meta":{"jnews-multi-image_gallery":[],"jnews_single_post":[],"jnews_primary_category":[],"jnews_social_meta":[],"jnews_override_counter":[],"jnews_post_split":[],"footnotes":""},"categories":[1129],"tags":[],"class_list":["post-60889","post","type-post","status-publish","format-standard","has-post-thumbnail","hentry","category-mondo"],"yoast_head":"<!-- This site is optimized with the Yoast SEO plugin v27.5 - https:\/\/yoast.com\/product\/yoast-seo-wordpress\/ -->\n<title>Sequestrati a Roma 200 kg di cocaina, arrestato 23enne albanese - Live Magazine<\/title>\n<meta name=\"robots\" content=\"index, follow, max-snippet:-1, max-image-preview:large, max-video-preview:-1\" \/>\n<link rel=\"canonical\" href=\"https:\/\/www.livemag.it\/index.php\/2025\/10\/13\/sequestrati-a-roma-200-kg-di-cocaina-arrestato-23enne-albanese\/\" \/>\n<meta property=\"og:locale\" content=\"it_IT\" \/>\n<meta property=\"og:type\" content=\"article\" \/>\n<meta property=\"og:title\" content=\"Sequestrati a Roma 200 kg di cocaina, arrestato 23enne albanese - Live Magazine\" \/>\n<meta property=\"og:description\" content=\"ROMA (ITALPRESS) \u2013 I Carabinieri del Nucleo Investigativo di Roma hanno arrestato un albanese di 23 anni trovato in possesso di 200 kg di cocaina suddivisi in 191 panetti, una pistola con relativo munizionamento e denaro contante per circa 30.000 euro. L\u2019uomo si aggirava per strada, zaino in spalla, guardandosi intorno con fare circospetto. Atteggiamento [&hellip;]\" \/>\n<meta property=\"og:url\" content=\"https:\/\/www.livemag.it\/index.php\/2025\/10\/13\/sequestrati-a-roma-200-kg-di-cocaina-arrestato-23enne-albanese\/\" \/>\n<meta property=\"og:site_name\" content=\"Live Magazine\" \/>\n<meta property=\"article:publisher\" content=\"https:\/\/www.facebook.com\/LiveMag\/\" \/>\n<meta property=\"article:published_time\" content=\"2025-10-13T10:02:47+00:00\" \/>\n<meta property=\"og:image\" content=\"https:\/\/www.livemag.it\/wp-content\/uploads\/2024\/02\/ograph.jpg\" \/>\n\t<meta property=\"og:image:width\" content=\"1200\" \/>\n\t<meta property=\"og:image:height\" content=\"675\" \/>\n\t<meta property=\"og:image:type\" content=\"image\/jpeg\" \/>\n<meta name=\"author\" content=\"italpress\" \/>\n<meta name=\"twitter:card\" content=\"summary_large_image\" \/>\n<meta name=\"twitter:creator\" content=\"@LiveNotizie\" \/>\n<meta name=\"twitter:site\" content=\"@LiveNotizie\" \/>\n<meta name=\"twitter:label1\" content=\"Scritto da\" \/>\n\t<meta name=\"twitter:data1\" content=\"italpress\" \/>\n\t<meta name=\"twitter:label2\" content=\"Tempo di lettura stimato\" \/>\n\t<meta name=\"twitter:data2\" content=\"2 minuti\" \/>\n<script type=\"application\/ld+json\" class=\"yoast-schema-graph\">{\"@context\":\"https:\\\/\\\/schema.org\",\"@graph\":[{\"@type\":\"Article\",\"@id\":\"https:\\\/\\\/www.livemag.it\\\/index.php\\\/2025\\\/10\\\/13\\\/sequestrati-a-roma-200-kg-di-cocaina-arrestato-23enne-albanese\\\/#article\",\"isPartOf\":{\"@id\":\"https:\\\/\\\/www.livemag.it\\\/index.php\\\/2025\\\/10\\\/13\\\/sequestrati-a-roma-200-kg-di-cocaina-arrestato-23enne-albanese\\\/\"},\"author\":{\"name\":\"italpress\",\"@id\":\"https:\\\/\\\/www.livemag.it\\\/#\\\/schema\\\/person\\\/b62c5f44451fdcdaeb0afe6c2424e73c\"},\"headline\":\"Sequestrati a Roma 200 kg di cocaina, arrestato 23enne albanese\",\"datePublished\":\"2025-10-13T10:02:47+00:00\",\"mainEntityOfPage\":{\"@id\":\"https:\\\/\\\/www.livemag.it\\\/index.php\\\/2025\\\/10\\\/13\\\/sequestrati-a-roma-200-kg-di-cocaina-arrestato-23enne-albanese\\\/\"},\"wordCount\":309,\"publisher\":{\"@id\":\"https:\\\/\\\/www.livemag.it\\\/#organization\"},\"image\":{\"@id\":\"https:\\\/\\\/www.livemag.it\\\/index.php\\\/2025\\\/10\\\/13\\\/sequestrati-a-roma-200-kg-di-cocaina-arrestato-23enne-albanese\\\/#primaryimage\"},\"thumbnailUrl\":\"https:\\\/\\\/www.livemag.it\\\/wp-content\\\/uploads\\\/2025\\\/10\\\/20251013_0114.jpg\",\"articleSection\":[\"Mondo\"],\"inLanguage\":\"it-IT\"},{\"@type\":\"WebPage\",\"@id\":\"https:\\\/\\\/www.livemag.it\\\/index.php\\\/2025\\\/10\\\/13\\\/sequestrati-a-roma-200-kg-di-cocaina-arrestato-23enne-albanese\\\/\",\"url\":\"https:\\\/\\\/www.livemag.it\\\/index.php\\\/2025\\\/10\\\/13\\\/sequestrati-a-roma-200-kg-di-cocaina-arrestato-23enne-albanese\\\/\",\"name\":\"Sequestrati a Roma 200 kg di cocaina, arrestato 23enne albanese - Live Magazine\",\"isPartOf\":{\"@id\":\"https:\\\/\\\/www.livemag.it\\\/#website\"},\"primaryImageOfPage\":{\"@id\":\"https:\\\/\\\/www.livemag.it\\\/index.php\\\/2025\\\/10\\\/13\\\/sequestrati-a-roma-200-kg-di-cocaina-arrestato-23enne-albanese\\\/#primaryimage\"},\"image\":{\"@id\":\"https:\\\/\\\/www.livemag.it\\\/index.php\\\/2025\\\/10\\\/13\\\/sequestrati-a-roma-200-kg-di-cocaina-arrestato-23enne-albanese\\\/#primaryimage\"},\"thumbnailUrl\":\"https:\\\/\\\/www.livemag.it\\\/wp-content\\\/uploads\\\/2025\\\/10\\\/20251013_0114.jpg\",\"datePublished\":\"2025-10-13T10:02:47+00:00\",\"breadcrumb\":{\"@id\":\"https:\\\/\\\/www.livemag.it\\\/index.php\\\/2025\\\/10\\\/13\\\/sequestrati-a-roma-200-kg-di-cocaina-arrestato-23enne-albanese\\\/#breadcrumb\"},\"inLanguage\":\"it-IT\",\"potentialAction\":[{\"@type\":\"ReadAction\",\"target\":[\"https:\\\/\\\/www.livemag.it\\\/index.php\\\/2025\\\/10\\\/13\\\/sequestrati-a-roma-200-kg-di-cocaina-arrestato-23enne-albanese\\\/\"]}]},{\"@type\":\"ImageObject\",\"inLanguage\":\"it-IT\",\"@id\":\"https:\\\/\\\/www.livemag.it\\\/index.php\\\/2025\\\/10\\\/13\\\/sequestrati-a-roma-200-kg-di-cocaina-arrestato-23enne-albanese\\\/#primaryimage\",\"url\":\"https:\\\/\\\/www.livemag.it\\\/wp-content\\\/uploads\\\/2025\\\/10\\\/20251013_0114.jpg\",\"contentUrl\":\"https:\\\/\\\/www.livemag.it\\\/wp-content\\\/uploads\\\/2025\\\/10\\\/20251013_0114.jpg\",\"width\":1024,\"height\":576},{\"@type\":\"BreadcrumbList\",\"@id\":\"https:\\\/\\\/www.livemag.it\\\/index.php\\\/2025\\\/10\\\/13\\\/sequestrati-a-roma-200-kg-di-cocaina-arrestato-23enne-albanese\\\/#breadcrumb\",\"itemListElement\":[{\"@type\":\"ListItem\",\"position\":1,\"name\":\"Home\",\"item\":\"https:\\\/\\\/www.livemag.it\\\/\"},{\"@type\":\"ListItem\",\"position\":2,\"name\":\"Sequestrati a Roma 200 kg di cocaina, arrestato 23enne albanese\"}]},{\"@type\":\"WebSite\",\"@id\":\"https:\\\/\\\/www.livemag.it\\\/#website\",\"url\":\"https:\\\/\\\/www.livemag.it\\\/\",\"name\":\"Live Magazine\",\"description\":\"Varie ed eventi\",\"publisher\":{\"@id\":\"https:\\\/\\\/www.livemag.it\\\/#organization\"},\"potentialAction\":[{\"@type\":\"SearchAction\",\"target\":{\"@type\":\"EntryPoint\",\"urlTemplate\":\"https:\\\/\\\/www.livemag.it\\\/?s={search_term_string}\"},\"query-input\":{\"@type\":\"PropertyValueSpecification\",\"valueRequired\":true,\"valueName\":\"search_term_string\"}}],\"inLanguage\":\"it-IT\"},{\"@type\":\"Organization\",\"@id\":\"https:\\\/\\\/www.livemag.it\\\/#organization\",\"name\":\"LiveMag\",\"alternateName\":\"LiveMag News ed eventi\",\"url\":\"https:\\\/\\\/www.livemag.it\\\/\",\"logo\":{\"@type\":\"ImageObject\",\"inLanguage\":\"it-IT\",\"@id\":\"https:\\\/\\\/www.livemag.it\\\/#\\\/schema\\\/logo\\\/image\\\/\",\"url\":\"https:\\\/\\\/www.livemag.it\\\/wp-content\\\/uploads\\\/2024\\\/02\\\/immagine-sito.jpg\",\"contentUrl\":\"https:\\\/\\\/www.livemag.it\\\/wp-content\\\/uploads\\\/2024\\\/02\\\/immagine-sito.jpg\",\"width\":696,\"height\":696,\"caption\":\"LiveMag\"},\"image\":{\"@id\":\"https:\\\/\\\/www.livemag.it\\\/#\\\/schema\\\/logo\\\/image\\\/\"},\"sameAs\":[\"https:\\\/\\\/www.facebook.com\\\/LiveMag\\\/\",\"https:\\\/\\\/x.com\\\/LiveNotizie\",\"https:\\\/\\\/www.instagram.com\\\/livemag\\\/\"]},{\"@type\":\"Person\",\"@id\":\"https:\\\/\\\/www.livemag.it\\\/#\\\/schema\\\/person\\\/b62c5f44451fdcdaeb0afe6c2424e73c\",\"name\":\"italpress\",\"image\":{\"@type\":\"ImageObject\",\"inLanguage\":\"it-IT\",\"@id\":\"https:\\\/\\\/secure.gravatar.com\\\/avatar\\\/b6a21695fc713ce7ee312cf57c97e2e641feb365be72d8745574d3c3e2b59066?s=96&r=g\",\"url\":\"https:\\\/\\\/secure.gravatar.com\\\/avatar\\\/b6a21695fc713ce7ee312cf57c97e2e641feb365be72d8745574d3c3e2b59066?s=96&r=g\",\"contentUrl\":\"https:\\\/\\\/secure.gravatar.com\\\/avatar\\\/b6a21695fc713ce7ee312cf57c97e2e641feb365be72d8745574d3c3e2b59066?s=96&r=g\",\"caption\":\"italpress\"},\"description\":\"Italpress \u00e8 un'agenzia di stampa italiana a carattere nazionale.\",\"url\":\"https:\\\/\\\/www.livemag.it\\\/index.php\\\/author\\\/italpress\\\/\"}]}<\/script>\n<!-- \/ Yoast SEO plugin. -->","yoast_head_json":{"title":"Sequestrati a Roma 200 kg di cocaina, arrestato 23enne albanese - Live Magazine","robots":{"index":"index","follow":"follow","max-snippet":"max-snippet:-1","max-image-preview":"max-image-preview:large","max-video-preview":"max-video-preview:-1"},"canonical":"https:\/\/www.livemag.it\/index.php\/2025\/10\/13\/sequestrati-a-roma-200-kg-di-cocaina-arrestato-23enne-albanese\/","og_locale":"it_IT","og_type":"article","og_title":"Sequestrati a Roma 200 kg di cocaina, arrestato 23enne albanese - Live Magazine","og_description":"ROMA (ITALPRESS) \u2013 I Carabinieri del Nucleo Investigativo di Roma hanno arrestato un albanese di 23 anni trovato in possesso di 200 kg di cocaina suddivisi in 191 panetti, una pistola con relativo munizionamento e denaro contante per circa 30.000 euro. L\u2019uomo si aggirava per strada, zaino in spalla, guardandosi intorno con fare circospetto. Atteggiamento [&hellip;]","og_url":"https:\/\/www.livemag.it\/index.php\/2025\/10\/13\/sequestrati-a-roma-200-kg-di-cocaina-arrestato-23enne-albanese\/","og_site_name":"Live Magazine","article_publisher":"https:\/\/www.facebook.com\/LiveMag\/","article_published_time":"2025-10-13T10:02:47+00:00","og_image":[{"width":1200,"height":675,"url":"https:\/\/www.livemag.it\/wp-content\/uploads\/2024\/02\/ograph.jpg","type":"image\/jpeg"}],"author":"italpress","twitter_card":"summary_large_image","twitter_creator":"@LiveNotizie","twitter_site":"@LiveNotizie","twitter_misc":{"Scritto da":"italpress","Tempo di lettura stimato":"2 minuti"},"schema":{"@context":"https:\/\/schema.org","@graph":[{"@type":"Article","@id":"https:\/\/www.livemag.it\/index.php\/2025\/10\/13\/sequestrati-a-roma-200-kg-di-cocaina-arrestato-23enne-albanese\/#article","isPartOf":{"@id":"https:\/\/www.livemag.it\/index.php\/2025\/10\/13\/sequestrati-a-roma-200-kg-di-cocaina-arrestato-23enne-albanese\/"},"author":{"name":"italpress","@id":"https:\/\/www.livemag.it\/#\/schema\/person\/b62c5f44451fdcdaeb0afe6c2424e73c"},"headline":"Sequestrati a Roma 200 kg di cocaina, arrestato 23enne albanese","datePublished":"2025-10-13T10:02:47+00:00","mainEntityOfPage":{"@id":"https:\/\/www.livemag.it\/index.php\/2025\/10\/13\/sequestrati-a-roma-200-kg-di-cocaina-arrestato-23enne-albanese\/"},"wordCount":309,"publisher":{"@id":"https:\/\/www.livemag.it\/#organization"},"image":{"@id":"https:\/\/www.livemag.it\/index.php\/2025\/10\/13\/sequestrati-a-roma-200-kg-di-cocaina-arrestato-23enne-albanese\/#primaryimage"},"thumbnailUrl":"https:\/\/www.livemag.it\/wp-content\/uploads\/2025\/10\/20251013_0114.jpg","articleSection":["Mondo"],"inLanguage":"it-IT"},{"@type":"WebPage","@id":"https:\/\/www.livemag.it\/index.php\/2025\/10\/13\/sequestrati-a-roma-200-kg-di-cocaina-arrestato-23enne-albanese\/","url":"https:\/\/www.livemag.it\/index.php\/2025\/10\/13\/sequestrati-a-roma-200-kg-di-cocaina-arrestato-23enne-albanese\/","name":"Sequestrati a Roma 200 kg di cocaina, arrestato 23enne albanese - Live Magazine","isPartOf":{"@id":"https:\/\/www.livemag.it\/#website"},"primaryImageOfPage":{"@id":"https:\/\/www.livemag.it\/index.php\/2025\/10\/13\/sequestrati-a-roma-200-kg-di-cocaina-arrestato-23enne-albanese\/#primaryimage"},"image":{"@id":"https:\/\/www.livemag.it\/index.php\/2025\/10\/13\/sequestrati-a-roma-200-kg-di-cocaina-arrestato-23enne-albanese\/#primaryimage"},"thumbnailUrl":"https:\/\/www.livemag.it\/wp-content\/uploads\/2025\/10\/20251013_0114.jpg","datePublished":"2025-10-13T10:02:47+00:00","breadcrumb":{"@id":"https:\/\/www.livemag.it\/index.php\/2025\/10\/13\/sequestrati-a-roma-200-kg-di-cocaina-arrestato-23enne-albanese\/#breadcrumb"},"inLanguage":"it-IT","potentialAction":[{"@type":"ReadAction","target":["https:\/\/www.livemag.it\/index.php\/2025\/10\/13\/sequestrati-a-roma-200-kg-di-cocaina-arrestato-23enne-albanese\/"]}]},{"@type":"ImageObject","inLanguage":"it-IT","@id":"https:\/\/www.livemag.it\/index.php\/2025\/10\/13\/sequestrati-a-roma-200-kg-di-cocaina-arrestato-23enne-albanese\/#primaryimage","url":"https:\/\/www.livemag.it\/wp-content\/uploads\/2025\/10\/20251013_0114.jpg","contentUrl":"https:\/\/www.livemag.it\/wp-content\/uploads\/2025\/10\/20251013_0114.jpg","width":1024,"height":576},{"@type":"BreadcrumbList","@id":"https:\/\/www.livemag.it\/index.php\/2025\/10\/13\/sequestrati-a-roma-200-kg-di-cocaina-arrestato-23enne-albanese\/#breadcrumb","itemListElement":[{"@type":"ListItem","position":1,"name":"Home","item":"https:\/\/www.livemag.it\/"},{"@type":"ListItem","position":2,"name":"Sequestrati a Roma 200 kg di cocaina, arrestato 23enne albanese"}]},{"@type":"WebSite","@id":"https:\/\/www.livemag.it\/#website","url":"https:\/\/www.livemag.it\/","name":"Live Magazine","description":"Varie ed eventi","publisher":{"@id":"https:\/\/www.livemag.it\/#organization"},"potentialAction":[{"@type":"SearchAction","target":{"@type":"EntryPoint","urlTemplate":"https:\/\/www.livemag.it\/?s={search_term_string}"},"query-input":{"@type":"PropertyValueSpecification","valueRequired":true,"valueName":"search_term_string"}}],"inLanguage":"it-IT"},{"@type":"Organization","@id":"https:\/\/www.livemag.it\/#organization","name":"LiveMag","alternateName":"LiveMag News ed eventi","url":"https:\/\/www.livemag.it\/","logo":{"@type":"ImageObject","inLanguage":"it-IT","@id":"https:\/\/www.livemag.it\/#\/schema\/logo\/image\/","url":"https:\/\/www.livemag.it\/wp-content\/uploads\/2024\/02\/immagine-sito.jpg","contentUrl":"https:\/\/www.livemag.it\/wp-content\/uploads\/2024\/02\/immagine-sito.jpg","width":696,"height":696,"caption":"LiveMag"},"image":{"@id":"https:\/\/www.livemag.it\/#\/schema\/logo\/image\/"},"sameAs":["https:\/\/www.facebook.com\/LiveMag\/","https:\/\/x.com\/LiveNotizie","https:\/\/www.instagram.com\/livemag\/"]},{"@type":"Person","@id":"https:\/\/www.livemag.it\/#\/schema\/person\/b62c5f44451fdcdaeb0afe6c2424e73c","name":"italpress","image":{"@type":"ImageObject","inLanguage":"it-IT","@id":"https:\/\/secure.gravatar.com\/avatar\/b6a21695fc713ce7ee312cf57c97e2e641feb365be72d8745574d3c3e2b59066?s=96&r=g","url":"https:\/\/secure.gravatar.com\/avatar\/b6a21695fc713ce7ee312cf57c97e2e641feb365be72d8745574d3c3e2b59066?s=96&r=g","contentUrl":"https:\/\/secure.gravatar.com\/avatar\/b6a21695fc713ce7ee312cf57c97e2e641feb365be72d8745574d3c3e2b59066?s=96&r=g","caption":"italpress"},"description":"Italpress \u00e8 un'agenzia di stampa italiana a carattere nazionale.","url":"https:\/\/www.livemag.it\/index.php\/author\/italpress\/"}]}},"jetpack_featured_media_url":"https:\/\/www.livemag.it\/wp-content\/uploads\/2025\/10\/20251013_0114.jpg","_links":{"self":[{"href":"https:\/\/www.livemag.it\/index.php\/wp-json\/wp\/v2\/posts\/60889","targetHints":{"allow":["GET"]}}],"collection":[{"href":"https:\/\/www.livemag.it\/index.php\/wp-json\/wp\/v2\/posts"}],"about":[{"href":"https:\/\/www.livemag.it\/index.php\/wp-json\/wp\/v2\/types\/post"}],"author":[{"embeddable":true,"href":"https:\/\/www.livemag.it\/index.php\/wp-json\/wp\/v2\/users\/16"}],"replies":[{"embeddable":true,"href":"https:\/\/www.livemag.it\/index.php\/wp-json\/wp\/v2\/comments?post=60889"}],"version-history":[{"count":0,"href":"https:\/\/www.livemag.it\/index.php\/wp-json\/wp\/v2\/posts\/60889\/revisions"}],"wp:featuredmedia":[{"embeddable":true,"href":"https:\/\/www.livemag.it\/index.php\/wp-json\/wp\/v2\/media\/60890"}],"wp:attachment":[{"href":"https:\/\/www.livemag.it\/index.php\/wp-json\/wp\/v2\/media?parent=60889"}],"wp:term":[{"taxonomy":"category","embeddable":true,"href":"https:\/\/www.livemag.it\/index.php\/wp-json\/wp\/v2\/categories?post=60889"},{"taxonomy":"post_tag","embeddable":true,"href":"https:\/\/www.livemag.it\/index.php\/wp-json\/wp\/v2\/tags?post=60889"}],"curies":[{"name":"wp","href":"https:\/\/api.w.org\/{rel}","templated":true}]}}