{"id":60872,"date":"2025-10-13T00:02:33","date_gmt":"2025-10-12T22:02:33","guid":{"rendered":"https:\/\/www.livemag.it\/index.php\/2025\/10\/13\/shoah-opposizioni-in-rivolta-dopo-frasi-roccella-su-gite-ad-auschwitz\/"},"modified":"2025-10-13T00:02:33","modified_gmt":"2025-10-12T22:02:33","slug":"shoah-opposizioni-in-rivolta-dopo-frasi-roccella-su-gite-ad-auschwitz","status":"publish","type":"post","link":"https:\/\/www.livemag.it\/index.php\/2025\/10\/13\/shoah-opposizioni-in-rivolta-dopo-frasi-roccella-su-gite-ad-auschwitz\/","title":{"rendered":"Shoah, opposizioni in rivolta dopo frasi Roccella su \u201cgite\u201d ad Auschwitz"},"content":{"rendered":"<div>\n<p>ROMA (ITALPRESS) \u2013 \u201cNon si \u00e8 fatto i conti fino in fondo con l\u2019antisemitismo nel nostro Paese. Tutte le gite scolastiche ad Auschwitz, cosa sono state? Sono state gite? A che cosa sono servite? Sono servite, secondo me, sono state incoraggiate e valorizzate, perch\u00e8 servivano effettivamente all\u2019inverso. Ovvero servivano a dirci che l\u2019antisemitismo era qualcosa che riguardava un tempo ormai collocato nella storia, e collocato in una precisa area: il fascismo. Le gite ad Auschwitz secondo me sono state un modo per ripetere che l\u2019antisemitismo era una questione fascista e basta\u201d. Queste le parole pronunciate dal ministro alla Famiglia Eugenia Roccella ad un convegno dell\u2019Unione delle comunit\u00e0 ebraiche italiane a Roma. Frasi che hanno provocato la reazione di tutte le opposizione, ribellatesi alla visione del ministro. Elly Schlein, leader del Pd, si \u00e8 rivolta alla premier Giorgia Meloni, affinch\u00e8 \u201cprenda subito le distanze dall\u2019indecente uscita della ministra Roccella perch\u00e8 a tutto c\u2019\u00e8 un limite, nonostante questo governo dimostri come sia possibile superarlo anche insultando i viaggi della memoria ad Auschwitz e provando a riscrivere la storia\u201d. Magi di Pi\u00f9 Europa, ha detto che \u201cIl ministro Roccella una ne pensa e cento ne sbaglia. Non solo d\u00e0 una lettura strumentale e provinciale del ricordo dell\u2019Olocausto anche attraverso le gite scolastiche nei campi di concentramento, ma sembra voler sminuire il ruolo del nazifascismo che un secolo fa ha pianificato lo sterminio programmatico degli ebrei in Europa\u201d. Secondo Angelo Bonelli di Avs, \u201cLe parole della ministra Roccella sono sconcertanti. Mostrano una totale insensibilit\u00e0 verso la tragedia che si consuma a Gaza e un\u2019indifferenza assoluta di fronte alla pulizia etnica portata avanti dal governo di Netanyahu contro il popolo palestinese, che per l\u2019Onu costituisce un genocidio. Le gite scolastiche oggi dovremmo organizzarle a Gaza, per far vedere agli studenti cosa significa un genocidio nel terzo millennio: bambini sepolti sotto le macerie, ospedali bombardati, intere famiglie annientate\u201d. \u201cNegare il valore della Memoria \u00e8 inaccettabile: le parole di Eugenia Roccella sono gravi ancora pi\u00f9 perch\u00e8 a pronunciarle \u00e8 un ministro della Repubblica. Facciamo nostre le sempre sagge parole di Liliana Segre\u201d. Lo scrive sui social la senatrice Raffaella Paita, capogruppo al Senato di Italia Viva e componente della Commissione Segre. \u201cSono gravissime le parole della ministra Roccella, che riesce nell\u2019impresa di negare l\u2019indiscutibile valore educativo di quelle che lei liquida come \u201cgite\u201d ad Auschwitz. Quei viaggi di istruzione da anni servono a raccontare l\u2019orrore del Novecento, a mantenere viva la memoria di chi \u00e8 stato vittima del genocidio ad opera del regime nazifascista. La Roccella vuole forse riscrivere la storia?\u201d. Lo afferma la deputata M5S Annalaura Orrico.(ITALPRESS).<\/p>\n<p>Foto: Ipa Agency<\/p>\n<\/div>\n","protected":false},"excerpt":{"rendered":"<p>ROMA (ITALPRESS) \u2013 \u201cNon si \u00e8 fatto i conti fino in fondo con l\u2019antisemitismo nel nostro Paese. Tutte le gite scolastiche ad Auschwitz, cosa sono state? Sono state gite? A che cosa sono servite? Sono servite, secondo me, sono state incoraggiate e valorizzate, perch\u00e8 servivano effettivamente all\u2019inverso. Ovvero servivano a dirci che l\u2019antisemitismo era qualcosa [&hellip;]<\/p>\n","protected":false},"author":16,"featured_media":60873,"comment_status":"closed","ping_status":"closed","sticky":false,"template":"","format":"standard","meta":{"jnews-multi-image_gallery":[],"jnews_single_post":[],"jnews_primary_category":[],"jnews_social_meta":[],"jnews_override_counter":[],"jnews_post_split":[],"footnotes":""},"categories":[1129],"tags":[],"class_list":["post-60872","post","type-post","status-publish","format-standard","has-post-thumbnail","hentry","category-mondo"],"yoast_head":"<!-- This site is optimized with the Yoast SEO plugin v27.5 - https:\/\/yoast.com\/product\/yoast-seo-wordpress\/ -->\n<title>Shoah, opposizioni in rivolta dopo frasi Roccella su \u201cgite\u201d ad Auschwitz - Live Magazine<\/title>\n<meta name=\"robots\" content=\"index, follow, max-snippet:-1, max-image-preview:large, max-video-preview:-1\" \/>\n<link rel=\"canonical\" href=\"https:\/\/www.livemag.it\/index.php\/2025\/10\/13\/shoah-opposizioni-in-rivolta-dopo-frasi-roccella-su-gite-ad-auschwitz\/\" \/>\n<meta property=\"og:locale\" content=\"it_IT\" \/>\n<meta property=\"og:type\" content=\"article\" \/>\n<meta property=\"og:title\" content=\"Shoah, opposizioni in rivolta dopo frasi Roccella su \u201cgite\u201d ad Auschwitz - Live Magazine\" \/>\n<meta property=\"og:description\" content=\"ROMA (ITALPRESS) \u2013 \u201cNon si \u00e8 fatto i conti fino in fondo con l\u2019antisemitismo nel nostro Paese. Tutte le gite scolastiche ad Auschwitz, cosa sono state? Sono state gite? A che cosa sono servite? Sono servite, secondo me, sono state incoraggiate e valorizzate, perch\u00e8 servivano effettivamente all\u2019inverso. Ovvero servivano a dirci che l\u2019antisemitismo era qualcosa [&hellip;]\" \/>\n<meta property=\"og:url\" content=\"https:\/\/www.livemag.it\/index.php\/2025\/10\/13\/shoah-opposizioni-in-rivolta-dopo-frasi-roccella-su-gite-ad-auschwitz\/\" \/>\n<meta property=\"og:site_name\" content=\"Live Magazine\" \/>\n<meta property=\"article:publisher\" content=\"https:\/\/www.facebook.com\/LiveMag\/\" \/>\n<meta property=\"article:published_time\" content=\"2025-10-12T22:02:33+00:00\" \/>\n<meta property=\"og:image\" content=\"https:\/\/www.livemag.it\/wp-content\/uploads\/2024\/02\/ograph.jpg\" \/>\n\t<meta property=\"og:image:width\" content=\"1200\" \/>\n\t<meta property=\"og:image:height\" content=\"675\" \/>\n\t<meta property=\"og:image:type\" content=\"image\/jpeg\" \/>\n<meta name=\"author\" content=\"italpress\" \/>\n<meta name=\"twitter:card\" content=\"summary_large_image\" \/>\n<meta name=\"twitter:creator\" content=\"@LiveNotizie\" \/>\n<meta name=\"twitter:site\" content=\"@LiveNotizie\" \/>\n<meta name=\"twitter:label1\" content=\"Scritto da\" \/>\n\t<meta name=\"twitter:data1\" content=\"italpress\" \/>\n\t<meta name=\"twitter:label2\" content=\"Tempo di lettura stimato\" \/>\n\t<meta name=\"twitter:data2\" content=\"2 minuti\" \/>\n<script type=\"application\/ld+json\" class=\"yoast-schema-graph\">{\"@context\":\"https:\\\/\\\/schema.org\",\"@graph\":[{\"@type\":\"Article\",\"@id\":\"https:\\\/\\\/www.livemag.it\\\/index.php\\\/2025\\\/10\\\/13\\\/shoah-opposizioni-in-rivolta-dopo-frasi-roccella-su-gite-ad-auschwitz\\\/#article\",\"isPartOf\":{\"@id\":\"https:\\\/\\\/www.livemag.it\\\/index.php\\\/2025\\\/10\\\/13\\\/shoah-opposizioni-in-rivolta-dopo-frasi-roccella-su-gite-ad-auschwitz\\\/\"},\"author\":{\"name\":\"italpress\",\"@id\":\"https:\\\/\\\/www.livemag.it\\\/#\\\/schema\\\/person\\\/b62c5f44451fdcdaeb0afe6c2424e73c\"},\"headline\":\"Shoah, opposizioni in rivolta dopo frasi Roccella su \u201cgite\u201d ad Auschwitz\",\"datePublished\":\"2025-10-12T22:02:33+00:00\",\"mainEntityOfPage\":{\"@id\":\"https:\\\/\\\/www.livemag.it\\\/index.php\\\/2025\\\/10\\\/13\\\/shoah-opposizioni-in-rivolta-dopo-frasi-roccella-su-gite-ad-auschwitz\\\/\"},\"wordCount\":453,\"publisher\":{\"@id\":\"https:\\\/\\\/www.livemag.it\\\/#organization\"},\"image\":{\"@id\":\"https:\\\/\\\/www.livemag.it\\\/index.php\\\/2025\\\/10\\\/13\\\/shoah-opposizioni-in-rivolta-dopo-frasi-roccella-su-gite-ad-auschwitz\\\/#primaryimage\"},\"thumbnailUrl\":\"https:\\\/\\\/www.livemag.it\\\/wp-content\\\/uploads\\\/2025\\\/10\\\/20251012_2239.jpg\",\"articleSection\":[\"Mondo\"],\"inLanguage\":\"it-IT\"},{\"@type\":\"WebPage\",\"@id\":\"https:\\\/\\\/www.livemag.it\\\/index.php\\\/2025\\\/10\\\/13\\\/shoah-opposizioni-in-rivolta-dopo-frasi-roccella-su-gite-ad-auschwitz\\\/\",\"url\":\"https:\\\/\\\/www.livemag.it\\\/index.php\\\/2025\\\/10\\\/13\\\/shoah-opposizioni-in-rivolta-dopo-frasi-roccella-su-gite-ad-auschwitz\\\/\",\"name\":\"Shoah, opposizioni in rivolta dopo frasi Roccella su \u201cgite\u201d ad Auschwitz - Live Magazine\",\"isPartOf\":{\"@id\":\"https:\\\/\\\/www.livemag.it\\\/#website\"},\"primaryImageOfPage\":{\"@id\":\"https:\\\/\\\/www.livemag.it\\\/index.php\\\/2025\\\/10\\\/13\\\/shoah-opposizioni-in-rivolta-dopo-frasi-roccella-su-gite-ad-auschwitz\\\/#primaryimage\"},\"image\":{\"@id\":\"https:\\\/\\\/www.livemag.it\\\/index.php\\\/2025\\\/10\\\/13\\\/shoah-opposizioni-in-rivolta-dopo-frasi-roccella-su-gite-ad-auschwitz\\\/#primaryimage\"},\"thumbnailUrl\":\"https:\\\/\\\/www.livemag.it\\\/wp-content\\\/uploads\\\/2025\\\/10\\\/20251012_2239.jpg\",\"datePublished\":\"2025-10-12T22:02:33+00:00\",\"breadcrumb\":{\"@id\":\"https:\\\/\\\/www.livemag.it\\\/index.php\\\/2025\\\/10\\\/13\\\/shoah-opposizioni-in-rivolta-dopo-frasi-roccella-su-gite-ad-auschwitz\\\/#breadcrumb\"},\"inLanguage\":\"it-IT\",\"potentialAction\":[{\"@type\":\"ReadAction\",\"target\":[\"https:\\\/\\\/www.livemag.it\\\/index.php\\\/2025\\\/10\\\/13\\\/shoah-opposizioni-in-rivolta-dopo-frasi-roccella-su-gite-ad-auschwitz\\\/\"]}]},{\"@type\":\"ImageObject\",\"inLanguage\":\"it-IT\",\"@id\":\"https:\\\/\\\/www.livemag.it\\\/index.php\\\/2025\\\/10\\\/13\\\/shoah-opposizioni-in-rivolta-dopo-frasi-roccella-su-gite-ad-auschwitz\\\/#primaryimage\",\"url\":\"https:\\\/\\\/www.livemag.it\\\/wp-content\\\/uploads\\\/2025\\\/10\\\/20251012_2239.jpg\",\"contentUrl\":\"https:\\\/\\\/www.livemag.it\\\/wp-content\\\/uploads\\\/2025\\\/10\\\/20251012_2239.jpg\",\"width\":1024,\"height\":682},{\"@type\":\"BreadcrumbList\",\"@id\":\"https:\\\/\\\/www.livemag.it\\\/index.php\\\/2025\\\/10\\\/13\\\/shoah-opposizioni-in-rivolta-dopo-frasi-roccella-su-gite-ad-auschwitz\\\/#breadcrumb\",\"itemListElement\":[{\"@type\":\"ListItem\",\"position\":1,\"name\":\"Home\",\"item\":\"https:\\\/\\\/www.livemag.it\\\/\"},{\"@type\":\"ListItem\",\"position\":2,\"name\":\"Shoah, opposizioni in rivolta dopo frasi Roccella su \u201cgite\u201d ad Auschwitz\"}]},{\"@type\":\"WebSite\",\"@id\":\"https:\\\/\\\/www.livemag.it\\\/#website\",\"url\":\"https:\\\/\\\/www.livemag.it\\\/\",\"name\":\"Live Magazine\",\"description\":\"Varie ed eventi\",\"publisher\":{\"@id\":\"https:\\\/\\\/www.livemag.it\\\/#organization\"},\"potentialAction\":[{\"@type\":\"SearchAction\",\"target\":{\"@type\":\"EntryPoint\",\"urlTemplate\":\"https:\\\/\\\/www.livemag.it\\\/?s={search_term_string}\"},\"query-input\":{\"@type\":\"PropertyValueSpecification\",\"valueRequired\":true,\"valueName\":\"search_term_string\"}}],\"inLanguage\":\"it-IT\"},{\"@type\":\"Organization\",\"@id\":\"https:\\\/\\\/www.livemag.it\\\/#organization\",\"name\":\"LiveMag\",\"alternateName\":\"LiveMag News ed eventi\",\"url\":\"https:\\\/\\\/www.livemag.it\\\/\",\"logo\":{\"@type\":\"ImageObject\",\"inLanguage\":\"it-IT\",\"@id\":\"https:\\\/\\\/www.livemag.it\\\/#\\\/schema\\\/logo\\\/image\\\/\",\"url\":\"https:\\\/\\\/www.livemag.it\\\/wp-content\\\/uploads\\\/2024\\\/02\\\/immagine-sito.jpg\",\"contentUrl\":\"https:\\\/\\\/www.livemag.it\\\/wp-content\\\/uploads\\\/2024\\\/02\\\/immagine-sito.jpg\",\"width\":696,\"height\":696,\"caption\":\"LiveMag\"},\"image\":{\"@id\":\"https:\\\/\\\/www.livemag.it\\\/#\\\/schema\\\/logo\\\/image\\\/\"},\"sameAs\":[\"https:\\\/\\\/www.facebook.com\\\/LiveMag\\\/\",\"https:\\\/\\\/x.com\\\/LiveNotizie\",\"https:\\\/\\\/www.instagram.com\\\/livemag\\\/\"]},{\"@type\":\"Person\",\"@id\":\"https:\\\/\\\/www.livemag.it\\\/#\\\/schema\\\/person\\\/b62c5f44451fdcdaeb0afe6c2424e73c\",\"name\":\"italpress\",\"image\":{\"@type\":\"ImageObject\",\"inLanguage\":\"it-IT\",\"@id\":\"https:\\\/\\\/secure.gravatar.com\\\/avatar\\\/b6a21695fc713ce7ee312cf57c97e2e641feb365be72d8745574d3c3e2b59066?s=96&r=g\",\"url\":\"https:\\\/\\\/secure.gravatar.com\\\/avatar\\\/b6a21695fc713ce7ee312cf57c97e2e641feb365be72d8745574d3c3e2b59066?s=96&r=g\",\"contentUrl\":\"https:\\\/\\\/secure.gravatar.com\\\/avatar\\\/b6a21695fc713ce7ee312cf57c97e2e641feb365be72d8745574d3c3e2b59066?s=96&r=g\",\"caption\":\"italpress\"},\"description\":\"Italpress \u00e8 un'agenzia di stampa italiana a carattere nazionale.\",\"url\":\"https:\\\/\\\/www.livemag.it\\\/index.php\\\/author\\\/italpress\\\/\"}]}<\/script>\n<!-- \/ Yoast SEO plugin. -->","yoast_head_json":{"title":"Shoah, opposizioni in rivolta dopo frasi Roccella su \u201cgite\u201d ad Auschwitz - Live Magazine","robots":{"index":"index","follow":"follow","max-snippet":"max-snippet:-1","max-image-preview":"max-image-preview:large","max-video-preview":"max-video-preview:-1"},"canonical":"https:\/\/www.livemag.it\/index.php\/2025\/10\/13\/shoah-opposizioni-in-rivolta-dopo-frasi-roccella-su-gite-ad-auschwitz\/","og_locale":"it_IT","og_type":"article","og_title":"Shoah, opposizioni in rivolta dopo frasi Roccella su \u201cgite\u201d ad Auschwitz - Live Magazine","og_description":"ROMA (ITALPRESS) \u2013 \u201cNon si \u00e8 fatto i conti fino in fondo con l\u2019antisemitismo nel nostro Paese. Tutte le gite scolastiche ad Auschwitz, cosa sono state? Sono state gite? A che cosa sono servite? Sono servite, secondo me, sono state incoraggiate e valorizzate, perch\u00e8 servivano effettivamente all\u2019inverso. Ovvero servivano a dirci che l\u2019antisemitismo era qualcosa [&hellip;]","og_url":"https:\/\/www.livemag.it\/index.php\/2025\/10\/13\/shoah-opposizioni-in-rivolta-dopo-frasi-roccella-su-gite-ad-auschwitz\/","og_site_name":"Live Magazine","article_publisher":"https:\/\/www.facebook.com\/LiveMag\/","article_published_time":"2025-10-12T22:02:33+00:00","og_image":[{"width":1200,"height":675,"url":"https:\/\/www.livemag.it\/wp-content\/uploads\/2024\/02\/ograph.jpg","type":"image\/jpeg"}],"author":"italpress","twitter_card":"summary_large_image","twitter_creator":"@LiveNotizie","twitter_site":"@LiveNotizie","twitter_misc":{"Scritto da":"italpress","Tempo di lettura stimato":"2 minuti"},"schema":{"@context":"https:\/\/schema.org","@graph":[{"@type":"Article","@id":"https:\/\/www.livemag.it\/index.php\/2025\/10\/13\/shoah-opposizioni-in-rivolta-dopo-frasi-roccella-su-gite-ad-auschwitz\/#article","isPartOf":{"@id":"https:\/\/www.livemag.it\/index.php\/2025\/10\/13\/shoah-opposizioni-in-rivolta-dopo-frasi-roccella-su-gite-ad-auschwitz\/"},"author":{"name":"italpress","@id":"https:\/\/www.livemag.it\/#\/schema\/person\/b62c5f44451fdcdaeb0afe6c2424e73c"},"headline":"Shoah, opposizioni in rivolta dopo frasi Roccella su \u201cgite\u201d ad Auschwitz","datePublished":"2025-10-12T22:02:33+00:00","mainEntityOfPage":{"@id":"https:\/\/www.livemag.it\/index.php\/2025\/10\/13\/shoah-opposizioni-in-rivolta-dopo-frasi-roccella-su-gite-ad-auschwitz\/"},"wordCount":453,"publisher":{"@id":"https:\/\/www.livemag.it\/#organization"},"image":{"@id":"https:\/\/www.livemag.it\/index.php\/2025\/10\/13\/shoah-opposizioni-in-rivolta-dopo-frasi-roccella-su-gite-ad-auschwitz\/#primaryimage"},"thumbnailUrl":"https:\/\/www.livemag.it\/wp-content\/uploads\/2025\/10\/20251012_2239.jpg","articleSection":["Mondo"],"inLanguage":"it-IT"},{"@type":"WebPage","@id":"https:\/\/www.livemag.it\/index.php\/2025\/10\/13\/shoah-opposizioni-in-rivolta-dopo-frasi-roccella-su-gite-ad-auschwitz\/","url":"https:\/\/www.livemag.it\/index.php\/2025\/10\/13\/shoah-opposizioni-in-rivolta-dopo-frasi-roccella-su-gite-ad-auschwitz\/","name":"Shoah, opposizioni in rivolta dopo frasi Roccella su \u201cgite\u201d ad Auschwitz - Live Magazine","isPartOf":{"@id":"https:\/\/www.livemag.it\/#website"},"primaryImageOfPage":{"@id":"https:\/\/www.livemag.it\/index.php\/2025\/10\/13\/shoah-opposizioni-in-rivolta-dopo-frasi-roccella-su-gite-ad-auschwitz\/#primaryimage"},"image":{"@id":"https:\/\/www.livemag.it\/index.php\/2025\/10\/13\/shoah-opposizioni-in-rivolta-dopo-frasi-roccella-su-gite-ad-auschwitz\/#primaryimage"},"thumbnailUrl":"https:\/\/www.livemag.it\/wp-content\/uploads\/2025\/10\/20251012_2239.jpg","datePublished":"2025-10-12T22:02:33+00:00","breadcrumb":{"@id":"https:\/\/www.livemag.it\/index.php\/2025\/10\/13\/shoah-opposizioni-in-rivolta-dopo-frasi-roccella-su-gite-ad-auschwitz\/#breadcrumb"},"inLanguage":"it-IT","potentialAction":[{"@type":"ReadAction","target":["https:\/\/www.livemag.it\/index.php\/2025\/10\/13\/shoah-opposizioni-in-rivolta-dopo-frasi-roccella-su-gite-ad-auschwitz\/"]}]},{"@type":"ImageObject","inLanguage":"it-IT","@id":"https:\/\/www.livemag.it\/index.php\/2025\/10\/13\/shoah-opposizioni-in-rivolta-dopo-frasi-roccella-su-gite-ad-auschwitz\/#primaryimage","url":"https:\/\/www.livemag.it\/wp-content\/uploads\/2025\/10\/20251012_2239.jpg","contentUrl":"https:\/\/www.livemag.it\/wp-content\/uploads\/2025\/10\/20251012_2239.jpg","width":1024,"height":682},{"@type":"BreadcrumbList","@id":"https:\/\/www.livemag.it\/index.php\/2025\/10\/13\/shoah-opposizioni-in-rivolta-dopo-frasi-roccella-su-gite-ad-auschwitz\/#breadcrumb","itemListElement":[{"@type":"ListItem","position":1,"name":"Home","item":"https:\/\/www.livemag.it\/"},{"@type":"ListItem","position":2,"name":"Shoah, opposizioni in rivolta dopo frasi Roccella su \u201cgite\u201d ad Auschwitz"}]},{"@type":"WebSite","@id":"https:\/\/www.livemag.it\/#website","url":"https:\/\/www.livemag.it\/","name":"Live Magazine","description":"Varie ed eventi","publisher":{"@id":"https:\/\/www.livemag.it\/#organization"},"potentialAction":[{"@type":"SearchAction","target":{"@type":"EntryPoint","urlTemplate":"https:\/\/www.livemag.it\/?s={search_term_string}"},"query-input":{"@type":"PropertyValueSpecification","valueRequired":true,"valueName":"search_term_string"}}],"inLanguage":"it-IT"},{"@type":"Organization","@id":"https:\/\/www.livemag.it\/#organization","name":"LiveMag","alternateName":"LiveMag News ed eventi","url":"https:\/\/www.livemag.it\/","logo":{"@type":"ImageObject","inLanguage":"it-IT","@id":"https:\/\/www.livemag.it\/#\/schema\/logo\/image\/","url":"https:\/\/www.livemag.it\/wp-content\/uploads\/2024\/02\/immagine-sito.jpg","contentUrl":"https:\/\/www.livemag.it\/wp-content\/uploads\/2024\/02\/immagine-sito.jpg","width":696,"height":696,"caption":"LiveMag"},"image":{"@id":"https:\/\/www.livemag.it\/#\/schema\/logo\/image\/"},"sameAs":["https:\/\/www.facebook.com\/LiveMag\/","https:\/\/x.com\/LiveNotizie","https:\/\/www.instagram.com\/livemag\/"]},{"@type":"Person","@id":"https:\/\/www.livemag.it\/#\/schema\/person\/b62c5f44451fdcdaeb0afe6c2424e73c","name":"italpress","image":{"@type":"ImageObject","inLanguage":"it-IT","@id":"https:\/\/secure.gravatar.com\/avatar\/b6a21695fc713ce7ee312cf57c97e2e641feb365be72d8745574d3c3e2b59066?s=96&r=g","url":"https:\/\/secure.gravatar.com\/avatar\/b6a21695fc713ce7ee312cf57c97e2e641feb365be72d8745574d3c3e2b59066?s=96&r=g","contentUrl":"https:\/\/secure.gravatar.com\/avatar\/b6a21695fc713ce7ee312cf57c97e2e641feb365be72d8745574d3c3e2b59066?s=96&r=g","caption":"italpress"},"description":"Italpress \u00e8 un'agenzia di stampa italiana a carattere nazionale.","url":"https:\/\/www.livemag.it\/index.php\/author\/italpress\/"}]}},"jetpack_featured_media_url":"https:\/\/www.livemag.it\/wp-content\/uploads\/2025\/10\/20251012_2239.jpg","_links":{"self":[{"href":"https:\/\/www.livemag.it\/index.php\/wp-json\/wp\/v2\/posts\/60872","targetHints":{"allow":["GET"]}}],"collection":[{"href":"https:\/\/www.livemag.it\/index.php\/wp-json\/wp\/v2\/posts"}],"about":[{"href":"https:\/\/www.livemag.it\/index.php\/wp-json\/wp\/v2\/types\/post"}],"author":[{"embeddable":true,"href":"https:\/\/www.livemag.it\/index.php\/wp-json\/wp\/v2\/users\/16"}],"replies":[{"embeddable":true,"href":"https:\/\/www.livemag.it\/index.php\/wp-json\/wp\/v2\/comments?post=60872"}],"version-history":[{"count":0,"href":"https:\/\/www.livemag.it\/index.php\/wp-json\/wp\/v2\/posts\/60872\/revisions"}],"wp:featuredmedia":[{"embeddable":true,"href":"https:\/\/www.livemag.it\/index.php\/wp-json\/wp\/v2\/media\/60873"}],"wp:attachment":[{"href":"https:\/\/www.livemag.it\/index.php\/wp-json\/wp\/v2\/media?parent=60872"}],"wp:term":[{"taxonomy":"category","embeddable":true,"href":"https:\/\/www.livemag.it\/index.php\/wp-json\/wp\/v2\/categories?post=60872"},{"taxonomy":"post_tag","embeddable":true,"href":"https:\/\/www.livemag.it\/index.php\/wp-json\/wp\/v2\/tags?post=60872"}],"curies":[{"name":"wp","href":"https:\/\/api.w.org\/{rel}","templated":true}]}}