{"id":60343,"date":"2025-10-04T18:02:48","date_gmt":"2025-10-04T16:02:48","guid":{"rendered":"https:\/\/www.livemag.it\/index.php\/2025\/10\/04\/tudor-io-vedo-una-juve-in-crescita-milan-grande-squadra\/"},"modified":"2025-10-04T18:02:48","modified_gmt":"2025-10-04T16:02:48","slug":"tudor-io-vedo-una-juve-in-crescita-milan-grande-squadra","status":"publish","type":"post","link":"https:\/\/www.livemag.it\/index.php\/2025\/10\/04\/tudor-io-vedo-una-juve-in-crescita-milan-grande-squadra\/","title":{"rendered":"Tudor \u201cIo vedo una Juve in crescita, Milan grande squadra\u201d"},"content":{"rendered":"<div>\n<p>TORINO (ITALPRESS) \u2013<strong> Igor Tudor, alla vigilia della sfida in casa contro il Milan, difende la sua squadra<\/strong>, che vede <em>\u201cin crescita\u201d. \u201cPer analizzare le ultime gare serve onest\u00e0. Stiamo facendo bene. Non dico che abbiamo fatto partitone, \u00e8 chiaro che anche noi abbiamo dei limiti\u201d,<\/em> ha detto il tecnico bianconero in conferenza stampa.<\/p>\n<p><em> \u201cAffrontiamo una squadra di primissimo livello, con un grande allenatore e ottimi giocatori, che attraversa un buon momento. Servir\u00e0 una grande gara domani. Manca la vittoria, \u00e8 vero. La squadra per\u00f2 ha fatto bene e meritava di pi\u00f9. La squadra sta bene\u201d,<\/em> ha precisato Tudor.<\/p>\n<p><em><strong>\u201cAbbiamo una identit\u00e0 chiara.<\/strong> Giochiamo da sei mesi nella stessa maniera. Stiamo lavorando per trovare gli equilibri giusti, anche con i cambi a gara in corso. Io vedo che la squadra sta facendo quello che deve fare. Poi si lavora tutti i giorni per crescere: a volte ci riesci, altre no. Manca qualche vittoria, ripeto: nel calcio, poi, si fanno le analisi anche in base ai risultati, purtroppo\u201d<\/em>, ha detto ancora l\u2019allenatore bianconero.<\/p>\n<p><em>\u201cCerte gare si vincono anche col cuore. Con la pressione agli avversari e l\u2019aggressivit\u00e0 nel difendere e nell\u2019attaccare. Si pu\u00f2 vincere anche con un calcio da fermo. <strong>Quattro pareggi di fila? Undici gol incassati in 5 gare? A me questi numeri interessano zero.<\/strong> Mi interessa solo che la squadra faccia quello per cui ci alleniamo e che dia tutto\u201d<\/em>, ha continuato Tudor.<\/p>\n<p><em>\u201cDubbi di formazione? Dopo l\u2019allenamento odierno vedremo. Per ora non posso dire niente\u201d,<\/em> ha spiegato il tecnico della Juve. Sulle rotazioni, poi ha affermato: <em>\u201cIo lavoro con i giocatori su questa cosa, soprattutto sul piano psicologico; poi faccio le scelte di partita in partita\u201d.<\/em><br \/>\nTornando sulle ultime gare, Tudor ha dichiarato: \u201cMa<em>ncano onest\u00e0 e cultura calcistica, cose necessarie per essere obiettivi\u201d.<\/em> Su <strong>Modric<\/strong>, infine, ha detto: \u201c<em>Siamo stati compagni di Nazionale. Mai visto uno a 40 anni che gioca ancora a certi livelli. E\u2019 un grande, sono orgoglioso di lui. Speriamo che domani non faccia bene\u201d.<\/em><br \/>\n\u2013 foto Ipa Agency \u2013<br \/>\n(ITALPRESS).<\/p>\n<\/div>\n","protected":false},"excerpt":{"rendered":"<p>TORINO (ITALPRESS) \u2013 Igor Tudor, alla vigilia della sfida in casa contro il Milan, difende la sua squadra, che vede \u201cin crescita\u201d. \u201cPer analizzare le ultime gare serve onest\u00e0. Stiamo facendo bene. Non dico che abbiamo fatto partitone, \u00e8 chiaro che anche noi abbiamo dei limiti\u201d, ha detto il tecnico bianconero in conferenza stampa. \u201cAffrontiamo [&hellip;]<\/p>\n","protected":false},"author":16,"featured_media":60344,"comment_status":"closed","ping_status":"closed","sticky":false,"template":"","format":"standard","meta":{"jnews-multi-image_gallery":[],"jnews_single_post":[],"jnews_primary_category":[],"jnews_social_meta":[],"jnews_override_counter":[],"jnews_post_split":[],"footnotes":""},"categories":[1129],"tags":[],"class_list":["post-60343","post","type-post","status-publish","format-standard","has-post-thumbnail","hentry","category-mondo"],"yoast_head":"<!-- This site is optimized with the Yoast SEO plugin v27.5 - https:\/\/yoast.com\/product\/yoast-seo-wordpress\/ -->\n<title>Tudor \u201cIo vedo una Juve in crescita, Milan grande squadra\u201d - Live Magazine<\/title>\n<meta name=\"robots\" content=\"index, follow, max-snippet:-1, max-image-preview:large, max-video-preview:-1\" \/>\n<link rel=\"canonical\" href=\"https:\/\/www.livemag.it\/index.php\/2025\/10\/04\/tudor-io-vedo-una-juve-in-crescita-milan-grande-squadra\/\" \/>\n<meta property=\"og:locale\" content=\"it_IT\" \/>\n<meta property=\"og:type\" content=\"article\" \/>\n<meta property=\"og:title\" content=\"Tudor \u201cIo vedo una Juve in crescita, Milan grande squadra\u201d - Live Magazine\" \/>\n<meta property=\"og:description\" content=\"TORINO (ITALPRESS) \u2013 Igor Tudor, alla vigilia della sfida in casa contro il Milan, difende la sua squadra, che vede \u201cin crescita\u201d. \u201cPer analizzare le ultime gare serve onest\u00e0. Stiamo facendo bene. Non dico che abbiamo fatto partitone, \u00e8 chiaro che anche noi abbiamo dei limiti\u201d, ha detto il tecnico bianconero in conferenza stampa. \u201cAffrontiamo [&hellip;]\" \/>\n<meta property=\"og:url\" content=\"https:\/\/www.livemag.it\/index.php\/2025\/10\/04\/tudor-io-vedo-una-juve-in-crescita-milan-grande-squadra\/\" \/>\n<meta property=\"og:site_name\" content=\"Live Magazine\" \/>\n<meta property=\"article:publisher\" content=\"https:\/\/www.facebook.com\/LiveMag\/\" \/>\n<meta property=\"article:published_time\" content=\"2025-10-04T16:02:48+00:00\" \/>\n<meta property=\"og:image\" content=\"https:\/\/www.livemag.it\/wp-content\/uploads\/2024\/02\/ograph.jpg\" \/>\n\t<meta property=\"og:image:width\" content=\"1200\" \/>\n\t<meta property=\"og:image:height\" content=\"675\" \/>\n\t<meta property=\"og:image:type\" content=\"image\/jpeg\" \/>\n<meta name=\"author\" content=\"italpress\" \/>\n<meta name=\"twitter:card\" content=\"summary_large_image\" \/>\n<meta name=\"twitter:creator\" content=\"@LiveNotizie\" \/>\n<meta name=\"twitter:site\" content=\"@LiveNotizie\" \/>\n<meta name=\"twitter:label1\" content=\"Scritto da\" \/>\n\t<meta name=\"twitter:data1\" content=\"italpress\" \/>\n\t<meta name=\"twitter:label2\" content=\"Tempo di lettura stimato\" \/>\n\t<meta name=\"twitter:data2\" content=\"2 minuti\" \/>\n<script type=\"application\/ld+json\" class=\"yoast-schema-graph\">{\"@context\":\"https:\\\/\\\/schema.org\",\"@graph\":[{\"@type\":\"Article\",\"@id\":\"https:\\\/\\\/www.livemag.it\\\/index.php\\\/2025\\\/10\\\/04\\\/tudor-io-vedo-una-juve-in-crescita-milan-grande-squadra\\\/#article\",\"isPartOf\":{\"@id\":\"https:\\\/\\\/www.livemag.it\\\/index.php\\\/2025\\\/10\\\/04\\\/tudor-io-vedo-una-juve-in-crescita-milan-grande-squadra\\\/\"},\"author\":{\"name\":\"italpress\",\"@id\":\"https:\\\/\\\/www.livemag.it\\\/#\\\/schema\\\/person\\\/b62c5f44451fdcdaeb0afe6c2424e73c\"},\"headline\":\"Tudor \u201cIo vedo una Juve in crescita, Milan grande squadra\u201d\",\"datePublished\":\"2025-10-04T16:02:48+00:00\",\"mainEntityOfPage\":{\"@id\":\"https:\\\/\\\/www.livemag.it\\\/index.php\\\/2025\\\/10\\\/04\\\/tudor-io-vedo-una-juve-in-crescita-milan-grande-squadra\\\/\"},\"wordCount\":343,\"publisher\":{\"@id\":\"https:\\\/\\\/www.livemag.it\\\/#organization\"},\"image\":{\"@id\":\"https:\\\/\\\/www.livemag.it\\\/index.php\\\/2025\\\/10\\\/04\\\/tudor-io-vedo-una-juve-in-crescita-milan-grande-squadra\\\/#primaryimage\"},\"thumbnailUrl\":\"https:\\\/\\\/www.livemag.it\\\/wp-content\\\/uploads\\\/2025\\\/10\\\/20251004_0815.jpg\",\"articleSection\":[\"Mondo\"],\"inLanguage\":\"it-IT\"},{\"@type\":\"WebPage\",\"@id\":\"https:\\\/\\\/www.livemag.it\\\/index.php\\\/2025\\\/10\\\/04\\\/tudor-io-vedo-una-juve-in-crescita-milan-grande-squadra\\\/\",\"url\":\"https:\\\/\\\/www.livemag.it\\\/index.php\\\/2025\\\/10\\\/04\\\/tudor-io-vedo-una-juve-in-crescita-milan-grande-squadra\\\/\",\"name\":\"Tudor \u201cIo vedo una Juve in crescita, Milan grande squadra\u201d - Live Magazine\",\"isPartOf\":{\"@id\":\"https:\\\/\\\/www.livemag.it\\\/#website\"},\"primaryImageOfPage\":{\"@id\":\"https:\\\/\\\/www.livemag.it\\\/index.php\\\/2025\\\/10\\\/04\\\/tudor-io-vedo-una-juve-in-crescita-milan-grande-squadra\\\/#primaryimage\"},\"image\":{\"@id\":\"https:\\\/\\\/www.livemag.it\\\/index.php\\\/2025\\\/10\\\/04\\\/tudor-io-vedo-una-juve-in-crescita-milan-grande-squadra\\\/#primaryimage\"},\"thumbnailUrl\":\"https:\\\/\\\/www.livemag.it\\\/wp-content\\\/uploads\\\/2025\\\/10\\\/20251004_0815.jpg\",\"datePublished\":\"2025-10-04T16:02:48+00:00\",\"breadcrumb\":{\"@id\":\"https:\\\/\\\/www.livemag.it\\\/index.php\\\/2025\\\/10\\\/04\\\/tudor-io-vedo-una-juve-in-crescita-milan-grande-squadra\\\/#breadcrumb\"},\"inLanguage\":\"it-IT\",\"potentialAction\":[{\"@type\":\"ReadAction\",\"target\":[\"https:\\\/\\\/www.livemag.it\\\/index.php\\\/2025\\\/10\\\/04\\\/tudor-io-vedo-una-juve-in-crescita-milan-grande-squadra\\\/\"]}]},{\"@type\":\"ImageObject\",\"inLanguage\":\"it-IT\",\"@id\":\"https:\\\/\\\/www.livemag.it\\\/index.php\\\/2025\\\/10\\\/04\\\/tudor-io-vedo-una-juve-in-crescita-milan-grande-squadra\\\/#primaryimage\",\"url\":\"https:\\\/\\\/www.livemag.it\\\/wp-content\\\/uploads\\\/2025\\\/10\\\/20251004_0815.jpg\",\"contentUrl\":\"https:\\\/\\\/www.livemag.it\\\/wp-content\\\/uploads\\\/2025\\\/10\\\/20251004_0815.jpg\",\"width\":1200,\"height\":800},{\"@type\":\"BreadcrumbList\",\"@id\":\"https:\\\/\\\/www.livemag.it\\\/index.php\\\/2025\\\/10\\\/04\\\/tudor-io-vedo-una-juve-in-crescita-milan-grande-squadra\\\/#breadcrumb\",\"itemListElement\":[{\"@type\":\"ListItem\",\"position\":1,\"name\":\"Home\",\"item\":\"https:\\\/\\\/www.livemag.it\\\/\"},{\"@type\":\"ListItem\",\"position\":2,\"name\":\"Tudor \u201cIo vedo una Juve in crescita, Milan grande squadra\u201d\"}]},{\"@type\":\"WebSite\",\"@id\":\"https:\\\/\\\/www.livemag.it\\\/#website\",\"url\":\"https:\\\/\\\/www.livemag.it\\\/\",\"name\":\"Live Magazine\",\"description\":\"Varie ed eventi\",\"publisher\":{\"@id\":\"https:\\\/\\\/www.livemag.it\\\/#organization\"},\"potentialAction\":[{\"@type\":\"SearchAction\",\"target\":{\"@type\":\"EntryPoint\",\"urlTemplate\":\"https:\\\/\\\/www.livemag.it\\\/?s={search_term_string}\"},\"query-input\":{\"@type\":\"PropertyValueSpecification\",\"valueRequired\":true,\"valueName\":\"search_term_string\"}}],\"inLanguage\":\"it-IT\"},{\"@type\":\"Organization\",\"@id\":\"https:\\\/\\\/www.livemag.it\\\/#organization\",\"name\":\"LiveMag\",\"alternateName\":\"LiveMag News ed eventi\",\"url\":\"https:\\\/\\\/www.livemag.it\\\/\",\"logo\":{\"@type\":\"ImageObject\",\"inLanguage\":\"it-IT\",\"@id\":\"https:\\\/\\\/www.livemag.it\\\/#\\\/schema\\\/logo\\\/image\\\/\",\"url\":\"https:\\\/\\\/www.livemag.it\\\/wp-content\\\/uploads\\\/2024\\\/02\\\/immagine-sito.jpg\",\"contentUrl\":\"https:\\\/\\\/www.livemag.it\\\/wp-content\\\/uploads\\\/2024\\\/02\\\/immagine-sito.jpg\",\"width\":696,\"height\":696,\"caption\":\"LiveMag\"},\"image\":{\"@id\":\"https:\\\/\\\/www.livemag.it\\\/#\\\/schema\\\/logo\\\/image\\\/\"},\"sameAs\":[\"https:\\\/\\\/www.facebook.com\\\/LiveMag\\\/\",\"https:\\\/\\\/x.com\\\/LiveNotizie\",\"https:\\\/\\\/www.instagram.com\\\/livemag\\\/\"]},{\"@type\":\"Person\",\"@id\":\"https:\\\/\\\/www.livemag.it\\\/#\\\/schema\\\/person\\\/b62c5f44451fdcdaeb0afe6c2424e73c\",\"name\":\"italpress\",\"image\":{\"@type\":\"ImageObject\",\"inLanguage\":\"it-IT\",\"@id\":\"https:\\\/\\\/secure.gravatar.com\\\/avatar\\\/b6a21695fc713ce7ee312cf57c97e2e641feb365be72d8745574d3c3e2b59066?s=96&r=g\",\"url\":\"https:\\\/\\\/secure.gravatar.com\\\/avatar\\\/b6a21695fc713ce7ee312cf57c97e2e641feb365be72d8745574d3c3e2b59066?s=96&r=g\",\"contentUrl\":\"https:\\\/\\\/secure.gravatar.com\\\/avatar\\\/b6a21695fc713ce7ee312cf57c97e2e641feb365be72d8745574d3c3e2b59066?s=96&r=g\",\"caption\":\"italpress\"},\"description\":\"Italpress \u00e8 un'agenzia di stampa italiana a carattere nazionale.\",\"url\":\"https:\\\/\\\/www.livemag.it\\\/index.php\\\/author\\\/italpress\\\/\"}]}<\/script>\n<!-- \/ Yoast SEO plugin. -->","yoast_head_json":{"title":"Tudor \u201cIo vedo una Juve in crescita, Milan grande squadra\u201d - Live Magazine","robots":{"index":"index","follow":"follow","max-snippet":"max-snippet:-1","max-image-preview":"max-image-preview:large","max-video-preview":"max-video-preview:-1"},"canonical":"https:\/\/www.livemag.it\/index.php\/2025\/10\/04\/tudor-io-vedo-una-juve-in-crescita-milan-grande-squadra\/","og_locale":"it_IT","og_type":"article","og_title":"Tudor \u201cIo vedo una Juve in crescita, Milan grande squadra\u201d - Live Magazine","og_description":"TORINO (ITALPRESS) \u2013 Igor Tudor, alla vigilia della sfida in casa contro il Milan, difende la sua squadra, che vede \u201cin crescita\u201d. \u201cPer analizzare le ultime gare serve onest\u00e0. Stiamo facendo bene. Non dico che abbiamo fatto partitone, \u00e8 chiaro che anche noi abbiamo dei limiti\u201d, ha detto il tecnico bianconero in conferenza stampa. \u201cAffrontiamo [&hellip;]","og_url":"https:\/\/www.livemag.it\/index.php\/2025\/10\/04\/tudor-io-vedo-una-juve-in-crescita-milan-grande-squadra\/","og_site_name":"Live Magazine","article_publisher":"https:\/\/www.facebook.com\/LiveMag\/","article_published_time":"2025-10-04T16:02:48+00:00","og_image":[{"width":1200,"height":675,"url":"https:\/\/www.livemag.it\/wp-content\/uploads\/2024\/02\/ograph.jpg","type":"image\/jpeg"}],"author":"italpress","twitter_card":"summary_large_image","twitter_creator":"@LiveNotizie","twitter_site":"@LiveNotizie","twitter_misc":{"Scritto da":"italpress","Tempo di lettura stimato":"2 minuti"},"schema":{"@context":"https:\/\/schema.org","@graph":[{"@type":"Article","@id":"https:\/\/www.livemag.it\/index.php\/2025\/10\/04\/tudor-io-vedo-una-juve-in-crescita-milan-grande-squadra\/#article","isPartOf":{"@id":"https:\/\/www.livemag.it\/index.php\/2025\/10\/04\/tudor-io-vedo-una-juve-in-crescita-milan-grande-squadra\/"},"author":{"name":"italpress","@id":"https:\/\/www.livemag.it\/#\/schema\/person\/b62c5f44451fdcdaeb0afe6c2424e73c"},"headline":"Tudor \u201cIo vedo una Juve in crescita, Milan grande squadra\u201d","datePublished":"2025-10-04T16:02:48+00:00","mainEntityOfPage":{"@id":"https:\/\/www.livemag.it\/index.php\/2025\/10\/04\/tudor-io-vedo-una-juve-in-crescita-milan-grande-squadra\/"},"wordCount":343,"publisher":{"@id":"https:\/\/www.livemag.it\/#organization"},"image":{"@id":"https:\/\/www.livemag.it\/index.php\/2025\/10\/04\/tudor-io-vedo-una-juve-in-crescita-milan-grande-squadra\/#primaryimage"},"thumbnailUrl":"https:\/\/www.livemag.it\/wp-content\/uploads\/2025\/10\/20251004_0815.jpg","articleSection":["Mondo"],"inLanguage":"it-IT"},{"@type":"WebPage","@id":"https:\/\/www.livemag.it\/index.php\/2025\/10\/04\/tudor-io-vedo-una-juve-in-crescita-milan-grande-squadra\/","url":"https:\/\/www.livemag.it\/index.php\/2025\/10\/04\/tudor-io-vedo-una-juve-in-crescita-milan-grande-squadra\/","name":"Tudor \u201cIo vedo una Juve in crescita, Milan grande squadra\u201d - Live Magazine","isPartOf":{"@id":"https:\/\/www.livemag.it\/#website"},"primaryImageOfPage":{"@id":"https:\/\/www.livemag.it\/index.php\/2025\/10\/04\/tudor-io-vedo-una-juve-in-crescita-milan-grande-squadra\/#primaryimage"},"image":{"@id":"https:\/\/www.livemag.it\/index.php\/2025\/10\/04\/tudor-io-vedo-una-juve-in-crescita-milan-grande-squadra\/#primaryimage"},"thumbnailUrl":"https:\/\/www.livemag.it\/wp-content\/uploads\/2025\/10\/20251004_0815.jpg","datePublished":"2025-10-04T16:02:48+00:00","breadcrumb":{"@id":"https:\/\/www.livemag.it\/index.php\/2025\/10\/04\/tudor-io-vedo-una-juve-in-crescita-milan-grande-squadra\/#breadcrumb"},"inLanguage":"it-IT","potentialAction":[{"@type":"ReadAction","target":["https:\/\/www.livemag.it\/index.php\/2025\/10\/04\/tudor-io-vedo-una-juve-in-crescita-milan-grande-squadra\/"]}]},{"@type":"ImageObject","inLanguage":"it-IT","@id":"https:\/\/www.livemag.it\/index.php\/2025\/10\/04\/tudor-io-vedo-una-juve-in-crescita-milan-grande-squadra\/#primaryimage","url":"https:\/\/www.livemag.it\/wp-content\/uploads\/2025\/10\/20251004_0815.jpg","contentUrl":"https:\/\/www.livemag.it\/wp-content\/uploads\/2025\/10\/20251004_0815.jpg","width":1200,"height":800},{"@type":"BreadcrumbList","@id":"https:\/\/www.livemag.it\/index.php\/2025\/10\/04\/tudor-io-vedo-una-juve-in-crescita-milan-grande-squadra\/#breadcrumb","itemListElement":[{"@type":"ListItem","position":1,"name":"Home","item":"https:\/\/www.livemag.it\/"},{"@type":"ListItem","position":2,"name":"Tudor \u201cIo vedo una Juve in crescita, Milan grande squadra\u201d"}]},{"@type":"WebSite","@id":"https:\/\/www.livemag.it\/#website","url":"https:\/\/www.livemag.it\/","name":"Live Magazine","description":"Varie ed eventi","publisher":{"@id":"https:\/\/www.livemag.it\/#organization"},"potentialAction":[{"@type":"SearchAction","target":{"@type":"EntryPoint","urlTemplate":"https:\/\/www.livemag.it\/?s={search_term_string}"},"query-input":{"@type":"PropertyValueSpecification","valueRequired":true,"valueName":"search_term_string"}}],"inLanguage":"it-IT"},{"@type":"Organization","@id":"https:\/\/www.livemag.it\/#organization","name":"LiveMag","alternateName":"LiveMag News ed eventi","url":"https:\/\/www.livemag.it\/","logo":{"@type":"ImageObject","inLanguage":"it-IT","@id":"https:\/\/www.livemag.it\/#\/schema\/logo\/image\/","url":"https:\/\/www.livemag.it\/wp-content\/uploads\/2024\/02\/immagine-sito.jpg","contentUrl":"https:\/\/www.livemag.it\/wp-content\/uploads\/2024\/02\/immagine-sito.jpg","width":696,"height":696,"caption":"LiveMag"},"image":{"@id":"https:\/\/www.livemag.it\/#\/schema\/logo\/image\/"},"sameAs":["https:\/\/www.facebook.com\/LiveMag\/","https:\/\/x.com\/LiveNotizie","https:\/\/www.instagram.com\/livemag\/"]},{"@type":"Person","@id":"https:\/\/www.livemag.it\/#\/schema\/person\/b62c5f44451fdcdaeb0afe6c2424e73c","name":"italpress","image":{"@type":"ImageObject","inLanguage":"it-IT","@id":"https:\/\/secure.gravatar.com\/avatar\/b6a21695fc713ce7ee312cf57c97e2e641feb365be72d8745574d3c3e2b59066?s=96&r=g","url":"https:\/\/secure.gravatar.com\/avatar\/b6a21695fc713ce7ee312cf57c97e2e641feb365be72d8745574d3c3e2b59066?s=96&r=g","contentUrl":"https:\/\/secure.gravatar.com\/avatar\/b6a21695fc713ce7ee312cf57c97e2e641feb365be72d8745574d3c3e2b59066?s=96&r=g","caption":"italpress"},"description":"Italpress \u00e8 un'agenzia di stampa italiana a carattere nazionale.","url":"https:\/\/www.livemag.it\/index.php\/author\/italpress\/"}]}},"jetpack_featured_media_url":"https:\/\/www.livemag.it\/wp-content\/uploads\/2025\/10\/20251004_0815.jpg","_links":{"self":[{"href":"https:\/\/www.livemag.it\/index.php\/wp-json\/wp\/v2\/posts\/60343","targetHints":{"allow":["GET"]}}],"collection":[{"href":"https:\/\/www.livemag.it\/index.php\/wp-json\/wp\/v2\/posts"}],"about":[{"href":"https:\/\/www.livemag.it\/index.php\/wp-json\/wp\/v2\/types\/post"}],"author":[{"embeddable":true,"href":"https:\/\/www.livemag.it\/index.php\/wp-json\/wp\/v2\/users\/16"}],"replies":[{"embeddable":true,"href":"https:\/\/www.livemag.it\/index.php\/wp-json\/wp\/v2\/comments?post=60343"}],"version-history":[{"count":0,"href":"https:\/\/www.livemag.it\/index.php\/wp-json\/wp\/v2\/posts\/60343\/revisions"}],"wp:featuredmedia":[{"embeddable":true,"href":"https:\/\/www.livemag.it\/index.php\/wp-json\/wp\/v2\/media\/60344"}],"wp:attachment":[{"href":"https:\/\/www.livemag.it\/index.php\/wp-json\/wp\/v2\/media?parent=60343"}],"wp:term":[{"taxonomy":"category","embeddable":true,"href":"https:\/\/www.livemag.it\/index.php\/wp-json\/wp\/v2\/categories?post=60343"},{"taxonomy":"post_tag","embeddable":true,"href":"https:\/\/www.livemag.it\/index.php\/wp-json\/wp\/v2\/tags?post=60343"}],"curies":[{"name":"wp","href":"https:\/\/api.w.org\/{rel}","templated":true}]}}