{"id":60341,"date":"2025-10-04T18:02:46","date_gmt":"2025-10-04T16:02:46","guid":{"rendered":"https:\/\/www.livemag.it\/index.php\/2025\/10\/04\/allegri-con-la-juve-nessuna-rivincita-sara-gara-tecnica\/"},"modified":"2025-10-04T18:02:46","modified_gmt":"2025-10-04T16:02:46","slug":"allegri-con-la-juve-nessuna-rivincita-sara-gara-tecnica","status":"publish","type":"post","link":"https:\/\/www.livemag.it\/index.php\/2025\/10\/04\/allegri-con-la-juve-nessuna-rivincita-sara-gara-tecnica\/","title":{"rendered":"Allegri \u201cCon la Juve nessuna rivincita, sar\u00e0 gara tecnica\u201d"},"content":{"rendered":"<div>\n<p>MILANO (ITALPRESS) \u2013 <strong>Non sar\u00e0 una rivincita<\/strong>. Lo ha detto<strong> Massimiliano Allegri, tecnico del Milan, alla vigilia del match di campionato<\/strong>, in trasferta, contro la <strong>Juventus<\/strong>, squadra che ha guidato per otto stagioni. <em>\u201cJuve-Milan \u00e8 sempre una gara straordinariamente bella. Dobbiamo fare un altro passo avanti. Dovremo esser bravi e far bene per poi trascorrere al meglio la sosta per le Nazionali<\/em> \u2013 ha spiegato Allegri -.<em> Pensiamo alla partita, per ora i sentimenti me li porto dentro. E\u2019 una bella partita da giocare, contro una squadra che non ha mai perso\u201d,<\/em> ha aggiunto il tecnico rossonero.<\/p>\n<p><em> \u201cSono stato fortunato a passare quattro anni al Milan, ora \u00e8 il quinto, e otto alla Juventus. Domani non \u00e8 la mia partita o la mia rivincita. Io mi metter\u00f2 in panchina, tecnicamente sar\u00e0 di certo una bella sfida\u201d,<\/em> ha detto ancora Allegri. <em>\u201cPer arrivare ai primi 4 posti bisogna fare circa 73, 74 punti. Siamo ancora molto lontani e mancano ancora tante vittorie. E\u2019 normale che quando si vince si \u00e8 pi\u00f9 tranquilli, per lavorare al meglio. Domani, ripeto, sar\u00e0 una gara molto tecnica. Loro hanno sempre segnato finora\u201d<\/em>, ha proseguito l\u2019allenatore del Milan.<\/p>\n<p>Poi, sui singoli:<em> \u201c<strong>Tomori<\/strong> \u00e8 a disposizione ma lo devo valutare. <strong>Leao<\/strong> ha fatto una bella settimana, \u00e8 la prima dal 17 agosto. Domenica volevo farlo entrare, ma non cos\u00ec presto. Lui sta crescendo sul piano della condizione fisica, cos\u00ec come<strong> Nkunku.<\/strong> Per la formazione ancora devo decidere. Oggi vedr\u00f2 l\u2019allenamento e poi scegliero la squadra. Non dimentichiamo che i cambi sono fondamentali. Dobbiamo andare a Torino per fare risultato\u201d.<\/em><\/p>\n<p><em><strong>\u201cBartesaghi?<\/strong> Ho fiducia in lui come in tutti i giocatori della rosa. Domani giocher\u00e0 Bartesaghi o <strong>Athekame<\/strong>, che pu\u00f2 giocare anche a sinistra. Il futuro? Domani c\u2019\u00e8 una partita, poi ce ne sar\u00e0 un\u2019altra. Si parla tanto di progetti ma nel calcio conta vincere le partite, altrimenti non vai da nessuna parte\u201d,<\/em> ha concluso Allegri.<\/p>\n<p>\u2013 foto Ipa Agency \u2013<br \/>\n(ITALPRESS).<\/p>\n<\/div>\n","protected":false},"excerpt":{"rendered":"<p>MILANO (ITALPRESS) \u2013 Non sar\u00e0 una rivincita. Lo ha detto Massimiliano Allegri, tecnico del Milan, alla vigilia del match di campionato, in trasferta, contro la Juventus, squadra che ha guidato per otto stagioni. \u201cJuve-Milan \u00e8 sempre una gara straordinariamente bella. Dobbiamo fare un altro passo avanti. Dovremo esser bravi e far bene per poi trascorrere [&hellip;]<\/p>\n","protected":false},"author":16,"featured_media":60342,"comment_status":"closed","ping_status":"closed","sticky":false,"template":"","format":"standard","meta":{"jnews-multi-image_gallery":[],"jnews_single_post":[],"jnews_primary_category":[],"jnews_social_meta":[],"jnews_override_counter":[],"jnews_post_split":[],"footnotes":""},"categories":[1129],"tags":[],"class_list":["post-60341","post","type-post","status-publish","format-standard","has-post-thumbnail","hentry","category-mondo"],"yoast_head":"<!-- This site is optimized with the Yoast SEO plugin v27.5 - https:\/\/yoast.com\/product\/yoast-seo-wordpress\/ -->\n<title>Allegri \u201cCon la Juve nessuna rivincita, sar\u00e0 gara tecnica\u201d - Live Magazine<\/title>\n<meta name=\"robots\" content=\"index, follow, max-snippet:-1, max-image-preview:large, max-video-preview:-1\" \/>\n<link rel=\"canonical\" href=\"https:\/\/www.livemag.it\/index.php\/2025\/10\/04\/allegri-con-la-juve-nessuna-rivincita-sara-gara-tecnica\/\" \/>\n<meta property=\"og:locale\" content=\"it_IT\" \/>\n<meta property=\"og:type\" content=\"article\" \/>\n<meta property=\"og:title\" content=\"Allegri \u201cCon la Juve nessuna rivincita, sar\u00e0 gara tecnica\u201d - Live Magazine\" \/>\n<meta property=\"og:description\" content=\"MILANO (ITALPRESS) \u2013 Non sar\u00e0 una rivincita. Lo ha detto Massimiliano Allegri, tecnico del Milan, alla vigilia del match di campionato, in trasferta, contro la Juventus, squadra che ha guidato per otto stagioni. \u201cJuve-Milan \u00e8 sempre una gara straordinariamente bella. Dobbiamo fare un altro passo avanti. Dovremo esser bravi e far bene per poi trascorrere [&hellip;]\" \/>\n<meta property=\"og:url\" content=\"https:\/\/www.livemag.it\/index.php\/2025\/10\/04\/allegri-con-la-juve-nessuna-rivincita-sara-gara-tecnica\/\" \/>\n<meta property=\"og:site_name\" content=\"Live Magazine\" \/>\n<meta property=\"article:publisher\" content=\"https:\/\/www.facebook.com\/LiveMag\/\" \/>\n<meta property=\"article:published_time\" content=\"2025-10-04T16:02:46+00:00\" \/>\n<meta property=\"og:image\" content=\"https:\/\/www.livemag.it\/wp-content\/uploads\/2024\/02\/ograph.jpg\" \/>\n\t<meta property=\"og:image:width\" content=\"1200\" \/>\n\t<meta property=\"og:image:height\" content=\"675\" \/>\n\t<meta property=\"og:image:type\" content=\"image\/jpeg\" \/>\n<meta name=\"author\" content=\"italpress\" \/>\n<meta name=\"twitter:card\" content=\"summary_large_image\" \/>\n<meta name=\"twitter:creator\" content=\"@LiveNotizie\" \/>\n<meta name=\"twitter:site\" content=\"@LiveNotizie\" \/>\n<meta name=\"twitter:label1\" content=\"Scritto da\" \/>\n\t<meta name=\"twitter:data1\" content=\"italpress\" \/>\n\t<meta name=\"twitter:label2\" content=\"Tempo di lettura stimato\" \/>\n\t<meta name=\"twitter:data2\" content=\"2 minuti\" \/>\n<script type=\"application\/ld+json\" class=\"yoast-schema-graph\">{\"@context\":\"https:\\\/\\\/schema.org\",\"@graph\":[{\"@type\":\"Article\",\"@id\":\"https:\\\/\\\/www.livemag.it\\\/index.php\\\/2025\\\/10\\\/04\\\/allegri-con-la-juve-nessuna-rivincita-sara-gara-tecnica\\\/#article\",\"isPartOf\":{\"@id\":\"https:\\\/\\\/www.livemag.it\\\/index.php\\\/2025\\\/10\\\/04\\\/allegri-con-la-juve-nessuna-rivincita-sara-gara-tecnica\\\/\"},\"author\":{\"name\":\"italpress\",\"@id\":\"https:\\\/\\\/www.livemag.it\\\/#\\\/schema\\\/person\\\/b62c5f44451fdcdaeb0afe6c2424e73c\"},\"headline\":\"Allegri \u201cCon la Juve nessuna rivincita, sar\u00e0 gara tecnica\u201d\",\"datePublished\":\"2025-10-04T16:02:46+00:00\",\"mainEntityOfPage\":{\"@id\":\"https:\\\/\\\/www.livemag.it\\\/index.php\\\/2025\\\/10\\\/04\\\/allegri-con-la-juve-nessuna-rivincita-sara-gara-tecnica\\\/\"},\"wordCount\":321,\"publisher\":{\"@id\":\"https:\\\/\\\/www.livemag.it\\\/#organization\"},\"image\":{\"@id\":\"https:\\\/\\\/www.livemag.it\\\/index.php\\\/2025\\\/10\\\/04\\\/allegri-con-la-juve-nessuna-rivincita-sara-gara-tecnica\\\/#primaryimage\"},\"thumbnailUrl\":\"https:\\\/\\\/www.livemag.it\\\/wp-content\\\/uploads\\\/2025\\\/10\\\/20251004_0609.jpg\",\"articleSection\":[\"Mondo\"],\"inLanguage\":\"it-IT\"},{\"@type\":\"WebPage\",\"@id\":\"https:\\\/\\\/www.livemag.it\\\/index.php\\\/2025\\\/10\\\/04\\\/allegri-con-la-juve-nessuna-rivincita-sara-gara-tecnica\\\/\",\"url\":\"https:\\\/\\\/www.livemag.it\\\/index.php\\\/2025\\\/10\\\/04\\\/allegri-con-la-juve-nessuna-rivincita-sara-gara-tecnica\\\/\",\"name\":\"Allegri \u201cCon la Juve nessuna rivincita, sar\u00e0 gara tecnica\u201d - Live Magazine\",\"isPartOf\":{\"@id\":\"https:\\\/\\\/www.livemag.it\\\/#website\"},\"primaryImageOfPage\":{\"@id\":\"https:\\\/\\\/www.livemag.it\\\/index.php\\\/2025\\\/10\\\/04\\\/allegri-con-la-juve-nessuna-rivincita-sara-gara-tecnica\\\/#primaryimage\"},\"image\":{\"@id\":\"https:\\\/\\\/www.livemag.it\\\/index.php\\\/2025\\\/10\\\/04\\\/allegri-con-la-juve-nessuna-rivincita-sara-gara-tecnica\\\/#primaryimage\"},\"thumbnailUrl\":\"https:\\\/\\\/www.livemag.it\\\/wp-content\\\/uploads\\\/2025\\\/10\\\/20251004_0609.jpg\",\"datePublished\":\"2025-10-04T16:02:46+00:00\",\"breadcrumb\":{\"@id\":\"https:\\\/\\\/www.livemag.it\\\/index.php\\\/2025\\\/10\\\/04\\\/allegri-con-la-juve-nessuna-rivincita-sara-gara-tecnica\\\/#breadcrumb\"},\"inLanguage\":\"it-IT\",\"potentialAction\":[{\"@type\":\"ReadAction\",\"target\":[\"https:\\\/\\\/www.livemag.it\\\/index.php\\\/2025\\\/10\\\/04\\\/allegri-con-la-juve-nessuna-rivincita-sara-gara-tecnica\\\/\"]}]},{\"@type\":\"ImageObject\",\"inLanguage\":\"it-IT\",\"@id\":\"https:\\\/\\\/www.livemag.it\\\/index.php\\\/2025\\\/10\\\/04\\\/allegri-con-la-juve-nessuna-rivincita-sara-gara-tecnica\\\/#primaryimage\",\"url\":\"https:\\\/\\\/www.livemag.it\\\/wp-content\\\/uploads\\\/2025\\\/10\\\/20251004_0609.jpg\",\"contentUrl\":\"https:\\\/\\\/www.livemag.it\\\/wp-content\\\/uploads\\\/2025\\\/10\\\/20251004_0609.jpg\",\"width\":1200,\"height\":800},{\"@type\":\"BreadcrumbList\",\"@id\":\"https:\\\/\\\/www.livemag.it\\\/index.php\\\/2025\\\/10\\\/04\\\/allegri-con-la-juve-nessuna-rivincita-sara-gara-tecnica\\\/#breadcrumb\",\"itemListElement\":[{\"@type\":\"ListItem\",\"position\":1,\"name\":\"Home\",\"item\":\"https:\\\/\\\/www.livemag.it\\\/\"},{\"@type\":\"ListItem\",\"position\":2,\"name\":\"Allegri \u201cCon la Juve nessuna rivincita, sar\u00e0 gara tecnica\u201d\"}]},{\"@type\":\"WebSite\",\"@id\":\"https:\\\/\\\/www.livemag.it\\\/#website\",\"url\":\"https:\\\/\\\/www.livemag.it\\\/\",\"name\":\"Live Magazine\",\"description\":\"Varie ed eventi\",\"publisher\":{\"@id\":\"https:\\\/\\\/www.livemag.it\\\/#organization\"},\"potentialAction\":[{\"@type\":\"SearchAction\",\"target\":{\"@type\":\"EntryPoint\",\"urlTemplate\":\"https:\\\/\\\/www.livemag.it\\\/?s={search_term_string}\"},\"query-input\":{\"@type\":\"PropertyValueSpecification\",\"valueRequired\":true,\"valueName\":\"search_term_string\"}}],\"inLanguage\":\"it-IT\"},{\"@type\":\"Organization\",\"@id\":\"https:\\\/\\\/www.livemag.it\\\/#organization\",\"name\":\"LiveMag\",\"alternateName\":\"LiveMag News ed eventi\",\"url\":\"https:\\\/\\\/www.livemag.it\\\/\",\"logo\":{\"@type\":\"ImageObject\",\"inLanguage\":\"it-IT\",\"@id\":\"https:\\\/\\\/www.livemag.it\\\/#\\\/schema\\\/logo\\\/image\\\/\",\"url\":\"https:\\\/\\\/www.livemag.it\\\/wp-content\\\/uploads\\\/2024\\\/02\\\/immagine-sito.jpg\",\"contentUrl\":\"https:\\\/\\\/www.livemag.it\\\/wp-content\\\/uploads\\\/2024\\\/02\\\/immagine-sito.jpg\",\"width\":696,\"height\":696,\"caption\":\"LiveMag\"},\"image\":{\"@id\":\"https:\\\/\\\/www.livemag.it\\\/#\\\/schema\\\/logo\\\/image\\\/\"},\"sameAs\":[\"https:\\\/\\\/www.facebook.com\\\/LiveMag\\\/\",\"https:\\\/\\\/x.com\\\/LiveNotizie\",\"https:\\\/\\\/www.instagram.com\\\/livemag\\\/\"]},{\"@type\":\"Person\",\"@id\":\"https:\\\/\\\/www.livemag.it\\\/#\\\/schema\\\/person\\\/b62c5f44451fdcdaeb0afe6c2424e73c\",\"name\":\"italpress\",\"image\":{\"@type\":\"ImageObject\",\"inLanguage\":\"it-IT\",\"@id\":\"https:\\\/\\\/secure.gravatar.com\\\/avatar\\\/b6a21695fc713ce7ee312cf57c97e2e641feb365be72d8745574d3c3e2b59066?s=96&r=g\",\"url\":\"https:\\\/\\\/secure.gravatar.com\\\/avatar\\\/b6a21695fc713ce7ee312cf57c97e2e641feb365be72d8745574d3c3e2b59066?s=96&r=g\",\"contentUrl\":\"https:\\\/\\\/secure.gravatar.com\\\/avatar\\\/b6a21695fc713ce7ee312cf57c97e2e641feb365be72d8745574d3c3e2b59066?s=96&r=g\",\"caption\":\"italpress\"},\"description\":\"Italpress \u00e8 un'agenzia di stampa italiana a carattere nazionale.\",\"url\":\"https:\\\/\\\/www.livemag.it\\\/index.php\\\/author\\\/italpress\\\/\"}]}<\/script>\n<!-- \/ Yoast SEO plugin. -->","yoast_head_json":{"title":"Allegri \u201cCon la Juve nessuna rivincita, sar\u00e0 gara tecnica\u201d - Live Magazine","robots":{"index":"index","follow":"follow","max-snippet":"max-snippet:-1","max-image-preview":"max-image-preview:large","max-video-preview":"max-video-preview:-1"},"canonical":"https:\/\/www.livemag.it\/index.php\/2025\/10\/04\/allegri-con-la-juve-nessuna-rivincita-sara-gara-tecnica\/","og_locale":"it_IT","og_type":"article","og_title":"Allegri \u201cCon la Juve nessuna rivincita, sar\u00e0 gara tecnica\u201d - Live Magazine","og_description":"MILANO (ITALPRESS) \u2013 Non sar\u00e0 una rivincita. Lo ha detto Massimiliano Allegri, tecnico del Milan, alla vigilia del match di campionato, in trasferta, contro la Juventus, squadra che ha guidato per otto stagioni. \u201cJuve-Milan \u00e8 sempre una gara straordinariamente bella. Dobbiamo fare un altro passo avanti. Dovremo esser bravi e far bene per poi trascorrere [&hellip;]","og_url":"https:\/\/www.livemag.it\/index.php\/2025\/10\/04\/allegri-con-la-juve-nessuna-rivincita-sara-gara-tecnica\/","og_site_name":"Live Magazine","article_publisher":"https:\/\/www.facebook.com\/LiveMag\/","article_published_time":"2025-10-04T16:02:46+00:00","og_image":[{"width":1200,"height":675,"url":"https:\/\/www.livemag.it\/wp-content\/uploads\/2024\/02\/ograph.jpg","type":"image\/jpeg"}],"author":"italpress","twitter_card":"summary_large_image","twitter_creator":"@LiveNotizie","twitter_site":"@LiveNotizie","twitter_misc":{"Scritto da":"italpress","Tempo di lettura stimato":"2 minuti"},"schema":{"@context":"https:\/\/schema.org","@graph":[{"@type":"Article","@id":"https:\/\/www.livemag.it\/index.php\/2025\/10\/04\/allegri-con-la-juve-nessuna-rivincita-sara-gara-tecnica\/#article","isPartOf":{"@id":"https:\/\/www.livemag.it\/index.php\/2025\/10\/04\/allegri-con-la-juve-nessuna-rivincita-sara-gara-tecnica\/"},"author":{"name":"italpress","@id":"https:\/\/www.livemag.it\/#\/schema\/person\/b62c5f44451fdcdaeb0afe6c2424e73c"},"headline":"Allegri \u201cCon la Juve nessuna rivincita, sar\u00e0 gara tecnica\u201d","datePublished":"2025-10-04T16:02:46+00:00","mainEntityOfPage":{"@id":"https:\/\/www.livemag.it\/index.php\/2025\/10\/04\/allegri-con-la-juve-nessuna-rivincita-sara-gara-tecnica\/"},"wordCount":321,"publisher":{"@id":"https:\/\/www.livemag.it\/#organization"},"image":{"@id":"https:\/\/www.livemag.it\/index.php\/2025\/10\/04\/allegri-con-la-juve-nessuna-rivincita-sara-gara-tecnica\/#primaryimage"},"thumbnailUrl":"https:\/\/www.livemag.it\/wp-content\/uploads\/2025\/10\/20251004_0609.jpg","articleSection":["Mondo"],"inLanguage":"it-IT"},{"@type":"WebPage","@id":"https:\/\/www.livemag.it\/index.php\/2025\/10\/04\/allegri-con-la-juve-nessuna-rivincita-sara-gara-tecnica\/","url":"https:\/\/www.livemag.it\/index.php\/2025\/10\/04\/allegri-con-la-juve-nessuna-rivincita-sara-gara-tecnica\/","name":"Allegri \u201cCon la Juve nessuna rivincita, sar\u00e0 gara tecnica\u201d - Live Magazine","isPartOf":{"@id":"https:\/\/www.livemag.it\/#website"},"primaryImageOfPage":{"@id":"https:\/\/www.livemag.it\/index.php\/2025\/10\/04\/allegri-con-la-juve-nessuna-rivincita-sara-gara-tecnica\/#primaryimage"},"image":{"@id":"https:\/\/www.livemag.it\/index.php\/2025\/10\/04\/allegri-con-la-juve-nessuna-rivincita-sara-gara-tecnica\/#primaryimage"},"thumbnailUrl":"https:\/\/www.livemag.it\/wp-content\/uploads\/2025\/10\/20251004_0609.jpg","datePublished":"2025-10-04T16:02:46+00:00","breadcrumb":{"@id":"https:\/\/www.livemag.it\/index.php\/2025\/10\/04\/allegri-con-la-juve-nessuna-rivincita-sara-gara-tecnica\/#breadcrumb"},"inLanguage":"it-IT","potentialAction":[{"@type":"ReadAction","target":["https:\/\/www.livemag.it\/index.php\/2025\/10\/04\/allegri-con-la-juve-nessuna-rivincita-sara-gara-tecnica\/"]}]},{"@type":"ImageObject","inLanguage":"it-IT","@id":"https:\/\/www.livemag.it\/index.php\/2025\/10\/04\/allegri-con-la-juve-nessuna-rivincita-sara-gara-tecnica\/#primaryimage","url":"https:\/\/www.livemag.it\/wp-content\/uploads\/2025\/10\/20251004_0609.jpg","contentUrl":"https:\/\/www.livemag.it\/wp-content\/uploads\/2025\/10\/20251004_0609.jpg","width":1200,"height":800},{"@type":"BreadcrumbList","@id":"https:\/\/www.livemag.it\/index.php\/2025\/10\/04\/allegri-con-la-juve-nessuna-rivincita-sara-gara-tecnica\/#breadcrumb","itemListElement":[{"@type":"ListItem","position":1,"name":"Home","item":"https:\/\/www.livemag.it\/"},{"@type":"ListItem","position":2,"name":"Allegri \u201cCon la Juve nessuna rivincita, sar\u00e0 gara tecnica\u201d"}]},{"@type":"WebSite","@id":"https:\/\/www.livemag.it\/#website","url":"https:\/\/www.livemag.it\/","name":"Live Magazine","description":"Varie ed eventi","publisher":{"@id":"https:\/\/www.livemag.it\/#organization"},"potentialAction":[{"@type":"SearchAction","target":{"@type":"EntryPoint","urlTemplate":"https:\/\/www.livemag.it\/?s={search_term_string}"},"query-input":{"@type":"PropertyValueSpecification","valueRequired":true,"valueName":"search_term_string"}}],"inLanguage":"it-IT"},{"@type":"Organization","@id":"https:\/\/www.livemag.it\/#organization","name":"LiveMag","alternateName":"LiveMag News ed eventi","url":"https:\/\/www.livemag.it\/","logo":{"@type":"ImageObject","inLanguage":"it-IT","@id":"https:\/\/www.livemag.it\/#\/schema\/logo\/image\/","url":"https:\/\/www.livemag.it\/wp-content\/uploads\/2024\/02\/immagine-sito.jpg","contentUrl":"https:\/\/www.livemag.it\/wp-content\/uploads\/2024\/02\/immagine-sito.jpg","width":696,"height":696,"caption":"LiveMag"},"image":{"@id":"https:\/\/www.livemag.it\/#\/schema\/logo\/image\/"},"sameAs":["https:\/\/www.facebook.com\/LiveMag\/","https:\/\/x.com\/LiveNotizie","https:\/\/www.instagram.com\/livemag\/"]},{"@type":"Person","@id":"https:\/\/www.livemag.it\/#\/schema\/person\/b62c5f44451fdcdaeb0afe6c2424e73c","name":"italpress","image":{"@type":"ImageObject","inLanguage":"it-IT","@id":"https:\/\/secure.gravatar.com\/avatar\/b6a21695fc713ce7ee312cf57c97e2e641feb365be72d8745574d3c3e2b59066?s=96&r=g","url":"https:\/\/secure.gravatar.com\/avatar\/b6a21695fc713ce7ee312cf57c97e2e641feb365be72d8745574d3c3e2b59066?s=96&r=g","contentUrl":"https:\/\/secure.gravatar.com\/avatar\/b6a21695fc713ce7ee312cf57c97e2e641feb365be72d8745574d3c3e2b59066?s=96&r=g","caption":"italpress"},"description":"Italpress \u00e8 un'agenzia di stampa italiana a carattere nazionale.","url":"https:\/\/www.livemag.it\/index.php\/author\/italpress\/"}]}},"jetpack_featured_media_url":"https:\/\/www.livemag.it\/wp-content\/uploads\/2025\/10\/20251004_0609.jpg","_links":{"self":[{"href":"https:\/\/www.livemag.it\/index.php\/wp-json\/wp\/v2\/posts\/60341","targetHints":{"allow":["GET"]}}],"collection":[{"href":"https:\/\/www.livemag.it\/index.php\/wp-json\/wp\/v2\/posts"}],"about":[{"href":"https:\/\/www.livemag.it\/index.php\/wp-json\/wp\/v2\/types\/post"}],"author":[{"embeddable":true,"href":"https:\/\/www.livemag.it\/index.php\/wp-json\/wp\/v2\/users\/16"}],"replies":[{"embeddable":true,"href":"https:\/\/www.livemag.it\/index.php\/wp-json\/wp\/v2\/comments?post=60341"}],"version-history":[{"count":0,"href":"https:\/\/www.livemag.it\/index.php\/wp-json\/wp\/v2\/posts\/60341\/revisions"}],"wp:featuredmedia":[{"embeddable":true,"href":"https:\/\/www.livemag.it\/index.php\/wp-json\/wp\/v2\/media\/60342"}],"wp:attachment":[{"href":"https:\/\/www.livemag.it\/index.php\/wp-json\/wp\/v2\/media?parent=60341"}],"wp:term":[{"taxonomy":"category","embeddable":true,"href":"https:\/\/www.livemag.it\/index.php\/wp-json\/wp\/v2\/categories?post=60341"},{"taxonomy":"post_tag","embeddable":true,"href":"https:\/\/www.livemag.it\/index.php\/wp-json\/wp\/v2\/tags?post=60341"}],"curies":[{"name":"wp","href":"https:\/\/api.w.org\/{rel}","templated":true}]}}