{"id":60327,"date":"2025-10-04T15:02:48","date_gmt":"2025-10-04T13:02:48","guid":{"rendered":"https:\/\/www.livemag.it\/index.php\/2025\/10\/04\/guerini-chi-manifesta-deve-essere-sempre-rispettato\/"},"modified":"2025-10-04T15:02:48","modified_gmt":"2025-10-04T13:02:48","slug":"guerini-chi-manifesta-deve-essere-sempre-rispettato","status":"publish","type":"post","link":"https:\/\/www.livemag.it\/index.php\/2025\/10\/04\/guerini-chi-manifesta-deve-essere-sempre-rispettato\/","title":{"rendered":"Guerini \u201cChi manifesta deve essere sempre rispettato\u201d"},"content":{"rendered":"<div>\n<p>ROMA (ITALPRESS) \u2013 \u201cIl piano americano, accettato da numerosi Paesi arabi, \u00e8 un passo importante per conseguire l\u2019obiettivo di raggiungere la pace e fermare la sofferenza della popolazione di Gaza. Si poteva arrivare a una convergenza pi\u00f9 significativa in Parlamento e abbiamo lavorato per riuscirci. Ma il contesto molto polarizzato, con gli attacchi alle opposizioni giunti da chi guida il governo e qualche irrigidimento a sinistra, non ha aiutato. Per questo abbiamo lavorato all\u2019astensione sulla risoluzione della maggioranza che era il massimo che si poteva ottenere in questo passaggio e credo sia stato un risultato alla fine positivo. Se stiamo a ci\u00f2 che era scritto in tutte le risoluzioni presentate, a partire dalla nostra, il piano Usa \u00e8 oggi considerato un punto di partenza condiviso\u201d. Cos\u00ec, in un\u2019intervista al Corriere della Sera, Lorenzo Guerini, deputato del Pd e presidente del Copasir.<br \/>\u201cSono cresciuto \u2013 spiega \u2013 nella cultura dell\u2019autonomia del sindacato dalla politica. E viceversa. Chi sciopera, chi manifesta, deve essere sempre rispettato. Se migliaia di persone vanno in piazza bisogna guardare con attenzione, non con sufficienza. Uno sciopero non ha il compito di risolvere una questione o di indicare una soluzione. E\u2019 uno strumento per esprimere un\u2019indignazione, per fare pressione, per manifestare un problema. Spesso anche con contraddizioni, che sono le contraddizioni della realt\u00e0 storica che stiamo vivendo. Ci\u00f2 che contesto \u00e8 che la politica si limiti a trasformarsi in megafono quando invece il suo compito \u00e8 raccogliere quelle domande mediandole nella responsabilit\u00e0 delle decisioni\u201d. E alla domanda se Giorgia Meloni schiaccia la sinistra su posizioni estremiste, Lorenzo Guerini risponde: \u201cHo un ruolo istituzionale che mi impone sobriet\u00e0 nella risposta. Ribadisco il concetto di prima: nessuno deve pensare di strumentalizzare, in un senso o nell\u2019altro, le piazze a proprio vantaggio. L\u2019eccessiva polarizzazione della politica italiana credo non porti a nulla di buono e forse \u00e8 uno degli elementi alla base della disaffezione sempre pi\u00f9 evidente nelle urne. La delegittimazione reciproca, l\u2019incapacit\u00e0 di trovare terreni comuni di confronto pur nella asprezza della lotta politica e delle sacrosante differenze rischia di dividere il Paese e di imbarbarire il confronto politico\u201d. Il Pd ora insegue Landini, Albanese, la piazza? \u201cIo non inseguo nessuno. Elly Schlein ha lavorato con impegno per unire le opposizioni e ci\u00f2 ha consentito, anche in queste regionali, di presentarci uniti di fronte agli elettori. Un passo necessario conseguito per la caparbiet\u00e0 della segretaria. Ora bisogna trasformare l\u2019unit\u00e0 delle opposizioni in una proposta politica che diventi una credibile e forte alternativa al governo della destra. Dando un profilo pi\u00f9 politico, oltre che aritmetico, alla nostra proposta. E a questo si deve dedicare soprattutto il Partito democratico che di questo progetto rappresenta l\u2019infrastruttura portante. Chiarendo, con le mediazioni che la politica richiede, ci\u00f2 che va chiarito a partire dal nostro posizionamento sulle grandi trasformazioni dello scenario internazionale. Non basta dire che dall\u2019altra parte c\u2019\u00e8 la destra e sperare in un quadro in cui la partecipazione elettorale langue, e uso un\u2019espressione non mia, \u2018di portare a votare i tuo\u00ec. Ecco credo che questo non basti per vincere le prossime elezioni politiche\u201d. All\u2019osservazione che sembra avere un buon rapporto con il ministro Guido Crosetto, dichiara: \u201cIl tema non \u00e8 il rapporto con questo o quel ministro ma come il governo e la maggioranza intendono il rapporto con l\u2019opposizione. Ci sono passaggi in cui maggioranza e opposizione, e quello della crisi mediorientale cos\u00ec come la guerra della Russia all\u2019Ucraina sono tra questi, dovrebbero cercare appunto di trovare un terreno comune di confronto. Ma questo dipende innanzitutto dal governo e dalla maggioranza. Fino ad oggi non c\u2019\u00e8 stato perch\u00e8 penso che dall\u2019esasperazione della polarizzazione la destra pensi di trarne vantaggio elettorale. Ma \u00e8 un calcolo sbagliato e senza respiro\u201d. <br \/>Secondo Guerini \u201ctutto il Pd ha espresso apprezzamento e sostegno alle parole del capo dello Stato. Dobbiamo solo ringraziare il presidente. Il suo \u00e8 stato un appello di grande rilevanza che io, e come me molti altri nel nostro partito, ho accolto con riconoscenza. E, pur nel rispetto delle autonome decisioni di chi era sulla Flotilla, avevo auspicato convintamente che venisse raccolto\u00bb.<br \/>In merito al fronte dell\u2019Ucraina, \u201cPutin dimostra ogni giorno di non volere la pace. Continua a bombardare le citt\u00e0 e la popolazione civile ucraina sperando di fiaccarne l\u2019eroica e coraggiosa capacit\u00e0 di resistere e difendersi. E, nel contempo, compie azioni di guerra ibrida per \u2018testar\u00e8 non solo le reazioni della Nato ma soprattutto quelle delle opinioni pubbliche europee. Azioni che si accompagnano alle campagne di disinformazione in tutta Europa. Per questo bisogna continuare a sostenere con ancor pi\u00f9 determinazione l\u2019Ucraina e chi guarda all\u2019Europa con coraggio e speranza: da questo punto di vista le recenti elezioni in Moldova sono un segnale molto positivo\u201d. Poi, Lorenzo Guerini conclude, sostenendo che investire nella difesa \u201c\u00e8 necessario per dare concretezza alla tanto agognata autonomia strategica europea. Investendo insieme come europei, utilizzando gli strumenti contenuti nel Readiness 2030 come Safe, sul rafforzamento delle nostre capacit\u00e0 militari a partire dalla difesa antimissile e antidrone, dalla difesa cibernetica e dallo spazio. Passi necessari per realizzare concretamente quella difesa europea che altrimenti resta solo un\u2019idea romantica utile a non far nulla\u201d. <br \/>\u2013 foto Ipa agency \u2013<br \/>(ITALPRESS).<\/p>\n<\/div>\n","protected":false},"excerpt":{"rendered":"<p>ROMA (ITALPRESS) \u2013 \u201cIl piano americano, accettato da numerosi Paesi arabi, \u00e8 un passo importante per conseguire l\u2019obiettivo di raggiungere la pace e fermare la sofferenza della popolazione di Gaza. Si poteva arrivare a una convergenza pi\u00f9 significativa in Parlamento e abbiamo lavorato per riuscirci. Ma il contesto molto polarizzato, con gli attacchi alle opposizioni [&hellip;]<\/p>\n","protected":false},"author":16,"featured_media":60328,"comment_status":"closed","ping_status":"closed","sticky":false,"template":"","format":"standard","meta":{"jnews-multi-image_gallery":[],"jnews_single_post":[],"jnews_primary_category":[],"jnews_social_meta":[],"jnews_override_counter":[],"jnews_post_split":[],"footnotes":""},"categories":[1129],"tags":[],"class_list":["post-60327","post","type-post","status-publish","format-standard","has-post-thumbnail","hentry","category-mondo"],"yoast_head":"<!-- This site is optimized with the Yoast SEO plugin v27.5 - https:\/\/yoast.com\/product\/yoast-seo-wordpress\/ -->\n<title>Guerini \u201cChi manifesta deve essere sempre rispettato\u201d - Live Magazine<\/title>\n<meta name=\"robots\" content=\"index, follow, max-snippet:-1, max-image-preview:large, max-video-preview:-1\" \/>\n<link rel=\"canonical\" href=\"https:\/\/www.livemag.it\/index.php\/2025\/10\/04\/guerini-chi-manifesta-deve-essere-sempre-rispettato\/\" \/>\n<meta property=\"og:locale\" content=\"it_IT\" \/>\n<meta property=\"og:type\" content=\"article\" \/>\n<meta property=\"og:title\" content=\"Guerini \u201cChi manifesta deve essere sempre rispettato\u201d - Live Magazine\" \/>\n<meta property=\"og:description\" content=\"ROMA (ITALPRESS) \u2013 \u201cIl piano americano, accettato da numerosi Paesi arabi, \u00e8 un passo importante per conseguire l\u2019obiettivo di raggiungere la pace e fermare la sofferenza della popolazione di Gaza. Si poteva arrivare a una convergenza pi\u00f9 significativa in Parlamento e abbiamo lavorato per riuscirci. Ma il contesto molto polarizzato, con gli attacchi alle opposizioni [&hellip;]\" \/>\n<meta property=\"og:url\" content=\"https:\/\/www.livemag.it\/index.php\/2025\/10\/04\/guerini-chi-manifesta-deve-essere-sempre-rispettato\/\" \/>\n<meta property=\"og:site_name\" content=\"Live Magazine\" \/>\n<meta property=\"article:publisher\" content=\"https:\/\/www.facebook.com\/LiveMag\/\" \/>\n<meta property=\"article:published_time\" content=\"2025-10-04T13:02:48+00:00\" \/>\n<meta property=\"og:image\" content=\"https:\/\/www.livemag.it\/wp-content\/uploads\/2024\/02\/ograph.jpg\" \/>\n\t<meta property=\"og:image:width\" content=\"1200\" \/>\n\t<meta property=\"og:image:height\" content=\"675\" \/>\n\t<meta property=\"og:image:type\" content=\"image\/jpeg\" \/>\n<meta name=\"author\" content=\"italpress\" \/>\n<meta name=\"twitter:card\" content=\"summary_large_image\" \/>\n<meta name=\"twitter:creator\" content=\"@LiveNotizie\" \/>\n<meta name=\"twitter:site\" content=\"@LiveNotizie\" \/>\n<meta name=\"twitter:label1\" content=\"Scritto da\" \/>\n\t<meta name=\"twitter:data1\" content=\"italpress\" \/>\n\t<meta name=\"twitter:label2\" content=\"Tempo di lettura stimato\" \/>\n\t<meta name=\"twitter:data2\" content=\"4 minuti\" \/>\n<script type=\"application\/ld+json\" class=\"yoast-schema-graph\">{\"@context\":\"https:\\\/\\\/schema.org\",\"@graph\":[{\"@type\":\"Article\",\"@id\":\"https:\\\/\\\/www.livemag.it\\\/index.php\\\/2025\\\/10\\\/04\\\/guerini-chi-manifesta-deve-essere-sempre-rispettato\\\/#article\",\"isPartOf\":{\"@id\":\"https:\\\/\\\/www.livemag.it\\\/index.php\\\/2025\\\/10\\\/04\\\/guerini-chi-manifesta-deve-essere-sempre-rispettato\\\/\"},\"author\":{\"name\":\"italpress\",\"@id\":\"https:\\\/\\\/www.livemag.it\\\/#\\\/schema\\\/person\\\/b62c5f44451fdcdaeb0afe6c2424e73c\"},\"headline\":\"Guerini \u201cChi manifesta deve essere sempre rispettato\u201d\",\"datePublished\":\"2025-10-04T13:02:48+00:00\",\"mainEntityOfPage\":{\"@id\":\"https:\\\/\\\/www.livemag.it\\\/index.php\\\/2025\\\/10\\\/04\\\/guerini-chi-manifesta-deve-essere-sempre-rispettato\\\/\"},\"wordCount\":870,\"publisher\":{\"@id\":\"https:\\\/\\\/www.livemag.it\\\/#organization\"},\"image\":{\"@id\":\"https:\\\/\\\/www.livemag.it\\\/index.php\\\/2025\\\/10\\\/04\\\/guerini-chi-manifesta-deve-essere-sempre-rispettato\\\/#primaryimage\"},\"thumbnailUrl\":\"https:\\\/\\\/www.livemag.it\\\/wp-content\\\/uploads\\\/2025\\\/10\\\/20251004_0166.jpg\",\"articleSection\":[\"Mondo\"],\"inLanguage\":\"it-IT\"},{\"@type\":\"WebPage\",\"@id\":\"https:\\\/\\\/www.livemag.it\\\/index.php\\\/2025\\\/10\\\/04\\\/guerini-chi-manifesta-deve-essere-sempre-rispettato\\\/\",\"url\":\"https:\\\/\\\/www.livemag.it\\\/index.php\\\/2025\\\/10\\\/04\\\/guerini-chi-manifesta-deve-essere-sempre-rispettato\\\/\",\"name\":\"Guerini \u201cChi manifesta deve essere sempre rispettato\u201d - Live Magazine\",\"isPartOf\":{\"@id\":\"https:\\\/\\\/www.livemag.it\\\/#website\"},\"primaryImageOfPage\":{\"@id\":\"https:\\\/\\\/www.livemag.it\\\/index.php\\\/2025\\\/10\\\/04\\\/guerini-chi-manifesta-deve-essere-sempre-rispettato\\\/#primaryimage\"},\"image\":{\"@id\":\"https:\\\/\\\/www.livemag.it\\\/index.php\\\/2025\\\/10\\\/04\\\/guerini-chi-manifesta-deve-essere-sempre-rispettato\\\/#primaryimage\"},\"thumbnailUrl\":\"https:\\\/\\\/www.livemag.it\\\/wp-content\\\/uploads\\\/2025\\\/10\\\/20251004_0166.jpg\",\"datePublished\":\"2025-10-04T13:02:48+00:00\",\"breadcrumb\":{\"@id\":\"https:\\\/\\\/www.livemag.it\\\/index.php\\\/2025\\\/10\\\/04\\\/guerini-chi-manifesta-deve-essere-sempre-rispettato\\\/#breadcrumb\"},\"inLanguage\":\"it-IT\",\"potentialAction\":[{\"@type\":\"ReadAction\",\"target\":[\"https:\\\/\\\/www.livemag.it\\\/index.php\\\/2025\\\/10\\\/04\\\/guerini-chi-manifesta-deve-essere-sempre-rispettato\\\/\"]}]},{\"@type\":\"ImageObject\",\"inLanguage\":\"it-IT\",\"@id\":\"https:\\\/\\\/www.livemag.it\\\/index.php\\\/2025\\\/10\\\/04\\\/guerini-chi-manifesta-deve-essere-sempre-rispettato\\\/#primaryimage\",\"url\":\"https:\\\/\\\/www.livemag.it\\\/wp-content\\\/uploads\\\/2025\\\/10\\\/20251004_0166.jpg\",\"contentUrl\":\"https:\\\/\\\/www.livemag.it\\\/wp-content\\\/uploads\\\/2025\\\/10\\\/20251004_0166.jpg\",\"width\":1620,\"height\":1080},{\"@type\":\"BreadcrumbList\",\"@id\":\"https:\\\/\\\/www.livemag.it\\\/index.php\\\/2025\\\/10\\\/04\\\/guerini-chi-manifesta-deve-essere-sempre-rispettato\\\/#breadcrumb\",\"itemListElement\":[{\"@type\":\"ListItem\",\"position\":1,\"name\":\"Home\",\"item\":\"https:\\\/\\\/www.livemag.it\\\/\"},{\"@type\":\"ListItem\",\"position\":2,\"name\":\"Guerini \u201cChi manifesta deve essere sempre rispettato\u201d\"}]},{\"@type\":\"WebSite\",\"@id\":\"https:\\\/\\\/www.livemag.it\\\/#website\",\"url\":\"https:\\\/\\\/www.livemag.it\\\/\",\"name\":\"Live Magazine\",\"description\":\"Varie ed eventi\",\"publisher\":{\"@id\":\"https:\\\/\\\/www.livemag.it\\\/#organization\"},\"potentialAction\":[{\"@type\":\"SearchAction\",\"target\":{\"@type\":\"EntryPoint\",\"urlTemplate\":\"https:\\\/\\\/www.livemag.it\\\/?s={search_term_string}\"},\"query-input\":{\"@type\":\"PropertyValueSpecification\",\"valueRequired\":true,\"valueName\":\"search_term_string\"}}],\"inLanguage\":\"it-IT\"},{\"@type\":\"Organization\",\"@id\":\"https:\\\/\\\/www.livemag.it\\\/#organization\",\"name\":\"LiveMag\",\"alternateName\":\"LiveMag News ed eventi\",\"url\":\"https:\\\/\\\/www.livemag.it\\\/\",\"logo\":{\"@type\":\"ImageObject\",\"inLanguage\":\"it-IT\",\"@id\":\"https:\\\/\\\/www.livemag.it\\\/#\\\/schema\\\/logo\\\/image\\\/\",\"url\":\"https:\\\/\\\/www.livemag.it\\\/wp-content\\\/uploads\\\/2024\\\/02\\\/immagine-sito.jpg\",\"contentUrl\":\"https:\\\/\\\/www.livemag.it\\\/wp-content\\\/uploads\\\/2024\\\/02\\\/immagine-sito.jpg\",\"width\":696,\"height\":696,\"caption\":\"LiveMag\"},\"image\":{\"@id\":\"https:\\\/\\\/www.livemag.it\\\/#\\\/schema\\\/logo\\\/image\\\/\"},\"sameAs\":[\"https:\\\/\\\/www.facebook.com\\\/LiveMag\\\/\",\"https:\\\/\\\/x.com\\\/LiveNotizie\",\"https:\\\/\\\/www.instagram.com\\\/livemag\\\/\"]},{\"@type\":\"Person\",\"@id\":\"https:\\\/\\\/www.livemag.it\\\/#\\\/schema\\\/person\\\/b62c5f44451fdcdaeb0afe6c2424e73c\",\"name\":\"italpress\",\"image\":{\"@type\":\"ImageObject\",\"inLanguage\":\"it-IT\",\"@id\":\"https:\\\/\\\/secure.gravatar.com\\\/avatar\\\/b6a21695fc713ce7ee312cf57c97e2e641feb365be72d8745574d3c3e2b59066?s=96&r=g\",\"url\":\"https:\\\/\\\/secure.gravatar.com\\\/avatar\\\/b6a21695fc713ce7ee312cf57c97e2e641feb365be72d8745574d3c3e2b59066?s=96&r=g\",\"contentUrl\":\"https:\\\/\\\/secure.gravatar.com\\\/avatar\\\/b6a21695fc713ce7ee312cf57c97e2e641feb365be72d8745574d3c3e2b59066?s=96&r=g\",\"caption\":\"italpress\"},\"description\":\"Italpress \u00e8 un'agenzia di stampa italiana a carattere nazionale.\",\"url\":\"https:\\\/\\\/www.livemag.it\\\/index.php\\\/author\\\/italpress\\\/\"}]}<\/script>\n<!-- \/ Yoast SEO plugin. -->","yoast_head_json":{"title":"Guerini \u201cChi manifesta deve essere sempre rispettato\u201d - Live Magazine","robots":{"index":"index","follow":"follow","max-snippet":"max-snippet:-1","max-image-preview":"max-image-preview:large","max-video-preview":"max-video-preview:-1"},"canonical":"https:\/\/www.livemag.it\/index.php\/2025\/10\/04\/guerini-chi-manifesta-deve-essere-sempre-rispettato\/","og_locale":"it_IT","og_type":"article","og_title":"Guerini \u201cChi manifesta deve essere sempre rispettato\u201d - Live Magazine","og_description":"ROMA (ITALPRESS) \u2013 \u201cIl piano americano, accettato da numerosi Paesi arabi, \u00e8 un passo importante per conseguire l\u2019obiettivo di raggiungere la pace e fermare la sofferenza della popolazione di Gaza. Si poteva arrivare a una convergenza pi\u00f9 significativa in Parlamento e abbiamo lavorato per riuscirci. Ma il contesto molto polarizzato, con gli attacchi alle opposizioni [&hellip;]","og_url":"https:\/\/www.livemag.it\/index.php\/2025\/10\/04\/guerini-chi-manifesta-deve-essere-sempre-rispettato\/","og_site_name":"Live Magazine","article_publisher":"https:\/\/www.facebook.com\/LiveMag\/","article_published_time":"2025-10-04T13:02:48+00:00","og_image":[{"width":1200,"height":675,"url":"https:\/\/www.livemag.it\/wp-content\/uploads\/2024\/02\/ograph.jpg","type":"image\/jpeg"}],"author":"italpress","twitter_card":"summary_large_image","twitter_creator":"@LiveNotizie","twitter_site":"@LiveNotizie","twitter_misc":{"Scritto da":"italpress","Tempo di lettura stimato":"4 minuti"},"schema":{"@context":"https:\/\/schema.org","@graph":[{"@type":"Article","@id":"https:\/\/www.livemag.it\/index.php\/2025\/10\/04\/guerini-chi-manifesta-deve-essere-sempre-rispettato\/#article","isPartOf":{"@id":"https:\/\/www.livemag.it\/index.php\/2025\/10\/04\/guerini-chi-manifesta-deve-essere-sempre-rispettato\/"},"author":{"name":"italpress","@id":"https:\/\/www.livemag.it\/#\/schema\/person\/b62c5f44451fdcdaeb0afe6c2424e73c"},"headline":"Guerini \u201cChi manifesta deve essere sempre rispettato\u201d","datePublished":"2025-10-04T13:02:48+00:00","mainEntityOfPage":{"@id":"https:\/\/www.livemag.it\/index.php\/2025\/10\/04\/guerini-chi-manifesta-deve-essere-sempre-rispettato\/"},"wordCount":870,"publisher":{"@id":"https:\/\/www.livemag.it\/#organization"},"image":{"@id":"https:\/\/www.livemag.it\/index.php\/2025\/10\/04\/guerini-chi-manifesta-deve-essere-sempre-rispettato\/#primaryimage"},"thumbnailUrl":"https:\/\/www.livemag.it\/wp-content\/uploads\/2025\/10\/20251004_0166.jpg","articleSection":["Mondo"],"inLanguage":"it-IT"},{"@type":"WebPage","@id":"https:\/\/www.livemag.it\/index.php\/2025\/10\/04\/guerini-chi-manifesta-deve-essere-sempre-rispettato\/","url":"https:\/\/www.livemag.it\/index.php\/2025\/10\/04\/guerini-chi-manifesta-deve-essere-sempre-rispettato\/","name":"Guerini \u201cChi manifesta deve essere sempre rispettato\u201d - Live Magazine","isPartOf":{"@id":"https:\/\/www.livemag.it\/#website"},"primaryImageOfPage":{"@id":"https:\/\/www.livemag.it\/index.php\/2025\/10\/04\/guerini-chi-manifesta-deve-essere-sempre-rispettato\/#primaryimage"},"image":{"@id":"https:\/\/www.livemag.it\/index.php\/2025\/10\/04\/guerini-chi-manifesta-deve-essere-sempre-rispettato\/#primaryimage"},"thumbnailUrl":"https:\/\/www.livemag.it\/wp-content\/uploads\/2025\/10\/20251004_0166.jpg","datePublished":"2025-10-04T13:02:48+00:00","breadcrumb":{"@id":"https:\/\/www.livemag.it\/index.php\/2025\/10\/04\/guerini-chi-manifesta-deve-essere-sempre-rispettato\/#breadcrumb"},"inLanguage":"it-IT","potentialAction":[{"@type":"ReadAction","target":["https:\/\/www.livemag.it\/index.php\/2025\/10\/04\/guerini-chi-manifesta-deve-essere-sempre-rispettato\/"]}]},{"@type":"ImageObject","inLanguage":"it-IT","@id":"https:\/\/www.livemag.it\/index.php\/2025\/10\/04\/guerini-chi-manifesta-deve-essere-sempre-rispettato\/#primaryimage","url":"https:\/\/www.livemag.it\/wp-content\/uploads\/2025\/10\/20251004_0166.jpg","contentUrl":"https:\/\/www.livemag.it\/wp-content\/uploads\/2025\/10\/20251004_0166.jpg","width":1620,"height":1080},{"@type":"BreadcrumbList","@id":"https:\/\/www.livemag.it\/index.php\/2025\/10\/04\/guerini-chi-manifesta-deve-essere-sempre-rispettato\/#breadcrumb","itemListElement":[{"@type":"ListItem","position":1,"name":"Home","item":"https:\/\/www.livemag.it\/"},{"@type":"ListItem","position":2,"name":"Guerini \u201cChi manifesta deve essere sempre rispettato\u201d"}]},{"@type":"WebSite","@id":"https:\/\/www.livemag.it\/#website","url":"https:\/\/www.livemag.it\/","name":"Live Magazine","description":"Varie ed eventi","publisher":{"@id":"https:\/\/www.livemag.it\/#organization"},"potentialAction":[{"@type":"SearchAction","target":{"@type":"EntryPoint","urlTemplate":"https:\/\/www.livemag.it\/?s={search_term_string}"},"query-input":{"@type":"PropertyValueSpecification","valueRequired":true,"valueName":"search_term_string"}}],"inLanguage":"it-IT"},{"@type":"Organization","@id":"https:\/\/www.livemag.it\/#organization","name":"LiveMag","alternateName":"LiveMag News ed eventi","url":"https:\/\/www.livemag.it\/","logo":{"@type":"ImageObject","inLanguage":"it-IT","@id":"https:\/\/www.livemag.it\/#\/schema\/logo\/image\/","url":"https:\/\/www.livemag.it\/wp-content\/uploads\/2024\/02\/immagine-sito.jpg","contentUrl":"https:\/\/www.livemag.it\/wp-content\/uploads\/2024\/02\/immagine-sito.jpg","width":696,"height":696,"caption":"LiveMag"},"image":{"@id":"https:\/\/www.livemag.it\/#\/schema\/logo\/image\/"},"sameAs":["https:\/\/www.facebook.com\/LiveMag\/","https:\/\/x.com\/LiveNotizie","https:\/\/www.instagram.com\/livemag\/"]},{"@type":"Person","@id":"https:\/\/www.livemag.it\/#\/schema\/person\/b62c5f44451fdcdaeb0afe6c2424e73c","name":"italpress","image":{"@type":"ImageObject","inLanguage":"it-IT","@id":"https:\/\/secure.gravatar.com\/avatar\/b6a21695fc713ce7ee312cf57c97e2e641feb365be72d8745574d3c3e2b59066?s=96&r=g","url":"https:\/\/secure.gravatar.com\/avatar\/b6a21695fc713ce7ee312cf57c97e2e641feb365be72d8745574d3c3e2b59066?s=96&r=g","contentUrl":"https:\/\/secure.gravatar.com\/avatar\/b6a21695fc713ce7ee312cf57c97e2e641feb365be72d8745574d3c3e2b59066?s=96&r=g","caption":"italpress"},"description":"Italpress \u00e8 un'agenzia di stampa italiana a carattere nazionale.","url":"https:\/\/www.livemag.it\/index.php\/author\/italpress\/"}]}},"jetpack_featured_media_url":"https:\/\/www.livemag.it\/wp-content\/uploads\/2025\/10\/20251004_0166.jpg","_links":{"self":[{"href":"https:\/\/www.livemag.it\/index.php\/wp-json\/wp\/v2\/posts\/60327","targetHints":{"allow":["GET"]}}],"collection":[{"href":"https:\/\/www.livemag.it\/index.php\/wp-json\/wp\/v2\/posts"}],"about":[{"href":"https:\/\/www.livemag.it\/index.php\/wp-json\/wp\/v2\/types\/post"}],"author":[{"embeddable":true,"href":"https:\/\/www.livemag.it\/index.php\/wp-json\/wp\/v2\/users\/16"}],"replies":[{"embeddable":true,"href":"https:\/\/www.livemag.it\/index.php\/wp-json\/wp\/v2\/comments?post=60327"}],"version-history":[{"count":0,"href":"https:\/\/www.livemag.it\/index.php\/wp-json\/wp\/v2\/posts\/60327\/revisions"}],"wp:featuredmedia":[{"embeddable":true,"href":"https:\/\/www.livemag.it\/index.php\/wp-json\/wp\/v2\/media\/60328"}],"wp:attachment":[{"href":"https:\/\/www.livemag.it\/index.php\/wp-json\/wp\/v2\/media?parent=60327"}],"wp:term":[{"taxonomy":"category","embeddable":true,"href":"https:\/\/www.livemag.it\/index.php\/wp-json\/wp\/v2\/categories?post=60327"},{"taxonomy":"post_tag","embeddable":true,"href":"https:\/\/www.livemag.it\/index.php\/wp-json\/wp\/v2\/tags?post=60327"}],"curies":[{"name":"wp","href":"https:\/\/api.w.org\/{rel}","templated":true}]}}