{"id":60258,"date":"2025-10-03T15:02:52","date_gmt":"2025-10-03T13:02:52","guid":{"rendered":"https:\/\/www.livemag.it\/index.php\/2025\/10\/03\/logistica-falteri-la-filiera-europea-deve-rafforzarsi\/"},"modified":"2025-10-03T15:02:52","modified_gmt":"2025-10-03T13:02:52","slug":"logistica-falteri-la-filiera-europea-deve-rafforzarsi","status":"publish","type":"post","link":"https:\/\/www.livemag.it\/index.php\/2025\/10\/03\/logistica-falteri-la-filiera-europea-deve-rafforzarsi\/","title":{"rendered":"Logistica, Falteri \u201cLa filiera europea deve rafforzarsi\u201d"},"content":{"rendered":"<div>\n<p>MILANO (ITALPRESS) \u2013 \u201cDobbiamo rafforzare il sistema logistico europeo e dobbiamo essere in grado, grazie anche a strumenti come l\u2019intelligenza artificiale, di riprogrammare velocemente le rotte per offrire al mondo dell\u2019impresa la possibilit\u00e0 di programmare velocemente la catena del valore legata al trasporto\u201d. Lo afferma Davide Falteri, presidente di Federlogistica, intervistato da Claudio Brachino per il magazine televisivo Italpress Economy.<br \/>\n\u201cPer farlo bisogna essere digitali e interconnessi, e questo disegno strategico va attuato il prima possibile\u201d, spiega il presidente di Federlogistica, per il quale \u201cforse \u00e8 anacronistico parlare di competitivit\u00e0 tra i paesi europei, bisognerebbe guardare di pi\u00f9 al sistema Europa per essere in grado di essere competitivi a livello globale, e non subire i cambiamenti repentini geopolitici e di mercato\u201d.<br \/>\nRiguardo all\u2019intelligenza artificiale sottolinea: \u201cSe viene utilizzata in maniera corretta e ancorata ai valori \u00e8 un\u2019opportunit\u00e0. Ci aiuta a reingegnerizzare rapidamente i processi per renderli digitali, \u00e8 una cosa diversa da rendere digitali processi che sono magari di 40 anni fa. Bisogna prima ridefinire le operazioni perch\u00e8 siano pi\u00f9 snelle possibili e soprattutto utilizzare questi strumenti per calcolare velocemente le rotte pi\u00f9 rapide e anche meno impattanti dal punto di vista economico. Questo si traduce in competitivit\u00e0 per il sistema produttivo\u201d.<br \/>\nSecondo Falteri \u201cbisogna rendere competitiva la catena logistica, uno strumento al servizio del mondo industriale. E\u2019 fondamentale che il sistema diventi performante: vuol dire dialogare con le imprese ed essere in grado di dare loro condizioni migliori per poter far viaggiare le merci nel pi\u00f9 breve tempo possibile ai costi pi\u00f9 bassi possibili\u201d.<br \/>\n\u201cLe parole chiave \u2013 prosegue \u2013 sono interoperabilit\u00e0 dei sistemi informativi, standard internazionali e dematerializzazione documentale, perch\u00e8 \u00e8 anacronistico pensare che in alcuni casi sia ancora necessario avere documenti cartacei che accompagnano la merce\u201d.<br \/>\nQuanto alla logistica italiana, per Falteri \u201csta facendo grossi passi avanti. A livello governativo \u00e8 stato promosso e portato a termine il trasferimento in cloud dei sistemi informativi dei principali porti italiani, il Port Community System\u201d e un lavoro importante \u00e8 in atto anche \u201csull\u2019intermodalit\u00e0, soprattutto ferroviaria\u201d.<\/p>\n<p>\u2013 Foto Italpress \u2013<\/p>\n<p>(ITALPRESS).<\/p>\n<\/div>\n","protected":false},"excerpt":{"rendered":"<p>MILANO (ITALPRESS) \u2013 \u201cDobbiamo rafforzare il sistema logistico europeo e dobbiamo essere in grado, grazie anche a strumenti come l\u2019intelligenza artificiale, di riprogrammare velocemente le rotte per offrire al mondo dell\u2019impresa la possibilit\u00e0 di programmare velocemente la catena del valore legata al trasporto\u201d. Lo afferma Davide Falteri, presidente di Federlogistica, intervistato da Claudio Brachino per [&hellip;]<\/p>\n","protected":false},"author":16,"featured_media":60259,"comment_status":"closed","ping_status":"closed","sticky":false,"template":"","format":"standard","meta":{"jnews-multi-image_gallery":[],"jnews_single_post":[],"jnews_primary_category":[],"jnews_social_meta":[],"jnews_override_counter":[],"jnews_post_split":[],"footnotes":""},"categories":[1129],"tags":[],"class_list":["post-60258","post","type-post","status-publish","format-standard","has-post-thumbnail","hentry","category-mondo"],"yoast_head":"<!-- This site is optimized with the Yoast SEO plugin v27.4 - https:\/\/yoast.com\/product\/yoast-seo-wordpress\/ -->\n<title>Logistica, Falteri \u201cLa filiera europea deve rafforzarsi\u201d - Live Magazine<\/title>\n<meta name=\"robots\" content=\"index, follow, max-snippet:-1, max-image-preview:large, max-video-preview:-1\" \/>\n<link rel=\"canonical\" href=\"https:\/\/www.livemag.it\/index.php\/2025\/10\/03\/logistica-falteri-la-filiera-europea-deve-rafforzarsi\/\" \/>\n<meta property=\"og:locale\" content=\"it_IT\" \/>\n<meta property=\"og:type\" content=\"article\" \/>\n<meta property=\"og:title\" content=\"Logistica, Falteri \u201cLa filiera europea deve rafforzarsi\u201d - Live Magazine\" \/>\n<meta property=\"og:description\" content=\"MILANO (ITALPRESS) \u2013 \u201cDobbiamo rafforzare il sistema logistico europeo e dobbiamo essere in grado, grazie anche a strumenti come l\u2019intelligenza artificiale, di riprogrammare velocemente le rotte per offrire al mondo dell\u2019impresa la possibilit\u00e0 di programmare velocemente la catena del valore legata al trasporto\u201d. Lo afferma Davide Falteri, presidente di Federlogistica, intervistato da Claudio Brachino per [&hellip;]\" \/>\n<meta property=\"og:url\" content=\"https:\/\/www.livemag.it\/index.php\/2025\/10\/03\/logistica-falteri-la-filiera-europea-deve-rafforzarsi\/\" \/>\n<meta property=\"og:site_name\" content=\"Live Magazine\" \/>\n<meta property=\"article:publisher\" content=\"https:\/\/www.facebook.com\/LiveMag\/\" \/>\n<meta property=\"article:published_time\" content=\"2025-10-03T13:02:52+00:00\" \/>\n<meta property=\"og:image\" content=\"https:\/\/www.livemag.it\/wp-content\/uploads\/2024\/02\/ograph.jpg\" \/>\n\t<meta property=\"og:image:width\" content=\"1200\" \/>\n\t<meta property=\"og:image:height\" content=\"675\" \/>\n\t<meta property=\"og:image:type\" content=\"image\/jpeg\" \/>\n<meta name=\"author\" content=\"italpress\" \/>\n<meta name=\"twitter:card\" content=\"summary_large_image\" \/>\n<meta name=\"twitter:creator\" content=\"@LiveNotizie\" \/>\n<meta name=\"twitter:site\" content=\"@LiveNotizie\" \/>\n<meta name=\"twitter:label1\" content=\"Scritto da\" \/>\n\t<meta name=\"twitter:data1\" content=\"italpress\" \/>\n\t<meta name=\"twitter:label2\" content=\"Tempo di lettura stimato\" \/>\n\t<meta name=\"twitter:data2\" content=\"2 minuti\" \/>\n<script type=\"application\/ld+json\" class=\"yoast-schema-graph\">{\"@context\":\"https:\\\/\\\/schema.org\",\"@graph\":[{\"@type\":\"Article\",\"@id\":\"https:\\\/\\\/www.livemag.it\\\/index.php\\\/2025\\\/10\\\/03\\\/logistica-falteri-la-filiera-europea-deve-rafforzarsi\\\/#article\",\"isPartOf\":{\"@id\":\"https:\\\/\\\/www.livemag.it\\\/index.php\\\/2025\\\/10\\\/03\\\/logistica-falteri-la-filiera-europea-deve-rafforzarsi\\\/\"},\"author\":{\"name\":\"italpress\",\"@id\":\"https:\\\/\\\/www.livemag.it\\\/#\\\/schema\\\/person\\\/b62c5f44451fdcdaeb0afe6c2424e73c\"},\"headline\":\"Logistica, Falteri \u201cLa filiera europea deve rafforzarsi\u201d\",\"datePublished\":\"2025-10-03T13:02:52+00:00\",\"mainEntityOfPage\":{\"@id\":\"https:\\\/\\\/www.livemag.it\\\/index.php\\\/2025\\\/10\\\/03\\\/logistica-falteri-la-filiera-europea-deve-rafforzarsi\\\/\"},\"wordCount\":341,\"publisher\":{\"@id\":\"https:\\\/\\\/www.livemag.it\\\/#organization\"},\"image\":{\"@id\":\"https:\\\/\\\/www.livemag.it\\\/index.php\\\/2025\\\/10\\\/03\\\/logistica-falteri-la-filiera-europea-deve-rafforzarsi\\\/#primaryimage\"},\"thumbnailUrl\":\"https:\\\/\\\/www.livemag.it\\\/wp-content\\\/uploads\\\/2025\\\/10\\\/20251003_0420.jpg\",\"articleSection\":[\"Mondo\"],\"inLanguage\":\"it-IT\"},{\"@type\":\"WebPage\",\"@id\":\"https:\\\/\\\/www.livemag.it\\\/index.php\\\/2025\\\/10\\\/03\\\/logistica-falteri-la-filiera-europea-deve-rafforzarsi\\\/\",\"url\":\"https:\\\/\\\/www.livemag.it\\\/index.php\\\/2025\\\/10\\\/03\\\/logistica-falteri-la-filiera-europea-deve-rafforzarsi\\\/\",\"name\":\"Logistica, Falteri \u201cLa filiera europea deve rafforzarsi\u201d - Live Magazine\",\"isPartOf\":{\"@id\":\"https:\\\/\\\/www.livemag.it\\\/#website\"},\"primaryImageOfPage\":{\"@id\":\"https:\\\/\\\/www.livemag.it\\\/index.php\\\/2025\\\/10\\\/03\\\/logistica-falteri-la-filiera-europea-deve-rafforzarsi\\\/#primaryimage\"},\"image\":{\"@id\":\"https:\\\/\\\/www.livemag.it\\\/index.php\\\/2025\\\/10\\\/03\\\/logistica-falteri-la-filiera-europea-deve-rafforzarsi\\\/#primaryimage\"},\"thumbnailUrl\":\"https:\\\/\\\/www.livemag.it\\\/wp-content\\\/uploads\\\/2025\\\/10\\\/20251003_0420.jpg\",\"datePublished\":\"2025-10-03T13:02:52+00:00\",\"breadcrumb\":{\"@id\":\"https:\\\/\\\/www.livemag.it\\\/index.php\\\/2025\\\/10\\\/03\\\/logistica-falteri-la-filiera-europea-deve-rafforzarsi\\\/#breadcrumb\"},\"inLanguage\":\"it-IT\",\"potentialAction\":[{\"@type\":\"ReadAction\",\"target\":[\"https:\\\/\\\/www.livemag.it\\\/index.php\\\/2025\\\/10\\\/03\\\/logistica-falteri-la-filiera-europea-deve-rafforzarsi\\\/\"]}]},{\"@type\":\"ImageObject\",\"inLanguage\":\"it-IT\",\"@id\":\"https:\\\/\\\/www.livemag.it\\\/index.php\\\/2025\\\/10\\\/03\\\/logistica-falteri-la-filiera-europea-deve-rafforzarsi\\\/#primaryimage\",\"url\":\"https:\\\/\\\/www.livemag.it\\\/wp-content\\\/uploads\\\/2025\\\/10\\\/20251003_0420.jpg\",\"contentUrl\":\"https:\\\/\\\/www.livemag.it\\\/wp-content\\\/uploads\\\/2025\\\/10\\\/20251003_0420.jpg\",\"width\":1200,\"height\":675},{\"@type\":\"BreadcrumbList\",\"@id\":\"https:\\\/\\\/www.livemag.it\\\/index.php\\\/2025\\\/10\\\/03\\\/logistica-falteri-la-filiera-europea-deve-rafforzarsi\\\/#breadcrumb\",\"itemListElement\":[{\"@type\":\"ListItem\",\"position\":1,\"name\":\"Home\",\"item\":\"https:\\\/\\\/www.livemag.it\\\/\"},{\"@type\":\"ListItem\",\"position\":2,\"name\":\"Logistica, Falteri \u201cLa filiera europea deve rafforzarsi\u201d\"}]},{\"@type\":\"WebSite\",\"@id\":\"https:\\\/\\\/www.livemag.it\\\/#website\",\"url\":\"https:\\\/\\\/www.livemag.it\\\/\",\"name\":\"Live Magazine\",\"description\":\"Varie ed eventi\",\"publisher\":{\"@id\":\"https:\\\/\\\/www.livemag.it\\\/#organization\"},\"potentialAction\":[{\"@type\":\"SearchAction\",\"target\":{\"@type\":\"EntryPoint\",\"urlTemplate\":\"https:\\\/\\\/www.livemag.it\\\/?s={search_term_string}\"},\"query-input\":{\"@type\":\"PropertyValueSpecification\",\"valueRequired\":true,\"valueName\":\"search_term_string\"}}],\"inLanguage\":\"it-IT\"},{\"@type\":\"Organization\",\"@id\":\"https:\\\/\\\/www.livemag.it\\\/#organization\",\"name\":\"LiveMag\",\"alternateName\":\"LiveMag News ed eventi\",\"url\":\"https:\\\/\\\/www.livemag.it\\\/\",\"logo\":{\"@type\":\"ImageObject\",\"inLanguage\":\"it-IT\",\"@id\":\"https:\\\/\\\/www.livemag.it\\\/#\\\/schema\\\/logo\\\/image\\\/\",\"url\":\"https:\\\/\\\/www.livemag.it\\\/wp-content\\\/uploads\\\/2024\\\/02\\\/immagine-sito.jpg\",\"contentUrl\":\"https:\\\/\\\/www.livemag.it\\\/wp-content\\\/uploads\\\/2024\\\/02\\\/immagine-sito.jpg\",\"width\":696,\"height\":696,\"caption\":\"LiveMag\"},\"image\":{\"@id\":\"https:\\\/\\\/www.livemag.it\\\/#\\\/schema\\\/logo\\\/image\\\/\"},\"sameAs\":[\"https:\\\/\\\/www.facebook.com\\\/LiveMag\\\/\",\"https:\\\/\\\/x.com\\\/LiveNotizie\",\"https:\\\/\\\/www.instagram.com\\\/livemag\\\/\"]},{\"@type\":\"Person\",\"@id\":\"https:\\\/\\\/www.livemag.it\\\/#\\\/schema\\\/person\\\/b62c5f44451fdcdaeb0afe6c2424e73c\",\"name\":\"italpress\",\"image\":{\"@type\":\"ImageObject\",\"inLanguage\":\"it-IT\",\"@id\":\"https:\\\/\\\/secure.gravatar.com\\\/avatar\\\/b6a21695fc713ce7ee312cf57c97e2e641feb365be72d8745574d3c3e2b59066?s=96&r=g\",\"url\":\"https:\\\/\\\/secure.gravatar.com\\\/avatar\\\/b6a21695fc713ce7ee312cf57c97e2e641feb365be72d8745574d3c3e2b59066?s=96&r=g\",\"contentUrl\":\"https:\\\/\\\/secure.gravatar.com\\\/avatar\\\/b6a21695fc713ce7ee312cf57c97e2e641feb365be72d8745574d3c3e2b59066?s=96&r=g\",\"caption\":\"italpress\"},\"description\":\"Italpress \u00e8 un'agenzia di stampa italiana a carattere nazionale.\",\"url\":\"https:\\\/\\\/www.livemag.it\\\/index.php\\\/author\\\/italpress\\\/\"}]}<\/script>\n<!-- \/ Yoast SEO plugin. -->","yoast_head_json":{"title":"Logistica, Falteri \u201cLa filiera europea deve rafforzarsi\u201d - Live Magazine","robots":{"index":"index","follow":"follow","max-snippet":"max-snippet:-1","max-image-preview":"max-image-preview:large","max-video-preview":"max-video-preview:-1"},"canonical":"https:\/\/www.livemag.it\/index.php\/2025\/10\/03\/logistica-falteri-la-filiera-europea-deve-rafforzarsi\/","og_locale":"it_IT","og_type":"article","og_title":"Logistica, Falteri \u201cLa filiera europea deve rafforzarsi\u201d - Live Magazine","og_description":"MILANO (ITALPRESS) \u2013 \u201cDobbiamo rafforzare il sistema logistico europeo e dobbiamo essere in grado, grazie anche a strumenti come l\u2019intelligenza artificiale, di riprogrammare velocemente le rotte per offrire al mondo dell\u2019impresa la possibilit\u00e0 di programmare velocemente la catena del valore legata al trasporto\u201d. Lo afferma Davide Falteri, presidente di Federlogistica, intervistato da Claudio Brachino per [&hellip;]","og_url":"https:\/\/www.livemag.it\/index.php\/2025\/10\/03\/logistica-falteri-la-filiera-europea-deve-rafforzarsi\/","og_site_name":"Live Magazine","article_publisher":"https:\/\/www.facebook.com\/LiveMag\/","article_published_time":"2025-10-03T13:02:52+00:00","og_image":[{"width":1200,"height":675,"url":"https:\/\/www.livemag.it\/wp-content\/uploads\/2024\/02\/ograph.jpg","type":"image\/jpeg"}],"author":"italpress","twitter_card":"summary_large_image","twitter_creator":"@LiveNotizie","twitter_site":"@LiveNotizie","twitter_misc":{"Scritto da":"italpress","Tempo di lettura stimato":"2 minuti"},"schema":{"@context":"https:\/\/schema.org","@graph":[{"@type":"Article","@id":"https:\/\/www.livemag.it\/index.php\/2025\/10\/03\/logistica-falteri-la-filiera-europea-deve-rafforzarsi\/#article","isPartOf":{"@id":"https:\/\/www.livemag.it\/index.php\/2025\/10\/03\/logistica-falteri-la-filiera-europea-deve-rafforzarsi\/"},"author":{"name":"italpress","@id":"https:\/\/www.livemag.it\/#\/schema\/person\/b62c5f44451fdcdaeb0afe6c2424e73c"},"headline":"Logistica, Falteri \u201cLa filiera europea deve rafforzarsi\u201d","datePublished":"2025-10-03T13:02:52+00:00","mainEntityOfPage":{"@id":"https:\/\/www.livemag.it\/index.php\/2025\/10\/03\/logistica-falteri-la-filiera-europea-deve-rafforzarsi\/"},"wordCount":341,"publisher":{"@id":"https:\/\/www.livemag.it\/#organization"},"image":{"@id":"https:\/\/www.livemag.it\/index.php\/2025\/10\/03\/logistica-falteri-la-filiera-europea-deve-rafforzarsi\/#primaryimage"},"thumbnailUrl":"https:\/\/www.livemag.it\/wp-content\/uploads\/2025\/10\/20251003_0420.jpg","articleSection":["Mondo"],"inLanguage":"it-IT"},{"@type":"WebPage","@id":"https:\/\/www.livemag.it\/index.php\/2025\/10\/03\/logistica-falteri-la-filiera-europea-deve-rafforzarsi\/","url":"https:\/\/www.livemag.it\/index.php\/2025\/10\/03\/logistica-falteri-la-filiera-europea-deve-rafforzarsi\/","name":"Logistica, Falteri \u201cLa filiera europea deve rafforzarsi\u201d - Live Magazine","isPartOf":{"@id":"https:\/\/www.livemag.it\/#website"},"primaryImageOfPage":{"@id":"https:\/\/www.livemag.it\/index.php\/2025\/10\/03\/logistica-falteri-la-filiera-europea-deve-rafforzarsi\/#primaryimage"},"image":{"@id":"https:\/\/www.livemag.it\/index.php\/2025\/10\/03\/logistica-falteri-la-filiera-europea-deve-rafforzarsi\/#primaryimage"},"thumbnailUrl":"https:\/\/www.livemag.it\/wp-content\/uploads\/2025\/10\/20251003_0420.jpg","datePublished":"2025-10-03T13:02:52+00:00","breadcrumb":{"@id":"https:\/\/www.livemag.it\/index.php\/2025\/10\/03\/logistica-falteri-la-filiera-europea-deve-rafforzarsi\/#breadcrumb"},"inLanguage":"it-IT","potentialAction":[{"@type":"ReadAction","target":["https:\/\/www.livemag.it\/index.php\/2025\/10\/03\/logistica-falteri-la-filiera-europea-deve-rafforzarsi\/"]}]},{"@type":"ImageObject","inLanguage":"it-IT","@id":"https:\/\/www.livemag.it\/index.php\/2025\/10\/03\/logistica-falteri-la-filiera-europea-deve-rafforzarsi\/#primaryimage","url":"https:\/\/www.livemag.it\/wp-content\/uploads\/2025\/10\/20251003_0420.jpg","contentUrl":"https:\/\/www.livemag.it\/wp-content\/uploads\/2025\/10\/20251003_0420.jpg","width":1200,"height":675},{"@type":"BreadcrumbList","@id":"https:\/\/www.livemag.it\/index.php\/2025\/10\/03\/logistica-falteri-la-filiera-europea-deve-rafforzarsi\/#breadcrumb","itemListElement":[{"@type":"ListItem","position":1,"name":"Home","item":"https:\/\/www.livemag.it\/"},{"@type":"ListItem","position":2,"name":"Logistica, Falteri \u201cLa filiera europea deve rafforzarsi\u201d"}]},{"@type":"WebSite","@id":"https:\/\/www.livemag.it\/#website","url":"https:\/\/www.livemag.it\/","name":"Live Magazine","description":"Varie ed eventi","publisher":{"@id":"https:\/\/www.livemag.it\/#organization"},"potentialAction":[{"@type":"SearchAction","target":{"@type":"EntryPoint","urlTemplate":"https:\/\/www.livemag.it\/?s={search_term_string}"},"query-input":{"@type":"PropertyValueSpecification","valueRequired":true,"valueName":"search_term_string"}}],"inLanguage":"it-IT"},{"@type":"Organization","@id":"https:\/\/www.livemag.it\/#organization","name":"LiveMag","alternateName":"LiveMag News ed eventi","url":"https:\/\/www.livemag.it\/","logo":{"@type":"ImageObject","inLanguage":"it-IT","@id":"https:\/\/www.livemag.it\/#\/schema\/logo\/image\/","url":"https:\/\/www.livemag.it\/wp-content\/uploads\/2024\/02\/immagine-sito.jpg","contentUrl":"https:\/\/www.livemag.it\/wp-content\/uploads\/2024\/02\/immagine-sito.jpg","width":696,"height":696,"caption":"LiveMag"},"image":{"@id":"https:\/\/www.livemag.it\/#\/schema\/logo\/image\/"},"sameAs":["https:\/\/www.facebook.com\/LiveMag\/","https:\/\/x.com\/LiveNotizie","https:\/\/www.instagram.com\/livemag\/"]},{"@type":"Person","@id":"https:\/\/www.livemag.it\/#\/schema\/person\/b62c5f44451fdcdaeb0afe6c2424e73c","name":"italpress","image":{"@type":"ImageObject","inLanguage":"it-IT","@id":"https:\/\/secure.gravatar.com\/avatar\/b6a21695fc713ce7ee312cf57c97e2e641feb365be72d8745574d3c3e2b59066?s=96&r=g","url":"https:\/\/secure.gravatar.com\/avatar\/b6a21695fc713ce7ee312cf57c97e2e641feb365be72d8745574d3c3e2b59066?s=96&r=g","contentUrl":"https:\/\/secure.gravatar.com\/avatar\/b6a21695fc713ce7ee312cf57c97e2e641feb365be72d8745574d3c3e2b59066?s=96&r=g","caption":"italpress"},"description":"Italpress \u00e8 un'agenzia di stampa italiana a carattere nazionale.","url":"https:\/\/www.livemag.it\/index.php\/author\/italpress\/"}]}},"jetpack_featured_media_url":"https:\/\/www.livemag.it\/wp-content\/uploads\/2025\/10\/20251003_0420.jpg","_links":{"self":[{"href":"https:\/\/www.livemag.it\/index.php\/wp-json\/wp\/v2\/posts\/60258","targetHints":{"allow":["GET"]}}],"collection":[{"href":"https:\/\/www.livemag.it\/index.php\/wp-json\/wp\/v2\/posts"}],"about":[{"href":"https:\/\/www.livemag.it\/index.php\/wp-json\/wp\/v2\/types\/post"}],"author":[{"embeddable":true,"href":"https:\/\/www.livemag.it\/index.php\/wp-json\/wp\/v2\/users\/16"}],"replies":[{"embeddable":true,"href":"https:\/\/www.livemag.it\/index.php\/wp-json\/wp\/v2\/comments?post=60258"}],"version-history":[{"count":0,"href":"https:\/\/www.livemag.it\/index.php\/wp-json\/wp\/v2\/posts\/60258\/revisions"}],"wp:featuredmedia":[{"embeddable":true,"href":"https:\/\/www.livemag.it\/index.php\/wp-json\/wp\/v2\/media\/60259"}],"wp:attachment":[{"href":"https:\/\/www.livemag.it\/index.php\/wp-json\/wp\/v2\/media?parent=60258"}],"wp:term":[{"taxonomy":"category","embeddable":true,"href":"https:\/\/www.livemag.it\/index.php\/wp-json\/wp\/v2\/categories?post=60258"},{"taxonomy":"post_tag","embeddable":true,"href":"https:\/\/www.livemag.it\/index.php\/wp-json\/wp\/v2\/tags?post=60258"}],"curies":[{"name":"wp","href":"https:\/\/api.w.org\/{rel}","templated":true}]}}