{"id":60196,"date":"2025-10-02T21:03:00","date_gmt":"2025-10-02T19:03:00","guid":{"rendered":"https:\/\/www.livemag.it\/index.php\/2025\/10\/02\/diabete-in-eta-pediatrica-presentate-le-raccomandazioni-2025\/"},"modified":"2025-10-02T21:03:00","modified_gmt":"2025-10-02T19:03:00","slug":"diabete-in-eta-pediatrica-presentate-le-raccomandazioni-2025","status":"publish","type":"post","link":"https:\/\/www.livemag.it\/index.php\/2025\/10\/02\/diabete-in-eta-pediatrica-presentate-le-raccomandazioni-2025\/","title":{"rendered":"Diabete in et\u00e0 pediatrica, presentate le Raccomandazioni 2025"},"content":{"rendered":"<div>\n<p>ROMA (ITALPRESS) \u2013 Garantire un approccio sinergico per rafforzare la prevenzione, consentire diagnosi tempestive e promuovere maggiore uniformit\u00e0 dei percorsi di cura sul territorio nazionale. E\u2019 questo l\u2019obiettivo della Raccomandazioni di Buona Pratica Clinico-Assistenziale 2025 (RBPCA), elaborate dalla Societ\u00e0 Italiana di Endocrinologia e Diabetologia Pediatrica (SIEDP), in collaborazione con Societ\u00e0 Italiana di Diabetologia (SID) e Associazione Medici Diabetologi (AMD), presentate nel corso di una conferenza a Palazzo Baldassini a Roma. Il documento, attualmente in fase di valutazione da parte del Centro Nazionale Clinical Governance ed Eccellenza delle Cure (CNCG), in quanto organismo dell\u2019Istituto Superiore di Sanit\u00e0, rappresenta un passaggio fondamentale verso la definizione di linee di riferimento condivise per migliorare la prevenzione e la presa in carico dei bambini e degli adolescenti a rischio di diabete autoimmune. L\u2019evento, realizzato con il contributo non condizionante di Sanofi e Abbott, ha visto la partecipazione di rappresentanti istituzionali, societ\u00e0 scientifiche e associazioni di pazienti.<br \/>\u201cLe Raccomandazioni di Buona Pratica Clinico-Assistenziale elaborate dalla SIEDP rappresentano un passaggio fondamentale per dare pieno valore alla Legge n. 130 del 2023, che ha reso l\u2019Italia il primo Paese al mondo ad adottare lo screening pediatrico nazionale per diabete autoimmune e celiachia\u201d \u2013 ha dichiarato in apertura la Senatrice Elena Murelli, Presidente dell\u2019Intergruppo Parlamentare di Endocrinologia e Diabetologia Pediatrica e Membro della 10^ Commissione Permanente del Senato della Repubblica \u2013 \u201cquesto percorso testimonia l\u2019impegno delle Istituzioni, delle societ\u00e0 scientifiche e del settore produttivo nel rafforzare la prevenzione e promuovere diagnosi sempre pi\u00f9 precoci, con l\u2019obiettivo di ridurre gli esordi in fase acuta e di garantire maggiore sostegno ai bambini e alle famiglie\u201d.<br \/>Continuando, ha evidenziato Valentino Cherubini, Presidente SIEDP come \u201cLe Raccomandazioni sul follow-up dei soggetti positivi allo screening sono pensate per essere uno strumento fondamentale per monitorare efficacemente i bambini e gli adolescenti affetti da diabete di tipo 1. La loro finalizzazione, contestualmente alla corretta esecuzione dello screening anticorpale introdotto dalla Legge n. 130 del 2023, consentir\u00e0 di rafforzare i processi di prevenzione della chetoacidosi e intraprendere efficacemente terapie in grado di ritardare la comparsa della malattia in chetoacidosi, migliorando al contempo qualit\u00e0 di vita dei pazienti, accessibilit\u00e0, appropriatezza e congruit\u00e0 dei percorsi di cura, cos\u00ec riducendo le disuguaglianze territoriali in ottica di equit\u00e0 assistenziale\u201d.<br \/>A queste parole ha fatto eco Roberto Franceschi, Professore Associato di pediatria dell\u2019Universit\u00e0 di Trento: \u201cIn Italia l\u2019esordio del diabete di tipo 1 si presenta ancora nel 30-40% dei casi in chetoacidosi, con rischi immediati e ricadute sul controllo glicemico a lungo termine. Le Raccomandazioni SIEDP intendono offrire un quadro metodologico rigoroso per organizzare in modo uniforme il follow-up, con percorsi multidisciplinari che coinvolgono pediatri, diabetologi e psicologi a sostegno dei pazienti e dei caregiver\u201d.<br \/>Infine, trattando della necessit\u00e0 di dotarsi di uno strumento operativo aggiornato circa il diabete autoimmune in et\u00e0 pediatrica, Enza Mozzillo, Professoressa associata dell\u2019Universit\u00e0 Federico II, ha evidenziato come \u201cL\u2019assenza di riferimenti condivisi aggiornati rischia di generare eterogeneit\u00e0 nel monitoraggio dei bambini positivi allo screening, con conseguenti disuguaglianze nell\u2019accesso alle cure. Con l\u2019elaborazione delle Raccomandazioni si intende dotarsi di uno strumento clinico- assistenziale efficace, recente e appropriato, fondato su prove di efficacia e sul lavoro di team multidisciplinari. L\u2019attuazione della Legge n. 130, supportata da queste linee di indirizzo, consentir\u00e0 di evitare la chetoacidosi in molti casi e, in altri, di ritardare l\u2019insorgenza clinica della malattia\u201d.<br \/>Le nuove Raccomandazioni, di cui si attende l\u2019approvazione finale da parte dell\u2019Istituto Superiore di Sanit\u00e0 e nate dal lavoro congiunto di societ\u00e0 scientifiche e associazioni di pazienti, intendono dunque porsi come un riferimento fondamentale per orientare il futuro della prevenzione e della cura del diabete di tipo 1 in et\u00e0 pediatrica. In questo senso, sono pensate per offrire ai professionisti sanitari uno strumento operativo aggiornato ed efficace per la riduzione della variabilit\u00e0 dei percorsi assistenziali, prevenire complicanze gravi come la chetoacidosi diabetica e tendere verso un accesso pi\u00f9 equo e tempestivo a cure innovative.<br \/>-foto ufficio stampa Esperia Advocacy \u2013 <br \/>(ITALPRESS).<\/p>\n<\/div>\n","protected":false},"excerpt":{"rendered":"<p>ROMA (ITALPRESS) \u2013 Garantire un approccio sinergico per rafforzare la prevenzione, consentire diagnosi tempestive e promuovere maggiore uniformit\u00e0 dei percorsi di cura sul territorio nazionale. E\u2019 questo l\u2019obiettivo della Raccomandazioni di Buona Pratica Clinico-Assistenziale 2025 (RBPCA), elaborate dalla Societ\u00e0 Italiana di Endocrinologia e Diabetologia Pediatrica (SIEDP), in collaborazione con Societ\u00e0 Italiana di Diabetologia (SID) e [&hellip;]<\/p>\n","protected":false},"author":16,"featured_media":60197,"comment_status":"closed","ping_status":"closed","sticky":false,"template":"","format":"standard","meta":{"jnews-multi-image_gallery":[],"jnews_single_post":[],"jnews_primary_category":[],"jnews_social_meta":[],"jnews_override_counter":[],"jnews_post_split":[],"footnotes":""},"categories":[1129],"tags":[],"class_list":["post-60196","post","type-post","status-publish","format-standard","has-post-thumbnail","hentry","category-mondo"],"yoast_head":"<!-- This site is optimized with the Yoast SEO plugin v27.4 - https:\/\/yoast.com\/product\/yoast-seo-wordpress\/ -->\n<title>Diabete in et\u00e0 pediatrica, presentate le Raccomandazioni 2025 - Live Magazine<\/title>\n<meta name=\"robots\" content=\"index, follow, max-snippet:-1, max-image-preview:large, max-video-preview:-1\" \/>\n<link rel=\"canonical\" href=\"https:\/\/www.livemag.it\/index.php\/2025\/10\/02\/diabete-in-eta-pediatrica-presentate-le-raccomandazioni-2025\/\" \/>\n<meta property=\"og:locale\" content=\"it_IT\" \/>\n<meta property=\"og:type\" content=\"article\" \/>\n<meta property=\"og:title\" content=\"Diabete in et\u00e0 pediatrica, presentate le Raccomandazioni 2025 - Live Magazine\" \/>\n<meta property=\"og:description\" content=\"ROMA (ITALPRESS) \u2013 Garantire un approccio sinergico per rafforzare la prevenzione, consentire diagnosi tempestive e promuovere maggiore uniformit\u00e0 dei percorsi di cura sul territorio nazionale. E\u2019 questo l\u2019obiettivo della Raccomandazioni di Buona Pratica Clinico-Assistenziale 2025 (RBPCA), elaborate dalla Societ\u00e0 Italiana di Endocrinologia e Diabetologia Pediatrica (SIEDP), in collaborazione con Societ\u00e0 Italiana di Diabetologia (SID) e [&hellip;]\" \/>\n<meta property=\"og:url\" content=\"https:\/\/www.livemag.it\/index.php\/2025\/10\/02\/diabete-in-eta-pediatrica-presentate-le-raccomandazioni-2025\/\" \/>\n<meta property=\"og:site_name\" content=\"Live Magazine\" \/>\n<meta property=\"article:publisher\" content=\"https:\/\/www.facebook.com\/LiveMag\/\" \/>\n<meta property=\"article:published_time\" content=\"2025-10-02T19:03:00+00:00\" \/>\n<meta property=\"og:image\" content=\"https:\/\/www.livemag.it\/wp-content\/uploads\/2024\/02\/ograph.jpg\" \/>\n\t<meta property=\"og:image:width\" content=\"1200\" \/>\n\t<meta property=\"og:image:height\" content=\"675\" \/>\n\t<meta property=\"og:image:type\" content=\"image\/jpeg\" \/>\n<meta name=\"author\" content=\"italpress\" \/>\n<meta name=\"twitter:card\" content=\"summary_large_image\" \/>\n<meta name=\"twitter:creator\" content=\"@LiveNotizie\" \/>\n<meta name=\"twitter:site\" content=\"@LiveNotizie\" \/>\n<meta name=\"twitter:label1\" content=\"Scritto da\" \/>\n\t<meta name=\"twitter:data1\" content=\"italpress\" \/>\n\t<meta name=\"twitter:label2\" content=\"Tempo di lettura stimato\" \/>\n\t<meta name=\"twitter:data2\" content=\"3 minuti\" \/>\n<script type=\"application\/ld+json\" class=\"yoast-schema-graph\">{\"@context\":\"https:\\\/\\\/schema.org\",\"@graph\":[{\"@type\":\"Article\",\"@id\":\"https:\\\/\\\/www.livemag.it\\\/index.php\\\/2025\\\/10\\\/02\\\/diabete-in-eta-pediatrica-presentate-le-raccomandazioni-2025\\\/#article\",\"isPartOf\":{\"@id\":\"https:\\\/\\\/www.livemag.it\\\/index.php\\\/2025\\\/10\\\/02\\\/diabete-in-eta-pediatrica-presentate-le-raccomandazioni-2025\\\/\"},\"author\":{\"name\":\"italpress\",\"@id\":\"https:\\\/\\\/www.livemag.it\\\/#\\\/schema\\\/person\\\/b62c5f44451fdcdaeb0afe6c2424e73c\"},\"headline\":\"Diabete in et\u00e0 pediatrica, presentate le Raccomandazioni 2025\",\"datePublished\":\"2025-10-02T19:03:00+00:00\",\"mainEntityOfPage\":{\"@id\":\"https:\\\/\\\/www.livemag.it\\\/index.php\\\/2025\\\/10\\\/02\\\/diabete-in-eta-pediatrica-presentate-le-raccomandazioni-2025\\\/\"},\"wordCount\":659,\"publisher\":{\"@id\":\"https:\\\/\\\/www.livemag.it\\\/#organization\"},\"image\":{\"@id\":\"https:\\\/\\\/www.livemag.it\\\/index.php\\\/2025\\\/10\\\/02\\\/diabete-in-eta-pediatrica-presentate-le-raccomandazioni-2025\\\/#primaryimage\"},\"thumbnailUrl\":\"https:\\\/\\\/www.livemag.it\\\/wp-content\\\/uploads\\\/2025\\\/10\\\/20251002_2673.jpg\",\"articleSection\":[\"Mondo\"],\"inLanguage\":\"it-IT\"},{\"@type\":\"WebPage\",\"@id\":\"https:\\\/\\\/www.livemag.it\\\/index.php\\\/2025\\\/10\\\/02\\\/diabete-in-eta-pediatrica-presentate-le-raccomandazioni-2025\\\/\",\"url\":\"https:\\\/\\\/www.livemag.it\\\/index.php\\\/2025\\\/10\\\/02\\\/diabete-in-eta-pediatrica-presentate-le-raccomandazioni-2025\\\/\",\"name\":\"Diabete in et\u00e0 pediatrica, presentate le Raccomandazioni 2025 - Live Magazine\",\"isPartOf\":{\"@id\":\"https:\\\/\\\/www.livemag.it\\\/#website\"},\"primaryImageOfPage\":{\"@id\":\"https:\\\/\\\/www.livemag.it\\\/index.php\\\/2025\\\/10\\\/02\\\/diabete-in-eta-pediatrica-presentate-le-raccomandazioni-2025\\\/#primaryimage\"},\"image\":{\"@id\":\"https:\\\/\\\/www.livemag.it\\\/index.php\\\/2025\\\/10\\\/02\\\/diabete-in-eta-pediatrica-presentate-le-raccomandazioni-2025\\\/#primaryimage\"},\"thumbnailUrl\":\"https:\\\/\\\/www.livemag.it\\\/wp-content\\\/uploads\\\/2025\\\/10\\\/20251002_2673.jpg\",\"datePublished\":\"2025-10-02T19:03:00+00:00\",\"breadcrumb\":{\"@id\":\"https:\\\/\\\/www.livemag.it\\\/index.php\\\/2025\\\/10\\\/02\\\/diabete-in-eta-pediatrica-presentate-le-raccomandazioni-2025\\\/#breadcrumb\"},\"inLanguage\":\"it-IT\",\"potentialAction\":[{\"@type\":\"ReadAction\",\"target\":[\"https:\\\/\\\/www.livemag.it\\\/index.php\\\/2025\\\/10\\\/02\\\/diabete-in-eta-pediatrica-presentate-le-raccomandazioni-2025\\\/\"]}]},{\"@type\":\"ImageObject\",\"inLanguage\":\"it-IT\",\"@id\":\"https:\\\/\\\/www.livemag.it\\\/index.php\\\/2025\\\/10\\\/02\\\/diabete-in-eta-pediatrica-presentate-le-raccomandazioni-2025\\\/#primaryimage\",\"url\":\"https:\\\/\\\/www.livemag.it\\\/wp-content\\\/uploads\\\/2025\\\/10\\\/20251002_2673.jpg\",\"contentUrl\":\"https:\\\/\\\/www.livemag.it\\\/wp-content\\\/uploads\\\/2025\\\/10\\\/20251002_2673.jpg\",\"width\":1790,\"height\":779},{\"@type\":\"BreadcrumbList\",\"@id\":\"https:\\\/\\\/www.livemag.it\\\/index.php\\\/2025\\\/10\\\/02\\\/diabete-in-eta-pediatrica-presentate-le-raccomandazioni-2025\\\/#breadcrumb\",\"itemListElement\":[{\"@type\":\"ListItem\",\"position\":1,\"name\":\"Home\",\"item\":\"https:\\\/\\\/www.livemag.it\\\/\"},{\"@type\":\"ListItem\",\"position\":2,\"name\":\"Diabete in et\u00e0 pediatrica, presentate le Raccomandazioni 2025\"}]},{\"@type\":\"WebSite\",\"@id\":\"https:\\\/\\\/www.livemag.it\\\/#website\",\"url\":\"https:\\\/\\\/www.livemag.it\\\/\",\"name\":\"Live Magazine\",\"description\":\"Varie ed eventi\",\"publisher\":{\"@id\":\"https:\\\/\\\/www.livemag.it\\\/#organization\"},\"potentialAction\":[{\"@type\":\"SearchAction\",\"target\":{\"@type\":\"EntryPoint\",\"urlTemplate\":\"https:\\\/\\\/www.livemag.it\\\/?s={search_term_string}\"},\"query-input\":{\"@type\":\"PropertyValueSpecification\",\"valueRequired\":true,\"valueName\":\"search_term_string\"}}],\"inLanguage\":\"it-IT\"},{\"@type\":\"Organization\",\"@id\":\"https:\\\/\\\/www.livemag.it\\\/#organization\",\"name\":\"LiveMag\",\"alternateName\":\"LiveMag News ed eventi\",\"url\":\"https:\\\/\\\/www.livemag.it\\\/\",\"logo\":{\"@type\":\"ImageObject\",\"inLanguage\":\"it-IT\",\"@id\":\"https:\\\/\\\/www.livemag.it\\\/#\\\/schema\\\/logo\\\/image\\\/\",\"url\":\"https:\\\/\\\/www.livemag.it\\\/wp-content\\\/uploads\\\/2024\\\/02\\\/immagine-sito.jpg\",\"contentUrl\":\"https:\\\/\\\/www.livemag.it\\\/wp-content\\\/uploads\\\/2024\\\/02\\\/immagine-sito.jpg\",\"width\":696,\"height\":696,\"caption\":\"LiveMag\"},\"image\":{\"@id\":\"https:\\\/\\\/www.livemag.it\\\/#\\\/schema\\\/logo\\\/image\\\/\"},\"sameAs\":[\"https:\\\/\\\/www.facebook.com\\\/LiveMag\\\/\",\"https:\\\/\\\/x.com\\\/LiveNotizie\",\"https:\\\/\\\/www.instagram.com\\\/livemag\\\/\"]},{\"@type\":\"Person\",\"@id\":\"https:\\\/\\\/www.livemag.it\\\/#\\\/schema\\\/person\\\/b62c5f44451fdcdaeb0afe6c2424e73c\",\"name\":\"italpress\",\"image\":{\"@type\":\"ImageObject\",\"inLanguage\":\"it-IT\",\"@id\":\"https:\\\/\\\/secure.gravatar.com\\\/avatar\\\/b6a21695fc713ce7ee312cf57c97e2e641feb365be72d8745574d3c3e2b59066?s=96&r=g\",\"url\":\"https:\\\/\\\/secure.gravatar.com\\\/avatar\\\/b6a21695fc713ce7ee312cf57c97e2e641feb365be72d8745574d3c3e2b59066?s=96&r=g\",\"contentUrl\":\"https:\\\/\\\/secure.gravatar.com\\\/avatar\\\/b6a21695fc713ce7ee312cf57c97e2e641feb365be72d8745574d3c3e2b59066?s=96&r=g\",\"caption\":\"italpress\"},\"description\":\"Italpress \u00e8 un'agenzia di stampa italiana a carattere nazionale.\",\"url\":\"https:\\\/\\\/www.livemag.it\\\/index.php\\\/author\\\/italpress\\\/\"}]}<\/script>\n<!-- \/ Yoast SEO plugin. -->","yoast_head_json":{"title":"Diabete in et\u00e0 pediatrica, presentate le Raccomandazioni 2025 - Live Magazine","robots":{"index":"index","follow":"follow","max-snippet":"max-snippet:-1","max-image-preview":"max-image-preview:large","max-video-preview":"max-video-preview:-1"},"canonical":"https:\/\/www.livemag.it\/index.php\/2025\/10\/02\/diabete-in-eta-pediatrica-presentate-le-raccomandazioni-2025\/","og_locale":"it_IT","og_type":"article","og_title":"Diabete in et\u00e0 pediatrica, presentate le Raccomandazioni 2025 - Live Magazine","og_description":"ROMA (ITALPRESS) \u2013 Garantire un approccio sinergico per rafforzare la prevenzione, consentire diagnosi tempestive e promuovere maggiore uniformit\u00e0 dei percorsi di cura sul territorio nazionale. E\u2019 questo l\u2019obiettivo della Raccomandazioni di Buona Pratica Clinico-Assistenziale 2025 (RBPCA), elaborate dalla Societ\u00e0 Italiana di Endocrinologia e Diabetologia Pediatrica (SIEDP), in collaborazione con Societ\u00e0 Italiana di Diabetologia (SID) e [&hellip;]","og_url":"https:\/\/www.livemag.it\/index.php\/2025\/10\/02\/diabete-in-eta-pediatrica-presentate-le-raccomandazioni-2025\/","og_site_name":"Live Magazine","article_publisher":"https:\/\/www.facebook.com\/LiveMag\/","article_published_time":"2025-10-02T19:03:00+00:00","og_image":[{"width":1200,"height":675,"url":"https:\/\/www.livemag.it\/wp-content\/uploads\/2024\/02\/ograph.jpg","type":"image\/jpeg"}],"author":"italpress","twitter_card":"summary_large_image","twitter_creator":"@LiveNotizie","twitter_site":"@LiveNotizie","twitter_misc":{"Scritto da":"italpress","Tempo di lettura stimato":"3 minuti"},"schema":{"@context":"https:\/\/schema.org","@graph":[{"@type":"Article","@id":"https:\/\/www.livemag.it\/index.php\/2025\/10\/02\/diabete-in-eta-pediatrica-presentate-le-raccomandazioni-2025\/#article","isPartOf":{"@id":"https:\/\/www.livemag.it\/index.php\/2025\/10\/02\/diabete-in-eta-pediatrica-presentate-le-raccomandazioni-2025\/"},"author":{"name":"italpress","@id":"https:\/\/www.livemag.it\/#\/schema\/person\/b62c5f44451fdcdaeb0afe6c2424e73c"},"headline":"Diabete in et\u00e0 pediatrica, presentate le Raccomandazioni 2025","datePublished":"2025-10-02T19:03:00+00:00","mainEntityOfPage":{"@id":"https:\/\/www.livemag.it\/index.php\/2025\/10\/02\/diabete-in-eta-pediatrica-presentate-le-raccomandazioni-2025\/"},"wordCount":659,"publisher":{"@id":"https:\/\/www.livemag.it\/#organization"},"image":{"@id":"https:\/\/www.livemag.it\/index.php\/2025\/10\/02\/diabete-in-eta-pediatrica-presentate-le-raccomandazioni-2025\/#primaryimage"},"thumbnailUrl":"https:\/\/www.livemag.it\/wp-content\/uploads\/2025\/10\/20251002_2673.jpg","articleSection":["Mondo"],"inLanguage":"it-IT"},{"@type":"WebPage","@id":"https:\/\/www.livemag.it\/index.php\/2025\/10\/02\/diabete-in-eta-pediatrica-presentate-le-raccomandazioni-2025\/","url":"https:\/\/www.livemag.it\/index.php\/2025\/10\/02\/diabete-in-eta-pediatrica-presentate-le-raccomandazioni-2025\/","name":"Diabete in et\u00e0 pediatrica, presentate le Raccomandazioni 2025 - Live Magazine","isPartOf":{"@id":"https:\/\/www.livemag.it\/#website"},"primaryImageOfPage":{"@id":"https:\/\/www.livemag.it\/index.php\/2025\/10\/02\/diabete-in-eta-pediatrica-presentate-le-raccomandazioni-2025\/#primaryimage"},"image":{"@id":"https:\/\/www.livemag.it\/index.php\/2025\/10\/02\/diabete-in-eta-pediatrica-presentate-le-raccomandazioni-2025\/#primaryimage"},"thumbnailUrl":"https:\/\/www.livemag.it\/wp-content\/uploads\/2025\/10\/20251002_2673.jpg","datePublished":"2025-10-02T19:03:00+00:00","breadcrumb":{"@id":"https:\/\/www.livemag.it\/index.php\/2025\/10\/02\/diabete-in-eta-pediatrica-presentate-le-raccomandazioni-2025\/#breadcrumb"},"inLanguage":"it-IT","potentialAction":[{"@type":"ReadAction","target":["https:\/\/www.livemag.it\/index.php\/2025\/10\/02\/diabete-in-eta-pediatrica-presentate-le-raccomandazioni-2025\/"]}]},{"@type":"ImageObject","inLanguage":"it-IT","@id":"https:\/\/www.livemag.it\/index.php\/2025\/10\/02\/diabete-in-eta-pediatrica-presentate-le-raccomandazioni-2025\/#primaryimage","url":"https:\/\/www.livemag.it\/wp-content\/uploads\/2025\/10\/20251002_2673.jpg","contentUrl":"https:\/\/www.livemag.it\/wp-content\/uploads\/2025\/10\/20251002_2673.jpg","width":1790,"height":779},{"@type":"BreadcrumbList","@id":"https:\/\/www.livemag.it\/index.php\/2025\/10\/02\/diabete-in-eta-pediatrica-presentate-le-raccomandazioni-2025\/#breadcrumb","itemListElement":[{"@type":"ListItem","position":1,"name":"Home","item":"https:\/\/www.livemag.it\/"},{"@type":"ListItem","position":2,"name":"Diabete in et\u00e0 pediatrica, presentate le Raccomandazioni 2025"}]},{"@type":"WebSite","@id":"https:\/\/www.livemag.it\/#website","url":"https:\/\/www.livemag.it\/","name":"Live Magazine","description":"Varie ed eventi","publisher":{"@id":"https:\/\/www.livemag.it\/#organization"},"potentialAction":[{"@type":"SearchAction","target":{"@type":"EntryPoint","urlTemplate":"https:\/\/www.livemag.it\/?s={search_term_string}"},"query-input":{"@type":"PropertyValueSpecification","valueRequired":true,"valueName":"search_term_string"}}],"inLanguage":"it-IT"},{"@type":"Organization","@id":"https:\/\/www.livemag.it\/#organization","name":"LiveMag","alternateName":"LiveMag News ed eventi","url":"https:\/\/www.livemag.it\/","logo":{"@type":"ImageObject","inLanguage":"it-IT","@id":"https:\/\/www.livemag.it\/#\/schema\/logo\/image\/","url":"https:\/\/www.livemag.it\/wp-content\/uploads\/2024\/02\/immagine-sito.jpg","contentUrl":"https:\/\/www.livemag.it\/wp-content\/uploads\/2024\/02\/immagine-sito.jpg","width":696,"height":696,"caption":"LiveMag"},"image":{"@id":"https:\/\/www.livemag.it\/#\/schema\/logo\/image\/"},"sameAs":["https:\/\/www.facebook.com\/LiveMag\/","https:\/\/x.com\/LiveNotizie","https:\/\/www.instagram.com\/livemag\/"]},{"@type":"Person","@id":"https:\/\/www.livemag.it\/#\/schema\/person\/b62c5f44451fdcdaeb0afe6c2424e73c","name":"italpress","image":{"@type":"ImageObject","inLanguage":"it-IT","@id":"https:\/\/secure.gravatar.com\/avatar\/b6a21695fc713ce7ee312cf57c97e2e641feb365be72d8745574d3c3e2b59066?s=96&r=g","url":"https:\/\/secure.gravatar.com\/avatar\/b6a21695fc713ce7ee312cf57c97e2e641feb365be72d8745574d3c3e2b59066?s=96&r=g","contentUrl":"https:\/\/secure.gravatar.com\/avatar\/b6a21695fc713ce7ee312cf57c97e2e641feb365be72d8745574d3c3e2b59066?s=96&r=g","caption":"italpress"},"description":"Italpress \u00e8 un'agenzia di stampa italiana a carattere nazionale.","url":"https:\/\/www.livemag.it\/index.php\/author\/italpress\/"}]}},"jetpack_featured_media_url":"https:\/\/www.livemag.it\/wp-content\/uploads\/2025\/10\/20251002_2673.jpg","_links":{"self":[{"href":"https:\/\/www.livemag.it\/index.php\/wp-json\/wp\/v2\/posts\/60196","targetHints":{"allow":["GET"]}}],"collection":[{"href":"https:\/\/www.livemag.it\/index.php\/wp-json\/wp\/v2\/posts"}],"about":[{"href":"https:\/\/www.livemag.it\/index.php\/wp-json\/wp\/v2\/types\/post"}],"author":[{"embeddable":true,"href":"https:\/\/www.livemag.it\/index.php\/wp-json\/wp\/v2\/users\/16"}],"replies":[{"embeddable":true,"href":"https:\/\/www.livemag.it\/index.php\/wp-json\/wp\/v2\/comments?post=60196"}],"version-history":[{"count":0,"href":"https:\/\/www.livemag.it\/index.php\/wp-json\/wp\/v2\/posts\/60196\/revisions"}],"wp:featuredmedia":[{"embeddable":true,"href":"https:\/\/www.livemag.it\/index.php\/wp-json\/wp\/v2\/media\/60197"}],"wp:attachment":[{"href":"https:\/\/www.livemag.it\/index.php\/wp-json\/wp\/v2\/media?parent=60196"}],"wp:term":[{"taxonomy":"category","embeddable":true,"href":"https:\/\/www.livemag.it\/index.php\/wp-json\/wp\/v2\/categories?post=60196"},{"taxonomy":"post_tag","embeddable":true,"href":"https:\/\/www.livemag.it\/index.php\/wp-json\/wp\/v2\/tags?post=60196"}],"curies":[{"name":"wp","href":"https:\/\/api.w.org\/{rel}","templated":true}]}}