{"id":60158,"date":"2025-10-02T15:04:00","date_gmt":"2025-10-02T13:04:00","guid":{"rendered":"https:\/\/www.livemag.it\/index.php\/2025\/10\/02\/flotilla-salvini-a-rischio-un-processo-di-pace-delicato-e-complicato\/"},"modified":"2025-10-02T15:04:00","modified_gmt":"2025-10-02T13:04:00","slug":"flotilla-salvini-a-rischio-un-processo-di-pace-delicato-e-complicato","status":"publish","type":"post","link":"https:\/\/www.livemag.it\/index.php\/2025\/10\/02\/flotilla-salvini-a-rischio-un-processo-di-pace-delicato-e-complicato\/","title":{"rendered":"Flotilla, Salvini \u201cA rischio un processo di pace delicato e complicato\u201d"},"content":{"rendered":"<div>\n<p>ROMA (ITALPRESS) \u2013 <em>\u201cNon sono in contatto con nessuno della Flotilla. Se ne occupano i miei colleghi ministri e lascio a loro il dialogo con persone che stanno mettendo a rischio la propria vita e un processo di pace delicatissimo. Quando, dopo mesi di sangue, di morti, di conflitti e scontri, il presidente Trump invita il premier israeliano e lo convince, magari controvoglia, ad accettare un percorso di pace sostenuto dal Papa, dall\u2019Unione Europea, siamo in attesa dell\u2019ok di Hamas\u201d.<\/em> Cos\u00ec il vicepremier e ministro delle Infrastrutture e dei Trasporti, Matteo <strong>Salvini,<\/strong> a \u201cNon Stop News\u201d, su Rtl 102.5.<\/p>\n<p><em>\u201cQuesto ci spiega il momento storico che stiamo vivendo da parte delle democrazie, che attendono il s\u00ec o il no dei terroristi islamici di Hamas. Facciamocelo andare bene<\/em> \u2013 aggiunge -. <em>Poi ci sono 40 barche a vela che rischiano di far saltare il processo, vi rendete conto della follia? Fino ad ora ci sono state proteste, ma nessuno si \u00e8 fatto male. E\u2019 chiaro che quando si entra in un teatro di guerra ci si espone a dei rischi. Il governo italiano tutela i cittadini. E\u2019 chiaro che la situazione si complica. Stanno mettendo a rischio un processo di pace delicato e complicato. Io, da ministro dei Trasporti, ho il dovere di intervenire sullo sciopero di domani per permettere ai cittadini di andare a scuola, a lavorare, a fare un esame medico che aspettano da sei mesi. Se uno si siede sui binari bloccando dei lavoratori che, dopo ore e ore di turno, vogliono tornare a casa dalla propria famiglia, non sta aiutando Gaza, sta commettendo un reato\u201d.<\/em><\/p>\n<p><em>\u00abIl diritto allo sciopero \u00e8 sacrosanto in un Paese libero come il nostro, ma non lo \u00e8 il diritto al caos o allo sciopero generale a sorpresa. C\u2019\u00e8 una commissione tecnica esterna, non politica, ma di garanzia degli scioperi, che si pronuncer\u00e0 a brevissimo<\/em> \u2013 spiega Salvini in merito allo sciopero generale proclamato per domani da Cgil e Usb -. <em>Vista la normativa, immagino che dichiarer\u00e0 lo sciopero illegittimo. Uno sciopero generale improvviso per motivi politici \u00e8 chiaro ed evidente che non pu\u00f2 essere organizzato con cos\u00ec scarso preavviso. Faremo tutto quello che la legge permette, garantendo il diritto al lavoro, allo studio e la mobilit\u00e0 di 60 milioni di italiani\u00bb.<\/em><\/p>\n<p>\u2013 Foto IPA Agency \u2013<\/p>\n<p>(ITALPRESS).<\/p>\n<\/div>\n","protected":false},"excerpt":{"rendered":"<p>ROMA (ITALPRESS) \u2013 \u201cNon sono in contatto con nessuno della Flotilla. Se ne occupano i miei colleghi ministri e lascio a loro il dialogo con persone che stanno mettendo a rischio la propria vita e un processo di pace delicatissimo. Quando, dopo mesi di sangue, di morti, di conflitti e scontri, il presidente Trump invita [&hellip;]<\/p>\n","protected":false},"author":16,"featured_media":60159,"comment_status":"closed","ping_status":"closed","sticky":false,"template":"","format":"standard","meta":{"jnews-multi-image_gallery":[],"jnews_single_post":[],"jnews_primary_category":[],"jnews_social_meta":[],"jnews_override_counter":[],"jnews_post_split":[],"footnotes":""},"categories":[1129],"tags":[],"class_list":["post-60158","post","type-post","status-publish","format-standard","has-post-thumbnail","hentry","category-mondo"],"yoast_head":"<!-- This site is optimized with the Yoast SEO plugin v27.4 - https:\/\/yoast.com\/product\/yoast-seo-wordpress\/ -->\n<title>Flotilla, Salvini \u201cA rischio un processo di pace delicato e complicato\u201d - Live Magazine<\/title>\n<meta name=\"robots\" content=\"index, follow, max-snippet:-1, max-image-preview:large, max-video-preview:-1\" \/>\n<link rel=\"canonical\" href=\"https:\/\/www.livemag.it\/index.php\/2025\/10\/02\/flotilla-salvini-a-rischio-un-processo-di-pace-delicato-e-complicato\/\" \/>\n<meta property=\"og:locale\" content=\"it_IT\" \/>\n<meta property=\"og:type\" content=\"article\" \/>\n<meta property=\"og:title\" content=\"Flotilla, Salvini \u201cA rischio un processo di pace delicato e complicato\u201d - Live Magazine\" \/>\n<meta property=\"og:description\" content=\"ROMA (ITALPRESS) \u2013 \u201cNon sono in contatto con nessuno della Flotilla. Se ne occupano i miei colleghi ministri e lascio a loro il dialogo con persone che stanno mettendo a rischio la propria vita e un processo di pace delicatissimo. Quando, dopo mesi di sangue, di morti, di conflitti e scontri, il presidente Trump invita [&hellip;]\" \/>\n<meta property=\"og:url\" content=\"https:\/\/www.livemag.it\/index.php\/2025\/10\/02\/flotilla-salvini-a-rischio-un-processo-di-pace-delicato-e-complicato\/\" \/>\n<meta property=\"og:site_name\" content=\"Live Magazine\" \/>\n<meta property=\"article:publisher\" content=\"https:\/\/www.facebook.com\/LiveMag\/\" \/>\n<meta property=\"article:published_time\" content=\"2025-10-02T13:04:00+00:00\" \/>\n<meta property=\"og:image\" content=\"https:\/\/www.livemag.it\/wp-content\/uploads\/2024\/02\/ograph.jpg\" \/>\n\t<meta property=\"og:image:width\" content=\"1200\" \/>\n\t<meta property=\"og:image:height\" content=\"675\" \/>\n\t<meta property=\"og:image:type\" content=\"image\/jpeg\" \/>\n<meta name=\"author\" content=\"italpress\" \/>\n<meta name=\"twitter:card\" content=\"summary_large_image\" \/>\n<meta name=\"twitter:creator\" content=\"@LiveNotizie\" \/>\n<meta name=\"twitter:site\" content=\"@LiveNotizie\" \/>\n<meta name=\"twitter:label1\" content=\"Scritto da\" \/>\n\t<meta name=\"twitter:data1\" content=\"italpress\" \/>\n\t<meta name=\"twitter:label2\" content=\"Tempo di lettura stimato\" \/>\n\t<meta name=\"twitter:data2\" content=\"2 minuti\" \/>\n<script type=\"application\/ld+json\" class=\"yoast-schema-graph\">{\"@context\":\"https:\\\/\\\/schema.org\",\"@graph\":[{\"@type\":\"Article\",\"@id\":\"https:\\\/\\\/www.livemag.it\\\/index.php\\\/2025\\\/10\\\/02\\\/flotilla-salvini-a-rischio-un-processo-di-pace-delicato-e-complicato\\\/#article\",\"isPartOf\":{\"@id\":\"https:\\\/\\\/www.livemag.it\\\/index.php\\\/2025\\\/10\\\/02\\\/flotilla-salvini-a-rischio-un-processo-di-pace-delicato-e-complicato\\\/\"},\"author\":{\"name\":\"italpress\",\"@id\":\"https:\\\/\\\/www.livemag.it\\\/#\\\/schema\\\/person\\\/b62c5f44451fdcdaeb0afe6c2424e73c\"},\"headline\":\"Flotilla, Salvini \u201cA rischio un processo di pace delicato e complicato\u201d\",\"datePublished\":\"2025-10-02T13:04:00+00:00\",\"mainEntityOfPage\":{\"@id\":\"https:\\\/\\\/www.livemag.it\\\/index.php\\\/2025\\\/10\\\/02\\\/flotilla-salvini-a-rischio-un-processo-di-pace-delicato-e-complicato\\\/\"},\"wordCount\":386,\"publisher\":{\"@id\":\"https:\\\/\\\/www.livemag.it\\\/#organization\"},\"image\":{\"@id\":\"https:\\\/\\\/www.livemag.it\\\/index.php\\\/2025\\\/10\\\/02\\\/flotilla-salvini-a-rischio-un-processo-di-pace-delicato-e-complicato\\\/#primaryimage\"},\"thumbnailUrl\":\"https:\\\/\\\/www.livemag.it\\\/wp-content\\\/uploads\\\/2025\\\/10\\\/20251002_0381.jpg\",\"articleSection\":[\"Mondo\"],\"inLanguage\":\"it-IT\"},{\"@type\":\"WebPage\",\"@id\":\"https:\\\/\\\/www.livemag.it\\\/index.php\\\/2025\\\/10\\\/02\\\/flotilla-salvini-a-rischio-un-processo-di-pace-delicato-e-complicato\\\/\",\"url\":\"https:\\\/\\\/www.livemag.it\\\/index.php\\\/2025\\\/10\\\/02\\\/flotilla-salvini-a-rischio-un-processo-di-pace-delicato-e-complicato\\\/\",\"name\":\"Flotilla, Salvini \u201cA rischio un processo di pace delicato e complicato\u201d - Live Magazine\",\"isPartOf\":{\"@id\":\"https:\\\/\\\/www.livemag.it\\\/#website\"},\"primaryImageOfPage\":{\"@id\":\"https:\\\/\\\/www.livemag.it\\\/index.php\\\/2025\\\/10\\\/02\\\/flotilla-salvini-a-rischio-un-processo-di-pace-delicato-e-complicato\\\/#primaryimage\"},\"image\":{\"@id\":\"https:\\\/\\\/www.livemag.it\\\/index.php\\\/2025\\\/10\\\/02\\\/flotilla-salvini-a-rischio-un-processo-di-pace-delicato-e-complicato\\\/#primaryimage\"},\"thumbnailUrl\":\"https:\\\/\\\/www.livemag.it\\\/wp-content\\\/uploads\\\/2025\\\/10\\\/20251002_0381.jpg\",\"datePublished\":\"2025-10-02T13:04:00+00:00\",\"breadcrumb\":{\"@id\":\"https:\\\/\\\/www.livemag.it\\\/index.php\\\/2025\\\/10\\\/02\\\/flotilla-salvini-a-rischio-un-processo-di-pace-delicato-e-complicato\\\/#breadcrumb\"},\"inLanguage\":\"it-IT\",\"potentialAction\":[{\"@type\":\"ReadAction\",\"target\":[\"https:\\\/\\\/www.livemag.it\\\/index.php\\\/2025\\\/10\\\/02\\\/flotilla-salvini-a-rischio-un-processo-di-pace-delicato-e-complicato\\\/\"]}]},{\"@type\":\"ImageObject\",\"inLanguage\":\"it-IT\",\"@id\":\"https:\\\/\\\/www.livemag.it\\\/index.php\\\/2025\\\/10\\\/02\\\/flotilla-salvini-a-rischio-un-processo-di-pace-delicato-e-complicato\\\/#primaryimage\",\"url\":\"https:\\\/\\\/www.livemag.it\\\/wp-content\\\/uploads\\\/2025\\\/10\\\/20251002_0381.jpg\",\"contentUrl\":\"https:\\\/\\\/www.livemag.it\\\/wp-content\\\/uploads\\\/2025\\\/10\\\/20251002_0381.jpg\",\"width\":1200,\"height\":799},{\"@type\":\"BreadcrumbList\",\"@id\":\"https:\\\/\\\/www.livemag.it\\\/index.php\\\/2025\\\/10\\\/02\\\/flotilla-salvini-a-rischio-un-processo-di-pace-delicato-e-complicato\\\/#breadcrumb\",\"itemListElement\":[{\"@type\":\"ListItem\",\"position\":1,\"name\":\"Home\",\"item\":\"https:\\\/\\\/www.livemag.it\\\/\"},{\"@type\":\"ListItem\",\"position\":2,\"name\":\"Flotilla, Salvini \u201cA rischio un processo di pace delicato e complicato\u201d\"}]},{\"@type\":\"WebSite\",\"@id\":\"https:\\\/\\\/www.livemag.it\\\/#website\",\"url\":\"https:\\\/\\\/www.livemag.it\\\/\",\"name\":\"Live Magazine\",\"description\":\"Varie ed eventi\",\"publisher\":{\"@id\":\"https:\\\/\\\/www.livemag.it\\\/#organization\"},\"potentialAction\":[{\"@type\":\"SearchAction\",\"target\":{\"@type\":\"EntryPoint\",\"urlTemplate\":\"https:\\\/\\\/www.livemag.it\\\/?s={search_term_string}\"},\"query-input\":{\"@type\":\"PropertyValueSpecification\",\"valueRequired\":true,\"valueName\":\"search_term_string\"}}],\"inLanguage\":\"it-IT\"},{\"@type\":\"Organization\",\"@id\":\"https:\\\/\\\/www.livemag.it\\\/#organization\",\"name\":\"LiveMag\",\"alternateName\":\"LiveMag News ed eventi\",\"url\":\"https:\\\/\\\/www.livemag.it\\\/\",\"logo\":{\"@type\":\"ImageObject\",\"inLanguage\":\"it-IT\",\"@id\":\"https:\\\/\\\/www.livemag.it\\\/#\\\/schema\\\/logo\\\/image\\\/\",\"url\":\"https:\\\/\\\/www.livemag.it\\\/wp-content\\\/uploads\\\/2024\\\/02\\\/immagine-sito.jpg\",\"contentUrl\":\"https:\\\/\\\/www.livemag.it\\\/wp-content\\\/uploads\\\/2024\\\/02\\\/immagine-sito.jpg\",\"width\":696,\"height\":696,\"caption\":\"LiveMag\"},\"image\":{\"@id\":\"https:\\\/\\\/www.livemag.it\\\/#\\\/schema\\\/logo\\\/image\\\/\"},\"sameAs\":[\"https:\\\/\\\/www.facebook.com\\\/LiveMag\\\/\",\"https:\\\/\\\/x.com\\\/LiveNotizie\",\"https:\\\/\\\/www.instagram.com\\\/livemag\\\/\"]},{\"@type\":\"Person\",\"@id\":\"https:\\\/\\\/www.livemag.it\\\/#\\\/schema\\\/person\\\/b62c5f44451fdcdaeb0afe6c2424e73c\",\"name\":\"italpress\",\"image\":{\"@type\":\"ImageObject\",\"inLanguage\":\"it-IT\",\"@id\":\"https:\\\/\\\/secure.gravatar.com\\\/avatar\\\/b6a21695fc713ce7ee312cf57c97e2e641feb365be72d8745574d3c3e2b59066?s=96&r=g\",\"url\":\"https:\\\/\\\/secure.gravatar.com\\\/avatar\\\/b6a21695fc713ce7ee312cf57c97e2e641feb365be72d8745574d3c3e2b59066?s=96&r=g\",\"contentUrl\":\"https:\\\/\\\/secure.gravatar.com\\\/avatar\\\/b6a21695fc713ce7ee312cf57c97e2e641feb365be72d8745574d3c3e2b59066?s=96&r=g\",\"caption\":\"italpress\"},\"description\":\"Italpress \u00e8 un'agenzia di stampa italiana a carattere nazionale.\",\"url\":\"https:\\\/\\\/www.livemag.it\\\/index.php\\\/author\\\/italpress\\\/\"}]}<\/script>\n<!-- \/ Yoast SEO plugin. -->","yoast_head_json":{"title":"Flotilla, Salvini \u201cA rischio un processo di pace delicato e complicato\u201d - Live Magazine","robots":{"index":"index","follow":"follow","max-snippet":"max-snippet:-1","max-image-preview":"max-image-preview:large","max-video-preview":"max-video-preview:-1"},"canonical":"https:\/\/www.livemag.it\/index.php\/2025\/10\/02\/flotilla-salvini-a-rischio-un-processo-di-pace-delicato-e-complicato\/","og_locale":"it_IT","og_type":"article","og_title":"Flotilla, Salvini \u201cA rischio un processo di pace delicato e complicato\u201d - Live Magazine","og_description":"ROMA (ITALPRESS) \u2013 \u201cNon sono in contatto con nessuno della Flotilla. Se ne occupano i miei colleghi ministri e lascio a loro il dialogo con persone che stanno mettendo a rischio la propria vita e un processo di pace delicatissimo. Quando, dopo mesi di sangue, di morti, di conflitti e scontri, il presidente Trump invita [&hellip;]","og_url":"https:\/\/www.livemag.it\/index.php\/2025\/10\/02\/flotilla-salvini-a-rischio-un-processo-di-pace-delicato-e-complicato\/","og_site_name":"Live Magazine","article_publisher":"https:\/\/www.facebook.com\/LiveMag\/","article_published_time":"2025-10-02T13:04:00+00:00","og_image":[{"width":1200,"height":675,"url":"https:\/\/www.livemag.it\/wp-content\/uploads\/2024\/02\/ograph.jpg","type":"image\/jpeg"}],"author":"italpress","twitter_card":"summary_large_image","twitter_creator":"@LiveNotizie","twitter_site":"@LiveNotizie","twitter_misc":{"Scritto da":"italpress","Tempo di lettura stimato":"2 minuti"},"schema":{"@context":"https:\/\/schema.org","@graph":[{"@type":"Article","@id":"https:\/\/www.livemag.it\/index.php\/2025\/10\/02\/flotilla-salvini-a-rischio-un-processo-di-pace-delicato-e-complicato\/#article","isPartOf":{"@id":"https:\/\/www.livemag.it\/index.php\/2025\/10\/02\/flotilla-salvini-a-rischio-un-processo-di-pace-delicato-e-complicato\/"},"author":{"name":"italpress","@id":"https:\/\/www.livemag.it\/#\/schema\/person\/b62c5f44451fdcdaeb0afe6c2424e73c"},"headline":"Flotilla, Salvini \u201cA rischio un processo di pace delicato e complicato\u201d","datePublished":"2025-10-02T13:04:00+00:00","mainEntityOfPage":{"@id":"https:\/\/www.livemag.it\/index.php\/2025\/10\/02\/flotilla-salvini-a-rischio-un-processo-di-pace-delicato-e-complicato\/"},"wordCount":386,"publisher":{"@id":"https:\/\/www.livemag.it\/#organization"},"image":{"@id":"https:\/\/www.livemag.it\/index.php\/2025\/10\/02\/flotilla-salvini-a-rischio-un-processo-di-pace-delicato-e-complicato\/#primaryimage"},"thumbnailUrl":"https:\/\/www.livemag.it\/wp-content\/uploads\/2025\/10\/20251002_0381.jpg","articleSection":["Mondo"],"inLanguage":"it-IT"},{"@type":"WebPage","@id":"https:\/\/www.livemag.it\/index.php\/2025\/10\/02\/flotilla-salvini-a-rischio-un-processo-di-pace-delicato-e-complicato\/","url":"https:\/\/www.livemag.it\/index.php\/2025\/10\/02\/flotilla-salvini-a-rischio-un-processo-di-pace-delicato-e-complicato\/","name":"Flotilla, Salvini \u201cA rischio un processo di pace delicato e complicato\u201d - Live Magazine","isPartOf":{"@id":"https:\/\/www.livemag.it\/#website"},"primaryImageOfPage":{"@id":"https:\/\/www.livemag.it\/index.php\/2025\/10\/02\/flotilla-salvini-a-rischio-un-processo-di-pace-delicato-e-complicato\/#primaryimage"},"image":{"@id":"https:\/\/www.livemag.it\/index.php\/2025\/10\/02\/flotilla-salvini-a-rischio-un-processo-di-pace-delicato-e-complicato\/#primaryimage"},"thumbnailUrl":"https:\/\/www.livemag.it\/wp-content\/uploads\/2025\/10\/20251002_0381.jpg","datePublished":"2025-10-02T13:04:00+00:00","breadcrumb":{"@id":"https:\/\/www.livemag.it\/index.php\/2025\/10\/02\/flotilla-salvini-a-rischio-un-processo-di-pace-delicato-e-complicato\/#breadcrumb"},"inLanguage":"it-IT","potentialAction":[{"@type":"ReadAction","target":["https:\/\/www.livemag.it\/index.php\/2025\/10\/02\/flotilla-salvini-a-rischio-un-processo-di-pace-delicato-e-complicato\/"]}]},{"@type":"ImageObject","inLanguage":"it-IT","@id":"https:\/\/www.livemag.it\/index.php\/2025\/10\/02\/flotilla-salvini-a-rischio-un-processo-di-pace-delicato-e-complicato\/#primaryimage","url":"https:\/\/www.livemag.it\/wp-content\/uploads\/2025\/10\/20251002_0381.jpg","contentUrl":"https:\/\/www.livemag.it\/wp-content\/uploads\/2025\/10\/20251002_0381.jpg","width":1200,"height":799},{"@type":"BreadcrumbList","@id":"https:\/\/www.livemag.it\/index.php\/2025\/10\/02\/flotilla-salvini-a-rischio-un-processo-di-pace-delicato-e-complicato\/#breadcrumb","itemListElement":[{"@type":"ListItem","position":1,"name":"Home","item":"https:\/\/www.livemag.it\/"},{"@type":"ListItem","position":2,"name":"Flotilla, Salvini \u201cA rischio un processo di pace delicato e complicato\u201d"}]},{"@type":"WebSite","@id":"https:\/\/www.livemag.it\/#website","url":"https:\/\/www.livemag.it\/","name":"Live Magazine","description":"Varie ed eventi","publisher":{"@id":"https:\/\/www.livemag.it\/#organization"},"potentialAction":[{"@type":"SearchAction","target":{"@type":"EntryPoint","urlTemplate":"https:\/\/www.livemag.it\/?s={search_term_string}"},"query-input":{"@type":"PropertyValueSpecification","valueRequired":true,"valueName":"search_term_string"}}],"inLanguage":"it-IT"},{"@type":"Organization","@id":"https:\/\/www.livemag.it\/#organization","name":"LiveMag","alternateName":"LiveMag News ed eventi","url":"https:\/\/www.livemag.it\/","logo":{"@type":"ImageObject","inLanguage":"it-IT","@id":"https:\/\/www.livemag.it\/#\/schema\/logo\/image\/","url":"https:\/\/www.livemag.it\/wp-content\/uploads\/2024\/02\/immagine-sito.jpg","contentUrl":"https:\/\/www.livemag.it\/wp-content\/uploads\/2024\/02\/immagine-sito.jpg","width":696,"height":696,"caption":"LiveMag"},"image":{"@id":"https:\/\/www.livemag.it\/#\/schema\/logo\/image\/"},"sameAs":["https:\/\/www.facebook.com\/LiveMag\/","https:\/\/x.com\/LiveNotizie","https:\/\/www.instagram.com\/livemag\/"]},{"@type":"Person","@id":"https:\/\/www.livemag.it\/#\/schema\/person\/b62c5f44451fdcdaeb0afe6c2424e73c","name":"italpress","image":{"@type":"ImageObject","inLanguage":"it-IT","@id":"https:\/\/secure.gravatar.com\/avatar\/b6a21695fc713ce7ee312cf57c97e2e641feb365be72d8745574d3c3e2b59066?s=96&r=g","url":"https:\/\/secure.gravatar.com\/avatar\/b6a21695fc713ce7ee312cf57c97e2e641feb365be72d8745574d3c3e2b59066?s=96&r=g","contentUrl":"https:\/\/secure.gravatar.com\/avatar\/b6a21695fc713ce7ee312cf57c97e2e641feb365be72d8745574d3c3e2b59066?s=96&r=g","caption":"italpress"},"description":"Italpress \u00e8 un'agenzia di stampa italiana a carattere nazionale.","url":"https:\/\/www.livemag.it\/index.php\/author\/italpress\/"}]}},"jetpack_featured_media_url":"https:\/\/www.livemag.it\/wp-content\/uploads\/2025\/10\/20251002_0381.jpg","_links":{"self":[{"href":"https:\/\/www.livemag.it\/index.php\/wp-json\/wp\/v2\/posts\/60158","targetHints":{"allow":["GET"]}}],"collection":[{"href":"https:\/\/www.livemag.it\/index.php\/wp-json\/wp\/v2\/posts"}],"about":[{"href":"https:\/\/www.livemag.it\/index.php\/wp-json\/wp\/v2\/types\/post"}],"author":[{"embeddable":true,"href":"https:\/\/www.livemag.it\/index.php\/wp-json\/wp\/v2\/users\/16"}],"replies":[{"embeddable":true,"href":"https:\/\/www.livemag.it\/index.php\/wp-json\/wp\/v2\/comments?post=60158"}],"version-history":[{"count":0,"href":"https:\/\/www.livemag.it\/index.php\/wp-json\/wp\/v2\/posts\/60158\/revisions"}],"wp:featuredmedia":[{"embeddable":true,"href":"https:\/\/www.livemag.it\/index.php\/wp-json\/wp\/v2\/media\/60159"}],"wp:attachment":[{"href":"https:\/\/www.livemag.it\/index.php\/wp-json\/wp\/v2\/media?parent=60158"}],"wp:term":[{"taxonomy":"category","embeddable":true,"href":"https:\/\/www.livemag.it\/index.php\/wp-json\/wp\/v2\/categories?post=60158"},{"taxonomy":"post_tag","embeddable":true,"href":"https:\/\/www.livemag.it\/index.php\/wp-json\/wp\/v2\/tags?post=60158"}],"curies":[{"name":"wp","href":"https:\/\/api.w.org\/{rel}","templated":true}]}}